{"id":25212,"date":"2025-01-14T07:33:00","date_gmt":"2025-01-14T04:33:00","guid":{"rendered":"https:\/\/denizcankizil.tr\/uncategorized-tr\/idare-ve-vergi-mahkemelerinin-kurulmasina-ve-yargi-cevrelerinin-belirlenmesine-iliskin-karar\/"},"modified":"2025-01-14T07:33:00","modified_gmt":"2025-01-14T04:33:00","slug":"idare-ve-vergi-mahkemelerinin-kurulmasina-ve-yargi-cevrelerinin-belirlenmesine-iliskin-karar","status":"publish","type":"post","link":"http:\/\/denizcankizil.tr\/de\/hukukihaber\/idare-ve-vergi-mahkemelerinin-kurulmasina-ve-yargi-cevrelerinin-belirlenmesine-iliskin-karar\/","title":{"rendered":"\u0130dare ve Vergi Mahkemelerinin Kurulmas\u0131na ve Yarg\u0131 \u00c7evrelerinin Belirlenmesine \u0130li\u015fkin Karar"},"content":{"rendered":"<p>Adalet Bakan\u0131 Y\u0131lmaz Tun\u00e7, sosyal medya hesab\u0131ndan yapt\u0131\u011f\u0131 a\u00e7\u0131klamad\u0131, idare ve vergi mahkemelerinin kurulmas\u0131na ve yarg\u0131 \u00e7evrelerinin belirlenmesine ili\u015fkin karar\u0131n Resmi Gazete&#8217;de yay\u0131mland\u0131\u011f\u0131 bilgisini payla\u015ft\u0131.<\/p>\n<p>Bakan Tun\u00e7 payla\u015f\u0131m\u0131nda, &#8220;\u00dclke genelinde idare ve vergi mahkemesi kurulu bulunmayan iller y\u00f6n\u00fcnden b\u00f6lgelerin co\u011frafi durumlar\u0131n\u0131 ve i\u015f hacmini dikkate alarak yapt\u0131\u011f\u0131m\u0131z \u00e7al\u0131\u015fmalar sonucunda; Ni\u011fde, \u015e\u0131rnak, Tunceli ve Yalova illerimizde idare mahkemesi, A\u011fr\u0131 ve \u015e\u0131rnak illerimizde vergi mahkemesi kurulma karar\u0131 Resmi Gazete\u2019de yay\u0131mlanarak y\u00fcr\u00fcrl\u00fc\u011fe girmi\u015ftir. Yeni kurulan mahkemelerle birlikte idare mahkemesi kurulu il say\u0131s\u0131n\u0131 65\u2019e, vergi mahkemesi kurulu il say\u0131s\u0131n\u0131 ise 38\u2019e y\u00fckseltmi\u015f olduk. Yeni kurulan mahkemelerimizin \u00fclkemize, milletimize ve yarg\u0131 te\u015fkilat\u0131m\u0131za hay\u0131rl\u0131 olmas\u0131n\u0131 diliyorum&#8221; ifadelerini kulland\u0131.<\/p>\n<p>\u200b\u0130dare ve Vergi Mahkemelerinin Kurulmas\u0131na ve Yarg\u0131 \u00c7evrelerinin Belirlenmesine \u0130li\u015fkin Karar, 14 Ocak 2025 Tarihli ve 32782 Say\u0131l\u0131 Resm\u00ee Gazete&#8217;de yay\u0131mland\u0131.\u00a0Hukuki Haber<\/p>","protected":false},"excerpt":{"rendered":"<p>Adalet Bakan\u0131 Y\u0131lmaz Tun\u00e7, sosyal medya hesab\u0131ndan yapt\u0131\u011f\u0131 a\u00e7\u0131klamad\u0131, idare ve vergi mahkemelerinin kurulmas\u0131na ve yarg\u0131 \u00e7evrelerinin belirlenmesine ili\u015fkin karar\u0131n Resmi Gazete&#8217;de yay\u0131mland\u0131\u011f\u0131 bilgisini payla\u015ft\u0131. Bakan Tun\u00e7 payla\u015f\u0131m\u0131nda, &#8220;\u00dclke genelinde idare ve vergi mahkemesi kurulu bulunmayan iller y\u00f6n\u00fcnden b\u00f6lgelerin co\u011frafi durumlar\u0131n\u0131 ve i\u015f hacmini dikkate alarak yapt\u0131\u011f\u0131m\u0131z \u00e7al\u0131\u015fmalar sonucunda; Ni\u011fde, \u015e\u0131rnak, Tunceli ve Yalova illerimizde idare mahkemesi, A\u011fr\u0131 ve \u015e\u0131rnak illerimizde vergi mahkemesi kurulma karar\u0131 Resmi Gazete\u2019de yay\u0131mlanarak y\u00fcr\u00fcrl\u00fc\u011fe girmi\u015ftir. Yeni kurulan mahkemelerle birlikte idare mahkemesi kurulu il say\u0131s\u0131n\u0131 65\u2019e, vergi mahkemesi kurulu il say\u0131s\u0131n\u0131 ise 38\u2019e y\u00fckseltmi\u015f olduk. Yeni kurulan mahkemelerimizin \u00fclkemize, milletimize ve yarg\u0131 te\u015fkilat\u0131m\u0131za hay\u0131rl\u0131 olmas\u0131n\u0131 diliyorum&#8221; ifadelerini kulland\u0131. \u200b\u0130dare ve Vergi Mahkemelerinin Kurulmas\u0131na ve Yarg\u0131 \u00c7evrelerinin Belirlenmesine \u0130li\u015fkin Karar, 14 Ocak 2025 Tarihli ve 32782 Say\u0131l\u0131 Resm\u00ee Gazete&#8217;de yay\u0131mland\u0131.\u00a0Hukuki Haber<\/p>","protected":false},"author":3,"featured_media":0,"comment_status":"open","ping_status":"open","sticky":false,"template":"","format":"standard","meta":{"_acf_changed":false,"footnotes":""},"categories":[27],"tags":[],"class_list":["post-25212","post","type-post","status-publish","format-standard","has-post-thumbnail","hentry","category-hukukihaber"],"acf":[],"yoast_head":"<!-- This site is optimized with the Yoast SEO Premium plugin v26.6 (Yoast SEO v27.1.1) - https:\/\/yoast.com\/product\/yoast-seo-premium-wordpress\/ -->\n<title>\u0130dare ve Vergi Mahkemelerinin Kurulmas\u0131na ve Yarg\u0131 \u00c7evrelerinin Belirlenmesine \u0130li\u015fkin Karar - Av. Deniz Can K\u0131z\u0131l<\/title>\n<meta name=\"robots\" content=\"index, follow, max-snippet:-1, max-image-preview:large, max-video-preview:-1\" \/>\n<link rel=\"canonical\" href=\"https:\/\/denizcankizil.tr\/de\/hukukihaber\/idare-ve-vergi-mahkemelerinin-kurulmasina-ve-yargi-cevrelerinin-belirlenmesine-iliskin-karar\/\" \/>\n<meta property=\"og:locale\" content=\"de_DE\" \/>\n<meta property=\"og:type\" content=\"article\" \/>\n<meta property=\"og:title\" content=\"\u0130dare ve Vergi Mahkemelerinin Kurulmas\u0131na ve Yarg\u0131 \u00c7evrelerinin Belirlenmesine \u0130li\u015fkin Karar\" \/>\n<meta property=\"og:description\" content=\"Adalet Bakan\u0131 Y\u0131lmaz Tun\u00e7, sosyal medya hesab\u0131ndan yapt\u0131\u011f\u0131 a\u00e7\u0131klamad\u0131, idare ve vergi mahkemelerinin kurulmas\u0131na ve yarg\u0131 \u00e7evrelerinin belirlenmesine ili\u015fkin karar\u0131n Resmi Gazete&#8217;de yay\u0131mland\u0131\u011f\u0131 bilgisini payla\u015ft\u0131. Bakan Tun\u00e7 payla\u015f\u0131m\u0131nda, &#8220;\u00dclke genelinde idare ve vergi mahkemesi kurulu bulunmayan iller y\u00f6n\u00fcnden b\u00f6lgelerin co\u011frafi durumlar\u0131n\u0131 ve i\u015f hacmini dikkate alarak yapt\u0131\u011f\u0131m\u0131z \u00e7al\u0131\u015fmalar sonucunda; Ni\u011fde, \u015e\u0131rnak, Tunceli ve Yalova illerimizde idare mahkemesi, A\u011fr\u0131 ve \u015e\u0131rnak illerimizde vergi mahkemesi kurulma karar\u0131 Resmi Gazete\u2019de yay\u0131mlanarak y\u00fcr\u00fcrl\u00fc\u011fe girmi\u015ftir. Yeni kurulan mahkemelerle birlikte idare mahkemesi kurulu il say\u0131s\u0131n\u0131 65\u2019e, vergi mahkemesi kurulu il say\u0131s\u0131n\u0131 ise 38\u2019e y\u00fckseltmi\u015f olduk. Yeni kurulan mahkemelerimizin \u00fclkemize, milletimize ve yarg\u0131 te\u015fkilat\u0131m\u0131za hay\u0131rl\u0131 olmas\u0131n\u0131 diliyorum&#8221; ifadelerini kulland\u0131. \u200b\u0130dare ve Vergi Mahkemelerinin Kurulmas\u0131na ve Yarg\u0131 \u00c7evrelerinin Belirlenmesine \u0130li\u015fkin Karar, 14 Ocak 2025 Tarihli ve 32782 Say\u0131l\u0131 Resm\u00ee Gazete&#8217;de yay\u0131mland\u0131.\u00a0Hukuki Haber\" \/>\n<meta property=\"og:url\" content=\"https:\/\/denizcankizil.tr\/de\/hukukihaber\/idare-ve-vergi-mahkemelerinin-kurulmasina-ve-yargi-cevrelerinin-belirlenmesine-iliskin-karar\/\" \/>\n<meta property=\"og:site_name\" content=\"Av. Deniz Can K\u0131z\u0131l\" \/>\n<meta property=\"article:published_time\" content=\"2025-01-14T04:33:00+00:00\" \/>\n<meta name=\"author\" content=\"Hukuki Haber.net\" \/>\n<meta name=\"twitter:card\" content=\"summary_large_image\" \/>\n<meta name=\"twitter:label1\" content=\"Verfasst von\" \/>\n\t<meta name=\"twitter:data1\" content=\"Hukuki Haber.net\" \/>\n\t<meta name=\"twitter:label2\" content=\"Gesch\u00e4tzte Lesezeit\" \/>\n\t<meta name=\"twitter:data2\" content=\"1\u00a0Minute\" \/>\n<script type=\"application\/ld+json\" class=\"yoast-schema-graph\">{\"@context\":\"https:\/\/schema.org\",\"@graph\":[{\"@type\":\"Article\",\"@id\":\"https:\/\/denizcankizil.tr\/en\/hukukihaber\/idare-ve-vergi-mahkemelerinin-kurulmasina-ve-yargi-cevrelerinin-belirlenmesine-iliskin-karar\/#article\",\"isPartOf\":{\"@id\":\"https:\/\/denizcankizil.tr\/en\/hukukihaber\/idare-ve-vergi-mahkemelerinin-kurulmasina-ve-yargi-cevrelerinin-belirlenmesine-iliskin-karar\/\"},\"author\":{\"name\":\"Hukuki Haber.net\",\"@id\":\"https:\/\/denizcankizil.tr\/#\/schema\/person\/001a271de994a0aa3f90eea084424822\"},\"headline\":\"\u0130dare ve Vergi Mahkemelerinin Kurulmas\u0131na ve Yarg\u0131 \u00c7evrelerinin Belirlenmesine \u0130li\u015fkin Karar\",\"datePublished\":\"2025-01-14T04:33:00+00:00\",\"mainEntityOfPage\":{\"@id\":\"https:\/\/denizcankizil.tr\/en\/hukukihaber\/idare-ve-vergi-mahkemelerinin-kurulmasina-ve-yargi-cevrelerinin-belirlenmesine-iliskin-karar\/\"},\"wordCount\":177,\"commentCount\":0,\"publisher\":{\"@id\":\"https:\/\/denizcankizil.tr\/#organization\"},\"articleSection\":[\"Hukuki Haberler\"],\"inLanguage\":\"de\",\"potentialAction\":[{\"@type\":\"CommentAction\",\"name\":\"Comment\",\"target\":[\"https:\/\/denizcankizil.tr\/en\/hukukihaber\/idare-ve-vergi-mahkemelerinin-kurulmasina-ve-yargi-cevrelerinin-belirlenmesine-iliskin-karar\/#respond\"]}]},{\"@type\":\"WebPage\",\"@id\":\"https:\/\/denizcankizil.tr\/en\/hukukihaber\/idare-ve-vergi-mahkemelerinin-kurulmasina-ve-yargi-cevrelerinin-belirlenmesine-iliskin-karar\/\",\"url\":\"https:\/\/denizcankizil.tr\/en\/hukukihaber\/idare-ve-vergi-mahkemelerinin-kurulmasina-ve-yargi-cevrelerinin-belirlenmesine-iliskin-karar\/\",\"name\":\"\u0130dare ve Vergi Mahkemelerinin Kurulmas\u0131na ve Yarg\u0131 \u00c7evrelerinin Belirlenmesine \u0130li\u015fkin Karar - Av. Deniz Can K\u0131z\u0131l\",\"isPartOf\":{\"@id\":\"https:\/\/denizcankizil.tr\/#website\"},\"datePublished\":\"2025-01-14T04:33:00+00:00\",\"breadcrumb\":{\"@id\":\"https:\/\/denizcankizil.tr\/en\/hukukihaber\/idare-ve-vergi-mahkemelerinin-kurulmasina-ve-yargi-cevrelerinin-belirlenmesine-iliskin-karar\/#breadcrumb\"},\"inLanguage\":\"de\",\"potentialAction\":[{\"@type\":\"ReadAction\",\"target\":[\"https:\/\/denizcankizil.tr\/en\/hukukihaber\/idare-ve-vergi-mahkemelerinin-kurulmasina-ve-yargi-cevrelerinin-belirlenmesine-iliskin-karar\/\"]}]},{\"@type\":\"BreadcrumbList\",\"@id\":\"https:\/\/denizcankizil.tr\/en\/hukukihaber\/idare-ve-vergi-mahkemelerinin-kurulmasina-ve-yargi-cevrelerinin-belirlenmesine-iliskin-karar\/#breadcrumb\",\"itemListElement\":[{\"@type\":\"ListItem\",\"position\":1,\"name\":\"Home\",\"item\":\"https:\/\/denizcankizil.tr\/de\/\"},{\"@type\":\"ListItem\",\"position\":2,\"name\":\"\u0130dare ve Vergi Mahkemelerinin Kurulmas\u0131na ve Yarg\u0131 \u00c7evrelerinin Belirlenmesine \u0130li\u015fkin Karar\"}]},{\"@type\":\"WebSite\",\"@id\":\"https:\/\/denizcankizil.tr\/#website\",\"url\":\"https:\/\/denizcankizil.tr\/\",\"name\":\"Av. Deniz Can K\u0131z\u0131l\",\"description\":\"Avukat Deniz Can K\u0131z\u0131l Antalya Barosu\",\"publisher\":{\"@id\":\"https:\/\/denizcankizil.tr\/#organization\"},\"potentialAction\":[{\"@type\":\"SearchAction\",\"target\":{\"@type\":\"EntryPoint\",\"urlTemplate\":\"https:\/\/denizcankizil.tr\/?s={search_term_string}\"},\"query-input\":{\"@type\":\"PropertyValueSpecification\",\"valueRequired\":true,\"valueName\":\"search_term_string\"}}],\"inLanguage\":\"de\"},{\"@type\":\"Organization\",\"@id\":\"https:\/\/denizcankizil.tr\/#organization\",\"name\":\"Av. Deniz Can K\u0131z\u0131l\",\"url\":\"https:\/\/denizcankizil.tr\/\",\"logo\":{\"@type\":\"ImageObject\",\"inLanguage\":\"de\",\"@id\":\"https:\/\/denizcankizil.tr\/#\/schema\/logo\/image\/\",\"url\":\"http:\/\/denizcankizil.tr\/wp-content\/uploads\/2024\/10\/siyah-logo-svg.svg\",\"contentUrl\":\"http:\/\/denizcankizil.tr\/wp-content\/uploads\/2024\/10\/siyah-logo-svg.svg\",\"width\":1080,\"height\":1080,\"caption\":\"Av. Deniz Can K\u0131z\u0131l\"},\"image\":{\"@id\":\"https:\/\/denizcankizil.tr\/#\/schema\/logo\/image\/\"}},{\"@type\":\"Person\",\"@id\":\"https:\/\/denizcankizil.tr\/#\/schema\/person\/001a271de994a0aa3f90eea084424822\",\"name\":\"Hukuki Haber.net\",\"image\":{\"@type\":\"ImageObject\",\"inLanguage\":\"de\",\"@id\":\"https:\/\/denizcankizil.tr\/#\/schema\/person\/image\/\",\"url\":\"https:\/\/secure.gravatar.com\/avatar\/57d8a49151495586611a149d29fc42865b951dc053a84709a3172ccb5abf3118?s=96&d=mm&r=g\",\"contentUrl\":\"https:\/\/secure.gravatar.com\/avatar\/57d8a49151495586611a149d29fc42865b951dc053a84709a3172ccb5abf3118?s=96&d=mm&r=g\",\"caption\":\"Hukuki Haber.net\"},\"sameAs\":[\"http:\/\/www.hukukihaber.net\"],\"url\":\"https:\/\/www.hukukihaber.net\/idare-ve-vergi-mahkemelerinin-kurulmasina-ve-yargi-cevrelerinin-belirlenmesine-iliskin-karar\"}]}<\/script>\n<!-- \/ Yoast SEO Premium plugin. -->","yoast_head_json":{"title":"\u0130dare ve Vergi Mahkemelerinin Kurulmas\u0131na ve Yarg\u0131 \u00c7evrelerinin Belirlenmesine \u0130li\u015fkin Karar - Av. Deniz Can K\u0131z\u0131l","robots":{"index":"index","follow":"follow","max-snippet":"max-snippet:-1","max-image-preview":"max-image-preview:large","max-video-preview":"max-video-preview:-1"},"canonical":"https:\/\/denizcankizil.tr\/de\/hukukihaber\/idare-ve-vergi-mahkemelerinin-kurulmasina-ve-yargi-cevrelerinin-belirlenmesine-iliskin-karar\/","og_locale":"de_DE","og_type":"article","og_title":"\u0130dare ve Vergi Mahkemelerinin Kurulmas\u0131na ve Yarg\u0131 \u00c7evrelerinin Belirlenmesine \u0130li\u015fkin Karar","og_description":"Adalet Bakan\u0131 Y\u0131lmaz Tun\u00e7, sosyal medya hesab\u0131ndan yapt\u0131\u011f\u0131 a\u00e7\u0131klamad\u0131, idare ve vergi mahkemelerinin kurulmas\u0131na ve yarg\u0131 \u00e7evrelerinin belirlenmesine ili\u015fkin karar\u0131n Resmi Gazete&#8217;de yay\u0131mland\u0131\u011f\u0131 bilgisini payla\u015ft\u0131. Bakan Tun\u00e7 payla\u015f\u0131m\u0131nda, &#8220;\u00dclke genelinde idare ve vergi mahkemesi kurulu bulunmayan iller y\u00f6n\u00fcnden b\u00f6lgelerin co\u011frafi durumlar\u0131n\u0131 ve i\u015f hacmini dikkate alarak yapt\u0131\u011f\u0131m\u0131z \u00e7al\u0131\u015fmalar sonucunda; Ni\u011fde, \u015e\u0131rnak, Tunceli ve Yalova illerimizde idare mahkemesi, A\u011fr\u0131 ve \u015e\u0131rnak illerimizde vergi mahkemesi kurulma karar\u0131 Resmi Gazete\u2019de yay\u0131mlanarak y\u00fcr\u00fcrl\u00fc\u011fe girmi\u015ftir. Yeni kurulan mahkemelerle birlikte idare mahkemesi kurulu il say\u0131s\u0131n\u0131 65\u2019e, vergi mahkemesi kurulu il say\u0131s\u0131n\u0131 ise 38\u2019e y\u00fckseltmi\u015f olduk. Yeni kurulan mahkemelerimizin \u00fclkemize, milletimize ve yarg\u0131 te\u015fkilat\u0131m\u0131za hay\u0131rl\u0131 olmas\u0131n\u0131 diliyorum&#8221; ifadelerini kulland\u0131. \u200b\u0130dare ve Vergi Mahkemelerinin Kurulmas\u0131na ve Yarg\u0131 \u00c7evrelerinin Belirlenmesine \u0130li\u015fkin Karar, 14 Ocak 2025 Tarihli ve 32782 Say\u0131l\u0131 Resm\u00ee Gazete&#8217;de yay\u0131mland\u0131.\u00a0Hukuki Haber","og_url":"https:\/\/denizcankizil.tr\/de\/hukukihaber\/idare-ve-vergi-mahkemelerinin-kurulmasina-ve-yargi-cevrelerinin-belirlenmesine-iliskin-karar\/","og_site_name":"Av. Deniz Can K\u0131z\u0131l","article_published_time":"2025-01-14T04:33:00+00:00","author":"Hukuki Haber.net","twitter_card":"summary_large_image","twitter_misc":{"Verfasst von":"Hukuki Haber.net","Gesch\u00e4tzte Lesezeit":"1\u00a0Minute"},"schema":{"@context":"https:\/\/schema.org","@graph":[{"@type":"Article","@id":"https:\/\/denizcankizil.tr\/en\/hukukihaber\/idare-ve-vergi-mahkemelerinin-kurulmasina-ve-yargi-cevrelerinin-belirlenmesine-iliskin-karar\/#article","isPartOf":{"@id":"https:\/\/denizcankizil.tr\/en\/hukukihaber\/idare-ve-vergi-mahkemelerinin-kurulmasina-ve-yargi-cevrelerinin-belirlenmesine-iliskin-karar\/"},"author":{"name":"Hukuki Haber.net","@id":"https:\/\/denizcankizil.tr\/#\/schema\/person\/001a271de994a0aa3f90eea084424822"},"headline":"\u0130dare ve Vergi Mahkemelerinin Kurulmas\u0131na ve Yarg\u0131 \u00c7evrelerinin Belirlenmesine \u0130li\u015fkin Karar","datePublished":"2025-01-14T04:33:00+00:00","mainEntityOfPage":{"@id":"https:\/\/denizcankizil.tr\/en\/hukukihaber\/idare-ve-vergi-mahkemelerinin-kurulmasina-ve-yargi-cevrelerinin-belirlenmesine-iliskin-karar\/"},"wordCount":177,"commentCount":0,"publisher":{"@id":"https:\/\/denizcankizil.tr\/#organization"},"articleSection":["Hukuki Haberler"],"inLanguage":"de","potentialAction":[{"@type":"CommentAction","name":"Comment","target":["https:\/\/denizcankizil.tr\/en\/hukukihaber\/idare-ve-vergi-mahkemelerinin-kurulmasina-ve-yargi-cevrelerinin-belirlenmesine-iliskin-karar\/#respond"]}]},{"@type":"WebPage","@id":"https:\/\/denizcankizil.tr\/en\/hukukihaber\/idare-ve-vergi-mahkemelerinin-kurulmasina-ve-yargi-cevrelerinin-belirlenmesine-iliskin-karar\/","url":"https:\/\/denizcankizil.tr\/en\/hukukihaber\/idare-ve-vergi-mahkemelerinin-kurulmasina-ve-yargi-cevrelerinin-belirlenmesine-iliskin-karar\/","name":"\u0130dare ve Vergi Mahkemelerinin Kurulmas\u0131na ve Yarg\u0131 \u00c7evrelerinin Belirlenmesine \u0130li\u015fkin Karar - Av. Deniz Can K\u0131z\u0131l","isPartOf":{"@id":"https:\/\/denizcankizil.tr\/#website"},"datePublished":"2025-01-14T04:33:00+00:00","breadcrumb":{"@id":"https:\/\/denizcankizil.tr\/en\/hukukihaber\/idare-ve-vergi-mahkemelerinin-kurulmasina-ve-yargi-cevrelerinin-belirlenmesine-iliskin-karar\/#breadcrumb"},"inLanguage":"de","potentialAction":[{"@type":"ReadAction","target":["https:\/\/denizcankizil.tr\/en\/hukukihaber\/idare-ve-vergi-mahkemelerinin-kurulmasina-ve-yargi-cevrelerinin-belirlenmesine-iliskin-karar\/"]}]},{"@type":"BreadcrumbList","@id":"https:\/\/denizcankizil.tr\/en\/hukukihaber\/idare-ve-vergi-mahkemelerinin-kurulmasina-ve-yargi-cevrelerinin-belirlenmesine-iliskin-karar\/#breadcrumb","itemListElement":[{"@type":"ListItem","position":1,"name":"Home","item":"https:\/\/denizcankizil.tr\/de\/"},{"@type":"ListItem","position":2,"name":"\u0130dare ve Vergi Mahkemelerinin Kurulmas\u0131na ve Yarg\u0131 \u00c7evrelerinin Belirlenmesine \u0130li\u015fkin Karar"}]},{"@type":"WebSite","@id":"https:\/\/denizcankizil.tr\/#website","url":"https:\/\/denizcankizil.tr\/","name":"Av. Deniz Can K\u0131z\u0131l","description":"Avukat Deniz Can K\u0131z\u0131l Antalya Barosu","publisher":{"@id":"https:\/\/denizcankizil.tr\/#organization"},"potentialAction":[{"@type":"SearchAction","target":{"@type":"EntryPoint","urlTemplate":"https:\/\/denizcankizil.tr\/?s={search_term_string}"},"query-input":{"@type":"PropertyValueSpecification","valueRequired":true,"valueName":"search_term_string"}}],"inLanguage":"de"},{"@type":"Organization","@id":"https:\/\/denizcankizil.tr\/#organization","name":"Av. Deniz Can K\u0131z\u0131l","url":"https:\/\/denizcankizil.tr\/","logo":{"@type":"ImageObject","inLanguage":"de","@id":"https:\/\/denizcankizil.tr\/#\/schema\/logo\/image\/","url":"http:\/\/denizcankizil.tr\/wp-content\/uploads\/2024\/10\/siyah-logo-svg.svg","contentUrl":"http:\/\/denizcankizil.tr\/wp-content\/uploads\/2024\/10\/siyah-logo-svg.svg","width":1080,"height":1080,"caption":"Av. Deniz Can K\u0131z\u0131l"},"image":{"@id":"https:\/\/denizcankizil.tr\/#\/schema\/logo\/image\/"}},{"@type":"Person","@id":"https:\/\/denizcankizil.tr\/#\/schema\/person\/001a271de994a0aa3f90eea084424822","name":"Hukuki Haber.net","image":{"@type":"ImageObject","inLanguage":"de","@id":"https:\/\/denizcankizil.tr\/#\/schema\/person\/image\/","url":"https:\/\/secure.gravatar.com\/avatar\/57d8a49151495586611a149d29fc42865b951dc053a84709a3172ccb5abf3118?s=96&d=mm&r=g","contentUrl":"https:\/\/secure.gravatar.com\/avatar\/57d8a49151495586611a149d29fc42865b951dc053a84709a3172ccb5abf3118?s=96&d=mm&r=g","caption":"Hukuki Haber.net"},"sameAs":["http:\/\/www.hukukihaber.net"],"url":"https:\/\/www.hukukihaber.net\/idare-ve-vergi-mahkemelerinin-kurulmasina-ve-yargi-cevrelerinin-belirlenmesine-iliskin-karar"}]}},"_links":{"self":[{"href":"http:\/\/denizcankizil.tr\/de\/wp-json\/wp\/v2\/posts\/25212","targetHints":{"allow":["GET"]}}],"collection":[{"href":"http:\/\/denizcankizil.tr\/de\/wp-json\/wp\/v2\/posts"}],"about":[{"href":"http:\/\/denizcankizil.tr\/de\/wp-json\/wp\/v2\/types\/post"}],"author":[{"embeddable":true,"href":"http:\/\/denizcankizil.tr\/de\/wp-json\/wp\/v2\/users\/3"}],"replies":[{"embeddable":true,"href":"http:\/\/denizcankizil.tr\/de\/wp-json\/wp\/v2\/comments?post=25212"}],"version-history":[{"count":0,"href":"http:\/\/denizcankizil.tr\/de\/wp-json\/wp\/v2\/posts\/25212\/revisions"}],"wp:attachment":[{"href":"http:\/\/denizcankizil.tr\/de\/wp-json\/wp\/v2\/media?parent=25212"}],"wp:term":[{"taxonomy":"category","embeddable":true,"href":"http:\/\/denizcankizil.tr\/de\/wp-json\/wp\/v2\/categories?post=25212"},{"taxonomy":"post_tag","embeddable":true,"href":"http:\/\/denizcankizil.tr\/de\/wp-json\/wp\/v2\/tags?post=25212"}],"curies":[{"name":"wp","href":"https:\/\/api.w.org\/{rel}","templated":true}]}}