{"id":25076,"date":"2025-01-13T10:41:21","date_gmt":"2025-01-13T07:41:21","guid":{"rendered":"https:\/\/denizcankizil.tr\/uncategorized-tr\/dikkat-antalyada-bu-yollar-trafige-kapatilacak\/"},"modified":"2025-01-13T10:41:21","modified_gmt":"2025-01-13T07:41:21","slug":"dikkat-antalyada-bu-yollar-trafige-kapatilacak","status":"publish","type":"post","link":"http:\/\/denizcankizil.tr\/de\/haberler\/gundem\/dikkat-antalyada-bu-yollar-trafige-kapatilacak\/","title":{"rendered":"Dikkat! Antalya\u2019da bu yollar trafi\u011fe kapat\u0131lacak"},"content":{"rendered":"<p>Memurlar\u0131n \u00fcye oldu\u011fu 5 konfederasyon taraf\u0131ndan d\u00fczenlenecek olan eylem kapsam\u0131nda Antalya\u2019da saat 11.54\u2019te memurlar, Ayd\u0131n Kanza Park\u0131\u2019ndan Cumhuriyet Meydan\u0131\u2019na do\u011fru y\u00fcr\u00fcyecek. Memurlar\u0131n bu eylemine, ge\u00e7im s\u0131k\u0131nt\u0131s\u0131 ya\u015fayan b\u00fct\u00fcn kesimlerin destek vermesi bekleniyor. Antalya \u0130l Emniyet M\u00fcd\u00fcrl\u00fc\u011f\u00fc ise memurlar\u0131n y\u00fcr\u00fcyece\u011fi baz\u0131 yollar\u0131 ve ana caddeleri trafi\u011fe kapat\u0131laca\u011f\u0131n\u0131 a\u00e7\u0131klad\u0131. \u0130\u015fte trafi\u011fe kapat\u0131lacak olan o yollar ve caddeler\u2026\u00a0<\/p>\n<p>MEMURLARIN B\u00dcY\u00dcK Y\u00dcR\u00dcY\u00dc\u015e\u00dc BUG\u00dcN<\/p>\n<p>Memurlar, 2025 y\u0131l\u0131n\u0131n ilk 6 ayl\u0131k d\u00f6nemi i\u00e7in maa\u015flar\u0131na yap\u0131lan y\u00fczde 11.54&#8217;l\u00fck zamma tepki g\u00f6sterdi. \u00dcyelerinden gelen tepkileri dikkate alan Kamu Emek\u00e7ileri Sendikalar\u0131 Konfederasyonu (KESK), Birle\u015fik Kamu \u0130\u015fg\u00f6renleri Sendikalar\u0131 Konfederasyonu (B\u0130RLE\u015e\u0130K KAMU \u0130\u015e), H\u00fcrriyet\u00e7i Sendikalar Konfederasyonu (H\u00dcR SEN), Ba\u011f\u0131ms\u0131z Kamu G\u00f6revlileri Sendikalar\u0131 Konfederasyonu (BASK) ve Askeri \u0130\u015f Yerlerinde G\u00f6revli Kamu \u00c7al\u0131\u015fanlar\u0131 Sendikas\u0131 (AS\u0130M SEN), bug\u00fcn \u00f6rg\u00fctl\u00fc olduklar\u0131 t\u00fcm i\u015fyerlerinde i\u015f b\u0131rakma eylemi ger\u00e7ekle\u015ftirecek.\u00a0<\/p>\n<p>BU CADDELERE D\u0130KKAT<\/p>\n<p>Antalya \u0130l Emniyet M\u00fcd\u00fcrl\u00fc\u011f\u00fc, kamu sendikalar\u0131n\u0131n d\u00fczenleyece\u011fi y\u00fcr\u00fcy\u00fc\u015f nedeniyle G\u00fcll\u00fck Caddesi ile Cumhuriyet Meydan\u0131 aras\u0131nda bulunan yollar ve Konyaalt\u0131 Caddesi bug\u00fcn saat 10.00 ile 14.00 saatleri aras\u0131nda trafi\u011fe kapat\u0131laca\u011f\u0131n\u0131 a\u00e7\u0131klad\u0131. Y\u00fcr\u00fcy\u00fc\u015f\u00fcn ard\u0131ndan Kamu \u00e7al\u0131\u015fanlar\u0131, Cumhuriyet Meydan\u0131\u2019nda toplu bas\u0131n a\u00e7\u0131klamas\u0131 ger\u00e7ekle\u015ftirecek.\u00a0<\/p>\n<p>SEFALET ZAMMI DE\u011e\u0130L, EME\u011e\u0130M\u0130Z\u0130N KAR\u015eILI\u011eINI \u0130ST\u0130YORUZ<\/p>\n<p>Emeklerinin kar\u015f\u0131l\u0131\u011f\u0131n\u0131 almak i\u00e7in bu eylemi ger\u00e7ekle\u015ftirdiklerini belirten KESK Antalya \u015eubeler Platformu D\u00f6nem S\u00f6zc\u00fcs\u00fc \u0130lhan Karakurt, \u201c\u0130nsanca bir ya\u015fam i\u00e7in i\u015f b\u0131rak\u0131yor, sefalet zamm\u0131 de\u011fil, eme\u011fimizin kar\u015f\u0131l\u0131\u011f\u0131n\u0131 istiyoruz. Kamu emek\u00e7ileri olarak, toplumun di\u011fer kesimleri gibi y\u0131llard\u0131r artan enflasyon, hayat pahal\u0131l\u0131\u011f\u0131 ve d\u00fc\u015f\u00fck \u00fccret zamlar\u0131 kar\u015f\u0131s\u0131nda yoksulla\u015fmaya mahkum ediliyoruz. Her ge\u00e7en g\u00fcn etkisini art\u0131ran ekonomik kriz, milyonlar\u0131n ya\u015fam\u0131n\u0131 daha da zorla\u015ft\u0131r\u0131yor. Al\u0131m g\u00fcc\u00fcm\u00fcz d\u00fc\u015ferken, en temel ihtiya\u00e7lar\u0131m\u0131z\u0131 bile kar\u015f\u0131lamakta zorlan\u0131yoruz. T\u00dc\u0130K taraf\u0131ndan a\u00e7\u0131klanan enflasyon rakamlar\u0131 ger\u00e7e\u011fin biraz\u0131n\u0131 bile yans\u0131tmazken, maa\u015flar\u0131m\u0131z mum gibi eriyor ve \u00fclke olarak h\u0131zla yoksullu\u011fa s\u00fcr\u00fckleniyoruz\u201d \u015feklinde konu\u015ftu.<\/p>\n<p>\u00a0<\/p>\n<p>\u200bAntalya\u2019da y\u00fczde 11.54&#8217;l\u00fck maa\u015f zamm\u0131na tepki g\u00f6steren memurlar, 13 Ocak Pazartesi g\u00fcn\u00fc (bug\u00fcn) i\u015f b\u0131rakacak. Memurlar, Ayd\u0131n Kanza Park\u0131\u2019nda bulu\u015farak, Cumhuriyet Meydan\u0131\u2019na y\u00fcr\u00fcyecek. Eylem nedeniyle baz\u0131 caddeler ve yollar trafi\u011fe kapal\u0131 olacak. \u0130\u015fte detaylar&#8230;\u00a0<\/p>\n<p>\u200bHaberin Al\u0131nt\u0131land\u0131\u011f\u0131 Kaynak: www.antalyakorfez.com<\/p>","protected":false},"excerpt":{"rendered":"<p>Memurlar\u0131n \u00fcye oldu\u011fu 5 konfederasyon taraf\u0131ndan d\u00fczenlenecek olan eylem kapsam\u0131nda Antalya\u2019da saat 11.54\u2019te memurlar, Ayd\u0131n Kanza Park\u0131\u2019ndan Cumhuriyet Meydan\u0131\u2019na do\u011fru y\u00fcr\u00fcyecek. Memurlar\u0131n bu eylemine, ge\u00e7im s\u0131k\u0131nt\u0131s\u0131 ya\u015fayan b\u00fct\u00fcn kesimlerin destek vermesi bekleniyor. Antalya \u0130l Emniyet M\u00fcd\u00fcrl\u00fc\u011f\u00fc ise memurlar\u0131n y\u00fcr\u00fcyece\u011fi baz\u0131 yollar\u0131 ve ana caddeleri trafi\u011fe kapat\u0131laca\u011f\u0131n\u0131 a\u00e7\u0131klad\u0131. \u0130\u015fte trafi\u011fe kapat\u0131lacak olan o yollar ve caddeler\u2026\u00a0 MEMURLARIN B\u00dcY\u00dcK Y\u00dcR\u00dcY\u00dc\u015e\u00dc BUG\u00dcN Memurlar, 2025 y\u0131l\u0131n\u0131n ilk 6 ayl\u0131k d\u00f6nemi i\u00e7in maa\u015flar\u0131na yap\u0131lan y\u00fczde 11.54&#8217;l\u00fck zamma tepki g\u00f6sterdi. \u00dcyelerinden gelen tepkileri dikkate alan Kamu Emek\u00e7ileri Sendikalar\u0131 Konfederasyonu (KESK), Birle\u015fik Kamu \u0130\u015fg\u00f6renleri Sendikalar\u0131 Konfederasyonu (B\u0130RLE\u015e\u0130K KAMU \u0130\u015e), H\u00fcrriyet\u00e7i Sendikalar Konfederasyonu (H\u00dcR SEN), Ba\u011f\u0131ms\u0131z Kamu G\u00f6revlileri Sendikalar\u0131 Konfederasyonu (BASK) ve Askeri \u0130\u015f Yerlerinde G\u00f6revli Kamu \u00c7al\u0131\u015fanlar\u0131 Sendikas\u0131 (AS\u0130M SEN), bug\u00fcn \u00f6rg\u00fctl\u00fc olduklar\u0131 t\u00fcm i\u015fyerlerinde i\u015f b\u0131rakma eylemi ger\u00e7ekle\u015ftirecek.\u00a0 BU CADDELERE D\u0130KKAT Antalya \u0130l Emniyet M\u00fcd\u00fcrl\u00fc\u011f\u00fc, kamu sendikalar\u0131n\u0131n d\u00fczenleyece\u011fi y\u00fcr\u00fcy\u00fc\u015f nedeniyle G\u00fcll\u00fck Caddesi ile Cumhuriyet Meydan\u0131 aras\u0131nda bulunan yollar ve Konyaalt\u0131 Caddesi bug\u00fcn saat 10.00 ile 14.00 saatleri aras\u0131nda trafi\u011fe kapat\u0131laca\u011f\u0131n\u0131 a\u00e7\u0131klad\u0131. Y\u00fcr\u00fcy\u00fc\u015f\u00fcn ard\u0131ndan Kamu \u00e7al\u0131\u015fanlar\u0131, Cumhuriyet Meydan\u0131\u2019nda toplu bas\u0131n a\u00e7\u0131klamas\u0131 ger\u00e7ekle\u015ftirecek.\u00a0 SEFALET ZAMMI DE\u011e\u0130L, EME\u011e\u0130M\u0130Z\u0130N KAR\u015eILI\u011eINI \u0130ST\u0130YORUZ Emeklerinin kar\u015f\u0131l\u0131\u011f\u0131n\u0131 almak i\u00e7in bu eylemi ger\u00e7ekle\u015ftirdiklerini belirten KESK Antalya \u015eubeler Platformu D\u00f6nem S\u00f6zc\u00fcs\u00fc \u0130lhan Karakurt, \u201c\u0130nsanca bir ya\u015fam i\u00e7in i\u015f b\u0131rak\u0131yor, sefalet zamm\u0131 de\u011fil, eme\u011fimizin kar\u015f\u0131l\u0131\u011f\u0131n\u0131 istiyoruz. Kamu &hellip;<\/p>","protected":false},"author":5,"featured_media":0,"comment_status":"open","ping_status":"open","sticky":false,"template":"","format":"standard","meta":{"_acf_changed":false,"footnotes":""},"categories":[24],"tags":[],"class_list":["post-25076","post","type-post","status-publish","format-standard","has-post-thumbnail","hentry","category-gundem"],"acf":[],"yoast_head":"<!-- This site is optimized with the Yoast SEO Premium plugin v26.6 (Yoast SEO v27.1.1) - https:\/\/yoast.com\/product\/yoast-seo-premium-wordpress\/ -->\n<title>Dikkat! Antalya\u2019da bu yollar trafi\u011fe kapat\u0131lacak - Av. Deniz Can K\u0131z\u0131l<\/title>\n<meta name=\"robots\" content=\"index, follow, max-snippet:-1, max-image-preview:large, max-video-preview:-1\" \/>\n<link rel=\"canonical\" href=\"http:\/\/denizcankizil.tr\/de\/haberler\/gundem\/dikkat-antalyada-bu-yollar-trafige-kapatilacak\/\" \/>\n<meta property=\"og:locale\" content=\"de_DE\" \/>\n<meta property=\"og:type\" content=\"article\" \/>\n<meta property=\"og:title\" content=\"Dikkat! Antalya\u2019da bu yollar trafi\u011fe kapat\u0131lacak\" \/>\n<meta property=\"og:description\" content=\"Memurlar\u0131n \u00fcye oldu\u011fu 5 konfederasyon taraf\u0131ndan d\u00fczenlenecek olan eylem kapsam\u0131nda Antalya\u2019da saat 11.54\u2019te memurlar, Ayd\u0131n Kanza Park\u0131\u2019ndan Cumhuriyet Meydan\u0131\u2019na do\u011fru y\u00fcr\u00fcyecek. Memurlar\u0131n bu eylemine, ge\u00e7im s\u0131k\u0131nt\u0131s\u0131 ya\u015fayan b\u00fct\u00fcn kesimlerin destek vermesi bekleniyor. Antalya \u0130l Emniyet M\u00fcd\u00fcrl\u00fc\u011f\u00fc ise memurlar\u0131n y\u00fcr\u00fcyece\u011fi baz\u0131 yollar\u0131 ve ana caddeleri trafi\u011fe kapat\u0131laca\u011f\u0131n\u0131 a\u00e7\u0131klad\u0131. \u0130\u015fte trafi\u011fe kapat\u0131lacak olan o yollar ve caddeler\u2026\u00a0 MEMURLARIN B\u00dcY\u00dcK Y\u00dcR\u00dcY\u00dc\u015e\u00dc BUG\u00dcN Memurlar, 2025 y\u0131l\u0131n\u0131n ilk 6 ayl\u0131k d\u00f6nemi i\u00e7in maa\u015flar\u0131na yap\u0131lan y\u00fczde 11.54&#8217;l\u00fck zamma tepki g\u00f6sterdi. \u00dcyelerinden gelen tepkileri dikkate alan Kamu Emek\u00e7ileri Sendikalar\u0131 Konfederasyonu (KESK), Birle\u015fik Kamu \u0130\u015fg\u00f6renleri Sendikalar\u0131 Konfederasyonu (B\u0130RLE\u015e\u0130K KAMU \u0130\u015e), H\u00fcrriyet\u00e7i Sendikalar Konfederasyonu (H\u00dcR SEN), Ba\u011f\u0131ms\u0131z Kamu G\u00f6revlileri Sendikalar\u0131 Konfederasyonu (BASK) ve Askeri \u0130\u015f Yerlerinde G\u00f6revli Kamu \u00c7al\u0131\u015fanlar\u0131 Sendikas\u0131 (AS\u0130M SEN), bug\u00fcn \u00f6rg\u00fctl\u00fc olduklar\u0131 t\u00fcm i\u015fyerlerinde i\u015f b\u0131rakma eylemi ger\u00e7ekle\u015ftirecek.\u00a0 BU CADDELERE D\u0130KKAT Antalya \u0130l Emniyet M\u00fcd\u00fcrl\u00fc\u011f\u00fc, kamu sendikalar\u0131n\u0131n d\u00fczenleyece\u011fi y\u00fcr\u00fcy\u00fc\u015f nedeniyle G\u00fcll\u00fck Caddesi ile Cumhuriyet Meydan\u0131 aras\u0131nda bulunan yollar ve Konyaalt\u0131 Caddesi bug\u00fcn saat 10.00 ile 14.00 saatleri aras\u0131nda trafi\u011fe kapat\u0131laca\u011f\u0131n\u0131 a\u00e7\u0131klad\u0131. Y\u00fcr\u00fcy\u00fc\u015f\u00fcn ard\u0131ndan Kamu \u00e7al\u0131\u015fanlar\u0131, Cumhuriyet Meydan\u0131\u2019nda toplu bas\u0131n a\u00e7\u0131klamas\u0131 ger\u00e7ekle\u015ftirecek.\u00a0 SEFALET ZAMMI DE\u011e\u0130L, EME\u011e\u0130M\u0130Z\u0130N KAR\u015eILI\u011eINI \u0130ST\u0130YORUZ Emeklerinin kar\u015f\u0131l\u0131\u011f\u0131n\u0131 almak i\u00e7in bu eylemi ger\u00e7ekle\u015ftirdiklerini belirten KESK Antalya \u015eubeler Platformu D\u00f6nem S\u00f6zc\u00fcs\u00fc \u0130lhan Karakurt, \u201c\u0130nsanca bir ya\u015fam i\u00e7in i\u015f b\u0131rak\u0131yor, sefalet zamm\u0131 de\u011fil, eme\u011fimizin kar\u015f\u0131l\u0131\u011f\u0131n\u0131 istiyoruz. Kamu &hellip;\" \/>\n<meta property=\"og:url\" content=\"http:\/\/denizcankizil.tr\/de\/haberler\/gundem\/dikkat-antalyada-bu-yollar-trafige-kapatilacak\/\" \/>\n<meta property=\"og:site_name\" content=\"Av. Deniz Can K\u0131z\u0131l\" \/>\n<meta property=\"article:published_time\" content=\"2025-01-13T07:41:21+00:00\" \/>\n<meta name=\"author\" content=\"Antalya K\u00f6rfez\" \/>\n<meta name=\"twitter:card\" content=\"summary_large_image\" \/>\n<meta name=\"twitter:label1\" content=\"Verfasst von\" \/>\n\t<meta name=\"twitter:data1\" content=\"Antalya K\u00f6rfez\" \/>\n\t<meta name=\"twitter:label2\" content=\"Gesch\u00e4tzte Lesezeit\" \/>\n\t<meta name=\"twitter:data2\" content=\"2\u00a0Minuten\" \/>\n<script type=\"application\/ld+json\" class=\"yoast-schema-graph\">{\"@context\":\"https:\/\/schema.org\",\"@graph\":[{\"@type\":\"Article\",\"@id\":\"http:\/\/denizcankizil.tr\/de\/haberler\/gundem\/dikkat-antalyada-bu-yollar-trafige-kapatilacak\/#article\",\"isPartOf\":{\"@id\":\"http:\/\/denizcankizil.tr\/de\/haberler\/gundem\/dikkat-antalyada-bu-yollar-trafige-kapatilacak\/\"},\"author\":{\"name\":\"Antalya K\u00f6rfez\",\"@id\":\"https:\/\/denizcankizil.tr\/#\/schema\/person\/e1eb71bb4dd684d46563f0af307e1234\"},\"headline\":\"Dikkat! Antalya\u2019da bu yollar trafi\u011fe kapat\u0131lacak\",\"datePublished\":\"2025-01-13T07:41:21+00:00\",\"mainEntityOfPage\":{\"@id\":\"http:\/\/denizcankizil.tr\/de\/haberler\/gundem\/dikkat-antalyada-bu-yollar-trafige-kapatilacak\/\"},\"wordCount\":483,\"commentCount\":0,\"publisher\":{\"@id\":\"https:\/\/denizcankizil.tr\/#organization\"},\"articleSection\":[\"G\u00fcndem\"],\"inLanguage\":\"de\",\"potentialAction\":[{\"@type\":\"CommentAction\",\"name\":\"Comment\",\"target\":[\"http:\/\/denizcankizil.tr\/de\/haberler\/gundem\/dikkat-antalyada-bu-yollar-trafige-kapatilacak\/#respond\"]}]},{\"@type\":\"WebPage\",\"@id\":\"http:\/\/denizcankizil.tr\/de\/haberler\/gundem\/dikkat-antalyada-bu-yollar-trafige-kapatilacak\/\",\"url\":\"http:\/\/denizcankizil.tr\/de\/haberler\/gundem\/dikkat-antalyada-bu-yollar-trafige-kapatilacak\/\",\"name\":\"Dikkat! Antalya\u2019da bu yollar trafi\u011fe kapat\u0131lacak - Av. Deniz Can K\u0131z\u0131l\",\"isPartOf\":{\"@id\":\"https:\/\/denizcankizil.tr\/#website\"},\"datePublished\":\"2025-01-13T07:41:21+00:00\",\"breadcrumb\":{\"@id\":\"http:\/\/denizcankizil.tr\/de\/haberler\/gundem\/dikkat-antalyada-bu-yollar-trafige-kapatilacak\/#breadcrumb\"},\"inLanguage\":\"de\",\"potentialAction\":[{\"@type\":\"ReadAction\",\"target\":[\"http:\/\/denizcankizil.tr\/de\/haberler\/gundem\/dikkat-antalyada-bu-yollar-trafige-kapatilacak\/\"]}]},{\"@type\":\"BreadcrumbList\",\"@id\":\"http:\/\/denizcankizil.tr\/de\/haberler\/gundem\/dikkat-antalyada-bu-yollar-trafige-kapatilacak\/#breadcrumb\",\"itemListElement\":[{\"@type\":\"ListItem\",\"position\":1,\"name\":\"Home\",\"item\":\"https:\/\/denizcankizil.tr\/de\/\"},{\"@type\":\"ListItem\",\"position\":2,\"name\":\"Dikkat! Antalya\u2019da bu yollar trafi\u011fe kapat\u0131lacak\"}]},{\"@type\":\"WebSite\",\"@id\":\"https:\/\/denizcankizil.tr\/#website\",\"url\":\"https:\/\/denizcankizil.tr\/\",\"name\":\"Av. Deniz Can K\u0131z\u0131l\",\"description\":\"Avukat Deniz Can K\u0131z\u0131l Antalya Barosu\",\"publisher\":{\"@id\":\"https:\/\/denizcankizil.tr\/#organization\"},\"potentialAction\":[{\"@type\":\"SearchAction\",\"target\":{\"@type\":\"EntryPoint\",\"urlTemplate\":\"https:\/\/denizcankizil.tr\/?s={search_term_string}\"},\"query-input\":{\"@type\":\"PropertyValueSpecification\",\"valueRequired\":true,\"valueName\":\"search_term_string\"}}],\"inLanguage\":\"de\"},{\"@type\":\"Organization\",\"@id\":\"https:\/\/denizcankizil.tr\/#organization\",\"name\":\"Av. Deniz Can K\u0131z\u0131l\",\"url\":\"https:\/\/denizcankizil.tr\/\",\"logo\":{\"@type\":\"ImageObject\",\"inLanguage\":\"de\",\"@id\":\"https:\/\/denizcankizil.tr\/#\/schema\/logo\/image\/\",\"url\":\"http:\/\/denizcankizil.tr\/wp-content\/uploads\/2024\/10\/siyah-logo-svg.svg\",\"contentUrl\":\"http:\/\/denizcankizil.tr\/wp-content\/uploads\/2024\/10\/siyah-logo-svg.svg\",\"width\":1080,\"height\":1080,\"caption\":\"Av. Deniz Can K\u0131z\u0131l\"},\"image\":{\"@id\":\"https:\/\/denizcankizil.tr\/#\/schema\/logo\/image\/\"}},{\"@type\":\"Person\",\"@id\":\"https:\/\/denizcankizil.tr\/#\/schema\/person\/e1eb71bb4dd684d46563f0af307e1234\",\"name\":\"Antalya K\u00f6rfez\",\"image\":{\"@type\":\"ImageObject\",\"inLanguage\":\"de\",\"@id\":\"https:\/\/denizcankizil.tr\/#\/schema\/person\/image\/\",\"url\":\"https:\/\/secure.gravatar.com\/avatar\/42b01982558a48a0b501fdcab6a408d3717ea5919095ee2e67b0e521799c5905?s=96&d=mm&r=g\",\"contentUrl\":\"https:\/\/secure.gravatar.com\/avatar\/42b01982558a48a0b501fdcab6a408d3717ea5919095ee2e67b0e521799c5905?s=96&d=mm&r=g\",\"caption\":\"Antalya K\u00f6rfez\"},\"sameAs\":[\"http:\/\/www.antalyakorfez.com\"],\"url\":\"https:\/\/www.antalyakorfez.com\/dikkat-antalyada-bu-yollar-trafige-kapatilacak\"}]}<\/script>\n<!-- \/ Yoast SEO Premium plugin. -->","yoast_head_json":{"title":"Dikkat! Antalya\u2019da bu yollar trafi\u011fe kapat\u0131lacak - Av. Deniz Can K\u0131z\u0131l","robots":{"index":"index","follow":"follow","max-snippet":"max-snippet:-1","max-image-preview":"max-image-preview:large","max-video-preview":"max-video-preview:-1"},"canonical":"http:\/\/denizcankizil.tr\/de\/haberler\/gundem\/dikkat-antalyada-bu-yollar-trafige-kapatilacak\/","og_locale":"de_DE","og_type":"article","og_title":"Dikkat! Antalya\u2019da bu yollar trafi\u011fe kapat\u0131lacak","og_description":"Memurlar\u0131n \u00fcye oldu\u011fu 5 konfederasyon taraf\u0131ndan d\u00fczenlenecek olan eylem kapsam\u0131nda Antalya\u2019da saat 11.54\u2019te memurlar, Ayd\u0131n Kanza Park\u0131\u2019ndan Cumhuriyet Meydan\u0131\u2019na do\u011fru y\u00fcr\u00fcyecek. Memurlar\u0131n bu eylemine, ge\u00e7im s\u0131k\u0131nt\u0131s\u0131 ya\u015fayan b\u00fct\u00fcn kesimlerin destek vermesi bekleniyor. Antalya \u0130l Emniyet M\u00fcd\u00fcrl\u00fc\u011f\u00fc ise memurlar\u0131n y\u00fcr\u00fcyece\u011fi baz\u0131 yollar\u0131 ve ana caddeleri trafi\u011fe kapat\u0131laca\u011f\u0131n\u0131 a\u00e7\u0131klad\u0131. \u0130\u015fte trafi\u011fe kapat\u0131lacak olan o yollar ve caddeler\u2026\u00a0 MEMURLARIN B\u00dcY\u00dcK Y\u00dcR\u00dcY\u00dc\u015e\u00dc BUG\u00dcN Memurlar, 2025 y\u0131l\u0131n\u0131n ilk 6 ayl\u0131k d\u00f6nemi i\u00e7in maa\u015flar\u0131na yap\u0131lan y\u00fczde 11.54&#8217;l\u00fck zamma tepki g\u00f6sterdi. \u00dcyelerinden gelen tepkileri dikkate alan Kamu Emek\u00e7ileri Sendikalar\u0131 Konfederasyonu (KESK), Birle\u015fik Kamu \u0130\u015fg\u00f6renleri Sendikalar\u0131 Konfederasyonu (B\u0130RLE\u015e\u0130K KAMU \u0130\u015e), H\u00fcrriyet\u00e7i Sendikalar Konfederasyonu (H\u00dcR SEN), Ba\u011f\u0131ms\u0131z Kamu G\u00f6revlileri Sendikalar\u0131 Konfederasyonu (BASK) ve Askeri \u0130\u015f Yerlerinde G\u00f6revli Kamu \u00c7al\u0131\u015fanlar\u0131 Sendikas\u0131 (AS\u0130M SEN), bug\u00fcn \u00f6rg\u00fctl\u00fc olduklar\u0131 t\u00fcm i\u015fyerlerinde i\u015f b\u0131rakma eylemi ger\u00e7ekle\u015ftirecek.\u00a0 BU CADDELERE D\u0130KKAT Antalya \u0130l Emniyet M\u00fcd\u00fcrl\u00fc\u011f\u00fc, kamu sendikalar\u0131n\u0131n d\u00fczenleyece\u011fi y\u00fcr\u00fcy\u00fc\u015f nedeniyle G\u00fcll\u00fck Caddesi ile Cumhuriyet Meydan\u0131 aras\u0131nda bulunan yollar ve Konyaalt\u0131 Caddesi bug\u00fcn saat 10.00 ile 14.00 saatleri aras\u0131nda trafi\u011fe kapat\u0131laca\u011f\u0131n\u0131 a\u00e7\u0131klad\u0131. Y\u00fcr\u00fcy\u00fc\u015f\u00fcn ard\u0131ndan Kamu \u00e7al\u0131\u015fanlar\u0131, Cumhuriyet Meydan\u0131\u2019nda toplu bas\u0131n a\u00e7\u0131klamas\u0131 ger\u00e7ekle\u015ftirecek.\u00a0 SEFALET ZAMMI DE\u011e\u0130L, EME\u011e\u0130M\u0130Z\u0130N KAR\u015eILI\u011eINI \u0130ST\u0130YORUZ Emeklerinin kar\u015f\u0131l\u0131\u011f\u0131n\u0131 almak i\u00e7in bu eylemi ger\u00e7ekle\u015ftirdiklerini belirten KESK Antalya \u015eubeler Platformu D\u00f6nem S\u00f6zc\u00fcs\u00fc \u0130lhan Karakurt, \u201c\u0130nsanca bir ya\u015fam i\u00e7in i\u015f b\u0131rak\u0131yor, sefalet zamm\u0131 de\u011fil, eme\u011fimizin kar\u015f\u0131l\u0131\u011f\u0131n\u0131 istiyoruz. Kamu &hellip;","og_url":"http:\/\/denizcankizil.tr\/de\/haberler\/gundem\/dikkat-antalyada-bu-yollar-trafige-kapatilacak\/","og_site_name":"Av. Deniz Can K\u0131z\u0131l","article_published_time":"2025-01-13T07:41:21+00:00","author":"Antalya K\u00f6rfez","twitter_card":"summary_large_image","twitter_misc":{"Verfasst von":"Antalya K\u00f6rfez","Gesch\u00e4tzte Lesezeit":"2\u00a0Minuten"},"schema":{"@context":"https:\/\/schema.org","@graph":[{"@type":"Article","@id":"http:\/\/denizcankizil.tr\/de\/haberler\/gundem\/dikkat-antalyada-bu-yollar-trafige-kapatilacak\/#article","isPartOf":{"@id":"http:\/\/denizcankizil.tr\/de\/haberler\/gundem\/dikkat-antalyada-bu-yollar-trafige-kapatilacak\/"},"author":{"name":"Antalya K\u00f6rfez","@id":"https:\/\/denizcankizil.tr\/#\/schema\/person\/e1eb71bb4dd684d46563f0af307e1234"},"headline":"Dikkat! Antalya\u2019da bu yollar trafi\u011fe kapat\u0131lacak","datePublished":"2025-01-13T07:41:21+00:00","mainEntityOfPage":{"@id":"http:\/\/denizcankizil.tr\/de\/haberler\/gundem\/dikkat-antalyada-bu-yollar-trafige-kapatilacak\/"},"wordCount":483,"commentCount":0,"publisher":{"@id":"https:\/\/denizcankizil.tr\/#organization"},"articleSection":["G\u00fcndem"],"inLanguage":"de","potentialAction":[{"@type":"CommentAction","name":"Comment","target":["http:\/\/denizcankizil.tr\/de\/haberler\/gundem\/dikkat-antalyada-bu-yollar-trafige-kapatilacak\/#respond"]}]},{"@type":"WebPage","@id":"http:\/\/denizcankizil.tr\/de\/haberler\/gundem\/dikkat-antalyada-bu-yollar-trafige-kapatilacak\/","url":"http:\/\/denizcankizil.tr\/de\/haberler\/gundem\/dikkat-antalyada-bu-yollar-trafige-kapatilacak\/","name":"Dikkat! Antalya\u2019da bu yollar trafi\u011fe kapat\u0131lacak - Av. Deniz Can K\u0131z\u0131l","isPartOf":{"@id":"https:\/\/denizcankizil.tr\/#website"},"datePublished":"2025-01-13T07:41:21+00:00","breadcrumb":{"@id":"http:\/\/denizcankizil.tr\/de\/haberler\/gundem\/dikkat-antalyada-bu-yollar-trafige-kapatilacak\/#breadcrumb"},"inLanguage":"de","potentialAction":[{"@type":"ReadAction","target":["http:\/\/denizcankizil.tr\/de\/haberler\/gundem\/dikkat-antalyada-bu-yollar-trafige-kapatilacak\/"]}]},{"@type":"BreadcrumbList","@id":"http:\/\/denizcankizil.tr\/de\/haberler\/gundem\/dikkat-antalyada-bu-yollar-trafige-kapatilacak\/#breadcrumb","itemListElement":[{"@type":"ListItem","position":1,"name":"Home","item":"https:\/\/denizcankizil.tr\/de\/"},{"@type":"ListItem","position":2,"name":"Dikkat! Antalya\u2019da bu yollar trafi\u011fe kapat\u0131lacak"}]},{"@type":"WebSite","@id":"https:\/\/denizcankizil.tr\/#website","url":"https:\/\/denizcankizil.tr\/","name":"Av. Deniz Can K\u0131z\u0131l","description":"Avukat Deniz Can K\u0131z\u0131l Antalya Barosu","publisher":{"@id":"https:\/\/denizcankizil.tr\/#organization"},"potentialAction":[{"@type":"SearchAction","target":{"@type":"EntryPoint","urlTemplate":"https:\/\/denizcankizil.tr\/?s={search_term_string}"},"query-input":{"@type":"PropertyValueSpecification","valueRequired":true,"valueName":"search_term_string"}}],"inLanguage":"de"},{"@type":"Organization","@id":"https:\/\/denizcankizil.tr\/#organization","name":"Av. Deniz Can K\u0131z\u0131l","url":"https:\/\/denizcankizil.tr\/","logo":{"@type":"ImageObject","inLanguage":"de","@id":"https:\/\/denizcankizil.tr\/#\/schema\/logo\/image\/","url":"http:\/\/denizcankizil.tr\/wp-content\/uploads\/2024\/10\/siyah-logo-svg.svg","contentUrl":"http:\/\/denizcankizil.tr\/wp-content\/uploads\/2024\/10\/siyah-logo-svg.svg","width":1080,"height":1080,"caption":"Av. Deniz Can K\u0131z\u0131l"},"image":{"@id":"https:\/\/denizcankizil.tr\/#\/schema\/logo\/image\/"}},{"@type":"Person","@id":"https:\/\/denizcankizil.tr\/#\/schema\/person\/e1eb71bb4dd684d46563f0af307e1234","name":"Antalya K\u00f6rfez","image":{"@type":"ImageObject","inLanguage":"de","@id":"https:\/\/denizcankizil.tr\/#\/schema\/person\/image\/","url":"https:\/\/secure.gravatar.com\/avatar\/42b01982558a48a0b501fdcab6a408d3717ea5919095ee2e67b0e521799c5905?s=96&d=mm&r=g","contentUrl":"https:\/\/secure.gravatar.com\/avatar\/42b01982558a48a0b501fdcab6a408d3717ea5919095ee2e67b0e521799c5905?s=96&d=mm&r=g","caption":"Antalya K\u00f6rfez"},"sameAs":["http:\/\/www.antalyakorfez.com"],"url":"https:\/\/www.antalyakorfez.com\/dikkat-antalyada-bu-yollar-trafige-kapatilacak"}]}},"_links":{"self":[{"href":"http:\/\/denizcankizil.tr\/de\/wp-json\/wp\/v2\/posts\/25076","targetHints":{"allow":["GET"]}}],"collection":[{"href":"http:\/\/denizcankizil.tr\/de\/wp-json\/wp\/v2\/posts"}],"about":[{"href":"http:\/\/denizcankizil.tr\/de\/wp-json\/wp\/v2\/types\/post"}],"author":[{"embeddable":true,"href":"http:\/\/denizcankizil.tr\/de\/wp-json\/wp\/v2\/users\/5"}],"replies":[{"embeddable":true,"href":"http:\/\/denizcankizil.tr\/de\/wp-json\/wp\/v2\/comments?post=25076"}],"version-history":[{"count":0,"href":"http:\/\/denizcankizil.tr\/de\/wp-json\/wp\/v2\/posts\/25076\/revisions"}],"wp:attachment":[{"href":"http:\/\/denizcankizil.tr\/de\/wp-json\/wp\/v2\/media?parent=25076"}],"wp:term":[{"taxonomy":"category","embeddable":true,"href":"http:\/\/denizcankizil.tr\/de\/wp-json\/wp\/v2\/categories?post=25076"},{"taxonomy":"post_tag","embeddable":true,"href":"http:\/\/denizcankizil.tr\/de\/wp-json\/wp\/v2\/tags?post=25076"}],"curies":[{"name":"wp","href":"https:\/\/api.w.org\/{rel}","templated":true}]}}