{"id":24782,"date":"2025-01-10T12:39:00","date_gmt":"2025-01-10T09:39:00","guid":{"rendered":"https:\/\/denizcankizil.tr\/uncategorized-tr\/aymnin-2021-10312-basvuru-numarali-karari\/"},"modified":"2025-01-10T12:39:00","modified_gmt":"2025-01-10T09:39:00","slug":"aymnin-2021-10312-basvuru-numarali-karari","status":"publish","type":"post","link":"http:\/\/denizcankizil.tr\/de\/hukukihaber\/aymnin-2021-10312-basvuru-numarali-karari\/","title":{"rendered":"AYM&#8217;nin 2021\/10312 ba\u015fvuru numaral\u0131 karar\u0131"},"content":{"rendered":"<p>T\u00dcRK\u0130YE CUMHUR\u0130YET\u0130<\/p>\n<p>   ANAYASA MAHKEMES\u0130<\/p>\n<p>   \u00a0<\/p>\n<p>   \u00a0<\/p>\n<p>   B\u0130R\u0130NC\u0130 B\u00d6L\u00dcM<\/p>\n<p>   \u00a0<\/p>\n<p>   KARAR<\/p>\n<p>   \u00a0<\/p>\n<p>   ARAS G\u00dcMR\u00dcKLEME GIDA PAZARLAMA TEKST\u0130L TUR\u0130ZM \u0130N\u015e. SAN. VE DI\u015e T\u0130C. LTD. \u015eT\u0130. VE D\u0130\u011eERLER\u0130 BA\u015eVURUSU<\/p>\n<p>   (Ba\u015fvuru Numaras\u0131: 2021\/10312)<\/p>\n<p>   \u00a0<\/p>\n<p>   Karar Tarihi: 19\/11\/2024<\/p>\n<p>   B\u0130R\u0130NC\u0130 B\u00d6L\u00dcM<\/p>\n<p>   \u00a0<\/p>\n<p>   KARAR<\/p>\n<p>   \u00a0<\/p>\n<p>\u00a0<\/p>\n<p>   Ba\u015fkan<\/p>\n<p>   :<\/p>\n<p>   Hasan Tahsin G\u00d6KCAN<\/p>\n<p>   \u00dcyeler<\/p>\n<p>   :<\/p>\n<p>   Recai AKYEL<\/p>\n<p>   \u00a0<\/p>\n<p>   \u00a0<\/p>\n<p>   Yusuf \u015eevki HAKYEMEZ<\/p>\n<p>   \u00a0<\/p>\n<p>   \u00a0<\/p>\n<p>   \u0130rfan F\u0130DAN<\/p>\n<p>   \u00a0<\/p>\n<p>   \u00a0<\/p>\n<p>   Y\u0131lmaz AK\u00c7\u0130L<\/p>\n<p>   Raport\u00f6r<\/p>\n<p>   :<\/p>\n<p>   \u015eahap KAYMAK<\/p>\n<p>   Ba\u015fvurucular<\/p>\n<p>   :<\/p>\n<p>   Aras G\u00fcmr\u00fckleme G\u0131da Pazarlama Tekstil Turizm \u0130n\u015f. San. ve D\u0131\u015f. Tic. Ltd. \u015eti. ve di\u011ferleri [Bkz. ekli tablonun (D) s\u00fctunu]<\/p>\n<p>   Vekilleri<\/p>\n<p>   :<\/p>\n<p>   Av. Erkin \u00c7a\u011fr\u0131 AKAY<\/p>\n<p>\u00a0<\/p>\n<p>I. BA\u015eVURUNUN \u00d6ZET\u0130<\/p>\n<p>1. Ba\u015fvuru, ilaml\u0131 icra takibine y\u00f6nelik \u015fik\u00e2yete ili\u015fkin yap\u0131lan yarg\u0131lamadan alacakl\u0131 taraf olan ba\u015fvurucular\u0131n haberdar edilmemesi nedeniyle mahkeme hakk\u0131n\u0131n ihlal edildi\u011fi iddias\u0131na ili\u015fkindir.<\/p>\n<p>2. Ba\u015fvurucular\u0131n; g\u00fcmr\u00fck mevzuat\u0131 uyar\u0131nca haklar\u0131nda tesis edilen i\u015flemlerin iptali talebiyle vergi mahkemelerinde a\u00e7t\u0131klar\u0131 davalar lehlerine sonu\u00e7land\u0131\u011f\u0131 i\u00e7in ba\u015fvuruculara yat\u0131rd\u0131klar\u0131 har\u00e7, posta giderinin \u00f6denmesine ve vek\u00e2let \u00fccreti h\u00fckmedilmesine karar verilmi\u015ftir. Ba\u015fvurucular, lehlerine h\u00fckmedilen har\u00e7 ve posta gideri ile vek\u00e2let \u00fccretinin tahsili amac\u0131yla ilgili idare aleyhine ilaml\u0131 icra takibi ba\u015flatm\u0131\u015ft\u0131r. Bunun \u00fczerine ilgili idare taraf\u0131ndan icra emirlerinin iptali talebiyle icra hukuk mahkemesinde dava a\u00e7\u0131lm\u0131\u015ft\u0131r.<\/p>\n<p>3. \u0130cra Hukuk Mahkemesi; dosya \u00fczerinden yapt\u0131\u011f\u0131 inceleme sonucunda icra emrinin iptali talebinin reddine, icra emri tebli\u011f i\u015fleminin iptaline ve icra emri tebli\u011finin ilgili idare vekiline yap\u0131lmas\u0131 gerekti\u011finin tespitine kesin olarak karar vermi\u015ftir. Ayr\u0131ca ba\u015fvurucular aleyhine har\u00e7 ve posta gideri ile vek\u00e2let \u00fccretine h\u00fckmedilmi\u015ftir. Karar\u0131n gerek\u00e7esinde; vergi mahkemelerinde g\u00f6r\u00fclen davalarda ilgili idarenin vekil ile temsil edildi\u011fi, vekilin vek\u00e2let g\u00f6revinden azledildi\u011fi veya \u00e7ekildi\u011fine dair herhangi bir belgenin dosyaya ibraz edilmedi\u011fi ve vek\u00e2letnamenin ayr\u0131ca takip dosyas\u0131na sunulmamas\u0131n\u0131n sonuca etkili olmad\u0131\u011f\u0131 belirtilmi\u015ftir. Bu ba\u011flamda icra emirlerinin vekil yerine asile tebli\u011f edilmesinin usuls\u00fcz tebli\u011f oldu\u011fu ancak bu eksikli\u011fin icra emrinin iptalini gerektirmedi\u011fi ifade edilmi\u015ftir.<\/p>\n<p>4. Ba\u015fvurular, farkl\u0131 tarihlerde s\u00fcresi i\u00e7inde yap\u0131lm\u0131\u015ft\u0131r. Komisyon, ekli tablonun (B) s\u00fctununda numaralar\u0131 belirtilen ba\u015fvurular\u0131n konu y\u00f6n\u00fcnden irtibat\u0131 nedeniyle 2021\/10312 numaral\u0131 ba\u015fvuru ile birle\u015ftirilmesine ve incelemenin bu dosya \u00fczerinden yap\u0131lmas\u0131na karar vermi\u015ftir.<\/p>\n<p>5. Ba\u015fvurunun kabul edilebilirlik ve esas incelemesinin B\u00f6l\u00fcm taraf\u0131ndan yap\u0131lmas\u0131na karar verilmi\u015ftir.<\/p>\n<p>II. DE\u011eERLEND\u0130RME<\/p>\n<p>6. Ba\u015fvurucular; icra hukuk mahkemesince k\u0131smen iptal, k\u0131smen ret karar\u0131 verilmesine ra\u011fmen lehe vek\u00e2let \u00fccretine h\u00fckmedilmedi\u011fini, s\u0131rf vek\u00e2let \u00fccretine h\u00fckmedilmesi amac\u0131yla icra emrinin iptalinin talep edilmesi suretiyle hakk\u0131n k\u00f6t\u00fcye kullan\u0131ld\u0131\u011f\u0131n\u0131 belirterek adil yarg\u0131lanma hakk\u0131n\u0131n ihlal edildi\u011fini ileri s\u00fcrm\u00fc\u015ft\u00fcr. Ayr\u0131ca ba\u015fvurucular icra hukuk mahkemesince dava dilek\u00e7esi tebli\u011f edilmeden ve savunma al\u0131nmadan karar verildi\u011fini ve davadan gerek\u00e7eli karar\u0131n tebli\u011f edilmesiyle haberdar olundu\u011funu belirterek silahlar\u0131n e\u015fitli\u011fi ve \u00e7eli\u015fmeli yarg\u0131lama ilkelerinin ihlal edildi\u011finden yak\u0131nm\u0131\u015ft\u0131r. Ba\u015fvuru belgelerinin bir \u00f6rne\u011fi bilgi i\u00e7in Adalet Bakanl\u0131\u011f\u0131na g\u00f6nderilmi\u015ftir.<\/p>\n<p>7. Ba\u015fvuru, mahkeme hakk\u0131 kapsam\u0131nda incelenmi\u015ftir.<\/p>\n<p>8. A\u00e7\u0131k\u00e7a dayanaktan yoksun olmad\u0131\u011f\u0131 ve kabul edilemezli\u011fine karar verilmesini gerektirecek ba\u015fka bir neden de bulunmad\u0131\u011f\u0131 anla\u015f\u0131lan mahkeme hakk\u0131n\u0131n ihlal edildi\u011fine ili\u015fkin iddian\u0131n kabul edilebilir oldu\u011funa karar verilmesi gerekir.<\/p>\n<p>9. Anayasa Mahkemesi somut ba\u015fvuru ile ayn\u0131 nitelikteki ihlal iddialar\u0131n\u0131 inceledi\u011fi Umde \u0130n\u015f. San. ve Tic. Ltd. \u015eti. ([GK], B. No: 2017\/35282, 10\/2\/2022) karar\u0131nda, uygulanacak anayasal ilkeleri belirlemi\u015ftir. An\u0131lan kararda Anayasa Mahkemesi, \u015fik\u00e2yetin takibin di\u011fer taraflar\u0131n\u0131 ilgilendirip ilgilendirmedi\u011fi hususundan ziyade somut olay \u00e7er\u00e7evesinde ilgilinin hakk\u0131n\u0131n etkilenip etkilenmedi\u011fi hususunda kategorik bir \u015fekilde de\u011ferlendirilmesi gerekti\u011fini, uyu\u015fmazl\u0131\u011f\u0131n esas\u0131n\u0131n karara ba\u011flanmad\u0131\u011f\u0131 ancak alaca\u011f\u0131n takip y\u00f6ntemini belirleyen yarg\u0131lamalar\u0131n da bu ba\u011flamda Avrupa \u0130nsan Haklar\u0131 S\u00f6zle\u015fmesi ile Anayasa&#8217;n\u0131n ortak koruma alan\u0131nda oldu\u011funu belirtmi\u015ftir (Umde \u0130n\u015f. San. ve Tic. Ltd. \u015eti., \u00a7 42, 45).<\/p>\n<p>10. S\u00f6z konusu kararda, hakk\u0131nda dava a\u00e7\u0131lan bir ki\u015finin dava ile ilgili beyan ve delillerini sunma hakk\u0131n\u0131n fiilen ortadan kald\u0131r\u0131lmas\u0131n\u0131n mahkemeye eri\u015fim sorununu ortaya \u00e7\u0131karaca\u011f\u0131 vurguland\u0131ktan sonra yarg\u0131sal s\u00fcre\u00e7ten usul\u00fcne uygun bir \u015fekilde haberdar edilerek iddialara ili\u015fkin beyan ve delillerini sunma imk\u00e2n\u0131 tan\u0131nmayan bir ki\u015fi i\u00e7in ger\u00e7ek anlamda uyu\u015fmazl\u0131\u011f\u0131n mahkeme \u00f6n\u00fcne getirildi\u011finden bahsedilemeyece\u011fi ifade edilmi\u015ftir (Umde \u0130n\u015f. San. ve Tic. Ltd. \u015eti., \u00a7 56).<\/p>\n<p>11. Ba\u015fvurucunun, \u015fik\u00e2yet dilek\u00e7esinin tebli\u011f edilmemesi nedeniyle dilek\u00e7e i\u00e7eri\u011finden haberdar olamad\u0131\u011f\u0131n\u0131 ve bu nedenle esasa ili\u015fkin beyan ve itirazlar\u0131n\u0131 sunma hakk\u0131ndan yoksun b\u0131rak\u0131ld\u0131\u011f\u0131n\u0131n alt\u0131n\u0131 \u00e7izen Anayasa Mahkemesi, karar\u0131n kesin olmas\u0131 nedeniyle de bu eksikli\u011fin sonraki a\u015famalarda giderilmesinin m\u00fcmk\u00fcn olmad\u0131\u011f\u0131na i\u015faret etmi\u015ftir. Sonu\u00e7 olarak Anayasa Mahkemesi, yarg\u0131sal fonksiyonun ger\u00e7ek anlamda yerine getirilmesi i\u00e7in zorunlu olan iddiaya kar\u015f\u0131 savunma hakk\u0131n\u0131n tan\u0131nd\u0131\u011f\u0131 taraflarca sunulan deliller \u00e7er\u00e7evesinde uyu\u015fmazl\u0131\u011f\u0131n karara ba\u011fland\u0131\u011f\u0131 bir yarg\u0131sal s\u00fcrecin ba\u015fvurucu y\u00f6n\u00fcnden ya\u015fanmad\u0131\u011f\u0131n\u0131 de\u011ferlendirmi\u015f ve bu durumun ba\u015fvurucunun mahkeme hakk\u0131ndan yoksun b\u0131rak\u0131lmas\u0131 sonucunu do\u011furdu\u011funa karar vermi\u015ftir (Umde \u0130n\u015f. San. ve Tic. Ltd. \u015eti., \u00a7 58).<\/p>\n<p>12. Somut ba\u015fvuruda da an\u0131lan karardan ayr\u0131lmay\u0131 gerektirir bir husus bulunmamaktad\u0131r. Bu nedenle ba\u015fvurucular\u0131n Anayasa&#8217;n\u0131n 36. maddesinde g\u00fcvence alt\u0131na al\u0131nan adil yarg\u0131lanma hakk\u0131 kapsam\u0131ndaki mahkeme hakk\u0131n\u0131n ihlal edildi\u011fine karar verilmesi gerekir.<\/p>\n<p>13. Ba\u015fvurucular; icra hukuk mahkemesince k\u0131smen iptal, k\u0131smen ret karar\u0131 verilmesine ra\u011fmen lehe vek\u00e2let \u00fccretine h\u00fckmedilmedi\u011fi, s\u0131rf vek\u00e2let \u00fccretine h\u00fckmedilmesi amac\u0131yla icra emrinin iptalinin talep edilerek hakk\u0131n k\u00f6t\u00fcye kullan\u0131ld\u0131\u011f\u0131n\u0131 ileri s\u00fcrm\u00fc\u015fse de adil yarg\u0131lanma hakk\u0131 kapsam\u0131ndaki mahkeme hakk\u0131 y\u00f6n\u00fcnden ula\u015f\u0131lan sonu\u00e7 g\u00f6zetildi\u011finde s\u00f6z konusu ihlal iddialar\u0131na ili\u015fkin ayr\u0131ca inceleme yap\u0131lmas\u0131na gerek g\u00f6r\u00fclmemi\u015ftir.<\/p>\n<p>III. G\u0130DER\u0130M <\/p>\n<p>14. Ba\u015fvurucular; ihlalin tespiti ile yeniden yarg\u0131lama yap\u0131lmas\u0131 talebinde bulunmu\u015ftur.<\/p>\n<p>15. Ba\u015fvuruda tespit edilen hak ihlalinin sonu\u00e7lar\u0131n\u0131n ortadan kald\u0131r\u0131lmas\u0131 i\u00e7in yeniden yarg\u0131lama yap\u0131lmas\u0131nda hukuki yarar bulunmaktad\u0131r. Bu kapsamda karar\u0131n g\u00f6nderildi\u011fi yarg\u0131 mercilerince yap\u0131lmas\u0131 gereken i\u015f, yeniden yarg\u0131lama i\u015flemlerini ba\u015flatmak ve Anayasa Mahkemesini ihlal sonucuna ula\u015ft\u0131ran nedenleri gideren, ihlal karar\u0131nda belirtilen ilkelere uygun yeni bir karar vermektir (Mehmet Do\u011fan [GK], B. No: 2014\/8875, 7\/6\/2018, \u00a7\u00a7 54-60; Alig\u00fcl Alkaya ve di\u011ferleri (2), B. No: 2016\/12506, 7\/11\/2019, \u00a7\u00a7 53-60, 66; Kadri Enis Berbero\u011flu (3) [GK], B. No: 2020\/32949, 21\/1\/2021, \u00a7\u00a7 93-100).<\/p>\n<p>IV. H\u00dcK\u00dcM<\/p>\n<p>A\u00e7\u0131klanan gerek\u00e7elerle;<\/p>\n<p>A. Mahkeme hakk\u0131n\u0131n ihlal edildi\u011fine ili\u015fkin iddian\u0131n KABUL ED\u0130LEB\u0130L\u0130R OLDU\u011eUNA,<\/p>\n<p>B. Anayasa&#8217;n\u0131n 36. maddesinde g\u00fcvence alt\u0131na al\u0131nan adil yarg\u0131lanma hakk\u0131 kapsam\u0131ndaki mahkeme hakk\u0131n\u0131n \u0130HLAL ED\u0130LD\u0130\u011e\u0130NE,<\/p>\n<p>C. Di\u011fer ihlal iddialar\u0131 y\u00f6n\u00fcnden \u0130NCELEME YAPILMASINA GEREK BULUNMADI\u011eINA,<\/p>\n<p>D. Karar\u0131n bir \u00f6rne\u011finin mahkeme hakk\u0131n\u0131n ihlalinin sonu\u00e7lar\u0131n\u0131n ortadan kald\u0131r\u0131lmas\u0131 i\u00e7in yeniden yarg\u0131lama yap\u0131lmak \u00fczere ekli tablonun (E) s\u00fctununda g\u00f6sterilen ilgili mahkemeye G\u00d6NDER\u0130LMES\u0130NE,<\/p>\n<p>E. Ekli tablonun (H) s\u00fctununda g\u00f6sterilen ayn\u0131 avukat taraf\u0131ndan temsil edilen ba\u015fvuruculara 30.000 TL vek\u00e2let \u00fccretinin M\u00dc\u015eTEREKEN \u00d6DENMES\u0130NE, ekli tablonun (F) s\u00fctununda belirtilen yarg\u0131lama giderinin ilgili sat\u0131rda g\u00f6sterilen ba\u015fvuruculara \u00d6DENMES\u0130NE,<\/p>\n<p>F. \u00d6demelerin karar\u0131n tebli\u011fini takiben ba\u015fvurucular\u0131n Hazine ve Maliye Bakanl\u0131\u011f\u0131na ba\u015fvuru tarihinden itibaren d\u00f6rt ay i\u00e7inde yap\u0131lmas\u0131na, \u00f6demede gecikme olmas\u0131 h\u00e2linde bu s\u00fcrenin sona erdi\u011fi tarihten \u00f6deme tarihine kadar ge\u00e7en s\u00fcre i\u00e7in yasal FA\u0130Z UYGULANMASINA,<\/p>\n<p>G. Karar\u0131n bir \u00f6rne\u011finin Adalet Bakanl\u0131\u011f\u0131na G\u00d6NDER\u0130LMES\u0130NE 19\/11\/2024 tarihinde OYB\u0130RL\u0130\u011e\u0130YLE karar verildi.<\/p>\n<p>\u200bAnayasa Mahkemesi&#8217;nin 19\/11\/2024 tarihli ve 2021\/10312 ba\u015fvuru numaral\u0131 karar\u0131\u00a0Hukuki Haber<\/p>\n<p>Haberin Al\u0131nt\u0131land\u0131\u011f\u0131 Kaynak: www.hukukihaber.net<\/p>","protected":false},"excerpt":{"rendered":"<p>T\u00dcRK\u0130YE CUMHUR\u0130YET\u0130 ANAYASA MAHKEMES\u0130 \u00a0 \u00a0 B\u0130R\u0130NC\u0130 B\u00d6L\u00dcM \u00a0 KARAR \u00a0 ARAS G\u00dcMR\u00dcKLEME GIDA PAZARLAMA TEKST\u0130L TUR\u0130ZM \u0130N\u015e. SAN. VE DI\u015e T\u0130C. LTD. \u015eT\u0130. VE D\u0130\u011eERLER\u0130 BA\u015eVURUSU (Ba\u015fvuru Numaras\u0131: 2021\/10312) \u00a0 Karar Tarihi: 19\/11\/2024 B\u0130R\u0130NC\u0130 B\u00d6L\u00dcM \u00a0 KARAR \u00a0 \u00a0 Ba\u015fkan : Hasan Tahsin G\u00d6KCAN \u00dcyeler : Recai AKYEL \u00a0 \u00a0 Yusuf \u015eevki HAKYEMEZ \u00a0 \u00a0 \u0130rfan F\u0130DAN \u00a0 \u00a0 Y\u0131lmaz AK\u00c7\u0130L Raport\u00f6r : \u015eahap KAYMAK Ba\u015fvurucular : Aras G\u00fcmr\u00fckleme G\u0131da Pazarlama Tekstil Turizm \u0130n\u015f. San. ve D\u0131\u015f. Tic. Ltd. \u015eti. ve di\u011ferleri [Bkz. ekli tablonun (D) s\u00fctunu] Vekilleri : Av. Erkin \u00c7a\u011fr\u0131 AKAY \u00a0 I. BA\u015eVURUNUN \u00d6ZET\u0130 1. Ba\u015fvuru, ilaml\u0131 icra takibine y\u00f6nelik \u015fik\u00e2yete ili\u015fkin yap\u0131lan yarg\u0131lamadan alacakl\u0131 taraf olan ba\u015fvurucular\u0131n haberdar edilmemesi nedeniyle mahkeme hakk\u0131n\u0131n ihlal edildi\u011fi iddias\u0131na ili\u015fkindir. 2. Ba\u015fvurucular\u0131n; g\u00fcmr\u00fck mevzuat\u0131 uyar\u0131nca haklar\u0131nda tesis edilen i\u015flemlerin iptali talebiyle vergi mahkemelerinde a\u00e7t\u0131klar\u0131 davalar lehlerine sonu\u00e7land\u0131\u011f\u0131 i\u00e7in ba\u015fvuruculara yat\u0131rd\u0131klar\u0131 har\u00e7, posta giderinin \u00f6denmesine ve vek\u00e2let \u00fccreti h\u00fckmedilmesine karar verilmi\u015ftir. Ba\u015fvurucular, lehlerine h\u00fckmedilen har\u00e7 ve posta gideri ile vek\u00e2let \u00fccretinin tahsili amac\u0131yla ilgili idare aleyhine ilaml\u0131 icra takibi ba\u015flatm\u0131\u015ft\u0131r. Bunun \u00fczerine ilgili idare taraf\u0131ndan icra emirlerinin iptali talebiyle icra hukuk mahkemesinde dava a\u00e7\u0131lm\u0131\u015ft\u0131r. 3. \u0130cra Hukuk Mahkemesi; dosya \u00fczerinden yapt\u0131\u011f\u0131 inceleme sonucunda icra emrinin iptali talebinin reddine, icra emri &hellip;<\/p>\n","protected":false},"author":3,"featured_media":0,"comment_status":"open","ping_status":"open","sticky":false,"template":"","format":"standard","meta":{"_acf_changed":false,"footnotes":""},"categories":[27],"tags":[],"class_list":["post-24782","post","type-post","status-publish","format-standard","has-post-thumbnail","hentry","category-hukukihaber"],"acf":[],"yoast_head":"<!-- This site is optimized with the Yoast SEO Premium plugin v26.6 (Yoast SEO v27.1.1) - https:\/\/yoast.com\/product\/yoast-seo-premium-wordpress\/ -->\n<title>AYM&#039;nin 2021\/10312 ba\u015fvuru numaral\u0131 karar\u0131 - Av. Deniz Can K\u0131z\u0131l<\/title>\n<meta name=\"robots\" content=\"index, follow, max-snippet:-1, max-image-preview:large, max-video-preview:-1\" \/>\n<link rel=\"canonical\" href=\"https:\/\/denizcankizil.tr\/de\/hukukihaber\/aymnin-2021-10312-basvuru-numarali-karari\/\" \/>\n<meta property=\"og:locale\" content=\"de_DE\" \/>\n<meta property=\"og:type\" content=\"article\" \/>\n<meta property=\"og:title\" content=\"AYM&#039;nin 2021\/10312 ba\u015fvuru numaral\u0131 karar\u0131\" \/>\n<meta property=\"og:description\" content=\"T\u00dcRK\u0130YE CUMHUR\u0130YET\u0130 ANAYASA MAHKEMES\u0130 \u00a0 \u00a0 B\u0130R\u0130NC\u0130 B\u00d6L\u00dcM \u00a0 KARAR \u00a0 ARAS G\u00dcMR\u00dcKLEME GIDA PAZARLAMA TEKST\u0130L TUR\u0130ZM \u0130N\u015e. SAN. VE DI\u015e T\u0130C. LTD. \u015eT\u0130. VE D\u0130\u011eERLER\u0130 BA\u015eVURUSU (Ba\u015fvuru Numaras\u0131: 2021\/10312) \u00a0 Karar Tarihi: 19\/11\/2024 B\u0130R\u0130NC\u0130 B\u00d6L\u00dcM \u00a0 KARAR \u00a0 \u00a0 Ba\u015fkan : Hasan Tahsin G\u00d6KCAN \u00dcyeler : Recai AKYEL \u00a0 \u00a0 Yusuf \u015eevki HAKYEMEZ \u00a0 \u00a0 \u0130rfan F\u0130DAN \u00a0 \u00a0 Y\u0131lmaz AK\u00c7\u0130L Raport\u00f6r : \u015eahap KAYMAK Ba\u015fvurucular : Aras G\u00fcmr\u00fckleme G\u0131da Pazarlama Tekstil Turizm \u0130n\u015f. San. ve D\u0131\u015f. Tic. Ltd. \u015eti. ve di\u011ferleri [Bkz. ekli tablonun (D) s\u00fctunu] Vekilleri : Av. Erkin \u00c7a\u011fr\u0131 AKAY \u00a0 I. BA\u015eVURUNUN \u00d6ZET\u0130 1. Ba\u015fvuru, ilaml\u0131 icra takibine y\u00f6nelik \u015fik\u00e2yete ili\u015fkin yap\u0131lan yarg\u0131lamadan alacakl\u0131 taraf olan ba\u015fvurucular\u0131n haberdar edilmemesi nedeniyle mahkeme hakk\u0131n\u0131n ihlal edildi\u011fi iddias\u0131na ili\u015fkindir. 2. Ba\u015fvurucular\u0131n; g\u00fcmr\u00fck mevzuat\u0131 uyar\u0131nca haklar\u0131nda tesis edilen i\u015flemlerin iptali talebiyle vergi mahkemelerinde a\u00e7t\u0131klar\u0131 davalar lehlerine sonu\u00e7land\u0131\u011f\u0131 i\u00e7in ba\u015fvuruculara yat\u0131rd\u0131klar\u0131 har\u00e7, posta giderinin \u00f6denmesine ve vek\u00e2let \u00fccreti h\u00fckmedilmesine karar verilmi\u015ftir. Ba\u015fvurucular, lehlerine h\u00fckmedilen har\u00e7 ve posta gideri ile vek\u00e2let \u00fccretinin tahsili amac\u0131yla ilgili idare aleyhine ilaml\u0131 icra takibi ba\u015flatm\u0131\u015ft\u0131r. Bunun \u00fczerine ilgili idare taraf\u0131ndan icra emirlerinin iptali talebiyle icra hukuk mahkemesinde dava a\u00e7\u0131lm\u0131\u015ft\u0131r. 3. \u0130cra Hukuk Mahkemesi; dosya \u00fczerinden yapt\u0131\u011f\u0131 inceleme sonucunda icra emrinin iptali talebinin reddine, icra emri &hellip;\" \/>\n<meta property=\"og:url\" content=\"https:\/\/denizcankizil.tr\/de\/hukukihaber\/aymnin-2021-10312-basvuru-numarali-karari\/\" \/>\n<meta property=\"og:site_name\" content=\"Av. Deniz Can K\u0131z\u0131l\" \/>\n<meta property=\"article:published_time\" content=\"2025-01-10T09:39:00+00:00\" \/>\n<meta name=\"author\" content=\"Hukuki Haber.net\" \/>\n<meta name=\"twitter:card\" content=\"summary_large_image\" \/>\n<meta name=\"twitter:label1\" content=\"Verfasst von\" \/>\n\t<meta name=\"twitter:data1\" content=\"Hukuki Haber.net\" \/>\n\t<meta name=\"twitter:label2\" content=\"Gesch\u00e4tzte Lesezeit\" \/>\n\t<meta name=\"twitter:data2\" content=\"7\u00a0Minuten\" \/>\n<script type=\"application\/ld+json\" class=\"yoast-schema-graph\">{\"@context\":\"https:\/\/schema.org\",\"@graph\":[{\"@type\":\"Article\",\"@id\":\"https:\/\/denizcankizil.tr\/ru\/hukukihaber\/aymnin-2021-10312-basvuru-numarali-karari\/#article\",\"isPartOf\":{\"@id\":\"https:\/\/denizcankizil.tr\/ru\/hukukihaber\/aymnin-2021-10312-basvuru-numarali-karari\/\"},\"author\":{\"name\":\"Hukuki Haber.net\",\"@id\":\"https:\/\/denizcankizil.tr\/#\/schema\/person\/001a271de994a0aa3f90eea084424822\"},\"headline\":\"AYM&#8217;nin 2021\/10312 ba\u015fvuru numaral\u0131 karar\u0131\",\"datePublished\":\"2025-01-10T09:39:00+00:00\",\"mainEntityOfPage\":{\"@id\":\"https:\/\/denizcankizil.tr\/ru\/hukukihaber\/aymnin-2021-10312-basvuru-numarali-karari\/\"},\"wordCount\":1426,\"commentCount\":0,\"publisher\":{\"@id\":\"https:\/\/denizcankizil.tr\/#organization\"},\"articleSection\":[\"Hukuki Haberler\"],\"inLanguage\":\"de\",\"potentialAction\":[{\"@type\":\"CommentAction\",\"name\":\"Comment\",\"target\":[\"https:\/\/denizcankizil.tr\/ru\/hukukihaber\/aymnin-2021-10312-basvuru-numarali-karari\/#respond\"]}]},{\"@type\":\"WebPage\",\"@id\":\"https:\/\/denizcankizil.tr\/ru\/hukukihaber\/aymnin-2021-10312-basvuru-numarali-karari\/\",\"url\":\"https:\/\/denizcankizil.tr\/ru\/hukukihaber\/aymnin-2021-10312-basvuru-numarali-karari\/\",\"name\":\"AYM'nin 2021\/10312 ba\u015fvuru numaral\u0131 karar\u0131 - Av. Deniz Can K\u0131z\u0131l\",\"isPartOf\":{\"@id\":\"https:\/\/denizcankizil.tr\/#website\"},\"datePublished\":\"2025-01-10T09:39:00+00:00\",\"breadcrumb\":{\"@id\":\"https:\/\/denizcankizil.tr\/ru\/hukukihaber\/aymnin-2021-10312-basvuru-numarali-karari\/#breadcrumb\"},\"inLanguage\":\"de\",\"potentialAction\":[{\"@type\":\"ReadAction\",\"target\":[\"https:\/\/denizcankizil.tr\/ru\/hukukihaber\/aymnin-2021-10312-basvuru-numarali-karari\/\"]}]},{\"@type\":\"BreadcrumbList\",\"@id\":\"https:\/\/denizcankizil.tr\/ru\/hukukihaber\/aymnin-2021-10312-basvuru-numarali-karari\/#breadcrumb\",\"itemListElement\":[{\"@type\":\"ListItem\",\"position\":1,\"name\":\"Home\",\"item\":\"https:\/\/denizcankizil.tr\/de\/\"},{\"@type\":\"ListItem\",\"position\":2,\"name\":\"AYM&#8217;nin 2021\/10312 ba\u015fvuru numaral\u0131 karar\u0131\"}]},{\"@type\":\"WebSite\",\"@id\":\"https:\/\/denizcankizil.tr\/#website\",\"url\":\"https:\/\/denizcankizil.tr\/\",\"name\":\"Av. Deniz Can K\u0131z\u0131l\",\"description\":\"Avukat Deniz Can K\u0131z\u0131l Antalya Barosu\",\"publisher\":{\"@id\":\"https:\/\/denizcankizil.tr\/#organization\"},\"potentialAction\":[{\"@type\":\"SearchAction\",\"target\":{\"@type\":\"EntryPoint\",\"urlTemplate\":\"https:\/\/denizcankizil.tr\/?s={search_term_string}\"},\"query-input\":{\"@type\":\"PropertyValueSpecification\",\"valueRequired\":true,\"valueName\":\"search_term_string\"}}],\"inLanguage\":\"de\"},{\"@type\":\"Organization\",\"@id\":\"https:\/\/denizcankizil.tr\/#organization\",\"name\":\"Av. Deniz Can K\u0131z\u0131l\",\"url\":\"https:\/\/denizcankizil.tr\/\",\"logo\":{\"@type\":\"ImageObject\",\"inLanguage\":\"de\",\"@id\":\"https:\/\/denizcankizil.tr\/#\/schema\/logo\/image\/\",\"url\":\"http:\/\/denizcankizil.tr\/wp-content\/uploads\/2024\/10\/siyah-logo-svg.svg\",\"contentUrl\":\"http:\/\/denizcankizil.tr\/wp-content\/uploads\/2024\/10\/siyah-logo-svg.svg\",\"width\":1080,\"height\":1080,\"caption\":\"Av. Deniz Can K\u0131z\u0131l\"},\"image\":{\"@id\":\"https:\/\/denizcankizil.tr\/#\/schema\/logo\/image\/\"}},{\"@type\":\"Person\",\"@id\":\"https:\/\/denizcankizil.tr\/#\/schema\/person\/001a271de994a0aa3f90eea084424822\",\"name\":\"Hukuki Haber.net\",\"image\":{\"@type\":\"ImageObject\",\"inLanguage\":\"de\",\"@id\":\"https:\/\/denizcankizil.tr\/#\/schema\/person\/image\/\",\"url\":\"https:\/\/secure.gravatar.com\/avatar\/57d8a49151495586611a149d29fc42865b951dc053a84709a3172ccb5abf3118?s=96&d=mm&r=g\",\"contentUrl\":\"https:\/\/secure.gravatar.com\/avatar\/57d8a49151495586611a149d29fc42865b951dc053a84709a3172ccb5abf3118?s=96&d=mm&r=g\",\"caption\":\"Hukuki Haber.net\"},\"sameAs\":[\"http:\/\/www.hukukihaber.net\"],\"url\":\"http:\/\/denizcankizil.tr\/de\/author\/hukukihabernet\/\"}]}<\/script>\n<!-- \/ Yoast SEO Premium plugin. -->","yoast_head_json":{"title":"AYM'nin 2021\/10312 ba\u015fvuru numaral\u0131 karar\u0131 - Av. Deniz Can K\u0131z\u0131l","robots":{"index":"index","follow":"follow","max-snippet":"max-snippet:-1","max-image-preview":"max-image-preview:large","max-video-preview":"max-video-preview:-1"},"canonical":"https:\/\/denizcankizil.tr\/de\/hukukihaber\/aymnin-2021-10312-basvuru-numarali-karari\/","og_locale":"de_DE","og_type":"article","og_title":"AYM'nin 2021\/10312 ba\u015fvuru numaral\u0131 karar\u0131","og_description":"T\u00dcRK\u0130YE CUMHUR\u0130YET\u0130 ANAYASA MAHKEMES\u0130 \u00a0 \u00a0 B\u0130R\u0130NC\u0130 B\u00d6L\u00dcM \u00a0 KARAR \u00a0 ARAS G\u00dcMR\u00dcKLEME GIDA PAZARLAMA TEKST\u0130L TUR\u0130ZM \u0130N\u015e. SAN. VE DI\u015e T\u0130C. LTD. \u015eT\u0130. VE D\u0130\u011eERLER\u0130 BA\u015eVURUSU (Ba\u015fvuru Numaras\u0131: 2021\/10312) \u00a0 Karar Tarihi: 19\/11\/2024 B\u0130R\u0130NC\u0130 B\u00d6L\u00dcM \u00a0 KARAR \u00a0 \u00a0 Ba\u015fkan : Hasan Tahsin G\u00d6KCAN \u00dcyeler : Recai AKYEL \u00a0 \u00a0 Yusuf \u015eevki HAKYEMEZ \u00a0 \u00a0 \u0130rfan F\u0130DAN \u00a0 \u00a0 Y\u0131lmaz AK\u00c7\u0130L Raport\u00f6r : \u015eahap KAYMAK Ba\u015fvurucular : Aras G\u00fcmr\u00fckleme G\u0131da Pazarlama Tekstil Turizm \u0130n\u015f. San. ve D\u0131\u015f. Tic. Ltd. \u015eti. ve di\u011ferleri [Bkz. ekli tablonun (D) s\u00fctunu] Vekilleri : Av. Erkin \u00c7a\u011fr\u0131 AKAY \u00a0 I. BA\u015eVURUNUN \u00d6ZET\u0130 1. Ba\u015fvuru, ilaml\u0131 icra takibine y\u00f6nelik \u015fik\u00e2yete ili\u015fkin yap\u0131lan yarg\u0131lamadan alacakl\u0131 taraf olan ba\u015fvurucular\u0131n haberdar edilmemesi nedeniyle mahkeme hakk\u0131n\u0131n ihlal edildi\u011fi iddias\u0131na ili\u015fkindir. 2. Ba\u015fvurucular\u0131n; g\u00fcmr\u00fck mevzuat\u0131 uyar\u0131nca haklar\u0131nda tesis edilen i\u015flemlerin iptali talebiyle vergi mahkemelerinde a\u00e7t\u0131klar\u0131 davalar lehlerine sonu\u00e7land\u0131\u011f\u0131 i\u00e7in ba\u015fvuruculara yat\u0131rd\u0131klar\u0131 har\u00e7, posta giderinin \u00f6denmesine ve vek\u00e2let \u00fccreti h\u00fckmedilmesine karar verilmi\u015ftir. Ba\u015fvurucular, lehlerine h\u00fckmedilen har\u00e7 ve posta gideri ile vek\u00e2let \u00fccretinin tahsili amac\u0131yla ilgili idare aleyhine ilaml\u0131 icra takibi ba\u015flatm\u0131\u015ft\u0131r. Bunun \u00fczerine ilgili idare taraf\u0131ndan icra emirlerinin iptali talebiyle icra hukuk mahkemesinde dava a\u00e7\u0131lm\u0131\u015ft\u0131r. 3. \u0130cra Hukuk Mahkemesi; dosya \u00fczerinden yapt\u0131\u011f\u0131 inceleme sonucunda icra emrinin iptali talebinin reddine, icra emri &hellip;","og_url":"https:\/\/denizcankizil.tr\/de\/hukukihaber\/aymnin-2021-10312-basvuru-numarali-karari\/","og_site_name":"Av. Deniz Can K\u0131z\u0131l","article_published_time":"2025-01-10T09:39:00+00:00","author":"Hukuki Haber.net","twitter_card":"summary_large_image","twitter_misc":{"Verfasst von":"Hukuki Haber.net","Gesch\u00e4tzte Lesezeit":"7\u00a0Minuten"},"schema":{"@context":"https:\/\/schema.org","@graph":[{"@type":"Article","@id":"https:\/\/denizcankizil.tr\/ru\/hukukihaber\/aymnin-2021-10312-basvuru-numarali-karari\/#article","isPartOf":{"@id":"https:\/\/denizcankizil.tr\/ru\/hukukihaber\/aymnin-2021-10312-basvuru-numarali-karari\/"},"author":{"name":"Hukuki Haber.net","@id":"https:\/\/denizcankizil.tr\/#\/schema\/person\/001a271de994a0aa3f90eea084424822"},"headline":"AYM&#8217;nin 2021\/10312 ba\u015fvuru numaral\u0131 karar\u0131","datePublished":"2025-01-10T09:39:00+00:00","mainEntityOfPage":{"@id":"https:\/\/denizcankizil.tr\/ru\/hukukihaber\/aymnin-2021-10312-basvuru-numarali-karari\/"},"wordCount":1426,"commentCount":0,"publisher":{"@id":"https:\/\/denizcankizil.tr\/#organization"},"articleSection":["Hukuki Haberler"],"inLanguage":"de","potentialAction":[{"@type":"CommentAction","name":"Comment","target":["https:\/\/denizcankizil.tr\/ru\/hukukihaber\/aymnin-2021-10312-basvuru-numarali-karari\/#respond"]}]},{"@type":"WebPage","@id":"https:\/\/denizcankizil.tr\/ru\/hukukihaber\/aymnin-2021-10312-basvuru-numarali-karari\/","url":"https:\/\/denizcankizil.tr\/ru\/hukukihaber\/aymnin-2021-10312-basvuru-numarali-karari\/","name":"AYM'nin 2021\/10312 ba\u015fvuru numaral\u0131 karar\u0131 - Av. Deniz Can K\u0131z\u0131l","isPartOf":{"@id":"https:\/\/denizcankizil.tr\/#website"},"datePublished":"2025-01-10T09:39:00+00:00","breadcrumb":{"@id":"https:\/\/denizcankizil.tr\/ru\/hukukihaber\/aymnin-2021-10312-basvuru-numarali-karari\/#breadcrumb"},"inLanguage":"de","potentialAction":[{"@type":"ReadAction","target":["https:\/\/denizcankizil.tr\/ru\/hukukihaber\/aymnin-2021-10312-basvuru-numarali-karari\/"]}]},{"@type":"BreadcrumbList","@id":"https:\/\/denizcankizil.tr\/ru\/hukukihaber\/aymnin-2021-10312-basvuru-numarali-karari\/#breadcrumb","itemListElement":[{"@type":"ListItem","position":1,"name":"Home","item":"https:\/\/denizcankizil.tr\/de\/"},{"@type":"ListItem","position":2,"name":"AYM&#8217;nin 2021\/10312 ba\u015fvuru numaral\u0131 karar\u0131"}]},{"@type":"WebSite","@id":"https:\/\/denizcankizil.tr\/#website","url":"https:\/\/denizcankizil.tr\/","name":"Av. Deniz Can K\u0131z\u0131l","description":"Avukat Deniz Can K\u0131z\u0131l Antalya Barosu","publisher":{"@id":"https:\/\/denizcankizil.tr\/#organization"},"potentialAction":[{"@type":"SearchAction","target":{"@type":"EntryPoint","urlTemplate":"https:\/\/denizcankizil.tr\/?s={search_term_string}"},"query-input":{"@type":"PropertyValueSpecification","valueRequired":true,"valueName":"search_term_string"}}],"inLanguage":"de"},{"@type":"Organization","@id":"https:\/\/denizcankizil.tr\/#organization","name":"Av. Deniz Can K\u0131z\u0131l","url":"https:\/\/denizcankizil.tr\/","logo":{"@type":"ImageObject","inLanguage":"de","@id":"https:\/\/denizcankizil.tr\/#\/schema\/logo\/image\/","url":"http:\/\/denizcankizil.tr\/wp-content\/uploads\/2024\/10\/siyah-logo-svg.svg","contentUrl":"http:\/\/denizcankizil.tr\/wp-content\/uploads\/2024\/10\/siyah-logo-svg.svg","width":1080,"height":1080,"caption":"Av. Deniz Can K\u0131z\u0131l"},"image":{"@id":"https:\/\/denizcankizil.tr\/#\/schema\/logo\/image\/"}},{"@type":"Person","@id":"https:\/\/denizcankizil.tr\/#\/schema\/person\/001a271de994a0aa3f90eea084424822","name":"Hukuki Haber.net","image":{"@type":"ImageObject","inLanguage":"de","@id":"https:\/\/denizcankizil.tr\/#\/schema\/person\/image\/","url":"https:\/\/secure.gravatar.com\/avatar\/57d8a49151495586611a149d29fc42865b951dc053a84709a3172ccb5abf3118?s=96&d=mm&r=g","contentUrl":"https:\/\/secure.gravatar.com\/avatar\/57d8a49151495586611a149d29fc42865b951dc053a84709a3172ccb5abf3118?s=96&d=mm&r=g","caption":"Hukuki Haber.net"},"sameAs":["http:\/\/www.hukukihaber.net"],"url":"http:\/\/denizcankizil.tr\/de\/author\/hukukihabernet\/"}]}},"_links":{"self":[{"href":"http:\/\/denizcankizil.tr\/de\/wp-json\/wp\/v2\/posts\/24782","targetHints":{"allow":["GET"]}}],"collection":[{"href":"http:\/\/denizcankizil.tr\/de\/wp-json\/wp\/v2\/posts"}],"about":[{"href":"http:\/\/denizcankizil.tr\/de\/wp-json\/wp\/v2\/types\/post"}],"author":[{"embeddable":true,"href":"http:\/\/denizcankizil.tr\/de\/wp-json\/wp\/v2\/users\/3"}],"replies":[{"embeddable":true,"href":"http:\/\/denizcankizil.tr\/de\/wp-json\/wp\/v2\/comments?post=24782"}],"version-history":[{"count":0,"href":"http:\/\/denizcankizil.tr\/de\/wp-json\/wp\/v2\/posts\/24782\/revisions"}],"wp:attachment":[{"href":"http:\/\/denizcankizil.tr\/de\/wp-json\/wp\/v2\/media?parent=24782"}],"wp:term":[{"taxonomy":"category","embeddable":true,"href":"http:\/\/denizcankizil.tr\/de\/wp-json\/wp\/v2\/categories?post=24782"},{"taxonomy":"post_tag","embeddable":true,"href":"http:\/\/denizcankizil.tr\/de\/wp-json\/wp\/v2\/tags?post=24782"}],"curies":[{"name":"wp","href":"https:\/\/api.w.org\/{rel}","templated":true}]}}