{"id":24712,"date":"2025-01-09T19:41:14","date_gmt":"2025-01-09T16:41:14","guid":{"rendered":"https:\/\/denizcankizil.tr\/uncategorized-tr\/baskan-bocek-basin-emekcilerini-unutmadi\/"},"modified":"2025-01-09T19:41:14","modified_gmt":"2025-01-09T16:41:14","slug":"baskan-bocek-basin-emekcilerini-unutmadi","status":"publish","type":"post","link":"http:\/\/denizcankizil.tr\/de\/haberler\/gundem\/baskan-bocek-basin-emekcilerini-unutmadi\/","title":{"rendered":"Ba\u015fkan B\u00f6cek, bas\u0131n emek\u00e7ilerini unutmad\u0131!"},"content":{"rendered":"<p>Antalya B\u00fcy\u00fck\u015fehir Belediye Ba\u015fkan\u0131 Muhittin B\u00f6cek, 10 Ocak \u00c7al\u0131\u015fan Gazeteciler G\u00fcn\u00fc nedeniyle mesaj yay\u0131nlad\u0131. 10 Ocak tarihinin bas\u0131n mensuplar\u0131n\u0131n emeklerini ve haklar\u0131n\u0131 savunduklar\u0131 \u00f6nemli bir g\u00fcn oldu\u011funu ifade eden Ba\u015fkan B\u00f6cek, zorlu \u015fartlar alt\u0131nda, gece g\u00fcnd\u00fcz demeden \u00e7al\u0131\u015fan, kamuoyunu bilgilendiren ve demokrasinin sa\u011fl\u0131kl\u0131 i\u015flemesine katk\u0131 sa\u011flayan de\u011ferli bas\u0131n emek\u00e7ilerine te\u015fekk\u00fcr etti.<\/p>\n<p>BASIN EMEK\u00c7\u0130LER\u0130 YILMIYOR<\/p>\n<p>Her ge\u00e7en g\u00fcn \u00e7al\u0131\u015fma \u015fartlar\u0131 daha da a\u011f\u0131rla\u015fan bas\u0131n emek\u00e7ilerinin, tarafs\u0131z ve do\u011fru bilgiye ula\u015fma ad\u0131na daha fazla zorlukla kar\u015f\u0131la\u015ft\u0131\u011f\u0131, b\u00fcy\u00fck bir \u00f6zveriyle \u00e7al\u0131\u015ft\u0131\u011f\u0131 bir s\u00fcre\u00e7ten ge\u00e7ti\u011fini kaydeden Ba\u015fkan B\u00f6cek, \u201cBas\u0131n emek\u00e7ileri \u015fartlar ne olursa olsun toplumsal geli\u015fim ve halk\u0131n bilin\u00e7lenmesi ad\u0131na sorumluluk duygusuyla hareket ediyor ve y\u0131lm\u0131yor. T\u00fcm zorluklara ra\u011fmen; mesle\u011fini onuruyla yaparak halk\u0131 bilgilenme g\u00f6revini yerine getiren kamuoyunun g\u00f6z\u00fc, kula\u011f\u0131 olan gazetecilerin hala var olmas\u0131 bizlere de g\u00fc\u00e7 veriyor. Gazetecilerin zorlu ko\u015fullarda haber yaparken g\u00f6sterdikleri \u00f6zveri, toplumsal olaylara duyduklar\u0131 hassasiyet, i\u015flerine duyduklar\u0131 sayg\u0131y\u0131 ve mesleklerine duyduklar\u0131 ba\u011fl\u0131l\u0131\u011f\u0131 yans\u0131tmaktad\u0131r\u201d ifadelerini kulland\u0131. \u00a0\u00a0<\/p>\n<p>SORUNUN DE\u011e\u0130L \u00c7\u00d6Z\u00dcM\u00dcN PAR\u00c7ASI<\/p>\n<p>Gazetecilik mesle\u011finin, kamuoyunu do\u011fru bilgilendirme ve toplumsal sorunlara duyarl\u0131l\u0131k anlam\u0131nda b\u00fcy\u00fck bir sorumluluk ta\u015f\u0131d\u0131\u011f\u0131n\u0131 kaydeden B\u00f6cek, \u201cGazetecilerin g\u00f6sterdi\u011fi \u00f6zveri, cesaret ve emek, \u00e7a\u011fda\u015f ve g\u00fc\u00e7l\u00fc bir toplumun temel ta\u015flar\u0131n\u0131 olu\u015fturuyor. Antalya&#8217;da g\u00f6rev yapan de\u011ferli bas\u0131n emek\u00e7ilerimiz de, toplumun ayd\u0131nlanmas\u0131 ve \u015fehrimizin geli\u015fimi i\u00e7in sorunun de\u011fil \u00e7\u00f6z\u00fcm\u00fcn bir par\u00e7as\u0131 olarak kentimizin sesi olmay\u0131 s\u00fcrd\u00fcr\u00fcyor, toplumsal sorumluluklar\u0131n\u0131 yerine getirmeye devam ediyor\u201d a\u00e7\u0131klamas\u0131nda bulundu.\u00a0<\/p>\n<p>B\u00dcY\u00dcK \u00d6NDER ATAT\u00dcRK\u2019\u00dcN \u0130Z\u0130NDE\u00a0<\/p>\n<p>Hep birlikte, daha \u00f6zg\u00fcr, daha adil ve daha bilin\u00e7li bir toplum i\u00e7in \u00e7al\u0131\u015fmaya devam edeceklerini vurgulayan Ba\u015fkan B\u00f6cek, \u015funlar\u0131 kaydetti: \u201cB\u00fcy\u00fck \u00d6nder Atat\u00fcrk\u2019\u00fcn \u2018Gazeteciler, g\u00f6rd\u00fcklerini, d\u00fc\u015f\u00fcnd\u00fcklerini, bildiklerini samimiyetle yazmal\u0131d\u0131r\u2019 s\u00f6z\u00fcn\u00fc kendine ilke edinen bas\u0131n emek\u00e7ilerinin 10 Ocak \u00c7al\u0131\u015fan Gazeteciler G\u00fcn\u00fc\u2019n\u00fc bir kez daha kutlar, sa\u011fl\u0131k, mutluluk ve ba\u015far\u0131lar dilerim. Antalya\u2019da ve \u00fclkemizde gazetecili\u011fi, etik ilkelerden \u00f6d\u00fcn vermeden ve toplumun ortak yarar\u0131n\u0131 g\u00f6zeterek icra eden t\u00fcm bas\u0131n emek\u00e7ilerine sayg\u0131lar\u0131m\u0131 sunuyorum.\u201d\u00a0<\/p>\n<p>\u200bAntalya B\u00fcy\u00fck\u015fehir Belediye Ba\u015fkan\u0131 Muhittin B\u00f6cek, her ge\u00e7en g\u00fcn \u00e7al\u0131\u015fma \u015fartlar\u0131 daha da a\u011f\u0131rla\u015fan bas\u0131n emek\u00e7ilerinin, tarafs\u0131z ve do\u011fru bilgiye ula\u015fma ad\u0131na daha fazla zorlukla kar\u015f\u0131la\u015ft\u0131\u011f\u0131, b\u00fcy\u00fck bir \u00f6zveriyle \u00e7al\u0131\u015ft\u0131\u011f\u0131 bir s\u00fcre\u00e7ten ge\u00e7ti\u011fini belirtti\u00a0<\/p>\n<p>\u200bHaberin Al\u0131nt\u0131land\u0131\u011f\u0131 Kaynak: www.antalyakorfez.com<\/p>","protected":false},"excerpt":{"rendered":"<p>Antalya B\u00fcy\u00fck\u015fehir Belediye Ba\u015fkan\u0131 Muhittin B\u00f6cek, 10 Ocak \u00c7al\u0131\u015fan Gazeteciler G\u00fcn\u00fc nedeniyle mesaj yay\u0131nlad\u0131. 10 Ocak tarihinin bas\u0131n mensuplar\u0131n\u0131n emeklerini ve haklar\u0131n\u0131 savunduklar\u0131 \u00f6nemli bir g\u00fcn oldu\u011funu ifade eden Ba\u015fkan B\u00f6cek, zorlu \u015fartlar alt\u0131nda, gece g\u00fcnd\u00fcz demeden \u00e7al\u0131\u015fan, kamuoyunu bilgilendiren ve demokrasinin sa\u011fl\u0131kl\u0131 i\u015flemesine katk\u0131 sa\u011flayan de\u011ferli bas\u0131n emek\u00e7ilerine te\u015fekk\u00fcr etti. BASIN EMEK\u00c7\u0130LER\u0130 YILMIYOR Her ge\u00e7en g\u00fcn \u00e7al\u0131\u015fma \u015fartlar\u0131 daha da a\u011f\u0131rla\u015fan bas\u0131n emek\u00e7ilerinin, tarafs\u0131z ve do\u011fru bilgiye ula\u015fma ad\u0131na daha fazla zorlukla kar\u015f\u0131la\u015ft\u0131\u011f\u0131, b\u00fcy\u00fck bir \u00f6zveriyle \u00e7al\u0131\u015ft\u0131\u011f\u0131 bir s\u00fcre\u00e7ten ge\u00e7ti\u011fini kaydeden Ba\u015fkan B\u00f6cek, \u201cBas\u0131n emek\u00e7ileri \u015fartlar ne olursa olsun toplumsal geli\u015fim ve halk\u0131n bilin\u00e7lenmesi ad\u0131na sorumluluk duygusuyla hareket ediyor ve y\u0131lm\u0131yor. T\u00fcm zorluklara ra\u011fmen; mesle\u011fini onuruyla yaparak halk\u0131 bilgilenme g\u00f6revini yerine getiren kamuoyunun g\u00f6z\u00fc, kula\u011f\u0131 olan gazetecilerin hala var olmas\u0131 bizlere de g\u00fc\u00e7 veriyor. Gazetecilerin zorlu ko\u015fullarda haber yaparken g\u00f6sterdikleri \u00f6zveri, toplumsal olaylara duyduklar\u0131 hassasiyet, i\u015flerine duyduklar\u0131 sayg\u0131y\u0131 ve mesleklerine duyduklar\u0131 ba\u011fl\u0131l\u0131\u011f\u0131 yans\u0131tmaktad\u0131r\u201d ifadelerini kulland\u0131. \u00a0\u00a0 SORUNUN DE\u011e\u0130L \u00c7\u00d6Z\u00dcM\u00dcN PAR\u00c7ASI Gazetecilik mesle\u011finin, kamuoyunu do\u011fru bilgilendirme ve toplumsal sorunlara duyarl\u0131l\u0131k anlam\u0131nda b\u00fcy\u00fck bir sorumluluk ta\u015f\u0131d\u0131\u011f\u0131n\u0131 kaydeden B\u00f6cek, \u201cGazetecilerin g\u00f6sterdi\u011fi \u00f6zveri, cesaret ve emek, \u00e7a\u011fda\u015f ve g\u00fc\u00e7l\u00fc bir toplumun temel ta\u015flar\u0131n\u0131 olu\u015fturuyor. Antalya&#8217;da g\u00f6rev yapan de\u011ferli bas\u0131n emek\u00e7ilerimiz de, toplumun ayd\u0131nlanmas\u0131 ve \u015fehrimizin geli\u015fimi i\u00e7in sorunun de\u011fil \u00e7\u00f6z\u00fcm\u00fcn bir par\u00e7as\u0131 olarak &hellip;<\/p>","protected":false},"author":5,"featured_media":0,"comment_status":"open","ping_status":"open","sticky":false,"template":"","format":"standard","meta":{"_acf_changed":false,"footnotes":""},"categories":[24],"tags":[],"class_list":["post-24712","post","type-post","status-publish","format-standard","has-post-thumbnail","hentry","category-gundem"],"acf":[],"yoast_head":"<!-- This site is optimized with the Yoast SEO Premium plugin v26.6 (Yoast SEO v27.1.1) - https:\/\/yoast.com\/product\/yoast-seo-premium-wordpress\/ -->\n<title>Ba\u015fkan B\u00f6cek, bas\u0131n emek\u00e7ilerini unutmad\u0131! - Av. Deniz Can K\u0131z\u0131l<\/title>\n<meta name=\"robots\" content=\"index, follow, max-snippet:-1, max-image-preview:large, max-video-preview:-1\" \/>\n<link rel=\"canonical\" href=\"http:\/\/denizcankizil.tr\/de\/haberler\/gundem\/baskan-bocek-basin-emekcilerini-unutmadi\/\" \/>\n<meta property=\"og:locale\" content=\"de_DE\" \/>\n<meta property=\"og:type\" content=\"article\" \/>\n<meta property=\"og:title\" content=\"Ba\u015fkan B\u00f6cek, bas\u0131n emek\u00e7ilerini unutmad\u0131!\" \/>\n<meta property=\"og:description\" content=\"Antalya B\u00fcy\u00fck\u015fehir Belediye Ba\u015fkan\u0131 Muhittin B\u00f6cek, 10 Ocak \u00c7al\u0131\u015fan Gazeteciler G\u00fcn\u00fc nedeniyle mesaj yay\u0131nlad\u0131. 10 Ocak tarihinin bas\u0131n mensuplar\u0131n\u0131n emeklerini ve haklar\u0131n\u0131 savunduklar\u0131 \u00f6nemli bir g\u00fcn oldu\u011funu ifade eden Ba\u015fkan B\u00f6cek, zorlu \u015fartlar alt\u0131nda, gece g\u00fcnd\u00fcz demeden \u00e7al\u0131\u015fan, kamuoyunu bilgilendiren ve demokrasinin sa\u011fl\u0131kl\u0131 i\u015flemesine katk\u0131 sa\u011flayan de\u011ferli bas\u0131n emek\u00e7ilerine te\u015fekk\u00fcr etti. BASIN EMEK\u00c7\u0130LER\u0130 YILMIYOR Her ge\u00e7en g\u00fcn \u00e7al\u0131\u015fma \u015fartlar\u0131 daha da a\u011f\u0131rla\u015fan bas\u0131n emek\u00e7ilerinin, tarafs\u0131z ve do\u011fru bilgiye ula\u015fma ad\u0131na daha fazla zorlukla kar\u015f\u0131la\u015ft\u0131\u011f\u0131, b\u00fcy\u00fck bir \u00f6zveriyle \u00e7al\u0131\u015ft\u0131\u011f\u0131 bir s\u00fcre\u00e7ten ge\u00e7ti\u011fini kaydeden Ba\u015fkan B\u00f6cek, \u201cBas\u0131n emek\u00e7ileri \u015fartlar ne olursa olsun toplumsal geli\u015fim ve halk\u0131n bilin\u00e7lenmesi ad\u0131na sorumluluk duygusuyla hareket ediyor ve y\u0131lm\u0131yor. T\u00fcm zorluklara ra\u011fmen; mesle\u011fini onuruyla yaparak halk\u0131 bilgilenme g\u00f6revini yerine getiren kamuoyunun g\u00f6z\u00fc, kula\u011f\u0131 olan gazetecilerin hala var olmas\u0131 bizlere de g\u00fc\u00e7 veriyor. Gazetecilerin zorlu ko\u015fullarda haber yaparken g\u00f6sterdikleri \u00f6zveri, toplumsal olaylara duyduklar\u0131 hassasiyet, i\u015flerine duyduklar\u0131 sayg\u0131y\u0131 ve mesleklerine duyduklar\u0131 ba\u011fl\u0131l\u0131\u011f\u0131 yans\u0131tmaktad\u0131r\u201d ifadelerini kulland\u0131. \u00a0\u00a0 SORUNUN DE\u011e\u0130L \u00c7\u00d6Z\u00dcM\u00dcN PAR\u00c7ASI Gazetecilik mesle\u011finin, kamuoyunu do\u011fru bilgilendirme ve toplumsal sorunlara duyarl\u0131l\u0131k anlam\u0131nda b\u00fcy\u00fck bir sorumluluk ta\u015f\u0131d\u0131\u011f\u0131n\u0131 kaydeden B\u00f6cek, \u201cGazetecilerin g\u00f6sterdi\u011fi \u00f6zveri, cesaret ve emek, \u00e7a\u011fda\u015f ve g\u00fc\u00e7l\u00fc bir toplumun temel ta\u015flar\u0131n\u0131 olu\u015fturuyor. Antalya&#8217;da g\u00f6rev yapan de\u011ferli bas\u0131n emek\u00e7ilerimiz de, toplumun ayd\u0131nlanmas\u0131 ve \u015fehrimizin geli\u015fimi i\u00e7in sorunun de\u011fil \u00e7\u00f6z\u00fcm\u00fcn bir par\u00e7as\u0131 olarak &hellip;\" \/>\n<meta property=\"og:url\" content=\"http:\/\/denizcankizil.tr\/de\/haberler\/gundem\/baskan-bocek-basin-emekcilerini-unutmadi\/\" \/>\n<meta property=\"og:site_name\" content=\"Av. Deniz Can K\u0131z\u0131l\" \/>\n<meta property=\"article:published_time\" content=\"2025-01-09T16:41:14+00:00\" \/>\n<meta name=\"author\" content=\"Antalya K\u00f6rfez\" \/>\n<meta name=\"twitter:card\" content=\"summary_large_image\" \/>\n<meta name=\"twitter:label1\" content=\"Verfasst von\" \/>\n\t<meta name=\"twitter:data1\" content=\"Antalya K\u00f6rfez\" \/>\n\t<meta name=\"twitter:label2\" content=\"Gesch\u00e4tzte Lesezeit\" \/>\n\t<meta name=\"twitter:data2\" content=\"3\u00a0Minuten\" \/>\n<script type=\"application\/ld+json\" class=\"yoast-schema-graph\">{\"@context\":\"https:\/\/schema.org\",\"@graph\":[{\"@type\":\"Article\",\"@id\":\"http:\/\/denizcankizil.tr\/de\/haberler\/gundem\/baskan-bocek-basin-emekcilerini-unutmadi\/#article\",\"isPartOf\":{\"@id\":\"http:\/\/denizcankizil.tr\/de\/haberler\/gundem\/baskan-bocek-basin-emekcilerini-unutmadi\/\"},\"author\":{\"name\":\"Antalya K\u00f6rfez\",\"@id\":\"https:\/\/denizcankizil.tr\/de\/#\/schema\/person\/e1eb71bb4dd684d46563f0af307e1234\"},\"headline\":\"Ba\u015fkan B\u00f6cek, bas\u0131n emek\u00e7ilerini unutmad\u0131!\",\"datePublished\":\"2025-01-09T16:41:14+00:00\",\"mainEntityOfPage\":{\"@id\":\"http:\/\/denizcankizil.tr\/de\/haberler\/gundem\/baskan-bocek-basin-emekcilerini-unutmadi\/\"},\"wordCount\":511,\"commentCount\":0,\"publisher\":{\"@id\":\"https:\/\/denizcankizil.tr\/de\/#organization\"},\"articleSection\":[\"G\u00fcndem\"],\"inLanguage\":\"de\",\"potentialAction\":[{\"@type\":\"CommentAction\",\"name\":\"Comment\",\"target\":[\"http:\/\/denizcankizil.tr\/de\/haberler\/gundem\/baskan-bocek-basin-emekcilerini-unutmadi\/#respond\"]}]},{\"@type\":\"WebPage\",\"@id\":\"http:\/\/denizcankizil.tr\/de\/haberler\/gundem\/baskan-bocek-basin-emekcilerini-unutmadi\/\",\"url\":\"http:\/\/denizcankizil.tr\/de\/haberler\/gundem\/baskan-bocek-basin-emekcilerini-unutmadi\/\",\"name\":\"Ba\u015fkan B\u00f6cek, bas\u0131n emek\u00e7ilerini unutmad\u0131! - Av. Deniz Can K\u0131z\u0131l\",\"isPartOf\":{\"@id\":\"https:\/\/denizcankizil.tr\/de\/#website\"},\"datePublished\":\"2025-01-09T16:41:14+00:00\",\"breadcrumb\":{\"@id\":\"http:\/\/denizcankizil.tr\/de\/haberler\/gundem\/baskan-bocek-basin-emekcilerini-unutmadi\/#breadcrumb\"},\"inLanguage\":\"de\",\"potentialAction\":[{\"@type\":\"ReadAction\",\"target\":[\"http:\/\/denizcankizil.tr\/de\/haberler\/gundem\/baskan-bocek-basin-emekcilerini-unutmadi\/\"]}]},{\"@type\":\"BreadcrumbList\",\"@id\":\"http:\/\/denizcankizil.tr\/de\/haberler\/gundem\/baskan-bocek-basin-emekcilerini-unutmadi\/#breadcrumb\",\"itemListElement\":[{\"@type\":\"ListItem\",\"position\":1,\"name\":\"Home\",\"item\":\"https:\/\/denizcankizil.tr\/de\/\"},{\"@type\":\"ListItem\",\"position\":2,\"name\":\"Ba\u015fkan B\u00f6cek, bas\u0131n emek\u00e7ilerini unutmad\u0131!\"}]},{\"@type\":\"WebSite\",\"@id\":\"https:\/\/denizcankizil.tr\/de\/#website\",\"url\":\"https:\/\/denizcankizil.tr\/de\/\",\"name\":\"Av. Deniz Can K\u0131z\u0131l\",\"description\":\"Avukat Deniz Can K\u0131z\u0131l Antalya Barosu\",\"publisher\":{\"@id\":\"https:\/\/denizcankizil.tr\/de\/#organization\"},\"potentialAction\":[{\"@type\":\"SearchAction\",\"target\":{\"@type\":\"EntryPoint\",\"urlTemplate\":\"https:\/\/denizcankizil.tr\/de\/?s={search_term_string}\"},\"query-input\":{\"@type\":\"PropertyValueSpecification\",\"valueRequired\":true,\"valueName\":\"search_term_string\"}}],\"inLanguage\":\"de\"},{\"@type\":\"Organization\",\"@id\":\"https:\/\/denizcankizil.tr\/de\/#organization\",\"name\":\"Av. Deniz Can K\u0131z\u0131l\",\"url\":\"https:\/\/denizcankizil.tr\/de\/\",\"logo\":{\"@type\":\"ImageObject\",\"inLanguage\":\"de\",\"@id\":\"https:\/\/denizcankizil.tr\/de\/#\/schema\/logo\/image\/\",\"url\":\"http:\/\/denizcankizil.tr\/wp-content\/uploads\/2024\/10\/siyah-logo-svg.svg\",\"contentUrl\":\"http:\/\/denizcankizil.tr\/wp-content\/uploads\/2024\/10\/siyah-logo-svg.svg\",\"width\":1080,\"height\":1080,\"caption\":\"Av. Deniz Can K\u0131z\u0131l\"},\"image\":{\"@id\":\"https:\/\/denizcankizil.tr\/de\/#\/schema\/logo\/image\/\"}},{\"@type\":\"Person\",\"@id\":\"https:\/\/denizcankizil.tr\/de\/#\/schema\/person\/e1eb71bb4dd684d46563f0af307e1234\",\"name\":\"Antalya K\u00f6rfez\",\"image\":{\"@type\":\"ImageObject\",\"inLanguage\":\"de\",\"@id\":\"https:\/\/denizcankizil.tr\/de\/#\/schema\/person\/image\/\",\"url\":\"https:\/\/secure.gravatar.com\/avatar\/42b01982558a48a0b501fdcab6a408d3717ea5919095ee2e67b0e521799c5905?s=96&d=mm&r=g\",\"contentUrl\":\"https:\/\/secure.gravatar.com\/avatar\/42b01982558a48a0b501fdcab6a408d3717ea5919095ee2e67b0e521799c5905?s=96&d=mm&r=g\",\"caption\":\"Antalya K\u00f6rfez\"},\"sameAs\":[\"http:\/\/www.antalyakorfez.com\"],\"url\":\"https:\/\/www.antalyakorfez.com\/baskan-bocek-basin-emekcilerini-unutmadi\"}]}<\/script>\n<!-- \/ Yoast SEO Premium plugin. -->","yoast_head_json":{"title":"Ba\u015fkan B\u00f6cek, bas\u0131n emek\u00e7ilerini unutmad\u0131! - Av. Deniz Can K\u0131z\u0131l","robots":{"index":"index","follow":"follow","max-snippet":"max-snippet:-1","max-image-preview":"max-image-preview:large","max-video-preview":"max-video-preview:-1"},"canonical":"http:\/\/denizcankizil.tr\/de\/haberler\/gundem\/baskan-bocek-basin-emekcilerini-unutmadi\/","og_locale":"de_DE","og_type":"article","og_title":"Ba\u015fkan B\u00f6cek, bas\u0131n emek\u00e7ilerini unutmad\u0131!","og_description":"Antalya B\u00fcy\u00fck\u015fehir Belediye Ba\u015fkan\u0131 Muhittin B\u00f6cek, 10 Ocak \u00c7al\u0131\u015fan Gazeteciler G\u00fcn\u00fc nedeniyle mesaj yay\u0131nlad\u0131. 10 Ocak tarihinin bas\u0131n mensuplar\u0131n\u0131n emeklerini ve haklar\u0131n\u0131 savunduklar\u0131 \u00f6nemli bir g\u00fcn oldu\u011funu ifade eden Ba\u015fkan B\u00f6cek, zorlu \u015fartlar alt\u0131nda, gece g\u00fcnd\u00fcz demeden \u00e7al\u0131\u015fan, kamuoyunu bilgilendiren ve demokrasinin sa\u011fl\u0131kl\u0131 i\u015flemesine katk\u0131 sa\u011flayan de\u011ferli bas\u0131n emek\u00e7ilerine te\u015fekk\u00fcr etti. BASIN EMEK\u00c7\u0130LER\u0130 YILMIYOR Her ge\u00e7en g\u00fcn \u00e7al\u0131\u015fma \u015fartlar\u0131 daha da a\u011f\u0131rla\u015fan bas\u0131n emek\u00e7ilerinin, tarafs\u0131z ve do\u011fru bilgiye ula\u015fma ad\u0131na daha fazla zorlukla kar\u015f\u0131la\u015ft\u0131\u011f\u0131, b\u00fcy\u00fck bir \u00f6zveriyle \u00e7al\u0131\u015ft\u0131\u011f\u0131 bir s\u00fcre\u00e7ten ge\u00e7ti\u011fini kaydeden Ba\u015fkan B\u00f6cek, \u201cBas\u0131n emek\u00e7ileri \u015fartlar ne olursa olsun toplumsal geli\u015fim ve halk\u0131n bilin\u00e7lenmesi ad\u0131na sorumluluk duygusuyla hareket ediyor ve y\u0131lm\u0131yor. T\u00fcm zorluklara ra\u011fmen; mesle\u011fini onuruyla yaparak halk\u0131 bilgilenme g\u00f6revini yerine getiren kamuoyunun g\u00f6z\u00fc, kula\u011f\u0131 olan gazetecilerin hala var olmas\u0131 bizlere de g\u00fc\u00e7 veriyor. Gazetecilerin zorlu ko\u015fullarda haber yaparken g\u00f6sterdikleri \u00f6zveri, toplumsal olaylara duyduklar\u0131 hassasiyet, i\u015flerine duyduklar\u0131 sayg\u0131y\u0131 ve mesleklerine duyduklar\u0131 ba\u011fl\u0131l\u0131\u011f\u0131 yans\u0131tmaktad\u0131r\u201d ifadelerini kulland\u0131. \u00a0\u00a0 SORUNUN DE\u011e\u0130L \u00c7\u00d6Z\u00dcM\u00dcN PAR\u00c7ASI Gazetecilik mesle\u011finin, kamuoyunu do\u011fru bilgilendirme ve toplumsal sorunlara duyarl\u0131l\u0131k anlam\u0131nda b\u00fcy\u00fck bir sorumluluk ta\u015f\u0131d\u0131\u011f\u0131n\u0131 kaydeden B\u00f6cek, \u201cGazetecilerin g\u00f6sterdi\u011fi \u00f6zveri, cesaret ve emek, \u00e7a\u011fda\u015f ve g\u00fc\u00e7l\u00fc bir toplumun temel ta\u015flar\u0131n\u0131 olu\u015fturuyor. Antalya&#8217;da g\u00f6rev yapan de\u011ferli bas\u0131n emek\u00e7ilerimiz de, toplumun ayd\u0131nlanmas\u0131 ve \u015fehrimizin geli\u015fimi i\u00e7in sorunun de\u011fil \u00e7\u00f6z\u00fcm\u00fcn bir par\u00e7as\u0131 olarak &hellip;","og_url":"http:\/\/denizcankizil.tr\/de\/haberler\/gundem\/baskan-bocek-basin-emekcilerini-unutmadi\/","og_site_name":"Av. Deniz Can K\u0131z\u0131l","article_published_time":"2025-01-09T16:41:14+00:00","author":"Antalya K\u00f6rfez","twitter_card":"summary_large_image","twitter_misc":{"Verfasst von":"Antalya K\u00f6rfez","Gesch\u00e4tzte Lesezeit":"3\u00a0Minuten"},"schema":{"@context":"https:\/\/schema.org","@graph":[{"@type":"Article","@id":"http:\/\/denizcankizil.tr\/de\/haberler\/gundem\/baskan-bocek-basin-emekcilerini-unutmadi\/#article","isPartOf":{"@id":"http:\/\/denizcankizil.tr\/de\/haberler\/gundem\/baskan-bocek-basin-emekcilerini-unutmadi\/"},"author":{"name":"Antalya K\u00f6rfez","@id":"https:\/\/denizcankizil.tr\/de\/#\/schema\/person\/e1eb71bb4dd684d46563f0af307e1234"},"headline":"Ba\u015fkan B\u00f6cek, bas\u0131n emek\u00e7ilerini unutmad\u0131!","datePublished":"2025-01-09T16:41:14+00:00","mainEntityOfPage":{"@id":"http:\/\/denizcankizil.tr\/de\/haberler\/gundem\/baskan-bocek-basin-emekcilerini-unutmadi\/"},"wordCount":511,"commentCount":0,"publisher":{"@id":"https:\/\/denizcankizil.tr\/de\/#organization"},"articleSection":["G\u00fcndem"],"inLanguage":"de","potentialAction":[{"@type":"CommentAction","name":"Comment","target":["http:\/\/denizcankizil.tr\/de\/haberler\/gundem\/baskan-bocek-basin-emekcilerini-unutmadi\/#respond"]}]},{"@type":"WebPage","@id":"http:\/\/denizcankizil.tr\/de\/haberler\/gundem\/baskan-bocek-basin-emekcilerini-unutmadi\/","url":"http:\/\/denizcankizil.tr\/de\/haberler\/gundem\/baskan-bocek-basin-emekcilerini-unutmadi\/","name":"Ba\u015fkan B\u00f6cek, bas\u0131n emek\u00e7ilerini unutmad\u0131! - Av. Deniz Can K\u0131z\u0131l","isPartOf":{"@id":"https:\/\/denizcankizil.tr\/de\/#website"},"datePublished":"2025-01-09T16:41:14+00:00","breadcrumb":{"@id":"http:\/\/denizcankizil.tr\/de\/haberler\/gundem\/baskan-bocek-basin-emekcilerini-unutmadi\/#breadcrumb"},"inLanguage":"de","potentialAction":[{"@type":"ReadAction","target":["http:\/\/denizcankizil.tr\/de\/haberler\/gundem\/baskan-bocek-basin-emekcilerini-unutmadi\/"]}]},{"@type":"BreadcrumbList","@id":"http:\/\/denizcankizil.tr\/de\/haberler\/gundem\/baskan-bocek-basin-emekcilerini-unutmadi\/#breadcrumb","itemListElement":[{"@type":"ListItem","position":1,"name":"Home","item":"https:\/\/denizcankizil.tr\/de\/"},{"@type":"ListItem","position":2,"name":"Ba\u015fkan B\u00f6cek, bas\u0131n emek\u00e7ilerini unutmad\u0131!"}]},{"@type":"WebSite","@id":"https:\/\/denizcankizil.tr\/de\/#website","url":"https:\/\/denizcankizil.tr\/de\/","name":"Av. Deniz Can K\u0131z\u0131l","description":"Avukat Deniz Can K\u0131z\u0131l Antalya Barosu","publisher":{"@id":"https:\/\/denizcankizil.tr\/de\/#organization"},"potentialAction":[{"@type":"SearchAction","target":{"@type":"EntryPoint","urlTemplate":"https:\/\/denizcankizil.tr\/de\/?s={search_term_string}"},"query-input":{"@type":"PropertyValueSpecification","valueRequired":true,"valueName":"search_term_string"}}],"inLanguage":"de"},{"@type":"Organization","@id":"https:\/\/denizcankizil.tr\/de\/#organization","name":"Av. Deniz Can K\u0131z\u0131l","url":"https:\/\/denizcankizil.tr\/de\/","logo":{"@type":"ImageObject","inLanguage":"de","@id":"https:\/\/denizcankizil.tr\/de\/#\/schema\/logo\/image\/","url":"http:\/\/denizcankizil.tr\/wp-content\/uploads\/2024\/10\/siyah-logo-svg.svg","contentUrl":"http:\/\/denizcankizil.tr\/wp-content\/uploads\/2024\/10\/siyah-logo-svg.svg","width":1080,"height":1080,"caption":"Av. Deniz Can K\u0131z\u0131l"},"image":{"@id":"https:\/\/denizcankizil.tr\/de\/#\/schema\/logo\/image\/"}},{"@type":"Person","@id":"https:\/\/denizcankizil.tr\/de\/#\/schema\/person\/e1eb71bb4dd684d46563f0af307e1234","name":"Antalya K\u00f6rfez","image":{"@type":"ImageObject","inLanguage":"de","@id":"https:\/\/denizcankizil.tr\/de\/#\/schema\/person\/image\/","url":"https:\/\/secure.gravatar.com\/avatar\/42b01982558a48a0b501fdcab6a408d3717ea5919095ee2e67b0e521799c5905?s=96&d=mm&r=g","contentUrl":"https:\/\/secure.gravatar.com\/avatar\/42b01982558a48a0b501fdcab6a408d3717ea5919095ee2e67b0e521799c5905?s=96&d=mm&r=g","caption":"Antalya K\u00f6rfez"},"sameAs":["http:\/\/www.antalyakorfez.com"],"url":"https:\/\/www.antalyakorfez.com\/baskan-bocek-basin-emekcilerini-unutmadi"}]}},"_links":{"self":[{"href":"http:\/\/denizcankizil.tr\/de\/wp-json\/wp\/v2\/posts\/24712","targetHints":{"allow":["GET"]}}],"collection":[{"href":"http:\/\/denizcankizil.tr\/de\/wp-json\/wp\/v2\/posts"}],"about":[{"href":"http:\/\/denizcankizil.tr\/de\/wp-json\/wp\/v2\/types\/post"}],"author":[{"embeddable":true,"href":"http:\/\/denizcankizil.tr\/de\/wp-json\/wp\/v2\/users\/5"}],"replies":[{"embeddable":true,"href":"http:\/\/denizcankizil.tr\/de\/wp-json\/wp\/v2\/comments?post=24712"}],"version-history":[{"count":0,"href":"http:\/\/denizcankizil.tr\/de\/wp-json\/wp\/v2\/posts\/24712\/revisions"}],"wp:attachment":[{"href":"http:\/\/denizcankizil.tr\/de\/wp-json\/wp\/v2\/media?parent=24712"}],"wp:term":[{"taxonomy":"category","embeddable":true,"href":"http:\/\/denizcankizil.tr\/de\/wp-json\/wp\/v2\/categories?post=24712"},{"taxonomy":"post_tag","embeddable":true,"href":"http:\/\/denizcankizil.tr\/de\/wp-json\/wp\/v2\/tags?post=24712"}],"curies":[{"name":"wp","href":"https:\/\/api.w.org\/{rel}","templated":true}]}}