{"id":24556,"date":"2025-01-08T21:07:00","date_gmt":"2025-01-08T18:07:00","guid":{"rendered":"https:\/\/denizcankizil.tr\/uncategorized-tr\/cnsel-icerikli-videosuyla-gundem-olan-elif-karaarslan-hakemlige-geri-dondu\/"},"modified":"2025-01-08T21:07:00","modified_gmt":"2025-01-08T18:07:00","slug":"cnsel-icerikli-videosuyla-gundem-olan-elif-karaarslan-hakemlige-geri-dondu","status":"publish","type":"post","link":"http:\/\/denizcankizil.tr\/de\/haberler\/gundem\/cnsel-icerikli-videosuyla-gundem-olan-elif-karaarslan-hakemlige-geri-dondu\/","title":{"rendered":"C*nsel i\u00e7erikli videosuyla g\u00fcndem olan Elif Karaarslan hakemli\u011fe geri d\u00f6nd\u00fc"},"content":{"rendered":"<p>C*nsel ili\u015fki videosu iddias\u0131yla T\u00fcrkiye Futbol Federasyonu taraf\u0131ndan \u00f6m\u00fcr boyu men cezas\u0131 alan kad\u0131n hakem Elif Karaarslan&#8217;\u0131n hakemli\u011fe geri d\u00f6nd\u00fc\u011f\u00fc ve e\u011fitim almaya ba\u015flad\u0131\u011f\u0131 belirtildi.\u00a0<\/p>\n<p>HAKEML\u0130\u011eE GER\u0130 D\u00d6ND\u00dc\u00a0<\/p>\n<p>C*nsel ili\u015fki videosu \u00e7\u0131kt\u0131\u011f\u0131 iddias\u0131yla T\u00fcrkiye Futbol Federasyonu taraf\u0131ndan \u00f6m\u00fcr boyu men cezas\u0131 alan kad\u0131n hakem Elif Karaarslan&#8217;\u0131n Sinop&#8217;ta hakemli\u011fe geri d\u00f6nd\u00fc\u011f\u00fc ve e\u011fitim almaya ba\u015flad\u0131\u011f\u0131 ortaya \u00e7\u0131kt\u0131.\u00a0<\/p>\n<p>NE OLMU\u015eTU?\u00a0<\/p>\n<p>61 ya\u015f\u0131ndaki g\u00f6zlemci Orhan Erdemir ile 24 ya\u015f\u0131ndaki hakem Elif Karaarslan&#8217;\u0131n ge\u00e7ti\u011fimiz sezon ili\u015fki ya\u015fad\u0131\u011f\u0131 video sosyal medyada yay\u0131lm\u0131\u015ft\u0131. Videonun ard\u0131ndan harekete ge\u00e7en T\u00fcrkiye futbol Federasyonu, iki ismi de g\u00f6revinden \u00f6m\u00fcr boyu men etti. Videonun yapay zeka \u00fcr\u00fcn\u00fc oldu\u011funu ileri s\u00fcren Karaarslan, o \u015fahs\u0131n kendisi olmad\u0131\u011f\u0131n\u0131 ve avukatlar\u0131n\u0131n bu iftiralar hakk\u0131nda yasal i\u015flem ba\u015flataca\u011f\u0131n\u0131 duyurmu\u015ftu.<\/p>\n<p>\u200bC*nsel i\u00e7erikli videosu nedeniyle T\u00fcrkiye Futbol Federasyonu taraf\u0131ndan hakemlikten \u00f6m\u00fcr boyu men edilen 24 ya\u015fl\u0131ndaki Elif Karaarslan&#8217;\u0131n hakemli\u011fe geri d\u00f6nd\u00fc\u011f\u00fc ortaya \u00e7\u0131kt\u0131\u00a0<\/p>\n<p>\u200bHaberin Al\u0131nt\u0131land\u0131\u011f\u0131 Kaynak: www.antalyakorfez.com<\/p>","protected":false},"excerpt":{"rendered":"<p>C*nsel ili\u015fki videosu iddias\u0131yla T\u00fcrkiye Futbol Federasyonu taraf\u0131ndan \u00f6m\u00fcr boyu men cezas\u0131 alan kad\u0131n hakem Elif Karaarslan&#8217;\u0131n hakemli\u011fe geri d\u00f6nd\u00fc\u011f\u00fc ve e\u011fitim almaya ba\u015flad\u0131\u011f\u0131 belirtildi.\u00a0 HAKEML\u0130\u011eE GER\u0130 D\u00d6ND\u00dc\u00a0 C*nsel ili\u015fki videosu \u00e7\u0131kt\u0131\u011f\u0131 iddias\u0131yla T\u00fcrkiye Futbol Federasyonu taraf\u0131ndan \u00f6m\u00fcr boyu men cezas\u0131 alan kad\u0131n hakem Elif Karaarslan&#8217;\u0131n Sinop&#8217;ta hakemli\u011fe geri d\u00f6nd\u00fc\u011f\u00fc ve e\u011fitim almaya ba\u015flad\u0131\u011f\u0131 ortaya \u00e7\u0131kt\u0131.\u00a0 NE OLMU\u015eTU?\u00a0 61 ya\u015f\u0131ndaki g\u00f6zlemci Orhan Erdemir ile 24 ya\u015f\u0131ndaki hakem Elif Karaarslan&#8217;\u0131n ge\u00e7ti\u011fimiz sezon ili\u015fki ya\u015fad\u0131\u011f\u0131 video sosyal medyada yay\u0131lm\u0131\u015ft\u0131. Videonun ard\u0131ndan harekete ge\u00e7en T\u00fcrkiye futbol Federasyonu, iki ismi de g\u00f6revinden \u00f6m\u00fcr boyu men etti. Videonun yapay zeka \u00fcr\u00fcn\u00fc oldu\u011funu ileri s\u00fcren Karaarslan, o \u015fahs\u0131n kendisi olmad\u0131\u011f\u0131n\u0131 ve avukatlar\u0131n\u0131n bu iftiralar hakk\u0131nda yasal i\u015flem ba\u015flataca\u011f\u0131n\u0131 duyurmu\u015ftu. \u200bC*nsel i\u00e7erikli videosu nedeniyle T\u00fcrkiye Futbol Federasyonu taraf\u0131ndan hakemlikten \u00f6m\u00fcr boyu men edilen 24 ya\u015fl\u0131ndaki Elif Karaarslan&#8217;\u0131n hakemli\u011fe geri d\u00f6nd\u00fc\u011f\u00fc ortaya \u00e7\u0131kt\u0131\u00a0 \u200bHaberin Al\u0131nt\u0131land\u0131\u011f\u0131 Kaynak: www.antalyakorfez.com<\/p>","protected":false},"author":5,"featured_media":0,"comment_status":"open","ping_status":"open","sticky":false,"template":"","format":"standard","meta":{"_acf_changed":false,"footnotes":""},"categories":[24],"tags":[],"class_list":["post-24556","post","type-post","status-publish","format-standard","has-post-thumbnail","hentry","category-gundem"],"acf":[],"yoast_head":"<!-- This site is optimized with the Yoast SEO Premium plugin v26.6 (Yoast SEO v27.1.1) - https:\/\/yoast.com\/product\/yoast-seo-premium-wordpress\/ -->\n<title>C*nsel i\u00e7erikli videosuyla g\u00fcndem olan Elif Karaarslan hakemli\u011fe geri d\u00f6nd\u00fc - Av. Deniz Can K\u0131z\u0131l<\/title>\n<meta name=\"robots\" content=\"index, follow, max-snippet:-1, max-image-preview:large, max-video-preview:-1\" \/>\n<link rel=\"canonical\" href=\"http:\/\/denizcankizil.tr\/de\/haberler\/gundem\/cnsel-icerikli-videosuyla-gundem-olan-elif-karaarslan-hakemlige-geri-dondu\/\" \/>\n<meta property=\"og:locale\" content=\"de_DE\" \/>\n<meta property=\"og:type\" content=\"article\" \/>\n<meta property=\"og:title\" content=\"C*nsel i\u00e7erikli videosuyla g\u00fcndem olan Elif Karaarslan hakemli\u011fe geri d\u00f6nd\u00fc\" \/>\n<meta property=\"og:description\" content=\"C*nsel ili\u015fki videosu iddias\u0131yla T\u00fcrkiye Futbol Federasyonu taraf\u0131ndan \u00f6m\u00fcr boyu men cezas\u0131 alan kad\u0131n hakem Elif Karaarslan&#8217;\u0131n hakemli\u011fe geri d\u00f6nd\u00fc\u011f\u00fc ve e\u011fitim almaya ba\u015flad\u0131\u011f\u0131 belirtildi.\u00a0 HAKEML\u0130\u011eE GER\u0130 D\u00d6ND\u00dc\u00a0 C*nsel ili\u015fki videosu \u00e7\u0131kt\u0131\u011f\u0131 iddias\u0131yla T\u00fcrkiye Futbol Federasyonu taraf\u0131ndan \u00f6m\u00fcr boyu men cezas\u0131 alan kad\u0131n hakem Elif Karaarslan&#8217;\u0131n Sinop&#8217;ta hakemli\u011fe geri d\u00f6nd\u00fc\u011f\u00fc ve e\u011fitim almaya ba\u015flad\u0131\u011f\u0131 ortaya \u00e7\u0131kt\u0131.\u00a0 NE OLMU\u015eTU?\u00a0 61 ya\u015f\u0131ndaki g\u00f6zlemci Orhan Erdemir ile 24 ya\u015f\u0131ndaki hakem Elif Karaarslan&#8217;\u0131n ge\u00e7ti\u011fimiz sezon ili\u015fki ya\u015fad\u0131\u011f\u0131 video sosyal medyada yay\u0131lm\u0131\u015ft\u0131. Videonun ard\u0131ndan harekete ge\u00e7en T\u00fcrkiye futbol Federasyonu, iki ismi de g\u00f6revinden \u00f6m\u00fcr boyu men etti. Videonun yapay zeka \u00fcr\u00fcn\u00fc oldu\u011funu ileri s\u00fcren Karaarslan, o \u015fahs\u0131n kendisi olmad\u0131\u011f\u0131n\u0131 ve avukatlar\u0131n\u0131n bu iftiralar hakk\u0131nda yasal i\u015flem ba\u015flataca\u011f\u0131n\u0131 duyurmu\u015ftu. \u200bC*nsel i\u00e7erikli videosu nedeniyle T\u00fcrkiye Futbol Federasyonu taraf\u0131ndan hakemlikten \u00f6m\u00fcr boyu men edilen 24 ya\u015fl\u0131ndaki Elif Karaarslan&#8217;\u0131n hakemli\u011fe geri d\u00f6nd\u00fc\u011f\u00fc ortaya \u00e7\u0131kt\u0131\u00a0 \u200bHaberin Al\u0131nt\u0131land\u0131\u011f\u0131 Kaynak: www.antalyakorfez.com\" \/>\n<meta property=\"og:url\" content=\"http:\/\/denizcankizil.tr\/de\/haberler\/gundem\/cnsel-icerikli-videosuyla-gundem-olan-elif-karaarslan-hakemlige-geri-dondu\/\" \/>\n<meta property=\"og:site_name\" content=\"Av. Deniz Can K\u0131z\u0131l\" \/>\n<meta property=\"article:published_time\" content=\"2025-01-08T18:07:00+00:00\" \/>\n<meta name=\"author\" content=\"Antalya K\u00f6rfez\" \/>\n<meta name=\"twitter:card\" content=\"summary_large_image\" \/>\n<meta name=\"twitter:label1\" content=\"Verfasst von\" \/>\n\t<meta name=\"twitter:data1\" content=\"Antalya K\u00f6rfez\" \/>\n\t<meta name=\"twitter:label2\" content=\"Gesch\u00e4tzte Lesezeit\" \/>\n\t<meta name=\"twitter:data2\" content=\"1\u00a0Minute\" \/>\n<script type=\"application\/ld+json\" class=\"yoast-schema-graph\">{\"@context\":\"https:\/\/schema.org\",\"@graph\":[{\"@type\":\"Article\",\"@id\":\"http:\/\/denizcankizil.tr\/de\/haberler\/gundem\/cnsel-icerikli-videosuyla-gundem-olan-elif-karaarslan-hakemlige-geri-dondu\/#article\",\"isPartOf\":{\"@id\":\"http:\/\/denizcankizil.tr\/de\/haberler\/gundem\/cnsel-icerikli-videosuyla-gundem-olan-elif-karaarslan-hakemlige-geri-dondu\/\"},\"author\":{\"name\":\"Antalya K\u00f6rfez\",\"@id\":\"https:\/\/denizcankizil.tr\/#\/schema\/person\/e1eb71bb4dd684d46563f0af307e1234\"},\"headline\":\"C*nsel i\u00e7erikli videosuyla g\u00fcndem olan Elif Karaarslan hakemli\u011fe geri d\u00f6nd\u00fc\",\"datePublished\":\"2025-01-08T18:07:00+00:00\",\"mainEntityOfPage\":{\"@id\":\"http:\/\/denizcankizil.tr\/de\/haberler\/gundem\/cnsel-icerikli-videosuyla-gundem-olan-elif-karaarslan-hakemlige-geri-dondu\/\"},\"wordCount\":220,\"commentCount\":0,\"publisher\":{\"@id\":\"https:\/\/denizcankizil.tr\/#organization\"},\"articleSection\":[\"G\u00fcndem\"],\"inLanguage\":\"de\",\"potentialAction\":[{\"@type\":\"CommentAction\",\"name\":\"Comment\",\"target\":[\"http:\/\/denizcankizil.tr\/de\/haberler\/gundem\/cnsel-icerikli-videosuyla-gundem-olan-elif-karaarslan-hakemlige-geri-dondu\/#respond\"]}]},{\"@type\":\"WebPage\",\"@id\":\"http:\/\/denizcankizil.tr\/de\/haberler\/gundem\/cnsel-icerikli-videosuyla-gundem-olan-elif-karaarslan-hakemlige-geri-dondu\/\",\"url\":\"http:\/\/denizcankizil.tr\/de\/haberler\/gundem\/cnsel-icerikli-videosuyla-gundem-olan-elif-karaarslan-hakemlige-geri-dondu\/\",\"name\":\"C*nsel i\u00e7erikli videosuyla g\u00fcndem olan Elif Karaarslan hakemli\u011fe geri d\u00f6nd\u00fc - Av. Deniz Can K\u0131z\u0131l\",\"isPartOf\":{\"@id\":\"https:\/\/denizcankizil.tr\/#website\"},\"datePublished\":\"2025-01-08T18:07:00+00:00\",\"breadcrumb\":{\"@id\":\"http:\/\/denizcankizil.tr\/de\/haberler\/gundem\/cnsel-icerikli-videosuyla-gundem-olan-elif-karaarslan-hakemlige-geri-dondu\/#breadcrumb\"},\"inLanguage\":\"de\",\"potentialAction\":[{\"@type\":\"ReadAction\",\"target\":[\"http:\/\/denizcankizil.tr\/de\/haberler\/gundem\/cnsel-icerikli-videosuyla-gundem-olan-elif-karaarslan-hakemlige-geri-dondu\/\"]}]},{\"@type\":\"BreadcrumbList\",\"@id\":\"http:\/\/denizcankizil.tr\/de\/haberler\/gundem\/cnsel-icerikli-videosuyla-gundem-olan-elif-karaarslan-hakemlige-geri-dondu\/#breadcrumb\",\"itemListElement\":[{\"@type\":\"ListItem\",\"position\":1,\"name\":\"Home\",\"item\":\"https:\/\/denizcankizil.tr\/de\/\"},{\"@type\":\"ListItem\",\"position\":2,\"name\":\"C*nsel i\u00e7erikli videosuyla g\u00fcndem olan Elif Karaarslan hakemli\u011fe geri d\u00f6nd\u00fc\"}]},{\"@type\":\"WebSite\",\"@id\":\"https:\/\/denizcankizil.tr\/#website\",\"url\":\"https:\/\/denizcankizil.tr\/\",\"name\":\"Av. Deniz Can K\u0131z\u0131l\",\"description\":\"Avukat Deniz Can K\u0131z\u0131l Antalya Barosu\",\"publisher\":{\"@id\":\"https:\/\/denizcankizil.tr\/#organization\"},\"potentialAction\":[{\"@type\":\"SearchAction\",\"target\":{\"@type\":\"EntryPoint\",\"urlTemplate\":\"https:\/\/denizcankizil.tr\/?s={search_term_string}\"},\"query-input\":{\"@type\":\"PropertyValueSpecification\",\"valueRequired\":true,\"valueName\":\"search_term_string\"}}],\"inLanguage\":\"de\"},{\"@type\":\"Organization\",\"@id\":\"https:\/\/denizcankizil.tr\/#organization\",\"name\":\"Av. Deniz Can K\u0131z\u0131l\",\"url\":\"https:\/\/denizcankizil.tr\/\",\"logo\":{\"@type\":\"ImageObject\",\"inLanguage\":\"de\",\"@id\":\"https:\/\/denizcankizil.tr\/#\/schema\/logo\/image\/\",\"url\":\"http:\/\/denizcankizil.tr\/wp-content\/uploads\/2024\/10\/siyah-logo-svg.svg\",\"contentUrl\":\"http:\/\/denizcankizil.tr\/wp-content\/uploads\/2024\/10\/siyah-logo-svg.svg\",\"width\":1080,\"height\":1080,\"caption\":\"Av. Deniz Can K\u0131z\u0131l\"},\"image\":{\"@id\":\"https:\/\/denizcankizil.tr\/#\/schema\/logo\/image\/\"}},{\"@type\":\"Person\",\"@id\":\"https:\/\/denizcankizil.tr\/#\/schema\/person\/e1eb71bb4dd684d46563f0af307e1234\",\"name\":\"Antalya K\u00f6rfez\",\"image\":{\"@type\":\"ImageObject\",\"inLanguage\":\"de\",\"@id\":\"https:\/\/denizcankizil.tr\/#\/schema\/person\/image\/\",\"url\":\"https:\/\/secure.gravatar.com\/avatar\/42b01982558a48a0b501fdcab6a408d3717ea5919095ee2e67b0e521799c5905?s=96&d=mm&r=g\",\"contentUrl\":\"https:\/\/secure.gravatar.com\/avatar\/42b01982558a48a0b501fdcab6a408d3717ea5919095ee2e67b0e521799c5905?s=96&d=mm&r=g\",\"caption\":\"Antalya K\u00f6rfez\"},\"sameAs\":[\"http:\/\/www.antalyakorfez.com\"],\"url\":\"https:\/\/www.antalyakorfez.com\/cnsel-icerikli-videosuyla-gundem-olan-elif-karaarslan-hakemlige-geri-dondu\"}]}<\/script>\n<!-- \/ Yoast SEO Premium plugin. -->","yoast_head_json":{"title":"C*nsel i\u00e7erikli videosuyla g\u00fcndem olan Elif Karaarslan hakemli\u011fe geri d\u00f6nd\u00fc - Av. Deniz Can K\u0131z\u0131l","robots":{"index":"index","follow":"follow","max-snippet":"max-snippet:-1","max-image-preview":"max-image-preview:large","max-video-preview":"max-video-preview:-1"},"canonical":"http:\/\/denizcankizil.tr\/de\/haberler\/gundem\/cnsel-icerikli-videosuyla-gundem-olan-elif-karaarslan-hakemlige-geri-dondu\/","og_locale":"de_DE","og_type":"article","og_title":"C*nsel i\u00e7erikli videosuyla g\u00fcndem olan Elif Karaarslan hakemli\u011fe geri d\u00f6nd\u00fc","og_description":"C*nsel ili\u015fki videosu iddias\u0131yla T\u00fcrkiye Futbol Federasyonu taraf\u0131ndan \u00f6m\u00fcr boyu men cezas\u0131 alan kad\u0131n hakem Elif Karaarslan&#8217;\u0131n hakemli\u011fe geri d\u00f6nd\u00fc\u011f\u00fc ve e\u011fitim almaya ba\u015flad\u0131\u011f\u0131 belirtildi.\u00a0 HAKEML\u0130\u011eE GER\u0130 D\u00d6ND\u00dc\u00a0 C*nsel ili\u015fki videosu \u00e7\u0131kt\u0131\u011f\u0131 iddias\u0131yla T\u00fcrkiye Futbol Federasyonu taraf\u0131ndan \u00f6m\u00fcr boyu men cezas\u0131 alan kad\u0131n hakem Elif Karaarslan&#8217;\u0131n Sinop&#8217;ta hakemli\u011fe geri d\u00f6nd\u00fc\u011f\u00fc ve e\u011fitim almaya ba\u015flad\u0131\u011f\u0131 ortaya \u00e7\u0131kt\u0131.\u00a0 NE OLMU\u015eTU?\u00a0 61 ya\u015f\u0131ndaki g\u00f6zlemci Orhan Erdemir ile 24 ya\u015f\u0131ndaki hakem Elif Karaarslan&#8217;\u0131n ge\u00e7ti\u011fimiz sezon ili\u015fki ya\u015fad\u0131\u011f\u0131 video sosyal medyada yay\u0131lm\u0131\u015ft\u0131. Videonun ard\u0131ndan harekete ge\u00e7en T\u00fcrkiye futbol Federasyonu, iki ismi de g\u00f6revinden \u00f6m\u00fcr boyu men etti. Videonun yapay zeka \u00fcr\u00fcn\u00fc oldu\u011funu ileri s\u00fcren Karaarslan, o \u015fahs\u0131n kendisi olmad\u0131\u011f\u0131n\u0131 ve avukatlar\u0131n\u0131n bu iftiralar hakk\u0131nda yasal i\u015flem ba\u015flataca\u011f\u0131n\u0131 duyurmu\u015ftu. \u200bC*nsel i\u00e7erikli videosu nedeniyle T\u00fcrkiye Futbol Federasyonu taraf\u0131ndan hakemlikten \u00f6m\u00fcr boyu men edilen 24 ya\u015fl\u0131ndaki Elif Karaarslan&#8217;\u0131n hakemli\u011fe geri d\u00f6nd\u00fc\u011f\u00fc ortaya \u00e7\u0131kt\u0131\u00a0 \u200bHaberin Al\u0131nt\u0131land\u0131\u011f\u0131 Kaynak: www.antalyakorfez.com","og_url":"http:\/\/denizcankizil.tr\/de\/haberler\/gundem\/cnsel-icerikli-videosuyla-gundem-olan-elif-karaarslan-hakemlige-geri-dondu\/","og_site_name":"Av. Deniz Can K\u0131z\u0131l","article_published_time":"2025-01-08T18:07:00+00:00","author":"Antalya K\u00f6rfez","twitter_card":"summary_large_image","twitter_misc":{"Verfasst von":"Antalya K\u00f6rfez","Gesch\u00e4tzte Lesezeit":"1\u00a0Minute"},"schema":{"@context":"https:\/\/schema.org","@graph":[{"@type":"Article","@id":"http:\/\/denizcankizil.tr\/de\/haberler\/gundem\/cnsel-icerikli-videosuyla-gundem-olan-elif-karaarslan-hakemlige-geri-dondu\/#article","isPartOf":{"@id":"http:\/\/denizcankizil.tr\/de\/haberler\/gundem\/cnsel-icerikli-videosuyla-gundem-olan-elif-karaarslan-hakemlige-geri-dondu\/"},"author":{"name":"Antalya K\u00f6rfez","@id":"https:\/\/denizcankizil.tr\/#\/schema\/person\/e1eb71bb4dd684d46563f0af307e1234"},"headline":"C*nsel i\u00e7erikli videosuyla g\u00fcndem olan Elif Karaarslan hakemli\u011fe geri d\u00f6nd\u00fc","datePublished":"2025-01-08T18:07:00+00:00","mainEntityOfPage":{"@id":"http:\/\/denizcankizil.tr\/de\/haberler\/gundem\/cnsel-icerikli-videosuyla-gundem-olan-elif-karaarslan-hakemlige-geri-dondu\/"},"wordCount":220,"commentCount":0,"publisher":{"@id":"https:\/\/denizcankizil.tr\/#organization"},"articleSection":["G\u00fcndem"],"inLanguage":"de","potentialAction":[{"@type":"CommentAction","name":"Comment","target":["http:\/\/denizcankizil.tr\/de\/haberler\/gundem\/cnsel-icerikli-videosuyla-gundem-olan-elif-karaarslan-hakemlige-geri-dondu\/#respond"]}]},{"@type":"WebPage","@id":"http:\/\/denizcankizil.tr\/de\/haberler\/gundem\/cnsel-icerikli-videosuyla-gundem-olan-elif-karaarslan-hakemlige-geri-dondu\/","url":"http:\/\/denizcankizil.tr\/de\/haberler\/gundem\/cnsel-icerikli-videosuyla-gundem-olan-elif-karaarslan-hakemlige-geri-dondu\/","name":"C*nsel i\u00e7erikli videosuyla g\u00fcndem olan Elif Karaarslan hakemli\u011fe geri d\u00f6nd\u00fc - Av. Deniz Can K\u0131z\u0131l","isPartOf":{"@id":"https:\/\/denizcankizil.tr\/#website"},"datePublished":"2025-01-08T18:07:00+00:00","breadcrumb":{"@id":"http:\/\/denizcankizil.tr\/de\/haberler\/gundem\/cnsel-icerikli-videosuyla-gundem-olan-elif-karaarslan-hakemlige-geri-dondu\/#breadcrumb"},"inLanguage":"de","potentialAction":[{"@type":"ReadAction","target":["http:\/\/denizcankizil.tr\/de\/haberler\/gundem\/cnsel-icerikli-videosuyla-gundem-olan-elif-karaarslan-hakemlige-geri-dondu\/"]}]},{"@type":"BreadcrumbList","@id":"http:\/\/denizcankizil.tr\/de\/haberler\/gundem\/cnsel-icerikli-videosuyla-gundem-olan-elif-karaarslan-hakemlige-geri-dondu\/#breadcrumb","itemListElement":[{"@type":"ListItem","position":1,"name":"Home","item":"https:\/\/denizcankizil.tr\/de\/"},{"@type":"ListItem","position":2,"name":"C*nsel i\u00e7erikli videosuyla g\u00fcndem olan Elif Karaarslan hakemli\u011fe geri d\u00f6nd\u00fc"}]},{"@type":"WebSite","@id":"https:\/\/denizcankizil.tr\/#website","url":"https:\/\/denizcankizil.tr\/","name":"Av. Deniz Can K\u0131z\u0131l","description":"Avukat Deniz Can K\u0131z\u0131l Antalya Barosu","publisher":{"@id":"https:\/\/denizcankizil.tr\/#organization"},"potentialAction":[{"@type":"SearchAction","target":{"@type":"EntryPoint","urlTemplate":"https:\/\/denizcankizil.tr\/?s={search_term_string}"},"query-input":{"@type":"PropertyValueSpecification","valueRequired":true,"valueName":"search_term_string"}}],"inLanguage":"de"},{"@type":"Organization","@id":"https:\/\/denizcankizil.tr\/#organization","name":"Av. Deniz Can K\u0131z\u0131l","url":"https:\/\/denizcankizil.tr\/","logo":{"@type":"ImageObject","inLanguage":"de","@id":"https:\/\/denizcankizil.tr\/#\/schema\/logo\/image\/","url":"http:\/\/denizcankizil.tr\/wp-content\/uploads\/2024\/10\/siyah-logo-svg.svg","contentUrl":"http:\/\/denizcankizil.tr\/wp-content\/uploads\/2024\/10\/siyah-logo-svg.svg","width":1080,"height":1080,"caption":"Av. Deniz Can K\u0131z\u0131l"},"image":{"@id":"https:\/\/denizcankizil.tr\/#\/schema\/logo\/image\/"}},{"@type":"Person","@id":"https:\/\/denizcankizil.tr\/#\/schema\/person\/e1eb71bb4dd684d46563f0af307e1234","name":"Antalya K\u00f6rfez","image":{"@type":"ImageObject","inLanguage":"de","@id":"https:\/\/denizcankizil.tr\/#\/schema\/person\/image\/","url":"https:\/\/secure.gravatar.com\/avatar\/42b01982558a48a0b501fdcab6a408d3717ea5919095ee2e67b0e521799c5905?s=96&d=mm&r=g","contentUrl":"https:\/\/secure.gravatar.com\/avatar\/42b01982558a48a0b501fdcab6a408d3717ea5919095ee2e67b0e521799c5905?s=96&d=mm&r=g","caption":"Antalya K\u00f6rfez"},"sameAs":["http:\/\/www.antalyakorfez.com"],"url":"https:\/\/www.antalyakorfez.com\/cnsel-icerikli-videosuyla-gundem-olan-elif-karaarslan-hakemlige-geri-dondu"}]}},"_links":{"self":[{"href":"http:\/\/denizcankizil.tr\/de\/wp-json\/wp\/v2\/posts\/24556","targetHints":{"allow":["GET"]}}],"collection":[{"href":"http:\/\/denizcankizil.tr\/de\/wp-json\/wp\/v2\/posts"}],"about":[{"href":"http:\/\/denizcankizil.tr\/de\/wp-json\/wp\/v2\/types\/post"}],"author":[{"embeddable":true,"href":"http:\/\/denizcankizil.tr\/de\/wp-json\/wp\/v2\/users\/5"}],"replies":[{"embeddable":true,"href":"http:\/\/denizcankizil.tr\/de\/wp-json\/wp\/v2\/comments?post=24556"}],"version-history":[{"count":0,"href":"http:\/\/denizcankizil.tr\/de\/wp-json\/wp\/v2\/posts\/24556\/revisions"}],"wp:attachment":[{"href":"http:\/\/denizcankizil.tr\/de\/wp-json\/wp\/v2\/media?parent=24556"}],"wp:term":[{"taxonomy":"category","embeddable":true,"href":"http:\/\/denizcankizil.tr\/de\/wp-json\/wp\/v2\/categories?post=24556"},{"taxonomy":"post_tag","embeddable":true,"href":"http:\/\/denizcankizil.tr\/de\/wp-json\/wp\/v2\/tags?post=24556"}],"curies":[{"name":"wp","href":"https:\/\/api.w.org\/{rel}","templated":true}]}}