{"id":24328,"date":"2025-01-07T16:41:25","date_gmt":"2025-01-07T13:41:25","guid":{"rendered":"https:\/\/denizcankizil.tr\/uncategorized-tr\/calik-onceligimiz-bu-kenti-gelecege-hazirlamak\/"},"modified":"2025-01-07T16:41:25","modified_gmt":"2025-01-07T13:41:25","slug":"calik-onceligimiz-bu-kenti-gelecege-hazirlamak","status":"publish","type":"post","link":"http:\/\/denizcankizil.tr\/de\/haberler\/gundem\/calik-onceligimiz-bu-kenti-gelecege-hazirlamak\/","title":{"rendered":"\u00c7al\u0131k: \u00d6nceli\u011fimiz bu kenti gelece\u011fe haz\u0131rlamak"},"content":{"rendered":"<p>2025 y\u0131l\u0131n\u0131n Beylikd\u00fcz\u00fc\u2019ne bar\u0131\u015f, huzur ve mutluluk getirmesini temenni eden Ba\u015fkan \u00c7al\u0131k, 2025 y\u0131l\u0131nda da kararl\u0131 bir \u015fekilde sosyal adalet ve e\u015fitlik ilkeleri do\u011frultusunda \u00e7al\u0131\u015fmaya devam edeceklerini belirtti. E\u011fitime, sa\u011fl\u0131\u011fa, bilime, sanata ve spora destek olmay\u0131 s\u00fcrd\u00fcreceklerini de vurgulayan Ba\u015fkan \u00c7al\u0131k \u201cBeylikd\u00fcz\u00fc Belediyesi olarak \u00e7ocuklar, gen\u00e7ler, kad\u0131nlar, ya\u015fl\u0131lar ve engelliler i\u00e7in durmadan, yorulmadan \u00f6n\u00fcm\u00fcze konan hi\u00e7bir engele tak\u0131lmadan \u00e7al\u0131\u015fmaya, hizmet etmeye devam edece\u011fiz\u201d dedi.\u0130STANBUL (\u0130GFA) &#8211; Beylikd\u00fcz\u00fc Belediyesi Ocak Ay\u0131 Meclis Toplant\u0131s\u0131, Belediye Meclis Salonu\u2019nda ger\u00e7ekle\u015fti. A\u00e7\u0131l\u0131\u015f konu\u015fmas\u0131na Aral\u0131k ay\u0131nda \u015fehit olan askerleri rahmet ve minnetle anarak ba\u015flayan Beylikd\u00fcz\u00fc Belediye Ba\u015fkan\u0131 Mehmet Murat \u00c7al\u0131k 2024 y\u0131l\u0131n\u0131n Beylikd\u00fcz\u00fc i\u00e7in bir d\u00f6n\u00fcm noktas\u0131 oldu\u011funu vurgulayarak, \u201cHalk\u0131m\u0131z\u0131n en \u00e7ok ihtiya\u00e7 duydu\u011fu sosyal belediyecili\u011fi bir ad\u0131m \u00f6teye ta\u015f\u0131yarak s\u00fcrd\u00fcr\u00fclebilir belediyecilik d\u00f6nemini Beylikd\u00fcz\u00fc\u2019nde ba\u015flatt\u0131k ve bunu cesaretle yapt\u0131k. E\u015fitsizliklerle m\u00fccadele etmek, kaynaklar\u0131 adil da\u011f\u0131tmak ve gelece\u011fi d\u00fc\u015f\u00fcnerek kal\u0131c\u0131 \u00e7\u00f6z\u00fcmler \u00fcretmek cesaret ister. Biz bu cesareti ortaya koyarak hizmet etmeye devam ettik\u201d ifadelerini kulland\u0131. Meclis grup s\u00f6zc\u00fclerinin g\u00fcndem d\u0131\u015f\u0131 s\u00f6z alarak Ocak ay\u0131 i\u00e7erisinde ger\u00e7ekle\u015fecek \u00f6nemli g\u00fcnlere de\u011findi\u011fi oturumda ayr\u0131ca; \u00d6nder Serkan \u00c7ebi, S\u00fcreyya G\u00f6kta\u015f, Aytekin Duri\u00e7, ve Dilaver Arvas Denetim Komisyonuna se\u00e7ildi.<br \/>\n\u00a0\u201cBeylikd\u00fcz\u00fc\u2019nde bir yol \u00e7izdik\u201d<br \/>\nBa\u015fkan \u00c7al\u0131k meclis konu\u015fmas\u0131nda, ekonomik s\u0131k\u0131nt\u0131lar ve toplumsal sorunlara da vurgu yaparak, 2024 y\u0131l\u0131nda kad\u0131n cinayetleri ve \u00e7ocuk \u00f6l\u00fcmlerine ili\u015fkin \u00e7arp\u0131c\u0131 verileri payla\u015ft\u0131. Halk\u0131n yan\u0131nda olmaya devam edeceklerini belirten Ba\u015fkan \u00c7al\u0131k, sosyal belediyecili\u011fi s\u00fcrd\u00fcr\u00fclebilir k\u0131lmak ad\u0131na \u00f6nemli ad\u0131mlar att\u0131klar\u0131n\u0131 ifade etti. Kre\u015f ve park projeleriyle \u00e7ocuklar\u0131n ve annelerin hayat\u0131n\u0131 kolayla\u015ft\u0131rd\u0131klar\u0131n\u0131, afetlere haz\u0131rl\u0131k konusunda ise \u00f6nemli \u00e7al\u0131\u015fmalar yapt\u0131klar\u0131n\u0131 dile getirdi. Ba\u015fkan \u00c7al\u0131k, \u201cBizler \u015fartlar ne kadar a\u011f\u0131r olursa olsun vatanda\u015flar\u0131n s\u0131k\u0131nt\u0131lar\u0131n\u0131 gidermek i\u00e7in halk\u0131n yan\u0131nda olmaya devam edece\u011fiz. Her \u015fartta insanlar\u0131n s\u0131rt\u0131ndaki y\u00fck\u00fc hafifletmenin yollar\u0131n\u0131 ar\u0131yoruz. Halk\u0131m\u0131z\u0131n ne zaman, neye ihtiyac\u0131 varsa hep yan\u0131nda olmaya devam edece\u011fiz. Bug\u00fcne kadar vatanda\u015f\u0131n hep yan\u0131nda olduk ve bundan sonra da yan\u0131nda olaca\u011f\u0131z. \u00d6nceli\u011fimiz bu kenti gelece\u011fe haz\u0131rlamak. Bu kapsamda Beylikd\u00fcz\u00fc\u2019nde bir yol \u00e7izdik. Bu yolda yar\u0131n\u0131 d\u00fc\u015f\u00fcnerek ilerliyoruz. Bu yol eme\u011fin, al\u0131n terinin, cesaretin ve sosyal adaletin yoludur\u201d dedi.<br \/>\n\u201cGe\u00e7ici de\u011fil, kal\u0131c\u0131 \u00e7\u00f6z\u00fcmler \u00fcretece\u011fiz\u201d<br \/>\n\u00a02025 y\u0131l\u0131nda da kararl\u0131 bir \u015fekilde sosyal adalet ve e\u015fitlik ilkeleri do\u011frultusunda \u00e7al\u0131\u015fmaya devam edeceklerini belirten Ba\u015fkan \u00c7al\u0131k, \u201c2025 y\u0131l\u0131nda daha \u00e7ok \u00e7ocu\u011fun karn\u0131n\u0131 doyuraca\u011f\u0131z, kad\u0131n\u0131 g\u00fc\u00e7lendirece\u011fiz ve gen\u00e7lerin hayallerini ger\u00e7ekle\u015ftirmek i\u00e7in var g\u00fcc\u00fcm\u00fczle \u00e7al\u0131\u015faca\u011f\u0131z. En \u00f6nemlisi ge\u00e7ici de\u011fil, kal\u0131c\u0131 \u00e7\u00f6z\u00fcmler \u00fcretece\u011fiz. Beylikd\u00fcz\u00fc Belediyesi olarak \u00e7ocuklar, gen\u00e7ler, kad\u0131nlar, ya\u015fl\u0131lar ve engelliler i\u00e7in durmadan, yorulmadan hizmet etmeye devam edece\u011fiz. Cesur ve kararl\u0131 olmaktan, do\u011fru bildi\u011fimiz yolda y\u00fcr\u00fcmekten asla ve asla geri durmayaca\u011f\u0131z. Sa\u011fl\u0131kl\u0131, huzurlu, mutlu, bar\u0131\u015f\u0131nve sevginin hakim oldu\u011fu bir y\u0131l\u0131 in\u015fallah hep birlikte ya\u015fayaca\u011f\u0131z. Herkesin yeni y\u0131l\u0131n\u0131 bir kez daha kutluyorum\u201d \u015feklinde konu\u015ftu.<br \/>\nOcak Ay\u0131 Meclis Toplant\u0131s\u0131\u2019n\u0131n ikinci birle\u015fiminin 09 Ocak Per\u015fembe g\u00fcn\u00fc saat 10.00\u2019da yap\u0131lmas\u0131 kararla\u015ft\u0131r\u0131ld\u0131.<\/p>\n<p>\u200b2025 y\u0131l\u0131n\u0131n Beylikd\u00fcz\u00fc\u2019ne bar\u0131\u015f, huzur ve mutluluk getirmesini temenni eden Ba\u015fkan \u00c7al\u0131k, 2025 y\u0131l\u0131nda da kararl\u0131 bir \u015fekilde sosyal adalet ve e\u015fitlik ilkeleri do\u011frultusunda \u00e7al\u0131\u015fmaya devam edeceklerini belirtti. E\u011fitime, sa\u011fl\u0131\u011fa, bilime, sanata ve spora destek olmay\u0131 s\u00fcrd\u00fcreceklerini de vurgulayan Ba\u015fkan \u00c7al\u0131k \u201cBeylikd\u00fcz\u00fc Belediyesi olarak \u00e7ocuklar, gen\u00e7ler, kad\u0131nlar, ya\u015fl\u0131lar ve engelliler i\u00e7in durmadan, yorulmadan \u00f6n\u00fcm\u00fcze konan hi\u00e7bir engele tak\u0131lmadan \u00e7al\u0131\u015fmaya, hizmet etmeye devam edece\u011fiz\u201d dedi.\u0130STANBUL (\u0130GFA) &#8211; Beylikd\u00fcz\u00fc Belediyesi Ocak Ay\u0131 Meclis Toplant\u0131s\u0131, Belediye Meclis Salonu\u2019nda ger\u00e7ekle\u015fti. A\u00e7\u0131l\u0131\u015f konu\u015fmas\u0131na Aral\u0131k ay\u0131nda \u015fehit olan askerleri rahmet ve minnetle anarak ba\u015flayan Beylikd\u00fcz\u00fc Belediye Ba\u015fkan\u0131 Mehmet Murat \u00c7al\u0131k 2024 y\u0131l\u0131n\u0131n Beylikd\u00fcz\u00fc i\u00e7in bir d\u00f6n\u00fcm noktas\u0131 oldu\u011funu vurgulayarak, \u201cHalk\u0131m\u0131z\u0131n en \u00e7ok ihtiya\u00e7 duydu\u011fu sosyal belediyecili\u011fi bir ad\u0131m \u00f6teye ta\u015f\u0131yarak s\u00fcrd\u00fcr\u00fclebilir belediyecilik d\u00f6nemini Beylikd\u00fcz\u00fc\u2019nde ba\u015flatt\u0131k ve bunu cesaretle yapt\u0131k. E\u015fitsizliklerle m\u00fccadele etmek, kaynaklar\u0131 adil da\u011f\u0131tmak ve gelece\u011fi d\u00fc\u015f\u00fcnerek kal\u0131c\u0131 \u00e7\u00f6z\u00fcmler \u00fcretmek cesaret ister. Biz bu cesareti ortaya koyarak hizmet etmeye devam ettik\u201d ifadelerini kulland\u0131. Meclis grup s\u00f6zc\u00fclerinin g\u00fcndem d\u0131\u015f\u0131 s\u00f6z alarak Ocak ay\u0131 i\u00e7erisinde ger\u00e7ekle\u015fecek \u00f6nemli g\u00fcnlere de\u011findi\u011fi oturumda ayr\u0131ca; \u00d6nder Serkan \u00c7ebi, S\u00fcreyya G\u00f6kta\u015f, Aytekin Duri\u00e7, ve Dilaver Arvas Denetim Komisyonuna se\u00e7ildi.<br \/>\n\u00a0\u201cBeylikd\u00fcz\u00fc\u2019nde bir yol \u00e7izdik\u201d<br \/>\nBa\u015fkan \u00c7al\u0131k meclis konu\u015fmas\u0131nda, ekonomik s\u0131k\u0131nt\u0131lar ve toplumsal sorunlara da vurgu yaparak, 2024 y\u0131l\u0131nda kad\u0131n cinayetleri ve \u00e7ocuk \u00f6l\u00fcmlerine ili\u015fkin \u00e7arp\u0131c\u0131 verileri payla\u015ft\u0131. Halk\u0131n yan\u0131nda olmaya devam edeceklerini belirten Ba\u015fkan \u00c7al\u0131k, sosyal belediyecili\u011fi s\u00fcrd\u00fcr\u00fclebilir k\u0131lmak ad\u0131na \u00f6nemli ad\u0131mlar att\u0131klar\u0131n\u0131 ifade etti. Kre\u015f ve park projeleriyle \u00e7ocuklar\u0131n ve annelerin hayat\u0131n\u0131 kolayla\u015ft\u0131rd\u0131klar\u0131n\u0131, afetlere haz\u0131rl\u0131k konusunda ise \u00f6nemli \u00e7al\u0131\u015fmalar yapt\u0131klar\u0131n\u0131 dile getirdi. Ba\u015fkan \u00c7al\u0131k, \u201cBizler \u015fartlar ne kadar a\u011f\u0131r olursa olsun vatanda\u015flar\u0131n s\u0131k\u0131nt\u0131lar\u0131n\u0131 gidermek i\u00e7in halk\u0131n yan\u0131nda olmaya devam edece\u011fiz. Her \u015fartta insanlar\u0131n s\u0131rt\u0131ndaki y\u00fck\u00fc hafifletmenin yollar\u0131n\u0131 ar\u0131yoruz. Halk\u0131m\u0131z\u0131n ne zaman, neye ihtiyac\u0131 varsa hep yan\u0131nda olmaya devam edece\u011fiz. Bug\u00fcne kadar vatanda\u015f\u0131n hep yan\u0131nda olduk ve bundan sonra da yan\u0131nda olaca\u011f\u0131z. \u00d6nceli\u011fimiz bu kenti gelece\u011fe haz\u0131rlamak. Bu kapsamda Beylikd\u00fcz\u00fc\u2019nde bir yol \u00e7izdik. Bu yolda yar\u0131n\u0131 d\u00fc\u015f\u00fcnerek ilerliyoruz. Bu yol eme\u011fin, al\u0131n terinin, cesaretin ve sosyal adaletin yoludur\u201d dedi.<br \/>\n\u201cGe\u00e7ici de\u011fil, kal\u0131c\u0131 \u00e7\u00f6z\u00fcmler \u00fcretece\u011fiz\u201d<br \/>\n\u00a02025 y\u0131l\u0131nda da kararl\u0131 bir \u015fekilde sosyal adalet ve e\u015fitlik ilkeleri do\u011frultusunda \u00e7al\u0131\u015fmaya devam edeceklerini belirten Ba\u015fkan \u00c7al\u0131k, \u201c2025 y\u0131l\u0131nda daha \u00e7ok \u00e7ocu\u011fun karn\u0131n\u0131 doyuraca\u011f\u0131z, kad\u0131n\u0131 g\u00fc\u00e7lendirece\u011fiz ve gen\u00e7lerin hayallerini ger\u00e7ekle\u015ftirmek i\u00e7in var g\u00fcc\u00fcm\u00fczle \u00e7al\u0131\u015faca\u011f\u0131z. En \u00f6nemlisi ge\u00e7ici de\u011fil, kal\u0131c\u0131 \u00e7\u00f6z\u00fcmler \u00fcretece\u011fiz. Beylikd\u00fcz\u00fc Belediyesi olarak \u00e7ocuklar, gen\u00e7ler, kad\u0131nlar, ya\u015fl\u0131lar ve engelliler i\u00e7in durmadan, yorulmadan hizmet etmeye devam edece\u011fiz. Cesur ve kararl\u0131 olmaktan, do\u011fru bildi\u011fimiz yolda y\u00fcr\u00fcmekten asla ve asla geri durmayaca\u011f\u0131z. Sa\u011fl\u0131kl\u0131, huzurlu, mutlu, bar\u0131\u015f\u0131nve sevginin hakim oldu\u011fu bir y\u0131l\u0131 in\u015fallah hep birlikte ya\u015fayaca\u011f\u0131z. Herkesin yeni y\u0131l\u0131n\u0131 bir kez daha kutluyorum\u201d \u015feklinde konu\u015ftu.<br \/>\nOcak Ay\u0131 Meclis Toplant\u0131s\u0131\u2019n\u0131n ikinci birle\u015fiminin 09 Ocak Per\u015fembe g\u00fcn\u00fc saat 10.00\u2019da yap\u0131lmas\u0131 kararla\u015ft\u0131r\u0131ld\u0131.\u00a0<\/p>\n<p>\u200bHaberin Al\u0131nt\u0131land\u0131\u011f\u0131 Kaynak: www.iskenderun.org<\/p>","protected":false},"excerpt":{"rendered":"<p>2025 y\u0131l\u0131n\u0131n Beylikd\u00fcz\u00fc\u2019ne bar\u0131\u015f, huzur ve mutluluk getirmesini temenni eden Ba\u015fkan \u00c7al\u0131k, 2025 y\u0131l\u0131nda da kararl\u0131 bir \u015fekilde sosyal adalet ve e\u015fitlik ilkeleri do\u011frultusunda \u00e7al\u0131\u015fmaya devam edeceklerini belirtti. E\u011fitime, sa\u011fl\u0131\u011fa, bilime, sanata ve spora destek olmay\u0131 s\u00fcrd\u00fcreceklerini de vurgulayan Ba\u015fkan \u00c7al\u0131k \u201cBeylikd\u00fcz\u00fc Belediyesi olarak \u00e7ocuklar, gen\u00e7ler, kad\u0131nlar, ya\u015fl\u0131lar ve engelliler i\u00e7in durmadan, yorulmadan \u00f6n\u00fcm\u00fcze konan hi\u00e7bir engele tak\u0131lmadan \u00e7al\u0131\u015fmaya, hizmet etmeye devam edece\u011fiz\u201d dedi.\u0130STANBUL (\u0130GFA) &#8211; Beylikd\u00fcz\u00fc Belediyesi Ocak Ay\u0131 Meclis Toplant\u0131s\u0131, Belediye Meclis Salonu\u2019nda ger\u00e7ekle\u015fti. A\u00e7\u0131l\u0131\u015f konu\u015fmas\u0131na Aral\u0131k ay\u0131nda \u015fehit olan askerleri rahmet ve minnetle anarak ba\u015flayan Beylikd\u00fcz\u00fc Belediye Ba\u015fkan\u0131 Mehmet Murat \u00c7al\u0131k 2024 y\u0131l\u0131n\u0131n Beylikd\u00fcz\u00fc i\u00e7in bir d\u00f6n\u00fcm noktas\u0131 oldu\u011funu vurgulayarak, \u201cHalk\u0131m\u0131z\u0131n en \u00e7ok ihtiya\u00e7 duydu\u011fu sosyal belediyecili\u011fi bir ad\u0131m \u00f6teye ta\u015f\u0131yarak s\u00fcrd\u00fcr\u00fclebilir belediyecilik d\u00f6nemini Beylikd\u00fcz\u00fc\u2019nde ba\u015flatt\u0131k ve bunu cesaretle yapt\u0131k. E\u015fitsizliklerle m\u00fccadele etmek, kaynaklar\u0131 adil da\u011f\u0131tmak ve gelece\u011fi d\u00fc\u015f\u00fcnerek kal\u0131c\u0131 \u00e7\u00f6z\u00fcmler \u00fcretmek cesaret ister. Biz bu cesareti ortaya koyarak hizmet etmeye devam ettik\u201d ifadelerini kulland\u0131. Meclis grup s\u00f6zc\u00fclerinin g\u00fcndem d\u0131\u015f\u0131 s\u00f6z alarak Ocak ay\u0131 i\u00e7erisinde ger\u00e7ekle\u015fecek \u00f6nemli g\u00fcnlere de\u011findi\u011fi oturumda ayr\u0131ca; \u00d6nder Serkan \u00c7ebi, S\u00fcreyya G\u00f6kta\u015f, Aytekin Duri\u00e7, ve Dilaver Arvas Denetim Komisyonuna se\u00e7ildi. \u00a0\u201cBeylikd\u00fcz\u00fc\u2019nde bir yol \u00e7izdik\u201d Ba\u015fkan \u00c7al\u0131k meclis konu\u015fmas\u0131nda, ekonomik s\u0131k\u0131nt\u0131lar ve toplumsal sorunlara da vurgu yaparak, 2024 y\u0131l\u0131nda kad\u0131n cinayetleri ve \u00e7ocuk \u00f6l\u00fcmlerine &hellip;<\/p>","protected":false},"author":1,"featured_media":0,"comment_status":"open","ping_status":"open","sticky":false,"template":"","format":"standard","meta":{"_acf_changed":false,"footnotes":""},"categories":[24],"tags":[],"class_list":["post-24328","post","type-post","status-publish","format-standard","has-post-thumbnail","hentry","category-gundem"],"acf":[],"yoast_head":"<!-- This site is optimized with the Yoast SEO Premium plugin v26.6 (Yoast SEO v27.1.1) - https:\/\/yoast.com\/product\/yoast-seo-premium-wordpress\/ -->\n<title>\u00c7al\u0131k: \u00d6nceli\u011fimiz bu kenti gelece\u011fe haz\u0131rlamak - Av. Deniz Can K\u0131z\u0131l<\/title>\n<meta name=\"robots\" content=\"index, follow, max-snippet:-1, max-image-preview:large, max-video-preview:-1\" \/>\n<link rel=\"canonical\" href=\"http:\/\/denizcankizil.tr\/de\/haberler\/gundem\/calik-onceligimiz-bu-kenti-gelecege-hazirlamak\/\" \/>\n<meta property=\"og:locale\" content=\"de_DE\" \/>\n<meta property=\"og:type\" content=\"article\" \/>\n<meta property=\"og:title\" content=\"\u00c7al\u0131k: \u00d6nceli\u011fimiz bu kenti gelece\u011fe haz\u0131rlamak\" \/>\n<meta property=\"og:description\" content=\"2025 y\u0131l\u0131n\u0131n Beylikd\u00fcz\u00fc\u2019ne bar\u0131\u015f, huzur ve mutluluk getirmesini temenni eden Ba\u015fkan \u00c7al\u0131k, 2025 y\u0131l\u0131nda da kararl\u0131 bir \u015fekilde sosyal adalet ve e\u015fitlik ilkeleri do\u011frultusunda \u00e7al\u0131\u015fmaya devam edeceklerini belirtti. E\u011fitime, sa\u011fl\u0131\u011fa, bilime, sanata ve spora destek olmay\u0131 s\u00fcrd\u00fcreceklerini de vurgulayan Ba\u015fkan \u00c7al\u0131k \u201cBeylikd\u00fcz\u00fc Belediyesi olarak \u00e7ocuklar, gen\u00e7ler, kad\u0131nlar, ya\u015fl\u0131lar ve engelliler i\u00e7in durmadan, yorulmadan \u00f6n\u00fcm\u00fcze konan hi\u00e7bir engele tak\u0131lmadan \u00e7al\u0131\u015fmaya, hizmet etmeye devam edece\u011fiz\u201d dedi.\u0130STANBUL (\u0130GFA) &#8211; Beylikd\u00fcz\u00fc Belediyesi Ocak Ay\u0131 Meclis Toplant\u0131s\u0131, Belediye Meclis Salonu\u2019nda ger\u00e7ekle\u015fti. A\u00e7\u0131l\u0131\u015f konu\u015fmas\u0131na Aral\u0131k ay\u0131nda \u015fehit olan askerleri rahmet ve minnetle anarak ba\u015flayan Beylikd\u00fcz\u00fc Belediye Ba\u015fkan\u0131 Mehmet Murat \u00c7al\u0131k 2024 y\u0131l\u0131n\u0131n Beylikd\u00fcz\u00fc i\u00e7in bir d\u00f6n\u00fcm noktas\u0131 oldu\u011funu vurgulayarak, \u201cHalk\u0131m\u0131z\u0131n en \u00e7ok ihtiya\u00e7 duydu\u011fu sosyal belediyecili\u011fi bir ad\u0131m \u00f6teye ta\u015f\u0131yarak s\u00fcrd\u00fcr\u00fclebilir belediyecilik d\u00f6nemini Beylikd\u00fcz\u00fc\u2019nde ba\u015flatt\u0131k ve bunu cesaretle yapt\u0131k. E\u015fitsizliklerle m\u00fccadele etmek, kaynaklar\u0131 adil da\u011f\u0131tmak ve gelece\u011fi d\u00fc\u015f\u00fcnerek kal\u0131c\u0131 \u00e7\u00f6z\u00fcmler \u00fcretmek cesaret ister. Biz bu cesareti ortaya koyarak hizmet etmeye devam ettik\u201d ifadelerini kulland\u0131. Meclis grup s\u00f6zc\u00fclerinin g\u00fcndem d\u0131\u015f\u0131 s\u00f6z alarak Ocak ay\u0131 i\u00e7erisinde ger\u00e7ekle\u015fecek \u00f6nemli g\u00fcnlere de\u011findi\u011fi oturumda ayr\u0131ca; \u00d6nder Serkan \u00c7ebi, S\u00fcreyya G\u00f6kta\u015f, Aytekin Duri\u00e7, ve Dilaver Arvas Denetim Komisyonuna se\u00e7ildi. \u00a0\u201cBeylikd\u00fcz\u00fc\u2019nde bir yol \u00e7izdik\u201d Ba\u015fkan \u00c7al\u0131k meclis konu\u015fmas\u0131nda, ekonomik s\u0131k\u0131nt\u0131lar ve toplumsal sorunlara da vurgu yaparak, 2024 y\u0131l\u0131nda kad\u0131n cinayetleri ve \u00e7ocuk \u00f6l\u00fcmlerine &hellip;\" \/>\n<meta property=\"og:url\" content=\"http:\/\/denizcankizil.tr\/de\/haberler\/gundem\/calik-onceligimiz-bu-kenti-gelecege-hazirlamak\/\" \/>\n<meta property=\"og:site_name\" content=\"Av. Deniz Can K\u0131z\u0131l\" \/>\n<meta property=\"article:published_time\" content=\"2025-01-07T13:41:25+00:00\" \/>\n<meta name=\"author\" content=\"admin\" \/>\n<meta name=\"twitter:card\" content=\"summary_large_image\" \/>\n<meta name=\"twitter:label1\" content=\"Verfasst von\" \/>\n\t<meta name=\"twitter:data1\" content=\"admin\" \/>\n\t<meta name=\"twitter:label2\" content=\"Gesch\u00e4tzte Lesezeit\" \/>\n\t<meta name=\"twitter:data2\" content=\"7\u00a0Minuten\" \/>\n<script type=\"application\/ld+json\" class=\"yoast-schema-graph\">{\"@context\":\"https:\/\/schema.org\",\"@graph\":[{\"@type\":\"Article\",\"@id\":\"http:\/\/denizcankizil.tr\/de\/haberler\/gundem\/calik-onceligimiz-bu-kenti-gelecege-hazirlamak\/#article\",\"isPartOf\":{\"@id\":\"http:\/\/denizcankizil.tr\/de\/haberler\/gundem\/calik-onceligimiz-bu-kenti-gelecege-hazirlamak\/\"},\"author\":{\"name\":\"admin\",\"@id\":\"https:\/\/denizcankizil.tr\/de\/#\/schema\/person\/be3c05fe6a12686905512445d8185489\"},\"headline\":\"\u00c7al\u0131k: \u00d6nceli\u011fimiz bu kenti gelece\u011fe haz\u0131rlamak\",\"datePublished\":\"2025-01-07T13:41:25+00:00\",\"mainEntityOfPage\":{\"@id\":\"http:\/\/denizcankizil.tr\/de\/haberler\/gundem\/calik-onceligimiz-bu-kenti-gelecege-hazirlamak\/\"},\"wordCount\":1332,\"commentCount\":0,\"publisher\":{\"@id\":\"https:\/\/denizcankizil.tr\/de\/#organization\"},\"articleSection\":[\"G\u00fcndem\"],\"inLanguage\":\"de\",\"potentialAction\":[{\"@type\":\"CommentAction\",\"name\":\"Comment\",\"target\":[\"http:\/\/denizcankizil.tr\/de\/haberler\/gundem\/calik-onceligimiz-bu-kenti-gelecege-hazirlamak\/#respond\"]}]},{\"@type\":\"WebPage\",\"@id\":\"http:\/\/denizcankizil.tr\/de\/haberler\/gundem\/calik-onceligimiz-bu-kenti-gelecege-hazirlamak\/\",\"url\":\"http:\/\/denizcankizil.tr\/de\/haberler\/gundem\/calik-onceligimiz-bu-kenti-gelecege-hazirlamak\/\",\"name\":\"\u00c7al\u0131k: \u00d6nceli\u011fimiz bu kenti gelece\u011fe haz\u0131rlamak - Av. Deniz Can K\u0131z\u0131l\",\"isPartOf\":{\"@id\":\"https:\/\/denizcankizil.tr\/de\/#website\"},\"datePublished\":\"2025-01-07T13:41:25+00:00\",\"breadcrumb\":{\"@id\":\"http:\/\/denizcankizil.tr\/de\/haberler\/gundem\/calik-onceligimiz-bu-kenti-gelecege-hazirlamak\/#breadcrumb\"},\"inLanguage\":\"de\",\"potentialAction\":[{\"@type\":\"ReadAction\",\"target\":[\"http:\/\/denizcankizil.tr\/de\/haberler\/gundem\/calik-onceligimiz-bu-kenti-gelecege-hazirlamak\/\"]}]},{\"@type\":\"BreadcrumbList\",\"@id\":\"http:\/\/denizcankizil.tr\/de\/haberler\/gundem\/calik-onceligimiz-bu-kenti-gelecege-hazirlamak\/#breadcrumb\",\"itemListElement\":[{\"@type\":\"ListItem\",\"position\":1,\"name\":\"Home\",\"item\":\"https:\/\/denizcankizil.tr\/de\/\"},{\"@type\":\"ListItem\",\"position\":2,\"name\":\"\u00c7al\u0131k: \u00d6nceli\u011fimiz bu kenti gelece\u011fe haz\u0131rlamak\"}]},{\"@type\":\"WebSite\",\"@id\":\"https:\/\/denizcankizil.tr\/de\/#website\",\"url\":\"https:\/\/denizcankizil.tr\/de\/\",\"name\":\"Av. Deniz Can K\u0131z\u0131l\",\"description\":\"Avukat Deniz Can K\u0131z\u0131l Antalya Barosu\",\"publisher\":{\"@id\":\"https:\/\/denizcankizil.tr\/de\/#organization\"},\"potentialAction\":[{\"@type\":\"SearchAction\",\"target\":{\"@type\":\"EntryPoint\",\"urlTemplate\":\"https:\/\/denizcankizil.tr\/de\/?s={search_term_string}\"},\"query-input\":{\"@type\":\"PropertyValueSpecification\",\"valueRequired\":true,\"valueName\":\"search_term_string\"}}],\"inLanguage\":\"de\"},{\"@type\":\"Organization\",\"@id\":\"https:\/\/denizcankizil.tr\/de\/#organization\",\"name\":\"Av. Deniz Can K\u0131z\u0131l\",\"url\":\"https:\/\/denizcankizil.tr\/de\/\",\"logo\":{\"@type\":\"ImageObject\",\"inLanguage\":\"de\",\"@id\":\"https:\/\/denizcankizil.tr\/de\/#\/schema\/logo\/image\/\",\"url\":\"http:\/\/denizcankizil.tr\/wp-content\/uploads\/2024\/10\/siyah-logo-svg.svg\",\"contentUrl\":\"http:\/\/denizcankizil.tr\/wp-content\/uploads\/2024\/10\/siyah-logo-svg.svg\",\"width\":1080,\"height\":1080,\"caption\":\"Av. Deniz Can K\u0131z\u0131l\"},\"image\":{\"@id\":\"https:\/\/denizcankizil.tr\/de\/#\/schema\/logo\/image\/\"}},{\"@type\":\"Person\",\"@id\":\"https:\/\/denizcankizil.tr\/de\/#\/schema\/person\/be3c05fe6a12686905512445d8185489\",\"name\":\"admin\",\"image\":{\"@type\":\"ImageObject\",\"inLanguage\":\"de\",\"@id\":\"https:\/\/denizcankizil.tr\/de\/#\/schema\/person\/image\/\",\"url\":\"https:\/\/secure.gravatar.com\/avatar\/c1fce94c830dc79107e174f890d7210541c4a63e8e5d816341794a2151c9d58c?s=96&d=mm&r=g\",\"contentUrl\":\"https:\/\/secure.gravatar.com\/avatar\/c1fce94c830dc79107e174f890d7210541c4a63e8e5d816341794a2151c9d58c?s=96&d=mm&r=g\",\"caption\":\"admin\"},\"sameAs\":[\"http:\/\/denizcankizil.tr\"],\"url\":\"https:\/\/www.iskenderun.org\/calik-onceligimiz-bu-kenti-gelecege-hazirlamak\"}]}<\/script>\n<!-- \/ Yoast SEO Premium plugin. -->","yoast_head_json":{"title":"\u00c7al\u0131k: \u00d6nceli\u011fimiz bu kenti gelece\u011fe haz\u0131rlamak - Av. Deniz Can K\u0131z\u0131l","robots":{"index":"index","follow":"follow","max-snippet":"max-snippet:-1","max-image-preview":"max-image-preview:large","max-video-preview":"max-video-preview:-1"},"canonical":"http:\/\/denizcankizil.tr\/de\/haberler\/gundem\/calik-onceligimiz-bu-kenti-gelecege-hazirlamak\/","og_locale":"de_DE","og_type":"article","og_title":"\u00c7al\u0131k: \u00d6nceli\u011fimiz bu kenti gelece\u011fe haz\u0131rlamak","og_description":"2025 y\u0131l\u0131n\u0131n Beylikd\u00fcz\u00fc\u2019ne bar\u0131\u015f, huzur ve mutluluk getirmesini temenni eden Ba\u015fkan \u00c7al\u0131k, 2025 y\u0131l\u0131nda da kararl\u0131 bir \u015fekilde sosyal adalet ve e\u015fitlik ilkeleri do\u011frultusunda \u00e7al\u0131\u015fmaya devam edeceklerini belirtti. E\u011fitime, sa\u011fl\u0131\u011fa, bilime, sanata ve spora destek olmay\u0131 s\u00fcrd\u00fcreceklerini de vurgulayan Ba\u015fkan \u00c7al\u0131k \u201cBeylikd\u00fcz\u00fc Belediyesi olarak \u00e7ocuklar, gen\u00e7ler, kad\u0131nlar, ya\u015fl\u0131lar ve engelliler i\u00e7in durmadan, yorulmadan \u00f6n\u00fcm\u00fcze konan hi\u00e7bir engele tak\u0131lmadan \u00e7al\u0131\u015fmaya, hizmet etmeye devam edece\u011fiz\u201d dedi.\u0130STANBUL (\u0130GFA) &#8211; Beylikd\u00fcz\u00fc Belediyesi Ocak Ay\u0131 Meclis Toplant\u0131s\u0131, Belediye Meclis Salonu\u2019nda ger\u00e7ekle\u015fti. A\u00e7\u0131l\u0131\u015f konu\u015fmas\u0131na Aral\u0131k ay\u0131nda \u015fehit olan askerleri rahmet ve minnetle anarak ba\u015flayan Beylikd\u00fcz\u00fc Belediye Ba\u015fkan\u0131 Mehmet Murat \u00c7al\u0131k 2024 y\u0131l\u0131n\u0131n Beylikd\u00fcz\u00fc i\u00e7in bir d\u00f6n\u00fcm noktas\u0131 oldu\u011funu vurgulayarak, \u201cHalk\u0131m\u0131z\u0131n en \u00e7ok ihtiya\u00e7 duydu\u011fu sosyal belediyecili\u011fi bir ad\u0131m \u00f6teye ta\u015f\u0131yarak s\u00fcrd\u00fcr\u00fclebilir belediyecilik d\u00f6nemini Beylikd\u00fcz\u00fc\u2019nde ba\u015flatt\u0131k ve bunu cesaretle yapt\u0131k. E\u015fitsizliklerle m\u00fccadele etmek, kaynaklar\u0131 adil da\u011f\u0131tmak ve gelece\u011fi d\u00fc\u015f\u00fcnerek kal\u0131c\u0131 \u00e7\u00f6z\u00fcmler \u00fcretmek cesaret ister. Biz bu cesareti ortaya koyarak hizmet etmeye devam ettik\u201d ifadelerini kulland\u0131. Meclis grup s\u00f6zc\u00fclerinin g\u00fcndem d\u0131\u015f\u0131 s\u00f6z alarak Ocak ay\u0131 i\u00e7erisinde ger\u00e7ekle\u015fecek \u00f6nemli g\u00fcnlere de\u011findi\u011fi oturumda ayr\u0131ca; \u00d6nder Serkan \u00c7ebi, S\u00fcreyya G\u00f6kta\u015f, Aytekin Duri\u00e7, ve Dilaver Arvas Denetim Komisyonuna se\u00e7ildi. \u00a0\u201cBeylikd\u00fcz\u00fc\u2019nde bir yol \u00e7izdik\u201d Ba\u015fkan \u00c7al\u0131k meclis konu\u015fmas\u0131nda, ekonomik s\u0131k\u0131nt\u0131lar ve toplumsal sorunlara da vurgu yaparak, 2024 y\u0131l\u0131nda kad\u0131n cinayetleri ve \u00e7ocuk \u00f6l\u00fcmlerine &hellip;","og_url":"http:\/\/denizcankizil.tr\/de\/haberler\/gundem\/calik-onceligimiz-bu-kenti-gelecege-hazirlamak\/","og_site_name":"Av. Deniz Can K\u0131z\u0131l","article_published_time":"2025-01-07T13:41:25+00:00","author":"admin","twitter_card":"summary_large_image","twitter_misc":{"Verfasst von":"admin","Gesch\u00e4tzte Lesezeit":"7\u00a0Minuten"},"schema":{"@context":"https:\/\/schema.org","@graph":[{"@type":"Article","@id":"http:\/\/denizcankizil.tr\/de\/haberler\/gundem\/calik-onceligimiz-bu-kenti-gelecege-hazirlamak\/#article","isPartOf":{"@id":"http:\/\/denizcankizil.tr\/de\/haberler\/gundem\/calik-onceligimiz-bu-kenti-gelecege-hazirlamak\/"},"author":{"name":"admin","@id":"https:\/\/denizcankizil.tr\/de\/#\/schema\/person\/be3c05fe6a12686905512445d8185489"},"headline":"\u00c7al\u0131k: \u00d6nceli\u011fimiz bu kenti gelece\u011fe haz\u0131rlamak","datePublished":"2025-01-07T13:41:25+00:00","mainEntityOfPage":{"@id":"http:\/\/denizcankizil.tr\/de\/haberler\/gundem\/calik-onceligimiz-bu-kenti-gelecege-hazirlamak\/"},"wordCount":1332,"commentCount":0,"publisher":{"@id":"https:\/\/denizcankizil.tr\/de\/#organization"},"articleSection":["G\u00fcndem"],"inLanguage":"de","potentialAction":[{"@type":"CommentAction","name":"Comment","target":["http:\/\/denizcankizil.tr\/de\/haberler\/gundem\/calik-onceligimiz-bu-kenti-gelecege-hazirlamak\/#respond"]}]},{"@type":"WebPage","@id":"http:\/\/denizcankizil.tr\/de\/haberler\/gundem\/calik-onceligimiz-bu-kenti-gelecege-hazirlamak\/","url":"http:\/\/denizcankizil.tr\/de\/haberler\/gundem\/calik-onceligimiz-bu-kenti-gelecege-hazirlamak\/","name":"\u00c7al\u0131k: \u00d6nceli\u011fimiz bu kenti gelece\u011fe haz\u0131rlamak - Av. Deniz Can K\u0131z\u0131l","isPartOf":{"@id":"https:\/\/denizcankizil.tr\/de\/#website"},"datePublished":"2025-01-07T13:41:25+00:00","breadcrumb":{"@id":"http:\/\/denizcankizil.tr\/de\/haberler\/gundem\/calik-onceligimiz-bu-kenti-gelecege-hazirlamak\/#breadcrumb"},"inLanguage":"de","potentialAction":[{"@type":"ReadAction","target":["http:\/\/denizcankizil.tr\/de\/haberler\/gundem\/calik-onceligimiz-bu-kenti-gelecege-hazirlamak\/"]}]},{"@type":"BreadcrumbList","@id":"http:\/\/denizcankizil.tr\/de\/haberler\/gundem\/calik-onceligimiz-bu-kenti-gelecege-hazirlamak\/#breadcrumb","itemListElement":[{"@type":"ListItem","position":1,"name":"Home","item":"https:\/\/denizcankizil.tr\/de\/"},{"@type":"ListItem","position":2,"name":"\u00c7al\u0131k: \u00d6nceli\u011fimiz bu kenti gelece\u011fe haz\u0131rlamak"}]},{"@type":"WebSite","@id":"https:\/\/denizcankizil.tr\/de\/#website","url":"https:\/\/denizcankizil.tr\/de\/","name":"Av. Deniz Can K\u0131z\u0131l","description":"Avukat Deniz Can K\u0131z\u0131l Antalya Barosu","publisher":{"@id":"https:\/\/denizcankizil.tr\/de\/#organization"},"potentialAction":[{"@type":"SearchAction","target":{"@type":"EntryPoint","urlTemplate":"https:\/\/denizcankizil.tr\/de\/?s={search_term_string}"},"query-input":{"@type":"PropertyValueSpecification","valueRequired":true,"valueName":"search_term_string"}}],"inLanguage":"de"},{"@type":"Organization","@id":"https:\/\/denizcankizil.tr\/de\/#organization","name":"Av. Deniz Can K\u0131z\u0131l","url":"https:\/\/denizcankizil.tr\/de\/","logo":{"@type":"ImageObject","inLanguage":"de","@id":"https:\/\/denizcankizil.tr\/de\/#\/schema\/logo\/image\/","url":"http:\/\/denizcankizil.tr\/wp-content\/uploads\/2024\/10\/siyah-logo-svg.svg","contentUrl":"http:\/\/denizcankizil.tr\/wp-content\/uploads\/2024\/10\/siyah-logo-svg.svg","width":1080,"height":1080,"caption":"Av. Deniz Can K\u0131z\u0131l"},"image":{"@id":"https:\/\/denizcankizil.tr\/de\/#\/schema\/logo\/image\/"}},{"@type":"Person","@id":"https:\/\/denizcankizil.tr\/de\/#\/schema\/person\/be3c05fe6a12686905512445d8185489","name":"Administrator","image":{"@type":"ImageObject","inLanguage":"de","@id":"https:\/\/denizcankizil.tr\/de\/#\/schema\/person\/image\/","url":"https:\/\/secure.gravatar.com\/avatar\/c1fce94c830dc79107e174f890d7210541c4a63e8e5d816341794a2151c9d58c?s=96&d=mm&r=g","contentUrl":"https:\/\/secure.gravatar.com\/avatar\/c1fce94c830dc79107e174f890d7210541c4a63e8e5d816341794a2151c9d58c?s=96&d=mm&r=g","caption":"admin"},"sameAs":["http:\/\/denizcankizil.tr"],"url":"https:\/\/www.iskenderun.org\/calik-onceligimiz-bu-kenti-gelecege-hazirlamak"}]}},"_links":{"self":[{"href":"http:\/\/denizcankizil.tr\/de\/wp-json\/wp\/v2\/posts\/24328","targetHints":{"allow":["GET"]}}],"collection":[{"href":"http:\/\/denizcankizil.tr\/de\/wp-json\/wp\/v2\/posts"}],"about":[{"href":"http:\/\/denizcankizil.tr\/de\/wp-json\/wp\/v2\/types\/post"}],"author":[{"embeddable":true,"href":"http:\/\/denizcankizil.tr\/de\/wp-json\/wp\/v2\/users\/1"}],"replies":[{"embeddable":true,"href":"http:\/\/denizcankizil.tr\/de\/wp-json\/wp\/v2\/comments?post=24328"}],"version-history":[{"count":0,"href":"http:\/\/denizcankizil.tr\/de\/wp-json\/wp\/v2\/posts\/24328\/revisions"}],"wp:attachment":[{"href":"http:\/\/denizcankizil.tr\/de\/wp-json\/wp\/v2\/media?parent=24328"}],"wp:term":[{"taxonomy":"category","embeddable":true,"href":"http:\/\/denizcankizil.tr\/de\/wp-json\/wp\/v2\/categories?post=24328"},{"taxonomy":"post_tag","embeddable":true,"href":"http:\/\/denizcankizil.tr\/de\/wp-json\/wp\/v2\/tags?post=24328"}],"curies":[{"name":"wp","href":"https:\/\/api.w.org\/{rel}","templated":true}]}}