{"id":24145,"date":"2025-01-06T16:42:11","date_gmt":"2025-01-06T13:42:11","guid":{"rendered":"https:\/\/denizcankizil.tr\/uncategorized-tr\/bayraklidan-geri-donusume-1-yilda-650-ton-atik\/"},"modified":"2025-01-06T16:42:11","modified_gmt":"2025-01-06T13:42:11","slug":"bayraklidan-geri-donusume-1-yilda-650-ton-atik","status":"publish","type":"post","link":"http:\/\/denizcankizil.tr\/de\/haberler\/gundem\/bayraklidan-geri-donusume-1-yilda-650-ton-atik\/","title":{"rendered":"Bayrakl\u0131\u2019dan geri d\u00f6n\u00fc\u015f\u00fcme 1 y\u0131lda 650 ton at\u0131k"},"content":{"rendered":"<p>Bayrakl\u0131 Belediyesi, \u00e7evre dostu projeleriyle dikkat \u00e7ekmeye devam ediyor. Bu kapsamda ge\u00e7ti\u011fimiz y\u0131l i\u00e7inde il\u00e7e genelinde y\u00fcr\u00fct\u00fclen at\u0131k y\u00f6netimi \u00e7al\u0131\u015fmalar\u0131 sayesinde 650 ton kar\u0131\u015f\u0131k ambalaj at\u0131\u011f\u0131 geri d\u00f6n\u00fc\u015ft\u00fcr\u00fclerek ekonomiye kazand\u0131r\u0131ld\u0131.<\/p>\n<p>\u200bBayrakl\u0131 Belediyesi, \u00e7evre dostu projeleriyle dikkat \u00e7ekmeye devam ediyor. Bu kapsamda ge\u00e7ti\u011fimiz y\u0131l i\u00e7inde il\u00e7e genelinde y\u00fcr\u00fct\u00fclen at\u0131k y\u00f6netimi \u00e7al\u0131\u015fmalar\u0131 sayesinde 650 ton kar\u0131\u015f\u0131k ambalaj at\u0131\u011f\u0131 geri d\u00f6n\u00fc\u015ft\u00fcr\u00fclerek ekonomiye kazand\u0131r\u0131ld\u0131.\u00a0<\/p>\n<p>\u200bHaberin Al\u0131nt\u0131land\u0131\u011f\u0131 Kaynak: www.iskenderun.org<\/p>","protected":false},"excerpt":{"rendered":"<p>Bayrakl\u0131 Belediyesi, \u00e7evre dostu projeleriyle dikkat \u00e7ekmeye devam ediyor. Bu kapsamda ge\u00e7ti\u011fimiz y\u0131l i\u00e7inde il\u00e7e genelinde y\u00fcr\u00fct\u00fclen at\u0131k y\u00f6netimi \u00e7al\u0131\u015fmalar\u0131 sayesinde 650 ton kar\u0131\u015f\u0131k ambalaj at\u0131\u011f\u0131 geri d\u00f6n\u00fc\u015ft\u00fcr\u00fclerek ekonomiye kazand\u0131r\u0131ld\u0131. \u200bBayrakl\u0131 Belediyesi, \u00e7evre dostu projeleriyle dikkat \u00e7ekmeye devam ediyor. Bu kapsamda ge\u00e7ti\u011fimiz y\u0131l i\u00e7inde il\u00e7e genelinde y\u00fcr\u00fct\u00fclen at\u0131k y\u00f6netimi \u00e7al\u0131\u015fmalar\u0131 sayesinde 650 ton kar\u0131\u015f\u0131k ambalaj at\u0131\u011f\u0131 geri d\u00f6n\u00fc\u015ft\u00fcr\u00fclerek ekonomiye kazand\u0131r\u0131ld\u0131.\u00a0 \u200bHaberin Al\u0131nt\u0131land\u0131\u011f\u0131 Kaynak: www.iskenderun.org<\/p>","protected":false},"author":0,"featured_media":0,"comment_status":"open","ping_status":"open","sticky":false,"template":"","format":"standard","meta":{"_acf_changed":false,"footnotes":""},"categories":[24,535],"tags":[],"class_list":["post-24145","post","type-post","status-publish","format-standard","has-post-thumbnail","hentry","category-gundem","category-uncategorized-tr"],"acf":[],"yoast_head":"<!-- This site is optimized with the Yoast SEO Premium plugin v26.6 (Yoast SEO v27.1.1) - https:\/\/yoast.com\/product\/yoast-seo-premium-wordpress\/ -->\n<title>Bayrakl\u0131\u2019dan geri d\u00f6n\u00fc\u015f\u00fcme 1 y\u0131lda 650 ton at\u0131k - Av. Deniz Can K\u0131z\u0131l<\/title>\n<meta name=\"robots\" content=\"index, follow, max-snippet:-1, max-image-preview:large, max-video-preview:-1\" \/>\n<link rel=\"canonical\" href=\"https:\/\/denizcankizil.tr\/de\/haberler\/gundem\/bayraklidan-geri-donusume-1-yilda-650-ton-atik\/\" \/>\n<meta property=\"og:locale\" content=\"de_DE\" \/>\n<meta property=\"og:type\" content=\"article\" \/>\n<meta property=\"og:title\" content=\"Bayrakl\u0131\u2019dan geri d\u00f6n\u00fc\u015f\u00fcme 1 y\u0131lda 650 ton at\u0131k\" \/>\n<meta property=\"og:description\" content=\"Bayrakl\u0131 Belediyesi, \u00e7evre dostu projeleriyle dikkat \u00e7ekmeye devam ediyor. Bu kapsamda ge\u00e7ti\u011fimiz y\u0131l i\u00e7inde il\u00e7e genelinde y\u00fcr\u00fct\u00fclen at\u0131k y\u00f6netimi \u00e7al\u0131\u015fmalar\u0131 sayesinde 650 ton kar\u0131\u015f\u0131k ambalaj at\u0131\u011f\u0131 geri d\u00f6n\u00fc\u015ft\u00fcr\u00fclerek ekonomiye kazand\u0131r\u0131ld\u0131. \u200bBayrakl\u0131 Belediyesi, \u00e7evre dostu projeleriyle dikkat \u00e7ekmeye devam ediyor. Bu kapsamda ge\u00e7ti\u011fimiz y\u0131l i\u00e7inde il\u00e7e genelinde y\u00fcr\u00fct\u00fclen at\u0131k y\u00f6netimi \u00e7al\u0131\u015fmalar\u0131 sayesinde 650 ton kar\u0131\u015f\u0131k ambalaj at\u0131\u011f\u0131 geri d\u00f6n\u00fc\u015ft\u00fcr\u00fclerek ekonomiye kazand\u0131r\u0131ld\u0131.\u00a0 \u200bHaberin Al\u0131nt\u0131land\u0131\u011f\u0131 Kaynak: www.iskenderun.org\" \/>\n<meta property=\"og:url\" content=\"https:\/\/denizcankizil.tr\/de\/haberler\/gundem\/bayraklidan-geri-donusume-1-yilda-650-ton-atik\/\" \/>\n<meta property=\"og:site_name\" content=\"Av. Deniz Can K\u0131z\u0131l\" \/>\n<meta property=\"article:published_time\" content=\"2025-01-06T13:42:11+00:00\" \/>\n<meta name=\"twitter:card\" content=\"summary_large_image\" \/>\n<meta name=\"twitter:label1\" content=\"Gesch\u00e4tzte Lesezeit\" \/>\n\t<meta name=\"twitter:data1\" content=\"1\u00a0Minute\" \/>\n<script type=\"application\/ld+json\" class=\"yoast-schema-graph\">{\"@context\":\"https:\/\/schema.org\",\"@graph\":[{\"@type\":\"Article\",\"@id\":\"https:\/\/denizcankizil.tr\/ru\/haberler\/gundem\/bayraklidan-geri-donusume-1-yilda-650-ton-atik\/#article\",\"isPartOf\":{\"@id\":\"https:\/\/denizcankizil.tr\/ru\/haberler\/gundem\/bayraklidan-geri-donusume-1-yilda-650-ton-atik\/\"},\"author\":{\"name\":\"\",\"@id\":\"\"},\"headline\":\"Bayrakl\u0131\u2019dan geri d\u00f6n\u00fc\u015f\u00fcme 1 y\u0131lda 650 ton at\u0131k\",\"datePublished\":\"2025-01-06T13:42:11+00:00\",\"mainEntityOfPage\":{\"@id\":\"https:\/\/denizcankizil.tr\/ru\/haberler\/gundem\/bayraklidan-geri-donusume-1-yilda-650-ton-atik\/\"},\"wordCount\":113,\"commentCount\":0,\"publisher\":{\"@id\":\"https:\/\/denizcankizil.tr\/de\/#organization\"},\"articleSection\":[\"G\u00fcndem\",\"Uncategorized\"],\"inLanguage\":\"de\",\"potentialAction\":[{\"@type\":\"CommentAction\",\"name\":\"Comment\",\"target\":[\"https:\/\/denizcankizil.tr\/ru\/haberler\/gundem\/bayraklidan-geri-donusume-1-yilda-650-ton-atik\/#respond\"]}]},{\"@type\":\"WebPage\",\"@id\":\"https:\/\/denizcankizil.tr\/ru\/haberler\/gundem\/bayraklidan-geri-donusume-1-yilda-650-ton-atik\/\",\"url\":\"https:\/\/denizcankizil.tr\/ru\/haberler\/gundem\/bayraklidan-geri-donusume-1-yilda-650-ton-atik\/\",\"name\":\"Bayrakl\u0131\u2019dan geri d\u00f6n\u00fc\u015f\u00fcme 1 y\u0131lda 650 ton at\u0131k - Av. Deniz Can K\u0131z\u0131l\",\"isPartOf\":{\"@id\":\"https:\/\/denizcankizil.tr\/de\/#website\"},\"datePublished\":\"2025-01-06T13:42:11+00:00\",\"breadcrumb\":{\"@id\":\"https:\/\/denizcankizil.tr\/ru\/haberler\/gundem\/bayraklidan-geri-donusume-1-yilda-650-ton-atik\/#breadcrumb\"},\"inLanguage\":\"de\",\"potentialAction\":[{\"@type\":\"ReadAction\",\"target\":[\"https:\/\/denizcankizil.tr\/ru\/haberler\/gundem\/bayraklidan-geri-donusume-1-yilda-650-ton-atik\/\"]}]},{\"@type\":\"BreadcrumbList\",\"@id\":\"https:\/\/denizcankizil.tr\/ru\/haberler\/gundem\/bayraklidan-geri-donusume-1-yilda-650-ton-atik\/#breadcrumb\",\"itemListElement\":[{\"@type\":\"ListItem\",\"position\":1,\"name\":\"Home\",\"item\":\"https:\/\/denizcankizil.tr\/de\/\"},{\"@type\":\"ListItem\",\"position\":2,\"name\":\"Bayrakl\u0131\u2019dan geri d\u00f6n\u00fc\u015f\u00fcme 1 y\u0131lda 650 ton at\u0131k\"}]},{\"@type\":\"WebSite\",\"@id\":\"https:\/\/denizcankizil.tr\/de\/#website\",\"url\":\"https:\/\/denizcankizil.tr\/de\/\",\"name\":\"Av. Deniz Can K\u0131z\u0131l\",\"description\":\"Avukat Deniz Can K\u0131z\u0131l Antalya Barosu\",\"publisher\":{\"@id\":\"https:\/\/denizcankizil.tr\/de\/#organization\"},\"potentialAction\":[{\"@type\":\"SearchAction\",\"target\":{\"@type\":\"EntryPoint\",\"urlTemplate\":\"https:\/\/denizcankizil.tr\/de\/?s={search_term_string}\"},\"query-input\":{\"@type\":\"PropertyValueSpecification\",\"valueRequired\":true,\"valueName\":\"search_term_string\"}}],\"inLanguage\":\"de\"},{\"@type\":\"Organization\",\"@id\":\"https:\/\/denizcankizil.tr\/de\/#organization\",\"name\":\"Av. Deniz Can K\u0131z\u0131l\",\"url\":\"https:\/\/denizcankizil.tr\/de\/\",\"logo\":{\"@type\":\"ImageObject\",\"inLanguage\":\"de\",\"@id\":\"https:\/\/denizcankizil.tr\/de\/#\/schema\/logo\/image\/\",\"url\":\"http:\/\/denizcankizil.tr\/wp-content\/uploads\/2024\/10\/siyah-logo-svg.svg\",\"contentUrl\":\"http:\/\/denizcankizil.tr\/wp-content\/uploads\/2024\/10\/siyah-logo-svg.svg\",\"width\":1080,\"height\":1080,\"caption\":\"Av. Deniz Can K\u0131z\u0131l\"},\"image\":{\"@id\":\"https:\/\/denizcankizil.tr\/de\/#\/schema\/logo\/image\/\"}}]}<\/script>\n<!-- \/ Yoast SEO Premium plugin. -->","yoast_head_json":{"title":"Bayrakl\u0131\u2019dan geri d\u00f6n\u00fc\u015f\u00fcme 1 y\u0131lda 650 ton at\u0131k - Av. Deniz Can K\u0131z\u0131l","robots":{"index":"index","follow":"follow","max-snippet":"max-snippet:-1","max-image-preview":"max-image-preview:large","max-video-preview":"max-video-preview:-1"},"canonical":"https:\/\/denizcankizil.tr\/de\/haberler\/gundem\/bayraklidan-geri-donusume-1-yilda-650-ton-atik\/","og_locale":"de_DE","og_type":"article","og_title":"Bayrakl\u0131\u2019dan geri d\u00f6n\u00fc\u015f\u00fcme 1 y\u0131lda 650 ton at\u0131k","og_description":"Bayrakl\u0131 Belediyesi, \u00e7evre dostu projeleriyle dikkat \u00e7ekmeye devam ediyor. Bu kapsamda ge\u00e7ti\u011fimiz y\u0131l i\u00e7inde il\u00e7e genelinde y\u00fcr\u00fct\u00fclen at\u0131k y\u00f6netimi \u00e7al\u0131\u015fmalar\u0131 sayesinde 650 ton kar\u0131\u015f\u0131k ambalaj at\u0131\u011f\u0131 geri d\u00f6n\u00fc\u015ft\u00fcr\u00fclerek ekonomiye kazand\u0131r\u0131ld\u0131. \u200bBayrakl\u0131 Belediyesi, \u00e7evre dostu projeleriyle dikkat \u00e7ekmeye devam ediyor. Bu kapsamda ge\u00e7ti\u011fimiz y\u0131l i\u00e7inde il\u00e7e genelinde y\u00fcr\u00fct\u00fclen at\u0131k y\u00f6netimi \u00e7al\u0131\u015fmalar\u0131 sayesinde 650 ton kar\u0131\u015f\u0131k ambalaj at\u0131\u011f\u0131 geri d\u00f6n\u00fc\u015ft\u00fcr\u00fclerek ekonomiye kazand\u0131r\u0131ld\u0131.\u00a0 \u200bHaberin Al\u0131nt\u0131land\u0131\u011f\u0131 Kaynak: www.iskenderun.org","og_url":"https:\/\/denizcankizil.tr\/de\/haberler\/gundem\/bayraklidan-geri-donusume-1-yilda-650-ton-atik\/","og_site_name":"Av. Deniz Can K\u0131z\u0131l","article_published_time":"2025-01-06T13:42:11+00:00","twitter_card":"summary_large_image","twitter_misc":{"Gesch\u00e4tzte Lesezeit":"1\u00a0Minute"},"schema":{"@context":"https:\/\/schema.org","@graph":[{"@type":"Article","@id":"https:\/\/denizcankizil.tr\/ru\/haberler\/gundem\/bayraklidan-geri-donusume-1-yilda-650-ton-atik\/#article","isPartOf":{"@id":"https:\/\/denizcankizil.tr\/ru\/haberler\/gundem\/bayraklidan-geri-donusume-1-yilda-650-ton-atik\/"},"author":{"name":"","@id":""},"headline":"Bayrakl\u0131\u2019dan geri d\u00f6n\u00fc\u015f\u00fcme 1 y\u0131lda 650 ton at\u0131k","datePublished":"2025-01-06T13:42:11+00:00","mainEntityOfPage":{"@id":"https:\/\/denizcankizil.tr\/ru\/haberler\/gundem\/bayraklidan-geri-donusume-1-yilda-650-ton-atik\/"},"wordCount":113,"commentCount":0,"publisher":{"@id":"https:\/\/denizcankizil.tr\/de\/#organization"},"articleSection":["G\u00fcndem","Uncategorized"],"inLanguage":"de","potentialAction":[{"@type":"CommentAction","name":"Comment","target":["https:\/\/denizcankizil.tr\/ru\/haberler\/gundem\/bayraklidan-geri-donusume-1-yilda-650-ton-atik\/#respond"]}]},{"@type":"WebPage","@id":"https:\/\/denizcankizil.tr\/ru\/haberler\/gundem\/bayraklidan-geri-donusume-1-yilda-650-ton-atik\/","url":"https:\/\/denizcankizil.tr\/ru\/haberler\/gundem\/bayraklidan-geri-donusume-1-yilda-650-ton-atik\/","name":"Bayrakl\u0131\u2019dan geri d\u00f6n\u00fc\u015f\u00fcme 1 y\u0131lda 650 ton at\u0131k - Av. Deniz Can K\u0131z\u0131l","isPartOf":{"@id":"https:\/\/denizcankizil.tr\/de\/#website"},"datePublished":"2025-01-06T13:42:11+00:00","breadcrumb":{"@id":"https:\/\/denizcankizil.tr\/ru\/haberler\/gundem\/bayraklidan-geri-donusume-1-yilda-650-ton-atik\/#breadcrumb"},"inLanguage":"de","potentialAction":[{"@type":"ReadAction","target":["https:\/\/denizcankizil.tr\/ru\/haberler\/gundem\/bayraklidan-geri-donusume-1-yilda-650-ton-atik\/"]}]},{"@type":"BreadcrumbList","@id":"https:\/\/denizcankizil.tr\/ru\/haberler\/gundem\/bayraklidan-geri-donusume-1-yilda-650-ton-atik\/#breadcrumb","itemListElement":[{"@type":"ListItem","position":1,"name":"Home","item":"https:\/\/denizcankizil.tr\/de\/"},{"@type":"ListItem","position":2,"name":"Bayrakl\u0131\u2019dan geri d\u00f6n\u00fc\u015f\u00fcme 1 y\u0131lda 650 ton at\u0131k"}]},{"@type":"WebSite","@id":"https:\/\/denizcankizil.tr\/de\/#website","url":"https:\/\/denizcankizil.tr\/de\/","name":"Av. Deniz Can K\u0131z\u0131l","description":"Avukat Deniz Can K\u0131z\u0131l Antalya Barosu","publisher":{"@id":"https:\/\/denizcankizil.tr\/de\/#organization"},"potentialAction":[{"@type":"SearchAction","target":{"@type":"EntryPoint","urlTemplate":"https:\/\/denizcankizil.tr\/de\/?s={search_term_string}"},"query-input":{"@type":"PropertyValueSpecification","valueRequired":true,"valueName":"search_term_string"}}],"inLanguage":"de"},{"@type":"Organization","@id":"https:\/\/denizcankizil.tr\/de\/#organization","name":"Av. Deniz Can K\u0131z\u0131l","url":"https:\/\/denizcankizil.tr\/de\/","logo":{"@type":"ImageObject","inLanguage":"de","@id":"https:\/\/denizcankizil.tr\/de\/#\/schema\/logo\/image\/","url":"http:\/\/denizcankizil.tr\/wp-content\/uploads\/2024\/10\/siyah-logo-svg.svg","contentUrl":"http:\/\/denizcankizil.tr\/wp-content\/uploads\/2024\/10\/siyah-logo-svg.svg","width":1080,"height":1080,"caption":"Av. Deniz Can K\u0131z\u0131l"},"image":{"@id":"https:\/\/denizcankizil.tr\/de\/#\/schema\/logo\/image\/"}}]}},"_links":{"self":[{"href":"http:\/\/denizcankizil.tr\/de\/wp-json\/wp\/v2\/posts\/24145","targetHints":{"allow":["GET"]}}],"collection":[{"href":"http:\/\/denizcankizil.tr\/de\/wp-json\/wp\/v2\/posts"}],"about":[{"href":"http:\/\/denizcankizil.tr\/de\/wp-json\/wp\/v2\/types\/post"}],"replies":[{"embeddable":true,"href":"http:\/\/denizcankizil.tr\/de\/wp-json\/wp\/v2\/comments?post=24145"}],"version-history":[{"count":0,"href":"http:\/\/denizcankizil.tr\/de\/wp-json\/wp\/v2\/posts\/24145\/revisions"}],"wp:attachment":[{"href":"http:\/\/denizcankizil.tr\/de\/wp-json\/wp\/v2\/media?parent=24145"}],"wp:term":[{"taxonomy":"category","embeddable":true,"href":"http:\/\/denizcankizil.tr\/de\/wp-json\/wp\/v2\/categories?post=24145"},{"taxonomy":"post_tag","embeddable":true,"href":"http:\/\/denizcankizil.tr\/de\/wp-json\/wp\/v2\/tags?post=24145"}],"curies":[{"name":"wp","href":"https:\/\/api.w.org\/{rel}","templated":true}]}}