{"id":24128,"date":"2025-01-06T15:41:43","date_gmt":"2025-01-06T12:41:43","guid":{"rendered":"https:\/\/denizcankizil.tr\/uncategorized-tr\/kepezden-ferdi-tayfura-buyuk-vefa-turkiyede-bir-ilk-oldu\/"},"modified":"2025-01-06T15:41:43","modified_gmt":"2025-01-06T12:41:43","slug":"kepezden-ferdi-tayfura-buyuk-vefa-turkiyede-bir-ilk-oldu","status":"publish","type":"post","link":"http:\/\/denizcankizil.tr\/de\/haberler\/gundem\/kepezden-ferdi-tayfura-buyuk-vefa-turkiyede-bir-ilk-oldu\/","title":{"rendered":"Kepez\u2019den Ferdi Tayfur\u2019a b\u00fcy\u00fck vefa! T\u00fcrkiye\u2019de bir ilk oldu"},"content":{"rendered":"<p>Kepez Belediyesi ocak meclis toplant\u0131s\u0131, g\u00fcndem maddelerini g\u00f6r\u00fc\u015fmek \u00fczere Kepez Belediye Ba\u015fkan\u0131 Mesut Kocag\u00f6z ba\u015fkanl\u0131\u011f\u0131nda Ye\u015fil\u0131rmak Caddesi \u00fczerinde bulunan hizmet binas\u0131nda meclis toplant\u0131 salonunda ger\u00e7ekle\u015ftirildi. Mecliste 49 g\u00fcndem maddesi g\u00f6r\u00fc\u015f\u00fcld\u00fc. \u00a0Mecliste ge\u00e7ti\u011fimiz g\u00fcnlerde Antalya\u2019da hayat\u0131n\u0131 kaybeden \u0130stanbul\u2019da son yolculu\u011funa u\u011furlanan arabeskin babas\u0131 olarak bilinen Ferdi Tayfur unutulmad\u0131. Parti grup s\u00f6zc\u00fcleri konu\u015fmalar\u0131nda \u00fcnl\u00fc sanat\u00e7\u0131ya rahmet ailesine de ba\u015f sa\u011fl\u0131\u011f\u0131 diledi. \u00a0Duac\u0131 Mahallesi&#8217;nde bir parka Ferdi Tayfur isminin verilmesi t\u00fcm meclis \u00fcyelerinin ortak oylar\u0131 ile kabul edildi. AK Parti ise ismin merkezde daha bir parka verilmesini \u00f6nerdi.\u00a0<\/p>\n<p>3 KR\u0130T\u0130K MADDE GE\u00c7T\u0130<\/p>\n<p>Mecliste Duac\u0131 Mahallesi 29002 ada 14 parsel numaral\u0131 ta\u015f\u0131nmaz\u0131n Konut Alan\u0131ndan Ticaret+Konut (T\u0130CK) alan\u0131na d\u00f6n\u00fc\u015ft\u00fcr\u00fclmesine ili\u015fkin haz\u0131rlanan 1\/1000 \u00f6l\u00e7ekli Uygulama \u0130mar Plan\u0131 de\u011fi\u015fikli\u011fi plan\u0131 oy \u00e7oklu\u011fu ile kabul edildi. AK Parti grubu ret oyu verdi. Fabrikalar Mahallesi 7196 ada 3 parsel numaral\u0131 Otel Alan\u0131 olarak planl\u0131 olan ta\u015f\u0131nmaza ait plan notlar\u0131na \u201cPlanda Verilen Yap\u0131 Yakla\u015fma Mesafelerine Uyulacak Olup, Kat Y\u00fcksekli\u011fine Ba\u011fl\u0131 Olarak Yap\u0131 Yakla\u015fma Mesafeleri Artt\u0131r\u0131lamaz\u201d maddesinin eklenmesine ve yap\u0131 yakla\u015fma mesafelerinin d\u00fczenlenmesine ili\u015fkin haz\u0131rlanan 1\/1000 \u00f6l\u00e7ekli Uygulama \u0130mar Plan\u0131 De\u011fi\u015fikli\u011fi de yine AK Parti\u2019nin ret oyuna kar\u015f\u0131l\u0131k oy \u00e7oklu\u011fu ile kabul edildi.\u00a0<\/p>\n<p>EKMEK B\u00dcFES\u0130 M\u00dcJDES\u0130<\/p>\n<p>Kepez Belediyesi s\u0131n\u0131rlar\u0131 i\u00e7erisinde ekmek da\u011f\u0131t\u0131m\u0131 amac\u0131yla Belediye ile Kepez Kalk\u0131nma ve Dayan\u0131\u015fma Vakf\u0131 aras\u0131nda imzalanan protokol\u00fcn s\u00fcresinin uzat\u0131lmas\u0131na ili\u015fkin olarak Ba\u015fkan Kocag\u00f6z\u2019e yetki verildi. Ba\u015fkan Mesut Kocag\u00f6z, \u201cEkmek b\u00fcfeleri konusunda ciddi bir adaletsizlik var. Ekmek b\u00fcfeleri zor durumdaki ki\u015filere pozitif ayr\u0131mc\u0131l\u0131k olsun diye yap\u0131ld\u0131. 100 \u00fczerinde b\u00fcfe var, en iyi yerlerdeki ki\u015filer de 750 TL kira veriyor, \u00e7al\u0131\u015fmayan sokaktaki ki\u015fi de ayn\u0131 kiray\u0131 veriyor. Buna bir dur demek istedik. Zor durumda olan vatanda\u015flar\u0131m\u0131z sabah 07.00\u2019da a\u00e7s\u0131n 11.00\u2019da kapats\u0131n\u201d dedi.\u00a0<\/p>\n<p>MAHALLE MECL\u0130SLER\u0130 KURULUYOR<\/p>\n<p>Mecliste bir konu\u015fma yapan Ba\u015fkan Kocag\u00f6z, \u201c68 mahallemizde mahalle meclisleri kuraca\u011f\u0131z. Bu hafta b\u00fct\u00fcn partilerimizin il\u00e7e ba\u015fkanlar\u0131n\u0131 ziyaret edece\u011fim. Her mahallerde mahalle temsilcisi arkada\u015flar\u0131m\u0131z\u0131 mahalle meclisine yazaca\u011f\u0131z. Muhtarlar\u0131m\u0131z se\u00e7ilmi\u015f ki\u015filer oldu\u011fu i\u00e7in mahalle meclisinin ba\u015fkanl\u0131\u011f\u0131n\u0131 yapacak. Mecliste kim baraj\u0131 ge\u00e7iyorsa onun temsilcisini koyaca\u011f\u0131z. Bir tane gen\u00e7, bir tane kad\u0131n, bir tane emekli ve engelli ki\u015fi olacak. Burada g\u0131da paketi da\u011f\u0131t\u0131lacak, bunu mahalle meclisi da\u011f\u0131tacak. Hep beraber siyaset \u00fcst\u00fc y\u00f6netece\u011fiz\u201d dedi.<\/p>\n<p>\u200bGe\u00e7ti\u011fimiz g\u00fcnlerde Antalya\u2019da hayat\u0131n\u0131 kaybederek milyonlar\u0131 yasa bo\u011fan Ferdi Tayfur, Kepez\u2019de unutulmad\u0131. Kepez Belediye Meclisi&#8217;nde Duac\u0131 Mahallesi&#8217;nde bir parka Ferdi Tayfur isminin verilmesi oy birli\u011fiyle kabul edildi. Ba\u015fkan Kocag\u00f6z, karar\u0131n T\u00fcrkiye\u2019de bir ilk oldu\u011funu duyurdu\u00a0<\/p>\n<p>\u200bHaberin Al\u0131nt\u0131land\u0131\u011f\u0131 Kaynak: www.antalyakorfez.com<\/p>","protected":false},"excerpt":{"rendered":"<p>Kepez Belediyesi ocak meclis toplant\u0131s\u0131, g\u00fcndem maddelerini g\u00f6r\u00fc\u015fmek \u00fczere Kepez Belediye Ba\u015fkan\u0131 Mesut Kocag\u00f6z ba\u015fkanl\u0131\u011f\u0131nda Ye\u015fil\u0131rmak Caddesi \u00fczerinde bulunan hizmet binas\u0131nda meclis toplant\u0131 salonunda ger\u00e7ekle\u015ftirildi. Mecliste 49 g\u00fcndem maddesi g\u00f6r\u00fc\u015f\u00fcld\u00fc. \u00a0Mecliste ge\u00e7ti\u011fimiz g\u00fcnlerde Antalya\u2019da hayat\u0131n\u0131 kaybeden \u0130stanbul\u2019da son yolculu\u011funa u\u011furlanan arabeskin babas\u0131 olarak bilinen Ferdi Tayfur unutulmad\u0131. Parti grup s\u00f6zc\u00fcleri konu\u015fmalar\u0131nda \u00fcnl\u00fc sanat\u00e7\u0131ya rahmet ailesine de ba\u015f sa\u011fl\u0131\u011f\u0131 diledi. \u00a0Duac\u0131 Mahallesi&#8217;nde bir parka Ferdi Tayfur isminin verilmesi t\u00fcm meclis \u00fcyelerinin ortak oylar\u0131 ile kabul edildi. AK Parti ise ismin merkezde daha bir parka verilmesini \u00f6nerdi.\u00a0 3 KR\u0130T\u0130K MADDE GE\u00c7T\u0130 Mecliste Duac\u0131 Mahallesi 29002 ada 14 parsel numaral\u0131 ta\u015f\u0131nmaz\u0131n Konut Alan\u0131ndan Ticaret+Konut (T\u0130CK) alan\u0131na d\u00f6n\u00fc\u015ft\u00fcr\u00fclmesine ili\u015fkin haz\u0131rlanan 1\/1000 \u00f6l\u00e7ekli Uygulama \u0130mar Plan\u0131 de\u011fi\u015fikli\u011fi plan\u0131 oy \u00e7oklu\u011fu ile kabul edildi. AK Parti grubu ret oyu verdi. Fabrikalar Mahallesi 7196 ada 3 parsel numaral\u0131 Otel Alan\u0131 olarak planl\u0131 olan ta\u015f\u0131nmaza ait plan notlar\u0131na \u201cPlanda Verilen Yap\u0131 Yakla\u015fma Mesafelerine Uyulacak Olup, Kat Y\u00fcksekli\u011fine Ba\u011fl\u0131 Olarak Yap\u0131 Yakla\u015fma Mesafeleri Artt\u0131r\u0131lamaz\u201d maddesinin eklenmesine ve yap\u0131 yakla\u015fma mesafelerinin d\u00fczenlenmesine ili\u015fkin haz\u0131rlanan 1\/1000 \u00f6l\u00e7ekli Uygulama \u0130mar Plan\u0131 De\u011fi\u015fikli\u011fi de yine AK Parti\u2019nin ret oyuna kar\u015f\u0131l\u0131k oy \u00e7oklu\u011fu ile kabul edildi.\u00a0 EKMEK B\u00dcFES\u0130 M\u00dcJDES\u0130 Kepez Belediyesi s\u0131n\u0131rlar\u0131 i\u00e7erisinde ekmek da\u011f\u0131t\u0131m\u0131 amac\u0131yla Belediye ile Kepez Kalk\u0131nma ve Dayan\u0131\u015fma Vakf\u0131 aras\u0131nda &hellip;<\/p>","protected":false},"author":0,"featured_media":0,"comment_status":"open","ping_status":"open","sticky":false,"template":"","format":"standard","meta":{"_acf_changed":false,"footnotes":""},"categories":[24,535],"tags":[],"class_list":["post-24128","post","type-post","status-publish","format-standard","has-post-thumbnail","hentry","category-gundem","category-uncategorized-tr"],"acf":[],"yoast_head":"<!-- This site is optimized with the Yoast SEO Premium plugin v26.6 (Yoast SEO v27.1.1) - https:\/\/yoast.com\/product\/yoast-seo-premium-wordpress\/ -->\n<title>Kepez\u2019den Ferdi Tayfur\u2019a b\u00fcy\u00fck vefa! T\u00fcrkiye\u2019de bir ilk oldu - Av. Deniz Can K\u0131z\u0131l<\/title>\n<meta name=\"robots\" content=\"index, follow, max-snippet:-1, max-image-preview:large, max-video-preview:-1\" \/>\n<link rel=\"canonical\" href=\"http:\/\/denizcankizil.tr\/de\/haberler\/gundem\/kepezden-ferdi-tayfura-buyuk-vefa-turkiyede-bir-ilk-oldu\/\" \/>\n<meta property=\"og:locale\" content=\"de_DE\" \/>\n<meta property=\"og:type\" content=\"article\" \/>\n<meta property=\"og:title\" content=\"Kepez\u2019den Ferdi Tayfur\u2019a b\u00fcy\u00fck vefa! T\u00fcrkiye\u2019de bir ilk oldu\" \/>\n<meta property=\"og:description\" content=\"Kepez Belediyesi ocak meclis toplant\u0131s\u0131, g\u00fcndem maddelerini g\u00f6r\u00fc\u015fmek \u00fczere Kepez Belediye Ba\u015fkan\u0131 Mesut Kocag\u00f6z ba\u015fkanl\u0131\u011f\u0131nda Ye\u015fil\u0131rmak Caddesi \u00fczerinde bulunan hizmet binas\u0131nda meclis toplant\u0131 salonunda ger\u00e7ekle\u015ftirildi. Mecliste 49 g\u00fcndem maddesi g\u00f6r\u00fc\u015f\u00fcld\u00fc. \u00a0Mecliste ge\u00e7ti\u011fimiz g\u00fcnlerde Antalya\u2019da hayat\u0131n\u0131 kaybeden \u0130stanbul\u2019da son yolculu\u011funa u\u011furlanan arabeskin babas\u0131 olarak bilinen Ferdi Tayfur unutulmad\u0131. Parti grup s\u00f6zc\u00fcleri konu\u015fmalar\u0131nda \u00fcnl\u00fc sanat\u00e7\u0131ya rahmet ailesine de ba\u015f sa\u011fl\u0131\u011f\u0131 diledi. \u00a0Duac\u0131 Mahallesi&#8217;nde bir parka Ferdi Tayfur isminin verilmesi t\u00fcm meclis \u00fcyelerinin ortak oylar\u0131 ile kabul edildi. AK Parti ise ismin merkezde daha bir parka verilmesini \u00f6nerdi.\u00a0 3 KR\u0130T\u0130K MADDE GE\u00c7T\u0130 Mecliste Duac\u0131 Mahallesi 29002 ada 14 parsel numaral\u0131 ta\u015f\u0131nmaz\u0131n Konut Alan\u0131ndan Ticaret+Konut (T\u0130CK) alan\u0131na d\u00f6n\u00fc\u015ft\u00fcr\u00fclmesine ili\u015fkin haz\u0131rlanan 1\/1000 \u00f6l\u00e7ekli Uygulama \u0130mar Plan\u0131 de\u011fi\u015fikli\u011fi plan\u0131 oy \u00e7oklu\u011fu ile kabul edildi. AK Parti grubu ret oyu verdi. Fabrikalar Mahallesi 7196 ada 3 parsel numaral\u0131 Otel Alan\u0131 olarak planl\u0131 olan ta\u015f\u0131nmaza ait plan notlar\u0131na \u201cPlanda Verilen Yap\u0131 Yakla\u015fma Mesafelerine Uyulacak Olup, Kat Y\u00fcksekli\u011fine Ba\u011fl\u0131 Olarak Yap\u0131 Yakla\u015fma Mesafeleri Artt\u0131r\u0131lamaz\u201d maddesinin eklenmesine ve yap\u0131 yakla\u015fma mesafelerinin d\u00fczenlenmesine ili\u015fkin haz\u0131rlanan 1\/1000 \u00f6l\u00e7ekli Uygulama \u0130mar Plan\u0131 De\u011fi\u015fikli\u011fi de yine AK Parti\u2019nin ret oyuna kar\u015f\u0131l\u0131k oy \u00e7oklu\u011fu ile kabul edildi.\u00a0 EKMEK B\u00dcFES\u0130 M\u00dcJDES\u0130 Kepez Belediyesi s\u0131n\u0131rlar\u0131 i\u00e7erisinde ekmek da\u011f\u0131t\u0131m\u0131 amac\u0131yla Belediye ile Kepez Kalk\u0131nma ve Dayan\u0131\u015fma Vakf\u0131 aras\u0131nda &hellip;\" \/>\n<meta property=\"og:url\" content=\"http:\/\/denizcankizil.tr\/de\/haberler\/gundem\/kepezden-ferdi-tayfura-buyuk-vefa-turkiyede-bir-ilk-oldu\/\" \/>\n<meta property=\"og:site_name\" content=\"Av. Deniz Can K\u0131z\u0131l\" \/>\n<meta property=\"article:published_time\" content=\"2025-01-06T12:41:43+00:00\" \/>\n<meta name=\"twitter:card\" content=\"summary_large_image\" \/>\n<meta name=\"twitter:label1\" content=\"Gesch\u00e4tzte Lesezeit\" \/>\n\t<meta name=\"twitter:data1\" content=\"3\u00a0Minuten\" \/>\n<script type=\"application\/ld+json\" class=\"yoast-schema-graph\">{\"@context\":\"https:\/\/schema.org\",\"@graph\":[{\"@type\":\"Article\",\"@id\":\"http:\/\/denizcankizil.tr\/de\/haberler\/gundem\/kepezden-ferdi-tayfura-buyuk-vefa-turkiyede-bir-ilk-oldu\/#article\",\"isPartOf\":{\"@id\":\"http:\/\/denizcankizil.tr\/de\/haberler\/gundem\/kepezden-ferdi-tayfura-buyuk-vefa-turkiyede-bir-ilk-oldu\/\"},\"author\":{\"name\":\"\",\"@id\":\"\"},\"headline\":\"Kepez\u2019den Ferdi Tayfur\u2019a b\u00fcy\u00fck vefa! T\u00fcrkiye\u2019de bir ilk oldu\",\"datePublished\":\"2025-01-06T12:41:43+00:00\",\"mainEntityOfPage\":{\"@id\":\"http:\/\/denizcankizil.tr\/de\/haberler\/gundem\/kepezden-ferdi-tayfura-buyuk-vefa-turkiyede-bir-ilk-oldu\/\"},\"wordCount\":545,\"commentCount\":0,\"publisher\":{\"@id\":\"https:\/\/denizcankizil.tr\/de\/#organization\"},\"articleSection\":[\"G\u00fcndem\",\"Uncategorized\"],\"inLanguage\":\"de\",\"potentialAction\":[{\"@type\":\"CommentAction\",\"name\":\"Comment\",\"target\":[\"http:\/\/denizcankizil.tr\/de\/haberler\/gundem\/kepezden-ferdi-tayfura-buyuk-vefa-turkiyede-bir-ilk-oldu\/#respond\"]}]},{\"@type\":\"WebPage\",\"@id\":\"http:\/\/denizcankizil.tr\/de\/haberler\/gundem\/kepezden-ferdi-tayfura-buyuk-vefa-turkiyede-bir-ilk-oldu\/\",\"url\":\"http:\/\/denizcankizil.tr\/de\/haberler\/gundem\/kepezden-ferdi-tayfura-buyuk-vefa-turkiyede-bir-ilk-oldu\/\",\"name\":\"Kepez\u2019den Ferdi Tayfur\u2019a b\u00fcy\u00fck vefa! T\u00fcrkiye\u2019de bir ilk oldu - Av. Deniz Can K\u0131z\u0131l\",\"isPartOf\":{\"@id\":\"https:\/\/denizcankizil.tr\/de\/#website\"},\"datePublished\":\"2025-01-06T12:41:43+00:00\",\"breadcrumb\":{\"@id\":\"http:\/\/denizcankizil.tr\/de\/haberler\/gundem\/kepezden-ferdi-tayfura-buyuk-vefa-turkiyede-bir-ilk-oldu\/#breadcrumb\"},\"inLanguage\":\"de\",\"potentialAction\":[{\"@type\":\"ReadAction\",\"target\":[\"http:\/\/denizcankizil.tr\/de\/haberler\/gundem\/kepezden-ferdi-tayfura-buyuk-vefa-turkiyede-bir-ilk-oldu\/\"]}]},{\"@type\":\"BreadcrumbList\",\"@id\":\"http:\/\/denizcankizil.tr\/de\/haberler\/gundem\/kepezden-ferdi-tayfura-buyuk-vefa-turkiyede-bir-ilk-oldu\/#breadcrumb\",\"itemListElement\":[{\"@type\":\"ListItem\",\"position\":1,\"name\":\"Home\",\"item\":\"https:\/\/denizcankizil.tr\/de\/\"},{\"@type\":\"ListItem\",\"position\":2,\"name\":\"Kepez\u2019den Ferdi Tayfur\u2019a b\u00fcy\u00fck vefa! T\u00fcrkiye\u2019de bir ilk oldu\"}]},{\"@type\":\"WebSite\",\"@id\":\"https:\/\/denizcankizil.tr\/de\/#website\",\"url\":\"https:\/\/denizcankizil.tr\/de\/\",\"name\":\"Av. Deniz Can K\u0131z\u0131l\",\"description\":\"Avukat Deniz Can K\u0131z\u0131l Antalya Barosu\",\"publisher\":{\"@id\":\"https:\/\/denizcankizil.tr\/de\/#organization\"},\"potentialAction\":[{\"@type\":\"SearchAction\",\"target\":{\"@type\":\"EntryPoint\",\"urlTemplate\":\"https:\/\/denizcankizil.tr\/de\/?s={search_term_string}\"},\"query-input\":{\"@type\":\"PropertyValueSpecification\",\"valueRequired\":true,\"valueName\":\"search_term_string\"}}],\"inLanguage\":\"de\"},{\"@type\":\"Organization\",\"@id\":\"https:\/\/denizcankizil.tr\/de\/#organization\",\"name\":\"Av. Deniz Can K\u0131z\u0131l\",\"url\":\"https:\/\/denizcankizil.tr\/de\/\",\"logo\":{\"@type\":\"ImageObject\",\"inLanguage\":\"de\",\"@id\":\"https:\/\/denizcankizil.tr\/de\/#\/schema\/logo\/image\/\",\"url\":\"http:\/\/denizcankizil.tr\/wp-content\/uploads\/2024\/10\/siyah-logo-svg.svg\",\"contentUrl\":\"http:\/\/denizcankizil.tr\/wp-content\/uploads\/2024\/10\/siyah-logo-svg.svg\",\"width\":1080,\"height\":1080,\"caption\":\"Av. Deniz Can K\u0131z\u0131l\"},\"image\":{\"@id\":\"https:\/\/denizcankizil.tr\/de\/#\/schema\/logo\/image\/\"}}]}<\/script>\n<!-- \/ Yoast SEO Premium plugin. -->","yoast_head_json":{"title":"Kepez\u2019den Ferdi Tayfur\u2019a b\u00fcy\u00fck vefa! T\u00fcrkiye\u2019de bir ilk oldu - Av. Deniz Can K\u0131z\u0131l","robots":{"index":"index","follow":"follow","max-snippet":"max-snippet:-1","max-image-preview":"max-image-preview:large","max-video-preview":"max-video-preview:-1"},"canonical":"http:\/\/denizcankizil.tr\/de\/haberler\/gundem\/kepezden-ferdi-tayfura-buyuk-vefa-turkiyede-bir-ilk-oldu\/","og_locale":"de_DE","og_type":"article","og_title":"Kepez\u2019den Ferdi Tayfur\u2019a b\u00fcy\u00fck vefa! T\u00fcrkiye\u2019de bir ilk oldu","og_description":"Kepez Belediyesi ocak meclis toplant\u0131s\u0131, g\u00fcndem maddelerini g\u00f6r\u00fc\u015fmek \u00fczere Kepez Belediye Ba\u015fkan\u0131 Mesut Kocag\u00f6z ba\u015fkanl\u0131\u011f\u0131nda Ye\u015fil\u0131rmak Caddesi \u00fczerinde bulunan hizmet binas\u0131nda meclis toplant\u0131 salonunda ger\u00e7ekle\u015ftirildi. Mecliste 49 g\u00fcndem maddesi g\u00f6r\u00fc\u015f\u00fcld\u00fc. \u00a0Mecliste ge\u00e7ti\u011fimiz g\u00fcnlerde Antalya\u2019da hayat\u0131n\u0131 kaybeden \u0130stanbul\u2019da son yolculu\u011funa u\u011furlanan arabeskin babas\u0131 olarak bilinen Ferdi Tayfur unutulmad\u0131. Parti grup s\u00f6zc\u00fcleri konu\u015fmalar\u0131nda \u00fcnl\u00fc sanat\u00e7\u0131ya rahmet ailesine de ba\u015f sa\u011fl\u0131\u011f\u0131 diledi. \u00a0Duac\u0131 Mahallesi&#8217;nde bir parka Ferdi Tayfur isminin verilmesi t\u00fcm meclis \u00fcyelerinin ortak oylar\u0131 ile kabul edildi. AK Parti ise ismin merkezde daha bir parka verilmesini \u00f6nerdi.\u00a0 3 KR\u0130T\u0130K MADDE GE\u00c7T\u0130 Mecliste Duac\u0131 Mahallesi 29002 ada 14 parsel numaral\u0131 ta\u015f\u0131nmaz\u0131n Konut Alan\u0131ndan Ticaret+Konut (T\u0130CK) alan\u0131na d\u00f6n\u00fc\u015ft\u00fcr\u00fclmesine ili\u015fkin haz\u0131rlanan 1\/1000 \u00f6l\u00e7ekli Uygulama \u0130mar Plan\u0131 de\u011fi\u015fikli\u011fi plan\u0131 oy \u00e7oklu\u011fu ile kabul edildi. AK Parti grubu ret oyu verdi. Fabrikalar Mahallesi 7196 ada 3 parsel numaral\u0131 Otel Alan\u0131 olarak planl\u0131 olan ta\u015f\u0131nmaza ait plan notlar\u0131na \u201cPlanda Verilen Yap\u0131 Yakla\u015fma Mesafelerine Uyulacak Olup, Kat Y\u00fcksekli\u011fine Ba\u011fl\u0131 Olarak Yap\u0131 Yakla\u015fma Mesafeleri Artt\u0131r\u0131lamaz\u201d maddesinin eklenmesine ve yap\u0131 yakla\u015fma mesafelerinin d\u00fczenlenmesine ili\u015fkin haz\u0131rlanan 1\/1000 \u00f6l\u00e7ekli Uygulama \u0130mar Plan\u0131 De\u011fi\u015fikli\u011fi de yine AK Parti\u2019nin ret oyuna kar\u015f\u0131l\u0131k oy \u00e7oklu\u011fu ile kabul edildi.\u00a0 EKMEK B\u00dcFES\u0130 M\u00dcJDES\u0130 Kepez Belediyesi s\u0131n\u0131rlar\u0131 i\u00e7erisinde ekmek da\u011f\u0131t\u0131m\u0131 amac\u0131yla Belediye ile Kepez Kalk\u0131nma ve Dayan\u0131\u015fma Vakf\u0131 aras\u0131nda &hellip;","og_url":"http:\/\/denizcankizil.tr\/de\/haberler\/gundem\/kepezden-ferdi-tayfura-buyuk-vefa-turkiyede-bir-ilk-oldu\/","og_site_name":"Av. Deniz Can K\u0131z\u0131l","article_published_time":"2025-01-06T12:41:43+00:00","twitter_card":"summary_large_image","twitter_misc":{"Gesch\u00e4tzte Lesezeit":"3\u00a0Minuten"},"schema":{"@context":"https:\/\/schema.org","@graph":[{"@type":"Article","@id":"http:\/\/denizcankizil.tr\/de\/haberler\/gundem\/kepezden-ferdi-tayfura-buyuk-vefa-turkiyede-bir-ilk-oldu\/#article","isPartOf":{"@id":"http:\/\/denizcankizil.tr\/de\/haberler\/gundem\/kepezden-ferdi-tayfura-buyuk-vefa-turkiyede-bir-ilk-oldu\/"},"author":{"name":"","@id":""},"headline":"Kepez\u2019den Ferdi Tayfur\u2019a b\u00fcy\u00fck vefa! T\u00fcrkiye\u2019de bir ilk oldu","datePublished":"2025-01-06T12:41:43+00:00","mainEntityOfPage":{"@id":"http:\/\/denizcankizil.tr\/de\/haberler\/gundem\/kepezden-ferdi-tayfura-buyuk-vefa-turkiyede-bir-ilk-oldu\/"},"wordCount":545,"commentCount":0,"publisher":{"@id":"https:\/\/denizcankizil.tr\/de\/#organization"},"articleSection":["G\u00fcndem","Uncategorized"],"inLanguage":"de","potentialAction":[{"@type":"CommentAction","name":"Comment","target":["http:\/\/denizcankizil.tr\/de\/haberler\/gundem\/kepezden-ferdi-tayfura-buyuk-vefa-turkiyede-bir-ilk-oldu\/#respond"]}]},{"@type":"WebPage","@id":"http:\/\/denizcankizil.tr\/de\/haberler\/gundem\/kepezden-ferdi-tayfura-buyuk-vefa-turkiyede-bir-ilk-oldu\/","url":"http:\/\/denizcankizil.tr\/de\/haberler\/gundem\/kepezden-ferdi-tayfura-buyuk-vefa-turkiyede-bir-ilk-oldu\/","name":"Kepez\u2019den Ferdi Tayfur\u2019a b\u00fcy\u00fck vefa! T\u00fcrkiye\u2019de bir ilk oldu - Av. Deniz Can K\u0131z\u0131l","isPartOf":{"@id":"https:\/\/denizcankizil.tr\/de\/#website"},"datePublished":"2025-01-06T12:41:43+00:00","breadcrumb":{"@id":"http:\/\/denizcankizil.tr\/de\/haberler\/gundem\/kepezden-ferdi-tayfura-buyuk-vefa-turkiyede-bir-ilk-oldu\/#breadcrumb"},"inLanguage":"de","potentialAction":[{"@type":"ReadAction","target":["http:\/\/denizcankizil.tr\/de\/haberler\/gundem\/kepezden-ferdi-tayfura-buyuk-vefa-turkiyede-bir-ilk-oldu\/"]}]},{"@type":"BreadcrumbList","@id":"http:\/\/denizcankizil.tr\/de\/haberler\/gundem\/kepezden-ferdi-tayfura-buyuk-vefa-turkiyede-bir-ilk-oldu\/#breadcrumb","itemListElement":[{"@type":"ListItem","position":1,"name":"Home","item":"https:\/\/denizcankizil.tr\/de\/"},{"@type":"ListItem","position":2,"name":"Kepez\u2019den Ferdi Tayfur\u2019a b\u00fcy\u00fck vefa! T\u00fcrkiye\u2019de bir ilk oldu"}]},{"@type":"WebSite","@id":"https:\/\/denizcankizil.tr\/de\/#website","url":"https:\/\/denizcankizil.tr\/de\/","name":"Av. Deniz Can K\u0131z\u0131l","description":"Avukat Deniz Can K\u0131z\u0131l Antalya Barosu","publisher":{"@id":"https:\/\/denizcankizil.tr\/de\/#organization"},"potentialAction":[{"@type":"SearchAction","target":{"@type":"EntryPoint","urlTemplate":"https:\/\/denizcankizil.tr\/de\/?s={search_term_string}"},"query-input":{"@type":"PropertyValueSpecification","valueRequired":true,"valueName":"search_term_string"}}],"inLanguage":"de"},{"@type":"Organization","@id":"https:\/\/denizcankizil.tr\/de\/#organization","name":"Av. Deniz Can K\u0131z\u0131l","url":"https:\/\/denizcankizil.tr\/de\/","logo":{"@type":"ImageObject","inLanguage":"de","@id":"https:\/\/denizcankizil.tr\/de\/#\/schema\/logo\/image\/","url":"http:\/\/denizcankizil.tr\/wp-content\/uploads\/2024\/10\/siyah-logo-svg.svg","contentUrl":"http:\/\/denizcankizil.tr\/wp-content\/uploads\/2024\/10\/siyah-logo-svg.svg","width":1080,"height":1080,"caption":"Av. Deniz Can K\u0131z\u0131l"},"image":{"@id":"https:\/\/denizcankizil.tr\/de\/#\/schema\/logo\/image\/"}}]}},"_links":{"self":[{"href":"http:\/\/denizcankizil.tr\/de\/wp-json\/wp\/v2\/posts\/24128","targetHints":{"allow":["GET"]}}],"collection":[{"href":"http:\/\/denizcankizil.tr\/de\/wp-json\/wp\/v2\/posts"}],"about":[{"href":"http:\/\/denizcankizil.tr\/de\/wp-json\/wp\/v2\/types\/post"}],"replies":[{"embeddable":true,"href":"http:\/\/denizcankizil.tr\/de\/wp-json\/wp\/v2\/comments?post=24128"}],"version-history":[{"count":0,"href":"http:\/\/denizcankizil.tr\/de\/wp-json\/wp\/v2\/posts\/24128\/revisions"}],"wp:attachment":[{"href":"http:\/\/denizcankizil.tr\/de\/wp-json\/wp\/v2\/media?parent=24128"}],"wp:term":[{"taxonomy":"category","embeddable":true,"href":"http:\/\/denizcankizil.tr\/de\/wp-json\/wp\/v2\/categories?post=24128"},{"taxonomy":"post_tag","embeddable":true,"href":"http:\/\/denizcankizil.tr\/de\/wp-json\/wp\/v2\/tags?post=24128"}],"curies":[{"name":"wp","href":"https:\/\/api.w.org\/{rel}","templated":true}]}}