{"id":23783,"date":"2025-01-04T11:41:45","date_gmt":"2025-01-04T08:41:45","guid":{"rendered":"https:\/\/denizcankizil.tr\/uncategorized-tr\/antalyada-taksicileri-sevindiren-haber-araclara-ucretsiz-takilacak\/"},"modified":"2025-01-04T11:41:45","modified_gmt":"2025-01-04T08:41:45","slug":"antalyada-taksicileri-sevindiren-haber-araclara-ucretsiz-takilacak","status":"publish","type":"post","link":"http:\/\/denizcankizil.tr\/de\/haberler\/gundem\/antalyada-taksicileri-sevindiren-haber-araclara-ucretsiz-takilacak\/","title":{"rendered":"Antalya\u2019da taksicileri sevindiren haber: Ara\u00e7lara \u00fccretsiz tak\u0131lacak"},"content":{"rendered":"<p>Antalya \u015eof\u00f6rler Odas\u0131 Ba\u015fkan\u0131 Mehmet Ali Alkan, ara\u00e7lara taksimetre, kamera, panik butonu ve GPS ara\u00e7 takip sistemlerinin \u00fccretsiz tak\u0131laca\u011f\u0131n\u0131 a\u00e7\u0131klad\u0131. Esnaf\u0131n bu konuda odayla irtibata ge\u00e7mesini isteyen Alkan, \u201cTaksimetre, kamera, panik butonu ve GPS ara\u00e7 takip sistemleriyle ilgili \u00e7al\u0131\u015fmalar\u0131m\u0131z\u0131 tamamlam\u0131\u015f bulunuyoruz. \u00dccretsiz taksimetre ve kamera montajlar\u0131 ba\u015flam\u0131\u015ft\u0131r. Detayl\u0131 bilgi i\u00e7in Odam\u0131zla ileti\u015fime ge\u00e7ebilirsiniz. Esnaf\u0131m\u0131za hay\u0131rl\u0131 ve u\u011furlu olsun\u201d dedi.\u00a0<\/p>\n<p>\u0130\u00c7\u0130\u015eLER\u0130 BAKANLI\u011eI ZORUNLU HALE GET\u0130RD\u0130\u00a0<\/p>\n<p>\u0130\u00e7i\u015fleri Bakanl\u0131\u011f\u0131nca, Karayollar\u0131 Trafik Y\u00f6netmeli\u011finde De\u011fi\u015fiklik Yap\u0131lmas\u0131na Dair Y\u00f6netmelik, Resmi Gazetede yay\u0131mland\u0131. Karara g\u00f6re; taksilerde ara\u00e7 takip sistemi, kamera ve acil durum butonu zorunlulu\u011fu getirildi. Bu karar\u0131n ard\u0131ndan harekete ge\u00e7en Antalya \u015eof\u00f6rler Odas\u0131 y\u00f6netmelik do\u011frultusunda esnafa taksimetre, kamera, panik butonu ve GPS ara\u00e7 takip sistemlerinin \u00fccretsiz olarak tak\u0131laca\u011f\u0131n\u0131 a\u00e7\u0131klad\u0131. Bu karar taksici esnaf\u0131nda b\u00fcy\u00fck sevince neden oldu.\u00a0<\/p>\n<p>S\u0130STEMLER HAKKINDA<\/p>\n<p>Sistem, s\u00fcr\u00fcc\u00fc koltu\u011fu da dahil ta\u015f\u0131t\u0131n i\u00e7ini ve gidi\u015f istikametindeki yol kesimini g\u00f6sterecek, ta\u015f\u0131t\u0131n faaliyette oldu\u011fu s\u00fcre i\u00e7inde ve en az bir ay s\u00fcre ile kay\u0131t yapacak. Yap\u0131lan kay\u0131tlar\u0131n ne kadar\u0131n\u0131n ve hangi \u015fartlarda bir IP adresine otomatik olarak kopyalanmas\u0131 gerekti\u011fine ili\u015fkin hususlarda, mahallin ta\u015f\u0131ma \u015fartlar\u0131 g\u00f6z \u00f6n\u00fcnde bulundurularak ula\u015f\u0131m koordinasyon merkezleri veya il trafik komisyonlar\u0131nca karar al\u0131nabilecek.<\/p>\n<p>AC\u0130L BUTON<\/p>\n<p>Bu kay\u0131tlar, genel g\u00fcvenlik ve trafik g\u00fcvenli\u011fi ile kamu d\u00fczeninin sa\u011flanmas\u0131na y\u00f6nelik olarak \u0130\u00e7i\u015fleri Bakanl\u0131\u011f\u0131n\u0131n (Emniyet Genel M\u00fcd\u00fcrl\u00fc\u011f\u00fc ve Jandarma Genel Komutanl\u0131\u011f\u0131) eri\u015fimine haz\u0131r bulundurulacak. Ayr\u0131ca, taksi ve taksi dolmu\u015flarda ara\u00e7 takip sistemi ve acil durum butonu bulundurulacak. Taksi ve taksi dolmu\u015flar i\u00e7in \u00f6ng\u00f6r\u00fclen ara\u00e7 takip sistemi ve acil durum butonu bulundurulmas\u0131 \u015fart\u0131, ihtiya\u00e7 halinde B\u00fcy\u00fck\u015fehir Belediyesi Kanunu ile Belediye Kanunu kapsam\u0131nda faaliyet g\u00f6steren ta\u015f\u0131tlar\u0131n tamam\u0131nda veya belirlenenlerinde ula\u015f\u0131m koordinasyon merkezleri veya il trafik komisyonlar\u0131 taraf\u0131ndan zorunlu tutulabilecek. \u0130\u00e7i\u015fleri Bakanl\u0131\u011f\u0131 \u00fclke genelinde uygulanmak \u00fczere buna ili\u015fkin karar alabilecek.<\/p>\n<p>\u00a0<\/p>\n<p>\u200bAntalya\u2019da taksici esnaf\u0131na y\u00f6nelik \u00f6nemli bir projeye imza at\u0131ld\u0131. Antalya \u015eof\u00f6rler Odas\u0131 Ba\u015fkan\u0131 Mehmet Ali Alkan, taksimetre, kamera, panik butonu ve GPS ara\u00e7 takip sistemlerinin taksilere \u00fccretsiz tak\u0131laca\u011f\u0131n\u0131 a\u00e7\u0131klad\u0131\u00a0<\/p>\n<p>\u200bHaberin Al\u0131nt\u0131land\u0131\u011f\u0131 Kaynak: www.antalyakorfez.com<\/p>","protected":false},"excerpt":{"rendered":"<p>Antalya \u015eof\u00f6rler Odas\u0131 Ba\u015fkan\u0131 Mehmet Ali Alkan, ara\u00e7lara taksimetre, kamera, panik butonu ve GPS ara\u00e7 takip sistemlerinin \u00fccretsiz tak\u0131laca\u011f\u0131n\u0131 a\u00e7\u0131klad\u0131. Esnaf\u0131n bu konuda odayla irtibata ge\u00e7mesini isteyen Alkan, \u201cTaksimetre, kamera, panik butonu ve GPS ara\u00e7 takip sistemleriyle ilgili \u00e7al\u0131\u015fmalar\u0131m\u0131z\u0131 tamamlam\u0131\u015f bulunuyoruz. \u00dccretsiz taksimetre ve kamera montajlar\u0131 ba\u015flam\u0131\u015ft\u0131r. Detayl\u0131 bilgi i\u00e7in Odam\u0131zla ileti\u015fime ge\u00e7ebilirsiniz. Esnaf\u0131m\u0131za hay\u0131rl\u0131 ve u\u011furlu olsun\u201d dedi.\u00a0 \u0130\u00c7\u0130\u015eLER\u0130 BAKANLI\u011eI ZORUNLU HALE GET\u0130RD\u0130\u00a0 \u0130\u00e7i\u015fleri Bakanl\u0131\u011f\u0131nca, Karayollar\u0131 Trafik Y\u00f6netmeli\u011finde De\u011fi\u015fiklik Yap\u0131lmas\u0131na Dair Y\u00f6netmelik, Resmi Gazetede yay\u0131mland\u0131. Karara g\u00f6re; taksilerde ara\u00e7 takip sistemi, kamera ve acil durum butonu zorunlulu\u011fu getirildi. Bu karar\u0131n ard\u0131ndan harekete ge\u00e7en Antalya \u015eof\u00f6rler Odas\u0131 y\u00f6netmelik do\u011frultusunda esnafa taksimetre, kamera, panik butonu ve GPS ara\u00e7 takip sistemlerinin \u00fccretsiz olarak tak\u0131laca\u011f\u0131n\u0131 a\u00e7\u0131klad\u0131. Bu karar taksici esnaf\u0131nda b\u00fcy\u00fck sevince neden oldu.\u00a0 S\u0130STEMLER HAKKINDA Sistem, s\u00fcr\u00fcc\u00fc koltu\u011fu da dahil ta\u015f\u0131t\u0131n i\u00e7ini ve gidi\u015f istikametindeki yol kesimini g\u00f6sterecek, ta\u015f\u0131t\u0131n faaliyette oldu\u011fu s\u00fcre i\u00e7inde ve en az bir ay s\u00fcre ile kay\u0131t yapacak. Yap\u0131lan kay\u0131tlar\u0131n ne kadar\u0131n\u0131n ve hangi \u015fartlarda bir IP adresine otomatik olarak kopyalanmas\u0131 gerekti\u011fine ili\u015fkin hususlarda, mahallin ta\u015f\u0131ma \u015fartlar\u0131 g\u00f6z \u00f6n\u00fcnde bulundurularak ula\u015f\u0131m koordinasyon merkezleri veya il trafik komisyonlar\u0131nca karar al\u0131nabilecek. AC\u0130L BUTON Bu kay\u0131tlar, genel g\u00fcvenlik ve trafik g\u00fcvenli\u011fi ile kamu d\u00fczeninin sa\u011flanmas\u0131na y\u00f6nelik olarak \u0130\u00e7i\u015fleri Bakanl\u0131\u011f\u0131n\u0131n (Emniyet Genel &hellip;<\/p>","protected":false},"author":0,"featured_media":0,"comment_status":"open","ping_status":"open","sticky":false,"template":"","format":"standard","meta":{"_acf_changed":false,"footnotes":""},"categories":[24,535],"tags":[],"class_list":["post-23783","post","type-post","status-publish","format-standard","has-post-thumbnail","hentry","category-gundem","category-uncategorized-tr"],"acf":[],"yoast_head":"<!-- This site is optimized with the Yoast SEO Premium plugin v26.6 (Yoast SEO v27.1.1) - https:\/\/yoast.com\/product\/yoast-seo-premium-wordpress\/ -->\n<title>Antalya\u2019da taksicileri sevindiren haber: Ara\u00e7lara \u00fccretsiz tak\u0131lacak - Av. Deniz Can K\u0131z\u0131l<\/title>\n<meta name=\"robots\" content=\"index, follow, max-snippet:-1, max-image-preview:large, max-video-preview:-1\" \/>\n<link rel=\"canonical\" href=\"https:\/\/denizcankizil.tr\/de\/haberler\/gundem\/antalyada-taksicileri-sevindiren-haber-araclara-ucretsiz-takilacak\/\" \/>\n<meta property=\"og:locale\" content=\"de_DE\" \/>\n<meta property=\"og:type\" content=\"article\" \/>\n<meta property=\"og:title\" content=\"Antalya\u2019da taksicileri sevindiren haber: Ara\u00e7lara \u00fccretsiz tak\u0131lacak\" \/>\n<meta property=\"og:description\" content=\"Antalya \u015eof\u00f6rler Odas\u0131 Ba\u015fkan\u0131 Mehmet Ali Alkan, ara\u00e7lara taksimetre, kamera, panik butonu ve GPS ara\u00e7 takip sistemlerinin \u00fccretsiz tak\u0131laca\u011f\u0131n\u0131 a\u00e7\u0131klad\u0131. Esnaf\u0131n bu konuda odayla irtibata ge\u00e7mesini isteyen Alkan, \u201cTaksimetre, kamera, panik butonu ve GPS ara\u00e7 takip sistemleriyle ilgili \u00e7al\u0131\u015fmalar\u0131m\u0131z\u0131 tamamlam\u0131\u015f bulunuyoruz. \u00dccretsiz taksimetre ve kamera montajlar\u0131 ba\u015flam\u0131\u015ft\u0131r. Detayl\u0131 bilgi i\u00e7in Odam\u0131zla ileti\u015fime ge\u00e7ebilirsiniz. Esnaf\u0131m\u0131za hay\u0131rl\u0131 ve u\u011furlu olsun\u201d dedi.\u00a0 \u0130\u00c7\u0130\u015eLER\u0130 BAKANLI\u011eI ZORUNLU HALE GET\u0130RD\u0130\u00a0 \u0130\u00e7i\u015fleri Bakanl\u0131\u011f\u0131nca, Karayollar\u0131 Trafik Y\u00f6netmeli\u011finde De\u011fi\u015fiklik Yap\u0131lmas\u0131na Dair Y\u00f6netmelik, Resmi Gazetede yay\u0131mland\u0131. Karara g\u00f6re; taksilerde ara\u00e7 takip sistemi, kamera ve acil durum butonu zorunlulu\u011fu getirildi. Bu karar\u0131n ard\u0131ndan harekete ge\u00e7en Antalya \u015eof\u00f6rler Odas\u0131 y\u00f6netmelik do\u011frultusunda esnafa taksimetre, kamera, panik butonu ve GPS ara\u00e7 takip sistemlerinin \u00fccretsiz olarak tak\u0131laca\u011f\u0131n\u0131 a\u00e7\u0131klad\u0131. Bu karar taksici esnaf\u0131nda b\u00fcy\u00fck sevince neden oldu.\u00a0 S\u0130STEMLER HAKKINDA Sistem, s\u00fcr\u00fcc\u00fc koltu\u011fu da dahil ta\u015f\u0131t\u0131n i\u00e7ini ve gidi\u015f istikametindeki yol kesimini g\u00f6sterecek, ta\u015f\u0131t\u0131n faaliyette oldu\u011fu s\u00fcre i\u00e7inde ve en az bir ay s\u00fcre ile kay\u0131t yapacak. Yap\u0131lan kay\u0131tlar\u0131n ne kadar\u0131n\u0131n ve hangi \u015fartlarda bir IP adresine otomatik olarak kopyalanmas\u0131 gerekti\u011fine ili\u015fkin hususlarda, mahallin ta\u015f\u0131ma \u015fartlar\u0131 g\u00f6z \u00f6n\u00fcnde bulundurularak ula\u015f\u0131m koordinasyon merkezleri veya il trafik komisyonlar\u0131nca karar al\u0131nabilecek. AC\u0130L BUTON Bu kay\u0131tlar, genel g\u00fcvenlik ve trafik g\u00fcvenli\u011fi ile kamu d\u00fczeninin sa\u011flanmas\u0131na y\u00f6nelik olarak \u0130\u00e7i\u015fleri Bakanl\u0131\u011f\u0131n\u0131n (Emniyet Genel &hellip;\" \/>\n<meta property=\"og:url\" content=\"https:\/\/denizcankizil.tr\/de\/haberler\/gundem\/antalyada-taksicileri-sevindiren-haber-araclara-ucretsiz-takilacak\/\" \/>\n<meta property=\"og:site_name\" content=\"Av. Deniz Can K\u0131z\u0131l\" \/>\n<meta property=\"article:published_time\" content=\"2025-01-04T08:41:45+00:00\" \/>\n<meta name=\"twitter:card\" content=\"summary_large_image\" \/>\n<meta name=\"twitter:label1\" content=\"Gesch\u00e4tzte Lesezeit\" \/>\n\t<meta name=\"twitter:data1\" content=\"2\u00a0Minuten\" \/>\n<script type=\"application\/ld+json\" class=\"yoast-schema-graph\">{\"@context\":\"https:\/\/schema.org\",\"@graph\":[{\"@type\":\"Article\",\"@id\":\"https:\/\/denizcankizil.tr\/ru\/haberler\/gundem\/antalyada-taksicileri-sevindiren-haber-araclara-ucretsiz-takilacak\/#article\",\"isPartOf\":{\"@id\":\"https:\/\/denizcankizil.tr\/ru\/haberler\/gundem\/antalyada-taksicileri-sevindiren-haber-araclara-ucretsiz-takilacak\/\"},\"author\":{\"name\":\"\",\"@id\":\"\"},\"headline\":\"Antalya\u2019da taksicileri sevindiren haber: Ara\u00e7lara \u00fccretsiz tak\u0131lacak\",\"datePublished\":\"2025-01-04T08:41:45+00:00\",\"mainEntityOfPage\":{\"@id\":\"https:\/\/denizcankizil.tr\/ru\/haberler\/gundem\/antalyada-taksicileri-sevindiren-haber-araclara-ucretsiz-takilacak\/\"},\"wordCount\":437,\"commentCount\":0,\"publisher\":{\"@id\":\"https:\/\/denizcankizil.tr\/de\/#organization\"},\"articleSection\":[\"G\u00fcndem\",\"Uncategorized\"],\"inLanguage\":\"de\",\"potentialAction\":[{\"@type\":\"CommentAction\",\"name\":\"Comment\",\"target\":[\"https:\/\/denizcankizil.tr\/ru\/haberler\/gundem\/antalyada-taksicileri-sevindiren-haber-araclara-ucretsiz-takilacak\/#respond\"]}]},{\"@type\":\"WebPage\",\"@id\":\"https:\/\/denizcankizil.tr\/ru\/haberler\/gundem\/antalyada-taksicileri-sevindiren-haber-araclara-ucretsiz-takilacak\/\",\"url\":\"https:\/\/denizcankizil.tr\/ru\/haberler\/gundem\/antalyada-taksicileri-sevindiren-haber-araclara-ucretsiz-takilacak\/\",\"name\":\"Antalya\u2019da taksicileri sevindiren haber: Ara\u00e7lara \u00fccretsiz tak\u0131lacak - Av. Deniz Can K\u0131z\u0131l\",\"isPartOf\":{\"@id\":\"https:\/\/denizcankizil.tr\/de\/#website\"},\"datePublished\":\"2025-01-04T08:41:45+00:00\",\"breadcrumb\":{\"@id\":\"https:\/\/denizcankizil.tr\/ru\/haberler\/gundem\/antalyada-taksicileri-sevindiren-haber-araclara-ucretsiz-takilacak\/#breadcrumb\"},\"inLanguage\":\"de\",\"potentialAction\":[{\"@type\":\"ReadAction\",\"target\":[\"https:\/\/denizcankizil.tr\/ru\/haberler\/gundem\/antalyada-taksicileri-sevindiren-haber-araclara-ucretsiz-takilacak\/\"]}]},{\"@type\":\"BreadcrumbList\",\"@id\":\"https:\/\/denizcankizil.tr\/ru\/haberler\/gundem\/antalyada-taksicileri-sevindiren-haber-araclara-ucretsiz-takilacak\/#breadcrumb\",\"itemListElement\":[{\"@type\":\"ListItem\",\"position\":1,\"name\":\"Home\",\"item\":\"https:\/\/denizcankizil.tr\/de\/\"},{\"@type\":\"ListItem\",\"position\":2,\"name\":\"Antalya\u2019da taksicileri sevindiren haber: Ara\u00e7lara \u00fccretsiz tak\u0131lacak\"}]},{\"@type\":\"WebSite\",\"@id\":\"https:\/\/denizcankizil.tr\/de\/#website\",\"url\":\"https:\/\/denizcankizil.tr\/de\/\",\"name\":\"Av. Deniz Can K\u0131z\u0131l\",\"description\":\"Avukat Deniz Can K\u0131z\u0131l Antalya Barosu\",\"publisher\":{\"@id\":\"https:\/\/denizcankizil.tr\/de\/#organization\"},\"potentialAction\":[{\"@type\":\"SearchAction\",\"target\":{\"@type\":\"EntryPoint\",\"urlTemplate\":\"https:\/\/denizcankizil.tr\/de\/?s={search_term_string}\"},\"query-input\":{\"@type\":\"PropertyValueSpecification\",\"valueRequired\":true,\"valueName\":\"search_term_string\"}}],\"inLanguage\":\"de\"},{\"@type\":\"Organization\",\"@id\":\"https:\/\/denizcankizil.tr\/de\/#organization\",\"name\":\"Av. Deniz Can K\u0131z\u0131l\",\"url\":\"https:\/\/denizcankizil.tr\/de\/\",\"logo\":{\"@type\":\"ImageObject\",\"inLanguage\":\"de\",\"@id\":\"https:\/\/denizcankizil.tr\/de\/#\/schema\/logo\/image\/\",\"url\":\"http:\/\/denizcankizil.tr\/wp-content\/uploads\/2024\/10\/siyah-logo-svg.svg\",\"contentUrl\":\"http:\/\/denizcankizil.tr\/wp-content\/uploads\/2024\/10\/siyah-logo-svg.svg\",\"width\":1080,\"height\":1080,\"caption\":\"Av. Deniz Can K\u0131z\u0131l\"},\"image\":{\"@id\":\"https:\/\/denizcankizil.tr\/de\/#\/schema\/logo\/image\/\"}}]}<\/script>\n<!-- \/ Yoast SEO Premium plugin. -->","yoast_head_json":{"title":"Antalya\u2019da taksicileri sevindiren haber: Ara\u00e7lara \u00fccretsiz tak\u0131lacak - Av. Deniz Can K\u0131z\u0131l","robots":{"index":"index","follow":"follow","max-snippet":"max-snippet:-1","max-image-preview":"max-image-preview:large","max-video-preview":"max-video-preview:-1"},"canonical":"https:\/\/denizcankizil.tr\/de\/haberler\/gundem\/antalyada-taksicileri-sevindiren-haber-araclara-ucretsiz-takilacak\/","og_locale":"de_DE","og_type":"article","og_title":"Antalya\u2019da taksicileri sevindiren haber: Ara\u00e7lara \u00fccretsiz tak\u0131lacak","og_description":"Antalya \u015eof\u00f6rler Odas\u0131 Ba\u015fkan\u0131 Mehmet Ali Alkan, ara\u00e7lara taksimetre, kamera, panik butonu ve GPS ara\u00e7 takip sistemlerinin \u00fccretsiz tak\u0131laca\u011f\u0131n\u0131 a\u00e7\u0131klad\u0131. Esnaf\u0131n bu konuda odayla irtibata ge\u00e7mesini isteyen Alkan, \u201cTaksimetre, kamera, panik butonu ve GPS ara\u00e7 takip sistemleriyle ilgili \u00e7al\u0131\u015fmalar\u0131m\u0131z\u0131 tamamlam\u0131\u015f bulunuyoruz. \u00dccretsiz taksimetre ve kamera montajlar\u0131 ba\u015flam\u0131\u015ft\u0131r. Detayl\u0131 bilgi i\u00e7in Odam\u0131zla ileti\u015fime ge\u00e7ebilirsiniz. Esnaf\u0131m\u0131za hay\u0131rl\u0131 ve u\u011furlu olsun\u201d dedi.\u00a0 \u0130\u00c7\u0130\u015eLER\u0130 BAKANLI\u011eI ZORUNLU HALE GET\u0130RD\u0130\u00a0 \u0130\u00e7i\u015fleri Bakanl\u0131\u011f\u0131nca, Karayollar\u0131 Trafik Y\u00f6netmeli\u011finde De\u011fi\u015fiklik Yap\u0131lmas\u0131na Dair Y\u00f6netmelik, Resmi Gazetede yay\u0131mland\u0131. Karara g\u00f6re; taksilerde ara\u00e7 takip sistemi, kamera ve acil durum butonu zorunlulu\u011fu getirildi. Bu karar\u0131n ard\u0131ndan harekete ge\u00e7en Antalya \u015eof\u00f6rler Odas\u0131 y\u00f6netmelik do\u011frultusunda esnafa taksimetre, kamera, panik butonu ve GPS ara\u00e7 takip sistemlerinin \u00fccretsiz olarak tak\u0131laca\u011f\u0131n\u0131 a\u00e7\u0131klad\u0131. Bu karar taksici esnaf\u0131nda b\u00fcy\u00fck sevince neden oldu.\u00a0 S\u0130STEMLER HAKKINDA Sistem, s\u00fcr\u00fcc\u00fc koltu\u011fu da dahil ta\u015f\u0131t\u0131n i\u00e7ini ve gidi\u015f istikametindeki yol kesimini g\u00f6sterecek, ta\u015f\u0131t\u0131n faaliyette oldu\u011fu s\u00fcre i\u00e7inde ve en az bir ay s\u00fcre ile kay\u0131t yapacak. Yap\u0131lan kay\u0131tlar\u0131n ne kadar\u0131n\u0131n ve hangi \u015fartlarda bir IP adresine otomatik olarak kopyalanmas\u0131 gerekti\u011fine ili\u015fkin hususlarda, mahallin ta\u015f\u0131ma \u015fartlar\u0131 g\u00f6z \u00f6n\u00fcnde bulundurularak ula\u015f\u0131m koordinasyon merkezleri veya il trafik komisyonlar\u0131nca karar al\u0131nabilecek. AC\u0130L BUTON Bu kay\u0131tlar, genel g\u00fcvenlik ve trafik g\u00fcvenli\u011fi ile kamu d\u00fczeninin sa\u011flanmas\u0131na y\u00f6nelik olarak \u0130\u00e7i\u015fleri Bakanl\u0131\u011f\u0131n\u0131n (Emniyet Genel &hellip;","og_url":"https:\/\/denizcankizil.tr\/de\/haberler\/gundem\/antalyada-taksicileri-sevindiren-haber-araclara-ucretsiz-takilacak\/","og_site_name":"Av. Deniz Can K\u0131z\u0131l","article_published_time":"2025-01-04T08:41:45+00:00","twitter_card":"summary_large_image","twitter_misc":{"Gesch\u00e4tzte Lesezeit":"2\u00a0Minuten"},"schema":{"@context":"https:\/\/schema.org","@graph":[{"@type":"Article","@id":"https:\/\/denizcankizil.tr\/ru\/haberler\/gundem\/antalyada-taksicileri-sevindiren-haber-araclara-ucretsiz-takilacak\/#article","isPartOf":{"@id":"https:\/\/denizcankizil.tr\/ru\/haberler\/gundem\/antalyada-taksicileri-sevindiren-haber-araclara-ucretsiz-takilacak\/"},"author":{"name":"","@id":""},"headline":"Antalya\u2019da taksicileri sevindiren haber: Ara\u00e7lara \u00fccretsiz tak\u0131lacak","datePublished":"2025-01-04T08:41:45+00:00","mainEntityOfPage":{"@id":"https:\/\/denizcankizil.tr\/ru\/haberler\/gundem\/antalyada-taksicileri-sevindiren-haber-araclara-ucretsiz-takilacak\/"},"wordCount":437,"commentCount":0,"publisher":{"@id":"https:\/\/denizcankizil.tr\/de\/#organization"},"articleSection":["G\u00fcndem","Uncategorized"],"inLanguage":"de","potentialAction":[{"@type":"CommentAction","name":"Comment","target":["https:\/\/denizcankizil.tr\/ru\/haberler\/gundem\/antalyada-taksicileri-sevindiren-haber-araclara-ucretsiz-takilacak\/#respond"]}]},{"@type":"WebPage","@id":"https:\/\/denizcankizil.tr\/ru\/haberler\/gundem\/antalyada-taksicileri-sevindiren-haber-araclara-ucretsiz-takilacak\/","url":"https:\/\/denizcankizil.tr\/ru\/haberler\/gundem\/antalyada-taksicileri-sevindiren-haber-araclara-ucretsiz-takilacak\/","name":"Antalya\u2019da taksicileri sevindiren haber: Ara\u00e7lara \u00fccretsiz tak\u0131lacak - Av. Deniz Can K\u0131z\u0131l","isPartOf":{"@id":"https:\/\/denizcankizil.tr\/de\/#website"},"datePublished":"2025-01-04T08:41:45+00:00","breadcrumb":{"@id":"https:\/\/denizcankizil.tr\/ru\/haberler\/gundem\/antalyada-taksicileri-sevindiren-haber-araclara-ucretsiz-takilacak\/#breadcrumb"},"inLanguage":"de","potentialAction":[{"@type":"ReadAction","target":["https:\/\/denizcankizil.tr\/ru\/haberler\/gundem\/antalyada-taksicileri-sevindiren-haber-araclara-ucretsiz-takilacak\/"]}]},{"@type":"BreadcrumbList","@id":"https:\/\/denizcankizil.tr\/ru\/haberler\/gundem\/antalyada-taksicileri-sevindiren-haber-araclara-ucretsiz-takilacak\/#breadcrumb","itemListElement":[{"@type":"ListItem","position":1,"name":"Home","item":"https:\/\/denizcankizil.tr\/de\/"},{"@type":"ListItem","position":2,"name":"Antalya\u2019da taksicileri sevindiren haber: Ara\u00e7lara \u00fccretsiz tak\u0131lacak"}]},{"@type":"WebSite","@id":"https:\/\/denizcankizil.tr\/de\/#website","url":"https:\/\/denizcankizil.tr\/de\/","name":"Av. Deniz Can K\u0131z\u0131l","description":"Avukat Deniz Can K\u0131z\u0131l Antalya Barosu","publisher":{"@id":"https:\/\/denizcankizil.tr\/de\/#organization"},"potentialAction":[{"@type":"SearchAction","target":{"@type":"EntryPoint","urlTemplate":"https:\/\/denizcankizil.tr\/de\/?s={search_term_string}"},"query-input":{"@type":"PropertyValueSpecification","valueRequired":true,"valueName":"search_term_string"}}],"inLanguage":"de"},{"@type":"Organization","@id":"https:\/\/denizcankizil.tr\/de\/#organization","name":"Av. Deniz Can K\u0131z\u0131l","url":"https:\/\/denizcankizil.tr\/de\/","logo":{"@type":"ImageObject","inLanguage":"de","@id":"https:\/\/denizcankizil.tr\/de\/#\/schema\/logo\/image\/","url":"http:\/\/denizcankizil.tr\/wp-content\/uploads\/2024\/10\/siyah-logo-svg.svg","contentUrl":"http:\/\/denizcankizil.tr\/wp-content\/uploads\/2024\/10\/siyah-logo-svg.svg","width":1080,"height":1080,"caption":"Av. Deniz Can K\u0131z\u0131l"},"image":{"@id":"https:\/\/denizcankizil.tr\/de\/#\/schema\/logo\/image\/"}}]}},"_links":{"self":[{"href":"http:\/\/denizcankizil.tr\/de\/wp-json\/wp\/v2\/posts\/23783","targetHints":{"allow":["GET"]}}],"collection":[{"href":"http:\/\/denizcankizil.tr\/de\/wp-json\/wp\/v2\/posts"}],"about":[{"href":"http:\/\/denizcankizil.tr\/de\/wp-json\/wp\/v2\/types\/post"}],"replies":[{"embeddable":true,"href":"http:\/\/denizcankizil.tr\/de\/wp-json\/wp\/v2\/comments?post=23783"}],"version-history":[{"count":0,"href":"http:\/\/denizcankizil.tr\/de\/wp-json\/wp\/v2\/posts\/23783\/revisions"}],"wp:attachment":[{"href":"http:\/\/denizcankizil.tr\/de\/wp-json\/wp\/v2\/media?parent=23783"}],"wp:term":[{"taxonomy":"category","embeddable":true,"href":"http:\/\/denizcankizil.tr\/de\/wp-json\/wp\/v2\/categories?post=23783"},{"taxonomy":"post_tag","embeddable":true,"href":"http:\/\/denizcankizil.tr\/de\/wp-json\/wp\/v2\/tags?post=23783"}],"curies":[{"name":"wp","href":"https:\/\/api.w.org\/{rel}","templated":true}]}}