{"id":23761,"date":"2025-01-04T07:41:27","date_gmt":"2025-01-04T04:41:27","guid":{"rendered":"https:\/\/denizcankizil.tr\/uncategorized-tr\/egitimlerle-balmumu-kadinlarin-elinde-hayat-buluyor\/"},"modified":"2025-01-04T07:41:27","modified_gmt":"2025-01-04T04:41:27","slug":"egitimlerle-balmumu-kadinlarin-elinde-hayat-buluyor","status":"publish","type":"post","link":"http:\/\/denizcankizil.tr\/de\/haberler\/gundem\/egitimlerle-balmumu-kadinlarin-elinde-hayat-buluyor\/","title":{"rendered":"E\u011fitimlerle Balmumu Kad\u0131nlar\u0131n Elinde Hayat Buluyor"},"content":{"rendered":"<p>Mu\u011fla B\u00fcy\u00fck\u015fehir Belediyesi k\u0131rsalda bal mumu e\u011fitimleri ile kad\u0131nlar\u0131n \u00fcretime kat\u0131lmalar\u0131n\u0131 ve sosyalle\u015fmesini sa\u011fl\u0131yor.<\/p>\n<p>\u200bMu\u011fla B\u00fcy\u00fck\u015fehir Belediyesi k\u0131rsalda bal mumu e\u011fitimleri ile kad\u0131nlar\u0131n \u00fcretime kat\u0131lmalar\u0131n\u0131 ve sosyalle\u015fmesini sa\u011fl\u0131yor.\u00a0<\/p>\n<p>\u200bHaberin Al\u0131nt\u0131land\u0131\u011f\u0131 Kaynak: www.iskenderun.org<\/p>","protected":false},"excerpt":{"rendered":"<p>Mu\u011fla B\u00fcy\u00fck\u015fehir Belediyesi k\u0131rsalda bal mumu e\u011fitimleri ile kad\u0131nlar\u0131n \u00fcretime kat\u0131lmalar\u0131n\u0131 ve sosyalle\u015fmesini sa\u011fl\u0131yor. \u200bMu\u011fla B\u00fcy\u00fck\u015fehir Belediyesi k\u0131rsalda bal mumu e\u011fitimleri ile kad\u0131nlar\u0131n \u00fcretime kat\u0131lmalar\u0131n\u0131 ve sosyalle\u015fmesini sa\u011fl\u0131yor.\u00a0 \u200bHaberin Al\u0131nt\u0131land\u0131\u011f\u0131 Kaynak: www.iskenderun.org<\/p>","protected":false},"author":0,"featured_media":0,"comment_status":"open","ping_status":"open","sticky":false,"template":"","format":"standard","meta":{"_acf_changed":false,"footnotes":""},"categories":[24,535],"tags":[],"class_list":["post-23761","post","type-post","status-publish","format-standard","has-post-thumbnail","hentry","category-gundem","category-uncategorized-tr"],"acf":[],"yoast_head":"<!-- This site is optimized with the Yoast SEO Premium plugin v26.6 (Yoast SEO v27.1.1) - https:\/\/yoast.com\/product\/yoast-seo-premium-wordpress\/ -->\n<title>E\u011fitimlerle Balmumu Kad\u0131nlar\u0131n Elinde Hayat Buluyor - Av. Deniz Can K\u0131z\u0131l<\/title>\n<meta name=\"robots\" content=\"index, follow, max-snippet:-1, max-image-preview:large, max-video-preview:-1\" \/>\n<link rel=\"canonical\" href=\"http:\/\/denizcankizil.tr\/de\/haberler\/gundem\/egitimlerle-balmumu-kadinlarin-elinde-hayat-buluyor\/\" \/>\n<meta property=\"og:locale\" content=\"de_DE\" \/>\n<meta property=\"og:type\" content=\"article\" \/>\n<meta property=\"og:title\" content=\"E\u011fitimlerle Balmumu Kad\u0131nlar\u0131n Elinde Hayat Buluyor\" \/>\n<meta property=\"og:description\" content=\"Mu\u011fla B\u00fcy\u00fck\u015fehir Belediyesi k\u0131rsalda bal mumu e\u011fitimleri ile kad\u0131nlar\u0131n \u00fcretime kat\u0131lmalar\u0131n\u0131 ve sosyalle\u015fmesini sa\u011fl\u0131yor. \u200bMu\u011fla B\u00fcy\u00fck\u015fehir Belediyesi k\u0131rsalda bal mumu e\u011fitimleri ile kad\u0131nlar\u0131n \u00fcretime kat\u0131lmalar\u0131n\u0131 ve sosyalle\u015fmesini sa\u011fl\u0131yor.\u00a0 \u200bHaberin Al\u0131nt\u0131land\u0131\u011f\u0131 Kaynak: www.iskenderun.org\" \/>\n<meta property=\"og:url\" content=\"http:\/\/denizcankizil.tr\/de\/haberler\/gundem\/egitimlerle-balmumu-kadinlarin-elinde-hayat-buluyor\/\" \/>\n<meta property=\"og:site_name\" content=\"Av. Deniz Can K\u0131z\u0131l\" \/>\n<meta property=\"article:published_time\" content=\"2025-01-04T04:41:27+00:00\" \/>\n<meta name=\"twitter:card\" content=\"summary_large_image\" \/>\n<script type=\"application\/ld+json\" class=\"yoast-schema-graph\">{\"@context\":\"https:\/\/schema.org\",\"@graph\":[{\"@type\":\"Article\",\"@id\":\"http:\/\/denizcankizil.tr\/de\/haberler\/gundem\/egitimlerle-balmumu-kadinlarin-elinde-hayat-buluyor\/#article\",\"isPartOf\":{\"@id\":\"http:\/\/denizcankizil.tr\/de\/haberler\/gundem\/egitimlerle-balmumu-kadinlarin-elinde-hayat-buluyor\/\"},\"author\":{\"name\":\"\",\"@id\":\"\"},\"headline\":\"E\u011fitimlerle Balmumu Kad\u0131nlar\u0131n Elinde Hayat Buluyor\",\"datePublished\":\"2025-01-04T04:41:27+00:00\",\"mainEntityOfPage\":{\"@id\":\"http:\/\/denizcankizil.tr\/de\/haberler\/gundem\/egitimlerle-balmumu-kadinlarin-elinde-hayat-buluyor\/\"},\"wordCount\":71,\"commentCount\":0,\"publisher\":{\"@id\":\"https:\/\/denizcankizil.tr\/#organization\"},\"articleSection\":[\"G\u00fcndem\",\"Uncategorized\"],\"inLanguage\":\"de\",\"potentialAction\":[{\"@type\":\"CommentAction\",\"name\":\"Comment\",\"target\":[\"http:\/\/denizcankizil.tr\/de\/haberler\/gundem\/egitimlerle-balmumu-kadinlarin-elinde-hayat-buluyor\/#respond\"]}]},{\"@type\":\"WebPage\",\"@id\":\"http:\/\/denizcankizil.tr\/de\/haberler\/gundem\/egitimlerle-balmumu-kadinlarin-elinde-hayat-buluyor\/\",\"url\":\"http:\/\/denizcankizil.tr\/de\/haberler\/gundem\/egitimlerle-balmumu-kadinlarin-elinde-hayat-buluyor\/\",\"name\":\"E\u011fitimlerle Balmumu Kad\u0131nlar\u0131n Elinde Hayat Buluyor - Av. Deniz Can K\u0131z\u0131l\",\"isPartOf\":{\"@id\":\"https:\/\/denizcankizil.tr\/#website\"},\"datePublished\":\"2025-01-04T04:41:27+00:00\",\"breadcrumb\":{\"@id\":\"http:\/\/denizcankizil.tr\/de\/haberler\/gundem\/egitimlerle-balmumu-kadinlarin-elinde-hayat-buluyor\/#breadcrumb\"},\"inLanguage\":\"de\",\"potentialAction\":[{\"@type\":\"ReadAction\",\"target\":[\"http:\/\/denizcankizil.tr\/de\/haberler\/gundem\/egitimlerle-balmumu-kadinlarin-elinde-hayat-buluyor\/\"]}]},{\"@type\":\"BreadcrumbList\",\"@id\":\"http:\/\/denizcankizil.tr\/de\/haberler\/gundem\/egitimlerle-balmumu-kadinlarin-elinde-hayat-buluyor\/#breadcrumb\",\"itemListElement\":[{\"@type\":\"ListItem\",\"position\":1,\"name\":\"Home\",\"item\":\"https:\/\/denizcankizil.tr\/uk\/\"},{\"@type\":\"ListItem\",\"position\":2,\"name\":\"E\u011fitimlerle Balmumu Kad\u0131nlar\u0131n Elinde Hayat Buluyor\"}]},{\"@type\":\"WebSite\",\"@id\":\"https:\/\/denizcankizil.tr\/#website\",\"url\":\"https:\/\/denizcankizil.tr\/\",\"name\":\"Av. Deniz Can K\u0131z\u0131l\",\"description\":\"Avukat Deniz Can K\u0131z\u0131l Antalya Barosu\",\"publisher\":{\"@id\":\"https:\/\/denizcankizil.tr\/#organization\"},\"potentialAction\":[{\"@type\":\"SearchAction\",\"target\":{\"@type\":\"EntryPoint\",\"urlTemplate\":\"https:\/\/denizcankizil.tr\/?s={search_term_string}\"},\"query-input\":{\"@type\":\"PropertyValueSpecification\",\"valueRequired\":true,\"valueName\":\"search_term_string\"}}],\"inLanguage\":\"de\"},{\"@type\":\"Organization\",\"@id\":\"https:\/\/denizcankizil.tr\/#organization\",\"name\":\"Av. Deniz Can K\u0131z\u0131l\",\"url\":\"https:\/\/denizcankizil.tr\/\",\"logo\":{\"@type\":\"ImageObject\",\"inLanguage\":\"de\",\"@id\":\"https:\/\/denizcankizil.tr\/#\/schema\/logo\/image\/\",\"url\":\"http:\/\/denizcankizil.tr\/wp-content\/uploads\/2024\/10\/siyah-logo-svg.svg\",\"contentUrl\":\"http:\/\/denizcankizil.tr\/wp-content\/uploads\/2024\/10\/siyah-logo-svg.svg\",\"width\":1080,\"height\":1080,\"caption\":\"Av. Deniz Can K\u0131z\u0131l\"},\"image\":{\"@id\":\"https:\/\/denizcankizil.tr\/#\/schema\/logo\/image\/\"}}]}<\/script>\n<!-- \/ Yoast SEO Premium plugin. -->","yoast_head_json":{"title":"E\u011fitimlerle Balmumu Kad\u0131nlar\u0131n Elinde Hayat Buluyor - Av. Deniz Can K\u0131z\u0131l","robots":{"index":"index","follow":"follow","max-snippet":"max-snippet:-1","max-image-preview":"max-image-preview:large","max-video-preview":"max-video-preview:-1"},"canonical":"http:\/\/denizcankizil.tr\/de\/haberler\/gundem\/egitimlerle-balmumu-kadinlarin-elinde-hayat-buluyor\/","og_locale":"de_DE","og_type":"article","og_title":"E\u011fitimlerle Balmumu Kad\u0131nlar\u0131n Elinde Hayat Buluyor","og_description":"Mu\u011fla B\u00fcy\u00fck\u015fehir Belediyesi k\u0131rsalda bal mumu e\u011fitimleri ile kad\u0131nlar\u0131n \u00fcretime kat\u0131lmalar\u0131n\u0131 ve sosyalle\u015fmesini sa\u011fl\u0131yor. \u200bMu\u011fla B\u00fcy\u00fck\u015fehir Belediyesi k\u0131rsalda bal mumu e\u011fitimleri ile kad\u0131nlar\u0131n \u00fcretime kat\u0131lmalar\u0131n\u0131 ve sosyalle\u015fmesini sa\u011fl\u0131yor.\u00a0 \u200bHaberin Al\u0131nt\u0131land\u0131\u011f\u0131 Kaynak: www.iskenderun.org","og_url":"http:\/\/denizcankizil.tr\/de\/haberler\/gundem\/egitimlerle-balmumu-kadinlarin-elinde-hayat-buluyor\/","og_site_name":"Av. Deniz Can K\u0131z\u0131l","article_published_time":"2025-01-04T04:41:27+00:00","twitter_card":"summary_large_image","schema":{"@context":"https:\/\/schema.org","@graph":[{"@type":"Article","@id":"http:\/\/denizcankizil.tr\/de\/haberler\/gundem\/egitimlerle-balmumu-kadinlarin-elinde-hayat-buluyor\/#article","isPartOf":{"@id":"http:\/\/denizcankizil.tr\/de\/haberler\/gundem\/egitimlerle-balmumu-kadinlarin-elinde-hayat-buluyor\/"},"author":{"name":"","@id":""},"headline":"E\u011fitimlerle Balmumu Kad\u0131nlar\u0131n Elinde Hayat Buluyor","datePublished":"2025-01-04T04:41:27+00:00","mainEntityOfPage":{"@id":"http:\/\/denizcankizil.tr\/de\/haberler\/gundem\/egitimlerle-balmumu-kadinlarin-elinde-hayat-buluyor\/"},"wordCount":71,"commentCount":0,"publisher":{"@id":"https:\/\/denizcankizil.tr\/#organization"},"articleSection":["G\u00fcndem","Uncategorized"],"inLanguage":"de","potentialAction":[{"@type":"CommentAction","name":"Comment","target":["http:\/\/denizcankizil.tr\/de\/haberler\/gundem\/egitimlerle-balmumu-kadinlarin-elinde-hayat-buluyor\/#respond"]}]},{"@type":"WebPage","@id":"http:\/\/denizcankizil.tr\/de\/haberler\/gundem\/egitimlerle-balmumu-kadinlarin-elinde-hayat-buluyor\/","url":"http:\/\/denizcankizil.tr\/de\/haberler\/gundem\/egitimlerle-balmumu-kadinlarin-elinde-hayat-buluyor\/","name":"E\u011fitimlerle Balmumu Kad\u0131nlar\u0131n Elinde Hayat Buluyor - Av. Deniz Can K\u0131z\u0131l","isPartOf":{"@id":"https:\/\/denizcankizil.tr\/#website"},"datePublished":"2025-01-04T04:41:27+00:00","breadcrumb":{"@id":"http:\/\/denizcankizil.tr\/de\/haberler\/gundem\/egitimlerle-balmumu-kadinlarin-elinde-hayat-buluyor\/#breadcrumb"},"inLanguage":"de","potentialAction":[{"@type":"ReadAction","target":["http:\/\/denizcankizil.tr\/de\/haberler\/gundem\/egitimlerle-balmumu-kadinlarin-elinde-hayat-buluyor\/"]}]},{"@type":"BreadcrumbList","@id":"http:\/\/denizcankizil.tr\/de\/haberler\/gundem\/egitimlerle-balmumu-kadinlarin-elinde-hayat-buluyor\/#breadcrumb","itemListElement":[{"@type":"ListItem","position":1,"name":"Home","item":"https:\/\/denizcankizil.tr\/uk\/"},{"@type":"ListItem","position":2,"name":"E\u011fitimlerle Balmumu Kad\u0131nlar\u0131n Elinde Hayat Buluyor"}]},{"@type":"WebSite","@id":"https:\/\/denizcankizil.tr\/#website","url":"https:\/\/denizcankizil.tr\/","name":"Av. Deniz Can K\u0131z\u0131l","description":"Avukat Deniz Can K\u0131z\u0131l Antalya Barosu","publisher":{"@id":"https:\/\/denizcankizil.tr\/#organization"},"potentialAction":[{"@type":"SearchAction","target":{"@type":"EntryPoint","urlTemplate":"https:\/\/denizcankizil.tr\/?s={search_term_string}"},"query-input":{"@type":"PropertyValueSpecification","valueRequired":true,"valueName":"search_term_string"}}],"inLanguage":"de"},{"@type":"Organization","@id":"https:\/\/denizcankizil.tr\/#organization","name":"Av. Deniz Can K\u0131z\u0131l","url":"https:\/\/denizcankizil.tr\/","logo":{"@type":"ImageObject","inLanguage":"de","@id":"https:\/\/denizcankizil.tr\/#\/schema\/logo\/image\/","url":"http:\/\/denizcankizil.tr\/wp-content\/uploads\/2024\/10\/siyah-logo-svg.svg","contentUrl":"http:\/\/denizcankizil.tr\/wp-content\/uploads\/2024\/10\/siyah-logo-svg.svg","width":1080,"height":1080,"caption":"Av. Deniz Can K\u0131z\u0131l"},"image":{"@id":"https:\/\/denizcankizil.tr\/#\/schema\/logo\/image\/"}}]}},"_links":{"self":[{"href":"http:\/\/denizcankizil.tr\/de\/wp-json\/wp\/v2\/posts\/23761","targetHints":{"allow":["GET"]}}],"collection":[{"href":"http:\/\/denizcankizil.tr\/de\/wp-json\/wp\/v2\/posts"}],"about":[{"href":"http:\/\/denizcankizil.tr\/de\/wp-json\/wp\/v2\/types\/post"}],"replies":[{"embeddable":true,"href":"http:\/\/denizcankizil.tr\/de\/wp-json\/wp\/v2\/comments?post=23761"}],"version-history":[{"count":0,"href":"http:\/\/denizcankizil.tr\/de\/wp-json\/wp\/v2\/posts\/23761\/revisions"}],"wp:attachment":[{"href":"http:\/\/denizcankizil.tr\/de\/wp-json\/wp\/v2\/media?parent=23761"}],"wp:term":[{"taxonomy":"category","embeddable":true,"href":"http:\/\/denizcankizil.tr\/de\/wp-json\/wp\/v2\/categories?post=23761"},{"taxonomy":"post_tag","embeddable":true,"href":"http:\/\/denizcankizil.tr\/de\/wp-json\/wp\/v2\/tags?post=23761"}],"curies":[{"name":"wp","href":"https:\/\/api.w.org\/{rel}","templated":true}]}}