{"id":22854,"date":"2024-12-29T17:41:20","date_gmt":"2024-12-29T14:41:20","guid":{"rendered":"https:\/\/denizcankizil.tr\/uncategorized-tr\/antalyalilar-bu-geceye-dikkat-kuvvetli-yagis-geliyor\/"},"modified":"2024-12-29T17:41:20","modified_gmt":"2024-12-29T14:41:20","slug":"antalyalilar-bu-geceye-dikkat-kuvvetli-yagis-geliyor","status":"publish","type":"post","link":"http:\/\/denizcankizil.tr\/de\/haberler\/gundem\/antalyalilar-bu-geceye-dikkat-kuvvetli-yagis-geliyor\/","title":{"rendered":"Antalyal\u0131lar bu geceye dikkat! Kuvvetli ya\u011f\u0131\u015f geliyor"},"content":{"rendered":"<p>Antalya bu hafta ba\u015f\u0131ndan beri sa\u011fanak ya\u011f\u0131\u015f ve f\u0131rt\u0131nan\u0131n esiri oldu. 1 hafta boyunca s\u00fcren ya\u011f\u0131\u015flar nedeniyle yollar g\u00f6le d\u00f6nd\u00fc, ula\u015f\u0131mlarda aksamalar ya\u015fand\u0131. Meteoroloji 4. B\u00f6lge M\u00fcd\u00fcrl\u00fc\u011f\u00fc ise bug\u00fcn 29 Aral\u0131k\u2019\u0131 30 Aral\u0131k\u2019a ba\u015flayan gece saat 00.00 civar\u0131nda ba\u015flayacak olan ve sabah saat 06.00\u2019da bitecek olan sa\u011fanak ya\u011f\u0131\u015f i\u00e7in vatanda\u015flar\u0131 uyard\u0131. Sa\u011fanak ya\u011f\u0131\u015f\u0131n eksinini kaybetmesinin ard\u0131ndan Antalya\u2019da bu hafta havan\u0131n kapal\u0131 ve bulutlu olaca\u011f\u0131 tahmin ediliyor.\u00a0<\/p>\n<p>SA\u011eANAK YA\u011eI\u015e KENT\u0130 ES\u0130R ALDI\u00a0<\/p>\n<p>Turizmin ba\u015fkenti Antalya\u2019da hafta ba\u015f\u0131nda ba\u015flayan sa\u011fanak ya\u011f\u0131\u015f 1 hafta boyunca kentte etkisini s\u00fcrd\u00fcrd\u00fc. Sabah saatlerinde ba\u015flayan sa\u011fanak ya\u011f\u0131\u015f ise \u00f6\u011fle saatlerine do\u011fru yerini kapal\u0131 bir havaya b\u0131rakt\u0131. Meteoroloji\u2019nin verilerine g\u00f6re kentte bug\u00fcn hava s\u0131cakl\u0131\u011f\u0131 11 derece olarak \u00f6l\u00e7\u00fcl\u00fcrken, nem oran\u0131 ise y\u00fczde 82 seviyelerinde seyretti. Deniz suyu s\u0131cakl\u0131\u011f\u0131 ise 18 derece olarak kayda ge\u00e7ti.<\/p>\n<p>METEOROLOJ\u0130 UYARI\u00a0<\/p>\n<p>Meteoroloji Genel M\u00fcd\u00fcrl\u00fc\u011f\u00fc ise yay\u0131nlad\u0131\u011f\u0131 duyuruda Antalya bug\u00fcn gece saatlerinde ba\u015flayacak sa\u011fanak ya\u011f\u0131\u015f i\u00e7in uyar\u0131da bulundu. 29 Aral\u0131k\u2019\u0131 30 Aral\u0131k\u2019a ba\u015flayan gece saat 00.00 civar\u0131nda ba\u015flayacak olan sa\u011fanak ya\u011f\u0131\u015f, sabah saat 06.00\u2019da etkisini kaybedecek . Yetkililer ise olu\u015fabilecek ani sel, su bask\u0131nlar\u0131, y\u0131ld\u0131r\u0131m gibi do\u011fal afetlere kar\u015f\u0131 vatanda\u015flara uyar\u0131larda bulundu.<\/p>\n<p>#Meteorolojik #Uyar\u0131<br \/>\n.<br \/>\n.#Antalya pic.twitter.com\/2VCQviEdzR<br \/>\n\u2014 ANTALYA B\u00dcY\u00dcK\u015eEH\u0130R (@ANTALYABB) December 29, 2024<\/p>\n<p>YA\u011eI\u015eLAR NE ZAMAN SONA ERECEK?<\/p>\n<p>Akdeniz\u2019in incisi Antalya\u2019da ya\u011f\u0131\u015flar, 31 Ocak Sal\u0131 g\u00fcn\u00fc sona erecek. Ya\u011f\u0131\u015fl\u0131 hava yerini kapal\u0131 bir havaya b\u0131rak\u0131rken s\u0131cakl\u0131klar ise 16 dereceye kadar y\u00fckselecek. Yer yer hafif ya\u011fmur ya\u011fmas\u0131 beklense de bu hafta sonuna kadar havan\u0131n kapal\u0131 ve bulutlu olaca\u011f\u0131 tahmin ediliyor.\u00a0<\/p>\n<p>\u00a0<\/p>\n<p>\u200bMeteoroloji 4.B\u00f6lge M\u00fcd\u00fcrl\u00fc\u011f\u00fc, bu gece Antalya\u2019da ba\u015flayacak sa\u011fanak ya\u011f\u0131\u015f i\u00e7in uyar\u0131larda bulundu. Sabah saatlerinde etkisini kaybedecek ya\u011f\u0131\u015f\u0131n ard\u0131ndan bu hafta havan\u0131n kapal\u0131 ve bulutlu olmas\u0131 bekleniyor\u00a0<\/p>\n<p>\u200bHaberin Al\u0131nt\u0131land\u0131\u011f\u0131 Kaynak: www.antalyakorfez.com<\/p>","protected":false},"excerpt":{"rendered":"<p>Antalya bu hafta ba\u015f\u0131ndan beri sa\u011fanak ya\u011f\u0131\u015f ve f\u0131rt\u0131nan\u0131n esiri oldu. 1 hafta boyunca s\u00fcren ya\u011f\u0131\u015flar nedeniyle yollar g\u00f6le d\u00f6nd\u00fc, ula\u015f\u0131mlarda aksamalar ya\u015fand\u0131. Meteoroloji 4. B\u00f6lge M\u00fcd\u00fcrl\u00fc\u011f\u00fc ise bug\u00fcn 29 Aral\u0131k\u2019\u0131 30 Aral\u0131k\u2019a ba\u015flayan gece saat 00.00 civar\u0131nda ba\u015flayacak olan ve sabah saat 06.00\u2019da bitecek olan sa\u011fanak ya\u011f\u0131\u015f i\u00e7in vatanda\u015flar\u0131 uyard\u0131. Sa\u011fanak ya\u011f\u0131\u015f\u0131n eksinini kaybetmesinin ard\u0131ndan Antalya\u2019da bu hafta havan\u0131n kapal\u0131 ve bulutlu olaca\u011f\u0131 tahmin ediliyor.\u00a0 SA\u011eANAK YA\u011eI\u015e KENT\u0130 ES\u0130R ALDI\u00a0 Turizmin ba\u015fkenti Antalya\u2019da hafta ba\u015f\u0131nda ba\u015flayan sa\u011fanak ya\u011f\u0131\u015f 1 hafta boyunca kentte etkisini s\u00fcrd\u00fcrd\u00fc. Sabah saatlerinde ba\u015flayan sa\u011fanak ya\u011f\u0131\u015f ise \u00f6\u011fle saatlerine do\u011fru yerini kapal\u0131 bir havaya b\u0131rakt\u0131. Meteoroloji\u2019nin verilerine g\u00f6re kentte bug\u00fcn hava s\u0131cakl\u0131\u011f\u0131 11 derece olarak \u00f6l\u00e7\u00fcl\u00fcrken, nem oran\u0131 ise y\u00fczde 82 seviyelerinde seyretti. Deniz suyu s\u0131cakl\u0131\u011f\u0131 ise 18 derece olarak kayda ge\u00e7ti. METEOROLOJ\u0130 UYARI\u00a0 Meteoroloji Genel M\u00fcd\u00fcrl\u00fc\u011f\u00fc ise yay\u0131nlad\u0131\u011f\u0131 duyuruda Antalya bug\u00fcn gece saatlerinde ba\u015flayacak sa\u011fanak ya\u011f\u0131\u015f i\u00e7in uyar\u0131da bulundu. 29 Aral\u0131k\u2019\u0131 30 Aral\u0131k\u2019a ba\u015flayan gece saat 00.00 civar\u0131nda ba\u015flayacak olan sa\u011fanak ya\u011f\u0131\u015f, sabah saat 06.00\u2019da etkisini kaybedecek . Yetkililer ise olu\u015fabilecek ani sel, su bask\u0131nlar\u0131, y\u0131ld\u0131r\u0131m gibi do\u011fal afetlere kar\u015f\u0131 vatanda\u015flara uyar\u0131larda bulundu. #Meteorolojik #Uyar\u0131 . .#Antalya pic.twitter.com\/2VCQviEdzR \u2014 ANTALYA B\u00dcY\u00dcK\u015eEH\u0130R (@ANTALYABB) December 29, 2024 YA\u011eI\u015eLAR NE ZAMAN SONA ERECEK? Akdeniz\u2019in incisi Antalya\u2019da ya\u011f\u0131\u015flar, 31 &hellip;<\/p>","protected":false},"author":0,"featured_media":0,"comment_status":"open","ping_status":"open","sticky":false,"template":"","format":"standard","meta":{"_acf_changed":false,"footnotes":""},"categories":[24,535],"tags":[],"class_list":["post-22854","post","type-post","status-publish","format-standard","has-post-thumbnail","hentry","category-gundem","category-uncategorized-tr"],"acf":[],"yoast_head":"<!-- This site is optimized with the Yoast SEO Premium plugin v26.6 (Yoast SEO v27.1.1) - https:\/\/yoast.com\/product\/yoast-seo-premium-wordpress\/ -->\n<title>Antalyal\u0131lar bu geceye dikkat! Kuvvetli ya\u011f\u0131\u015f geliyor - Av. Deniz Can K\u0131z\u0131l<\/title>\n<meta name=\"robots\" content=\"index, follow, max-snippet:-1, max-image-preview:large, max-video-preview:-1\" \/>\n<link rel=\"canonical\" href=\"http:\/\/denizcankizil.tr\/de\/haberler\/gundem\/antalyalilar-bu-geceye-dikkat-kuvvetli-yagis-geliyor\/\" \/>\n<meta property=\"og:locale\" content=\"de_DE\" \/>\n<meta property=\"og:type\" content=\"article\" \/>\n<meta property=\"og:title\" content=\"Antalyal\u0131lar bu geceye dikkat! Kuvvetli ya\u011f\u0131\u015f geliyor\" \/>\n<meta property=\"og:description\" content=\"Antalya bu hafta ba\u015f\u0131ndan beri sa\u011fanak ya\u011f\u0131\u015f ve f\u0131rt\u0131nan\u0131n esiri oldu. 1 hafta boyunca s\u00fcren ya\u011f\u0131\u015flar nedeniyle yollar g\u00f6le d\u00f6nd\u00fc, ula\u015f\u0131mlarda aksamalar ya\u015fand\u0131. Meteoroloji 4. B\u00f6lge M\u00fcd\u00fcrl\u00fc\u011f\u00fc ise bug\u00fcn 29 Aral\u0131k\u2019\u0131 30 Aral\u0131k\u2019a ba\u015flayan gece saat 00.00 civar\u0131nda ba\u015flayacak olan ve sabah saat 06.00\u2019da bitecek olan sa\u011fanak ya\u011f\u0131\u015f i\u00e7in vatanda\u015flar\u0131 uyard\u0131. Sa\u011fanak ya\u011f\u0131\u015f\u0131n eksinini kaybetmesinin ard\u0131ndan Antalya\u2019da bu hafta havan\u0131n kapal\u0131 ve bulutlu olaca\u011f\u0131 tahmin ediliyor.\u00a0 SA\u011eANAK YA\u011eI\u015e KENT\u0130 ES\u0130R ALDI\u00a0 Turizmin ba\u015fkenti Antalya\u2019da hafta ba\u015f\u0131nda ba\u015flayan sa\u011fanak ya\u011f\u0131\u015f 1 hafta boyunca kentte etkisini s\u00fcrd\u00fcrd\u00fc. Sabah saatlerinde ba\u015flayan sa\u011fanak ya\u011f\u0131\u015f ise \u00f6\u011fle saatlerine do\u011fru yerini kapal\u0131 bir havaya b\u0131rakt\u0131. Meteoroloji\u2019nin verilerine g\u00f6re kentte bug\u00fcn hava s\u0131cakl\u0131\u011f\u0131 11 derece olarak \u00f6l\u00e7\u00fcl\u00fcrken, nem oran\u0131 ise y\u00fczde 82 seviyelerinde seyretti. Deniz suyu s\u0131cakl\u0131\u011f\u0131 ise 18 derece olarak kayda ge\u00e7ti. METEOROLOJ\u0130 UYARI\u00a0 Meteoroloji Genel M\u00fcd\u00fcrl\u00fc\u011f\u00fc ise yay\u0131nlad\u0131\u011f\u0131 duyuruda Antalya bug\u00fcn gece saatlerinde ba\u015flayacak sa\u011fanak ya\u011f\u0131\u015f i\u00e7in uyar\u0131da bulundu. 29 Aral\u0131k\u2019\u0131 30 Aral\u0131k\u2019a ba\u015flayan gece saat 00.00 civar\u0131nda ba\u015flayacak olan sa\u011fanak ya\u011f\u0131\u015f, sabah saat 06.00\u2019da etkisini kaybedecek . Yetkililer ise olu\u015fabilecek ani sel, su bask\u0131nlar\u0131, y\u0131ld\u0131r\u0131m gibi do\u011fal afetlere kar\u015f\u0131 vatanda\u015flara uyar\u0131larda bulundu. #Meteorolojik #Uyar\u0131 . .#Antalya pic.twitter.com\/2VCQviEdzR \u2014 ANTALYA B\u00dcY\u00dcK\u015eEH\u0130R (@ANTALYABB) December 29, 2024 YA\u011eI\u015eLAR NE ZAMAN SONA ERECEK? Akdeniz\u2019in incisi Antalya\u2019da ya\u011f\u0131\u015flar, 31 &hellip;\" \/>\n<meta property=\"og:url\" content=\"http:\/\/denizcankizil.tr\/de\/haberler\/gundem\/antalyalilar-bu-geceye-dikkat-kuvvetli-yagis-geliyor\/\" \/>\n<meta property=\"og:site_name\" content=\"Av. Deniz Can K\u0131z\u0131l\" \/>\n<meta property=\"article:published_time\" content=\"2024-12-29T14:41:20+00:00\" \/>\n<meta name=\"twitter:card\" content=\"summary_large_image\" \/>\n<meta name=\"twitter:label1\" content=\"Gesch\u00e4tzte Lesezeit\" \/>\n\t<meta name=\"twitter:data1\" content=\"2\u00a0Minuten\" \/>\n<script type=\"application\/ld+json\" class=\"yoast-schema-graph\">{\"@context\":\"https:\/\/schema.org\",\"@graph\":[{\"@type\":\"Article\",\"@id\":\"http:\/\/denizcankizil.tr\/de\/haberler\/gundem\/antalyalilar-bu-geceye-dikkat-kuvvetli-yagis-geliyor\/#article\",\"isPartOf\":{\"@id\":\"http:\/\/denizcankizil.tr\/de\/haberler\/gundem\/antalyalilar-bu-geceye-dikkat-kuvvetli-yagis-geliyor\/\"},\"author\":{\"name\":\"\",\"@id\":\"\"},\"headline\":\"Antalyal\u0131lar bu geceye dikkat! Kuvvetli ya\u011f\u0131\u015f geliyor\",\"datePublished\":\"2024-12-29T14:41:20+00:00\",\"mainEntityOfPage\":{\"@id\":\"http:\/\/denizcankizil.tr\/de\/haberler\/gundem\/antalyalilar-bu-geceye-dikkat-kuvvetli-yagis-geliyor\/\"},\"wordCount\":367,\"commentCount\":0,\"publisher\":{\"@id\":\"https:\/\/denizcankizil.tr\/de\/#organization\"},\"articleSection\":[\"G\u00fcndem\",\"Uncategorized\"],\"inLanguage\":\"de\",\"potentialAction\":[{\"@type\":\"CommentAction\",\"name\":\"Comment\",\"target\":[\"http:\/\/denizcankizil.tr\/de\/haberler\/gundem\/antalyalilar-bu-geceye-dikkat-kuvvetli-yagis-geliyor\/#respond\"]}]},{\"@type\":\"WebPage\",\"@id\":\"http:\/\/denizcankizil.tr\/de\/haberler\/gundem\/antalyalilar-bu-geceye-dikkat-kuvvetli-yagis-geliyor\/\",\"url\":\"http:\/\/denizcankizil.tr\/de\/haberler\/gundem\/antalyalilar-bu-geceye-dikkat-kuvvetli-yagis-geliyor\/\",\"name\":\"Antalyal\u0131lar bu geceye dikkat! Kuvvetli ya\u011f\u0131\u015f geliyor - Av. Deniz Can K\u0131z\u0131l\",\"isPartOf\":{\"@id\":\"https:\/\/denizcankizil.tr\/de\/#website\"},\"datePublished\":\"2024-12-29T14:41:20+00:00\",\"breadcrumb\":{\"@id\":\"http:\/\/denizcankizil.tr\/de\/haberler\/gundem\/antalyalilar-bu-geceye-dikkat-kuvvetli-yagis-geliyor\/#breadcrumb\"},\"inLanguage\":\"de\",\"potentialAction\":[{\"@type\":\"ReadAction\",\"target\":[\"http:\/\/denizcankizil.tr\/de\/haberler\/gundem\/antalyalilar-bu-geceye-dikkat-kuvvetli-yagis-geliyor\/\"]}]},{\"@type\":\"BreadcrumbList\",\"@id\":\"http:\/\/denizcankizil.tr\/de\/haberler\/gundem\/antalyalilar-bu-geceye-dikkat-kuvvetli-yagis-geliyor\/#breadcrumb\",\"itemListElement\":[{\"@type\":\"ListItem\",\"position\":1,\"name\":\"Home\",\"item\":\"https:\/\/denizcankizil.tr\/de\/\"},{\"@type\":\"ListItem\",\"position\":2,\"name\":\"Antalyal\u0131lar bu geceye dikkat! Kuvvetli ya\u011f\u0131\u015f geliyor\"}]},{\"@type\":\"WebSite\",\"@id\":\"https:\/\/denizcankizil.tr\/de\/#website\",\"url\":\"https:\/\/denizcankizil.tr\/de\/\",\"name\":\"Av. Deniz Can K\u0131z\u0131l\",\"description\":\"Avukat Deniz Can K\u0131z\u0131l Antalya Barosu\",\"publisher\":{\"@id\":\"https:\/\/denizcankizil.tr\/de\/#organization\"},\"potentialAction\":[{\"@type\":\"SearchAction\",\"target\":{\"@type\":\"EntryPoint\",\"urlTemplate\":\"https:\/\/denizcankizil.tr\/de\/?s={search_term_string}\"},\"query-input\":{\"@type\":\"PropertyValueSpecification\",\"valueRequired\":true,\"valueName\":\"search_term_string\"}}],\"inLanguage\":\"de\"},{\"@type\":\"Organization\",\"@id\":\"https:\/\/denizcankizil.tr\/de\/#organization\",\"name\":\"Av. Deniz Can K\u0131z\u0131l\",\"url\":\"https:\/\/denizcankizil.tr\/de\/\",\"logo\":{\"@type\":\"ImageObject\",\"inLanguage\":\"de\",\"@id\":\"https:\/\/denizcankizil.tr\/de\/#\/schema\/logo\/image\/\",\"url\":\"http:\/\/denizcankizil.tr\/wp-content\/uploads\/2024\/10\/siyah-logo-svg.svg\",\"contentUrl\":\"http:\/\/denizcankizil.tr\/wp-content\/uploads\/2024\/10\/siyah-logo-svg.svg\",\"width\":1080,\"height\":1080,\"caption\":\"Av. Deniz Can K\u0131z\u0131l\"},\"image\":{\"@id\":\"https:\/\/denizcankizil.tr\/de\/#\/schema\/logo\/image\/\"}}]}<\/script>\n<!-- \/ Yoast SEO Premium plugin. -->","yoast_head_json":{"title":"Antalyal\u0131lar bu geceye dikkat! Kuvvetli ya\u011f\u0131\u015f geliyor - Av. Deniz Can K\u0131z\u0131l","robots":{"index":"index","follow":"follow","max-snippet":"max-snippet:-1","max-image-preview":"max-image-preview:large","max-video-preview":"max-video-preview:-1"},"canonical":"http:\/\/denizcankizil.tr\/de\/haberler\/gundem\/antalyalilar-bu-geceye-dikkat-kuvvetli-yagis-geliyor\/","og_locale":"de_DE","og_type":"article","og_title":"Antalyal\u0131lar bu geceye dikkat! Kuvvetli ya\u011f\u0131\u015f geliyor","og_description":"Antalya bu hafta ba\u015f\u0131ndan beri sa\u011fanak ya\u011f\u0131\u015f ve f\u0131rt\u0131nan\u0131n esiri oldu. 1 hafta boyunca s\u00fcren ya\u011f\u0131\u015flar nedeniyle yollar g\u00f6le d\u00f6nd\u00fc, ula\u015f\u0131mlarda aksamalar ya\u015fand\u0131. Meteoroloji 4. B\u00f6lge M\u00fcd\u00fcrl\u00fc\u011f\u00fc ise bug\u00fcn 29 Aral\u0131k\u2019\u0131 30 Aral\u0131k\u2019a ba\u015flayan gece saat 00.00 civar\u0131nda ba\u015flayacak olan ve sabah saat 06.00\u2019da bitecek olan sa\u011fanak ya\u011f\u0131\u015f i\u00e7in vatanda\u015flar\u0131 uyard\u0131. Sa\u011fanak ya\u011f\u0131\u015f\u0131n eksinini kaybetmesinin ard\u0131ndan Antalya\u2019da bu hafta havan\u0131n kapal\u0131 ve bulutlu olaca\u011f\u0131 tahmin ediliyor.\u00a0 SA\u011eANAK YA\u011eI\u015e KENT\u0130 ES\u0130R ALDI\u00a0 Turizmin ba\u015fkenti Antalya\u2019da hafta ba\u015f\u0131nda ba\u015flayan sa\u011fanak ya\u011f\u0131\u015f 1 hafta boyunca kentte etkisini s\u00fcrd\u00fcrd\u00fc. Sabah saatlerinde ba\u015flayan sa\u011fanak ya\u011f\u0131\u015f ise \u00f6\u011fle saatlerine do\u011fru yerini kapal\u0131 bir havaya b\u0131rakt\u0131. Meteoroloji\u2019nin verilerine g\u00f6re kentte bug\u00fcn hava s\u0131cakl\u0131\u011f\u0131 11 derece olarak \u00f6l\u00e7\u00fcl\u00fcrken, nem oran\u0131 ise y\u00fczde 82 seviyelerinde seyretti. Deniz suyu s\u0131cakl\u0131\u011f\u0131 ise 18 derece olarak kayda ge\u00e7ti. METEOROLOJ\u0130 UYARI\u00a0 Meteoroloji Genel M\u00fcd\u00fcrl\u00fc\u011f\u00fc ise yay\u0131nlad\u0131\u011f\u0131 duyuruda Antalya bug\u00fcn gece saatlerinde ba\u015flayacak sa\u011fanak ya\u011f\u0131\u015f i\u00e7in uyar\u0131da bulundu. 29 Aral\u0131k\u2019\u0131 30 Aral\u0131k\u2019a ba\u015flayan gece saat 00.00 civar\u0131nda ba\u015flayacak olan sa\u011fanak ya\u011f\u0131\u015f, sabah saat 06.00\u2019da etkisini kaybedecek . Yetkililer ise olu\u015fabilecek ani sel, su bask\u0131nlar\u0131, y\u0131ld\u0131r\u0131m gibi do\u011fal afetlere kar\u015f\u0131 vatanda\u015flara uyar\u0131larda bulundu. #Meteorolojik #Uyar\u0131 . .#Antalya pic.twitter.com\/2VCQviEdzR \u2014 ANTALYA B\u00dcY\u00dcK\u015eEH\u0130R (@ANTALYABB) December 29, 2024 YA\u011eI\u015eLAR NE ZAMAN SONA ERECEK? Akdeniz\u2019in incisi Antalya\u2019da ya\u011f\u0131\u015flar, 31 &hellip;","og_url":"http:\/\/denizcankizil.tr\/de\/haberler\/gundem\/antalyalilar-bu-geceye-dikkat-kuvvetli-yagis-geliyor\/","og_site_name":"Av. Deniz Can K\u0131z\u0131l","article_published_time":"2024-12-29T14:41:20+00:00","twitter_card":"summary_large_image","twitter_misc":{"Gesch\u00e4tzte Lesezeit":"2\u00a0Minuten"},"schema":{"@context":"https:\/\/schema.org","@graph":[{"@type":"Article","@id":"http:\/\/denizcankizil.tr\/de\/haberler\/gundem\/antalyalilar-bu-geceye-dikkat-kuvvetli-yagis-geliyor\/#article","isPartOf":{"@id":"http:\/\/denizcankizil.tr\/de\/haberler\/gundem\/antalyalilar-bu-geceye-dikkat-kuvvetli-yagis-geliyor\/"},"author":{"name":"","@id":""},"headline":"Antalyal\u0131lar bu geceye dikkat! Kuvvetli ya\u011f\u0131\u015f geliyor","datePublished":"2024-12-29T14:41:20+00:00","mainEntityOfPage":{"@id":"http:\/\/denizcankizil.tr\/de\/haberler\/gundem\/antalyalilar-bu-geceye-dikkat-kuvvetli-yagis-geliyor\/"},"wordCount":367,"commentCount":0,"publisher":{"@id":"https:\/\/denizcankizil.tr\/de\/#organization"},"articleSection":["G\u00fcndem","Uncategorized"],"inLanguage":"de","potentialAction":[{"@type":"CommentAction","name":"Comment","target":["http:\/\/denizcankizil.tr\/de\/haberler\/gundem\/antalyalilar-bu-geceye-dikkat-kuvvetli-yagis-geliyor\/#respond"]}]},{"@type":"WebPage","@id":"http:\/\/denizcankizil.tr\/de\/haberler\/gundem\/antalyalilar-bu-geceye-dikkat-kuvvetli-yagis-geliyor\/","url":"http:\/\/denizcankizil.tr\/de\/haberler\/gundem\/antalyalilar-bu-geceye-dikkat-kuvvetli-yagis-geliyor\/","name":"Antalyal\u0131lar bu geceye dikkat! Kuvvetli ya\u011f\u0131\u015f geliyor - Av. Deniz Can K\u0131z\u0131l","isPartOf":{"@id":"https:\/\/denizcankizil.tr\/de\/#website"},"datePublished":"2024-12-29T14:41:20+00:00","breadcrumb":{"@id":"http:\/\/denizcankizil.tr\/de\/haberler\/gundem\/antalyalilar-bu-geceye-dikkat-kuvvetli-yagis-geliyor\/#breadcrumb"},"inLanguage":"de","potentialAction":[{"@type":"ReadAction","target":["http:\/\/denizcankizil.tr\/de\/haberler\/gundem\/antalyalilar-bu-geceye-dikkat-kuvvetli-yagis-geliyor\/"]}]},{"@type":"BreadcrumbList","@id":"http:\/\/denizcankizil.tr\/de\/haberler\/gundem\/antalyalilar-bu-geceye-dikkat-kuvvetli-yagis-geliyor\/#breadcrumb","itemListElement":[{"@type":"ListItem","position":1,"name":"Home","item":"https:\/\/denizcankizil.tr\/de\/"},{"@type":"ListItem","position":2,"name":"Antalyal\u0131lar bu geceye dikkat! Kuvvetli ya\u011f\u0131\u015f geliyor"}]},{"@type":"WebSite","@id":"https:\/\/denizcankizil.tr\/de\/#website","url":"https:\/\/denizcankizil.tr\/de\/","name":"Av. Deniz Can K\u0131z\u0131l","description":"Avukat Deniz Can K\u0131z\u0131l Antalya Barosu","publisher":{"@id":"https:\/\/denizcankizil.tr\/de\/#organization"},"potentialAction":[{"@type":"SearchAction","target":{"@type":"EntryPoint","urlTemplate":"https:\/\/denizcankizil.tr\/de\/?s={search_term_string}"},"query-input":{"@type":"PropertyValueSpecification","valueRequired":true,"valueName":"search_term_string"}}],"inLanguage":"de"},{"@type":"Organization","@id":"https:\/\/denizcankizil.tr\/de\/#organization","name":"Av. Deniz Can K\u0131z\u0131l","url":"https:\/\/denizcankizil.tr\/de\/","logo":{"@type":"ImageObject","inLanguage":"de","@id":"https:\/\/denizcankizil.tr\/de\/#\/schema\/logo\/image\/","url":"http:\/\/denizcankizil.tr\/wp-content\/uploads\/2024\/10\/siyah-logo-svg.svg","contentUrl":"http:\/\/denizcankizil.tr\/wp-content\/uploads\/2024\/10\/siyah-logo-svg.svg","width":1080,"height":1080,"caption":"Av. Deniz Can K\u0131z\u0131l"},"image":{"@id":"https:\/\/denizcankizil.tr\/de\/#\/schema\/logo\/image\/"}}]}},"_links":{"self":[{"href":"http:\/\/denizcankizil.tr\/de\/wp-json\/wp\/v2\/posts\/22854","targetHints":{"allow":["GET"]}}],"collection":[{"href":"http:\/\/denizcankizil.tr\/de\/wp-json\/wp\/v2\/posts"}],"about":[{"href":"http:\/\/denizcankizil.tr\/de\/wp-json\/wp\/v2\/types\/post"}],"replies":[{"embeddable":true,"href":"http:\/\/denizcankizil.tr\/de\/wp-json\/wp\/v2\/comments?post=22854"}],"version-history":[{"count":0,"href":"http:\/\/denizcankizil.tr\/de\/wp-json\/wp\/v2\/posts\/22854\/revisions"}],"wp:attachment":[{"href":"http:\/\/denizcankizil.tr\/de\/wp-json\/wp\/v2\/media?parent=22854"}],"wp:term":[{"taxonomy":"category","embeddable":true,"href":"http:\/\/denizcankizil.tr\/de\/wp-json\/wp\/v2\/categories?post=22854"},{"taxonomy":"post_tag","embeddable":true,"href":"http:\/\/denizcankizil.tr\/de\/wp-json\/wp\/v2\/tags?post=22854"}],"curies":[{"name":"wp","href":"https:\/\/api.w.org\/{rel}","templated":true}]}}