{"id":2259,"date":"2024-10-13T19:09:24","date_gmt":"2024-10-13T16:09:24","guid":{"rendered":"https:\/\/denizcankizil.tr\/uncategorized\/behlul-dal-sinema-muzesi-yenilendi\/"},"modified":"2024-10-13T19:09:24","modified_gmt":"2024-10-13T16:09:24","slug":"behlul-dal-sinema-muzesi-yenilendi","status":"publish","type":"post","link":"http:\/\/denizcankizil.tr\/de\/haberler\/gundem\/behlul-dal-sinema-muzesi-yenilendi\/","title":{"rendered":"Behl\u00fcl Dal Sinema M\u00fczesi yenilendi"},"content":{"rendered":"<p>Antalya B\u00fcy\u00fck\u015fehir Belediyesi, Behl\u00fcl Dal Sinema M\u00fczesi\u2019ni yenileyerek tekrar \u015fehre kazand\u0131rd\u0131. Antalya&#8217;n\u0131n sinema tarihine ve k\u00fclt\u00fcr\u00fcne \u0131\u015f\u0131k tutan m\u00fcze, Ba\u015fkan Muhittin B\u00f6cek\u2019in \u00f6nc\u00fcl\u00fc\u011f\u00fcnde ba\u015flat\u0131lan yenileme \u00e7al\u0131\u015fmalar\u0131 sonras\u0131 kap\u0131lar\u0131n\u0131 ziyaret\u00e7ilere a\u00e7t\u0131.ANTALYA (\u0130GFA) &#8211;\u00a02013 y\u0131l\u0131nda sinema m\u00fczesi olarak a\u00e7\u0131lan, ancak \u00f6nceki y\u00f6netim taraf\u0131ndan kapat\u0131lan Alt\u0131n Portakal Film Festivali\u2019nin kurucular\u0131ndan \u00fcnl\u00fc y\u00f6netmen Behl\u00fcl Dal\u2019\u0131n ad\u0131n\u0131 ta\u015f\u0131yan Sinema M\u00fczesi, Ba\u015fkan B\u00f6cek\u2019in giri\u015fimleriyle yeniden hayata ge\u00e7ti. Ha\u015fim \u0130\u015fcan Mahallesi\u2019nde yer alan ve 125 y\u0131ll\u0131k tarihi binada faaliyet g\u00f6steren m\u00fczede tadilat ve yenileme \u00e7al\u0131\u015fmalar\u0131 tamamland\u0131. Behl\u00fcl Dal Sinema M\u00fczesi, b\u00fcnyesinde bar\u0131nd\u0131rd\u0131\u011f\u0131 de\u011ferli eserler ve \u00e7a\u011fda\u015f dijital altyap\u0131s\u0131yla Antalya&#8217;n\u0131n k\u00fclt\u00fcrel miras\u0131n\u0131n \u00f6nemli bir par\u00e7as\u0131 olacak.<br \/>\nUSTA Y\u00d6NETMEN\u0130N UNUTULMAZ ESERLER\u0130<br \/>\nAntalya B\u00fcy\u00fck\u015fehir Belediyesi Kent Tarihi ve Tan\u0131t\u0131m\u0131 Daire Ba\u015fkan\u0131 \u0130smail Oskay, m\u00fczeyi daha modern bir sinema m\u00fczesi konseptiyle hizmete a\u00e7t\u0131klar\u0131n\u0131 belirterek, \u201cBehl\u00fcl Dal\u2019\u0131n an\u0131s\u0131n\u0131 ya\u015fatacak olan bu m\u00fczeyi, daha zengin ve modern bir i\u00e7erikle yeniden kazand\u0131rd\u0131k. Kapat\u0131lan m\u00fczeyi, Ba\u015fkan B\u00f6cek\u2019in talimat\u0131 ile s\u0131f\u0131rdan yeniledik. Ziyaret\u00e7iler, sinema tarihine dair \u00f6nemli eserlerle dolu bir m\u00fczeyle kar\u015f\u0131la\u015facak. M\u00fczedeki kiosk cihazlar arac\u0131l\u0131\u011f\u0131yla ziyaret\u00e7ilere Alt\u0131n Portakal Film Festivali\u2019nin tarihine dair bilgi sunulacak. Ayr\u0131ca, Alt\u0131n Portakal\u2019da \u00f6d\u00fcl alm\u0131\u015f sanat\u00e7\u0131lar\u0131n ger\u00e7e\u011fe yak\u0131n silikon heykelleri, film afi\u015fleri ve festivalin ikonik g\u00f6rselleri yer alacak\u201d diye konu\u015ftu.<br \/>\nSANAL GER\u00c7EKL\u0130K ODASI<br \/>\nYak\u0131nda resmi a\u00e7\u0131l\u0131\u015f\u0131 yap\u0131lacak m\u00fczenin yenilenen i\u00e7eri\u011finde, Behl\u00fcl Dal\u2019\u0131n ki\u015fisel koleksiyonundan eserler ve ekipmanlar, Uluslararas\u0131 Alt\u0131n Portakal Film Festivali\u2019ne ait \u00f6zel par\u00e7alar bulunuyor. M\u00fczenin en ilgi \u00e7ekici b\u00f6l\u00fcmlerinden biri de sanal ger\u00e7eklik (VR) odas\u0131nda ziyaret\u00e7iler teknolojinin yard\u0131m\u0131yla tarihi Uluslararas\u0131 Alt\u0131n Portakal Film Festivali\u2019nin an\u0131lar\u0131n\u0131 ya\u015fayacak. M\u00fczenin bir ba\u015fka yenili\u011fi ise, 1964 y\u0131l\u0131nda d\u00fczenlenen ilk Alt\u0131n Portakal Film Festivali\u2019nde En \u0130yi Film \u00f6d\u00fcl\u00fcn\u00fc kazanan \u2018Gurbet Ku\u015flar\u0131\u2019 filmine adanm\u0131\u015f \u00f6zel bir sergi odas\u0131. Ayr\u0131ca, m\u00fczenin tescilli binas\u0131nda fiziksel de\u011fi\u015fiklik yap\u0131lamamas\u0131 nedeniyle, \u00fcst katlara eri\u015fim sa\u011flayamayan engelli ziyaret\u00e7iler VR teknolojisi ile m\u00fczeyi gezilebilecek. Ziyaret\u00e7ilere sinema d\u00fcnyas\u0131n\u0131n b\u00fcy\u00fcleyici atmosferini ya\u015fatacak ye\u015fil perde teknolojisi ile \u00f6d\u00fcll\u00fc filmlerde kendilerini konuk oyuncu olarak g\u00f6rebilecekleri etkile\u015fimli bir deneyim de sunulacak. Antalya\u2019n\u0131n sinema belle\u011fi, modern teknoloji ve tarihi birikimin harmanland\u0131\u011f\u0131 bu m\u00fcze ile yeniden canlanacak.<\/p>\n<p>\u200bAntalya B\u00fcy\u00fck\u015fehir Belediyesi, Behl\u00fcl Dal Sinema M\u00fczesi\u2019ni yenileyerek tekrar \u015fehre kazand\u0131rd\u0131  Antalya&#8217;n\u0131n sinema tarihine ve k\u00fclt\u00fcr\u00fcne \u0131\u015f\u0131k tutan m\u00fcze, Ba\u015fkan Muhittin B\u00f6cek\u2019in \u00f6nc\u00fcl\u00fc\u011f\u00fcnde ba\u015flat\u0131lan yenileme \u00e7al\u0131\u015fmalar\u0131 sonras\u0131 kap\u0131lar\u0131n\u0131 ziyaret\u00e7ilere a\u00e7t\u0131\u00a0<\/p>\n<p>\u200biskenderun<\/p>","protected":false},"excerpt":{"rendered":"<p>Antalya B\u00fcy\u00fck\u015fehir Belediyesi, Behl\u00fcl Dal Sinema M\u00fczesi\u2019ni yenileyerek tekrar \u015fehre kazand\u0131rd\u0131. Antalya&#8217;n\u0131n sinema tarihine ve k\u00fclt\u00fcr\u00fcne \u0131\u015f\u0131k tutan m\u00fcze, Ba\u015fkan Muhittin B\u00f6cek\u2019in \u00f6nc\u00fcl\u00fc\u011f\u00fcnde ba\u015flat\u0131lan yenileme \u00e7al\u0131\u015fmalar\u0131 sonras\u0131 kap\u0131lar\u0131n\u0131 ziyaret\u00e7ilere a\u00e7t\u0131.ANTALYA (\u0130GFA) &#8211;\u00a02013 y\u0131l\u0131nda sinema m\u00fczesi olarak a\u00e7\u0131lan, ancak \u00f6nceki y\u00f6netim taraf\u0131ndan kapat\u0131lan Alt\u0131n Portakal Film Festivali\u2019nin kurucular\u0131ndan \u00fcnl\u00fc y\u00f6netmen Behl\u00fcl Dal\u2019\u0131n ad\u0131n\u0131 ta\u015f\u0131yan Sinema M\u00fczesi, Ba\u015fkan B\u00f6cek\u2019in giri\u015fimleriyle yeniden hayata ge\u00e7ti. Ha\u015fim \u0130\u015fcan Mahallesi\u2019nde yer alan ve 125 y\u0131ll\u0131k tarihi binada faaliyet g\u00f6steren m\u00fczede tadilat ve yenileme \u00e7al\u0131\u015fmalar\u0131 tamamland\u0131. Behl\u00fcl Dal Sinema M\u00fczesi, b\u00fcnyesinde bar\u0131nd\u0131rd\u0131\u011f\u0131 de\u011ferli eserler ve \u00e7a\u011fda\u015f dijital altyap\u0131s\u0131yla Antalya&#8217;n\u0131n k\u00fclt\u00fcrel miras\u0131n\u0131n \u00f6nemli bir par\u00e7as\u0131 olacak. USTA Y\u00d6NETMEN\u0130N UNUTULMAZ ESERLER\u0130 Antalya B\u00fcy\u00fck\u015fehir Belediyesi Kent Tarihi ve Tan\u0131t\u0131m\u0131 Daire Ba\u015fkan\u0131 \u0130smail Oskay, m\u00fczeyi daha modern bir sinema m\u00fczesi konseptiyle hizmete a\u00e7t\u0131klar\u0131n\u0131 belirterek, \u201cBehl\u00fcl Dal\u2019\u0131n an\u0131s\u0131n\u0131 ya\u015fatacak olan bu m\u00fczeyi, daha zengin ve modern bir i\u00e7erikle yeniden kazand\u0131rd\u0131k. Kapat\u0131lan m\u00fczeyi, Ba\u015fkan B\u00f6cek\u2019in talimat\u0131 ile s\u0131f\u0131rdan yeniledik. Ziyaret\u00e7iler, sinema tarihine dair \u00f6nemli eserlerle dolu bir m\u00fczeyle kar\u015f\u0131la\u015facak. M\u00fczedeki kiosk cihazlar arac\u0131l\u0131\u011f\u0131yla ziyaret\u00e7ilere Alt\u0131n Portakal Film Festivali\u2019nin tarihine dair bilgi sunulacak. Ayr\u0131ca, Alt\u0131n Portakal\u2019da \u00f6d\u00fcl alm\u0131\u015f sanat\u00e7\u0131lar\u0131n ger\u00e7e\u011fe yak\u0131n silikon heykelleri, film afi\u015fleri ve festivalin ikonik g\u00f6rselleri yer alacak\u201d diye konu\u015ftu. SANAL GER\u00c7EKL\u0130K ODASI Yak\u0131nda resmi a\u00e7\u0131l\u0131\u015f\u0131 yap\u0131lacak m\u00fczenin yenilenen i\u00e7eri\u011finde, Behl\u00fcl &hellip;<\/p>","protected":false},"author":0,"featured_media":0,"comment_status":"open","ping_status":"open","sticky":false,"template":"","format":"standard","meta":{"_acf_changed":false,"footnotes":""},"categories":[24],"tags":[],"class_list":["post-2259","post","type-post","status-publish","format-standard","has-post-thumbnail","hentry","category-gundem"],"acf":[],"yoast_head":"<!-- This site is optimized with the Yoast SEO Premium plugin v26.6 (Yoast SEO v27.1.1) - https:\/\/yoast.com\/product\/yoast-seo-premium-wordpress\/ -->\n<title>Behl\u00fcl Dal Sinema M\u00fczesi yenilendi - Av. Deniz Can K\u0131z\u0131l<\/title>\n<meta name=\"robots\" content=\"index, follow, max-snippet:-1, max-image-preview:large, max-video-preview:-1\" \/>\n<link rel=\"canonical\" href=\"https:\/\/denizcankizil.tr\/de\/haberler\/gundem\/behlul-dal-sinema-muzesi-yenilendi\/\" \/>\n<meta property=\"og:locale\" content=\"de_DE\" \/>\n<meta property=\"og:type\" content=\"article\" \/>\n<meta property=\"og:title\" content=\"Behl\u00fcl Dal Sinema M\u00fczesi yenilendi\" \/>\n<meta property=\"og:description\" content=\"Antalya B\u00fcy\u00fck\u015fehir Belediyesi, Behl\u00fcl Dal Sinema M\u00fczesi\u2019ni yenileyerek tekrar \u015fehre kazand\u0131rd\u0131. Antalya&#8217;n\u0131n sinema tarihine ve k\u00fclt\u00fcr\u00fcne \u0131\u015f\u0131k tutan m\u00fcze, Ba\u015fkan Muhittin B\u00f6cek\u2019in \u00f6nc\u00fcl\u00fc\u011f\u00fcnde ba\u015flat\u0131lan yenileme \u00e7al\u0131\u015fmalar\u0131 sonras\u0131 kap\u0131lar\u0131n\u0131 ziyaret\u00e7ilere a\u00e7t\u0131.ANTALYA (\u0130GFA) &#8211;\u00a02013 y\u0131l\u0131nda sinema m\u00fczesi olarak a\u00e7\u0131lan, ancak \u00f6nceki y\u00f6netim taraf\u0131ndan kapat\u0131lan Alt\u0131n Portakal Film Festivali\u2019nin kurucular\u0131ndan \u00fcnl\u00fc y\u00f6netmen Behl\u00fcl Dal\u2019\u0131n ad\u0131n\u0131 ta\u015f\u0131yan Sinema M\u00fczesi, Ba\u015fkan B\u00f6cek\u2019in giri\u015fimleriyle yeniden hayata ge\u00e7ti. Ha\u015fim \u0130\u015fcan Mahallesi\u2019nde yer alan ve 125 y\u0131ll\u0131k tarihi binada faaliyet g\u00f6steren m\u00fczede tadilat ve yenileme \u00e7al\u0131\u015fmalar\u0131 tamamland\u0131. Behl\u00fcl Dal Sinema M\u00fczesi, b\u00fcnyesinde bar\u0131nd\u0131rd\u0131\u011f\u0131 de\u011ferli eserler ve \u00e7a\u011fda\u015f dijital altyap\u0131s\u0131yla Antalya&#8217;n\u0131n k\u00fclt\u00fcrel miras\u0131n\u0131n \u00f6nemli bir par\u00e7as\u0131 olacak. USTA Y\u00d6NETMEN\u0130N UNUTULMAZ ESERLER\u0130 Antalya B\u00fcy\u00fck\u015fehir Belediyesi Kent Tarihi ve Tan\u0131t\u0131m\u0131 Daire Ba\u015fkan\u0131 \u0130smail Oskay, m\u00fczeyi daha modern bir sinema m\u00fczesi konseptiyle hizmete a\u00e7t\u0131klar\u0131n\u0131 belirterek, \u201cBehl\u00fcl Dal\u2019\u0131n an\u0131s\u0131n\u0131 ya\u015fatacak olan bu m\u00fczeyi, daha zengin ve modern bir i\u00e7erikle yeniden kazand\u0131rd\u0131k. Kapat\u0131lan m\u00fczeyi, Ba\u015fkan B\u00f6cek\u2019in talimat\u0131 ile s\u0131f\u0131rdan yeniledik. Ziyaret\u00e7iler, sinema tarihine dair \u00f6nemli eserlerle dolu bir m\u00fczeyle kar\u015f\u0131la\u015facak. M\u00fczedeki kiosk cihazlar arac\u0131l\u0131\u011f\u0131yla ziyaret\u00e7ilere Alt\u0131n Portakal Film Festivali\u2019nin tarihine dair bilgi sunulacak. Ayr\u0131ca, Alt\u0131n Portakal\u2019da \u00f6d\u00fcl alm\u0131\u015f sanat\u00e7\u0131lar\u0131n ger\u00e7e\u011fe yak\u0131n silikon heykelleri, film afi\u015fleri ve festivalin ikonik g\u00f6rselleri yer alacak\u201d diye konu\u015ftu. SANAL GER\u00c7EKL\u0130K ODASI Yak\u0131nda resmi a\u00e7\u0131l\u0131\u015f\u0131 yap\u0131lacak m\u00fczenin yenilenen i\u00e7eri\u011finde, Behl\u00fcl &hellip;\" \/>\n<meta property=\"og:url\" content=\"https:\/\/denizcankizil.tr\/de\/haberler\/gundem\/behlul-dal-sinema-muzesi-yenilendi\/\" \/>\n<meta property=\"og:site_name\" content=\"Av. Deniz Can K\u0131z\u0131l\" \/>\n<meta property=\"article:published_time\" content=\"2024-10-13T16:09:24+00:00\" \/>\n<meta name=\"twitter:card\" content=\"summary_large_image\" \/>\n<meta name=\"twitter:label1\" content=\"Gesch\u00e4tzte Lesezeit\" \/>\n\t<meta name=\"twitter:data1\" content=\"3\u00a0Minuten\" \/>\n<script type=\"application\/ld+json\" class=\"yoast-schema-graph\">{\"@context\":\"https:\/\/schema.org\",\"@graph\":[{\"@type\":\"Article\",\"@id\":\"https:\/\/denizcankizil.tr\/en\/haberler\/gundem\/behlul-dal-sinema-muzesi-yenilendi\/#article\",\"isPartOf\":{\"@id\":\"https:\/\/denizcankizil.tr\/en\/haberler\/gundem\/behlul-dal-sinema-muzesi-yenilendi\/\"},\"author\":{\"name\":\"\",\"@id\":\"\"},\"headline\":\"Behl\u00fcl Dal Sinema M\u00fczesi yenilendi\",\"datePublished\":\"2024-10-13T16:09:24+00:00\",\"mainEntityOfPage\":{\"@id\":\"https:\/\/denizcankizil.tr\/en\/haberler\/gundem\/behlul-dal-sinema-muzesi-yenilendi\/\"},\"wordCount\":563,\"commentCount\":0,\"publisher\":{\"@id\":\"https:\/\/denizcankizil.tr\/de\/#organization\"},\"articleSection\":[\"G\u00fcndem\"],\"inLanguage\":\"de\",\"potentialAction\":[{\"@type\":\"CommentAction\",\"name\":\"Comment\",\"target\":[\"https:\/\/denizcankizil.tr\/en\/haberler\/gundem\/behlul-dal-sinema-muzesi-yenilendi\/#respond\"]}]},{\"@type\":\"WebPage\",\"@id\":\"https:\/\/denizcankizil.tr\/en\/haberler\/gundem\/behlul-dal-sinema-muzesi-yenilendi\/\",\"url\":\"https:\/\/denizcankizil.tr\/en\/haberler\/gundem\/behlul-dal-sinema-muzesi-yenilendi\/\",\"name\":\"Behl\u00fcl Dal Sinema M\u00fczesi yenilendi - Av. Deniz Can K\u0131z\u0131l\",\"isPartOf\":{\"@id\":\"https:\/\/denizcankizil.tr\/de\/#website\"},\"datePublished\":\"2024-10-13T16:09:24+00:00\",\"breadcrumb\":{\"@id\":\"https:\/\/denizcankizil.tr\/en\/haberler\/gundem\/behlul-dal-sinema-muzesi-yenilendi\/#breadcrumb\"},\"inLanguage\":\"de\",\"potentialAction\":[{\"@type\":\"ReadAction\",\"target\":[\"https:\/\/denizcankizil.tr\/en\/haberler\/gundem\/behlul-dal-sinema-muzesi-yenilendi\/\"]}]},{\"@type\":\"BreadcrumbList\",\"@id\":\"https:\/\/denizcankizil.tr\/en\/haberler\/gundem\/behlul-dal-sinema-muzesi-yenilendi\/#breadcrumb\",\"itemListElement\":[{\"@type\":\"ListItem\",\"position\":1,\"name\":\"Home\",\"item\":\"https:\/\/denizcankizil.tr\/de\/\"},{\"@type\":\"ListItem\",\"position\":2,\"name\":\"Behl\u00fcl Dal Sinema M\u00fczesi yenilendi\"}]},{\"@type\":\"WebSite\",\"@id\":\"https:\/\/denizcankizil.tr\/de\/#website\",\"url\":\"https:\/\/denizcankizil.tr\/de\/\",\"name\":\"Av. Deniz Can K\u0131z\u0131l\",\"description\":\"Avukat Deniz Can K\u0131z\u0131l Antalya Barosu\",\"publisher\":{\"@id\":\"https:\/\/denizcankizil.tr\/de\/#organization\"},\"potentialAction\":[{\"@type\":\"SearchAction\",\"target\":{\"@type\":\"EntryPoint\",\"urlTemplate\":\"https:\/\/denizcankizil.tr\/de\/?s={search_term_string}\"},\"query-input\":{\"@type\":\"PropertyValueSpecification\",\"valueRequired\":true,\"valueName\":\"search_term_string\"}}],\"inLanguage\":\"de\"},{\"@type\":\"Organization\",\"@id\":\"https:\/\/denizcankizil.tr\/de\/#organization\",\"name\":\"Av. Deniz Can K\u0131z\u0131l\",\"url\":\"https:\/\/denizcankizil.tr\/de\/\",\"logo\":{\"@type\":\"ImageObject\",\"inLanguage\":\"de\",\"@id\":\"https:\/\/denizcankizil.tr\/de\/#\/schema\/logo\/image\/\",\"url\":\"http:\/\/denizcankizil.tr\/wp-content\/uploads\/2024\/10\/siyah-logo-svg.svg\",\"contentUrl\":\"http:\/\/denizcankizil.tr\/wp-content\/uploads\/2024\/10\/siyah-logo-svg.svg\",\"width\":1080,\"height\":1080,\"caption\":\"Av. Deniz Can K\u0131z\u0131l\"},\"image\":{\"@id\":\"https:\/\/denizcankizil.tr\/de\/#\/schema\/logo\/image\/\"}}]}<\/script>\n<!-- \/ Yoast SEO Premium plugin. -->","yoast_head_json":{"title":"Behl\u00fcl Dal Sinema M\u00fczesi yenilendi - Av. Deniz Can K\u0131z\u0131l","robots":{"index":"index","follow":"follow","max-snippet":"max-snippet:-1","max-image-preview":"max-image-preview:large","max-video-preview":"max-video-preview:-1"},"canonical":"https:\/\/denizcankizil.tr\/de\/haberler\/gundem\/behlul-dal-sinema-muzesi-yenilendi\/","og_locale":"de_DE","og_type":"article","og_title":"Behl\u00fcl Dal Sinema M\u00fczesi yenilendi","og_description":"Antalya B\u00fcy\u00fck\u015fehir Belediyesi, Behl\u00fcl Dal Sinema M\u00fczesi\u2019ni yenileyerek tekrar \u015fehre kazand\u0131rd\u0131. Antalya&#8217;n\u0131n sinema tarihine ve k\u00fclt\u00fcr\u00fcne \u0131\u015f\u0131k tutan m\u00fcze, Ba\u015fkan Muhittin B\u00f6cek\u2019in \u00f6nc\u00fcl\u00fc\u011f\u00fcnde ba\u015flat\u0131lan yenileme \u00e7al\u0131\u015fmalar\u0131 sonras\u0131 kap\u0131lar\u0131n\u0131 ziyaret\u00e7ilere a\u00e7t\u0131.ANTALYA (\u0130GFA) &#8211;\u00a02013 y\u0131l\u0131nda sinema m\u00fczesi olarak a\u00e7\u0131lan, ancak \u00f6nceki y\u00f6netim taraf\u0131ndan kapat\u0131lan Alt\u0131n Portakal Film Festivali\u2019nin kurucular\u0131ndan \u00fcnl\u00fc y\u00f6netmen Behl\u00fcl Dal\u2019\u0131n ad\u0131n\u0131 ta\u015f\u0131yan Sinema M\u00fczesi, Ba\u015fkan B\u00f6cek\u2019in giri\u015fimleriyle yeniden hayata ge\u00e7ti. Ha\u015fim \u0130\u015fcan Mahallesi\u2019nde yer alan ve 125 y\u0131ll\u0131k tarihi binada faaliyet g\u00f6steren m\u00fczede tadilat ve yenileme \u00e7al\u0131\u015fmalar\u0131 tamamland\u0131. Behl\u00fcl Dal Sinema M\u00fczesi, b\u00fcnyesinde bar\u0131nd\u0131rd\u0131\u011f\u0131 de\u011ferli eserler ve \u00e7a\u011fda\u015f dijital altyap\u0131s\u0131yla Antalya&#8217;n\u0131n k\u00fclt\u00fcrel miras\u0131n\u0131n \u00f6nemli bir par\u00e7as\u0131 olacak. USTA Y\u00d6NETMEN\u0130N UNUTULMAZ ESERLER\u0130 Antalya B\u00fcy\u00fck\u015fehir Belediyesi Kent Tarihi ve Tan\u0131t\u0131m\u0131 Daire Ba\u015fkan\u0131 \u0130smail Oskay, m\u00fczeyi daha modern bir sinema m\u00fczesi konseptiyle hizmete a\u00e7t\u0131klar\u0131n\u0131 belirterek, \u201cBehl\u00fcl Dal\u2019\u0131n an\u0131s\u0131n\u0131 ya\u015fatacak olan bu m\u00fczeyi, daha zengin ve modern bir i\u00e7erikle yeniden kazand\u0131rd\u0131k. Kapat\u0131lan m\u00fczeyi, Ba\u015fkan B\u00f6cek\u2019in talimat\u0131 ile s\u0131f\u0131rdan yeniledik. Ziyaret\u00e7iler, sinema tarihine dair \u00f6nemli eserlerle dolu bir m\u00fczeyle kar\u015f\u0131la\u015facak. M\u00fczedeki kiosk cihazlar arac\u0131l\u0131\u011f\u0131yla ziyaret\u00e7ilere Alt\u0131n Portakal Film Festivali\u2019nin tarihine dair bilgi sunulacak. Ayr\u0131ca, Alt\u0131n Portakal\u2019da \u00f6d\u00fcl alm\u0131\u015f sanat\u00e7\u0131lar\u0131n ger\u00e7e\u011fe yak\u0131n silikon heykelleri, film afi\u015fleri ve festivalin ikonik g\u00f6rselleri yer alacak\u201d diye konu\u015ftu. SANAL GER\u00c7EKL\u0130K ODASI Yak\u0131nda resmi a\u00e7\u0131l\u0131\u015f\u0131 yap\u0131lacak m\u00fczenin yenilenen i\u00e7eri\u011finde, Behl\u00fcl &hellip;","og_url":"https:\/\/denizcankizil.tr\/de\/haberler\/gundem\/behlul-dal-sinema-muzesi-yenilendi\/","og_site_name":"Av. Deniz Can K\u0131z\u0131l","article_published_time":"2024-10-13T16:09:24+00:00","twitter_card":"summary_large_image","twitter_misc":{"Gesch\u00e4tzte Lesezeit":"3\u00a0Minuten"},"schema":{"@context":"https:\/\/schema.org","@graph":[{"@type":"Article","@id":"https:\/\/denizcankizil.tr\/en\/haberler\/gundem\/behlul-dal-sinema-muzesi-yenilendi\/#article","isPartOf":{"@id":"https:\/\/denizcankizil.tr\/en\/haberler\/gundem\/behlul-dal-sinema-muzesi-yenilendi\/"},"author":{"name":"","@id":""},"headline":"Behl\u00fcl Dal Sinema M\u00fczesi yenilendi","datePublished":"2024-10-13T16:09:24+00:00","mainEntityOfPage":{"@id":"https:\/\/denizcankizil.tr\/en\/haberler\/gundem\/behlul-dal-sinema-muzesi-yenilendi\/"},"wordCount":563,"commentCount":0,"publisher":{"@id":"https:\/\/denizcankizil.tr\/de\/#organization"},"articleSection":["G\u00fcndem"],"inLanguage":"de","potentialAction":[{"@type":"CommentAction","name":"Comment","target":["https:\/\/denizcankizil.tr\/en\/haberler\/gundem\/behlul-dal-sinema-muzesi-yenilendi\/#respond"]}]},{"@type":"WebPage","@id":"https:\/\/denizcankizil.tr\/en\/haberler\/gundem\/behlul-dal-sinema-muzesi-yenilendi\/","url":"https:\/\/denizcankizil.tr\/en\/haberler\/gundem\/behlul-dal-sinema-muzesi-yenilendi\/","name":"Behl\u00fcl Dal Sinema M\u00fczesi yenilendi - Av. Deniz Can K\u0131z\u0131l","isPartOf":{"@id":"https:\/\/denizcankizil.tr\/de\/#website"},"datePublished":"2024-10-13T16:09:24+00:00","breadcrumb":{"@id":"https:\/\/denizcankizil.tr\/en\/haberler\/gundem\/behlul-dal-sinema-muzesi-yenilendi\/#breadcrumb"},"inLanguage":"de","potentialAction":[{"@type":"ReadAction","target":["https:\/\/denizcankizil.tr\/en\/haberler\/gundem\/behlul-dal-sinema-muzesi-yenilendi\/"]}]},{"@type":"BreadcrumbList","@id":"https:\/\/denizcankizil.tr\/en\/haberler\/gundem\/behlul-dal-sinema-muzesi-yenilendi\/#breadcrumb","itemListElement":[{"@type":"ListItem","position":1,"name":"Home","item":"https:\/\/denizcankizil.tr\/de\/"},{"@type":"ListItem","position":2,"name":"Behl\u00fcl Dal Sinema M\u00fczesi yenilendi"}]},{"@type":"WebSite","@id":"https:\/\/denizcankizil.tr\/de\/#website","url":"https:\/\/denizcankizil.tr\/de\/","name":"Av. Deniz Can K\u0131z\u0131l","description":"Avukat Deniz Can K\u0131z\u0131l Antalya Barosu","publisher":{"@id":"https:\/\/denizcankizil.tr\/de\/#organization"},"potentialAction":[{"@type":"SearchAction","target":{"@type":"EntryPoint","urlTemplate":"https:\/\/denizcankizil.tr\/de\/?s={search_term_string}"},"query-input":{"@type":"PropertyValueSpecification","valueRequired":true,"valueName":"search_term_string"}}],"inLanguage":"de"},{"@type":"Organization","@id":"https:\/\/denizcankizil.tr\/de\/#organization","name":"Av. Deniz Can K\u0131z\u0131l","url":"https:\/\/denizcankizil.tr\/de\/","logo":{"@type":"ImageObject","inLanguage":"de","@id":"https:\/\/denizcankizil.tr\/de\/#\/schema\/logo\/image\/","url":"http:\/\/denizcankizil.tr\/wp-content\/uploads\/2024\/10\/siyah-logo-svg.svg","contentUrl":"http:\/\/denizcankizil.tr\/wp-content\/uploads\/2024\/10\/siyah-logo-svg.svg","width":1080,"height":1080,"caption":"Av. Deniz Can K\u0131z\u0131l"},"image":{"@id":"https:\/\/denizcankizil.tr\/de\/#\/schema\/logo\/image\/"}}]}},"_links":{"self":[{"href":"http:\/\/denizcankizil.tr\/de\/wp-json\/wp\/v2\/posts\/2259","targetHints":{"allow":["GET"]}}],"collection":[{"href":"http:\/\/denizcankizil.tr\/de\/wp-json\/wp\/v2\/posts"}],"about":[{"href":"http:\/\/denizcankizil.tr\/de\/wp-json\/wp\/v2\/types\/post"}],"replies":[{"embeddable":true,"href":"http:\/\/denizcankizil.tr\/de\/wp-json\/wp\/v2\/comments?post=2259"}],"version-history":[{"count":0,"href":"http:\/\/denizcankizil.tr\/de\/wp-json\/wp\/v2\/posts\/2259\/revisions"}],"wp:attachment":[{"href":"http:\/\/denizcankizil.tr\/de\/wp-json\/wp\/v2\/media?parent=2259"}],"wp:term":[{"taxonomy":"category","embeddable":true,"href":"http:\/\/denizcankizil.tr\/de\/wp-json\/wp\/v2\/categories?post=2259"},{"taxonomy":"post_tag","embeddable":true,"href":"http:\/\/denizcankizil.tr\/de\/wp-json\/wp\/v2\/tags?post=2259"}],"curies":[{"name":"wp","href":"https:\/\/api.w.org\/{rel}","templated":true}]}}