{"id":22129,"date":"2024-12-25T08:41:31","date_gmt":"2024-12-25T05:41:31","guid":{"rendered":"https:\/\/denizcankizil.tr\/uncategorized-tr\/serinyol-madenli-yolu-icin-azimle-calisiyorlar\/"},"modified":"2024-12-25T08:41:31","modified_gmt":"2024-12-25T05:41:31","slug":"serinyol-madenli-yolu-icin-azimle-calisiyorlar","status":"publish","type":"post","link":"http:\/\/denizcankizil.tr\/de\/haberler\/gundem\/serinyol-madenli-yolu-icin-azimle-calisiyorlar\/","title":{"rendered":"Serinyol-Madenli yolu i\u00e7in azimle \u00e7al\u0131\u015f\u0131yorlar\u2026"},"content":{"rendered":"<p>Antakya ile Arsuz il\u00e7elerini ba\u011flayacak olan bu \u00f6nemli yol projesi, HBB Yol Bak\u0131m ve Altyap\u0131 Koordinasyon Dairesi Ba\u015fkanl\u0131\u011f\u0131 ekipleri taraf\u0131ndan \u00fcst\u00fcn bir gayretle s\u00fcrd\u00fcr\u00fcl\u00fcyor.<\/p>\n<p>\u00a0<\/p>\n<p>ZORLU ARAZ\u0130LERDE KARARLILIK<\/p>\n<p>Amanos Da\u011flar\u0131n\u0131n engebeli ve sarp arazilerinde, \u00e7etin k\u0131\u015f ko\u015fullar\u0131na ra\u011fmen g\u00f6revlerini \u00f6zveriyle yerine getiren HBB ekipleri, sabah\u0131n erken saatlerinden ak\u015fam saatlerine kadar yo\u011fun bir tempoyla \u00e7al\u0131\u015f\u0131yor. B\u00fcy\u00fck\u015fehir personeli, yorulmadan ve usanmadan Hatay\u2019\u0131n gelece\u011fi i\u00e7in emek harcarken, \u00f6z disiplin ve motivasyonlar\u0131yla dikkat \u00e7ekiyor.<\/p>\n<p>\u00a0<\/p>\n<p>\u0130\u015e G\u00dcVENL\u0130\u011e\u0130 VE <\/p>\n<p>EK\u0130P RUHU<\/p>\n<p>HBB \u00e7al\u0131\u015fanlar\u0131, i\u015f g\u00fcvenli\u011fi tedbirlerini titizlikle uygulayarak, ekip ruhuyla her t\u00fcrl\u00fc engeli a\u015fmay\u0131 ba\u015far\u0131yor. Zor do\u011fa \u015fartlar\u0131na ra\u011fmen \u00e7al\u0131\u015fmalar\u0131n\u0131 kararl\u0131l\u0131kla s\u00fcrd\u00fcren ekipler, yolun tamamlanmas\u0131 i\u00e7in ad\u0131m ad\u0131m ilerliyor.<\/p>\n<p>\u00a0<\/p>\n<p>\u00d6Z KAYNAKLARLA <\/p>\n<p>B\u00dcY\u00dcK ADIMLAR<\/p>\n<p>Projenin kendi kadrosu ve \u00f6z kaynaklar\u0131yla y\u00fcr\u00fct\u00fcld\u00fc\u011f\u00fcn\u00fc belirten B\u00fcy\u00fck\u015fehir yetkilileri, yol yap\u0131m\u0131n\u0131n Hatay i\u00e7in b\u00fcy\u00fck bir kazan\u0131m olaca\u011f\u0131n\u0131 ifade etti. HBB\u2019nin bu \u00f6nemli projeyi tamamlamak i\u00e7in g\u00f6sterdi\u011fi azim, b\u00f6lge halk\u0131 taraf\u0131ndan takdirle kar\u015f\u0131lan\u0131yor.<\/p>\n<p>\u200bHatay B\u00fcy\u00fck\u015fehir Belediyesi, Ba\u015fkan Mehmet \u00d6nt\u00fcrk\u2019\u00fcn talimatlar\u0131 do\u011frultusunda, Serinyol-Madenli ba\u011flant\u0131 yolunda \u00e7al\u0131\u015fmalar h\u0131z kazand\u0131. Amik ve Arsuz ovas\u0131n\u0131 birle\u015ftirecek yolun tamamlanmas\u0131 i\u00e7in ekipler gece g\u00fcnd\u00fcz \u00e7al\u0131\u015f\u0131yor.\u00a0<\/p>\n<p>\u200bHaberin Al\u0131nt\u0131land\u0131\u011f\u0131 Kaynak: www.iskenderun.org<\/p>","protected":false},"excerpt":{"rendered":"<p>Antakya ile Arsuz il\u00e7elerini ba\u011flayacak olan bu \u00f6nemli yol projesi, HBB Yol Bak\u0131m ve Altyap\u0131 Koordinasyon Dairesi Ba\u015fkanl\u0131\u011f\u0131 ekipleri taraf\u0131ndan \u00fcst\u00fcn bir gayretle s\u00fcrd\u00fcr\u00fcl\u00fcyor. \u00a0 ZORLU ARAZ\u0130LERDE KARARLILIK Amanos Da\u011flar\u0131n\u0131n engebeli ve sarp arazilerinde, \u00e7etin k\u0131\u015f ko\u015fullar\u0131na ra\u011fmen g\u00f6revlerini \u00f6zveriyle yerine getiren HBB ekipleri, sabah\u0131n erken saatlerinden ak\u015fam saatlerine kadar yo\u011fun bir tempoyla \u00e7al\u0131\u015f\u0131yor. B\u00fcy\u00fck\u015fehir personeli, yorulmadan ve usanmadan Hatay\u2019\u0131n gelece\u011fi i\u00e7in emek harcarken, \u00f6z disiplin ve motivasyonlar\u0131yla dikkat \u00e7ekiyor. \u00a0 \u0130\u015e G\u00dcVENL\u0130\u011e\u0130 VE EK\u0130P RUHU HBB \u00e7al\u0131\u015fanlar\u0131, i\u015f g\u00fcvenli\u011fi tedbirlerini titizlikle uygulayarak, ekip ruhuyla her t\u00fcrl\u00fc engeli a\u015fmay\u0131 ba\u015far\u0131yor. Zor do\u011fa \u015fartlar\u0131na ra\u011fmen \u00e7al\u0131\u015fmalar\u0131n\u0131 kararl\u0131l\u0131kla s\u00fcrd\u00fcren ekipler, yolun tamamlanmas\u0131 i\u00e7in ad\u0131m ad\u0131m ilerliyor. \u00a0 \u00d6Z KAYNAKLARLA B\u00dcY\u00dcK ADIMLAR Projenin kendi kadrosu ve \u00f6z kaynaklar\u0131yla y\u00fcr\u00fct\u00fcld\u00fc\u011f\u00fcn\u00fc belirten B\u00fcy\u00fck\u015fehir yetkilileri, yol yap\u0131m\u0131n\u0131n Hatay i\u00e7in b\u00fcy\u00fck bir kazan\u0131m olaca\u011f\u0131n\u0131 ifade etti. HBB\u2019nin bu \u00f6nemli projeyi tamamlamak i\u00e7in g\u00f6sterdi\u011fi azim, b\u00f6lge halk\u0131 taraf\u0131ndan takdirle kar\u015f\u0131lan\u0131yor. \u200bHatay B\u00fcy\u00fck\u015fehir Belediyesi, Ba\u015fkan Mehmet \u00d6nt\u00fcrk\u2019\u00fcn talimatlar\u0131 do\u011frultusunda, Serinyol-Madenli ba\u011flant\u0131 yolunda \u00e7al\u0131\u015fmalar h\u0131z kazand\u0131. Amik ve Arsuz ovas\u0131n\u0131 birle\u015ftirecek yolun tamamlanmas\u0131 i\u00e7in ekipler gece g\u00fcnd\u00fcz \u00e7al\u0131\u015f\u0131yor.\u00a0 \u200bHaberin Al\u0131nt\u0131land\u0131\u011f\u0131 Kaynak: www.iskenderun.org<\/p>","protected":false},"author":0,"featured_media":0,"comment_status":"open","ping_status":"open","sticky":false,"template":"","format":"standard","meta":{"_acf_changed":false,"footnotes":""},"categories":[24,535],"tags":[],"class_list":["post-22129","post","type-post","status-publish","format-standard","has-post-thumbnail","hentry","category-gundem","category-uncategorized-tr"],"acf":[],"yoast_head":"<!-- This site is optimized with the Yoast SEO Premium plugin v26.6 (Yoast SEO v27.1.1) - https:\/\/yoast.com\/product\/yoast-seo-premium-wordpress\/ -->\n<title>Serinyol-Madenli yolu i\u00e7in azimle \u00e7al\u0131\u015f\u0131yorlar\u2026 - Av. Deniz Can K\u0131z\u0131l<\/title>\n<meta name=\"robots\" content=\"index, follow, max-snippet:-1, max-image-preview:large, max-video-preview:-1\" \/>\n<link rel=\"canonical\" href=\"http:\/\/denizcankizil.tr\/de\/haberler\/gundem\/serinyol-madenli-yolu-icin-azimle-calisiyorlar\/\" \/>\n<meta property=\"og:locale\" content=\"de_DE\" \/>\n<meta property=\"og:type\" content=\"article\" \/>\n<meta property=\"og:title\" content=\"Serinyol-Madenli yolu i\u00e7in azimle \u00e7al\u0131\u015f\u0131yorlar\u2026\" \/>\n<meta property=\"og:description\" content=\"Antakya ile Arsuz il\u00e7elerini ba\u011flayacak olan bu \u00f6nemli yol projesi, HBB Yol Bak\u0131m ve Altyap\u0131 Koordinasyon Dairesi Ba\u015fkanl\u0131\u011f\u0131 ekipleri taraf\u0131ndan \u00fcst\u00fcn bir gayretle s\u00fcrd\u00fcr\u00fcl\u00fcyor. \u00a0 ZORLU ARAZ\u0130LERDE KARARLILIK Amanos Da\u011flar\u0131n\u0131n engebeli ve sarp arazilerinde, \u00e7etin k\u0131\u015f ko\u015fullar\u0131na ra\u011fmen g\u00f6revlerini \u00f6zveriyle yerine getiren HBB ekipleri, sabah\u0131n erken saatlerinden ak\u015fam saatlerine kadar yo\u011fun bir tempoyla \u00e7al\u0131\u015f\u0131yor. B\u00fcy\u00fck\u015fehir personeli, yorulmadan ve usanmadan Hatay\u2019\u0131n gelece\u011fi i\u00e7in emek harcarken, \u00f6z disiplin ve motivasyonlar\u0131yla dikkat \u00e7ekiyor. \u00a0 \u0130\u015e G\u00dcVENL\u0130\u011e\u0130 VE EK\u0130P RUHU HBB \u00e7al\u0131\u015fanlar\u0131, i\u015f g\u00fcvenli\u011fi tedbirlerini titizlikle uygulayarak, ekip ruhuyla her t\u00fcrl\u00fc engeli a\u015fmay\u0131 ba\u015far\u0131yor. Zor do\u011fa \u015fartlar\u0131na ra\u011fmen \u00e7al\u0131\u015fmalar\u0131n\u0131 kararl\u0131l\u0131kla s\u00fcrd\u00fcren ekipler, yolun tamamlanmas\u0131 i\u00e7in ad\u0131m ad\u0131m ilerliyor. \u00a0 \u00d6Z KAYNAKLARLA B\u00dcY\u00dcK ADIMLAR Projenin kendi kadrosu ve \u00f6z kaynaklar\u0131yla y\u00fcr\u00fct\u00fcld\u00fc\u011f\u00fcn\u00fc belirten B\u00fcy\u00fck\u015fehir yetkilileri, yol yap\u0131m\u0131n\u0131n Hatay i\u00e7in b\u00fcy\u00fck bir kazan\u0131m olaca\u011f\u0131n\u0131 ifade etti. HBB\u2019nin bu \u00f6nemli projeyi tamamlamak i\u00e7in g\u00f6sterdi\u011fi azim, b\u00f6lge halk\u0131 taraf\u0131ndan takdirle kar\u015f\u0131lan\u0131yor. \u200bHatay B\u00fcy\u00fck\u015fehir Belediyesi, Ba\u015fkan Mehmet \u00d6nt\u00fcrk\u2019\u00fcn talimatlar\u0131 do\u011frultusunda, Serinyol-Madenli ba\u011flant\u0131 yolunda \u00e7al\u0131\u015fmalar h\u0131z kazand\u0131. Amik ve Arsuz ovas\u0131n\u0131 birle\u015ftirecek yolun tamamlanmas\u0131 i\u00e7in ekipler gece g\u00fcnd\u00fcz \u00e7al\u0131\u015f\u0131yor.\u00a0 \u200bHaberin Al\u0131nt\u0131land\u0131\u011f\u0131 Kaynak: www.iskenderun.org\" \/>\n<meta property=\"og:url\" content=\"http:\/\/denizcankizil.tr\/de\/haberler\/gundem\/serinyol-madenli-yolu-icin-azimle-calisiyorlar\/\" \/>\n<meta property=\"og:site_name\" content=\"Av. Deniz Can K\u0131z\u0131l\" \/>\n<meta property=\"article:published_time\" content=\"2024-12-25T05:41:31+00:00\" \/>\n<meta name=\"twitter:card\" content=\"summary_large_image\" \/>\n<meta name=\"twitter:label1\" content=\"Gesch\u00e4tzte Lesezeit\" \/>\n\t<meta name=\"twitter:data1\" content=\"1\u00a0Minute\" \/>\n<script type=\"application\/ld+json\" class=\"yoast-schema-graph\">{\"@context\":\"https:\/\/schema.org\",\"@graph\":[{\"@type\":\"Article\",\"@id\":\"http:\/\/denizcankizil.tr\/de\/haberler\/gundem\/serinyol-madenli-yolu-icin-azimle-calisiyorlar\/#article\",\"isPartOf\":{\"@id\":\"http:\/\/denizcankizil.tr\/de\/haberler\/gundem\/serinyol-madenli-yolu-icin-azimle-calisiyorlar\/\"},\"author\":{\"name\":\"\",\"@id\":\"\"},\"headline\":\"Serinyol-Madenli yolu i\u00e7in azimle \u00e7al\u0131\u015f\u0131yorlar\u2026\",\"datePublished\":\"2024-12-25T05:41:31+00:00\",\"mainEntityOfPage\":{\"@id\":\"http:\/\/denizcankizil.tr\/de\/haberler\/gundem\/serinyol-madenli-yolu-icin-azimle-calisiyorlar\/\"},\"wordCount\":271,\"commentCount\":0,\"publisher\":{\"@id\":\"https:\/\/denizcankizil.tr\/de\/#organization\"},\"articleSection\":[\"G\u00fcndem\",\"Uncategorized\"],\"inLanguage\":\"de\",\"potentialAction\":[{\"@type\":\"CommentAction\",\"name\":\"Comment\",\"target\":[\"http:\/\/denizcankizil.tr\/de\/haberler\/gundem\/serinyol-madenli-yolu-icin-azimle-calisiyorlar\/#respond\"]}]},{\"@type\":\"WebPage\",\"@id\":\"http:\/\/denizcankizil.tr\/de\/haberler\/gundem\/serinyol-madenli-yolu-icin-azimle-calisiyorlar\/\",\"url\":\"http:\/\/denizcankizil.tr\/de\/haberler\/gundem\/serinyol-madenli-yolu-icin-azimle-calisiyorlar\/\",\"name\":\"Serinyol-Madenli yolu i\u00e7in azimle \u00e7al\u0131\u015f\u0131yorlar\u2026 - Av. Deniz Can K\u0131z\u0131l\",\"isPartOf\":{\"@id\":\"https:\/\/denizcankizil.tr\/de\/#website\"},\"datePublished\":\"2024-12-25T05:41:31+00:00\",\"breadcrumb\":{\"@id\":\"http:\/\/denizcankizil.tr\/de\/haberler\/gundem\/serinyol-madenli-yolu-icin-azimle-calisiyorlar\/#breadcrumb\"},\"inLanguage\":\"de\",\"potentialAction\":[{\"@type\":\"ReadAction\",\"target\":[\"http:\/\/denizcankizil.tr\/de\/haberler\/gundem\/serinyol-madenli-yolu-icin-azimle-calisiyorlar\/\"]}]},{\"@type\":\"BreadcrumbList\",\"@id\":\"http:\/\/denizcankizil.tr\/de\/haberler\/gundem\/serinyol-madenli-yolu-icin-azimle-calisiyorlar\/#breadcrumb\",\"itemListElement\":[{\"@type\":\"ListItem\",\"position\":1,\"name\":\"Home\",\"item\":\"https:\/\/denizcankizil.tr\/de\/\"},{\"@type\":\"ListItem\",\"position\":2,\"name\":\"Serinyol-Madenli yolu i\u00e7in azimle \u00e7al\u0131\u015f\u0131yorlar\u2026\"}]},{\"@type\":\"WebSite\",\"@id\":\"https:\/\/denizcankizil.tr\/de\/#website\",\"url\":\"https:\/\/denizcankizil.tr\/de\/\",\"name\":\"Av. Deniz Can K\u0131z\u0131l\",\"description\":\"Avukat Deniz Can K\u0131z\u0131l Antalya Barosu\",\"publisher\":{\"@id\":\"https:\/\/denizcankizil.tr\/de\/#organization\"},\"potentialAction\":[{\"@type\":\"SearchAction\",\"target\":{\"@type\":\"EntryPoint\",\"urlTemplate\":\"https:\/\/denizcankizil.tr\/de\/?s={search_term_string}\"},\"query-input\":{\"@type\":\"PropertyValueSpecification\",\"valueRequired\":true,\"valueName\":\"search_term_string\"}}],\"inLanguage\":\"de\"},{\"@type\":\"Organization\",\"@id\":\"https:\/\/denizcankizil.tr\/de\/#organization\",\"name\":\"Av. Deniz Can K\u0131z\u0131l\",\"url\":\"https:\/\/denizcankizil.tr\/de\/\",\"logo\":{\"@type\":\"ImageObject\",\"inLanguage\":\"de\",\"@id\":\"https:\/\/denizcankizil.tr\/de\/#\/schema\/logo\/image\/\",\"url\":\"http:\/\/denizcankizil.tr\/wp-content\/uploads\/2024\/10\/siyah-logo-svg.svg\",\"contentUrl\":\"http:\/\/denizcankizil.tr\/wp-content\/uploads\/2024\/10\/siyah-logo-svg.svg\",\"width\":1080,\"height\":1080,\"caption\":\"Av. Deniz Can K\u0131z\u0131l\"},\"image\":{\"@id\":\"https:\/\/denizcankizil.tr\/de\/#\/schema\/logo\/image\/\"}}]}<\/script>\n<!-- \/ Yoast SEO Premium plugin. -->","yoast_head_json":{"title":"Serinyol-Madenli yolu i\u00e7in azimle \u00e7al\u0131\u015f\u0131yorlar\u2026 - Av. Deniz Can K\u0131z\u0131l","robots":{"index":"index","follow":"follow","max-snippet":"max-snippet:-1","max-image-preview":"max-image-preview:large","max-video-preview":"max-video-preview:-1"},"canonical":"http:\/\/denizcankizil.tr\/de\/haberler\/gundem\/serinyol-madenli-yolu-icin-azimle-calisiyorlar\/","og_locale":"de_DE","og_type":"article","og_title":"Serinyol-Madenli yolu i\u00e7in azimle \u00e7al\u0131\u015f\u0131yorlar\u2026","og_description":"Antakya ile Arsuz il\u00e7elerini ba\u011flayacak olan bu \u00f6nemli yol projesi, HBB Yol Bak\u0131m ve Altyap\u0131 Koordinasyon Dairesi Ba\u015fkanl\u0131\u011f\u0131 ekipleri taraf\u0131ndan \u00fcst\u00fcn bir gayretle s\u00fcrd\u00fcr\u00fcl\u00fcyor. \u00a0 ZORLU ARAZ\u0130LERDE KARARLILIK Amanos Da\u011flar\u0131n\u0131n engebeli ve sarp arazilerinde, \u00e7etin k\u0131\u015f ko\u015fullar\u0131na ra\u011fmen g\u00f6revlerini \u00f6zveriyle yerine getiren HBB ekipleri, sabah\u0131n erken saatlerinden ak\u015fam saatlerine kadar yo\u011fun bir tempoyla \u00e7al\u0131\u015f\u0131yor. B\u00fcy\u00fck\u015fehir personeli, yorulmadan ve usanmadan Hatay\u2019\u0131n gelece\u011fi i\u00e7in emek harcarken, \u00f6z disiplin ve motivasyonlar\u0131yla dikkat \u00e7ekiyor. \u00a0 \u0130\u015e G\u00dcVENL\u0130\u011e\u0130 VE EK\u0130P RUHU HBB \u00e7al\u0131\u015fanlar\u0131, i\u015f g\u00fcvenli\u011fi tedbirlerini titizlikle uygulayarak, ekip ruhuyla her t\u00fcrl\u00fc engeli a\u015fmay\u0131 ba\u015far\u0131yor. Zor do\u011fa \u015fartlar\u0131na ra\u011fmen \u00e7al\u0131\u015fmalar\u0131n\u0131 kararl\u0131l\u0131kla s\u00fcrd\u00fcren ekipler, yolun tamamlanmas\u0131 i\u00e7in ad\u0131m ad\u0131m ilerliyor. \u00a0 \u00d6Z KAYNAKLARLA B\u00dcY\u00dcK ADIMLAR Projenin kendi kadrosu ve \u00f6z kaynaklar\u0131yla y\u00fcr\u00fct\u00fcld\u00fc\u011f\u00fcn\u00fc belirten B\u00fcy\u00fck\u015fehir yetkilileri, yol yap\u0131m\u0131n\u0131n Hatay i\u00e7in b\u00fcy\u00fck bir kazan\u0131m olaca\u011f\u0131n\u0131 ifade etti. HBB\u2019nin bu \u00f6nemli projeyi tamamlamak i\u00e7in g\u00f6sterdi\u011fi azim, b\u00f6lge halk\u0131 taraf\u0131ndan takdirle kar\u015f\u0131lan\u0131yor. \u200bHatay B\u00fcy\u00fck\u015fehir Belediyesi, Ba\u015fkan Mehmet \u00d6nt\u00fcrk\u2019\u00fcn talimatlar\u0131 do\u011frultusunda, Serinyol-Madenli ba\u011flant\u0131 yolunda \u00e7al\u0131\u015fmalar h\u0131z kazand\u0131. Amik ve Arsuz ovas\u0131n\u0131 birle\u015ftirecek yolun tamamlanmas\u0131 i\u00e7in ekipler gece g\u00fcnd\u00fcz \u00e7al\u0131\u015f\u0131yor.\u00a0 \u200bHaberin Al\u0131nt\u0131land\u0131\u011f\u0131 Kaynak: www.iskenderun.org","og_url":"http:\/\/denizcankizil.tr\/de\/haberler\/gundem\/serinyol-madenli-yolu-icin-azimle-calisiyorlar\/","og_site_name":"Av. Deniz Can K\u0131z\u0131l","article_published_time":"2024-12-25T05:41:31+00:00","twitter_card":"summary_large_image","twitter_misc":{"Gesch\u00e4tzte Lesezeit":"1\u00a0Minute"},"schema":{"@context":"https:\/\/schema.org","@graph":[{"@type":"Article","@id":"http:\/\/denizcankizil.tr\/de\/haberler\/gundem\/serinyol-madenli-yolu-icin-azimle-calisiyorlar\/#article","isPartOf":{"@id":"http:\/\/denizcankizil.tr\/de\/haberler\/gundem\/serinyol-madenli-yolu-icin-azimle-calisiyorlar\/"},"author":{"name":"","@id":""},"headline":"Serinyol-Madenli yolu i\u00e7in azimle \u00e7al\u0131\u015f\u0131yorlar\u2026","datePublished":"2024-12-25T05:41:31+00:00","mainEntityOfPage":{"@id":"http:\/\/denizcankizil.tr\/de\/haberler\/gundem\/serinyol-madenli-yolu-icin-azimle-calisiyorlar\/"},"wordCount":271,"commentCount":0,"publisher":{"@id":"https:\/\/denizcankizil.tr\/de\/#organization"},"articleSection":["G\u00fcndem","Uncategorized"],"inLanguage":"de","potentialAction":[{"@type":"CommentAction","name":"Comment","target":["http:\/\/denizcankizil.tr\/de\/haberler\/gundem\/serinyol-madenli-yolu-icin-azimle-calisiyorlar\/#respond"]}]},{"@type":"WebPage","@id":"http:\/\/denizcankizil.tr\/de\/haberler\/gundem\/serinyol-madenli-yolu-icin-azimle-calisiyorlar\/","url":"http:\/\/denizcankizil.tr\/de\/haberler\/gundem\/serinyol-madenli-yolu-icin-azimle-calisiyorlar\/","name":"Serinyol-Madenli yolu i\u00e7in azimle \u00e7al\u0131\u015f\u0131yorlar\u2026 - Av. Deniz Can K\u0131z\u0131l","isPartOf":{"@id":"https:\/\/denizcankizil.tr\/de\/#website"},"datePublished":"2024-12-25T05:41:31+00:00","breadcrumb":{"@id":"http:\/\/denizcankizil.tr\/de\/haberler\/gundem\/serinyol-madenli-yolu-icin-azimle-calisiyorlar\/#breadcrumb"},"inLanguage":"de","potentialAction":[{"@type":"ReadAction","target":["http:\/\/denizcankizil.tr\/de\/haberler\/gundem\/serinyol-madenli-yolu-icin-azimle-calisiyorlar\/"]}]},{"@type":"BreadcrumbList","@id":"http:\/\/denizcankizil.tr\/de\/haberler\/gundem\/serinyol-madenli-yolu-icin-azimle-calisiyorlar\/#breadcrumb","itemListElement":[{"@type":"ListItem","position":1,"name":"Home","item":"https:\/\/denizcankizil.tr\/de\/"},{"@type":"ListItem","position":2,"name":"Serinyol-Madenli yolu i\u00e7in azimle \u00e7al\u0131\u015f\u0131yorlar\u2026"}]},{"@type":"WebSite","@id":"https:\/\/denizcankizil.tr\/de\/#website","url":"https:\/\/denizcankizil.tr\/de\/","name":"Av. Deniz Can K\u0131z\u0131l","description":"Avukat Deniz Can K\u0131z\u0131l Antalya Barosu","publisher":{"@id":"https:\/\/denizcankizil.tr\/de\/#organization"},"potentialAction":[{"@type":"SearchAction","target":{"@type":"EntryPoint","urlTemplate":"https:\/\/denizcankizil.tr\/de\/?s={search_term_string}"},"query-input":{"@type":"PropertyValueSpecification","valueRequired":true,"valueName":"search_term_string"}}],"inLanguage":"de"},{"@type":"Organization","@id":"https:\/\/denizcankizil.tr\/de\/#organization","name":"Av. Deniz Can K\u0131z\u0131l","url":"https:\/\/denizcankizil.tr\/de\/","logo":{"@type":"ImageObject","inLanguage":"de","@id":"https:\/\/denizcankizil.tr\/de\/#\/schema\/logo\/image\/","url":"http:\/\/denizcankizil.tr\/wp-content\/uploads\/2024\/10\/siyah-logo-svg.svg","contentUrl":"http:\/\/denizcankizil.tr\/wp-content\/uploads\/2024\/10\/siyah-logo-svg.svg","width":1080,"height":1080,"caption":"Av. Deniz Can K\u0131z\u0131l"},"image":{"@id":"https:\/\/denizcankizil.tr\/de\/#\/schema\/logo\/image\/"}}]}},"_links":{"self":[{"href":"http:\/\/denizcankizil.tr\/de\/wp-json\/wp\/v2\/posts\/22129","targetHints":{"allow":["GET"]}}],"collection":[{"href":"http:\/\/denizcankizil.tr\/de\/wp-json\/wp\/v2\/posts"}],"about":[{"href":"http:\/\/denizcankizil.tr\/de\/wp-json\/wp\/v2\/types\/post"}],"replies":[{"embeddable":true,"href":"http:\/\/denizcankizil.tr\/de\/wp-json\/wp\/v2\/comments?post=22129"}],"version-history":[{"count":0,"href":"http:\/\/denizcankizil.tr\/de\/wp-json\/wp\/v2\/posts\/22129\/revisions"}],"wp:attachment":[{"href":"http:\/\/denizcankizil.tr\/de\/wp-json\/wp\/v2\/media?parent=22129"}],"wp:term":[{"taxonomy":"category","embeddable":true,"href":"http:\/\/denizcankizil.tr\/de\/wp-json\/wp\/v2\/categories?post=22129"},{"taxonomy":"post_tag","embeddable":true,"href":"http:\/\/denizcankizil.tr\/de\/wp-json\/wp\/v2\/tags?post=22129"}],"curies":[{"name":"wp","href":"https:\/\/api.w.org\/{rel}","templated":true}]}}