{"id":21779,"date":"2024-12-22T21:41:21","date_gmt":"2024-12-22T18:41:21","guid":{"rendered":"https:\/\/denizcankizil.tr\/uncategorized-tr\/on-binlerce-askerin-donarak-can-verdigi-sarikamista-nobet-tuttular\/"},"modified":"2024-12-22T21:41:21","modified_gmt":"2024-12-22T18:41:21","slug":"on-binlerce-askerin-donarak-can-verdigi-sarikamista-nobet-tuttular","status":"publish","type":"post","link":"http:\/\/denizcankizil.tr\/de\/haberler\/gundem\/on-binlerce-askerin-donarak-can-verdigi-sarikamista-nobet-tuttular\/","title":{"rendered":"On binlerce askerin donarak can verdi\u011fi Sar\u0131kam\u0131\u015f\u2019ta n\u00f6bet tuttular"},"content":{"rendered":"<p>Kars Valili\u011fi koordinesinde, Sar\u0131kam\u0131\u015f Harekat\u0131&#8217;n\u0131n 110. y\u0131l\u0131 anma etkinlikleri dolay\u0131s\u0131yla Sar\u0131kam\u0131\u015f il\u00e7esinde anma etkinli\u011fi d\u00fczenlendi. Asker k\u0131yafeti giyerek il\u00e7e merkezinde toplanan vatanda\u015flar, T\u00fcrk bayraklar\u0131 ve me\u015faleler e\u015fli\u011finde Alisofu \u015eehitlik An\u0131t\u0131&#8217;na kadar yakla\u015f\u0131k 3 kilometre y\u00fcr\u00fcy\u00fc\u015f yapt\u0131.<\/p>\n<p>BAYRAK TESL\u0130M\u0130 YAPILDI<\/p>\n<p>Karl\u0131 ve so\u011fuk havaya ald\u0131r\u0131\u015f etmeyen kat\u0131l\u0131mc\u0131lar, \u015fehitlikte sayg\u0131 duru\u015funda bulundu, \u0130stiklal Mar\u015f\u0131&#8217;n\u0131 okudu. \u015eehitler i\u00e7in Kur&#8217;an-\u0131 Kerim okunan programda, Kafkas \u00dcniversitesi (KA\u00dc) Sar\u0131kam\u0131\u015f Beden E\u011fitimi ve Spor Y\u00fcksek Okulu ile Meslek Y\u00fcksekokulu \u00f6\u011frencileri temsili olarak n\u00f6bet de\u011fi\u015ftirerek bayrak teslim ald\u0131. Kars Valisi Ziya Polat, burada yapt\u0131\u011f\u0131 konu\u015fmada, t\u00fcm \u015fehitleri rahmetle and\u0131\u011f\u0131n\u0131 s\u00f6yledi.<\/p>\n<p>4-5 OCAK\u2019TA ANMA ETK\u0130NL\u0130KLER\u0130 YAPILACAK<\/p>\n<p>Polat, etkinli\u011fe kat\u0131lanlara te\u015fekk\u00fcr ederek, Sar\u0131kam\u0131\u015f \u015eehitleri i\u00e7in 4-5 Ocak&#8217;ta da anma etkinlikleri yapacaklar\u0131n\u0131 s\u00f6yledi. CHP Kars Milletvekili \u0130nan Akg\u00fcn Alp de Sar\u0131kam\u0131\u015f Harekat\u0131 \u015fehitlerini anmak amac\u0131yla bir araya geldiklerini belirterek, &#8220;Bu vatan\u0131 bizlere kazand\u0131ran, bug\u00fcne kadar can\u0131n\u0131 vatan u\u011fruna veren t\u00fcm \u015fehitlerimizi rahmetle ve sayg\u0131yla an\u0131yoruz. Oca\u011f\u0131n ilk haftas\u0131nda d\u00fczenlenecek y\u00fcr\u00fcy\u00fc\u015fe herkesi bekliyoruz.&#8221; dedi.<\/p>\n<p>\u200bKars protokol\u00fc, on binlerce askerin donarak \u015fehit oldu\u011fu Sar\u0131kam\u0131\u015f\u2019ta me\u015faleli y\u00fcr\u00fcy\u00fc\u015f yap\u0131p, temsili n\u00f6bet tuttu.\u00a0<\/p>\n<p>\u200bHaberin Al\u0131nt\u0131land\u0131\u011f\u0131 Kaynak: www.antalyakorfez.com<\/p>","protected":false},"excerpt":{"rendered":"<p>Kars Valili\u011fi koordinesinde, Sar\u0131kam\u0131\u015f Harekat\u0131&#8217;n\u0131n 110. y\u0131l\u0131 anma etkinlikleri dolay\u0131s\u0131yla Sar\u0131kam\u0131\u015f il\u00e7esinde anma etkinli\u011fi d\u00fczenlendi. Asker k\u0131yafeti giyerek il\u00e7e merkezinde toplanan vatanda\u015flar, T\u00fcrk bayraklar\u0131 ve me\u015faleler e\u015fli\u011finde Alisofu \u015eehitlik An\u0131t\u0131&#8217;na kadar yakla\u015f\u0131k 3 kilometre y\u00fcr\u00fcy\u00fc\u015f yapt\u0131. BAYRAK TESL\u0130M\u0130 YAPILDI Karl\u0131 ve so\u011fuk havaya ald\u0131r\u0131\u015f etmeyen kat\u0131l\u0131mc\u0131lar, \u015fehitlikte sayg\u0131 duru\u015funda bulundu, \u0130stiklal Mar\u015f\u0131&#8217;n\u0131 okudu. \u015eehitler i\u00e7in Kur&#8217;an-\u0131 Kerim okunan programda, Kafkas \u00dcniversitesi (KA\u00dc) Sar\u0131kam\u0131\u015f Beden E\u011fitimi ve Spor Y\u00fcksek Okulu ile Meslek Y\u00fcksekokulu \u00f6\u011frencileri temsili olarak n\u00f6bet de\u011fi\u015ftirerek bayrak teslim ald\u0131. Kars Valisi Ziya Polat, burada yapt\u0131\u011f\u0131 konu\u015fmada, t\u00fcm \u015fehitleri rahmetle and\u0131\u011f\u0131n\u0131 s\u00f6yledi. 4-5 OCAK\u2019TA ANMA ETK\u0130NL\u0130KLER\u0130 YAPILACAK Polat, etkinli\u011fe kat\u0131lanlara te\u015fekk\u00fcr ederek, Sar\u0131kam\u0131\u015f \u015eehitleri i\u00e7in 4-5 Ocak&#8217;ta da anma etkinlikleri yapacaklar\u0131n\u0131 s\u00f6yledi. CHP Kars Milletvekili \u0130nan Akg\u00fcn Alp de Sar\u0131kam\u0131\u015f Harekat\u0131 \u015fehitlerini anmak amac\u0131yla bir araya geldiklerini belirterek, &#8220;Bu vatan\u0131 bizlere kazand\u0131ran, bug\u00fcne kadar can\u0131n\u0131 vatan u\u011fruna veren t\u00fcm \u015fehitlerimizi rahmetle ve sayg\u0131yla an\u0131yoruz. Oca\u011f\u0131n ilk haftas\u0131nda d\u00fczenlenecek y\u00fcr\u00fcy\u00fc\u015fe herkesi bekliyoruz.&#8221; dedi. \u200bKars protokol\u00fc, on binlerce askerin donarak \u015fehit oldu\u011fu Sar\u0131kam\u0131\u015f\u2019ta me\u015faleli y\u00fcr\u00fcy\u00fc\u015f yap\u0131p, temsili n\u00f6bet tuttu.\u00a0 \u200bHaberin Al\u0131nt\u0131land\u0131\u011f\u0131 Kaynak: www.antalyakorfez.com<\/p>","protected":false},"author":0,"featured_media":0,"comment_status":"open","ping_status":"open","sticky":false,"template":"","format":"standard","meta":{"_acf_changed":false,"footnotes":""},"categories":[24,535],"tags":[],"class_list":["post-21779","post","type-post","status-publish","format-standard","has-post-thumbnail","hentry","category-gundem","category-uncategorized-tr"],"acf":[],"yoast_head":"<!-- This site is optimized with the Yoast SEO Premium plugin v26.6 (Yoast SEO v27.1.1) - https:\/\/yoast.com\/product\/yoast-seo-premium-wordpress\/ -->\n<title>On binlerce askerin donarak can verdi\u011fi Sar\u0131kam\u0131\u015f\u2019ta n\u00f6bet tuttular - Av. Deniz Can K\u0131z\u0131l<\/title>\n<meta name=\"robots\" content=\"index, follow, max-snippet:-1, max-image-preview:large, max-video-preview:-1\" \/>\n<link rel=\"canonical\" href=\"http:\/\/denizcankizil.tr\/de\/haberler\/gundem\/on-binlerce-askerin-donarak-can-verdigi-sarikamista-nobet-tuttular\/\" \/>\n<meta property=\"og:locale\" content=\"de_DE\" \/>\n<meta property=\"og:type\" content=\"article\" \/>\n<meta property=\"og:title\" content=\"On binlerce askerin donarak can verdi\u011fi Sar\u0131kam\u0131\u015f\u2019ta n\u00f6bet tuttular\" \/>\n<meta property=\"og:description\" content=\"Kars Valili\u011fi koordinesinde, Sar\u0131kam\u0131\u015f Harekat\u0131&#8217;n\u0131n 110. y\u0131l\u0131 anma etkinlikleri dolay\u0131s\u0131yla Sar\u0131kam\u0131\u015f il\u00e7esinde anma etkinli\u011fi d\u00fczenlendi. Asker k\u0131yafeti giyerek il\u00e7e merkezinde toplanan vatanda\u015flar, T\u00fcrk bayraklar\u0131 ve me\u015faleler e\u015fli\u011finde Alisofu \u015eehitlik An\u0131t\u0131&#8217;na kadar yakla\u015f\u0131k 3 kilometre y\u00fcr\u00fcy\u00fc\u015f yapt\u0131. BAYRAK TESL\u0130M\u0130 YAPILDI Karl\u0131 ve so\u011fuk havaya ald\u0131r\u0131\u015f etmeyen kat\u0131l\u0131mc\u0131lar, \u015fehitlikte sayg\u0131 duru\u015funda bulundu, \u0130stiklal Mar\u015f\u0131&#8217;n\u0131 okudu. \u015eehitler i\u00e7in Kur&#8217;an-\u0131 Kerim okunan programda, Kafkas \u00dcniversitesi (KA\u00dc) Sar\u0131kam\u0131\u015f Beden E\u011fitimi ve Spor Y\u00fcksek Okulu ile Meslek Y\u00fcksekokulu \u00f6\u011frencileri temsili olarak n\u00f6bet de\u011fi\u015ftirerek bayrak teslim ald\u0131. Kars Valisi Ziya Polat, burada yapt\u0131\u011f\u0131 konu\u015fmada, t\u00fcm \u015fehitleri rahmetle and\u0131\u011f\u0131n\u0131 s\u00f6yledi. 4-5 OCAK\u2019TA ANMA ETK\u0130NL\u0130KLER\u0130 YAPILACAK Polat, etkinli\u011fe kat\u0131lanlara te\u015fekk\u00fcr ederek, Sar\u0131kam\u0131\u015f \u015eehitleri i\u00e7in 4-5 Ocak&#8217;ta da anma etkinlikleri yapacaklar\u0131n\u0131 s\u00f6yledi. CHP Kars Milletvekili \u0130nan Akg\u00fcn Alp de Sar\u0131kam\u0131\u015f Harekat\u0131 \u015fehitlerini anmak amac\u0131yla bir araya geldiklerini belirterek, &#8220;Bu vatan\u0131 bizlere kazand\u0131ran, bug\u00fcne kadar can\u0131n\u0131 vatan u\u011fruna veren t\u00fcm \u015fehitlerimizi rahmetle ve sayg\u0131yla an\u0131yoruz. Oca\u011f\u0131n ilk haftas\u0131nda d\u00fczenlenecek y\u00fcr\u00fcy\u00fc\u015fe herkesi bekliyoruz.&#8221; dedi. \u200bKars protokol\u00fc, on binlerce askerin donarak \u015fehit oldu\u011fu Sar\u0131kam\u0131\u015f\u2019ta me\u015faleli y\u00fcr\u00fcy\u00fc\u015f yap\u0131p, temsili n\u00f6bet tuttu.\u00a0 \u200bHaberin Al\u0131nt\u0131land\u0131\u011f\u0131 Kaynak: www.antalyakorfez.com\" \/>\n<meta property=\"og:url\" content=\"http:\/\/denizcankizil.tr\/de\/haberler\/gundem\/on-binlerce-askerin-donarak-can-verdigi-sarikamista-nobet-tuttular\/\" \/>\n<meta property=\"og:site_name\" content=\"Av. Deniz Can K\u0131z\u0131l\" \/>\n<meta property=\"article:published_time\" content=\"2024-12-22T18:41:21+00:00\" \/>\n<meta name=\"twitter:card\" content=\"summary_large_image\" \/>\n<meta name=\"twitter:label1\" content=\"Gesch\u00e4tzte Lesezeit\" \/>\n\t<meta name=\"twitter:data1\" content=\"1\u00a0Minute\" \/>\n<script type=\"application\/ld+json\" class=\"yoast-schema-graph\">{\"@context\":\"https:\/\/schema.org\",\"@graph\":[{\"@type\":\"Article\",\"@id\":\"http:\/\/denizcankizil.tr\/de\/haberler\/gundem\/on-binlerce-askerin-donarak-can-verdigi-sarikamista-nobet-tuttular\/#article\",\"isPartOf\":{\"@id\":\"http:\/\/denizcankizil.tr\/de\/haberler\/gundem\/on-binlerce-askerin-donarak-can-verdigi-sarikamista-nobet-tuttular\/\"},\"author\":{\"name\":\"\",\"@id\":\"\"},\"headline\":\"On binlerce askerin donarak can verdi\u011fi Sar\u0131kam\u0131\u015f\u2019ta n\u00f6bet tuttular\",\"datePublished\":\"2024-12-22T18:41:21+00:00\",\"mainEntityOfPage\":{\"@id\":\"http:\/\/denizcankizil.tr\/de\/haberler\/gundem\/on-binlerce-askerin-donarak-can-verdigi-sarikamista-nobet-tuttular\/\"},\"wordCount\":266,\"commentCount\":0,\"publisher\":{\"@id\":\"https:\/\/denizcankizil.tr\/de\/#organization\"},\"articleSection\":[\"G\u00fcndem\",\"Uncategorized\"],\"inLanguage\":\"de\",\"potentialAction\":[{\"@type\":\"CommentAction\",\"name\":\"Comment\",\"target\":[\"http:\/\/denizcankizil.tr\/de\/haberler\/gundem\/on-binlerce-askerin-donarak-can-verdigi-sarikamista-nobet-tuttular\/#respond\"]}]},{\"@type\":\"WebPage\",\"@id\":\"http:\/\/denizcankizil.tr\/de\/haberler\/gundem\/on-binlerce-askerin-donarak-can-verdigi-sarikamista-nobet-tuttular\/\",\"url\":\"http:\/\/denizcankizil.tr\/de\/haberler\/gundem\/on-binlerce-askerin-donarak-can-verdigi-sarikamista-nobet-tuttular\/\",\"name\":\"On binlerce askerin donarak can verdi\u011fi Sar\u0131kam\u0131\u015f\u2019ta n\u00f6bet tuttular - Av. Deniz Can K\u0131z\u0131l\",\"isPartOf\":{\"@id\":\"https:\/\/denizcankizil.tr\/de\/#website\"},\"datePublished\":\"2024-12-22T18:41:21+00:00\",\"breadcrumb\":{\"@id\":\"http:\/\/denizcankizil.tr\/de\/haberler\/gundem\/on-binlerce-askerin-donarak-can-verdigi-sarikamista-nobet-tuttular\/#breadcrumb\"},\"inLanguage\":\"de\",\"potentialAction\":[{\"@type\":\"ReadAction\",\"target\":[\"http:\/\/denizcankizil.tr\/de\/haberler\/gundem\/on-binlerce-askerin-donarak-can-verdigi-sarikamista-nobet-tuttular\/\"]}]},{\"@type\":\"BreadcrumbList\",\"@id\":\"http:\/\/denizcankizil.tr\/de\/haberler\/gundem\/on-binlerce-askerin-donarak-can-verdigi-sarikamista-nobet-tuttular\/#breadcrumb\",\"itemListElement\":[{\"@type\":\"ListItem\",\"position\":1,\"name\":\"Home\",\"item\":\"https:\/\/denizcankizil.tr\/de\/\"},{\"@type\":\"ListItem\",\"position\":2,\"name\":\"On binlerce askerin donarak can verdi\u011fi Sar\u0131kam\u0131\u015f\u2019ta n\u00f6bet tuttular\"}]},{\"@type\":\"WebSite\",\"@id\":\"https:\/\/denizcankizil.tr\/de\/#website\",\"url\":\"https:\/\/denizcankizil.tr\/de\/\",\"name\":\"Av. Deniz Can K\u0131z\u0131l\",\"description\":\"Avukat Deniz Can K\u0131z\u0131l Antalya Barosu\",\"publisher\":{\"@id\":\"https:\/\/denizcankizil.tr\/de\/#organization\"},\"potentialAction\":[{\"@type\":\"SearchAction\",\"target\":{\"@type\":\"EntryPoint\",\"urlTemplate\":\"https:\/\/denizcankizil.tr\/de\/?s={search_term_string}\"},\"query-input\":{\"@type\":\"PropertyValueSpecification\",\"valueRequired\":true,\"valueName\":\"search_term_string\"}}],\"inLanguage\":\"de\"},{\"@type\":\"Organization\",\"@id\":\"https:\/\/denizcankizil.tr\/de\/#organization\",\"name\":\"Av. Deniz Can K\u0131z\u0131l\",\"url\":\"https:\/\/denizcankizil.tr\/de\/\",\"logo\":{\"@type\":\"ImageObject\",\"inLanguage\":\"de\",\"@id\":\"https:\/\/denizcankizil.tr\/de\/#\/schema\/logo\/image\/\",\"url\":\"http:\/\/denizcankizil.tr\/wp-content\/uploads\/2024\/10\/siyah-logo-svg.svg\",\"contentUrl\":\"http:\/\/denizcankizil.tr\/wp-content\/uploads\/2024\/10\/siyah-logo-svg.svg\",\"width\":1080,\"height\":1080,\"caption\":\"Av. Deniz Can K\u0131z\u0131l\"},\"image\":{\"@id\":\"https:\/\/denizcankizil.tr\/de\/#\/schema\/logo\/image\/\"}}]}<\/script>\n<!-- \/ Yoast SEO Premium plugin. -->","yoast_head_json":{"title":"On binlerce askerin donarak can verdi\u011fi Sar\u0131kam\u0131\u015f\u2019ta n\u00f6bet tuttular - Av. Deniz Can K\u0131z\u0131l","robots":{"index":"index","follow":"follow","max-snippet":"max-snippet:-1","max-image-preview":"max-image-preview:large","max-video-preview":"max-video-preview:-1"},"canonical":"http:\/\/denizcankizil.tr\/de\/haberler\/gundem\/on-binlerce-askerin-donarak-can-verdigi-sarikamista-nobet-tuttular\/","og_locale":"de_DE","og_type":"article","og_title":"On binlerce askerin donarak can verdi\u011fi Sar\u0131kam\u0131\u015f\u2019ta n\u00f6bet tuttular","og_description":"Kars Valili\u011fi koordinesinde, Sar\u0131kam\u0131\u015f Harekat\u0131&#8217;n\u0131n 110. y\u0131l\u0131 anma etkinlikleri dolay\u0131s\u0131yla Sar\u0131kam\u0131\u015f il\u00e7esinde anma etkinli\u011fi d\u00fczenlendi. Asker k\u0131yafeti giyerek il\u00e7e merkezinde toplanan vatanda\u015flar, T\u00fcrk bayraklar\u0131 ve me\u015faleler e\u015fli\u011finde Alisofu \u015eehitlik An\u0131t\u0131&#8217;na kadar yakla\u015f\u0131k 3 kilometre y\u00fcr\u00fcy\u00fc\u015f yapt\u0131. BAYRAK TESL\u0130M\u0130 YAPILDI Karl\u0131 ve so\u011fuk havaya ald\u0131r\u0131\u015f etmeyen kat\u0131l\u0131mc\u0131lar, \u015fehitlikte sayg\u0131 duru\u015funda bulundu, \u0130stiklal Mar\u015f\u0131&#8217;n\u0131 okudu. \u015eehitler i\u00e7in Kur&#8217;an-\u0131 Kerim okunan programda, Kafkas \u00dcniversitesi (KA\u00dc) Sar\u0131kam\u0131\u015f Beden E\u011fitimi ve Spor Y\u00fcksek Okulu ile Meslek Y\u00fcksekokulu \u00f6\u011frencileri temsili olarak n\u00f6bet de\u011fi\u015ftirerek bayrak teslim ald\u0131. Kars Valisi Ziya Polat, burada yapt\u0131\u011f\u0131 konu\u015fmada, t\u00fcm \u015fehitleri rahmetle and\u0131\u011f\u0131n\u0131 s\u00f6yledi. 4-5 OCAK\u2019TA ANMA ETK\u0130NL\u0130KLER\u0130 YAPILACAK Polat, etkinli\u011fe kat\u0131lanlara te\u015fekk\u00fcr ederek, Sar\u0131kam\u0131\u015f \u015eehitleri i\u00e7in 4-5 Ocak&#8217;ta da anma etkinlikleri yapacaklar\u0131n\u0131 s\u00f6yledi. CHP Kars Milletvekili \u0130nan Akg\u00fcn Alp de Sar\u0131kam\u0131\u015f Harekat\u0131 \u015fehitlerini anmak amac\u0131yla bir araya geldiklerini belirterek, &#8220;Bu vatan\u0131 bizlere kazand\u0131ran, bug\u00fcne kadar can\u0131n\u0131 vatan u\u011fruna veren t\u00fcm \u015fehitlerimizi rahmetle ve sayg\u0131yla an\u0131yoruz. Oca\u011f\u0131n ilk haftas\u0131nda d\u00fczenlenecek y\u00fcr\u00fcy\u00fc\u015fe herkesi bekliyoruz.&#8221; dedi. \u200bKars protokol\u00fc, on binlerce askerin donarak \u015fehit oldu\u011fu Sar\u0131kam\u0131\u015f\u2019ta me\u015faleli y\u00fcr\u00fcy\u00fc\u015f yap\u0131p, temsili n\u00f6bet tuttu.\u00a0 \u200bHaberin Al\u0131nt\u0131land\u0131\u011f\u0131 Kaynak: www.antalyakorfez.com","og_url":"http:\/\/denizcankizil.tr\/de\/haberler\/gundem\/on-binlerce-askerin-donarak-can-verdigi-sarikamista-nobet-tuttular\/","og_site_name":"Av. Deniz Can K\u0131z\u0131l","article_published_time":"2024-12-22T18:41:21+00:00","twitter_card":"summary_large_image","twitter_misc":{"Gesch\u00e4tzte Lesezeit":"1\u00a0Minute"},"schema":{"@context":"https:\/\/schema.org","@graph":[{"@type":"Article","@id":"http:\/\/denizcankizil.tr\/de\/haberler\/gundem\/on-binlerce-askerin-donarak-can-verdigi-sarikamista-nobet-tuttular\/#article","isPartOf":{"@id":"http:\/\/denizcankizil.tr\/de\/haberler\/gundem\/on-binlerce-askerin-donarak-can-verdigi-sarikamista-nobet-tuttular\/"},"author":{"name":"","@id":""},"headline":"On binlerce askerin donarak can verdi\u011fi Sar\u0131kam\u0131\u015f\u2019ta n\u00f6bet tuttular","datePublished":"2024-12-22T18:41:21+00:00","mainEntityOfPage":{"@id":"http:\/\/denizcankizil.tr\/de\/haberler\/gundem\/on-binlerce-askerin-donarak-can-verdigi-sarikamista-nobet-tuttular\/"},"wordCount":266,"commentCount":0,"publisher":{"@id":"https:\/\/denizcankizil.tr\/de\/#organization"},"articleSection":["G\u00fcndem","Uncategorized"],"inLanguage":"de","potentialAction":[{"@type":"CommentAction","name":"Comment","target":["http:\/\/denizcankizil.tr\/de\/haberler\/gundem\/on-binlerce-askerin-donarak-can-verdigi-sarikamista-nobet-tuttular\/#respond"]}]},{"@type":"WebPage","@id":"http:\/\/denizcankizil.tr\/de\/haberler\/gundem\/on-binlerce-askerin-donarak-can-verdigi-sarikamista-nobet-tuttular\/","url":"http:\/\/denizcankizil.tr\/de\/haberler\/gundem\/on-binlerce-askerin-donarak-can-verdigi-sarikamista-nobet-tuttular\/","name":"On binlerce askerin donarak can verdi\u011fi Sar\u0131kam\u0131\u015f\u2019ta n\u00f6bet tuttular - Av. Deniz Can K\u0131z\u0131l","isPartOf":{"@id":"https:\/\/denizcankizil.tr\/de\/#website"},"datePublished":"2024-12-22T18:41:21+00:00","breadcrumb":{"@id":"http:\/\/denizcankizil.tr\/de\/haberler\/gundem\/on-binlerce-askerin-donarak-can-verdigi-sarikamista-nobet-tuttular\/#breadcrumb"},"inLanguage":"de","potentialAction":[{"@type":"ReadAction","target":["http:\/\/denizcankizil.tr\/de\/haberler\/gundem\/on-binlerce-askerin-donarak-can-verdigi-sarikamista-nobet-tuttular\/"]}]},{"@type":"BreadcrumbList","@id":"http:\/\/denizcankizil.tr\/de\/haberler\/gundem\/on-binlerce-askerin-donarak-can-verdigi-sarikamista-nobet-tuttular\/#breadcrumb","itemListElement":[{"@type":"ListItem","position":1,"name":"Home","item":"https:\/\/denizcankizil.tr\/de\/"},{"@type":"ListItem","position":2,"name":"On binlerce askerin donarak can verdi\u011fi Sar\u0131kam\u0131\u015f\u2019ta n\u00f6bet tuttular"}]},{"@type":"WebSite","@id":"https:\/\/denizcankizil.tr\/de\/#website","url":"https:\/\/denizcankizil.tr\/de\/","name":"Av. Deniz Can K\u0131z\u0131l","description":"Avukat Deniz Can K\u0131z\u0131l Antalya Barosu","publisher":{"@id":"https:\/\/denizcankizil.tr\/de\/#organization"},"potentialAction":[{"@type":"SearchAction","target":{"@type":"EntryPoint","urlTemplate":"https:\/\/denizcankizil.tr\/de\/?s={search_term_string}"},"query-input":{"@type":"PropertyValueSpecification","valueRequired":true,"valueName":"search_term_string"}}],"inLanguage":"de"},{"@type":"Organization","@id":"https:\/\/denizcankizil.tr\/de\/#organization","name":"Av. Deniz Can K\u0131z\u0131l","url":"https:\/\/denizcankizil.tr\/de\/","logo":{"@type":"ImageObject","inLanguage":"de","@id":"https:\/\/denizcankizil.tr\/de\/#\/schema\/logo\/image\/","url":"http:\/\/denizcankizil.tr\/wp-content\/uploads\/2024\/10\/siyah-logo-svg.svg","contentUrl":"http:\/\/denizcankizil.tr\/wp-content\/uploads\/2024\/10\/siyah-logo-svg.svg","width":1080,"height":1080,"caption":"Av. Deniz Can K\u0131z\u0131l"},"image":{"@id":"https:\/\/denizcankizil.tr\/de\/#\/schema\/logo\/image\/"}}]}},"_links":{"self":[{"href":"http:\/\/denizcankizil.tr\/de\/wp-json\/wp\/v2\/posts\/21779","targetHints":{"allow":["GET"]}}],"collection":[{"href":"http:\/\/denizcankizil.tr\/de\/wp-json\/wp\/v2\/posts"}],"about":[{"href":"http:\/\/denizcankizil.tr\/de\/wp-json\/wp\/v2\/types\/post"}],"replies":[{"embeddable":true,"href":"http:\/\/denizcankizil.tr\/de\/wp-json\/wp\/v2\/comments?post=21779"}],"version-history":[{"count":0,"href":"http:\/\/denizcankizil.tr\/de\/wp-json\/wp\/v2\/posts\/21779\/revisions"}],"wp:attachment":[{"href":"http:\/\/denizcankizil.tr\/de\/wp-json\/wp\/v2\/media?parent=21779"}],"wp:term":[{"taxonomy":"category","embeddable":true,"href":"http:\/\/denizcankizil.tr\/de\/wp-json\/wp\/v2\/categories?post=21779"},{"taxonomy":"post_tag","embeddable":true,"href":"http:\/\/denizcankizil.tr\/de\/wp-json\/wp\/v2\/tags?post=21779"}],"curies":[{"name":"wp","href":"https:\/\/api.w.org\/{rel}","templated":true}]}}