{"id":21767,"date":"2024-12-22T17:41:15","date_gmt":"2024-12-22T14:41:15","guid":{"rendered":"https:\/\/denizcankizil.tr\/uncategorized-tr\/alem-yapan-baba-hayatina-son-verdi\/"},"modified":"2024-12-22T17:41:15","modified_gmt":"2024-12-22T14:41:15","slug":"alem-yapan-baba-hayatina-son-verdi","status":"publish","type":"post","link":"http:\/\/denizcankizil.tr\/de\/haberler\/gundem\/alem-yapan-baba-hayatina-son-verdi\/","title":{"rendered":"Alem yapan baba hayat\u0131na son verdi!"},"content":{"rendered":"<p>\u0130zmir&#8217;in Torbal\u0131 il\u00e7esinde ya\u015fayan ve 18 g\u00fcnl\u00fckken spinal m\u00fcsk\u00fcler atrofi (SMA) Tip 1 te\u015fhisi konan \u0130kbal bebe\u011fin ya\u015fam m\u00fccadelesi devam ederken, baba Umut Karde\u015f&#8217;in gece kul\u00fcb\u00fcnde e\u011flendi\u011fi videolar b\u00fcy\u00fck tepki \u00e7ekmi\u015fti. Tepkilerin ard\u0131ndan k\u0131sa bir video payla\u015fan \u015fah\u0131s intihar etti.<\/p>\n<p>GECE KUL\u00dcB\u00dcNDEK\u0130 V\u0130DEOLARI ORTAYA \u00c7IKTI\u00a0<\/p>\n<p>Torbal\u0131\u2019da ya\u015fayan 1 ya\u015f\u0131ndaki \u0130kbal K.\u2019ye 18 g\u00fcnl\u00fckken spinal m\u00fcsk\u00fcler atrofi (SMA) Tip 1 te\u015fhisi kondu. \u0130kbal bebe\u011fin tek \u015fans\u0131 olan zolgensma tedavisi i\u00e7in gereken 1 milyon 819 bin dolar i\u00e7in ise valilik onayl\u0131 kampanya hesab\u0131 olu\u015fturuldu. Vatanda\u015flar ve sivil toplum kurulu\u015flar\u0131 da bu kampanyaya destek olurken, \u0130kbal bebe\u011fin babas\u0131 Umut Karde\u015f&#8217;in gece kul\u00fcplerindeki videolar\u0131 ortaya \u00e7\u0131km\u0131\u015ft\u0131.<\/p>\n<p>HEP\u0130N\u0130Z BEN\u0130 SU\u00c7LADINIZ\u00a0<\/p>\n<p>Umut Karde\u015f&#8217;in gece kul\u00fcplerinde \u00f6zel masalar ay\u0131rtt\u0131\u011f\u0131, i\u00e7ki \u015fi\u015feleri a\u00e7t\u0131r\u0131p \u00e7al\u0131\u015fanlara para sa\u00e7t\u0131\u011f\u0131 anlar\u0131n g\u00f6r\u00fcnt\u00fcleri sosyal medyada da yay\u0131l\u0131nca vatanda\u015flar taraf\u0131ndan b\u00fcy\u00fck tepki g\u00f6rm\u00fc\u015ft\u00fc. Umut Karde\u015f, tepkilerin ard\u0131ndan sosyal medyada yay\u0131mlad\u0131\u011f\u0131 videoda, \u201cHepiniz beni su\u00e7lad\u0131n\u0131z, paralar\u0131 orda burada yiyor, diye. Hesab\u0131 a\u00e7\u0131n bak\u0131n, ben bir kuru\u015f para yemi\u015f miyim? Elden verip de dekont g\u00f6ndermedi\u011fim bir ki\u015fi gelip bana, \u2018dekontum gelmedi\u2019\u2026 Valili\u011fe her zaman g\u00f6t\u00fcrd\u00fc\u011f\u00fcm dok\u00fcmanlar ortada&#8221; dedi.<\/p>\n<p>HAKKIMI HELAL ETM\u0130YORUM\u00a0<\/p>\n<p>Karde\u015f, videonun devam\u0131nda, &#8220;Gelen de belli giden de belli. Ben e\u015fimi buradan kovmad\u0131m. 6 ay de\u011fil, 2 ay bile olmad\u0131 orada. Kavga edip gitmedi. Karde\u015fiyle beraber g\u00fclerek gitti, ondan sonra bir \u015feyler \u00f6\u011frendim evime gelmesini istemedim. Bir de bunun ge\u00e7mi\u015fi de var. Bizi bilenler biliyor, neden tart\u0131\u015ft\u0131\u011f\u0131m\u0131, neden istemedi\u011fimi. Kimse benim hakk\u0131m\u0131 \u00f6deyemez. Benim k\u0131z\u0131m i\u00e7in neler yapt\u0131\u011f\u0131m\u0131 g\u00f6ren g\u00f6rd\u00fc. Ben bu saatten sonra bu d\u00fcnyada yokum ama hakk\u0131m hi\u00e7birinize helal de\u011fil\u201d ifadelerini kullan\u0131p daha sonra ara\u00e7 i\u00e7erisinde tabanca ile ba\u015f\u0131na ate\u015f etti. A\u011f\u0131r yaral\u0131 olarak hastaneye kald\u0131r\u0131lan \u015fah\u0131s, buradaki t\u00fcm m\u00fcdahalelere ra\u011fmen kurtar\u0131lamayarak hayat\u0131n\u0131 kaybetti.\u00a0<br \/>\n\u00a0\u00a0 \u00a0 \u00a0 \u00a0 \u00a0 \u00a0 \u00a0 \u00a0 \u00a0 \u00a0 \u00a0 \u00a0 \u00a0 \u00a0 \u00a0 \u00a0 \u00a0\u00a0<\/p>\n<p>\u200b\u0130zmir&#8217;in Torbal\u0131 il\u00e7esinde SMA hastas\u0131 bebe\u011fi hayat m\u00fccadelesi verirken,  baba Umut Karde\u015f&#8217;in alem  yapan g\u00f6r\u00fcnt\u00fcleri tepki \u00e7ekti. Tepkilere dayanamayan baba, &#8220;Hakk\u0131m\u0131 helal etmiyorum&#8221; diyerek hayat\u0131na son verdi.\u00a0<\/p>\n<p>\u200bHaberin Al\u0131nt\u0131land\u0131\u011f\u0131 Kaynak: www.antalyakorfez.com<\/p>","protected":false},"excerpt":{"rendered":"<p>\u0130zmir&#8217;in Torbal\u0131 il\u00e7esinde ya\u015fayan ve 18 g\u00fcnl\u00fckken spinal m\u00fcsk\u00fcler atrofi (SMA) Tip 1 te\u015fhisi konan \u0130kbal bebe\u011fin ya\u015fam m\u00fccadelesi devam ederken, baba Umut Karde\u015f&#8217;in gece kul\u00fcb\u00fcnde e\u011flendi\u011fi videolar b\u00fcy\u00fck tepki \u00e7ekmi\u015fti. Tepkilerin ard\u0131ndan k\u0131sa bir video payla\u015fan \u015fah\u0131s intihar etti. GECE KUL\u00dcB\u00dcNDEK\u0130 V\u0130DEOLARI ORTAYA \u00c7IKTI\u00a0 Torbal\u0131\u2019da ya\u015fayan 1 ya\u015f\u0131ndaki \u0130kbal K.\u2019ye 18 g\u00fcnl\u00fckken spinal m\u00fcsk\u00fcler atrofi (SMA) Tip 1 te\u015fhisi kondu. \u0130kbal bebe\u011fin tek \u015fans\u0131 olan zolgensma tedavisi i\u00e7in gereken 1 milyon 819 bin dolar i\u00e7in ise valilik onayl\u0131 kampanya hesab\u0131 olu\u015fturuldu. Vatanda\u015flar ve sivil toplum kurulu\u015flar\u0131 da bu kampanyaya destek olurken, \u0130kbal bebe\u011fin babas\u0131 Umut Karde\u015f&#8217;in gece kul\u00fcplerindeki videolar\u0131 ortaya \u00e7\u0131km\u0131\u015ft\u0131. HEP\u0130N\u0130Z BEN\u0130 SU\u00c7LADINIZ\u00a0 Umut Karde\u015f&#8217;in gece kul\u00fcplerinde \u00f6zel masalar ay\u0131rtt\u0131\u011f\u0131, i\u00e7ki \u015fi\u015feleri a\u00e7t\u0131r\u0131p \u00e7al\u0131\u015fanlara para sa\u00e7t\u0131\u011f\u0131 anlar\u0131n g\u00f6r\u00fcnt\u00fcleri sosyal medyada da yay\u0131l\u0131nca vatanda\u015flar taraf\u0131ndan b\u00fcy\u00fck tepki g\u00f6rm\u00fc\u015ft\u00fc. Umut Karde\u015f, tepkilerin ard\u0131ndan sosyal medyada yay\u0131mlad\u0131\u011f\u0131 videoda, \u201cHepiniz beni su\u00e7lad\u0131n\u0131z, paralar\u0131 orda burada yiyor, diye. Hesab\u0131 a\u00e7\u0131n bak\u0131n, ben bir kuru\u015f para yemi\u015f miyim? Elden verip de dekont g\u00f6ndermedi\u011fim bir ki\u015fi gelip bana, \u2018dekontum gelmedi\u2019\u2026 Valili\u011fe her zaman g\u00f6t\u00fcrd\u00fc\u011f\u00fcm dok\u00fcmanlar ortada&#8221; dedi. HAKKIMI HELAL ETM\u0130YORUM\u00a0 Karde\u015f, videonun devam\u0131nda, &#8220;Gelen de belli giden de belli. Ben e\u015fimi buradan kovmad\u0131m. 6 ay de\u011fil, 2 ay bile olmad\u0131 orada. Kavga edip gitmedi. Karde\u015fiyle &hellip;<\/p>","protected":false},"author":0,"featured_media":0,"comment_status":"open","ping_status":"open","sticky":false,"template":"","format":"standard","meta":{"_acf_changed":false,"footnotes":""},"categories":[24,535],"tags":[],"class_list":["post-21767","post","type-post","status-publish","format-standard","has-post-thumbnail","hentry","category-gundem","category-uncategorized-tr"],"acf":[],"yoast_head":"<!-- This site is optimized with the Yoast SEO Premium plugin v26.6 (Yoast SEO v27.1.1) - https:\/\/yoast.com\/product\/yoast-seo-premium-wordpress\/ -->\n<title>Alem yapan baba hayat\u0131na son verdi! - Av. Deniz Can K\u0131z\u0131l<\/title>\n<meta name=\"robots\" content=\"index, follow, max-snippet:-1, max-image-preview:large, max-video-preview:-1\" \/>\n<link rel=\"canonical\" href=\"http:\/\/denizcankizil.tr\/de\/haberler\/gundem\/alem-yapan-baba-hayatina-son-verdi\/\" \/>\n<meta property=\"og:locale\" content=\"de_DE\" \/>\n<meta property=\"og:type\" content=\"article\" \/>\n<meta property=\"og:title\" content=\"Alem yapan baba hayat\u0131na son verdi!\" \/>\n<meta property=\"og:description\" content=\"\u0130zmir&#8217;in Torbal\u0131 il\u00e7esinde ya\u015fayan ve 18 g\u00fcnl\u00fckken spinal m\u00fcsk\u00fcler atrofi (SMA) Tip 1 te\u015fhisi konan \u0130kbal bebe\u011fin ya\u015fam m\u00fccadelesi devam ederken, baba Umut Karde\u015f&#8217;in gece kul\u00fcb\u00fcnde e\u011flendi\u011fi videolar b\u00fcy\u00fck tepki \u00e7ekmi\u015fti. Tepkilerin ard\u0131ndan k\u0131sa bir video payla\u015fan \u015fah\u0131s intihar etti. GECE KUL\u00dcB\u00dcNDEK\u0130 V\u0130DEOLARI ORTAYA \u00c7IKTI\u00a0 Torbal\u0131\u2019da ya\u015fayan 1 ya\u015f\u0131ndaki \u0130kbal K.\u2019ye 18 g\u00fcnl\u00fckken spinal m\u00fcsk\u00fcler atrofi (SMA) Tip 1 te\u015fhisi kondu. \u0130kbal bebe\u011fin tek \u015fans\u0131 olan zolgensma tedavisi i\u00e7in gereken 1 milyon 819 bin dolar i\u00e7in ise valilik onayl\u0131 kampanya hesab\u0131 olu\u015fturuldu. Vatanda\u015flar ve sivil toplum kurulu\u015flar\u0131 da bu kampanyaya destek olurken, \u0130kbal bebe\u011fin babas\u0131 Umut Karde\u015f&#8217;in gece kul\u00fcplerindeki videolar\u0131 ortaya \u00e7\u0131km\u0131\u015ft\u0131. HEP\u0130N\u0130Z BEN\u0130 SU\u00c7LADINIZ\u00a0 Umut Karde\u015f&#8217;in gece kul\u00fcplerinde \u00f6zel masalar ay\u0131rtt\u0131\u011f\u0131, i\u00e7ki \u015fi\u015feleri a\u00e7t\u0131r\u0131p \u00e7al\u0131\u015fanlara para sa\u00e7t\u0131\u011f\u0131 anlar\u0131n g\u00f6r\u00fcnt\u00fcleri sosyal medyada da yay\u0131l\u0131nca vatanda\u015flar taraf\u0131ndan b\u00fcy\u00fck tepki g\u00f6rm\u00fc\u015ft\u00fc. Umut Karde\u015f, tepkilerin ard\u0131ndan sosyal medyada yay\u0131mlad\u0131\u011f\u0131 videoda, \u201cHepiniz beni su\u00e7lad\u0131n\u0131z, paralar\u0131 orda burada yiyor, diye. Hesab\u0131 a\u00e7\u0131n bak\u0131n, ben bir kuru\u015f para yemi\u015f miyim? Elden verip de dekont g\u00f6ndermedi\u011fim bir ki\u015fi gelip bana, \u2018dekontum gelmedi\u2019\u2026 Valili\u011fe her zaman g\u00f6t\u00fcrd\u00fc\u011f\u00fcm dok\u00fcmanlar ortada&#8221; dedi. HAKKIMI HELAL ETM\u0130YORUM\u00a0 Karde\u015f, videonun devam\u0131nda, &#8220;Gelen de belli giden de belli. Ben e\u015fimi buradan kovmad\u0131m. 6 ay de\u011fil, 2 ay bile olmad\u0131 orada. Kavga edip gitmedi. Karde\u015fiyle &hellip;\" \/>\n<meta property=\"og:url\" content=\"http:\/\/denizcankizil.tr\/de\/haberler\/gundem\/alem-yapan-baba-hayatina-son-verdi\/\" \/>\n<meta property=\"og:site_name\" content=\"Av. Deniz Can K\u0131z\u0131l\" \/>\n<meta property=\"article:published_time\" content=\"2024-12-22T14:41:15+00:00\" \/>\n<meta name=\"twitter:card\" content=\"summary_large_image\" \/>\n<meta name=\"twitter:label1\" content=\"Gesch\u00e4tzte Lesezeit\" \/>\n\t<meta name=\"twitter:data1\" content=\"2\u00a0Minuten\" \/>\n<script type=\"application\/ld+json\" class=\"yoast-schema-graph\">{\"@context\":\"https:\/\/schema.org\",\"@graph\":[{\"@type\":\"Article\",\"@id\":\"http:\/\/denizcankizil.tr\/de\/haberler\/gundem\/alem-yapan-baba-hayatina-son-verdi\/#article\",\"isPartOf\":{\"@id\":\"http:\/\/denizcankizil.tr\/de\/haberler\/gundem\/alem-yapan-baba-hayatina-son-verdi\/\"},\"author\":{\"name\":\"\",\"@id\":\"\"},\"headline\":\"Alem yapan baba hayat\u0131na son verdi!\",\"datePublished\":\"2024-12-22T14:41:15+00:00\",\"mainEntityOfPage\":{\"@id\":\"http:\/\/denizcankizil.tr\/de\/haberler\/gundem\/alem-yapan-baba-hayatina-son-verdi\/\"},\"wordCount\":434,\"commentCount\":0,\"publisher\":{\"@id\":\"https:\/\/denizcankizil.tr\/de\/#organization\"},\"articleSection\":[\"G\u00fcndem\",\"Uncategorized\"],\"inLanguage\":\"de\",\"potentialAction\":[{\"@type\":\"CommentAction\",\"name\":\"Comment\",\"target\":[\"http:\/\/denizcankizil.tr\/de\/haberler\/gundem\/alem-yapan-baba-hayatina-son-verdi\/#respond\"]}]},{\"@type\":\"WebPage\",\"@id\":\"http:\/\/denizcankizil.tr\/de\/haberler\/gundem\/alem-yapan-baba-hayatina-son-verdi\/\",\"url\":\"http:\/\/denizcankizil.tr\/de\/haberler\/gundem\/alem-yapan-baba-hayatina-son-verdi\/\",\"name\":\"Alem yapan baba hayat\u0131na son verdi! - Av. Deniz Can K\u0131z\u0131l\",\"isPartOf\":{\"@id\":\"https:\/\/denizcankizil.tr\/de\/#website\"},\"datePublished\":\"2024-12-22T14:41:15+00:00\",\"breadcrumb\":{\"@id\":\"http:\/\/denizcankizil.tr\/de\/haberler\/gundem\/alem-yapan-baba-hayatina-son-verdi\/#breadcrumb\"},\"inLanguage\":\"de\",\"potentialAction\":[{\"@type\":\"ReadAction\",\"target\":[\"http:\/\/denizcankizil.tr\/de\/haberler\/gundem\/alem-yapan-baba-hayatina-son-verdi\/\"]}]},{\"@type\":\"BreadcrumbList\",\"@id\":\"http:\/\/denizcankizil.tr\/de\/haberler\/gundem\/alem-yapan-baba-hayatina-son-verdi\/#breadcrumb\",\"itemListElement\":[{\"@type\":\"ListItem\",\"position\":1,\"name\":\"Home\",\"item\":\"https:\/\/denizcankizil.tr\/de\/\"},{\"@type\":\"ListItem\",\"position\":2,\"name\":\"Alem yapan baba hayat\u0131na son verdi!\"}]},{\"@type\":\"WebSite\",\"@id\":\"https:\/\/denizcankizil.tr\/de\/#website\",\"url\":\"https:\/\/denizcankizil.tr\/de\/\",\"name\":\"Av. Deniz Can K\u0131z\u0131l\",\"description\":\"Avukat Deniz Can K\u0131z\u0131l Antalya Barosu\",\"publisher\":{\"@id\":\"https:\/\/denizcankizil.tr\/de\/#organization\"},\"potentialAction\":[{\"@type\":\"SearchAction\",\"target\":{\"@type\":\"EntryPoint\",\"urlTemplate\":\"https:\/\/denizcankizil.tr\/de\/?s={search_term_string}\"},\"query-input\":{\"@type\":\"PropertyValueSpecification\",\"valueRequired\":true,\"valueName\":\"search_term_string\"}}],\"inLanguage\":\"de\"},{\"@type\":\"Organization\",\"@id\":\"https:\/\/denizcankizil.tr\/de\/#organization\",\"name\":\"Av. Deniz Can K\u0131z\u0131l\",\"url\":\"https:\/\/denizcankizil.tr\/de\/\",\"logo\":{\"@type\":\"ImageObject\",\"inLanguage\":\"de\",\"@id\":\"https:\/\/denizcankizil.tr\/de\/#\/schema\/logo\/image\/\",\"url\":\"http:\/\/denizcankizil.tr\/wp-content\/uploads\/2024\/10\/siyah-logo-svg.svg\",\"contentUrl\":\"http:\/\/denizcankizil.tr\/wp-content\/uploads\/2024\/10\/siyah-logo-svg.svg\",\"width\":1080,\"height\":1080,\"caption\":\"Av. Deniz Can K\u0131z\u0131l\"},\"image\":{\"@id\":\"https:\/\/denizcankizil.tr\/de\/#\/schema\/logo\/image\/\"}}]}<\/script>\n<!-- \/ Yoast SEO Premium plugin. -->","yoast_head_json":{"title":"Alem yapan baba hayat\u0131na son verdi! - Av. Deniz Can K\u0131z\u0131l","robots":{"index":"index","follow":"follow","max-snippet":"max-snippet:-1","max-image-preview":"max-image-preview:large","max-video-preview":"max-video-preview:-1"},"canonical":"http:\/\/denizcankizil.tr\/de\/haberler\/gundem\/alem-yapan-baba-hayatina-son-verdi\/","og_locale":"de_DE","og_type":"article","og_title":"Alem yapan baba hayat\u0131na son verdi!","og_description":"\u0130zmir&#8217;in Torbal\u0131 il\u00e7esinde ya\u015fayan ve 18 g\u00fcnl\u00fckken spinal m\u00fcsk\u00fcler atrofi (SMA) Tip 1 te\u015fhisi konan \u0130kbal bebe\u011fin ya\u015fam m\u00fccadelesi devam ederken, baba Umut Karde\u015f&#8217;in gece kul\u00fcb\u00fcnde e\u011flendi\u011fi videolar b\u00fcy\u00fck tepki \u00e7ekmi\u015fti. Tepkilerin ard\u0131ndan k\u0131sa bir video payla\u015fan \u015fah\u0131s intihar etti. GECE KUL\u00dcB\u00dcNDEK\u0130 V\u0130DEOLARI ORTAYA \u00c7IKTI\u00a0 Torbal\u0131\u2019da ya\u015fayan 1 ya\u015f\u0131ndaki \u0130kbal K.\u2019ye 18 g\u00fcnl\u00fckken spinal m\u00fcsk\u00fcler atrofi (SMA) Tip 1 te\u015fhisi kondu. \u0130kbal bebe\u011fin tek \u015fans\u0131 olan zolgensma tedavisi i\u00e7in gereken 1 milyon 819 bin dolar i\u00e7in ise valilik onayl\u0131 kampanya hesab\u0131 olu\u015fturuldu. Vatanda\u015flar ve sivil toplum kurulu\u015flar\u0131 da bu kampanyaya destek olurken, \u0130kbal bebe\u011fin babas\u0131 Umut Karde\u015f&#8217;in gece kul\u00fcplerindeki videolar\u0131 ortaya \u00e7\u0131km\u0131\u015ft\u0131. HEP\u0130N\u0130Z BEN\u0130 SU\u00c7LADINIZ\u00a0 Umut Karde\u015f&#8217;in gece kul\u00fcplerinde \u00f6zel masalar ay\u0131rtt\u0131\u011f\u0131, i\u00e7ki \u015fi\u015feleri a\u00e7t\u0131r\u0131p \u00e7al\u0131\u015fanlara para sa\u00e7t\u0131\u011f\u0131 anlar\u0131n g\u00f6r\u00fcnt\u00fcleri sosyal medyada da yay\u0131l\u0131nca vatanda\u015flar taraf\u0131ndan b\u00fcy\u00fck tepki g\u00f6rm\u00fc\u015ft\u00fc. Umut Karde\u015f, tepkilerin ard\u0131ndan sosyal medyada yay\u0131mlad\u0131\u011f\u0131 videoda, \u201cHepiniz beni su\u00e7lad\u0131n\u0131z, paralar\u0131 orda burada yiyor, diye. Hesab\u0131 a\u00e7\u0131n bak\u0131n, ben bir kuru\u015f para yemi\u015f miyim? Elden verip de dekont g\u00f6ndermedi\u011fim bir ki\u015fi gelip bana, \u2018dekontum gelmedi\u2019\u2026 Valili\u011fe her zaman g\u00f6t\u00fcrd\u00fc\u011f\u00fcm dok\u00fcmanlar ortada&#8221; dedi. HAKKIMI HELAL ETM\u0130YORUM\u00a0 Karde\u015f, videonun devam\u0131nda, &#8220;Gelen de belli giden de belli. Ben e\u015fimi buradan kovmad\u0131m. 6 ay de\u011fil, 2 ay bile olmad\u0131 orada. Kavga edip gitmedi. Karde\u015fiyle &hellip;","og_url":"http:\/\/denizcankizil.tr\/de\/haberler\/gundem\/alem-yapan-baba-hayatina-son-verdi\/","og_site_name":"Av. Deniz Can K\u0131z\u0131l","article_published_time":"2024-12-22T14:41:15+00:00","twitter_card":"summary_large_image","twitter_misc":{"Gesch\u00e4tzte Lesezeit":"2\u00a0Minuten"},"schema":{"@context":"https:\/\/schema.org","@graph":[{"@type":"Article","@id":"http:\/\/denizcankizil.tr\/de\/haberler\/gundem\/alem-yapan-baba-hayatina-son-verdi\/#article","isPartOf":{"@id":"http:\/\/denizcankizil.tr\/de\/haberler\/gundem\/alem-yapan-baba-hayatina-son-verdi\/"},"author":{"name":"","@id":""},"headline":"Alem yapan baba hayat\u0131na son verdi!","datePublished":"2024-12-22T14:41:15+00:00","mainEntityOfPage":{"@id":"http:\/\/denizcankizil.tr\/de\/haberler\/gundem\/alem-yapan-baba-hayatina-son-verdi\/"},"wordCount":434,"commentCount":0,"publisher":{"@id":"https:\/\/denizcankizil.tr\/de\/#organization"},"articleSection":["G\u00fcndem","Uncategorized"],"inLanguage":"de","potentialAction":[{"@type":"CommentAction","name":"Comment","target":["http:\/\/denizcankizil.tr\/de\/haberler\/gundem\/alem-yapan-baba-hayatina-son-verdi\/#respond"]}]},{"@type":"WebPage","@id":"http:\/\/denizcankizil.tr\/de\/haberler\/gundem\/alem-yapan-baba-hayatina-son-verdi\/","url":"http:\/\/denizcankizil.tr\/de\/haberler\/gundem\/alem-yapan-baba-hayatina-son-verdi\/","name":"Alem yapan baba hayat\u0131na son verdi! - Av. Deniz Can K\u0131z\u0131l","isPartOf":{"@id":"https:\/\/denizcankizil.tr\/de\/#website"},"datePublished":"2024-12-22T14:41:15+00:00","breadcrumb":{"@id":"http:\/\/denizcankizil.tr\/de\/haberler\/gundem\/alem-yapan-baba-hayatina-son-verdi\/#breadcrumb"},"inLanguage":"de","potentialAction":[{"@type":"ReadAction","target":["http:\/\/denizcankizil.tr\/de\/haberler\/gundem\/alem-yapan-baba-hayatina-son-verdi\/"]}]},{"@type":"BreadcrumbList","@id":"http:\/\/denizcankizil.tr\/de\/haberler\/gundem\/alem-yapan-baba-hayatina-son-verdi\/#breadcrumb","itemListElement":[{"@type":"ListItem","position":1,"name":"Home","item":"https:\/\/denizcankizil.tr\/de\/"},{"@type":"ListItem","position":2,"name":"Alem yapan baba hayat\u0131na son verdi!"}]},{"@type":"WebSite","@id":"https:\/\/denizcankizil.tr\/de\/#website","url":"https:\/\/denizcankizil.tr\/de\/","name":"Av. Deniz Can K\u0131z\u0131l","description":"Avukat Deniz Can K\u0131z\u0131l Antalya Barosu","publisher":{"@id":"https:\/\/denizcankizil.tr\/de\/#organization"},"potentialAction":[{"@type":"SearchAction","target":{"@type":"EntryPoint","urlTemplate":"https:\/\/denizcankizil.tr\/de\/?s={search_term_string}"},"query-input":{"@type":"PropertyValueSpecification","valueRequired":true,"valueName":"search_term_string"}}],"inLanguage":"de"},{"@type":"Organization","@id":"https:\/\/denizcankizil.tr\/de\/#organization","name":"Av. Deniz Can K\u0131z\u0131l","url":"https:\/\/denizcankizil.tr\/de\/","logo":{"@type":"ImageObject","inLanguage":"de","@id":"https:\/\/denizcankizil.tr\/de\/#\/schema\/logo\/image\/","url":"http:\/\/denizcankizil.tr\/wp-content\/uploads\/2024\/10\/siyah-logo-svg.svg","contentUrl":"http:\/\/denizcankizil.tr\/wp-content\/uploads\/2024\/10\/siyah-logo-svg.svg","width":1080,"height":1080,"caption":"Av. Deniz Can K\u0131z\u0131l"},"image":{"@id":"https:\/\/denizcankizil.tr\/de\/#\/schema\/logo\/image\/"}}]}},"_links":{"self":[{"href":"http:\/\/denizcankizil.tr\/de\/wp-json\/wp\/v2\/posts\/21767","targetHints":{"allow":["GET"]}}],"collection":[{"href":"http:\/\/denizcankizil.tr\/de\/wp-json\/wp\/v2\/posts"}],"about":[{"href":"http:\/\/denizcankizil.tr\/de\/wp-json\/wp\/v2\/types\/post"}],"replies":[{"embeddable":true,"href":"http:\/\/denizcankizil.tr\/de\/wp-json\/wp\/v2\/comments?post=21767"}],"version-history":[{"count":0,"href":"http:\/\/denizcankizil.tr\/de\/wp-json\/wp\/v2\/posts\/21767\/revisions"}],"wp:attachment":[{"href":"http:\/\/denizcankizil.tr\/de\/wp-json\/wp\/v2\/media?parent=21767"}],"wp:term":[{"taxonomy":"category","embeddable":true,"href":"http:\/\/denizcankizil.tr\/de\/wp-json\/wp\/v2\/categories?post=21767"},{"taxonomy":"post_tag","embeddable":true,"href":"http:\/\/denizcankizil.tr\/de\/wp-json\/wp\/v2\/tags?post=21767"}],"curies":[{"name":"wp","href":"https:\/\/api.w.org\/{rel}","templated":true}]}}