{"id":21753,"date":"2024-12-22T16:41:14","date_gmt":"2024-12-22T13:41:14","guid":{"rendered":"https:\/\/denizcankizil.tr\/uncategorized-tr\/manavgatta-yasanan-selde-kopek-kurtarma-operasyonu\/"},"modified":"2024-12-22T16:41:14","modified_gmt":"2024-12-22T13:41:14","slug":"manavgatta-yasanan-selde-kopek-kurtarma-operasyonu","status":"publish","type":"post","link":"http:\/\/denizcankizil.tr\/de\/haberler\/gundem\/manavgatta-yasanan-selde-kopek-kurtarma-operasyonu\/","title":{"rendered":"Manavgat\u2019ta ya\u015fanan selde k\u00f6pek kurtarma operasyonu"},"content":{"rendered":"<p>Turuncu kod uyar\u0131s\u0131 yap\u0131lan Antalya&#8217;n\u0131n do\u011fu il\u00e7elerinde ya\u011f\u0131\u015f\u0131n en \u00e7ok hissedildi\u011fi Manavgat&#8217;ta vatanda\u015flar\u0131n sel sular\u0131 aras\u0131nda barakada mahsur kalan bir k\u00f6pe\u011fi kurtarma anlar\u0131 cep telefonu kameras\u0131 ile kaydedildi.<\/p>\n<p>ARADIK, GELEN OLMADI<\/p>\n<p>G\u00f6r\u00fcnt\u00fclerde bir vatanda\u015flar\u0131n ak\u0131nt\u0131ya ra\u011fmen beline ba\u011flad\u0131\u011f\u0131 ip yard\u0131m\u0131yla k\u00f6pe\u011fin bulundu\u011fu barakaya gitti\u011fi ve bir s\u00fcre sonra k\u00f6pe\u011fi bulundu\u011fu yerden \u00e7\u0131kartt\u0131\u011f\u0131 g\u00f6r\u00fcld\u00fc. G\u00f6r\u00fcnt\u00fclerde beline ba\u011flad\u0131\u011f\u0131 ip ile k\u00f6pe\u011fi kurmaya \u00e7al\u0131\u015fan vatanda\u015f, \u201c\u0130\u015fyerinde \u00e7al\u0131\u015f\u0131yordum, kom\u015fular video att\u0131lar. Kafesin yar\u0131ya kadar su i\u00e7indeki halini g\u00f6r\u00fcnce i\u015fyerinden geldim. Ge\u00e7er mi diye biraz bekledik. Birka\u00e7 yeri arad\u0131k, gelen giden olmad\u0131. Sa\u011f olsunlar kom\u015fular\u0131mla girdik k\u00f6pe\u011fi al\u0131p \u00e7\u0131kard\u0131k. Buralar berbatt\u0131. Arabalar dizilmi\u015fti, bizim arabalar, \u00fcst taraftaki kom\u015fular\u0131n arabalar\u0131, buras\u0131 hep araba dolmu\u015ftu. Birka\u00e7 arac\u0131 kendi imkanlar\u0131m\u0131zla \u00e7\u0131kard\u0131k, kalan\u0131na da jandarma geldi, onlar \u00e7\u0131kard\u0131\u201d dedi.<\/p>\n<p>\u0130P BA\u011eLAYIP K\u00d6PE\u011e\u0130 \u00c7IKARDIK<\/p>\n<p>G\u00fcls\u00fcm Toklu isimli vatanda\u015f ise ya\u015fanan o anlar\u0131 \u201cD\u00fcn birden ya\u011fmur bast\u0131rd\u0131. Benim balkonun giderinden bile su \u00e7\u0131kt\u0131. Video \u00e7ekerken bir bakt\u0131m k\u00f6pek suyun i\u00e7inde, araban\u0131n biride buradan o tarafa kay\u0131yor. Kom\u015fular gitti arabay\u0131 tutamad\u0131lar, kom\u015funun birisi d\u00fc\u015ft\u00fc suya, onu kald\u0131rd\u0131lar. \u0130p ba\u011flay\u0131p k\u00f6pe\u011fi \u00e7\u0131kard\u0131k. Yani burada k\u00fc\u00e7\u00fck k\u0131yamet gibi bir \u015fey ya\u015fand\u0131. \u00c7\u00fcnk\u00fc her yerden sular f\u0131\u015fk\u0131r\u0131yor, evin i\u00e7ine sular geliyor. Balkondaki giderlerden bile su f\u0131\u015fk\u0131r\u0131yor. Nas\u0131l anlat\u0131l\u0131r ki, rabbim bir daha g\u00f6stermesin\u201d s\u00f6zleriyle anlatt\u0131.<\/p>\n<p>HER \u015eEY SU ALTINDA KALDI<\/p>\n<p>\u0130\u015fyerinde \u00e7al\u0131\u015f\u0131rken e\u015finin kendisini aramas\u0131 ile durumdan haberdar oldu\u011funu belirten Ra\u015fit Ta\u015f, \u201cD\u00fcn Manavgat&#8217;\u0131 sel bast\u0131. \u0130\u015fyerindeydim, e\u015fim arad\u0131, evin \u00f6n\u00fcne birden sel geldi\u011fini s\u00f6yledi. Acele ile i\u015fyerinden \u00e7\u0131kt\u0131\u011f\u0131m\u0131zda \u00e7ar\u015f\u0131da kilitlenmi\u015f durumdayd\u0131. O tela\u015fla gelirken ufak bir kaza atlatt\u0131k. Evin \u00f6n\u00fcne geldi\u011fimde tavuk k\u00fcmesleri, k\u00f6pek kul\u00fcbesi sular alt\u0131nda kalm\u0131\u015ft\u0131. Sonradan toparlamaya \u00e7al\u0131\u015ft\u0131lar, ama ortal\u0131k bu halde\u201d ifadelerini kulland\u0131.<\/p>\n<p>\u200bManavgat\u2019ta etkili olan selde barakada mahsur kalan k\u00f6pek, vatanda\u015flar\u0131n \u00e7abas\u0131yla kurtar\u0131ld\u0131. Ya\u015fananlar an be an cep telefonu kameras\u0131na yans\u0131d\u0131\u00a0<\/p>\n<p>\u200bHaberin Al\u0131nt\u0131land\u0131\u011f\u0131 Kaynak: www.antalyakorfez.com<\/p>","protected":false},"excerpt":{"rendered":"<p>Turuncu kod uyar\u0131s\u0131 yap\u0131lan Antalya&#8217;n\u0131n do\u011fu il\u00e7elerinde ya\u011f\u0131\u015f\u0131n en \u00e7ok hissedildi\u011fi Manavgat&#8217;ta vatanda\u015flar\u0131n sel sular\u0131 aras\u0131nda barakada mahsur kalan bir k\u00f6pe\u011fi kurtarma anlar\u0131 cep telefonu kameras\u0131 ile kaydedildi. ARADIK, GELEN OLMADI G\u00f6r\u00fcnt\u00fclerde bir vatanda\u015flar\u0131n ak\u0131nt\u0131ya ra\u011fmen beline ba\u011flad\u0131\u011f\u0131 ip yard\u0131m\u0131yla k\u00f6pe\u011fin bulundu\u011fu barakaya gitti\u011fi ve bir s\u00fcre sonra k\u00f6pe\u011fi bulundu\u011fu yerden \u00e7\u0131kartt\u0131\u011f\u0131 g\u00f6r\u00fcld\u00fc. G\u00f6r\u00fcnt\u00fclerde beline ba\u011flad\u0131\u011f\u0131 ip ile k\u00f6pe\u011fi kurmaya \u00e7al\u0131\u015fan vatanda\u015f, \u201c\u0130\u015fyerinde \u00e7al\u0131\u015f\u0131yordum, kom\u015fular video att\u0131lar. Kafesin yar\u0131ya kadar su i\u00e7indeki halini g\u00f6r\u00fcnce i\u015fyerinden geldim. Ge\u00e7er mi diye biraz bekledik. Birka\u00e7 yeri arad\u0131k, gelen giden olmad\u0131. Sa\u011f olsunlar kom\u015fular\u0131mla girdik k\u00f6pe\u011fi al\u0131p \u00e7\u0131kard\u0131k. Buralar berbatt\u0131. Arabalar dizilmi\u015fti, bizim arabalar, \u00fcst taraftaki kom\u015fular\u0131n arabalar\u0131, buras\u0131 hep araba dolmu\u015ftu. Birka\u00e7 arac\u0131 kendi imkanlar\u0131m\u0131zla \u00e7\u0131kard\u0131k, kalan\u0131na da jandarma geldi, onlar \u00e7\u0131kard\u0131\u201d dedi. \u0130P BA\u011eLAYIP K\u00d6PE\u011e\u0130 \u00c7IKARDIK G\u00fcls\u00fcm Toklu isimli vatanda\u015f ise ya\u015fanan o anlar\u0131 \u201cD\u00fcn birden ya\u011fmur bast\u0131rd\u0131. Benim balkonun giderinden bile su \u00e7\u0131kt\u0131. Video \u00e7ekerken bir bakt\u0131m k\u00f6pek suyun i\u00e7inde, araban\u0131n biride buradan o tarafa kay\u0131yor. Kom\u015fular gitti arabay\u0131 tutamad\u0131lar, kom\u015funun birisi d\u00fc\u015ft\u00fc suya, onu kald\u0131rd\u0131lar. \u0130p ba\u011flay\u0131p k\u00f6pe\u011fi \u00e7\u0131kard\u0131k. Yani burada k\u00fc\u00e7\u00fck k\u0131yamet gibi bir \u015fey ya\u015fand\u0131. \u00c7\u00fcnk\u00fc her yerden sular f\u0131\u015fk\u0131r\u0131yor, evin i\u00e7ine sular geliyor. Balkondaki giderlerden bile su f\u0131\u015fk\u0131r\u0131yor. Nas\u0131l anlat\u0131l\u0131r ki, rabbim bir daha g\u00f6stermesin\u201d s\u00f6zleriyle anlatt\u0131. &hellip;<\/p>","protected":false},"author":0,"featured_media":0,"comment_status":"open","ping_status":"open","sticky":false,"template":"","format":"standard","meta":{"_acf_changed":false,"footnotes":""},"categories":[24,535],"tags":[],"class_list":["post-21753","post","type-post","status-publish","format-standard","has-post-thumbnail","hentry","category-gundem","category-uncategorized-tr"],"acf":[],"yoast_head":"<!-- This site is optimized with the Yoast SEO Premium plugin v26.6 (Yoast SEO v27.1.1) - https:\/\/yoast.com\/product\/yoast-seo-premium-wordpress\/ -->\n<title>Manavgat\u2019ta ya\u015fanan selde k\u00f6pek kurtarma operasyonu - Av. Deniz Can K\u0131z\u0131l<\/title>\n<meta name=\"robots\" content=\"index, follow, max-snippet:-1, max-image-preview:large, max-video-preview:-1\" \/>\n<link rel=\"canonical\" href=\"http:\/\/denizcankizil.tr\/de\/haberler\/gundem\/manavgatta-yasanan-selde-kopek-kurtarma-operasyonu\/\" \/>\n<meta property=\"og:locale\" content=\"de_DE\" \/>\n<meta property=\"og:type\" content=\"article\" \/>\n<meta property=\"og:title\" content=\"Manavgat\u2019ta ya\u015fanan selde k\u00f6pek kurtarma operasyonu\" \/>\n<meta property=\"og:description\" content=\"Turuncu kod uyar\u0131s\u0131 yap\u0131lan Antalya&#8217;n\u0131n do\u011fu il\u00e7elerinde ya\u011f\u0131\u015f\u0131n en \u00e7ok hissedildi\u011fi Manavgat&#8217;ta vatanda\u015flar\u0131n sel sular\u0131 aras\u0131nda barakada mahsur kalan bir k\u00f6pe\u011fi kurtarma anlar\u0131 cep telefonu kameras\u0131 ile kaydedildi. ARADIK, GELEN OLMADI G\u00f6r\u00fcnt\u00fclerde bir vatanda\u015flar\u0131n ak\u0131nt\u0131ya ra\u011fmen beline ba\u011flad\u0131\u011f\u0131 ip yard\u0131m\u0131yla k\u00f6pe\u011fin bulundu\u011fu barakaya gitti\u011fi ve bir s\u00fcre sonra k\u00f6pe\u011fi bulundu\u011fu yerden \u00e7\u0131kartt\u0131\u011f\u0131 g\u00f6r\u00fcld\u00fc. G\u00f6r\u00fcnt\u00fclerde beline ba\u011flad\u0131\u011f\u0131 ip ile k\u00f6pe\u011fi kurmaya \u00e7al\u0131\u015fan vatanda\u015f, \u201c\u0130\u015fyerinde \u00e7al\u0131\u015f\u0131yordum, kom\u015fular video att\u0131lar. Kafesin yar\u0131ya kadar su i\u00e7indeki halini g\u00f6r\u00fcnce i\u015fyerinden geldim. Ge\u00e7er mi diye biraz bekledik. Birka\u00e7 yeri arad\u0131k, gelen giden olmad\u0131. Sa\u011f olsunlar kom\u015fular\u0131mla girdik k\u00f6pe\u011fi al\u0131p \u00e7\u0131kard\u0131k. Buralar berbatt\u0131. Arabalar dizilmi\u015fti, bizim arabalar, \u00fcst taraftaki kom\u015fular\u0131n arabalar\u0131, buras\u0131 hep araba dolmu\u015ftu. Birka\u00e7 arac\u0131 kendi imkanlar\u0131m\u0131zla \u00e7\u0131kard\u0131k, kalan\u0131na da jandarma geldi, onlar \u00e7\u0131kard\u0131\u201d dedi. \u0130P BA\u011eLAYIP K\u00d6PE\u011e\u0130 \u00c7IKARDIK G\u00fcls\u00fcm Toklu isimli vatanda\u015f ise ya\u015fanan o anlar\u0131 \u201cD\u00fcn birden ya\u011fmur bast\u0131rd\u0131. Benim balkonun giderinden bile su \u00e7\u0131kt\u0131. Video \u00e7ekerken bir bakt\u0131m k\u00f6pek suyun i\u00e7inde, araban\u0131n biride buradan o tarafa kay\u0131yor. Kom\u015fular gitti arabay\u0131 tutamad\u0131lar, kom\u015funun birisi d\u00fc\u015ft\u00fc suya, onu kald\u0131rd\u0131lar. \u0130p ba\u011flay\u0131p k\u00f6pe\u011fi \u00e7\u0131kard\u0131k. Yani burada k\u00fc\u00e7\u00fck k\u0131yamet gibi bir \u015fey ya\u015fand\u0131. \u00c7\u00fcnk\u00fc her yerden sular f\u0131\u015fk\u0131r\u0131yor, evin i\u00e7ine sular geliyor. Balkondaki giderlerden bile su f\u0131\u015fk\u0131r\u0131yor. Nas\u0131l anlat\u0131l\u0131r ki, rabbim bir daha g\u00f6stermesin\u201d s\u00f6zleriyle anlatt\u0131. &hellip;\" \/>\n<meta property=\"og:url\" content=\"http:\/\/denizcankizil.tr\/de\/haberler\/gundem\/manavgatta-yasanan-selde-kopek-kurtarma-operasyonu\/\" \/>\n<meta property=\"og:site_name\" content=\"Av. Deniz Can K\u0131z\u0131l\" \/>\n<meta property=\"article:published_time\" content=\"2024-12-22T13:41:14+00:00\" \/>\n<meta name=\"twitter:card\" content=\"summary_large_image\" \/>\n<meta name=\"twitter:label1\" content=\"Gesch\u00e4tzte Lesezeit\" \/>\n\t<meta name=\"twitter:data1\" content=\"2\u00a0Minuten\" \/>\n<script type=\"application\/ld+json\" class=\"yoast-schema-graph\">{\"@context\":\"https:\/\/schema.org\",\"@graph\":[{\"@type\":\"Article\",\"@id\":\"http:\/\/denizcankizil.tr\/de\/haberler\/gundem\/manavgatta-yasanan-selde-kopek-kurtarma-operasyonu\/#article\",\"isPartOf\":{\"@id\":\"http:\/\/denizcankizil.tr\/de\/haberler\/gundem\/manavgatta-yasanan-selde-kopek-kurtarma-operasyonu\/\"},\"author\":{\"name\":\"\",\"@id\":\"\"},\"headline\":\"Manavgat\u2019ta ya\u015fanan selde k\u00f6pek kurtarma operasyonu\",\"datePublished\":\"2024-12-22T13:41:14+00:00\",\"mainEntityOfPage\":{\"@id\":\"http:\/\/denizcankizil.tr\/de\/haberler\/gundem\/manavgatta-yasanan-selde-kopek-kurtarma-operasyonu\/\"},\"wordCount\":438,\"commentCount\":0,\"publisher\":{\"@id\":\"https:\/\/denizcankizil.tr\/#organization\"},\"articleSection\":[\"G\u00fcndem\",\"Uncategorized\"],\"inLanguage\":\"de\",\"potentialAction\":[{\"@type\":\"CommentAction\",\"name\":\"Comment\",\"target\":[\"http:\/\/denizcankizil.tr\/de\/haberler\/gundem\/manavgatta-yasanan-selde-kopek-kurtarma-operasyonu\/#respond\"]}]},{\"@type\":\"WebPage\",\"@id\":\"http:\/\/denizcankizil.tr\/de\/haberler\/gundem\/manavgatta-yasanan-selde-kopek-kurtarma-operasyonu\/\",\"url\":\"http:\/\/denizcankizil.tr\/de\/haberler\/gundem\/manavgatta-yasanan-selde-kopek-kurtarma-operasyonu\/\",\"name\":\"Manavgat\u2019ta ya\u015fanan selde k\u00f6pek kurtarma operasyonu - Av. Deniz Can K\u0131z\u0131l\",\"isPartOf\":{\"@id\":\"https:\/\/denizcankizil.tr\/#website\"},\"datePublished\":\"2024-12-22T13:41:14+00:00\",\"breadcrumb\":{\"@id\":\"http:\/\/denizcankizil.tr\/de\/haberler\/gundem\/manavgatta-yasanan-selde-kopek-kurtarma-operasyonu\/#breadcrumb\"},\"inLanguage\":\"de\",\"potentialAction\":[{\"@type\":\"ReadAction\",\"target\":[\"http:\/\/denizcankizil.tr\/de\/haberler\/gundem\/manavgatta-yasanan-selde-kopek-kurtarma-operasyonu\/\"]}]},{\"@type\":\"BreadcrumbList\",\"@id\":\"http:\/\/denizcankizil.tr\/de\/haberler\/gundem\/manavgatta-yasanan-selde-kopek-kurtarma-operasyonu\/#breadcrumb\",\"itemListElement\":[{\"@type\":\"ListItem\",\"position\":1,\"name\":\"Home\",\"item\":\"https:\/\/denizcankizil.tr\/de\/\"},{\"@type\":\"ListItem\",\"position\":2,\"name\":\"Manavgat\u2019ta ya\u015fanan selde k\u00f6pek kurtarma operasyonu\"}]},{\"@type\":\"WebSite\",\"@id\":\"https:\/\/denizcankizil.tr\/#website\",\"url\":\"https:\/\/denizcankizil.tr\/\",\"name\":\"Av. Deniz Can K\u0131z\u0131l\",\"description\":\"Avukat Deniz Can K\u0131z\u0131l Antalya Barosu\",\"publisher\":{\"@id\":\"https:\/\/denizcankizil.tr\/#organization\"},\"potentialAction\":[{\"@type\":\"SearchAction\",\"target\":{\"@type\":\"EntryPoint\",\"urlTemplate\":\"https:\/\/denizcankizil.tr\/?s={search_term_string}\"},\"query-input\":{\"@type\":\"PropertyValueSpecification\",\"valueRequired\":true,\"valueName\":\"search_term_string\"}}],\"inLanguage\":\"de\"},{\"@type\":\"Organization\",\"@id\":\"https:\/\/denizcankizil.tr\/#organization\",\"name\":\"Av. Deniz Can K\u0131z\u0131l\",\"url\":\"https:\/\/denizcankizil.tr\/\",\"logo\":{\"@type\":\"ImageObject\",\"inLanguage\":\"de\",\"@id\":\"https:\/\/denizcankizil.tr\/#\/schema\/logo\/image\/\",\"url\":\"http:\/\/denizcankizil.tr\/wp-content\/uploads\/2024\/10\/siyah-logo-svg.svg\",\"contentUrl\":\"http:\/\/denizcankizil.tr\/wp-content\/uploads\/2024\/10\/siyah-logo-svg.svg\",\"width\":1080,\"height\":1080,\"caption\":\"Av. Deniz Can K\u0131z\u0131l\"},\"image\":{\"@id\":\"https:\/\/denizcankizil.tr\/#\/schema\/logo\/image\/\"}}]}<\/script>\n<!-- \/ Yoast SEO Premium plugin. -->","yoast_head_json":{"title":"Manavgat\u2019ta ya\u015fanan selde k\u00f6pek kurtarma operasyonu - Av. Deniz Can K\u0131z\u0131l","robots":{"index":"index","follow":"follow","max-snippet":"max-snippet:-1","max-image-preview":"max-image-preview:large","max-video-preview":"max-video-preview:-1"},"canonical":"http:\/\/denizcankizil.tr\/de\/haberler\/gundem\/manavgatta-yasanan-selde-kopek-kurtarma-operasyonu\/","og_locale":"de_DE","og_type":"article","og_title":"Manavgat\u2019ta ya\u015fanan selde k\u00f6pek kurtarma operasyonu","og_description":"Turuncu kod uyar\u0131s\u0131 yap\u0131lan Antalya&#8217;n\u0131n do\u011fu il\u00e7elerinde ya\u011f\u0131\u015f\u0131n en \u00e7ok hissedildi\u011fi Manavgat&#8217;ta vatanda\u015flar\u0131n sel sular\u0131 aras\u0131nda barakada mahsur kalan bir k\u00f6pe\u011fi kurtarma anlar\u0131 cep telefonu kameras\u0131 ile kaydedildi. ARADIK, GELEN OLMADI G\u00f6r\u00fcnt\u00fclerde bir vatanda\u015flar\u0131n ak\u0131nt\u0131ya ra\u011fmen beline ba\u011flad\u0131\u011f\u0131 ip yard\u0131m\u0131yla k\u00f6pe\u011fin bulundu\u011fu barakaya gitti\u011fi ve bir s\u00fcre sonra k\u00f6pe\u011fi bulundu\u011fu yerden \u00e7\u0131kartt\u0131\u011f\u0131 g\u00f6r\u00fcld\u00fc. G\u00f6r\u00fcnt\u00fclerde beline ba\u011flad\u0131\u011f\u0131 ip ile k\u00f6pe\u011fi kurmaya \u00e7al\u0131\u015fan vatanda\u015f, \u201c\u0130\u015fyerinde \u00e7al\u0131\u015f\u0131yordum, kom\u015fular video att\u0131lar. Kafesin yar\u0131ya kadar su i\u00e7indeki halini g\u00f6r\u00fcnce i\u015fyerinden geldim. Ge\u00e7er mi diye biraz bekledik. Birka\u00e7 yeri arad\u0131k, gelen giden olmad\u0131. Sa\u011f olsunlar kom\u015fular\u0131mla girdik k\u00f6pe\u011fi al\u0131p \u00e7\u0131kard\u0131k. Buralar berbatt\u0131. Arabalar dizilmi\u015fti, bizim arabalar, \u00fcst taraftaki kom\u015fular\u0131n arabalar\u0131, buras\u0131 hep araba dolmu\u015ftu. Birka\u00e7 arac\u0131 kendi imkanlar\u0131m\u0131zla \u00e7\u0131kard\u0131k, kalan\u0131na da jandarma geldi, onlar \u00e7\u0131kard\u0131\u201d dedi. \u0130P BA\u011eLAYIP K\u00d6PE\u011e\u0130 \u00c7IKARDIK G\u00fcls\u00fcm Toklu isimli vatanda\u015f ise ya\u015fanan o anlar\u0131 \u201cD\u00fcn birden ya\u011fmur bast\u0131rd\u0131. Benim balkonun giderinden bile su \u00e7\u0131kt\u0131. Video \u00e7ekerken bir bakt\u0131m k\u00f6pek suyun i\u00e7inde, araban\u0131n biride buradan o tarafa kay\u0131yor. Kom\u015fular gitti arabay\u0131 tutamad\u0131lar, kom\u015funun birisi d\u00fc\u015ft\u00fc suya, onu kald\u0131rd\u0131lar. \u0130p ba\u011flay\u0131p k\u00f6pe\u011fi \u00e7\u0131kard\u0131k. Yani burada k\u00fc\u00e7\u00fck k\u0131yamet gibi bir \u015fey ya\u015fand\u0131. \u00c7\u00fcnk\u00fc her yerden sular f\u0131\u015fk\u0131r\u0131yor, evin i\u00e7ine sular geliyor. Balkondaki giderlerden bile su f\u0131\u015fk\u0131r\u0131yor. Nas\u0131l anlat\u0131l\u0131r ki, rabbim bir daha g\u00f6stermesin\u201d s\u00f6zleriyle anlatt\u0131. &hellip;","og_url":"http:\/\/denizcankizil.tr\/de\/haberler\/gundem\/manavgatta-yasanan-selde-kopek-kurtarma-operasyonu\/","og_site_name":"Av. Deniz Can K\u0131z\u0131l","article_published_time":"2024-12-22T13:41:14+00:00","twitter_card":"summary_large_image","twitter_misc":{"Gesch\u00e4tzte Lesezeit":"2\u00a0Minuten"},"schema":{"@context":"https:\/\/schema.org","@graph":[{"@type":"Article","@id":"http:\/\/denizcankizil.tr\/de\/haberler\/gundem\/manavgatta-yasanan-selde-kopek-kurtarma-operasyonu\/#article","isPartOf":{"@id":"http:\/\/denizcankizil.tr\/de\/haberler\/gundem\/manavgatta-yasanan-selde-kopek-kurtarma-operasyonu\/"},"author":{"name":"","@id":""},"headline":"Manavgat\u2019ta ya\u015fanan selde k\u00f6pek kurtarma operasyonu","datePublished":"2024-12-22T13:41:14+00:00","mainEntityOfPage":{"@id":"http:\/\/denizcankizil.tr\/de\/haberler\/gundem\/manavgatta-yasanan-selde-kopek-kurtarma-operasyonu\/"},"wordCount":438,"commentCount":0,"publisher":{"@id":"https:\/\/denizcankizil.tr\/#organization"},"articleSection":["G\u00fcndem","Uncategorized"],"inLanguage":"de","potentialAction":[{"@type":"CommentAction","name":"Comment","target":["http:\/\/denizcankizil.tr\/de\/haberler\/gundem\/manavgatta-yasanan-selde-kopek-kurtarma-operasyonu\/#respond"]}]},{"@type":"WebPage","@id":"http:\/\/denizcankizil.tr\/de\/haberler\/gundem\/manavgatta-yasanan-selde-kopek-kurtarma-operasyonu\/","url":"http:\/\/denizcankizil.tr\/de\/haberler\/gundem\/manavgatta-yasanan-selde-kopek-kurtarma-operasyonu\/","name":"Manavgat\u2019ta ya\u015fanan selde k\u00f6pek kurtarma operasyonu - Av. Deniz Can K\u0131z\u0131l","isPartOf":{"@id":"https:\/\/denizcankizil.tr\/#website"},"datePublished":"2024-12-22T13:41:14+00:00","breadcrumb":{"@id":"http:\/\/denizcankizil.tr\/de\/haberler\/gundem\/manavgatta-yasanan-selde-kopek-kurtarma-operasyonu\/#breadcrumb"},"inLanguage":"de","potentialAction":[{"@type":"ReadAction","target":["http:\/\/denizcankizil.tr\/de\/haberler\/gundem\/manavgatta-yasanan-selde-kopek-kurtarma-operasyonu\/"]}]},{"@type":"BreadcrumbList","@id":"http:\/\/denizcankizil.tr\/de\/haberler\/gundem\/manavgatta-yasanan-selde-kopek-kurtarma-operasyonu\/#breadcrumb","itemListElement":[{"@type":"ListItem","position":1,"name":"Home","item":"https:\/\/denizcankizil.tr\/de\/"},{"@type":"ListItem","position":2,"name":"Manavgat\u2019ta ya\u015fanan selde k\u00f6pek kurtarma operasyonu"}]},{"@type":"WebSite","@id":"https:\/\/denizcankizil.tr\/#website","url":"https:\/\/denizcankizil.tr\/","name":"Av. Deniz Can K\u0131z\u0131l","description":"Avukat Deniz Can K\u0131z\u0131l Antalya Barosu","publisher":{"@id":"https:\/\/denizcankizil.tr\/#organization"},"potentialAction":[{"@type":"SearchAction","target":{"@type":"EntryPoint","urlTemplate":"https:\/\/denizcankizil.tr\/?s={search_term_string}"},"query-input":{"@type":"PropertyValueSpecification","valueRequired":true,"valueName":"search_term_string"}}],"inLanguage":"de"},{"@type":"Organization","@id":"https:\/\/denizcankizil.tr\/#organization","name":"Av. Deniz Can K\u0131z\u0131l","url":"https:\/\/denizcankizil.tr\/","logo":{"@type":"ImageObject","inLanguage":"de","@id":"https:\/\/denizcankizil.tr\/#\/schema\/logo\/image\/","url":"http:\/\/denizcankizil.tr\/wp-content\/uploads\/2024\/10\/siyah-logo-svg.svg","contentUrl":"http:\/\/denizcankizil.tr\/wp-content\/uploads\/2024\/10\/siyah-logo-svg.svg","width":1080,"height":1080,"caption":"Av. Deniz Can K\u0131z\u0131l"},"image":{"@id":"https:\/\/denizcankizil.tr\/#\/schema\/logo\/image\/"}}]}},"_links":{"self":[{"href":"http:\/\/denizcankizil.tr\/de\/wp-json\/wp\/v2\/posts\/21753","targetHints":{"allow":["GET"]}}],"collection":[{"href":"http:\/\/denizcankizil.tr\/de\/wp-json\/wp\/v2\/posts"}],"about":[{"href":"http:\/\/denizcankizil.tr\/de\/wp-json\/wp\/v2\/types\/post"}],"replies":[{"embeddable":true,"href":"http:\/\/denizcankizil.tr\/de\/wp-json\/wp\/v2\/comments?post=21753"}],"version-history":[{"count":0,"href":"http:\/\/denizcankizil.tr\/de\/wp-json\/wp\/v2\/posts\/21753\/revisions"}],"wp:attachment":[{"href":"http:\/\/denizcankizil.tr\/de\/wp-json\/wp\/v2\/media?parent=21753"}],"wp:term":[{"taxonomy":"category","embeddable":true,"href":"http:\/\/denizcankizil.tr\/de\/wp-json\/wp\/v2\/categories?post=21753"},{"taxonomy":"post_tag","embeddable":true,"href":"http:\/\/denizcankizil.tr\/de\/wp-json\/wp\/v2\/tags?post=21753"}],"curies":[{"name":"wp","href":"https:\/\/api.w.org\/{rel}","templated":true}]}}