{"id":21467,"date":"2024-12-20T11:41:16","date_gmt":"2024-12-20T08:41:16","guid":{"rendered":"https:\/\/denizcankizil.tr\/uncategorized-tr\/motosikletli-olumden-dondu\/"},"modified":"2024-12-20T11:41:16","modified_gmt":"2024-12-20T08:41:16","slug":"motosikletli-olumden-dondu","status":"publish","type":"post","link":"http:\/\/denizcankizil.tr\/de\/haberler\/antalya\/motosikletli-olumden-dondu\/","title":{"rendered":"Motosikletli \u00f6l\u00fcmden d\u00f6nd\u00fc"},"content":{"rendered":"<p>Kaza; Antalya&#8217;n\u0131n Manavgat il\u00e7esi Yunus Emre Caddesi&#8217;nde meydana geldi. Alparslan T\u00fcrke\u015f Bulvar\u0131 istikametinden gelen ve dikkatsiz bir \u015fekilde soka\u011fa d\u00f6nmek isteyen Murat K.&#8217;nin kulland\u0131\u011f\u0131 07 ACA 419 plakal\u0131 hafif ticari ara\u00e7, seyir halindeki Ahmet C.&#8217;nin kulland\u0131\u011f\u0131 07 BEA 661 plakal\u0131 motosiklete \u00e7arpt\u0131. \u00c7arpman\u0131n \u015fiddetiyle motosiklet ve s\u00fcr\u00fcc\u00fcs\u00fc savrularak caddeye \u00e7\u0131kmak i\u00e7in bekleyen Fikret \u015e.&#8217;nin kulland\u0131\u011f\u0131 34 FAF 908 plakal\u0131 Toyota marka otomobile yandan \u00e7arpt\u0131.<\/p>\n<p>Motosiklet s\u00fcr\u00fcc\u00fcs\u00fcne 12 bin 977 TL ceza kesildi<br \/>\nG\u00fcvenlik kameras\u0131na saniye saniyesine yans\u0131yan kazada, ba\u015f\u0131n\u0131 otomobile \u00e7arparak bayg\u0131nl\u0131k ge\u00e7iren motosiklet s\u00fcr\u00fcc\u00fcs\u00fc 112 sa\u011fl\u0131k ekibinin olay yerindeki m\u00fcdahalesinin ard\u0131ndan ambulansla hastaneye kald\u0131r\u0131ld\u0131. Di\u011fer taraftan kazan\u0131n ard\u0131ndan Manavgat Emniyet M\u00fcd\u00fcrl\u00fc\u011f\u00fc Trafik Denetleme B\u00fcro Amirli\u011fi ekiplerince yap\u0131lan kontrolde s\u00fcr\u00fcc\u00fc belgesi olmad\u0131\u011f\u0131 belirlenen motosiklet s\u00fcr\u00fcc\u00fcs\u00fcne 12 bin 977 TL para cezas\u0131 uyguland\u0131.<\/p>\n<p>Kaynak: www.kanalv.com.tr Haber Sitesinden Al\u0131nm\u0131\u015ft\u0131r.<\/p>","protected":false},"excerpt":{"rendered":"<p>Kaza; Antalya&#8217;n\u0131n Manavgat il\u00e7esi Yunus Emre Caddesi&#8217;nde meydana geldi. Alparslan T\u00fcrke\u015f Bulvar\u0131 istikametinden gelen ve dikkatsiz bir \u015fekilde soka\u011fa d\u00f6nmek isteyen Murat K.&#8217;nin kulland\u0131\u011f\u0131 07 ACA 419 plakal\u0131 hafif ticari ara\u00e7, seyir halindeki Ahmet C.&#8217;nin kulland\u0131\u011f\u0131 07 BEA 661 plakal\u0131 motosiklete \u00e7arpt\u0131. \u00c7arpman\u0131n \u015fiddetiyle motosiklet ve s\u00fcr\u00fcc\u00fcs\u00fc savrularak caddeye \u00e7\u0131kmak i\u00e7in bekleyen Fikret \u015e.&#8217;nin kulland\u0131\u011f\u0131 34 FAF 908 plakal\u0131 Toyota marka otomobile yandan \u00e7arpt\u0131. Motosiklet s\u00fcr\u00fcc\u00fcs\u00fcne 12 bin 977 TL ceza kesildi G\u00fcvenlik kameras\u0131na saniye saniyesine yans\u0131yan kazada, ba\u015f\u0131n\u0131 otomobile \u00e7arparak bayg\u0131nl\u0131k ge\u00e7iren motosiklet s\u00fcr\u00fcc\u00fcs\u00fc 112 sa\u011fl\u0131k ekibinin olay yerindeki m\u00fcdahalesinin ard\u0131ndan ambulansla hastaneye kald\u0131r\u0131ld\u0131. Di\u011fer taraftan kazan\u0131n ard\u0131ndan Manavgat Emniyet M\u00fcd\u00fcrl\u00fc\u011f\u00fc Trafik Denetleme B\u00fcro Amirli\u011fi ekiplerince yap\u0131lan kontrolde s\u00fcr\u00fcc\u00fc belgesi olmad\u0131\u011f\u0131 belirlenen motosiklet s\u00fcr\u00fcc\u00fcs\u00fcne 12 bin 977 TL para cezas\u0131 uyguland\u0131. Kaynak: www.kanalv.com.tr Haber Sitesinden Al\u0131nm\u0131\u015ft\u0131r.<\/p>","protected":false},"author":0,"featured_media":21468,"comment_status":"open","ping_status":"open","sticky":false,"template":"","format":"standard","meta":{"_acf_changed":false,"footnotes":""},"categories":[26,535],"tags":[],"class_list":["post-21467","post","type-post","status-publish","format-standard","has-post-thumbnail","hentry","category-antalya","category-uncategorized-tr"],"acf":[],"yoast_head":"<!-- This site is optimized with the Yoast SEO Premium plugin v26.6 (Yoast SEO v27.1.1) - https:\/\/yoast.com\/product\/yoast-seo-premium-wordpress\/ -->\n<title>Motosikletli \u00f6l\u00fcmden d\u00f6nd\u00fc - Av. Deniz Can K\u0131z\u0131l<\/title>\n<meta name=\"robots\" content=\"index, follow, max-snippet:-1, max-image-preview:large, max-video-preview:-1\" \/>\n<link rel=\"canonical\" href=\"http:\/\/denizcankizil.tr\/de\/haberler\/antalya\/motosikletli-olumden-dondu\/\" \/>\n<meta property=\"og:locale\" content=\"de_DE\" \/>\n<meta property=\"og:type\" content=\"article\" \/>\n<meta property=\"og:title\" content=\"Motosikletli \u00f6l\u00fcmden d\u00f6nd\u00fc\" \/>\n<meta property=\"og:description\" content=\"Kaza; Antalya&#8217;n\u0131n Manavgat il\u00e7esi Yunus Emre Caddesi&#8217;nde meydana geldi. Alparslan T\u00fcrke\u015f Bulvar\u0131 istikametinden gelen ve dikkatsiz bir \u015fekilde soka\u011fa d\u00f6nmek isteyen Murat K.&#8217;nin kulland\u0131\u011f\u0131 07 ACA 419 plakal\u0131 hafif ticari ara\u00e7, seyir halindeki Ahmet C.&#8217;nin kulland\u0131\u011f\u0131 07 BEA 661 plakal\u0131 motosiklete \u00e7arpt\u0131. \u00c7arpman\u0131n \u015fiddetiyle motosiklet ve s\u00fcr\u00fcc\u00fcs\u00fc savrularak caddeye \u00e7\u0131kmak i\u00e7in bekleyen Fikret \u015e.&#8217;nin kulland\u0131\u011f\u0131 34 FAF 908 plakal\u0131 Toyota marka otomobile yandan \u00e7arpt\u0131. Motosiklet s\u00fcr\u00fcc\u00fcs\u00fcne 12 bin 977 TL ceza kesildi G\u00fcvenlik kameras\u0131na saniye saniyesine yans\u0131yan kazada, ba\u015f\u0131n\u0131 otomobile \u00e7arparak bayg\u0131nl\u0131k ge\u00e7iren motosiklet s\u00fcr\u00fcc\u00fcs\u00fc 112 sa\u011fl\u0131k ekibinin olay yerindeki m\u00fcdahalesinin ard\u0131ndan ambulansla hastaneye kald\u0131r\u0131ld\u0131. Di\u011fer taraftan kazan\u0131n ard\u0131ndan Manavgat Emniyet M\u00fcd\u00fcrl\u00fc\u011f\u00fc Trafik Denetleme B\u00fcro Amirli\u011fi ekiplerince yap\u0131lan kontrolde s\u00fcr\u00fcc\u00fc belgesi olmad\u0131\u011f\u0131 belirlenen motosiklet s\u00fcr\u00fcc\u00fcs\u00fcne 12 bin 977 TL para cezas\u0131 uyguland\u0131. Kaynak: www.kanalv.com.tr Haber Sitesinden Al\u0131nm\u0131\u015ft\u0131r.\" \/>\n<meta property=\"og:url\" content=\"http:\/\/denizcankizil.tr\/de\/haberler\/antalya\/motosikletli-olumden-dondu\/\" \/>\n<meta property=\"og:site_name\" content=\"Av. Deniz Can K\u0131z\u0131l\" \/>\n<meta property=\"article:published_time\" content=\"2024-12-20T08:41:16+00:00\" \/>\n<meta property=\"og:image\" content=\"http:\/\/denizcankizil.tr\/wp-content\/uploads\/2024\/12\/3690-01-qQZsuM.jpeg\" \/>\n\t<meta property=\"og:image:width\" content=\"1280\" \/>\n\t<meta property=\"og:image:height\" content=\"720\" \/>\n\t<meta property=\"og:image:type\" content=\"image\/jpeg\" \/>\n<meta name=\"twitter:card\" content=\"summary_large_image\" \/>\n<meta name=\"twitter:label1\" content=\"Gesch\u00e4tzte Lesezeit\" \/>\n\t<meta name=\"twitter:data1\" content=\"1\u00a0Minute\" \/>\n<script type=\"application\/ld+json\" class=\"yoast-schema-graph\">{\"@context\":\"https:\/\/schema.org\",\"@graph\":[{\"@type\":\"Article\",\"@id\":\"http:\/\/denizcankizil.tr\/de\/haberler\/antalya\/motosikletli-olumden-dondu\/#article\",\"isPartOf\":{\"@id\":\"http:\/\/denizcankizil.tr\/de\/haberler\/antalya\/motosikletli-olumden-dondu\/\"},\"author\":{\"name\":\"\",\"@id\":\"\"},\"headline\":\"Motosikletli \u00f6l\u00fcmden d\u00f6nd\u00fc\",\"datePublished\":\"2024-12-20T08:41:16+00:00\",\"mainEntityOfPage\":{\"@id\":\"http:\/\/denizcankizil.tr\/de\/haberler\/antalya\/motosikletli-olumden-dondu\/\"},\"wordCount\":175,\"commentCount\":0,\"publisher\":{\"@id\":\"https:\/\/denizcankizil.tr\/#organization\"},\"image\":{\"@id\":\"http:\/\/denizcankizil.tr\/de\/haberler\/antalya\/motosikletli-olumden-dondu\/#primaryimage\"},\"thumbnailUrl\":\"http:\/\/denizcankizil.tr\/wp-content\/uploads\/2024\/12\/3690-01-qQZsuM.jpeg\",\"articleSection\":[\"Antalya\",\"Uncategorized\"],\"inLanguage\":\"de\",\"potentialAction\":[{\"@type\":\"CommentAction\",\"name\":\"Comment\",\"target\":[\"http:\/\/denizcankizil.tr\/de\/haberler\/antalya\/motosikletli-olumden-dondu\/#respond\"]}]},{\"@type\":\"WebPage\",\"@id\":\"http:\/\/denizcankizil.tr\/de\/haberler\/antalya\/motosikletli-olumden-dondu\/\",\"url\":\"http:\/\/denizcankizil.tr\/de\/haberler\/antalya\/motosikletli-olumden-dondu\/\",\"name\":\"Motosikletli \u00f6l\u00fcmden d\u00f6nd\u00fc - Av. Deniz Can K\u0131z\u0131l\",\"isPartOf\":{\"@id\":\"https:\/\/denizcankizil.tr\/#website\"},\"primaryImageOfPage\":{\"@id\":\"http:\/\/denizcankizil.tr\/de\/haberler\/antalya\/motosikletli-olumden-dondu\/#primaryimage\"},\"image\":{\"@id\":\"http:\/\/denizcankizil.tr\/de\/haberler\/antalya\/motosikletli-olumden-dondu\/#primaryimage\"},\"thumbnailUrl\":\"http:\/\/denizcankizil.tr\/wp-content\/uploads\/2024\/12\/3690-01-qQZsuM.jpeg\",\"datePublished\":\"2024-12-20T08:41:16+00:00\",\"breadcrumb\":{\"@id\":\"http:\/\/denizcankizil.tr\/de\/haberler\/antalya\/motosikletli-olumden-dondu\/#breadcrumb\"},\"inLanguage\":\"de\",\"potentialAction\":[{\"@type\":\"ReadAction\",\"target\":[\"http:\/\/denizcankizil.tr\/de\/haberler\/antalya\/motosikletli-olumden-dondu\/\"]}]},{\"@type\":\"ImageObject\",\"inLanguage\":\"de\",\"@id\":\"http:\/\/denizcankizil.tr\/de\/haberler\/antalya\/motosikletli-olumden-dondu\/#primaryimage\",\"url\":\"http:\/\/denizcankizil.tr\/wp-content\/uploads\/2024\/12\/3690-01-qQZsuM.jpeg\",\"contentUrl\":\"http:\/\/denizcankizil.tr\/wp-content\/uploads\/2024\/12\/3690-01-qQZsuM.jpeg\",\"width\":1280,\"height\":720},{\"@type\":\"BreadcrumbList\",\"@id\":\"http:\/\/denizcankizil.tr\/de\/haberler\/antalya\/motosikletli-olumden-dondu\/#breadcrumb\",\"itemListElement\":[{\"@type\":\"ListItem\",\"position\":1,\"name\":\"Home\",\"item\":\"https:\/\/denizcankizil.tr\/de\/\"},{\"@type\":\"ListItem\",\"position\":2,\"name\":\"Motosikletli \u00f6l\u00fcmden d\u00f6nd\u00fc\"}]},{\"@type\":\"WebSite\",\"@id\":\"https:\/\/denizcankizil.tr\/#website\",\"url\":\"https:\/\/denizcankizil.tr\/\",\"name\":\"Av. Deniz Can K\u0131z\u0131l\",\"description\":\"Avukat Deniz Can K\u0131z\u0131l Antalya Barosu\",\"publisher\":{\"@id\":\"https:\/\/denizcankizil.tr\/#organization\"},\"potentialAction\":[{\"@type\":\"SearchAction\",\"target\":{\"@type\":\"EntryPoint\",\"urlTemplate\":\"https:\/\/denizcankizil.tr\/?s={search_term_string}\"},\"query-input\":{\"@type\":\"PropertyValueSpecification\",\"valueRequired\":true,\"valueName\":\"search_term_string\"}}],\"inLanguage\":\"de\"},{\"@type\":\"Organization\",\"@id\":\"https:\/\/denizcankizil.tr\/#organization\",\"name\":\"Av. Deniz Can K\u0131z\u0131l\",\"url\":\"https:\/\/denizcankizil.tr\/\",\"logo\":{\"@type\":\"ImageObject\",\"inLanguage\":\"de\",\"@id\":\"https:\/\/denizcankizil.tr\/#\/schema\/logo\/image\/\",\"url\":\"http:\/\/denizcankizil.tr\/wp-content\/uploads\/2024\/10\/siyah-logo-svg.svg\",\"contentUrl\":\"http:\/\/denizcankizil.tr\/wp-content\/uploads\/2024\/10\/siyah-logo-svg.svg\",\"width\":1080,\"height\":1080,\"caption\":\"Av. Deniz Can K\u0131z\u0131l\"},\"image\":{\"@id\":\"https:\/\/denizcankizil.tr\/#\/schema\/logo\/image\/\"}}]}<\/script>\n<!-- \/ Yoast SEO Premium plugin. -->","yoast_head_json":{"title":"Motosikletli \u00f6l\u00fcmden d\u00f6nd\u00fc - Av. Deniz Can K\u0131z\u0131l","robots":{"index":"index","follow":"follow","max-snippet":"max-snippet:-1","max-image-preview":"max-image-preview:large","max-video-preview":"max-video-preview:-1"},"canonical":"http:\/\/denizcankizil.tr\/de\/haberler\/antalya\/motosikletli-olumden-dondu\/","og_locale":"de_DE","og_type":"article","og_title":"Motosikletli \u00f6l\u00fcmden d\u00f6nd\u00fc","og_description":"Kaza; Antalya&#8217;n\u0131n Manavgat il\u00e7esi Yunus Emre Caddesi&#8217;nde meydana geldi. Alparslan T\u00fcrke\u015f Bulvar\u0131 istikametinden gelen ve dikkatsiz bir \u015fekilde soka\u011fa d\u00f6nmek isteyen Murat K.&#8217;nin kulland\u0131\u011f\u0131 07 ACA 419 plakal\u0131 hafif ticari ara\u00e7, seyir halindeki Ahmet C.&#8217;nin kulland\u0131\u011f\u0131 07 BEA 661 plakal\u0131 motosiklete \u00e7arpt\u0131. \u00c7arpman\u0131n \u015fiddetiyle motosiklet ve s\u00fcr\u00fcc\u00fcs\u00fc savrularak caddeye \u00e7\u0131kmak i\u00e7in bekleyen Fikret \u015e.&#8217;nin kulland\u0131\u011f\u0131 34 FAF 908 plakal\u0131 Toyota marka otomobile yandan \u00e7arpt\u0131. Motosiklet s\u00fcr\u00fcc\u00fcs\u00fcne 12 bin 977 TL ceza kesildi G\u00fcvenlik kameras\u0131na saniye saniyesine yans\u0131yan kazada, ba\u015f\u0131n\u0131 otomobile \u00e7arparak bayg\u0131nl\u0131k ge\u00e7iren motosiklet s\u00fcr\u00fcc\u00fcs\u00fc 112 sa\u011fl\u0131k ekibinin olay yerindeki m\u00fcdahalesinin ard\u0131ndan ambulansla hastaneye kald\u0131r\u0131ld\u0131. Di\u011fer taraftan kazan\u0131n ard\u0131ndan Manavgat Emniyet M\u00fcd\u00fcrl\u00fc\u011f\u00fc Trafik Denetleme B\u00fcro Amirli\u011fi ekiplerince yap\u0131lan kontrolde s\u00fcr\u00fcc\u00fc belgesi olmad\u0131\u011f\u0131 belirlenen motosiklet s\u00fcr\u00fcc\u00fcs\u00fcne 12 bin 977 TL para cezas\u0131 uyguland\u0131. Kaynak: www.kanalv.com.tr Haber Sitesinden Al\u0131nm\u0131\u015ft\u0131r.","og_url":"http:\/\/denizcankizil.tr\/de\/haberler\/antalya\/motosikletli-olumden-dondu\/","og_site_name":"Av. Deniz Can K\u0131z\u0131l","article_published_time":"2024-12-20T08:41:16+00:00","og_image":[{"width":1280,"height":720,"url":"http:\/\/denizcankizil.tr\/wp-content\/uploads\/2024\/12\/3690-01-qQZsuM.jpeg","type":"image\/jpeg"}],"twitter_card":"summary_large_image","twitter_misc":{"Gesch\u00e4tzte Lesezeit":"1\u00a0Minute"},"schema":{"@context":"https:\/\/schema.org","@graph":[{"@type":"Article","@id":"http:\/\/denizcankizil.tr\/de\/haberler\/antalya\/motosikletli-olumden-dondu\/#article","isPartOf":{"@id":"http:\/\/denizcankizil.tr\/de\/haberler\/antalya\/motosikletli-olumden-dondu\/"},"author":{"name":"","@id":""},"headline":"Motosikletli \u00f6l\u00fcmden d\u00f6nd\u00fc","datePublished":"2024-12-20T08:41:16+00:00","mainEntityOfPage":{"@id":"http:\/\/denizcankizil.tr\/de\/haberler\/antalya\/motosikletli-olumden-dondu\/"},"wordCount":175,"commentCount":0,"publisher":{"@id":"https:\/\/denizcankizil.tr\/#organization"},"image":{"@id":"http:\/\/denizcankizil.tr\/de\/haberler\/antalya\/motosikletli-olumden-dondu\/#primaryimage"},"thumbnailUrl":"http:\/\/denizcankizil.tr\/wp-content\/uploads\/2024\/12\/3690-01-qQZsuM.jpeg","articleSection":["Antalya","Uncategorized"],"inLanguage":"de","potentialAction":[{"@type":"CommentAction","name":"Comment","target":["http:\/\/denizcankizil.tr\/de\/haberler\/antalya\/motosikletli-olumden-dondu\/#respond"]}]},{"@type":"WebPage","@id":"http:\/\/denizcankizil.tr\/de\/haberler\/antalya\/motosikletli-olumden-dondu\/","url":"http:\/\/denizcankizil.tr\/de\/haberler\/antalya\/motosikletli-olumden-dondu\/","name":"Motosikletli \u00f6l\u00fcmden d\u00f6nd\u00fc - Av. Deniz Can K\u0131z\u0131l","isPartOf":{"@id":"https:\/\/denizcankizil.tr\/#website"},"primaryImageOfPage":{"@id":"http:\/\/denizcankizil.tr\/de\/haberler\/antalya\/motosikletli-olumden-dondu\/#primaryimage"},"image":{"@id":"http:\/\/denizcankizil.tr\/de\/haberler\/antalya\/motosikletli-olumden-dondu\/#primaryimage"},"thumbnailUrl":"http:\/\/denizcankizil.tr\/wp-content\/uploads\/2024\/12\/3690-01-qQZsuM.jpeg","datePublished":"2024-12-20T08:41:16+00:00","breadcrumb":{"@id":"http:\/\/denizcankizil.tr\/de\/haberler\/antalya\/motosikletli-olumden-dondu\/#breadcrumb"},"inLanguage":"de","potentialAction":[{"@type":"ReadAction","target":["http:\/\/denizcankizil.tr\/de\/haberler\/antalya\/motosikletli-olumden-dondu\/"]}]},{"@type":"ImageObject","inLanguage":"de","@id":"http:\/\/denizcankizil.tr\/de\/haberler\/antalya\/motosikletli-olumden-dondu\/#primaryimage","url":"http:\/\/denizcankizil.tr\/wp-content\/uploads\/2024\/12\/3690-01-qQZsuM.jpeg","contentUrl":"http:\/\/denizcankizil.tr\/wp-content\/uploads\/2024\/12\/3690-01-qQZsuM.jpeg","width":1280,"height":720},{"@type":"BreadcrumbList","@id":"http:\/\/denizcankizil.tr\/de\/haberler\/antalya\/motosikletli-olumden-dondu\/#breadcrumb","itemListElement":[{"@type":"ListItem","position":1,"name":"Home","item":"https:\/\/denizcankizil.tr\/de\/"},{"@type":"ListItem","position":2,"name":"Motosikletli \u00f6l\u00fcmden d\u00f6nd\u00fc"}]},{"@type":"WebSite","@id":"https:\/\/denizcankizil.tr\/#website","url":"https:\/\/denizcankizil.tr\/","name":"Av. Deniz Can K\u0131z\u0131l","description":"Avukat Deniz Can K\u0131z\u0131l Antalya Barosu","publisher":{"@id":"https:\/\/denizcankizil.tr\/#organization"},"potentialAction":[{"@type":"SearchAction","target":{"@type":"EntryPoint","urlTemplate":"https:\/\/denizcankizil.tr\/?s={search_term_string}"},"query-input":{"@type":"PropertyValueSpecification","valueRequired":true,"valueName":"search_term_string"}}],"inLanguage":"de"},{"@type":"Organization","@id":"https:\/\/denizcankizil.tr\/#organization","name":"Av. Deniz Can K\u0131z\u0131l","url":"https:\/\/denizcankizil.tr\/","logo":{"@type":"ImageObject","inLanguage":"de","@id":"https:\/\/denizcankizil.tr\/#\/schema\/logo\/image\/","url":"http:\/\/denizcankizil.tr\/wp-content\/uploads\/2024\/10\/siyah-logo-svg.svg","contentUrl":"http:\/\/denizcankizil.tr\/wp-content\/uploads\/2024\/10\/siyah-logo-svg.svg","width":1080,"height":1080,"caption":"Av. Deniz Can K\u0131z\u0131l"},"image":{"@id":"https:\/\/denizcankizil.tr\/#\/schema\/logo\/image\/"}}]}},"_links":{"self":[{"href":"http:\/\/denizcankizil.tr\/de\/wp-json\/wp\/v2\/posts\/21467","targetHints":{"allow":["GET"]}}],"collection":[{"href":"http:\/\/denizcankizil.tr\/de\/wp-json\/wp\/v2\/posts"}],"about":[{"href":"http:\/\/denizcankizil.tr\/de\/wp-json\/wp\/v2\/types\/post"}],"replies":[{"embeddable":true,"href":"http:\/\/denizcankizil.tr\/de\/wp-json\/wp\/v2\/comments?post=21467"}],"version-history":[{"count":0,"href":"http:\/\/denizcankizil.tr\/de\/wp-json\/wp\/v2\/posts\/21467\/revisions"}],"wp:featuredmedia":[{"embeddable":true,"href":"http:\/\/denizcankizil.tr\/de\/wp-json\/wp\/v2\/media\/21468"}],"wp:attachment":[{"href":"http:\/\/denizcankizil.tr\/de\/wp-json\/wp\/v2\/media?parent=21467"}],"wp:term":[{"taxonomy":"category","embeddable":true,"href":"http:\/\/denizcankizil.tr\/de\/wp-json\/wp\/v2\/categories?post=21467"},{"taxonomy":"post_tag","embeddable":true,"href":"http:\/\/denizcankizil.tr\/de\/wp-json\/wp\/v2\/tags?post=21467"}],"curies":[{"name":"wp","href":"https:\/\/api.w.org\/{rel}","templated":true}]}}