{"id":21459,"date":"2024-12-20T10:42:18","date_gmt":"2024-12-20T07:42:18","guid":{"rendered":"https:\/\/denizcankizil.tr\/uncategorized-tr\/yagli-boya-ve-el-sanatlari-sergisi-kapilarini-acti\/"},"modified":"2024-12-20T10:42:18","modified_gmt":"2024-12-20T07:42:18","slug":"yagli-boya-ve-el-sanatlari-sergisi-kapilarini-acti","status":"publish","type":"post","link":"http:\/\/denizcankizil.tr\/de\/haberler\/gundem\/yagli-boya-ve-el-sanatlari-sergisi-kapilarini-acti\/","title":{"rendered":"\u201cYa\u011fl\u0131 Boya ve El Sanatlar\u0131 Sergisi\u201d kap\u0131lar\u0131n\u0131 a\u00e7t\u0131"},"content":{"rendered":"<p>Manisa B\u00fcy\u00fck\u015fehir Belediyesi K\u00fclt\u00fcr Merkezi Lale Fuaye\u2019de Nail T\u00fcrkel\u2019in haz\u0131rlad\u0131\u011f\u0131 \u201cYa\u011fl\u0131 Boya ve El Sanatlar\u0131 Sergisi\u201dnin a\u00e7\u0131l\u0131\u015f\u0131 yap\u0131ld\u0131. Sergi, 22 Aral\u0131k Pazar ak\u015fam\u0131na kadar sanatseverleri a\u011f\u0131rlayacak.MAN\u0130SA (\u0130GFA) &#8211;\u00a0Manisa B\u00fcy\u00fck\u015fehir Belediyesi taraf\u0131ndan k\u00fclt\u00fcr-sanat etkinlikleri kapsam\u0131nda d\u00fczenlenen \u201cYa\u011fl\u0131 Boya ve El Sanatlar\u0131 Sergisi\u201d, K\u00fclt\u00fcr Merkezi Lale Fuaye\u2019de kap\u0131lar\u0131n\u0131 a\u00e7t\u0131. Ressam Nail T\u00fcrkel\u2019in ki\u015fisel eserlerinden olu\u015fan serginin a\u00e7\u0131l\u0131\u015f\u0131, kurdele kesimiyle ger\u00e7ekle\u015ftirildi.<br \/>\n\u0130ki b\u00f6l\u00fcmden olu\u015fan sergide, bir tarafta ya\u011fl\u0131 boya tablolar yer al\u0131rken, di\u011fer tarafta do\u011fal ta\u015f, deniz kabu\u011fu ve ah\u015faptan yap\u0131lm\u0131\u015f el sanatlar\u0131 eserleri sergileniyor. Ziyaret\u00e7iler, bu iki farkl\u0131 sanat dal\u0131n\u0131 bir arada g\u00f6rme \u015fans\u0131 bulacak. Sergi, 22 Aral\u0131k Pazar ak\u015fam\u0131na kadar ziyarete a\u00e7\u0131k olacak.<\/p>\n<p>Ressam Nail T\u00fcrkel, \u201cT\u00fcm Manisa halk\u0131n\u0131 davet ediyoruz\u201d<br \/>\nRessam Nail T\u00fcrkel, sergideki r\u00f6portaj\u0131nda uzun y\u0131llar edebiyat \u00f6\u011fretmeni olarak g\u00f6rev yapt\u0131\u011f\u0131n\u0131 ve resme 1970&#8217;li y\u0131llarda ba\u015flad\u0131\u011f\u0131n\u0131 s\u00f6yledi. T\u00fcrkel, \u201cResmin yan\u0131nda do\u011fal ta\u015f, deniz kabu\u011fu ve ah\u015fab\u0131 kullanarak el sanatlar\u0131 eserleri \u00fcrettim. T\u00fcrkiye\u2019de bu tarz bir \u00e7al\u0131\u015fmay\u0131 ilk yapan benim. 20 y\u0131ld\u0131r yurtd\u0131\u015f\u0131nda sergiler a\u00e7t\u0131m; Paris, Hollanda, Bel\u00e7ika, Almanya ve Fransa\u2019da eserlerimi sanatseverlerle bulu\u015fturdum. Yurti\u00e7inde ise toplamda 156 ki\u015fisel sergi a\u00e7t\u0131m. Manisa\u2019ya ilk defa geldi\u011fimde, \u2018Manisa\u2019da bu i\u015f olmaz\u2019 diyenler oldu. Ama halk\u0131n sevgisiyle her \u015fey \u00e7ok g\u00fczel ilerledi. Manisa\u2019y\u0131 ve halk\u0131n\u0131 \u00e7ok seviyorum. Bug\u00fcn burada iki farkl\u0131 sanat dal\u0131n\u0131 bir araya getiren eserlerimle sergimizi a\u00e7t\u0131k. T\u00fcm Manisa halk\u0131n\u0131 davet ediyoruz. Pazar ak\u015fam\u0131na kadar buraday\u0131z, bekleriz.\u201d<\/p>\n<p>\u200bManisa B\u00fcy\u00fck\u015fehir Belediyesi K\u00fclt\u00fcr Merkezi Lale Fuaye\u2019de Nail T\u00fcrkel\u2019in haz\u0131rlad\u0131\u011f\u0131 \u201cYa\u011fl\u0131 Boya ve El Sanatlar\u0131 Sergisi\u201dnin a\u00e7\u0131l\u0131\u015f\u0131 yap\u0131ld\u0131. Sergi, 22 Aral\u0131k Pazar ak\u015fam\u0131na kadar sanatseverleri a\u011f\u0131rlayacak.MAN\u0130SA (\u0130GFA) &#8211;\u00a0Manisa B\u00fcy\u00fck\u015fehir Belediyesi taraf\u0131ndan k\u00fclt\u00fcr-sanat etkinlikleri kapsam\u0131nda d\u00fczenlenen \u201cYa\u011fl\u0131 Boya ve El Sanatlar\u0131 Sergisi\u201d, K\u00fclt\u00fcr Merkezi Lale Fuaye\u2019de kap\u0131lar\u0131n\u0131 a\u00e7t\u0131. Ressam Nail T\u00fcrkel\u2019in ki\u015fisel eserlerinden olu\u015fan serginin a\u00e7\u0131l\u0131\u015f\u0131, kurdele kesimiyle ger\u00e7ekle\u015ftirildi.<br \/>\n\u0130ki b\u00f6l\u00fcmden olu\u015fan sergide, bir tarafta ya\u011fl\u0131 boya tablolar yer al\u0131rken, di\u011fer tarafta do\u011fal ta\u015f, deniz kabu\u011fu ve ah\u015faptan yap\u0131lm\u0131\u015f el sanatlar\u0131 eserleri sergileniyor. Ziyaret\u00e7iler, bu iki farkl\u0131 sanat dal\u0131n\u0131 bir arada g\u00f6rme \u015fans\u0131 bulacak. Sergi, 22 Aral\u0131k Pazar ak\u015fam\u0131na kadar ziyarete a\u00e7\u0131k olacak.<\/p>\n<p>Ressam Nail T\u00fcrkel, \u201cT\u00fcm Manisa halk\u0131n\u0131 davet ediyoruz\u201d<br \/>\nRessam Nail T\u00fcrkel, sergideki r\u00f6portaj\u0131nda uzun y\u0131llar edebiyat \u00f6\u011fretmeni olarak g\u00f6rev yapt\u0131\u011f\u0131n\u0131 ve resme 1970&#8217;li y\u0131llarda ba\u015flad\u0131\u011f\u0131n\u0131 s\u00f6yledi. T\u00fcrkel, \u201cResmin yan\u0131nda do\u011fal ta\u015f, deniz kabu\u011fu ve ah\u015fab\u0131 kullanarak el sanatlar\u0131 eserleri \u00fcrettim. T\u00fcrkiye\u2019de bu tarz bir \u00e7al\u0131\u015fmay\u0131 ilk yapan benim. 20 y\u0131ld\u0131r yurtd\u0131\u015f\u0131nda sergiler a\u00e7t\u0131m; Paris, Hollanda, Bel\u00e7ika, Almanya ve Fransa\u2019da eserlerimi sanatseverlerle bulu\u015fturdum. Yurti\u00e7inde ise toplamda 156 ki\u015fisel sergi a\u00e7t\u0131m. Manisa\u2019ya ilk defa geldi\u011fimde, \u2018Manisa\u2019da bu i\u015f olmaz\u2019 diyenler oldu. Ama halk\u0131n sevgisiyle her \u015fey \u00e7ok g\u00fczel ilerledi. Manisa\u2019y\u0131 ve halk\u0131n\u0131 \u00e7ok seviyorum. Bug\u00fcn burada iki farkl\u0131 sanat dal\u0131n\u0131 bir araya getiren eserlerimle sergimizi a\u00e7t\u0131k. T\u00fcm Manisa halk\u0131n\u0131 davet ediyoruz. Pazar ak\u015fam\u0131na kadar buraday\u0131z, bekleriz.\u201d\u00a0<\/p>\n<p>\u200bHaberin Al\u0131nt\u0131land\u0131\u011f\u0131 Kaynak: www.iskenderun.org<\/p>","protected":false},"excerpt":{"rendered":"<p>Manisa B\u00fcy\u00fck\u015fehir Belediyesi K\u00fclt\u00fcr Merkezi Lale Fuaye\u2019de Nail T\u00fcrkel\u2019in haz\u0131rlad\u0131\u011f\u0131 \u201cYa\u011fl\u0131 Boya ve El Sanatlar\u0131 Sergisi\u201dnin a\u00e7\u0131l\u0131\u015f\u0131 yap\u0131ld\u0131. Sergi, 22 Aral\u0131k Pazar ak\u015fam\u0131na kadar sanatseverleri a\u011f\u0131rlayacak.MAN\u0130SA (\u0130GFA) &#8211;\u00a0Manisa B\u00fcy\u00fck\u015fehir Belediyesi taraf\u0131ndan k\u00fclt\u00fcr-sanat etkinlikleri kapsam\u0131nda d\u00fczenlenen \u201cYa\u011fl\u0131 Boya ve El Sanatlar\u0131 Sergisi\u201d, K\u00fclt\u00fcr Merkezi Lale Fuaye\u2019de kap\u0131lar\u0131n\u0131 a\u00e7t\u0131. Ressam Nail T\u00fcrkel\u2019in ki\u015fisel eserlerinden olu\u015fan serginin a\u00e7\u0131l\u0131\u015f\u0131, kurdele kesimiyle ger\u00e7ekle\u015ftirildi. \u0130ki b\u00f6l\u00fcmden olu\u015fan sergide, bir tarafta ya\u011fl\u0131 boya tablolar yer al\u0131rken, di\u011fer tarafta do\u011fal ta\u015f, deniz kabu\u011fu ve ah\u015faptan yap\u0131lm\u0131\u015f el sanatlar\u0131 eserleri sergileniyor. Ziyaret\u00e7iler, bu iki farkl\u0131 sanat dal\u0131n\u0131 bir arada g\u00f6rme \u015fans\u0131 bulacak. Sergi, 22 Aral\u0131k Pazar ak\u015fam\u0131na kadar ziyarete a\u00e7\u0131k olacak. Ressam Nail T\u00fcrkel, \u201cT\u00fcm Manisa halk\u0131n\u0131 davet ediyoruz\u201d Ressam Nail T\u00fcrkel, sergideki r\u00f6portaj\u0131nda uzun y\u0131llar edebiyat \u00f6\u011fretmeni olarak g\u00f6rev yapt\u0131\u011f\u0131n\u0131 ve resme 1970&#8217;li y\u0131llarda ba\u015flad\u0131\u011f\u0131n\u0131 s\u00f6yledi. T\u00fcrkel, \u201cResmin yan\u0131nda do\u011fal ta\u015f, deniz kabu\u011fu ve ah\u015fab\u0131 kullanarak el sanatlar\u0131 eserleri \u00fcrettim. T\u00fcrkiye\u2019de bu tarz bir \u00e7al\u0131\u015fmay\u0131 ilk yapan benim. 20 y\u0131ld\u0131r yurtd\u0131\u015f\u0131nda sergiler a\u00e7t\u0131m; Paris, Hollanda, Bel\u00e7ika, Almanya ve Fransa\u2019da eserlerimi sanatseverlerle bulu\u015fturdum. Yurti\u00e7inde ise toplamda 156 ki\u015fisel sergi a\u00e7t\u0131m. Manisa\u2019ya ilk defa geldi\u011fimde, \u2018Manisa\u2019da bu i\u015f olmaz\u2019 diyenler oldu. Ama halk\u0131n sevgisiyle her \u015fey \u00e7ok g\u00fczel ilerledi. Manisa\u2019y\u0131 ve halk\u0131n\u0131 \u00e7ok seviyorum. Bug\u00fcn burada iki farkl\u0131 sanat dal\u0131n\u0131 &hellip;<\/p>","protected":false},"author":0,"featured_media":0,"comment_status":"open","ping_status":"open","sticky":false,"template":"","format":"standard","meta":{"_acf_changed":false,"footnotes":""},"categories":[24,535],"tags":[],"class_list":["post-21459","post","type-post","status-publish","format-standard","has-post-thumbnail","hentry","category-gundem","category-uncategorized-tr"],"acf":[],"yoast_head":"<!-- This site is optimized with the Yoast SEO Premium plugin v26.6 (Yoast SEO v27.1.1) - https:\/\/yoast.com\/product\/yoast-seo-premium-wordpress\/ -->\n<title>\u201cYa\u011fl\u0131 Boya ve El Sanatlar\u0131 Sergisi\u201d kap\u0131lar\u0131n\u0131 a\u00e7t\u0131 - Av. Deniz Can K\u0131z\u0131l<\/title>\n<meta name=\"robots\" content=\"index, follow, max-snippet:-1, max-image-preview:large, max-video-preview:-1\" \/>\n<link rel=\"canonical\" href=\"http:\/\/denizcankizil.tr\/de\/haberler\/gundem\/yagli-boya-ve-el-sanatlari-sergisi-kapilarini-acti\/\" \/>\n<meta property=\"og:locale\" content=\"de_DE\" \/>\n<meta property=\"og:type\" content=\"article\" \/>\n<meta property=\"og:title\" content=\"\u201cYa\u011fl\u0131 Boya ve El Sanatlar\u0131 Sergisi\u201d kap\u0131lar\u0131n\u0131 a\u00e7t\u0131\" \/>\n<meta property=\"og:description\" content=\"Manisa B\u00fcy\u00fck\u015fehir Belediyesi K\u00fclt\u00fcr Merkezi Lale Fuaye\u2019de Nail T\u00fcrkel\u2019in haz\u0131rlad\u0131\u011f\u0131 \u201cYa\u011fl\u0131 Boya ve El Sanatlar\u0131 Sergisi\u201dnin a\u00e7\u0131l\u0131\u015f\u0131 yap\u0131ld\u0131. Sergi, 22 Aral\u0131k Pazar ak\u015fam\u0131na kadar sanatseverleri a\u011f\u0131rlayacak.MAN\u0130SA (\u0130GFA) &#8211;\u00a0Manisa B\u00fcy\u00fck\u015fehir Belediyesi taraf\u0131ndan k\u00fclt\u00fcr-sanat etkinlikleri kapsam\u0131nda d\u00fczenlenen \u201cYa\u011fl\u0131 Boya ve El Sanatlar\u0131 Sergisi\u201d, K\u00fclt\u00fcr Merkezi Lale Fuaye\u2019de kap\u0131lar\u0131n\u0131 a\u00e7t\u0131. Ressam Nail T\u00fcrkel\u2019in ki\u015fisel eserlerinden olu\u015fan serginin a\u00e7\u0131l\u0131\u015f\u0131, kurdele kesimiyle ger\u00e7ekle\u015ftirildi. \u0130ki b\u00f6l\u00fcmden olu\u015fan sergide, bir tarafta ya\u011fl\u0131 boya tablolar yer al\u0131rken, di\u011fer tarafta do\u011fal ta\u015f, deniz kabu\u011fu ve ah\u015faptan yap\u0131lm\u0131\u015f el sanatlar\u0131 eserleri sergileniyor. Ziyaret\u00e7iler, bu iki farkl\u0131 sanat dal\u0131n\u0131 bir arada g\u00f6rme \u015fans\u0131 bulacak. Sergi, 22 Aral\u0131k Pazar ak\u015fam\u0131na kadar ziyarete a\u00e7\u0131k olacak. Ressam Nail T\u00fcrkel, \u201cT\u00fcm Manisa halk\u0131n\u0131 davet ediyoruz\u201d Ressam Nail T\u00fcrkel, sergideki r\u00f6portaj\u0131nda uzun y\u0131llar edebiyat \u00f6\u011fretmeni olarak g\u00f6rev yapt\u0131\u011f\u0131n\u0131 ve resme 1970&#8217;li y\u0131llarda ba\u015flad\u0131\u011f\u0131n\u0131 s\u00f6yledi. T\u00fcrkel, \u201cResmin yan\u0131nda do\u011fal ta\u015f, deniz kabu\u011fu ve ah\u015fab\u0131 kullanarak el sanatlar\u0131 eserleri \u00fcrettim. T\u00fcrkiye\u2019de bu tarz bir \u00e7al\u0131\u015fmay\u0131 ilk yapan benim. 20 y\u0131ld\u0131r yurtd\u0131\u015f\u0131nda sergiler a\u00e7t\u0131m; Paris, Hollanda, Bel\u00e7ika, Almanya ve Fransa\u2019da eserlerimi sanatseverlerle bulu\u015fturdum. Yurti\u00e7inde ise toplamda 156 ki\u015fisel sergi a\u00e7t\u0131m. Manisa\u2019ya ilk defa geldi\u011fimde, \u2018Manisa\u2019da bu i\u015f olmaz\u2019 diyenler oldu. Ama halk\u0131n sevgisiyle her \u015fey \u00e7ok g\u00fczel ilerledi. Manisa\u2019y\u0131 ve halk\u0131n\u0131 \u00e7ok seviyorum. Bug\u00fcn burada iki farkl\u0131 sanat dal\u0131n\u0131 &hellip;\" \/>\n<meta property=\"og:url\" content=\"http:\/\/denizcankizil.tr\/de\/haberler\/gundem\/yagli-boya-ve-el-sanatlari-sergisi-kapilarini-acti\/\" \/>\n<meta property=\"og:site_name\" content=\"Av. Deniz Can K\u0131z\u0131l\" \/>\n<meta property=\"article:published_time\" content=\"2024-12-20T07:42:18+00:00\" \/>\n<meta name=\"twitter:card\" content=\"summary_large_image\" \/>\n<meta name=\"twitter:label1\" content=\"Gesch\u00e4tzte Lesezeit\" \/>\n\t<meta name=\"twitter:data1\" content=\"3\u00a0Minuten\" \/>\n<script type=\"application\/ld+json\" class=\"yoast-schema-graph\">{\"@context\":\"https:\/\/schema.org\",\"@graph\":[{\"@type\":\"Article\",\"@id\":\"http:\/\/denizcankizil.tr\/de\/haberler\/gundem\/yagli-boya-ve-el-sanatlari-sergisi-kapilarini-acti\/#article\",\"isPartOf\":{\"@id\":\"http:\/\/denizcankizil.tr\/de\/haberler\/gundem\/yagli-boya-ve-el-sanatlari-sergisi-kapilarini-acti\/\"},\"author\":{\"name\":\"\",\"@id\":\"\"},\"headline\":\"\u201cYa\u011fl\u0131 Boya ve El Sanatlar\u0131 Sergisi\u201d kap\u0131lar\u0131n\u0131 a\u00e7t\u0131\",\"datePublished\":\"2024-12-20T07:42:18+00:00\",\"mainEntityOfPage\":{\"@id\":\"http:\/\/denizcankizil.tr\/de\/haberler\/gundem\/yagli-boya-ve-el-sanatlari-sergisi-kapilarini-acti\/\"},\"wordCount\":660,\"commentCount\":0,\"publisher\":{\"@id\":\"https:\/\/denizcankizil.tr\/#organization\"},\"articleSection\":[\"G\u00fcndem\",\"Uncategorized\"],\"inLanguage\":\"de\",\"potentialAction\":[{\"@type\":\"CommentAction\",\"name\":\"Comment\",\"target\":[\"http:\/\/denizcankizil.tr\/de\/haberler\/gundem\/yagli-boya-ve-el-sanatlari-sergisi-kapilarini-acti\/#respond\"]}]},{\"@type\":\"WebPage\",\"@id\":\"http:\/\/denizcankizil.tr\/de\/haberler\/gundem\/yagli-boya-ve-el-sanatlari-sergisi-kapilarini-acti\/\",\"url\":\"http:\/\/denizcankizil.tr\/de\/haberler\/gundem\/yagli-boya-ve-el-sanatlari-sergisi-kapilarini-acti\/\",\"name\":\"\u201cYa\u011fl\u0131 Boya ve El Sanatlar\u0131 Sergisi\u201d kap\u0131lar\u0131n\u0131 a\u00e7t\u0131 - Av. Deniz Can K\u0131z\u0131l\",\"isPartOf\":{\"@id\":\"https:\/\/denizcankizil.tr\/#website\"},\"datePublished\":\"2024-12-20T07:42:18+00:00\",\"breadcrumb\":{\"@id\":\"http:\/\/denizcankizil.tr\/de\/haberler\/gundem\/yagli-boya-ve-el-sanatlari-sergisi-kapilarini-acti\/#breadcrumb\"},\"inLanguage\":\"de\",\"potentialAction\":[{\"@type\":\"ReadAction\",\"target\":[\"http:\/\/denizcankizil.tr\/de\/haberler\/gundem\/yagli-boya-ve-el-sanatlari-sergisi-kapilarini-acti\/\"]}]},{\"@type\":\"BreadcrumbList\",\"@id\":\"http:\/\/denizcankizil.tr\/de\/haberler\/gundem\/yagli-boya-ve-el-sanatlari-sergisi-kapilarini-acti\/#breadcrumb\",\"itemListElement\":[{\"@type\":\"ListItem\",\"position\":1,\"name\":\"Home\",\"item\":\"https:\/\/denizcankizil.tr\/de\/\"},{\"@type\":\"ListItem\",\"position\":2,\"name\":\"\u201cYa\u011fl\u0131 Boya ve El Sanatlar\u0131 Sergisi\u201d kap\u0131lar\u0131n\u0131 a\u00e7t\u0131\"}]},{\"@type\":\"WebSite\",\"@id\":\"https:\/\/denizcankizil.tr\/#website\",\"url\":\"https:\/\/denizcankizil.tr\/\",\"name\":\"Av. Deniz Can K\u0131z\u0131l\",\"description\":\"Avukat Deniz Can K\u0131z\u0131l Antalya Barosu\",\"publisher\":{\"@id\":\"https:\/\/denizcankizil.tr\/#organization\"},\"potentialAction\":[{\"@type\":\"SearchAction\",\"target\":{\"@type\":\"EntryPoint\",\"urlTemplate\":\"https:\/\/denizcankizil.tr\/?s={search_term_string}\"},\"query-input\":{\"@type\":\"PropertyValueSpecification\",\"valueRequired\":true,\"valueName\":\"search_term_string\"}}],\"inLanguage\":\"de\"},{\"@type\":\"Organization\",\"@id\":\"https:\/\/denizcankizil.tr\/#organization\",\"name\":\"Av. Deniz Can K\u0131z\u0131l\",\"url\":\"https:\/\/denizcankizil.tr\/\",\"logo\":{\"@type\":\"ImageObject\",\"inLanguage\":\"de\",\"@id\":\"https:\/\/denizcankizil.tr\/#\/schema\/logo\/image\/\",\"url\":\"http:\/\/denizcankizil.tr\/wp-content\/uploads\/2024\/10\/siyah-logo-svg.svg\",\"contentUrl\":\"http:\/\/denizcankizil.tr\/wp-content\/uploads\/2024\/10\/siyah-logo-svg.svg\",\"width\":1080,\"height\":1080,\"caption\":\"Av. Deniz Can K\u0131z\u0131l\"},\"image\":{\"@id\":\"https:\/\/denizcankizil.tr\/#\/schema\/logo\/image\/\"}}]}<\/script>\n<!-- \/ Yoast SEO Premium plugin. -->","yoast_head_json":{"title":"\u201cYa\u011fl\u0131 Boya ve El Sanatlar\u0131 Sergisi\u201d kap\u0131lar\u0131n\u0131 a\u00e7t\u0131 - Av. Deniz Can K\u0131z\u0131l","robots":{"index":"index","follow":"follow","max-snippet":"max-snippet:-1","max-image-preview":"max-image-preview:large","max-video-preview":"max-video-preview:-1"},"canonical":"http:\/\/denizcankizil.tr\/de\/haberler\/gundem\/yagli-boya-ve-el-sanatlari-sergisi-kapilarini-acti\/","og_locale":"de_DE","og_type":"article","og_title":"\u201cYa\u011fl\u0131 Boya ve El Sanatlar\u0131 Sergisi\u201d kap\u0131lar\u0131n\u0131 a\u00e7t\u0131","og_description":"Manisa B\u00fcy\u00fck\u015fehir Belediyesi K\u00fclt\u00fcr Merkezi Lale Fuaye\u2019de Nail T\u00fcrkel\u2019in haz\u0131rlad\u0131\u011f\u0131 \u201cYa\u011fl\u0131 Boya ve El Sanatlar\u0131 Sergisi\u201dnin a\u00e7\u0131l\u0131\u015f\u0131 yap\u0131ld\u0131. Sergi, 22 Aral\u0131k Pazar ak\u015fam\u0131na kadar sanatseverleri a\u011f\u0131rlayacak.MAN\u0130SA (\u0130GFA) &#8211;\u00a0Manisa B\u00fcy\u00fck\u015fehir Belediyesi taraf\u0131ndan k\u00fclt\u00fcr-sanat etkinlikleri kapsam\u0131nda d\u00fczenlenen \u201cYa\u011fl\u0131 Boya ve El Sanatlar\u0131 Sergisi\u201d, K\u00fclt\u00fcr Merkezi Lale Fuaye\u2019de kap\u0131lar\u0131n\u0131 a\u00e7t\u0131. Ressam Nail T\u00fcrkel\u2019in ki\u015fisel eserlerinden olu\u015fan serginin a\u00e7\u0131l\u0131\u015f\u0131, kurdele kesimiyle ger\u00e7ekle\u015ftirildi. \u0130ki b\u00f6l\u00fcmden olu\u015fan sergide, bir tarafta ya\u011fl\u0131 boya tablolar yer al\u0131rken, di\u011fer tarafta do\u011fal ta\u015f, deniz kabu\u011fu ve ah\u015faptan yap\u0131lm\u0131\u015f el sanatlar\u0131 eserleri sergileniyor. Ziyaret\u00e7iler, bu iki farkl\u0131 sanat dal\u0131n\u0131 bir arada g\u00f6rme \u015fans\u0131 bulacak. Sergi, 22 Aral\u0131k Pazar ak\u015fam\u0131na kadar ziyarete a\u00e7\u0131k olacak. Ressam Nail T\u00fcrkel, \u201cT\u00fcm Manisa halk\u0131n\u0131 davet ediyoruz\u201d Ressam Nail T\u00fcrkel, sergideki r\u00f6portaj\u0131nda uzun y\u0131llar edebiyat \u00f6\u011fretmeni olarak g\u00f6rev yapt\u0131\u011f\u0131n\u0131 ve resme 1970&#8217;li y\u0131llarda ba\u015flad\u0131\u011f\u0131n\u0131 s\u00f6yledi. T\u00fcrkel, \u201cResmin yan\u0131nda do\u011fal ta\u015f, deniz kabu\u011fu ve ah\u015fab\u0131 kullanarak el sanatlar\u0131 eserleri \u00fcrettim. T\u00fcrkiye\u2019de bu tarz bir \u00e7al\u0131\u015fmay\u0131 ilk yapan benim. 20 y\u0131ld\u0131r yurtd\u0131\u015f\u0131nda sergiler a\u00e7t\u0131m; Paris, Hollanda, Bel\u00e7ika, Almanya ve Fransa\u2019da eserlerimi sanatseverlerle bulu\u015fturdum. Yurti\u00e7inde ise toplamda 156 ki\u015fisel sergi a\u00e7t\u0131m. Manisa\u2019ya ilk defa geldi\u011fimde, \u2018Manisa\u2019da bu i\u015f olmaz\u2019 diyenler oldu. Ama halk\u0131n sevgisiyle her \u015fey \u00e7ok g\u00fczel ilerledi. Manisa\u2019y\u0131 ve halk\u0131n\u0131 \u00e7ok seviyorum. Bug\u00fcn burada iki farkl\u0131 sanat dal\u0131n\u0131 &hellip;","og_url":"http:\/\/denizcankizil.tr\/de\/haberler\/gundem\/yagli-boya-ve-el-sanatlari-sergisi-kapilarini-acti\/","og_site_name":"Av. Deniz Can K\u0131z\u0131l","article_published_time":"2024-12-20T07:42:18+00:00","twitter_card":"summary_large_image","twitter_misc":{"Gesch\u00e4tzte Lesezeit":"3\u00a0Minuten"},"schema":{"@context":"https:\/\/schema.org","@graph":[{"@type":"Article","@id":"http:\/\/denizcankizil.tr\/de\/haberler\/gundem\/yagli-boya-ve-el-sanatlari-sergisi-kapilarini-acti\/#article","isPartOf":{"@id":"http:\/\/denizcankizil.tr\/de\/haberler\/gundem\/yagli-boya-ve-el-sanatlari-sergisi-kapilarini-acti\/"},"author":{"name":"","@id":""},"headline":"\u201cYa\u011fl\u0131 Boya ve El Sanatlar\u0131 Sergisi\u201d kap\u0131lar\u0131n\u0131 a\u00e7t\u0131","datePublished":"2024-12-20T07:42:18+00:00","mainEntityOfPage":{"@id":"http:\/\/denizcankizil.tr\/de\/haberler\/gundem\/yagli-boya-ve-el-sanatlari-sergisi-kapilarini-acti\/"},"wordCount":660,"commentCount":0,"publisher":{"@id":"https:\/\/denizcankizil.tr\/#organization"},"articleSection":["G\u00fcndem","Uncategorized"],"inLanguage":"de","potentialAction":[{"@type":"CommentAction","name":"Comment","target":["http:\/\/denizcankizil.tr\/de\/haberler\/gundem\/yagli-boya-ve-el-sanatlari-sergisi-kapilarini-acti\/#respond"]}]},{"@type":"WebPage","@id":"http:\/\/denizcankizil.tr\/de\/haberler\/gundem\/yagli-boya-ve-el-sanatlari-sergisi-kapilarini-acti\/","url":"http:\/\/denizcankizil.tr\/de\/haberler\/gundem\/yagli-boya-ve-el-sanatlari-sergisi-kapilarini-acti\/","name":"\u201cYa\u011fl\u0131 Boya ve El Sanatlar\u0131 Sergisi\u201d kap\u0131lar\u0131n\u0131 a\u00e7t\u0131 - Av. Deniz Can K\u0131z\u0131l","isPartOf":{"@id":"https:\/\/denizcankizil.tr\/#website"},"datePublished":"2024-12-20T07:42:18+00:00","breadcrumb":{"@id":"http:\/\/denizcankizil.tr\/de\/haberler\/gundem\/yagli-boya-ve-el-sanatlari-sergisi-kapilarini-acti\/#breadcrumb"},"inLanguage":"de","potentialAction":[{"@type":"ReadAction","target":["http:\/\/denizcankizil.tr\/de\/haberler\/gundem\/yagli-boya-ve-el-sanatlari-sergisi-kapilarini-acti\/"]}]},{"@type":"BreadcrumbList","@id":"http:\/\/denizcankizil.tr\/de\/haberler\/gundem\/yagli-boya-ve-el-sanatlari-sergisi-kapilarini-acti\/#breadcrumb","itemListElement":[{"@type":"ListItem","position":1,"name":"Home","item":"https:\/\/denizcankizil.tr\/de\/"},{"@type":"ListItem","position":2,"name":"\u201cYa\u011fl\u0131 Boya ve El Sanatlar\u0131 Sergisi\u201d kap\u0131lar\u0131n\u0131 a\u00e7t\u0131"}]},{"@type":"WebSite","@id":"https:\/\/denizcankizil.tr\/#website","url":"https:\/\/denizcankizil.tr\/","name":"Av. Deniz Can K\u0131z\u0131l","description":"Avukat Deniz Can K\u0131z\u0131l Antalya Barosu","publisher":{"@id":"https:\/\/denizcankizil.tr\/#organization"},"potentialAction":[{"@type":"SearchAction","target":{"@type":"EntryPoint","urlTemplate":"https:\/\/denizcankizil.tr\/?s={search_term_string}"},"query-input":{"@type":"PropertyValueSpecification","valueRequired":true,"valueName":"search_term_string"}}],"inLanguage":"de"},{"@type":"Organization","@id":"https:\/\/denizcankizil.tr\/#organization","name":"Av. Deniz Can K\u0131z\u0131l","url":"https:\/\/denizcankizil.tr\/","logo":{"@type":"ImageObject","inLanguage":"de","@id":"https:\/\/denizcankizil.tr\/#\/schema\/logo\/image\/","url":"http:\/\/denizcankizil.tr\/wp-content\/uploads\/2024\/10\/siyah-logo-svg.svg","contentUrl":"http:\/\/denizcankizil.tr\/wp-content\/uploads\/2024\/10\/siyah-logo-svg.svg","width":1080,"height":1080,"caption":"Av. Deniz Can K\u0131z\u0131l"},"image":{"@id":"https:\/\/denizcankizil.tr\/#\/schema\/logo\/image\/"}}]}},"_links":{"self":[{"href":"http:\/\/denizcankizil.tr\/de\/wp-json\/wp\/v2\/posts\/21459","targetHints":{"allow":["GET"]}}],"collection":[{"href":"http:\/\/denizcankizil.tr\/de\/wp-json\/wp\/v2\/posts"}],"about":[{"href":"http:\/\/denizcankizil.tr\/de\/wp-json\/wp\/v2\/types\/post"}],"replies":[{"embeddable":true,"href":"http:\/\/denizcankizil.tr\/de\/wp-json\/wp\/v2\/comments?post=21459"}],"version-history":[{"count":0,"href":"http:\/\/denizcankizil.tr\/de\/wp-json\/wp\/v2\/posts\/21459\/revisions"}],"wp:attachment":[{"href":"http:\/\/denizcankizil.tr\/de\/wp-json\/wp\/v2\/media?parent=21459"}],"wp:term":[{"taxonomy":"category","embeddable":true,"href":"http:\/\/denizcankizil.tr\/de\/wp-json\/wp\/v2\/categories?post=21459"},{"taxonomy":"post_tag","embeddable":true,"href":"http:\/\/denizcankizil.tr\/de\/wp-json\/wp\/v2\/tags?post=21459"}],"curies":[{"name":"wp","href":"https:\/\/api.w.org\/{rel}","templated":true}]}}