{"id":21389,"date":"2024-12-19T15:41:25","date_gmt":"2024-12-19T12:41:25","guid":{"rendered":"https:\/\/denizcankizil.tr\/uncategorized-tr\/dans-ederek-kafeye-girene-kahve-ucretsiz\/"},"modified":"2024-12-19T15:41:25","modified_gmt":"2024-12-19T12:41:25","slug":"dans-ederek-kafeye-girene-kahve-ucretsiz","status":"publish","type":"post","link":"http:\/\/denizcankizil.tr\/de\/haberler\/antalya\/dans-ederek-kafeye-girene-kahve-ucretsiz\/","title":{"rendered":"Dans ederek kafeye girene kahve \u00fccretsiz"},"content":{"rendered":"<p>Antalya&#8217;da ya\u015fayan Behice ve Bahri Kaya \u00e7ifti, 35 y\u0131ld\u0131r hizmet sekt\u00f6r\u00fcnde \u00e7al\u0131\u015f\u0131yor. Konyaalt\u0131 il\u00e7esinde kafe i\u015fleten \u00e7ift, yurt d\u0131\u015f\u0131nda gittikleri bir kafede &#8216;dans et kahveni kap&#8217; konseptinin uyguland\u0131\u011f\u0131n\u0131 g\u00f6rd\u00fc. \u00c7ift, kendi i\u015fletmelerinde de ayn\u0131 uygulamay\u0131 ba\u015flatt\u0131.<\/p>\n<p>Yo\u011fun talep g\u00f6rd\u00fcklerini belirten Behice Kaya, \u201cYurt d\u0131\u015f\u0131nda e\u015fimle tatil yaparken bir kafede bu uygulamaya rastlad\u0131k. \u00c7ok g\u00fczel bir enerji ald\u0131k. Yurt d\u0131\u015f\u0131ndaki yorgunlu\u011fumuz dans edince yok oldu. T\u00fcrkiye&#8217;de bunu yapan bir i\u015fletme olmad\u0131\u011f\u0131n\u0131 fark ettik. Hemen bir \u00e7al\u0131\u015fma yaparak konseptimizi de\u011fi\u015ftirdik. &#8216;Dans et kahveni kap&#8217; slogan\u0131yla yola \u00e7\u0131kt\u0131k. M\u00fc\u015fterilerimiz dans etti\u011fi takdirde istedi\u011fi kahveyi \u00fccretsiz i\u00e7ebiliyor. \u0130nsanlar\u0131n mutlu olmas\u0131n\u0131 istedik, mutluluk payla\u015ft\u0131k\u00e7a \u00e7o\u011fal\u0131r. \u0130nsanlar giri\u015fi ve sonucu hi\u00e7bir zaman unutmaz. \u0130\u015fletmemize mutlulukla girsinler. M\u00fc\u015fteriler dans ederek geldi\u011finde biz de m\u00fczi\u011fi sesini y\u00fckseltiyoruz. Enerjileri daha da art\u0131yor. Sonra inan\u0131lmaz keyifli kareler ortaya \u00e7\u0131k\u0131yor&#8221; dedi.<\/p>\n<p>\u2018M\u0130SYONUMUZ M\u00dc\u015eTER\u0130 MEMNUN\u0130YET\u0130&#8217;<\/p>\n<p>M\u00fc\u015fteri memnuniyetine \u00f6nem verdiklerini s\u00f6yleyen Bahri Kaya ise \u201cBu projemiz \u00e7ok ba\u015far\u0131l\u0131 oldu. Bundan sonra daha farkl\u0131 projelerle yine \u00f6n plana \u00e7\u0131kmay\u0131 d\u00fc\u015f\u00fcn\u00fcyoruz. Bu proje e\u015fimin fikriydi. Harika geri d\u00f6n\u00fc\u015fler ald\u0131k. Gelen misafirlerimizi mutlu etmek bize de mutluluk veriyor. Bizim misyonumuz m\u00fc\u015fteri memnuniyetini hep \u00f6n planda tutmak&#8221; ifadelerini kulland\u0131.<\/p>\n<p>\u0130\u015fletmeye dans ederek gelen m\u00fc\u015fteri Tu\u011fba U\u00e7ar, \u201c\u0130\u00e7eri\u011fi \u00e7ok be\u011fendim. Bence kaliteli bir i\u00e7erik olmu\u015f. Hi\u00e7bir mekanda g\u00f6rmedi\u011fimiz e\u011flenceli bir uygulama. \u0130nsanlar mutlulu\u011funu b\u00f6yle belli etmeli&#8221; diye konu\u015ftu<\/p>\n<p>Kaynak: www.kanalv.com.tr Haber Sitesinden Al\u0131nm\u0131\u015ft\u0131r.<\/p>","protected":false},"excerpt":{"rendered":"<p>Antalya&#8217;da ya\u015fayan Behice ve Bahri Kaya \u00e7ifti, 35 y\u0131ld\u0131r hizmet sekt\u00f6r\u00fcnde \u00e7al\u0131\u015f\u0131yor. Konyaalt\u0131 il\u00e7esinde kafe i\u015fleten \u00e7ift, yurt d\u0131\u015f\u0131nda gittikleri bir kafede &#8216;dans et kahveni kap&#8217; konseptinin uyguland\u0131\u011f\u0131n\u0131 g\u00f6rd\u00fc. \u00c7ift, kendi i\u015fletmelerinde de ayn\u0131 uygulamay\u0131 ba\u015flatt\u0131. Yo\u011fun talep g\u00f6rd\u00fcklerini belirten Behice Kaya, \u201cYurt d\u0131\u015f\u0131nda e\u015fimle tatil yaparken bir kafede bu uygulamaya rastlad\u0131k. \u00c7ok g\u00fczel bir enerji ald\u0131k. Yurt d\u0131\u015f\u0131ndaki yorgunlu\u011fumuz dans edince yok oldu. T\u00fcrkiye&#8217;de bunu yapan bir i\u015fletme olmad\u0131\u011f\u0131n\u0131 fark ettik. Hemen bir \u00e7al\u0131\u015fma yaparak konseptimizi de\u011fi\u015ftirdik. &#8216;Dans et kahveni kap&#8217; slogan\u0131yla yola \u00e7\u0131kt\u0131k. M\u00fc\u015fterilerimiz dans etti\u011fi takdirde istedi\u011fi kahveyi \u00fccretsiz i\u00e7ebiliyor. \u0130nsanlar\u0131n mutlu olmas\u0131n\u0131 istedik, mutluluk payla\u015ft\u0131k\u00e7a \u00e7o\u011fal\u0131r. \u0130nsanlar giri\u015fi ve sonucu hi\u00e7bir zaman unutmaz. \u0130\u015fletmemize mutlulukla girsinler. M\u00fc\u015fteriler dans ederek geldi\u011finde biz de m\u00fczi\u011fi sesini y\u00fckseltiyoruz. Enerjileri daha da art\u0131yor. Sonra inan\u0131lmaz keyifli kareler ortaya \u00e7\u0131k\u0131yor&#8221; dedi. \u2018M\u0130SYONUMUZ M\u00dc\u015eTER\u0130 MEMNUN\u0130YET\u0130&#8217; M\u00fc\u015fteri memnuniyetine \u00f6nem verdiklerini s\u00f6yleyen Bahri Kaya ise \u201cBu projemiz \u00e7ok ba\u015far\u0131l\u0131 oldu. Bundan sonra daha farkl\u0131 projelerle yine \u00f6n plana \u00e7\u0131kmay\u0131 d\u00fc\u015f\u00fcn\u00fcyoruz. Bu proje e\u015fimin fikriydi. Harika geri d\u00f6n\u00fc\u015fler ald\u0131k. Gelen misafirlerimizi mutlu etmek bize de mutluluk veriyor. Bizim misyonumuz m\u00fc\u015fteri memnuniyetini hep \u00f6n planda tutmak&#8221; ifadelerini kulland\u0131. \u0130\u015fletmeye dans ederek gelen m\u00fc\u015fteri Tu\u011fba U\u00e7ar, \u201c\u0130\u00e7eri\u011fi \u00e7ok be\u011fendim. Bence kaliteli bir i\u00e7erik olmu\u015f. Hi\u00e7bir mekanda g\u00f6rmedi\u011fimiz &hellip;<\/p>","protected":false},"author":0,"featured_media":21390,"comment_status":"open","ping_status":"open","sticky":false,"template":"","format":"standard","meta":{"_acf_changed":false,"footnotes":""},"categories":[26,535],"tags":[],"class_list":["post-21389","post","type-post","status-publish","format-standard","has-post-thumbnail","hentry","category-antalya","category-uncategorized-tr"],"acf":[],"yoast_head":"<!-- This site is optimized with the Yoast SEO Premium plugin v26.6 (Yoast SEO v27.1.1) - https:\/\/yoast.com\/product\/yoast-seo-premium-wordpress\/ -->\n<title>Dans ederek kafeye girene kahve \u00fccretsiz - Av. Deniz Can K\u0131z\u0131l<\/title>\n<meta name=\"robots\" content=\"index, follow, max-snippet:-1, max-image-preview:large, max-video-preview:-1\" \/>\n<link rel=\"canonical\" href=\"http:\/\/denizcankizil.tr\/de\/haberler\/antalya\/dans-ederek-kafeye-girene-kahve-ucretsiz\/\" \/>\n<meta property=\"og:locale\" content=\"de_DE\" \/>\n<meta property=\"og:type\" content=\"article\" \/>\n<meta property=\"og:title\" content=\"Dans ederek kafeye girene kahve \u00fccretsiz\" \/>\n<meta property=\"og:description\" content=\"Antalya&#8217;da ya\u015fayan Behice ve Bahri Kaya \u00e7ifti, 35 y\u0131ld\u0131r hizmet sekt\u00f6r\u00fcnde \u00e7al\u0131\u015f\u0131yor. Konyaalt\u0131 il\u00e7esinde kafe i\u015fleten \u00e7ift, yurt d\u0131\u015f\u0131nda gittikleri bir kafede &#8216;dans et kahveni kap&#8217; konseptinin uyguland\u0131\u011f\u0131n\u0131 g\u00f6rd\u00fc. \u00c7ift, kendi i\u015fletmelerinde de ayn\u0131 uygulamay\u0131 ba\u015flatt\u0131. Yo\u011fun talep g\u00f6rd\u00fcklerini belirten Behice Kaya, \u201cYurt d\u0131\u015f\u0131nda e\u015fimle tatil yaparken bir kafede bu uygulamaya rastlad\u0131k. \u00c7ok g\u00fczel bir enerji ald\u0131k. Yurt d\u0131\u015f\u0131ndaki yorgunlu\u011fumuz dans edince yok oldu. T\u00fcrkiye&#8217;de bunu yapan bir i\u015fletme olmad\u0131\u011f\u0131n\u0131 fark ettik. Hemen bir \u00e7al\u0131\u015fma yaparak konseptimizi de\u011fi\u015ftirdik. &#8216;Dans et kahveni kap&#8217; slogan\u0131yla yola \u00e7\u0131kt\u0131k. M\u00fc\u015fterilerimiz dans etti\u011fi takdirde istedi\u011fi kahveyi \u00fccretsiz i\u00e7ebiliyor. \u0130nsanlar\u0131n mutlu olmas\u0131n\u0131 istedik, mutluluk payla\u015ft\u0131k\u00e7a \u00e7o\u011fal\u0131r. \u0130nsanlar giri\u015fi ve sonucu hi\u00e7bir zaman unutmaz. \u0130\u015fletmemize mutlulukla girsinler. M\u00fc\u015fteriler dans ederek geldi\u011finde biz de m\u00fczi\u011fi sesini y\u00fckseltiyoruz. Enerjileri daha da art\u0131yor. Sonra inan\u0131lmaz keyifli kareler ortaya \u00e7\u0131k\u0131yor&#8221; dedi. \u2018M\u0130SYONUMUZ M\u00dc\u015eTER\u0130 MEMNUN\u0130YET\u0130&#8217; M\u00fc\u015fteri memnuniyetine \u00f6nem verdiklerini s\u00f6yleyen Bahri Kaya ise \u201cBu projemiz \u00e7ok ba\u015far\u0131l\u0131 oldu. Bundan sonra daha farkl\u0131 projelerle yine \u00f6n plana \u00e7\u0131kmay\u0131 d\u00fc\u015f\u00fcn\u00fcyoruz. Bu proje e\u015fimin fikriydi. Harika geri d\u00f6n\u00fc\u015fler ald\u0131k. Gelen misafirlerimizi mutlu etmek bize de mutluluk veriyor. Bizim misyonumuz m\u00fc\u015fteri memnuniyetini hep \u00f6n planda tutmak&#8221; ifadelerini kulland\u0131. \u0130\u015fletmeye dans ederek gelen m\u00fc\u015fteri Tu\u011fba U\u00e7ar, \u201c\u0130\u00e7eri\u011fi \u00e7ok be\u011fendim. Bence kaliteli bir i\u00e7erik olmu\u015f. Hi\u00e7bir mekanda g\u00f6rmedi\u011fimiz &hellip;\" \/>\n<meta property=\"og:url\" content=\"http:\/\/denizcankizil.tr\/de\/haberler\/antalya\/dans-ederek-kafeye-girene-kahve-ucretsiz\/\" \/>\n<meta property=\"og:site_name\" content=\"Av. Deniz Can K\u0131z\u0131l\" \/>\n<meta property=\"article:published_time\" content=\"2024-12-19T12:41:25+00:00\" \/>\n<meta property=\"og:image\" content=\"http:\/\/denizcankizil.tr\/wp-content\/uploads\/2024\/12\/3680-01-yH1V1e.jpeg\" \/>\n\t<meta property=\"og:image:width\" content=\"1280\" \/>\n\t<meta property=\"og:image:height\" content=\"720\" \/>\n\t<meta property=\"og:image:type\" content=\"image\/jpeg\" \/>\n<meta name=\"twitter:card\" content=\"summary_large_image\" \/>\n<meta name=\"twitter:label1\" content=\"Gesch\u00e4tzte Lesezeit\" \/>\n\t<meta name=\"twitter:data1\" content=\"2\u00a0Minuten\" \/>\n<script type=\"application\/ld+json\" class=\"yoast-schema-graph\">{\"@context\":\"https:\/\/schema.org\",\"@graph\":[{\"@type\":\"Article\",\"@id\":\"http:\/\/denizcankizil.tr\/de\/haberler\/antalya\/dans-ederek-kafeye-girene-kahve-ucretsiz\/#article\",\"isPartOf\":{\"@id\":\"http:\/\/denizcankizil.tr\/de\/haberler\/antalya\/dans-ederek-kafeye-girene-kahve-ucretsiz\/\"},\"author\":{\"name\":\"\",\"@id\":\"\"},\"headline\":\"Dans ederek kafeye girene kahve \u00fccretsiz\",\"datePublished\":\"2024-12-19T12:41:25+00:00\",\"mainEntityOfPage\":{\"@id\":\"http:\/\/denizcankizil.tr\/de\/haberler\/antalya\/dans-ederek-kafeye-girene-kahve-ucretsiz\/\"},\"wordCount\":307,\"commentCount\":0,\"publisher\":{\"@id\":\"https:\/\/denizcankizil.tr\/de\/#organization\"},\"image\":{\"@id\":\"http:\/\/denizcankizil.tr\/de\/haberler\/antalya\/dans-ederek-kafeye-girene-kahve-ucretsiz\/#primaryimage\"},\"thumbnailUrl\":\"http:\/\/denizcankizil.tr\/wp-content\/uploads\/2024\/12\/3680-01-yH1V1e.jpeg\",\"articleSection\":[\"Antalya\",\"Uncategorized\"],\"inLanguage\":\"de\",\"potentialAction\":[{\"@type\":\"CommentAction\",\"name\":\"Comment\",\"target\":[\"http:\/\/denizcankizil.tr\/de\/haberler\/antalya\/dans-ederek-kafeye-girene-kahve-ucretsiz\/#respond\"]}]},{\"@type\":\"WebPage\",\"@id\":\"http:\/\/denizcankizil.tr\/de\/haberler\/antalya\/dans-ederek-kafeye-girene-kahve-ucretsiz\/\",\"url\":\"http:\/\/denizcankizil.tr\/de\/haberler\/antalya\/dans-ederek-kafeye-girene-kahve-ucretsiz\/\",\"name\":\"Dans ederek kafeye girene kahve \u00fccretsiz - Av. Deniz Can K\u0131z\u0131l\",\"isPartOf\":{\"@id\":\"https:\/\/denizcankizil.tr\/de\/#website\"},\"primaryImageOfPage\":{\"@id\":\"http:\/\/denizcankizil.tr\/de\/haberler\/antalya\/dans-ederek-kafeye-girene-kahve-ucretsiz\/#primaryimage\"},\"image\":{\"@id\":\"http:\/\/denizcankizil.tr\/de\/haberler\/antalya\/dans-ederek-kafeye-girene-kahve-ucretsiz\/#primaryimage\"},\"thumbnailUrl\":\"http:\/\/denizcankizil.tr\/wp-content\/uploads\/2024\/12\/3680-01-yH1V1e.jpeg\",\"datePublished\":\"2024-12-19T12:41:25+00:00\",\"breadcrumb\":{\"@id\":\"http:\/\/denizcankizil.tr\/de\/haberler\/antalya\/dans-ederek-kafeye-girene-kahve-ucretsiz\/#breadcrumb\"},\"inLanguage\":\"de\",\"potentialAction\":[{\"@type\":\"ReadAction\",\"target\":[\"http:\/\/denizcankizil.tr\/de\/haberler\/antalya\/dans-ederek-kafeye-girene-kahve-ucretsiz\/\"]}]},{\"@type\":\"ImageObject\",\"inLanguage\":\"de\",\"@id\":\"http:\/\/denizcankizil.tr\/de\/haberler\/antalya\/dans-ederek-kafeye-girene-kahve-ucretsiz\/#primaryimage\",\"url\":\"http:\/\/denizcankizil.tr\/wp-content\/uploads\/2024\/12\/3680-01-yH1V1e.jpeg\",\"contentUrl\":\"http:\/\/denizcankizil.tr\/wp-content\/uploads\/2024\/12\/3680-01-yH1V1e.jpeg\",\"width\":1280,\"height\":720},{\"@type\":\"BreadcrumbList\",\"@id\":\"http:\/\/denizcankizil.tr\/de\/haberler\/antalya\/dans-ederek-kafeye-girene-kahve-ucretsiz\/#breadcrumb\",\"itemListElement\":[{\"@type\":\"ListItem\",\"position\":1,\"name\":\"Home\",\"item\":\"https:\/\/denizcankizil.tr\/de\/\"},{\"@type\":\"ListItem\",\"position\":2,\"name\":\"Dans ederek kafeye girene kahve \u00fccretsiz\"}]},{\"@type\":\"WebSite\",\"@id\":\"https:\/\/denizcankizil.tr\/de\/#website\",\"url\":\"https:\/\/denizcankizil.tr\/de\/\",\"name\":\"Av. Deniz Can K\u0131z\u0131l\",\"description\":\"Avukat Deniz Can K\u0131z\u0131l Antalya Barosu\",\"publisher\":{\"@id\":\"https:\/\/denizcankizil.tr\/de\/#organization\"},\"potentialAction\":[{\"@type\":\"SearchAction\",\"target\":{\"@type\":\"EntryPoint\",\"urlTemplate\":\"https:\/\/denizcankizil.tr\/de\/?s={search_term_string}\"},\"query-input\":{\"@type\":\"PropertyValueSpecification\",\"valueRequired\":true,\"valueName\":\"search_term_string\"}}],\"inLanguage\":\"de\"},{\"@type\":\"Organization\",\"@id\":\"https:\/\/denizcankizil.tr\/de\/#organization\",\"name\":\"Av. Deniz Can K\u0131z\u0131l\",\"url\":\"https:\/\/denizcankizil.tr\/de\/\",\"logo\":{\"@type\":\"ImageObject\",\"inLanguage\":\"de\",\"@id\":\"https:\/\/denizcankizil.tr\/de\/#\/schema\/logo\/image\/\",\"url\":\"http:\/\/denizcankizil.tr\/wp-content\/uploads\/2024\/10\/siyah-logo-svg.svg\",\"contentUrl\":\"http:\/\/denizcankizil.tr\/wp-content\/uploads\/2024\/10\/siyah-logo-svg.svg\",\"width\":1080,\"height\":1080,\"caption\":\"Av. Deniz Can K\u0131z\u0131l\"},\"image\":{\"@id\":\"https:\/\/denizcankizil.tr\/de\/#\/schema\/logo\/image\/\"}}]}<\/script>\n<!-- \/ Yoast SEO Premium plugin. -->","yoast_head_json":{"title":"Dans ederek kafeye girene kahve \u00fccretsiz - Av. Deniz Can K\u0131z\u0131l","robots":{"index":"index","follow":"follow","max-snippet":"max-snippet:-1","max-image-preview":"max-image-preview:large","max-video-preview":"max-video-preview:-1"},"canonical":"http:\/\/denizcankizil.tr\/de\/haberler\/antalya\/dans-ederek-kafeye-girene-kahve-ucretsiz\/","og_locale":"de_DE","og_type":"article","og_title":"Dans ederek kafeye girene kahve \u00fccretsiz","og_description":"Antalya&#8217;da ya\u015fayan Behice ve Bahri Kaya \u00e7ifti, 35 y\u0131ld\u0131r hizmet sekt\u00f6r\u00fcnde \u00e7al\u0131\u015f\u0131yor. Konyaalt\u0131 il\u00e7esinde kafe i\u015fleten \u00e7ift, yurt d\u0131\u015f\u0131nda gittikleri bir kafede &#8216;dans et kahveni kap&#8217; konseptinin uyguland\u0131\u011f\u0131n\u0131 g\u00f6rd\u00fc. \u00c7ift, kendi i\u015fletmelerinde de ayn\u0131 uygulamay\u0131 ba\u015flatt\u0131. Yo\u011fun talep g\u00f6rd\u00fcklerini belirten Behice Kaya, \u201cYurt d\u0131\u015f\u0131nda e\u015fimle tatil yaparken bir kafede bu uygulamaya rastlad\u0131k. \u00c7ok g\u00fczel bir enerji ald\u0131k. Yurt d\u0131\u015f\u0131ndaki yorgunlu\u011fumuz dans edince yok oldu. T\u00fcrkiye&#8217;de bunu yapan bir i\u015fletme olmad\u0131\u011f\u0131n\u0131 fark ettik. Hemen bir \u00e7al\u0131\u015fma yaparak konseptimizi de\u011fi\u015ftirdik. &#8216;Dans et kahveni kap&#8217; slogan\u0131yla yola \u00e7\u0131kt\u0131k. M\u00fc\u015fterilerimiz dans etti\u011fi takdirde istedi\u011fi kahveyi \u00fccretsiz i\u00e7ebiliyor. \u0130nsanlar\u0131n mutlu olmas\u0131n\u0131 istedik, mutluluk payla\u015ft\u0131k\u00e7a \u00e7o\u011fal\u0131r. \u0130nsanlar giri\u015fi ve sonucu hi\u00e7bir zaman unutmaz. \u0130\u015fletmemize mutlulukla girsinler. M\u00fc\u015fteriler dans ederek geldi\u011finde biz de m\u00fczi\u011fi sesini y\u00fckseltiyoruz. Enerjileri daha da art\u0131yor. Sonra inan\u0131lmaz keyifli kareler ortaya \u00e7\u0131k\u0131yor&#8221; dedi. \u2018M\u0130SYONUMUZ M\u00dc\u015eTER\u0130 MEMNUN\u0130YET\u0130&#8217; M\u00fc\u015fteri memnuniyetine \u00f6nem verdiklerini s\u00f6yleyen Bahri Kaya ise \u201cBu projemiz \u00e7ok ba\u015far\u0131l\u0131 oldu. Bundan sonra daha farkl\u0131 projelerle yine \u00f6n plana \u00e7\u0131kmay\u0131 d\u00fc\u015f\u00fcn\u00fcyoruz. Bu proje e\u015fimin fikriydi. Harika geri d\u00f6n\u00fc\u015fler ald\u0131k. Gelen misafirlerimizi mutlu etmek bize de mutluluk veriyor. Bizim misyonumuz m\u00fc\u015fteri memnuniyetini hep \u00f6n planda tutmak&#8221; ifadelerini kulland\u0131. \u0130\u015fletmeye dans ederek gelen m\u00fc\u015fteri Tu\u011fba U\u00e7ar, \u201c\u0130\u00e7eri\u011fi \u00e7ok be\u011fendim. Bence kaliteli bir i\u00e7erik olmu\u015f. Hi\u00e7bir mekanda g\u00f6rmedi\u011fimiz &hellip;","og_url":"http:\/\/denizcankizil.tr\/de\/haberler\/antalya\/dans-ederek-kafeye-girene-kahve-ucretsiz\/","og_site_name":"Av. Deniz Can K\u0131z\u0131l","article_published_time":"2024-12-19T12:41:25+00:00","og_image":[{"width":1280,"height":720,"url":"http:\/\/denizcankizil.tr\/wp-content\/uploads\/2024\/12\/3680-01-yH1V1e.jpeg","type":"image\/jpeg"}],"twitter_card":"summary_large_image","twitter_misc":{"Gesch\u00e4tzte Lesezeit":"2\u00a0Minuten"},"schema":{"@context":"https:\/\/schema.org","@graph":[{"@type":"Article","@id":"http:\/\/denizcankizil.tr\/de\/haberler\/antalya\/dans-ederek-kafeye-girene-kahve-ucretsiz\/#article","isPartOf":{"@id":"http:\/\/denizcankizil.tr\/de\/haberler\/antalya\/dans-ederek-kafeye-girene-kahve-ucretsiz\/"},"author":{"name":"","@id":""},"headline":"Dans ederek kafeye girene kahve \u00fccretsiz","datePublished":"2024-12-19T12:41:25+00:00","mainEntityOfPage":{"@id":"http:\/\/denizcankizil.tr\/de\/haberler\/antalya\/dans-ederek-kafeye-girene-kahve-ucretsiz\/"},"wordCount":307,"commentCount":0,"publisher":{"@id":"https:\/\/denizcankizil.tr\/de\/#organization"},"image":{"@id":"http:\/\/denizcankizil.tr\/de\/haberler\/antalya\/dans-ederek-kafeye-girene-kahve-ucretsiz\/#primaryimage"},"thumbnailUrl":"http:\/\/denizcankizil.tr\/wp-content\/uploads\/2024\/12\/3680-01-yH1V1e.jpeg","articleSection":["Antalya","Uncategorized"],"inLanguage":"de","potentialAction":[{"@type":"CommentAction","name":"Comment","target":["http:\/\/denizcankizil.tr\/de\/haberler\/antalya\/dans-ederek-kafeye-girene-kahve-ucretsiz\/#respond"]}]},{"@type":"WebPage","@id":"http:\/\/denizcankizil.tr\/de\/haberler\/antalya\/dans-ederek-kafeye-girene-kahve-ucretsiz\/","url":"http:\/\/denizcankizil.tr\/de\/haberler\/antalya\/dans-ederek-kafeye-girene-kahve-ucretsiz\/","name":"Dans ederek kafeye girene kahve \u00fccretsiz - Av. Deniz Can K\u0131z\u0131l","isPartOf":{"@id":"https:\/\/denizcankizil.tr\/de\/#website"},"primaryImageOfPage":{"@id":"http:\/\/denizcankizil.tr\/de\/haberler\/antalya\/dans-ederek-kafeye-girene-kahve-ucretsiz\/#primaryimage"},"image":{"@id":"http:\/\/denizcankizil.tr\/de\/haberler\/antalya\/dans-ederek-kafeye-girene-kahve-ucretsiz\/#primaryimage"},"thumbnailUrl":"http:\/\/denizcankizil.tr\/wp-content\/uploads\/2024\/12\/3680-01-yH1V1e.jpeg","datePublished":"2024-12-19T12:41:25+00:00","breadcrumb":{"@id":"http:\/\/denizcankizil.tr\/de\/haberler\/antalya\/dans-ederek-kafeye-girene-kahve-ucretsiz\/#breadcrumb"},"inLanguage":"de","potentialAction":[{"@type":"ReadAction","target":["http:\/\/denizcankizil.tr\/de\/haberler\/antalya\/dans-ederek-kafeye-girene-kahve-ucretsiz\/"]}]},{"@type":"ImageObject","inLanguage":"de","@id":"http:\/\/denizcankizil.tr\/de\/haberler\/antalya\/dans-ederek-kafeye-girene-kahve-ucretsiz\/#primaryimage","url":"http:\/\/denizcankizil.tr\/wp-content\/uploads\/2024\/12\/3680-01-yH1V1e.jpeg","contentUrl":"http:\/\/denizcankizil.tr\/wp-content\/uploads\/2024\/12\/3680-01-yH1V1e.jpeg","width":1280,"height":720},{"@type":"BreadcrumbList","@id":"http:\/\/denizcankizil.tr\/de\/haberler\/antalya\/dans-ederek-kafeye-girene-kahve-ucretsiz\/#breadcrumb","itemListElement":[{"@type":"ListItem","position":1,"name":"Home","item":"https:\/\/denizcankizil.tr\/de\/"},{"@type":"ListItem","position":2,"name":"Dans ederek kafeye girene kahve \u00fccretsiz"}]},{"@type":"WebSite","@id":"https:\/\/denizcankizil.tr\/de\/#website","url":"https:\/\/denizcankizil.tr\/de\/","name":"Av. Deniz Can K\u0131z\u0131l","description":"Avukat Deniz Can K\u0131z\u0131l Antalya Barosu","publisher":{"@id":"https:\/\/denizcankizil.tr\/de\/#organization"},"potentialAction":[{"@type":"SearchAction","target":{"@type":"EntryPoint","urlTemplate":"https:\/\/denizcankizil.tr\/de\/?s={search_term_string}"},"query-input":{"@type":"PropertyValueSpecification","valueRequired":true,"valueName":"search_term_string"}}],"inLanguage":"de"},{"@type":"Organization","@id":"https:\/\/denizcankizil.tr\/de\/#organization","name":"Av. Deniz Can K\u0131z\u0131l","url":"https:\/\/denizcankizil.tr\/de\/","logo":{"@type":"ImageObject","inLanguage":"de","@id":"https:\/\/denizcankizil.tr\/de\/#\/schema\/logo\/image\/","url":"http:\/\/denizcankizil.tr\/wp-content\/uploads\/2024\/10\/siyah-logo-svg.svg","contentUrl":"http:\/\/denizcankizil.tr\/wp-content\/uploads\/2024\/10\/siyah-logo-svg.svg","width":1080,"height":1080,"caption":"Av. Deniz Can K\u0131z\u0131l"},"image":{"@id":"https:\/\/denizcankizil.tr\/de\/#\/schema\/logo\/image\/"}}]}},"_links":{"self":[{"href":"http:\/\/denizcankizil.tr\/de\/wp-json\/wp\/v2\/posts\/21389","targetHints":{"allow":["GET"]}}],"collection":[{"href":"http:\/\/denizcankizil.tr\/de\/wp-json\/wp\/v2\/posts"}],"about":[{"href":"http:\/\/denizcankizil.tr\/de\/wp-json\/wp\/v2\/types\/post"}],"replies":[{"embeddable":true,"href":"http:\/\/denizcankizil.tr\/de\/wp-json\/wp\/v2\/comments?post=21389"}],"version-history":[{"count":0,"href":"http:\/\/denizcankizil.tr\/de\/wp-json\/wp\/v2\/posts\/21389\/revisions"}],"wp:featuredmedia":[{"embeddable":true,"href":"http:\/\/denizcankizil.tr\/de\/wp-json\/wp\/v2\/media\/21390"}],"wp:attachment":[{"href":"http:\/\/denizcankizil.tr\/de\/wp-json\/wp\/v2\/media?parent=21389"}],"wp:term":[{"taxonomy":"category","embeddable":true,"href":"http:\/\/denizcankizil.tr\/de\/wp-json\/wp\/v2\/categories?post=21389"},{"taxonomy":"post_tag","embeddable":true,"href":"http:\/\/denizcankizil.tr\/de\/wp-json\/wp\/v2\/tags?post=21389"}],"curies":[{"name":"wp","href":"https:\/\/api.w.org\/{rel}","templated":true}]}}