{"id":21195,"date":"2024-12-18T09:41:30","date_gmt":"2024-12-18T06:41:30","guid":{"rendered":"https:\/\/denizcankizil.tr\/uncategorized-tr\/9-ilde-feto-kiskaci-41-gozalti\/"},"modified":"2024-12-18T09:41:30","modified_gmt":"2024-12-18T06:41:30","slug":"9-ilde-feto-kiskaci-41-gozalti","status":"publish","type":"post","link":"http:\/\/denizcankizil.tr\/de\/haberler\/gundem\/9-ilde-feto-kiskaci-41-gozalti\/","title":{"rendered":"9 ilde FET\u00d6 &#8216;K\u0131ska\u00e7&#8217;\u0131! 41 g\u00f6zalt\u0131"},"content":{"rendered":"<p>\u0130\u00e7i\u015fleri Bakanl\u0131\u011f\u0131&#8217;nca 9 ilde FET\u00d6&#8217;ye y\u00f6nelik d\u00fczenlenen &#8220;K\u0131ska\u00e7-31&#8221; operasyonlar\u0131nda 41 \u015f\u00fcpheli yakaland\u0131.ANKARA (\u0130GFA) &#8211; FET\u00d6 eleba\u015f\u0131n\u0131n \u00f6l\u00fcm\u00fcnden sonra da; bu hain ter\u00f6r \u00f6rg\u00fct\u00fcne y\u00f6nelik y\u00fcr\u00fct\u00fclen m\u00fccadelede hi\u00e7bir gev\u015feme olmadan s\u00fcrd\u00fcren \u0130\u00e7i\u015fleri Bakanl\u0131\u011f\u0131, K\u0131ska\u00e7 operasyonlar\u0131nda son \u00e7al\u0131\u015fmay\u0131 duyurdu.\u00a0<br \/>\nBakan Ali Yerlikaya, &#8220;Milli irademize darbe yapmaya yeltenen bu hain yap\u0131y\u0131 temizleyene kadar m\u00fccadelemize devam edece\u011fiz&#8221; mesaj\u0131 verdi.<br \/>\nCumhuriyet Ba\u015fsavc\u0131l\u0131klar\u0131 ile Emniyet Genel M\u00fcd\u00fcrl\u00fc\u011f\u00fc TEM Daire Ba\u015fkanl\u0131\u011f\u0131 ve \u0130stihbarat Ba\u015fkanl\u0131\u011f\u0131 koordinasyonunda; \u0130l Emniyet M\u00fcd\u00fcrl\u00fckleri TEM ve \u0130stihbarat \u015eube M\u00fcd\u00fcrl\u00fcklerince yap\u0131lan \u00e7al\u0131\u015fmalar sonucu;\u00a0 Ankara, \u0130stanbul ve Kayseri merkezli Mu\u015f, Bursa, Ayd\u0131n, \u0130zmir, Ordu ve Tekirda\u011f&#8217;da FET\u00d6\u2019ye y\u00f6nelik d\u00fczenlenen &#8220;K\u0131ska\u00e7-31&#8221; operasyonlarda \u015f\u00fcphelilerin; \u00d6rg\u00fct\u00fcn &#8220;Askeri Mahrem Yap\u0131lanmas\u0131&#8221; i\u00e7erisinde faaliyet y\u00fcr\u00fctmek,\u00a0 \u00d6rg\u00fct i\u00e7erisinde sorumlu \u015fah\u0131slar ile irtibatta bulunmak,\u00a0 \u201cGaybubet Evi\u201d olarak adland\u0131r\u0131lan H\u00fccre Evlerinde bar\u0131nmak ve\u00a0 \u00d6rg\u00fct\u00fcn kripto haberle\u015fme program\u0131 \u201cBylock\u201d kullan\u0131c\u0131s\u0131 olmak su\u00e7lar\u0131ndan Savc\u0131l\u0131klar\u0131m\u0131zca haklar\u0131nda soru\u015fturma ba\u015flat\u0131ld\u0131\u011f\u0131n\u0131 kaydederek, detaylar\u0131 payla\u015ft\u0131.<\/p>\n<p>https:\/\/twitter.com\/AliYerlikaya\/status\/1869243806001865129<\/p>\n<p>\u200b\u0130\u00e7i\u015fleri Bakanl\u0131\u011f\u0131&#8217;nca 9 ilde FET\u00d6&#8217;ye y\u00f6nelik d\u00fczenlenen &#8220;K\u0131ska\u00e7-31&#8221; operasyonlar\u0131nda 41 \u015f\u00fcpheli yakaland\u0131.ANKARA (\u0130GFA) &#8211; FET\u00d6 eleba\u015f\u0131n\u0131n \u00f6l\u00fcm\u00fcnden sonra da; bu hain ter\u00f6r \u00f6rg\u00fct\u00fcne y\u00f6nelik y\u00fcr\u00fct\u00fclen m\u00fccadelede hi\u00e7bir gev\u015feme olmadan s\u00fcrd\u00fcren \u0130\u00e7i\u015fleri Bakanl\u0131\u011f\u0131, K\u0131ska\u00e7 operasyonlar\u0131nda son \u00e7al\u0131\u015fmay\u0131 duyurdu.\u00a0<br \/>\nBakan Ali Yerlikaya, &#8220;Milli irademize darbe yapmaya yeltenen bu hain yap\u0131y\u0131 temizleyene kadar m\u00fccadelemize devam edece\u011fiz&#8221; mesaj\u0131 verdi.<br \/>\nCumhuriyet Ba\u015fsavc\u0131l\u0131klar\u0131 ile Emniyet Genel M\u00fcd\u00fcrl\u00fc\u011f\u00fc TEM Daire Ba\u015fkanl\u0131\u011f\u0131 ve \u0130stihbarat Ba\u015fkanl\u0131\u011f\u0131 koordinasyonunda; \u0130l Emniyet M\u00fcd\u00fcrl\u00fckleri TEM ve \u0130stihbarat \u015eube M\u00fcd\u00fcrl\u00fcklerince yap\u0131lan \u00e7al\u0131\u015fmalar sonucu;\u00a0 Ankara, \u0130stanbul ve Kayseri merkezli Mu\u015f, Bursa, Ayd\u0131n, \u0130zmir, Ordu ve Tekirda\u011f&#8217;da FET\u00d6\u2019ye y\u00f6nelik d\u00fczenlenen &#8220;K\u0131ska\u00e7-31&#8221; operasyonlarda \u015f\u00fcphelilerin; \u00d6rg\u00fct\u00fcn &#8220;Askeri Mahrem Yap\u0131lanmas\u0131&#8221; i\u00e7erisinde faaliyet y\u00fcr\u00fctmek,\u00a0 \u00d6rg\u00fct i\u00e7erisinde sorumlu \u015fah\u0131slar ile irtibatta bulunmak,\u00a0 \u201cGaybubet Evi\u201d olarak adland\u0131r\u0131lan H\u00fccre Evlerinde bar\u0131nmak ve\u00a0 \u00d6rg\u00fct\u00fcn kripto haberle\u015fme program\u0131 \u201cBylock\u201d kullan\u0131c\u0131s\u0131 olmak su\u00e7lar\u0131ndan Savc\u0131l\u0131klar\u0131m\u0131zca haklar\u0131nda soru\u015fturma ba\u015flat\u0131ld\u0131\u011f\u0131n\u0131 kaydederek, detaylar\u0131 payla\u015ft\u0131.<\/p>\n<p>https:\/\/twitter.com\/AliYerlikaya\/status\/1869243806001865129\u00a0<\/p>\n<p>\u200bHaberin Al\u0131nt\u0131land\u0131\u011f\u0131 Kaynak: www.iskenderun.org<\/p>","protected":false},"excerpt":{"rendered":"<p>\u0130\u00e7i\u015fleri Bakanl\u0131\u011f\u0131&#8217;nca 9 ilde FET\u00d6&#8217;ye y\u00f6nelik d\u00fczenlenen &#8220;K\u0131ska\u00e7-31&#8221; operasyonlar\u0131nda 41 \u015f\u00fcpheli yakaland\u0131.ANKARA (\u0130GFA) &#8211; FET\u00d6 eleba\u015f\u0131n\u0131n \u00f6l\u00fcm\u00fcnden sonra da; bu hain ter\u00f6r \u00f6rg\u00fct\u00fcne y\u00f6nelik y\u00fcr\u00fct\u00fclen m\u00fccadelede hi\u00e7bir gev\u015feme olmadan s\u00fcrd\u00fcren \u0130\u00e7i\u015fleri Bakanl\u0131\u011f\u0131, K\u0131ska\u00e7 operasyonlar\u0131nda son \u00e7al\u0131\u015fmay\u0131 duyurdu.\u00a0 Bakan Ali Yerlikaya, &#8220;Milli irademize darbe yapmaya yeltenen bu hain yap\u0131y\u0131 temizleyene kadar m\u00fccadelemize devam edece\u011fiz&#8221; mesaj\u0131 verdi. Cumhuriyet Ba\u015fsavc\u0131l\u0131klar\u0131 ile Emniyet Genel M\u00fcd\u00fcrl\u00fc\u011f\u00fc TEM Daire Ba\u015fkanl\u0131\u011f\u0131 ve \u0130stihbarat Ba\u015fkanl\u0131\u011f\u0131 koordinasyonunda; \u0130l Emniyet M\u00fcd\u00fcrl\u00fckleri TEM ve \u0130stihbarat \u015eube M\u00fcd\u00fcrl\u00fcklerince yap\u0131lan \u00e7al\u0131\u015fmalar sonucu;\u00a0 Ankara, \u0130stanbul ve Kayseri merkezli Mu\u015f, Bursa, Ayd\u0131n, \u0130zmir, Ordu ve Tekirda\u011f&#8217;da FET\u00d6\u2019ye y\u00f6nelik d\u00fczenlenen &#8220;K\u0131ska\u00e7-31&#8221; operasyonlarda \u015f\u00fcphelilerin; \u00d6rg\u00fct\u00fcn &#8220;Askeri Mahrem Yap\u0131lanmas\u0131&#8221; i\u00e7erisinde faaliyet y\u00fcr\u00fctmek,\u00a0 \u00d6rg\u00fct i\u00e7erisinde sorumlu \u015fah\u0131slar ile irtibatta bulunmak,\u00a0 \u201cGaybubet Evi\u201d olarak adland\u0131r\u0131lan H\u00fccre Evlerinde bar\u0131nmak ve\u00a0 \u00d6rg\u00fct\u00fcn kripto haberle\u015fme program\u0131 \u201cBylock\u201d kullan\u0131c\u0131s\u0131 olmak su\u00e7lar\u0131ndan Savc\u0131l\u0131klar\u0131m\u0131zca haklar\u0131nda soru\u015fturma ba\u015flat\u0131ld\u0131\u011f\u0131n\u0131 kaydederek, detaylar\u0131 payla\u015ft\u0131. https:\/\/twitter.com\/AliYerlikaya\/status\/1869243806001865129 \u200b\u0130\u00e7i\u015fleri Bakanl\u0131\u011f\u0131&#8217;nca 9 ilde FET\u00d6&#8217;ye y\u00f6nelik d\u00fczenlenen &#8220;K\u0131ska\u00e7-31&#8221; operasyonlar\u0131nda 41 \u015f\u00fcpheli yakaland\u0131.ANKARA (\u0130GFA) &#8211; FET\u00d6 eleba\u015f\u0131n\u0131n \u00f6l\u00fcm\u00fcnden sonra da; bu hain ter\u00f6r \u00f6rg\u00fct\u00fcne y\u00f6nelik y\u00fcr\u00fct\u00fclen m\u00fccadelede hi\u00e7bir gev\u015feme olmadan s\u00fcrd\u00fcren \u0130\u00e7i\u015fleri Bakanl\u0131\u011f\u0131, K\u0131ska\u00e7 operasyonlar\u0131nda son \u00e7al\u0131\u015fmay\u0131 duyurdu.\u00a0 Bakan Ali Yerlikaya, &#8220;Milli irademize darbe yapmaya yeltenen bu hain yap\u0131y\u0131 temizleyene kadar m\u00fccadelemize devam edece\u011fiz&#8221; mesaj\u0131 verdi. Cumhuriyet Ba\u015fsavc\u0131l\u0131klar\u0131 ile Emniyet Genel M\u00fcd\u00fcrl\u00fc\u011f\u00fc TEM Daire Ba\u015fkanl\u0131\u011f\u0131 ve &hellip;<\/p>","protected":false},"author":0,"featured_media":0,"comment_status":"open","ping_status":"open","sticky":false,"template":"","format":"standard","meta":{"_acf_changed":false,"footnotes":""},"categories":[24,535],"tags":[],"class_list":["post-21195","post","type-post","status-publish","format-standard","has-post-thumbnail","hentry","category-gundem","category-uncategorized-tr"],"acf":[],"yoast_head":"<!-- This site is optimized with the Yoast SEO Premium plugin v26.6 (Yoast SEO v27.1.1) - https:\/\/yoast.com\/product\/yoast-seo-premium-wordpress\/ -->\n<title>9 ilde FET\u00d6 &#039;K\u0131ska\u00e7&#039;\u0131! 41 g\u00f6zalt\u0131 - Av. Deniz Can K\u0131z\u0131l<\/title>\n<meta name=\"robots\" content=\"index, follow, max-snippet:-1, max-image-preview:large, max-video-preview:-1\" \/>\n<link rel=\"canonical\" href=\"http:\/\/denizcankizil.tr\/de\/haberler\/gundem\/9-ilde-feto-kiskaci-41-gozalti\/\" \/>\n<meta property=\"og:locale\" content=\"de_DE\" \/>\n<meta property=\"og:type\" content=\"article\" \/>\n<meta property=\"og:title\" content=\"9 ilde FET\u00d6 &#039;K\u0131ska\u00e7&#039;\u0131! 41 g\u00f6zalt\u0131\" \/>\n<meta property=\"og:description\" content=\"\u0130\u00e7i\u015fleri Bakanl\u0131\u011f\u0131&#8217;nca 9 ilde FET\u00d6&#8217;ye y\u00f6nelik d\u00fczenlenen &#8220;K\u0131ska\u00e7-31&#8221; operasyonlar\u0131nda 41 \u015f\u00fcpheli yakaland\u0131.ANKARA (\u0130GFA) &#8211; FET\u00d6 eleba\u015f\u0131n\u0131n \u00f6l\u00fcm\u00fcnden sonra da; bu hain ter\u00f6r \u00f6rg\u00fct\u00fcne y\u00f6nelik y\u00fcr\u00fct\u00fclen m\u00fccadelede hi\u00e7bir gev\u015feme olmadan s\u00fcrd\u00fcren \u0130\u00e7i\u015fleri Bakanl\u0131\u011f\u0131, K\u0131ska\u00e7 operasyonlar\u0131nda son \u00e7al\u0131\u015fmay\u0131 duyurdu.\u00a0 Bakan Ali Yerlikaya, &#8220;Milli irademize darbe yapmaya yeltenen bu hain yap\u0131y\u0131 temizleyene kadar m\u00fccadelemize devam edece\u011fiz&#8221; mesaj\u0131 verdi. Cumhuriyet Ba\u015fsavc\u0131l\u0131klar\u0131 ile Emniyet Genel M\u00fcd\u00fcrl\u00fc\u011f\u00fc TEM Daire Ba\u015fkanl\u0131\u011f\u0131 ve \u0130stihbarat Ba\u015fkanl\u0131\u011f\u0131 koordinasyonunda; \u0130l Emniyet M\u00fcd\u00fcrl\u00fckleri TEM ve \u0130stihbarat \u015eube M\u00fcd\u00fcrl\u00fcklerince yap\u0131lan \u00e7al\u0131\u015fmalar sonucu;\u00a0 Ankara, \u0130stanbul ve Kayseri merkezli Mu\u015f, Bursa, Ayd\u0131n, \u0130zmir, Ordu ve Tekirda\u011f&#8217;da FET\u00d6\u2019ye y\u00f6nelik d\u00fczenlenen &#8220;K\u0131ska\u00e7-31&#8221; operasyonlarda \u015f\u00fcphelilerin; \u00d6rg\u00fct\u00fcn &#8220;Askeri Mahrem Yap\u0131lanmas\u0131&#8221; i\u00e7erisinde faaliyet y\u00fcr\u00fctmek,\u00a0 \u00d6rg\u00fct i\u00e7erisinde sorumlu \u015fah\u0131slar ile irtibatta bulunmak,\u00a0 \u201cGaybubet Evi\u201d olarak adland\u0131r\u0131lan H\u00fccre Evlerinde bar\u0131nmak ve\u00a0 \u00d6rg\u00fct\u00fcn kripto haberle\u015fme program\u0131 \u201cBylock\u201d kullan\u0131c\u0131s\u0131 olmak su\u00e7lar\u0131ndan Savc\u0131l\u0131klar\u0131m\u0131zca haklar\u0131nda soru\u015fturma ba\u015flat\u0131ld\u0131\u011f\u0131n\u0131 kaydederek, detaylar\u0131 payla\u015ft\u0131. https:\/\/twitter.com\/AliYerlikaya\/status\/1869243806001865129 \u200b\u0130\u00e7i\u015fleri Bakanl\u0131\u011f\u0131&#8217;nca 9 ilde FET\u00d6&#8217;ye y\u00f6nelik d\u00fczenlenen &#8220;K\u0131ska\u00e7-31&#8221; operasyonlar\u0131nda 41 \u015f\u00fcpheli yakaland\u0131.ANKARA (\u0130GFA) &#8211; FET\u00d6 eleba\u015f\u0131n\u0131n \u00f6l\u00fcm\u00fcnden sonra da; bu hain ter\u00f6r \u00f6rg\u00fct\u00fcne y\u00f6nelik y\u00fcr\u00fct\u00fclen m\u00fccadelede hi\u00e7bir gev\u015feme olmadan s\u00fcrd\u00fcren \u0130\u00e7i\u015fleri Bakanl\u0131\u011f\u0131, K\u0131ska\u00e7 operasyonlar\u0131nda son \u00e7al\u0131\u015fmay\u0131 duyurdu.\u00a0 Bakan Ali Yerlikaya, &#8220;Milli irademize darbe yapmaya yeltenen bu hain yap\u0131y\u0131 temizleyene kadar m\u00fccadelemize devam edece\u011fiz&#8221; mesaj\u0131 verdi. Cumhuriyet Ba\u015fsavc\u0131l\u0131klar\u0131 ile Emniyet Genel M\u00fcd\u00fcrl\u00fc\u011f\u00fc TEM Daire Ba\u015fkanl\u0131\u011f\u0131 ve &hellip;\" \/>\n<meta property=\"og:url\" content=\"http:\/\/denizcankizil.tr\/de\/haberler\/gundem\/9-ilde-feto-kiskaci-41-gozalti\/\" \/>\n<meta property=\"og:site_name\" content=\"Av. Deniz Can K\u0131z\u0131l\" \/>\n<meta property=\"article:published_time\" content=\"2024-12-18T06:41:30+00:00\" \/>\n<meta name=\"twitter:card\" content=\"summary_large_image\" \/>\n<meta name=\"twitter:label1\" content=\"Gesch\u00e4tzte Lesezeit\" \/>\n\t<meta name=\"twitter:data1\" content=\"2\u00a0Minuten\" \/>\n<script type=\"application\/ld+json\" class=\"yoast-schema-graph\">{\"@context\":\"https:\/\/schema.org\",\"@graph\":[{\"@type\":\"Article\",\"@id\":\"http:\/\/denizcankizil.tr\/de\/haberler\/gundem\/9-ilde-feto-kiskaci-41-gozalti\/#article\",\"isPartOf\":{\"@id\":\"http:\/\/denizcankizil.tr\/de\/haberler\/gundem\/9-ilde-feto-kiskaci-41-gozalti\/\"},\"author\":{\"name\":\"\",\"@id\":\"\"},\"headline\":\"9 ilde FET\u00d6 &#8216;K\u0131ska\u00e7&#8217;\u0131! 41 g\u00f6zalt\u0131\",\"datePublished\":\"2024-12-18T06:41:30+00:00\",\"mainEntityOfPage\":{\"@id\":\"http:\/\/denizcankizil.tr\/de\/haberler\/gundem\/9-ilde-feto-kiskaci-41-gozalti\/\"},\"wordCount\":456,\"commentCount\":0,\"publisher\":{\"@id\":\"https:\/\/denizcankizil.tr\/#organization\"},\"articleSection\":[\"G\u00fcndem\",\"Uncategorized\"],\"inLanguage\":\"de\",\"potentialAction\":[{\"@type\":\"CommentAction\",\"name\":\"Comment\",\"target\":[\"http:\/\/denizcankizil.tr\/de\/haberler\/gundem\/9-ilde-feto-kiskaci-41-gozalti\/#respond\"]}]},{\"@type\":\"WebPage\",\"@id\":\"http:\/\/denizcankizil.tr\/de\/haberler\/gundem\/9-ilde-feto-kiskaci-41-gozalti\/\",\"url\":\"http:\/\/denizcankizil.tr\/de\/haberler\/gundem\/9-ilde-feto-kiskaci-41-gozalti\/\",\"name\":\"9 ilde FET\u00d6 'K\u0131ska\u00e7'\u0131! 41 g\u00f6zalt\u0131 - Av. Deniz Can K\u0131z\u0131l\",\"isPartOf\":{\"@id\":\"https:\/\/denizcankizil.tr\/#website\"},\"datePublished\":\"2024-12-18T06:41:30+00:00\",\"breadcrumb\":{\"@id\":\"http:\/\/denizcankizil.tr\/de\/haberler\/gundem\/9-ilde-feto-kiskaci-41-gozalti\/#breadcrumb\"},\"inLanguage\":\"de\",\"potentialAction\":[{\"@type\":\"ReadAction\",\"target\":[\"http:\/\/denizcankizil.tr\/de\/haberler\/gundem\/9-ilde-feto-kiskaci-41-gozalti\/\"]}]},{\"@type\":\"BreadcrumbList\",\"@id\":\"http:\/\/denizcankizil.tr\/de\/haberler\/gundem\/9-ilde-feto-kiskaci-41-gozalti\/#breadcrumb\",\"itemListElement\":[{\"@type\":\"ListItem\",\"position\":1,\"name\":\"Home\",\"item\":\"https:\/\/denizcankizil.tr\/uk\/\"},{\"@type\":\"ListItem\",\"position\":2,\"name\":\"9 ilde FET\u00d6 &#8216;K\u0131ska\u00e7&#8217;\u0131! 41 g\u00f6zalt\u0131\"}]},{\"@type\":\"WebSite\",\"@id\":\"https:\/\/denizcankizil.tr\/#website\",\"url\":\"https:\/\/denizcankizil.tr\/\",\"name\":\"Av. Deniz Can K\u0131z\u0131l\",\"description\":\"Avukat Deniz Can K\u0131z\u0131l Antalya Barosu\",\"publisher\":{\"@id\":\"https:\/\/denizcankizil.tr\/#organization\"},\"potentialAction\":[{\"@type\":\"SearchAction\",\"target\":{\"@type\":\"EntryPoint\",\"urlTemplate\":\"https:\/\/denizcankizil.tr\/?s={search_term_string}\"},\"query-input\":{\"@type\":\"PropertyValueSpecification\",\"valueRequired\":true,\"valueName\":\"search_term_string\"}}],\"inLanguage\":\"de\"},{\"@type\":\"Organization\",\"@id\":\"https:\/\/denizcankizil.tr\/#organization\",\"name\":\"Av. Deniz Can K\u0131z\u0131l\",\"url\":\"https:\/\/denizcankizil.tr\/\",\"logo\":{\"@type\":\"ImageObject\",\"inLanguage\":\"de\",\"@id\":\"https:\/\/denizcankizil.tr\/#\/schema\/logo\/image\/\",\"url\":\"http:\/\/denizcankizil.tr\/wp-content\/uploads\/2024\/10\/siyah-logo-svg.svg\",\"contentUrl\":\"http:\/\/denizcankizil.tr\/wp-content\/uploads\/2024\/10\/siyah-logo-svg.svg\",\"width\":1080,\"height\":1080,\"caption\":\"Av. Deniz Can K\u0131z\u0131l\"},\"image\":{\"@id\":\"https:\/\/denizcankizil.tr\/#\/schema\/logo\/image\/\"}}]}<\/script>\n<!-- \/ Yoast SEO Premium plugin. -->","yoast_head_json":{"title":"9 ilde FET\u00d6 'K\u0131ska\u00e7'\u0131! 41 g\u00f6zalt\u0131 - Av. Deniz Can K\u0131z\u0131l","robots":{"index":"index","follow":"follow","max-snippet":"max-snippet:-1","max-image-preview":"max-image-preview:large","max-video-preview":"max-video-preview:-1"},"canonical":"http:\/\/denizcankizil.tr\/de\/haberler\/gundem\/9-ilde-feto-kiskaci-41-gozalti\/","og_locale":"de_DE","og_type":"article","og_title":"9 ilde FET\u00d6 'K\u0131ska\u00e7'\u0131! 41 g\u00f6zalt\u0131","og_description":"\u0130\u00e7i\u015fleri Bakanl\u0131\u011f\u0131&#8217;nca 9 ilde FET\u00d6&#8217;ye y\u00f6nelik d\u00fczenlenen &#8220;K\u0131ska\u00e7-31&#8221; operasyonlar\u0131nda 41 \u015f\u00fcpheli yakaland\u0131.ANKARA (\u0130GFA) &#8211; FET\u00d6 eleba\u015f\u0131n\u0131n \u00f6l\u00fcm\u00fcnden sonra da; bu hain ter\u00f6r \u00f6rg\u00fct\u00fcne y\u00f6nelik y\u00fcr\u00fct\u00fclen m\u00fccadelede hi\u00e7bir gev\u015feme olmadan s\u00fcrd\u00fcren \u0130\u00e7i\u015fleri Bakanl\u0131\u011f\u0131, K\u0131ska\u00e7 operasyonlar\u0131nda son \u00e7al\u0131\u015fmay\u0131 duyurdu.\u00a0 Bakan Ali Yerlikaya, &#8220;Milli irademize darbe yapmaya yeltenen bu hain yap\u0131y\u0131 temizleyene kadar m\u00fccadelemize devam edece\u011fiz&#8221; mesaj\u0131 verdi. Cumhuriyet Ba\u015fsavc\u0131l\u0131klar\u0131 ile Emniyet Genel M\u00fcd\u00fcrl\u00fc\u011f\u00fc TEM Daire Ba\u015fkanl\u0131\u011f\u0131 ve \u0130stihbarat Ba\u015fkanl\u0131\u011f\u0131 koordinasyonunda; \u0130l Emniyet M\u00fcd\u00fcrl\u00fckleri TEM ve \u0130stihbarat \u015eube M\u00fcd\u00fcrl\u00fcklerince yap\u0131lan \u00e7al\u0131\u015fmalar sonucu;\u00a0 Ankara, \u0130stanbul ve Kayseri merkezli Mu\u015f, Bursa, Ayd\u0131n, \u0130zmir, Ordu ve Tekirda\u011f&#8217;da FET\u00d6\u2019ye y\u00f6nelik d\u00fczenlenen &#8220;K\u0131ska\u00e7-31&#8221; operasyonlarda \u015f\u00fcphelilerin; \u00d6rg\u00fct\u00fcn &#8220;Askeri Mahrem Yap\u0131lanmas\u0131&#8221; i\u00e7erisinde faaliyet y\u00fcr\u00fctmek,\u00a0 \u00d6rg\u00fct i\u00e7erisinde sorumlu \u015fah\u0131slar ile irtibatta bulunmak,\u00a0 \u201cGaybubet Evi\u201d olarak adland\u0131r\u0131lan H\u00fccre Evlerinde bar\u0131nmak ve\u00a0 \u00d6rg\u00fct\u00fcn kripto haberle\u015fme program\u0131 \u201cBylock\u201d kullan\u0131c\u0131s\u0131 olmak su\u00e7lar\u0131ndan Savc\u0131l\u0131klar\u0131m\u0131zca haklar\u0131nda soru\u015fturma ba\u015flat\u0131ld\u0131\u011f\u0131n\u0131 kaydederek, detaylar\u0131 payla\u015ft\u0131. https:\/\/twitter.com\/AliYerlikaya\/status\/1869243806001865129 \u200b\u0130\u00e7i\u015fleri Bakanl\u0131\u011f\u0131&#8217;nca 9 ilde FET\u00d6&#8217;ye y\u00f6nelik d\u00fczenlenen &#8220;K\u0131ska\u00e7-31&#8221; operasyonlar\u0131nda 41 \u015f\u00fcpheli yakaland\u0131.ANKARA (\u0130GFA) &#8211; FET\u00d6 eleba\u015f\u0131n\u0131n \u00f6l\u00fcm\u00fcnden sonra da; bu hain ter\u00f6r \u00f6rg\u00fct\u00fcne y\u00f6nelik y\u00fcr\u00fct\u00fclen m\u00fccadelede hi\u00e7bir gev\u015feme olmadan s\u00fcrd\u00fcren \u0130\u00e7i\u015fleri Bakanl\u0131\u011f\u0131, K\u0131ska\u00e7 operasyonlar\u0131nda son \u00e7al\u0131\u015fmay\u0131 duyurdu.\u00a0 Bakan Ali Yerlikaya, &#8220;Milli irademize darbe yapmaya yeltenen bu hain yap\u0131y\u0131 temizleyene kadar m\u00fccadelemize devam edece\u011fiz&#8221; mesaj\u0131 verdi. Cumhuriyet Ba\u015fsavc\u0131l\u0131klar\u0131 ile Emniyet Genel M\u00fcd\u00fcrl\u00fc\u011f\u00fc TEM Daire Ba\u015fkanl\u0131\u011f\u0131 ve &hellip;","og_url":"http:\/\/denizcankizil.tr\/de\/haberler\/gundem\/9-ilde-feto-kiskaci-41-gozalti\/","og_site_name":"Av. Deniz Can K\u0131z\u0131l","article_published_time":"2024-12-18T06:41:30+00:00","twitter_card":"summary_large_image","twitter_misc":{"Gesch\u00e4tzte Lesezeit":"2\u00a0Minuten"},"schema":{"@context":"https:\/\/schema.org","@graph":[{"@type":"Article","@id":"http:\/\/denizcankizil.tr\/de\/haberler\/gundem\/9-ilde-feto-kiskaci-41-gozalti\/#article","isPartOf":{"@id":"http:\/\/denizcankizil.tr\/de\/haberler\/gundem\/9-ilde-feto-kiskaci-41-gozalti\/"},"author":{"name":"","@id":""},"headline":"9 ilde FET\u00d6 &#8216;K\u0131ska\u00e7&#8217;\u0131! 41 g\u00f6zalt\u0131","datePublished":"2024-12-18T06:41:30+00:00","mainEntityOfPage":{"@id":"http:\/\/denizcankizil.tr\/de\/haberler\/gundem\/9-ilde-feto-kiskaci-41-gozalti\/"},"wordCount":456,"commentCount":0,"publisher":{"@id":"https:\/\/denizcankizil.tr\/#organization"},"articleSection":["G\u00fcndem","Uncategorized"],"inLanguage":"de","potentialAction":[{"@type":"CommentAction","name":"Comment","target":["http:\/\/denizcankizil.tr\/de\/haberler\/gundem\/9-ilde-feto-kiskaci-41-gozalti\/#respond"]}]},{"@type":"WebPage","@id":"http:\/\/denizcankizil.tr\/de\/haberler\/gundem\/9-ilde-feto-kiskaci-41-gozalti\/","url":"http:\/\/denizcankizil.tr\/de\/haberler\/gundem\/9-ilde-feto-kiskaci-41-gozalti\/","name":"9 ilde FET\u00d6 'K\u0131ska\u00e7'\u0131! 41 g\u00f6zalt\u0131 - Av. Deniz Can K\u0131z\u0131l","isPartOf":{"@id":"https:\/\/denizcankizil.tr\/#website"},"datePublished":"2024-12-18T06:41:30+00:00","breadcrumb":{"@id":"http:\/\/denizcankizil.tr\/de\/haberler\/gundem\/9-ilde-feto-kiskaci-41-gozalti\/#breadcrumb"},"inLanguage":"de","potentialAction":[{"@type":"ReadAction","target":["http:\/\/denizcankizil.tr\/de\/haberler\/gundem\/9-ilde-feto-kiskaci-41-gozalti\/"]}]},{"@type":"BreadcrumbList","@id":"http:\/\/denizcankizil.tr\/de\/haberler\/gundem\/9-ilde-feto-kiskaci-41-gozalti\/#breadcrumb","itemListElement":[{"@type":"ListItem","position":1,"name":"Home","item":"https:\/\/denizcankizil.tr\/uk\/"},{"@type":"ListItem","position":2,"name":"9 ilde FET\u00d6 &#8216;K\u0131ska\u00e7&#8217;\u0131! 41 g\u00f6zalt\u0131"}]},{"@type":"WebSite","@id":"https:\/\/denizcankizil.tr\/#website","url":"https:\/\/denizcankizil.tr\/","name":"Av. Deniz Can K\u0131z\u0131l","description":"Avukat Deniz Can K\u0131z\u0131l Antalya Barosu","publisher":{"@id":"https:\/\/denizcankizil.tr\/#organization"},"potentialAction":[{"@type":"SearchAction","target":{"@type":"EntryPoint","urlTemplate":"https:\/\/denizcankizil.tr\/?s={search_term_string}"},"query-input":{"@type":"PropertyValueSpecification","valueRequired":true,"valueName":"search_term_string"}}],"inLanguage":"de"},{"@type":"Organization","@id":"https:\/\/denizcankizil.tr\/#organization","name":"Av. Deniz Can K\u0131z\u0131l","url":"https:\/\/denizcankizil.tr\/","logo":{"@type":"ImageObject","inLanguage":"de","@id":"https:\/\/denizcankizil.tr\/#\/schema\/logo\/image\/","url":"http:\/\/denizcankizil.tr\/wp-content\/uploads\/2024\/10\/siyah-logo-svg.svg","contentUrl":"http:\/\/denizcankizil.tr\/wp-content\/uploads\/2024\/10\/siyah-logo-svg.svg","width":1080,"height":1080,"caption":"Av. Deniz Can K\u0131z\u0131l"},"image":{"@id":"https:\/\/denizcankizil.tr\/#\/schema\/logo\/image\/"}}]}},"_links":{"self":[{"href":"http:\/\/denizcankizil.tr\/de\/wp-json\/wp\/v2\/posts\/21195","targetHints":{"allow":["GET"]}}],"collection":[{"href":"http:\/\/denizcankizil.tr\/de\/wp-json\/wp\/v2\/posts"}],"about":[{"href":"http:\/\/denizcankizil.tr\/de\/wp-json\/wp\/v2\/types\/post"}],"replies":[{"embeddable":true,"href":"http:\/\/denizcankizil.tr\/de\/wp-json\/wp\/v2\/comments?post=21195"}],"version-history":[{"count":0,"href":"http:\/\/denizcankizil.tr\/de\/wp-json\/wp\/v2\/posts\/21195\/revisions"}],"wp:attachment":[{"href":"http:\/\/denizcankizil.tr\/de\/wp-json\/wp\/v2\/media?parent=21195"}],"wp:term":[{"taxonomy":"category","embeddable":true,"href":"http:\/\/denizcankizil.tr\/de\/wp-json\/wp\/v2\/categories?post=21195"},{"taxonomy":"post_tag","embeddable":true,"href":"http:\/\/denizcankizil.tr\/de\/wp-json\/wp\/v2\/tags?post=21195"}],"curies":[{"name":"wp","href":"https:\/\/api.w.org\/{rel}","templated":true}]}}