{"id":20057,"date":"2024-12-10T10:42:46","date_gmt":"2024-12-10T07:42:46","guid":{"rendered":"https:\/\/denizcankizil.tr\/uncategorized-tr\/corumlu-is-insanlari-bir-araya-geldi\/"},"modified":"2024-12-10T10:42:46","modified_gmt":"2024-12-10T07:42:46","slug":"corumlu-is-insanlari-bir-araya-geldi","status":"publish","type":"post","link":"http:\/\/denizcankizil.tr\/de\/haberler\/antalya\/corumlu-is-insanlari-bir-araya-geldi\/","title":{"rendered":"\u00c7orumlu i\u015f insanlar\u0131 bir araya geldi"},"content":{"rendered":"<p>Platform, vizyon ve misyonuna ba\u011fl\u0131 kalarak siyasi g\u00f6r\u00fc\u015f ayr\u0131m\u0131 g\u00f6zetmeksizin d\u00fczenledi\u011fi etkinlikte, CHP Antalya \u0130l Ba\u015fkan\u0131 Nail Kamac\u0131 ile Antalya B\u00fcy\u00fck\u015fehir Belediyesi eski Ba\u015fkan\u0131 Prof. Dr. Mustafa Akayd\u0131n\u2019\u0131 konuk etti. Platform \u00fcyeleri, ticari yap\u0131lar ve faaliyetleri \u00fczerine bilgi al\u0131\u015fveri\u015finde bulundu. Platform Ba\u015fkan\u0131 Halil G\u00fcvenba\u015f, toplant\u0131ya kat\u0131lan konuklara platformun misyonu ve \u00e7al\u0131\u015fmalar\u0131 hakk\u0131nda bilgi verdi. 15 farkl\u0131 i\u015f dal\u0131ndan 60\u2019a yak\u0131n kat\u0131l\u0131mc\u0131n\u0131n bir araya geldi\u011fini belirten G\u00fcvenba\u015f, bu t\u00fcr organizasyonlar\u0131n \u00f6nemine vurgu yapt\u0131.<\/p>\n<p>&#8220;Birlik ve dayan\u0131\u015fma geli\u015fmeyi h\u0131zland\u0131r\u0131yor&#8221;<br \/>\nToplant\u0131ya kat\u0131lan Nail Kamac\u0131, bu t\u00fcr platformlar\u0131n ticaret ve i\u015f birli\u011fi a\u00e7\u0131s\u0131ndan ne kadar \u00f6nemli oldu\u011funun alt\u0131n\u0131 \u00e7izerek, \u201cTicari faaliyetler, birlik ve beraberlik i\u00e7inde daha da geli\u015febilir. \u00c7orumlu \u0130\u015f \u0130nsanlar\u0131 Platformu\u2019nun bu konuda \u00f6rnek te\u015fkil etti\u011fini g\u00f6rmek \u00e7ok de\u011ferli\u201d dedi.<br \/>\nProf. Dr. Mustafa Akayd\u0131n ise platformun kurumsalla\u015fma yolundaki h\u0131zl\u0131 ilerleyi\u015fini takdir etti\u011fini ifade ederek, \u201cBug\u00fcne kadar bu kadar organize ve birbiriyle ba\u011fl\u0131 bir platform g\u00f6rmedim. \u00c7orumlu \u0130\u015f \u0130nsanlar\u0131 Platformu&#8217;nu ve y\u00f6netimini tebrik ediyorum\u201d dedi. Akayd\u0131n ayr\u0131ca T\u00fcrkiye ve Antalya\u2019da sa\u011fl\u0131k sisteminin geli\u015fimi, sa\u011fl\u0131k personelinin yeti\u015ftirilmesi ve doktorlar\u0131n sistem \u00fczerindeki \u00f6nemine dair bilgiler payla\u015ft\u0131.<\/p>\n<p>\u00c7orumlu i\u015f insanlar\u0131n\u0131n ekonomiye katk\u0131s\u0131<br \/>\nPlatform Ba\u015fkan Yard\u0131mc\u0131s\u0131 Fikret Uslu, \u00c7orumlu i\u015f insanlar\u0131n\u0131n Antalya ekonomisine katk\u0131lar\u0131n\u0131 vurgulad\u0131. Uslu, \u201c\u00c7orumlu i\u015f insanlar\u0131, Antalya\u2019n\u0131n y\u0131ll\u0131k milli has\u0131las\u0131na yakla\u015f\u0131k 10 milyar TL katk\u0131 sa\u011fl\u0131yor ve 100 bin ki\u015fiye istihdam olu\u015fturuyor. Son d\u00f6nemde savunma sanayisinde de b\u00fcy\u00fck projelere ev sahipli\u011fi yap\u0131yoruz. \u00c7orum\u2019un \u00e7al\u0131\u015fkanl\u0131\u011f\u0131n\u0131 ve \u00fcretkenli\u011fini her yere ta\u015f\u0131maya devam ediyoruz\u201d ifadelerini kulland\u0131.<br \/>\nToplant\u0131, temenni ve dileklerin ard\u0131ndan sona erdi.<\/p>\n<p>Kaynak: www.kanalv.com.tr Haber Sitesinden Al\u0131nm\u0131\u015ft\u0131r.<\/p>","protected":false},"excerpt":{"rendered":"<p>Platform, vizyon ve misyonuna ba\u011fl\u0131 kalarak siyasi g\u00f6r\u00fc\u015f ayr\u0131m\u0131 g\u00f6zetmeksizin d\u00fczenledi\u011fi etkinlikte, CHP Antalya \u0130l Ba\u015fkan\u0131 Nail Kamac\u0131 ile Antalya B\u00fcy\u00fck\u015fehir Belediyesi eski Ba\u015fkan\u0131 Prof. Dr. Mustafa Akayd\u0131n\u2019\u0131 konuk etti. Platform \u00fcyeleri, ticari yap\u0131lar ve faaliyetleri \u00fczerine bilgi al\u0131\u015fveri\u015finde bulundu. Platform Ba\u015fkan\u0131 Halil G\u00fcvenba\u015f, toplant\u0131ya kat\u0131lan konuklara platformun misyonu ve \u00e7al\u0131\u015fmalar\u0131 hakk\u0131nda bilgi verdi. 15 farkl\u0131 i\u015f dal\u0131ndan 60\u2019a yak\u0131n kat\u0131l\u0131mc\u0131n\u0131n bir araya geldi\u011fini belirten G\u00fcvenba\u015f, bu t\u00fcr organizasyonlar\u0131n \u00f6nemine vurgu yapt\u0131. &#8220;Birlik ve dayan\u0131\u015fma geli\u015fmeyi h\u0131zland\u0131r\u0131yor&#8221; Toplant\u0131ya kat\u0131lan Nail Kamac\u0131, bu t\u00fcr platformlar\u0131n ticaret ve i\u015f birli\u011fi a\u00e7\u0131s\u0131ndan ne kadar \u00f6nemli oldu\u011funun alt\u0131n\u0131 \u00e7izerek, \u201cTicari faaliyetler, birlik ve beraberlik i\u00e7inde daha da geli\u015febilir. \u00c7orumlu \u0130\u015f \u0130nsanlar\u0131 Platformu\u2019nun bu konuda \u00f6rnek te\u015fkil etti\u011fini g\u00f6rmek \u00e7ok de\u011ferli\u201d dedi. Prof. Dr. Mustafa Akayd\u0131n ise platformun kurumsalla\u015fma yolundaki h\u0131zl\u0131 ilerleyi\u015fini takdir etti\u011fini ifade ederek, \u201cBug\u00fcne kadar bu kadar organize ve birbiriyle ba\u011fl\u0131 bir platform g\u00f6rmedim. \u00c7orumlu \u0130\u015f \u0130nsanlar\u0131 Platformu&#8217;nu ve y\u00f6netimini tebrik ediyorum\u201d dedi. Akayd\u0131n ayr\u0131ca T\u00fcrkiye ve Antalya\u2019da sa\u011fl\u0131k sisteminin geli\u015fimi, sa\u011fl\u0131k personelinin yeti\u015ftirilmesi ve doktorlar\u0131n sistem \u00fczerindeki \u00f6nemine dair bilgiler payla\u015ft\u0131. \u00c7orumlu i\u015f insanlar\u0131n\u0131n ekonomiye katk\u0131s\u0131 Platform Ba\u015fkan Yard\u0131mc\u0131s\u0131 Fikret Uslu, \u00c7orumlu i\u015f insanlar\u0131n\u0131n Antalya ekonomisine katk\u0131lar\u0131n\u0131 vurgulad\u0131. Uslu, \u201c\u00c7orumlu i\u015f insanlar\u0131, Antalya\u2019n\u0131n y\u0131ll\u0131k milli has\u0131las\u0131na yakla\u015f\u0131k 10 milyar TL katk\u0131 &hellip;<\/p>","protected":false},"author":0,"featured_media":20058,"comment_status":"open","ping_status":"open","sticky":false,"template":"","format":"standard","meta":{"_acf_changed":false,"footnotes":""},"categories":[26,535],"tags":[],"class_list":["post-20057","post","type-post","status-publish","format-standard","has-post-thumbnail","hentry","category-antalya","category-uncategorized-tr"],"acf":[],"yoast_head":"<!-- This site is optimized with the Yoast SEO Premium plugin v26.6 (Yoast SEO v27.1.1) - https:\/\/yoast.com\/product\/yoast-seo-premium-wordpress\/ -->\n<title>\u00c7orumlu i\u015f insanlar\u0131 bir araya geldi - Av. Deniz Can K\u0131z\u0131l<\/title>\n<meta name=\"robots\" content=\"index, follow, max-snippet:-1, max-image-preview:large, max-video-preview:-1\" \/>\n<link rel=\"canonical\" href=\"http:\/\/denizcankizil.tr\/de\/haberler\/antalya\/corumlu-is-insanlari-bir-araya-geldi\/\" \/>\n<meta property=\"og:locale\" content=\"de_DE\" \/>\n<meta property=\"og:type\" content=\"article\" \/>\n<meta property=\"og:title\" content=\"\u00c7orumlu i\u015f insanlar\u0131 bir araya geldi\" \/>\n<meta property=\"og:description\" content=\"Platform, vizyon ve misyonuna ba\u011fl\u0131 kalarak siyasi g\u00f6r\u00fc\u015f ayr\u0131m\u0131 g\u00f6zetmeksizin d\u00fczenledi\u011fi etkinlikte, CHP Antalya \u0130l Ba\u015fkan\u0131 Nail Kamac\u0131 ile Antalya B\u00fcy\u00fck\u015fehir Belediyesi eski Ba\u015fkan\u0131 Prof. Dr. Mustafa Akayd\u0131n\u2019\u0131 konuk etti. Platform \u00fcyeleri, ticari yap\u0131lar ve faaliyetleri \u00fczerine bilgi al\u0131\u015fveri\u015finde bulundu. Platform Ba\u015fkan\u0131 Halil G\u00fcvenba\u015f, toplant\u0131ya kat\u0131lan konuklara platformun misyonu ve \u00e7al\u0131\u015fmalar\u0131 hakk\u0131nda bilgi verdi. 15 farkl\u0131 i\u015f dal\u0131ndan 60\u2019a yak\u0131n kat\u0131l\u0131mc\u0131n\u0131n bir araya geldi\u011fini belirten G\u00fcvenba\u015f, bu t\u00fcr organizasyonlar\u0131n \u00f6nemine vurgu yapt\u0131. &#8220;Birlik ve dayan\u0131\u015fma geli\u015fmeyi h\u0131zland\u0131r\u0131yor&#8221; Toplant\u0131ya kat\u0131lan Nail Kamac\u0131, bu t\u00fcr platformlar\u0131n ticaret ve i\u015f birli\u011fi a\u00e7\u0131s\u0131ndan ne kadar \u00f6nemli oldu\u011funun alt\u0131n\u0131 \u00e7izerek, \u201cTicari faaliyetler, birlik ve beraberlik i\u00e7inde daha da geli\u015febilir. \u00c7orumlu \u0130\u015f \u0130nsanlar\u0131 Platformu\u2019nun bu konuda \u00f6rnek te\u015fkil etti\u011fini g\u00f6rmek \u00e7ok de\u011ferli\u201d dedi. Prof. Dr. Mustafa Akayd\u0131n ise platformun kurumsalla\u015fma yolundaki h\u0131zl\u0131 ilerleyi\u015fini takdir etti\u011fini ifade ederek, \u201cBug\u00fcne kadar bu kadar organize ve birbiriyle ba\u011fl\u0131 bir platform g\u00f6rmedim. \u00c7orumlu \u0130\u015f \u0130nsanlar\u0131 Platformu&#8217;nu ve y\u00f6netimini tebrik ediyorum\u201d dedi. Akayd\u0131n ayr\u0131ca T\u00fcrkiye ve Antalya\u2019da sa\u011fl\u0131k sisteminin geli\u015fimi, sa\u011fl\u0131k personelinin yeti\u015ftirilmesi ve doktorlar\u0131n sistem \u00fczerindeki \u00f6nemine dair bilgiler payla\u015ft\u0131. \u00c7orumlu i\u015f insanlar\u0131n\u0131n ekonomiye katk\u0131s\u0131 Platform Ba\u015fkan Yard\u0131mc\u0131s\u0131 Fikret Uslu, \u00c7orumlu i\u015f insanlar\u0131n\u0131n Antalya ekonomisine katk\u0131lar\u0131n\u0131 vurgulad\u0131. Uslu, \u201c\u00c7orumlu i\u015f insanlar\u0131, Antalya\u2019n\u0131n y\u0131ll\u0131k milli has\u0131las\u0131na yakla\u015f\u0131k 10 milyar TL katk\u0131 &hellip;\" \/>\n<meta property=\"og:url\" content=\"http:\/\/denizcankizil.tr\/de\/haberler\/antalya\/corumlu-is-insanlari-bir-araya-geldi\/\" \/>\n<meta property=\"og:site_name\" content=\"Av. Deniz Can K\u0131z\u0131l\" \/>\n<meta property=\"article:published_time\" content=\"2024-12-10T07:42:46+00:00\" \/>\n<meta property=\"og:image\" content=\"http:\/\/denizcankizil.tr\/wp-content\/uploads\/2024\/12\/3509-01-xQiqhg.jpeg\" \/>\n\t<meta property=\"og:image:width\" content=\"1280\" \/>\n\t<meta property=\"og:image:height\" content=\"720\" \/>\n\t<meta property=\"og:image:type\" content=\"image\/jpeg\" \/>\n<meta name=\"twitter:card\" content=\"summary_large_image\" \/>\n<meta name=\"twitter:label1\" content=\"Gesch\u00e4tzte Lesezeit\" \/>\n\t<meta name=\"twitter:data1\" content=\"2\u00a0Minuten\" \/>\n<script type=\"application\/ld+json\" class=\"yoast-schema-graph\">{\"@context\":\"https:\/\/schema.org\",\"@graph\":[{\"@type\":\"Article\",\"@id\":\"http:\/\/denizcankizil.tr\/de\/haberler\/antalya\/corumlu-is-insanlari-bir-araya-geldi\/#article\",\"isPartOf\":{\"@id\":\"http:\/\/denizcankizil.tr\/de\/haberler\/antalya\/corumlu-is-insanlari-bir-araya-geldi\/\"},\"author\":{\"name\":\"\",\"@id\":\"\"},\"headline\":\"\u00c7orumlu i\u015f insanlar\u0131 bir araya geldi\",\"datePublished\":\"2024-12-10T07:42:46+00:00\",\"mainEntityOfPage\":{\"@id\":\"http:\/\/denizcankizil.tr\/de\/haberler\/antalya\/corumlu-is-insanlari-bir-araya-geldi\/\"},\"wordCount\":353,\"commentCount\":0,\"publisher\":{\"@id\":\"https:\/\/denizcankizil.tr\/de\/#organization\"},\"image\":{\"@id\":\"http:\/\/denizcankizil.tr\/de\/haberler\/antalya\/corumlu-is-insanlari-bir-araya-geldi\/#primaryimage\"},\"thumbnailUrl\":\"http:\/\/denizcankizil.tr\/wp-content\/uploads\/2024\/12\/3509-01-xQiqhg.jpeg\",\"articleSection\":[\"Antalya\",\"Uncategorized\"],\"inLanguage\":\"de\",\"potentialAction\":[{\"@type\":\"CommentAction\",\"name\":\"Comment\",\"target\":[\"http:\/\/denizcankizil.tr\/de\/haberler\/antalya\/corumlu-is-insanlari-bir-araya-geldi\/#respond\"]}]},{\"@type\":\"WebPage\",\"@id\":\"http:\/\/denizcankizil.tr\/de\/haberler\/antalya\/corumlu-is-insanlari-bir-araya-geldi\/\",\"url\":\"http:\/\/denizcankizil.tr\/de\/haberler\/antalya\/corumlu-is-insanlari-bir-araya-geldi\/\",\"name\":\"\u00c7orumlu i\u015f insanlar\u0131 bir araya geldi - Av. Deniz Can K\u0131z\u0131l\",\"isPartOf\":{\"@id\":\"https:\/\/denizcankizil.tr\/de\/#website\"},\"primaryImageOfPage\":{\"@id\":\"http:\/\/denizcankizil.tr\/de\/haberler\/antalya\/corumlu-is-insanlari-bir-araya-geldi\/#primaryimage\"},\"image\":{\"@id\":\"http:\/\/denizcankizil.tr\/de\/haberler\/antalya\/corumlu-is-insanlari-bir-araya-geldi\/#primaryimage\"},\"thumbnailUrl\":\"http:\/\/denizcankizil.tr\/wp-content\/uploads\/2024\/12\/3509-01-xQiqhg.jpeg\",\"datePublished\":\"2024-12-10T07:42:46+00:00\",\"breadcrumb\":{\"@id\":\"http:\/\/denizcankizil.tr\/de\/haberler\/antalya\/corumlu-is-insanlari-bir-araya-geldi\/#breadcrumb\"},\"inLanguage\":\"de\",\"potentialAction\":[{\"@type\":\"ReadAction\",\"target\":[\"http:\/\/denizcankizil.tr\/de\/haberler\/antalya\/corumlu-is-insanlari-bir-araya-geldi\/\"]}]},{\"@type\":\"ImageObject\",\"inLanguage\":\"de\",\"@id\":\"http:\/\/denizcankizil.tr\/de\/haberler\/antalya\/corumlu-is-insanlari-bir-araya-geldi\/#primaryimage\",\"url\":\"http:\/\/denizcankizil.tr\/wp-content\/uploads\/2024\/12\/3509-01-xQiqhg.jpeg\",\"contentUrl\":\"http:\/\/denizcankizil.tr\/wp-content\/uploads\/2024\/12\/3509-01-xQiqhg.jpeg\",\"width\":1280,\"height\":720},{\"@type\":\"BreadcrumbList\",\"@id\":\"http:\/\/denizcankizil.tr\/de\/haberler\/antalya\/corumlu-is-insanlari-bir-araya-geldi\/#breadcrumb\",\"itemListElement\":[{\"@type\":\"ListItem\",\"position\":1,\"name\":\"Home\",\"item\":\"https:\/\/denizcankizil.tr\/de\/\"},{\"@type\":\"ListItem\",\"position\":2,\"name\":\"\u00c7orumlu i\u015f insanlar\u0131 bir araya geldi\"}]},{\"@type\":\"WebSite\",\"@id\":\"https:\/\/denizcankizil.tr\/de\/#website\",\"url\":\"https:\/\/denizcankizil.tr\/de\/\",\"name\":\"Av. Deniz Can K\u0131z\u0131l\",\"description\":\"Avukat Deniz Can K\u0131z\u0131l Antalya Barosu\",\"publisher\":{\"@id\":\"https:\/\/denizcankizil.tr\/de\/#organization\"},\"potentialAction\":[{\"@type\":\"SearchAction\",\"target\":{\"@type\":\"EntryPoint\",\"urlTemplate\":\"https:\/\/denizcankizil.tr\/de\/?s={search_term_string}\"},\"query-input\":{\"@type\":\"PropertyValueSpecification\",\"valueRequired\":true,\"valueName\":\"search_term_string\"}}],\"inLanguage\":\"de\"},{\"@type\":\"Organization\",\"@id\":\"https:\/\/denizcankizil.tr\/de\/#organization\",\"name\":\"Av. Deniz Can K\u0131z\u0131l\",\"url\":\"https:\/\/denizcankizil.tr\/de\/\",\"logo\":{\"@type\":\"ImageObject\",\"inLanguage\":\"de\",\"@id\":\"https:\/\/denizcankizil.tr\/de\/#\/schema\/logo\/image\/\",\"url\":\"http:\/\/denizcankizil.tr\/wp-content\/uploads\/2024\/10\/siyah-logo-svg.svg\",\"contentUrl\":\"http:\/\/denizcankizil.tr\/wp-content\/uploads\/2024\/10\/siyah-logo-svg.svg\",\"width\":1080,\"height\":1080,\"caption\":\"Av. Deniz Can K\u0131z\u0131l\"},\"image\":{\"@id\":\"https:\/\/denizcankizil.tr\/de\/#\/schema\/logo\/image\/\"}}]}<\/script>\n<!-- \/ Yoast SEO Premium plugin. -->","yoast_head_json":{"title":"\u00c7orumlu i\u015f insanlar\u0131 bir araya geldi - Av. Deniz Can K\u0131z\u0131l","robots":{"index":"index","follow":"follow","max-snippet":"max-snippet:-1","max-image-preview":"max-image-preview:large","max-video-preview":"max-video-preview:-1"},"canonical":"http:\/\/denizcankizil.tr\/de\/haberler\/antalya\/corumlu-is-insanlari-bir-araya-geldi\/","og_locale":"de_DE","og_type":"article","og_title":"\u00c7orumlu i\u015f insanlar\u0131 bir araya geldi","og_description":"Platform, vizyon ve misyonuna ba\u011fl\u0131 kalarak siyasi g\u00f6r\u00fc\u015f ayr\u0131m\u0131 g\u00f6zetmeksizin d\u00fczenledi\u011fi etkinlikte, CHP Antalya \u0130l Ba\u015fkan\u0131 Nail Kamac\u0131 ile Antalya B\u00fcy\u00fck\u015fehir Belediyesi eski Ba\u015fkan\u0131 Prof. Dr. Mustafa Akayd\u0131n\u2019\u0131 konuk etti. Platform \u00fcyeleri, ticari yap\u0131lar ve faaliyetleri \u00fczerine bilgi al\u0131\u015fveri\u015finde bulundu. Platform Ba\u015fkan\u0131 Halil G\u00fcvenba\u015f, toplant\u0131ya kat\u0131lan konuklara platformun misyonu ve \u00e7al\u0131\u015fmalar\u0131 hakk\u0131nda bilgi verdi. 15 farkl\u0131 i\u015f dal\u0131ndan 60\u2019a yak\u0131n kat\u0131l\u0131mc\u0131n\u0131n bir araya geldi\u011fini belirten G\u00fcvenba\u015f, bu t\u00fcr organizasyonlar\u0131n \u00f6nemine vurgu yapt\u0131. &#8220;Birlik ve dayan\u0131\u015fma geli\u015fmeyi h\u0131zland\u0131r\u0131yor&#8221; Toplant\u0131ya kat\u0131lan Nail Kamac\u0131, bu t\u00fcr platformlar\u0131n ticaret ve i\u015f birli\u011fi a\u00e7\u0131s\u0131ndan ne kadar \u00f6nemli oldu\u011funun alt\u0131n\u0131 \u00e7izerek, \u201cTicari faaliyetler, birlik ve beraberlik i\u00e7inde daha da geli\u015febilir. \u00c7orumlu \u0130\u015f \u0130nsanlar\u0131 Platformu\u2019nun bu konuda \u00f6rnek te\u015fkil etti\u011fini g\u00f6rmek \u00e7ok de\u011ferli\u201d dedi. Prof. Dr. Mustafa Akayd\u0131n ise platformun kurumsalla\u015fma yolundaki h\u0131zl\u0131 ilerleyi\u015fini takdir etti\u011fini ifade ederek, \u201cBug\u00fcne kadar bu kadar organize ve birbiriyle ba\u011fl\u0131 bir platform g\u00f6rmedim. \u00c7orumlu \u0130\u015f \u0130nsanlar\u0131 Platformu&#8217;nu ve y\u00f6netimini tebrik ediyorum\u201d dedi. Akayd\u0131n ayr\u0131ca T\u00fcrkiye ve Antalya\u2019da sa\u011fl\u0131k sisteminin geli\u015fimi, sa\u011fl\u0131k personelinin yeti\u015ftirilmesi ve doktorlar\u0131n sistem \u00fczerindeki \u00f6nemine dair bilgiler payla\u015ft\u0131. \u00c7orumlu i\u015f insanlar\u0131n\u0131n ekonomiye katk\u0131s\u0131 Platform Ba\u015fkan Yard\u0131mc\u0131s\u0131 Fikret Uslu, \u00c7orumlu i\u015f insanlar\u0131n\u0131n Antalya ekonomisine katk\u0131lar\u0131n\u0131 vurgulad\u0131. Uslu, \u201c\u00c7orumlu i\u015f insanlar\u0131, Antalya\u2019n\u0131n y\u0131ll\u0131k milli has\u0131las\u0131na yakla\u015f\u0131k 10 milyar TL katk\u0131 &hellip;","og_url":"http:\/\/denizcankizil.tr\/de\/haberler\/antalya\/corumlu-is-insanlari-bir-araya-geldi\/","og_site_name":"Av. Deniz Can K\u0131z\u0131l","article_published_time":"2024-12-10T07:42:46+00:00","og_image":[{"width":1280,"height":720,"url":"http:\/\/denizcankizil.tr\/wp-content\/uploads\/2024\/12\/3509-01-xQiqhg.jpeg","type":"image\/jpeg"}],"twitter_card":"summary_large_image","twitter_misc":{"Gesch\u00e4tzte Lesezeit":"2\u00a0Minuten"},"schema":{"@context":"https:\/\/schema.org","@graph":[{"@type":"Article","@id":"http:\/\/denizcankizil.tr\/de\/haberler\/antalya\/corumlu-is-insanlari-bir-araya-geldi\/#article","isPartOf":{"@id":"http:\/\/denizcankizil.tr\/de\/haberler\/antalya\/corumlu-is-insanlari-bir-araya-geldi\/"},"author":{"name":"","@id":""},"headline":"\u00c7orumlu i\u015f insanlar\u0131 bir araya geldi","datePublished":"2024-12-10T07:42:46+00:00","mainEntityOfPage":{"@id":"http:\/\/denizcankizil.tr\/de\/haberler\/antalya\/corumlu-is-insanlari-bir-araya-geldi\/"},"wordCount":353,"commentCount":0,"publisher":{"@id":"https:\/\/denizcankizil.tr\/de\/#organization"},"image":{"@id":"http:\/\/denizcankizil.tr\/de\/haberler\/antalya\/corumlu-is-insanlari-bir-araya-geldi\/#primaryimage"},"thumbnailUrl":"http:\/\/denizcankizil.tr\/wp-content\/uploads\/2024\/12\/3509-01-xQiqhg.jpeg","articleSection":["Antalya","Uncategorized"],"inLanguage":"de","potentialAction":[{"@type":"CommentAction","name":"Comment","target":["http:\/\/denizcankizil.tr\/de\/haberler\/antalya\/corumlu-is-insanlari-bir-araya-geldi\/#respond"]}]},{"@type":"WebPage","@id":"http:\/\/denizcankizil.tr\/de\/haberler\/antalya\/corumlu-is-insanlari-bir-araya-geldi\/","url":"http:\/\/denizcankizil.tr\/de\/haberler\/antalya\/corumlu-is-insanlari-bir-araya-geldi\/","name":"\u00c7orumlu i\u015f insanlar\u0131 bir araya geldi - Av. Deniz Can K\u0131z\u0131l","isPartOf":{"@id":"https:\/\/denizcankizil.tr\/de\/#website"},"primaryImageOfPage":{"@id":"http:\/\/denizcankizil.tr\/de\/haberler\/antalya\/corumlu-is-insanlari-bir-araya-geldi\/#primaryimage"},"image":{"@id":"http:\/\/denizcankizil.tr\/de\/haberler\/antalya\/corumlu-is-insanlari-bir-araya-geldi\/#primaryimage"},"thumbnailUrl":"http:\/\/denizcankizil.tr\/wp-content\/uploads\/2024\/12\/3509-01-xQiqhg.jpeg","datePublished":"2024-12-10T07:42:46+00:00","breadcrumb":{"@id":"http:\/\/denizcankizil.tr\/de\/haberler\/antalya\/corumlu-is-insanlari-bir-araya-geldi\/#breadcrumb"},"inLanguage":"de","potentialAction":[{"@type":"ReadAction","target":["http:\/\/denizcankizil.tr\/de\/haberler\/antalya\/corumlu-is-insanlari-bir-araya-geldi\/"]}]},{"@type":"ImageObject","inLanguage":"de","@id":"http:\/\/denizcankizil.tr\/de\/haberler\/antalya\/corumlu-is-insanlari-bir-araya-geldi\/#primaryimage","url":"http:\/\/denizcankizil.tr\/wp-content\/uploads\/2024\/12\/3509-01-xQiqhg.jpeg","contentUrl":"http:\/\/denizcankizil.tr\/wp-content\/uploads\/2024\/12\/3509-01-xQiqhg.jpeg","width":1280,"height":720},{"@type":"BreadcrumbList","@id":"http:\/\/denizcankizil.tr\/de\/haberler\/antalya\/corumlu-is-insanlari-bir-araya-geldi\/#breadcrumb","itemListElement":[{"@type":"ListItem","position":1,"name":"Home","item":"https:\/\/denizcankizil.tr\/de\/"},{"@type":"ListItem","position":2,"name":"\u00c7orumlu i\u015f insanlar\u0131 bir araya geldi"}]},{"@type":"WebSite","@id":"https:\/\/denizcankizil.tr\/de\/#website","url":"https:\/\/denizcankizil.tr\/de\/","name":"Av. Deniz Can K\u0131z\u0131l","description":"Avukat Deniz Can K\u0131z\u0131l Antalya Barosu","publisher":{"@id":"https:\/\/denizcankizil.tr\/de\/#organization"},"potentialAction":[{"@type":"SearchAction","target":{"@type":"EntryPoint","urlTemplate":"https:\/\/denizcankizil.tr\/de\/?s={search_term_string}"},"query-input":{"@type":"PropertyValueSpecification","valueRequired":true,"valueName":"search_term_string"}}],"inLanguage":"de"},{"@type":"Organization","@id":"https:\/\/denizcankizil.tr\/de\/#organization","name":"Av. Deniz Can K\u0131z\u0131l","url":"https:\/\/denizcankizil.tr\/de\/","logo":{"@type":"ImageObject","inLanguage":"de","@id":"https:\/\/denizcankizil.tr\/de\/#\/schema\/logo\/image\/","url":"http:\/\/denizcankizil.tr\/wp-content\/uploads\/2024\/10\/siyah-logo-svg.svg","contentUrl":"http:\/\/denizcankizil.tr\/wp-content\/uploads\/2024\/10\/siyah-logo-svg.svg","width":1080,"height":1080,"caption":"Av. Deniz Can K\u0131z\u0131l"},"image":{"@id":"https:\/\/denizcankizil.tr\/de\/#\/schema\/logo\/image\/"}}]}},"_links":{"self":[{"href":"http:\/\/denizcankizil.tr\/de\/wp-json\/wp\/v2\/posts\/20057","targetHints":{"allow":["GET"]}}],"collection":[{"href":"http:\/\/denizcankizil.tr\/de\/wp-json\/wp\/v2\/posts"}],"about":[{"href":"http:\/\/denizcankizil.tr\/de\/wp-json\/wp\/v2\/types\/post"}],"replies":[{"embeddable":true,"href":"http:\/\/denizcankizil.tr\/de\/wp-json\/wp\/v2\/comments?post=20057"}],"version-history":[{"count":0,"href":"http:\/\/denizcankizil.tr\/de\/wp-json\/wp\/v2\/posts\/20057\/revisions"}],"wp:featuredmedia":[{"embeddable":true,"href":"http:\/\/denizcankizil.tr\/de\/wp-json\/wp\/v2\/media\/20058"}],"wp:attachment":[{"href":"http:\/\/denizcankizil.tr\/de\/wp-json\/wp\/v2\/media?parent=20057"}],"wp:term":[{"taxonomy":"category","embeddable":true,"href":"http:\/\/denizcankizil.tr\/de\/wp-json\/wp\/v2\/categories?post=20057"},{"taxonomy":"post_tag","embeddable":true,"href":"http:\/\/denizcankizil.tr\/de\/wp-json\/wp\/v2\/tags?post=20057"}],"curies":[{"name":"wp","href":"https:\/\/api.w.org\/{rel}","templated":true}]}}