{"id":19643,"date":"2024-12-07T11:41:52","date_gmt":"2024-12-07T08:41:52","guid":{"rendered":"https:\/\/denizcankizil.tr\/uncategorized-tr\/ceza-makbuzuyla-hatira-fotografi-cektirdi\/"},"modified":"2024-12-07T11:41:52","modified_gmt":"2024-12-07T08:41:52","slug":"ceza-makbuzuyla-hatira-fotografi-cektirdi","status":"publish","type":"post","link":"http:\/\/denizcankizil.tr\/de\/haberler\/antalya\/ceza-makbuzuyla-hatira-fotografi-cektirdi\/","title":{"rendered":"Ceza makbuzuyla hat\u0131ra foto\u011fraf\u0131 \u00e7ektirdi"},"content":{"rendered":"<p>Trafik ekipleri taraf\u0131ndan ceza uygulanmas\u0131 s\u0131ras\u0131nda bug\u00fcne kadar s\u00fcr\u00fcc\u00fc belgesiz kulland\u0131\u011f\u0131 halde ceza yemedi\u011fini belirten motosiklet s\u00fcr\u00fcc\u00fcs\u00fc, ilk kez yedi\u011fi cezan\u0131n makbuzuyla hat\u0131ra foto\u011fraf\u0131 \u00e7ektirdi.<br \/>\nKaza, Yukar\u0131 Hisar Mahallesi Hastane Caddesinde yapay \u015felale istikametinden hastane istikametine seyir halindeki A. S., kulland\u0131\u011f\u0131 plakas\u0131z motosiklet, Yukar\u0131 Hisar Mahallesi Muhtarl\u0131\u011f\u0131 \u00f6n\u00fcnde okul servisinden inerek yolun kar\u015f\u0131s\u0131na ge\u00e7mekte olan 11 ya\u015f\u0131ndaki F. B&#8217;ye \u00e7arpt\u0131. Kazada yaralanan ilkokul \u00f6\u011frencisi, sa\u011fl\u0131k ekibinin olay yerindeki m\u00fcdahalesinin ard\u0131ndan ambulansla hastaneye kald\u0131r\u0131ld\u0131.<\/p>\n<p>Servis, k\u00fc\u00e7\u00fck \u00f6\u011frenciyi yol ortas\u0131nda indirdi<br \/>\nKazaya sebep olan 07 C 74031 plakal\u0131 okul servisinin F. B&#8217;yi yolun kenar\u0131na yana\u015fmadan yol ortas\u0131nda indirdi\u011fi, \u00f6\u011frencinin de tek ba\u015f\u0131na servis arac\u0131n\u0131n \u00f6n\u00fcnden ge\u00e7ti\u011fi s\u0131rada motosiklet taraf\u0131ndan \u00e7arp\u0131ld\u0131\u011f\u0131 bildirildi.<\/p>\n<p>Motosiklet s\u00fcr\u00fcc\u00fcs\u00fcne 23 bin 894 TL para cezas\u0131<br \/>\nManavgat Emniyet M\u00fcd\u00fcrl\u00fc\u011f\u00fc Trafik Denetleme B\u00fcro Amirli\u011fi ekiplerince motosiklet s\u00fcr\u00fcc\u00fcs\u00fcne s\u00fcr\u00fcc\u00fc belgesinin olmamas\u0131 nedeniyle 12 bin 977 TL, motosikletin plakas\u0131n\u0131n olmamas\u0131ndan 10 bin 917 TL olmak \u00fczere toplam 23 bin 894 TL para cezas\u0131 uyguland\u0131 ve motosiklet ba\u011flanarak yediemin otopark\u0131na \u00e7ekildi.<\/p>\n<p>\u0130lk kez ceza yedi\u011fini s\u00f6yledi ve ceza makbuzuyla foto\u011fraf \u00e7ektirdi<br \/>\nKazan\u0131n ard\u0131ndan 23 bin 894 TL para cezas\u0131 uygulanan Abdulaziz Su, bug\u00fcne kadar s\u00fcr\u00fcc\u00fc belgesi olmamas\u0131na ra\u011fmen hi\u00e7 ceza yemedi\u011fini, ilk kez trafik cezas\u0131 yedi\u011fini belirterek, olay yerine gelen arkada\u015flar\u0131na ceza makbuzuyla g\u00fclerek poz verdi.<\/p>\n<p>Kaynak: www.kanalv.com.tr Haber Sitesinden Al\u0131nm\u0131\u015ft\u0131r.<\/p>","protected":false},"excerpt":{"rendered":"<p>Trafik ekipleri taraf\u0131ndan ceza uygulanmas\u0131 s\u0131ras\u0131nda bug\u00fcne kadar s\u00fcr\u00fcc\u00fc belgesiz kulland\u0131\u011f\u0131 halde ceza yemedi\u011fini belirten motosiklet s\u00fcr\u00fcc\u00fcs\u00fc, ilk kez yedi\u011fi cezan\u0131n makbuzuyla hat\u0131ra foto\u011fraf\u0131 \u00e7ektirdi. Kaza, Yukar\u0131 Hisar Mahallesi Hastane Caddesinde yapay \u015felale istikametinden hastane istikametine seyir halindeki A. S., kulland\u0131\u011f\u0131 plakas\u0131z motosiklet, Yukar\u0131 Hisar Mahallesi Muhtarl\u0131\u011f\u0131 \u00f6n\u00fcnde okul servisinden inerek yolun kar\u015f\u0131s\u0131na ge\u00e7mekte olan 11 ya\u015f\u0131ndaki F. B&#8217;ye \u00e7arpt\u0131. Kazada yaralanan ilkokul \u00f6\u011frencisi, sa\u011fl\u0131k ekibinin olay yerindeki m\u00fcdahalesinin ard\u0131ndan ambulansla hastaneye kald\u0131r\u0131ld\u0131. Servis, k\u00fc\u00e7\u00fck \u00f6\u011frenciyi yol ortas\u0131nda indirdi Kazaya sebep olan 07 C 74031 plakal\u0131 okul servisinin F. B&#8217;yi yolun kenar\u0131na yana\u015fmadan yol ortas\u0131nda indirdi\u011fi, \u00f6\u011frencinin de tek ba\u015f\u0131na servis arac\u0131n\u0131n \u00f6n\u00fcnden ge\u00e7ti\u011fi s\u0131rada motosiklet taraf\u0131ndan \u00e7arp\u0131ld\u0131\u011f\u0131 bildirildi. Motosiklet s\u00fcr\u00fcc\u00fcs\u00fcne 23 bin 894 TL para cezas\u0131 Manavgat Emniyet M\u00fcd\u00fcrl\u00fc\u011f\u00fc Trafik Denetleme B\u00fcro Amirli\u011fi ekiplerince motosiklet s\u00fcr\u00fcc\u00fcs\u00fcne s\u00fcr\u00fcc\u00fc belgesinin olmamas\u0131 nedeniyle 12 bin 977 TL, motosikletin plakas\u0131n\u0131n olmamas\u0131ndan 10 bin 917 TL olmak \u00fczere toplam 23 bin 894 TL para cezas\u0131 uyguland\u0131 ve motosiklet ba\u011flanarak yediemin otopark\u0131na \u00e7ekildi. \u0130lk kez ceza yedi\u011fini s\u00f6yledi ve ceza makbuzuyla foto\u011fraf \u00e7ektirdi Kazan\u0131n ard\u0131ndan 23 bin 894 TL para cezas\u0131 uygulanan Abdulaziz Su, bug\u00fcne kadar s\u00fcr\u00fcc\u00fc belgesi olmamas\u0131na ra\u011fmen hi\u00e7 ceza yemedi\u011fini, ilk kez trafik cezas\u0131 yedi\u011fini belirterek, olay yerine gelen arkada\u015flar\u0131na ceza makbuzuyla &hellip;<\/p>","protected":false},"author":0,"featured_media":19644,"comment_status":"open","ping_status":"open","sticky":false,"template":"","format":"standard","meta":{"_acf_changed":false,"footnotes":""},"categories":[26,535],"tags":[],"class_list":["post-19643","post","type-post","status-publish","format-standard","has-post-thumbnail","hentry","category-antalya","category-uncategorized-tr"],"acf":[],"yoast_head":"<!-- This site is optimized with the Yoast SEO Premium plugin v26.6 (Yoast SEO v27.1.1) - https:\/\/yoast.com\/product\/yoast-seo-premium-wordpress\/ -->\n<title>Ceza makbuzuyla hat\u0131ra foto\u011fraf\u0131 \u00e7ektirdi - Av. Deniz Can K\u0131z\u0131l<\/title>\n<meta name=\"robots\" content=\"index, follow, max-snippet:-1, max-image-preview:large, max-video-preview:-1\" \/>\n<link rel=\"canonical\" href=\"http:\/\/denizcankizil.tr\/de\/haberler\/antalya\/ceza-makbuzuyla-hatira-fotografi-cektirdi\/\" \/>\n<meta property=\"og:locale\" content=\"de_DE\" \/>\n<meta property=\"og:type\" content=\"article\" \/>\n<meta property=\"og:title\" content=\"Ceza makbuzuyla hat\u0131ra foto\u011fraf\u0131 \u00e7ektirdi\" \/>\n<meta property=\"og:description\" content=\"Trafik ekipleri taraf\u0131ndan ceza uygulanmas\u0131 s\u0131ras\u0131nda bug\u00fcne kadar s\u00fcr\u00fcc\u00fc belgesiz kulland\u0131\u011f\u0131 halde ceza yemedi\u011fini belirten motosiklet s\u00fcr\u00fcc\u00fcs\u00fc, ilk kez yedi\u011fi cezan\u0131n makbuzuyla hat\u0131ra foto\u011fraf\u0131 \u00e7ektirdi. Kaza, Yukar\u0131 Hisar Mahallesi Hastane Caddesinde yapay \u015felale istikametinden hastane istikametine seyir halindeki A. S., kulland\u0131\u011f\u0131 plakas\u0131z motosiklet, Yukar\u0131 Hisar Mahallesi Muhtarl\u0131\u011f\u0131 \u00f6n\u00fcnde okul servisinden inerek yolun kar\u015f\u0131s\u0131na ge\u00e7mekte olan 11 ya\u015f\u0131ndaki F. B&#8217;ye \u00e7arpt\u0131. Kazada yaralanan ilkokul \u00f6\u011frencisi, sa\u011fl\u0131k ekibinin olay yerindeki m\u00fcdahalesinin ard\u0131ndan ambulansla hastaneye kald\u0131r\u0131ld\u0131. Servis, k\u00fc\u00e7\u00fck \u00f6\u011frenciyi yol ortas\u0131nda indirdi Kazaya sebep olan 07 C 74031 plakal\u0131 okul servisinin F. B&#8217;yi yolun kenar\u0131na yana\u015fmadan yol ortas\u0131nda indirdi\u011fi, \u00f6\u011frencinin de tek ba\u015f\u0131na servis arac\u0131n\u0131n \u00f6n\u00fcnden ge\u00e7ti\u011fi s\u0131rada motosiklet taraf\u0131ndan \u00e7arp\u0131ld\u0131\u011f\u0131 bildirildi. Motosiklet s\u00fcr\u00fcc\u00fcs\u00fcne 23 bin 894 TL para cezas\u0131 Manavgat Emniyet M\u00fcd\u00fcrl\u00fc\u011f\u00fc Trafik Denetleme B\u00fcro Amirli\u011fi ekiplerince motosiklet s\u00fcr\u00fcc\u00fcs\u00fcne s\u00fcr\u00fcc\u00fc belgesinin olmamas\u0131 nedeniyle 12 bin 977 TL, motosikletin plakas\u0131n\u0131n olmamas\u0131ndan 10 bin 917 TL olmak \u00fczere toplam 23 bin 894 TL para cezas\u0131 uyguland\u0131 ve motosiklet ba\u011flanarak yediemin otopark\u0131na \u00e7ekildi. \u0130lk kez ceza yedi\u011fini s\u00f6yledi ve ceza makbuzuyla foto\u011fraf \u00e7ektirdi Kazan\u0131n ard\u0131ndan 23 bin 894 TL para cezas\u0131 uygulanan Abdulaziz Su, bug\u00fcne kadar s\u00fcr\u00fcc\u00fc belgesi olmamas\u0131na ra\u011fmen hi\u00e7 ceza yemedi\u011fini, ilk kez trafik cezas\u0131 yedi\u011fini belirterek, olay yerine gelen arkada\u015flar\u0131na ceza makbuzuyla &hellip;\" \/>\n<meta property=\"og:url\" content=\"http:\/\/denizcankizil.tr\/de\/haberler\/antalya\/ceza-makbuzuyla-hatira-fotografi-cektirdi\/\" \/>\n<meta property=\"og:site_name\" content=\"Av. Deniz Can K\u0131z\u0131l\" \/>\n<meta property=\"article:published_time\" content=\"2024-12-07T08:41:52+00:00\" \/>\n<meta property=\"og:image\" content=\"http:\/\/denizcankizil.tr\/wp-content\/uploads\/2024\/12\/3474-01-ITBSdA.jpeg\" \/>\n\t<meta property=\"og:image:width\" content=\"1280\" \/>\n\t<meta property=\"og:image:height\" content=\"720\" \/>\n\t<meta property=\"og:image:type\" content=\"image\/jpeg\" \/>\n<meta name=\"twitter:card\" content=\"summary_large_image\" \/>\n<meta name=\"twitter:label1\" content=\"Gesch\u00e4tzte Lesezeit\" \/>\n\t<meta name=\"twitter:data1\" content=\"1\u00a0Minute\" \/>\n<script type=\"application\/ld+json\" class=\"yoast-schema-graph\">{\"@context\":\"https:\/\/schema.org\",\"@graph\":[{\"@type\":\"Article\",\"@id\":\"http:\/\/denizcankizil.tr\/de\/haberler\/antalya\/ceza-makbuzuyla-hatira-fotografi-cektirdi\/#article\",\"isPartOf\":{\"@id\":\"http:\/\/denizcankizil.tr\/de\/haberler\/antalya\/ceza-makbuzuyla-hatira-fotografi-cektirdi\/\"},\"author\":{\"name\":\"\",\"@id\":\"\"},\"headline\":\"Ceza makbuzuyla hat\u0131ra foto\u011fraf\u0131 \u00e7ektirdi\",\"datePublished\":\"2024-12-07T08:41:52+00:00\",\"mainEntityOfPage\":{\"@id\":\"http:\/\/denizcankizil.tr\/de\/haberler\/antalya\/ceza-makbuzuyla-hatira-fotografi-cektirdi\/\"},\"wordCount\":285,\"commentCount\":0,\"publisher\":{\"@id\":\"https:\/\/denizcankizil.tr\/de\/#organization\"},\"image\":{\"@id\":\"http:\/\/denizcankizil.tr\/de\/haberler\/antalya\/ceza-makbuzuyla-hatira-fotografi-cektirdi\/#primaryimage\"},\"thumbnailUrl\":\"http:\/\/denizcankizil.tr\/wp-content\/uploads\/2024\/12\/3474-01-ITBSdA.jpeg\",\"articleSection\":[\"Antalya\",\"Uncategorized\"],\"inLanguage\":\"de\",\"potentialAction\":[{\"@type\":\"CommentAction\",\"name\":\"Comment\",\"target\":[\"http:\/\/denizcankizil.tr\/de\/haberler\/antalya\/ceza-makbuzuyla-hatira-fotografi-cektirdi\/#respond\"]}]},{\"@type\":\"WebPage\",\"@id\":\"http:\/\/denizcankizil.tr\/de\/haberler\/antalya\/ceza-makbuzuyla-hatira-fotografi-cektirdi\/\",\"url\":\"http:\/\/denizcankizil.tr\/de\/haberler\/antalya\/ceza-makbuzuyla-hatira-fotografi-cektirdi\/\",\"name\":\"Ceza makbuzuyla hat\u0131ra foto\u011fraf\u0131 \u00e7ektirdi - Av. Deniz Can K\u0131z\u0131l\",\"isPartOf\":{\"@id\":\"https:\/\/denizcankizil.tr\/de\/#website\"},\"primaryImageOfPage\":{\"@id\":\"http:\/\/denizcankizil.tr\/de\/haberler\/antalya\/ceza-makbuzuyla-hatira-fotografi-cektirdi\/#primaryimage\"},\"image\":{\"@id\":\"http:\/\/denizcankizil.tr\/de\/haberler\/antalya\/ceza-makbuzuyla-hatira-fotografi-cektirdi\/#primaryimage\"},\"thumbnailUrl\":\"http:\/\/denizcankizil.tr\/wp-content\/uploads\/2024\/12\/3474-01-ITBSdA.jpeg\",\"datePublished\":\"2024-12-07T08:41:52+00:00\",\"breadcrumb\":{\"@id\":\"http:\/\/denizcankizil.tr\/de\/haberler\/antalya\/ceza-makbuzuyla-hatira-fotografi-cektirdi\/#breadcrumb\"},\"inLanguage\":\"de\",\"potentialAction\":[{\"@type\":\"ReadAction\",\"target\":[\"http:\/\/denizcankizil.tr\/de\/haberler\/antalya\/ceza-makbuzuyla-hatira-fotografi-cektirdi\/\"]}]},{\"@type\":\"ImageObject\",\"inLanguage\":\"de\",\"@id\":\"http:\/\/denizcankizil.tr\/de\/haberler\/antalya\/ceza-makbuzuyla-hatira-fotografi-cektirdi\/#primaryimage\",\"url\":\"http:\/\/denizcankizil.tr\/wp-content\/uploads\/2024\/12\/3474-01-ITBSdA.jpeg\",\"contentUrl\":\"http:\/\/denizcankizil.tr\/wp-content\/uploads\/2024\/12\/3474-01-ITBSdA.jpeg\",\"width\":1280,\"height\":720},{\"@type\":\"BreadcrumbList\",\"@id\":\"http:\/\/denizcankizil.tr\/de\/haberler\/antalya\/ceza-makbuzuyla-hatira-fotografi-cektirdi\/#breadcrumb\",\"itemListElement\":[{\"@type\":\"ListItem\",\"position\":1,\"name\":\"Home\",\"item\":\"https:\/\/denizcankizil.tr\/de\/\"},{\"@type\":\"ListItem\",\"position\":2,\"name\":\"Ceza makbuzuyla hat\u0131ra foto\u011fraf\u0131 \u00e7ektirdi\"}]},{\"@type\":\"WebSite\",\"@id\":\"https:\/\/denizcankizil.tr\/de\/#website\",\"url\":\"https:\/\/denizcankizil.tr\/de\/\",\"name\":\"Av. Deniz Can K\u0131z\u0131l\",\"description\":\"Avukat Deniz Can K\u0131z\u0131l Antalya Barosu\",\"publisher\":{\"@id\":\"https:\/\/denizcankizil.tr\/de\/#organization\"},\"potentialAction\":[{\"@type\":\"SearchAction\",\"target\":{\"@type\":\"EntryPoint\",\"urlTemplate\":\"https:\/\/denizcankizil.tr\/de\/?s={search_term_string}\"},\"query-input\":{\"@type\":\"PropertyValueSpecification\",\"valueRequired\":true,\"valueName\":\"search_term_string\"}}],\"inLanguage\":\"de\"},{\"@type\":\"Organization\",\"@id\":\"https:\/\/denizcankizil.tr\/de\/#organization\",\"name\":\"Av. Deniz Can K\u0131z\u0131l\",\"url\":\"https:\/\/denizcankizil.tr\/de\/\",\"logo\":{\"@type\":\"ImageObject\",\"inLanguage\":\"de\",\"@id\":\"https:\/\/denizcankizil.tr\/de\/#\/schema\/logo\/image\/\",\"url\":\"http:\/\/denizcankizil.tr\/wp-content\/uploads\/2024\/10\/siyah-logo-svg.svg\",\"contentUrl\":\"http:\/\/denizcankizil.tr\/wp-content\/uploads\/2024\/10\/siyah-logo-svg.svg\",\"width\":1080,\"height\":1080,\"caption\":\"Av. Deniz Can K\u0131z\u0131l\"},\"image\":{\"@id\":\"https:\/\/denizcankizil.tr\/de\/#\/schema\/logo\/image\/\"}}]}<\/script>\n<!-- \/ Yoast SEO Premium plugin. -->","yoast_head_json":{"title":"Ceza makbuzuyla hat\u0131ra foto\u011fraf\u0131 \u00e7ektirdi - Av. Deniz Can K\u0131z\u0131l","robots":{"index":"index","follow":"follow","max-snippet":"max-snippet:-1","max-image-preview":"max-image-preview:large","max-video-preview":"max-video-preview:-1"},"canonical":"http:\/\/denizcankizil.tr\/de\/haberler\/antalya\/ceza-makbuzuyla-hatira-fotografi-cektirdi\/","og_locale":"de_DE","og_type":"article","og_title":"Ceza makbuzuyla hat\u0131ra foto\u011fraf\u0131 \u00e7ektirdi","og_description":"Trafik ekipleri taraf\u0131ndan ceza uygulanmas\u0131 s\u0131ras\u0131nda bug\u00fcne kadar s\u00fcr\u00fcc\u00fc belgesiz kulland\u0131\u011f\u0131 halde ceza yemedi\u011fini belirten motosiklet s\u00fcr\u00fcc\u00fcs\u00fc, ilk kez yedi\u011fi cezan\u0131n makbuzuyla hat\u0131ra foto\u011fraf\u0131 \u00e7ektirdi. Kaza, Yukar\u0131 Hisar Mahallesi Hastane Caddesinde yapay \u015felale istikametinden hastane istikametine seyir halindeki A. S., kulland\u0131\u011f\u0131 plakas\u0131z motosiklet, Yukar\u0131 Hisar Mahallesi Muhtarl\u0131\u011f\u0131 \u00f6n\u00fcnde okul servisinden inerek yolun kar\u015f\u0131s\u0131na ge\u00e7mekte olan 11 ya\u015f\u0131ndaki F. B&#8217;ye \u00e7arpt\u0131. Kazada yaralanan ilkokul \u00f6\u011frencisi, sa\u011fl\u0131k ekibinin olay yerindeki m\u00fcdahalesinin ard\u0131ndan ambulansla hastaneye kald\u0131r\u0131ld\u0131. Servis, k\u00fc\u00e7\u00fck \u00f6\u011frenciyi yol ortas\u0131nda indirdi Kazaya sebep olan 07 C 74031 plakal\u0131 okul servisinin F. B&#8217;yi yolun kenar\u0131na yana\u015fmadan yol ortas\u0131nda indirdi\u011fi, \u00f6\u011frencinin de tek ba\u015f\u0131na servis arac\u0131n\u0131n \u00f6n\u00fcnden ge\u00e7ti\u011fi s\u0131rada motosiklet taraf\u0131ndan \u00e7arp\u0131ld\u0131\u011f\u0131 bildirildi. Motosiklet s\u00fcr\u00fcc\u00fcs\u00fcne 23 bin 894 TL para cezas\u0131 Manavgat Emniyet M\u00fcd\u00fcrl\u00fc\u011f\u00fc Trafik Denetleme B\u00fcro Amirli\u011fi ekiplerince motosiklet s\u00fcr\u00fcc\u00fcs\u00fcne s\u00fcr\u00fcc\u00fc belgesinin olmamas\u0131 nedeniyle 12 bin 977 TL, motosikletin plakas\u0131n\u0131n olmamas\u0131ndan 10 bin 917 TL olmak \u00fczere toplam 23 bin 894 TL para cezas\u0131 uyguland\u0131 ve motosiklet ba\u011flanarak yediemin otopark\u0131na \u00e7ekildi. \u0130lk kez ceza yedi\u011fini s\u00f6yledi ve ceza makbuzuyla foto\u011fraf \u00e7ektirdi Kazan\u0131n ard\u0131ndan 23 bin 894 TL para cezas\u0131 uygulanan Abdulaziz Su, bug\u00fcne kadar s\u00fcr\u00fcc\u00fc belgesi olmamas\u0131na ra\u011fmen hi\u00e7 ceza yemedi\u011fini, ilk kez trafik cezas\u0131 yedi\u011fini belirterek, olay yerine gelen arkada\u015flar\u0131na ceza makbuzuyla &hellip;","og_url":"http:\/\/denizcankizil.tr\/de\/haberler\/antalya\/ceza-makbuzuyla-hatira-fotografi-cektirdi\/","og_site_name":"Av. Deniz Can K\u0131z\u0131l","article_published_time":"2024-12-07T08:41:52+00:00","og_image":[{"width":1280,"height":720,"url":"http:\/\/denizcankizil.tr\/wp-content\/uploads\/2024\/12\/3474-01-ITBSdA.jpeg","type":"image\/jpeg"}],"twitter_card":"summary_large_image","twitter_misc":{"Gesch\u00e4tzte Lesezeit":"1\u00a0Minute"},"schema":{"@context":"https:\/\/schema.org","@graph":[{"@type":"Article","@id":"http:\/\/denizcankizil.tr\/de\/haberler\/antalya\/ceza-makbuzuyla-hatira-fotografi-cektirdi\/#article","isPartOf":{"@id":"http:\/\/denizcankizil.tr\/de\/haberler\/antalya\/ceza-makbuzuyla-hatira-fotografi-cektirdi\/"},"author":{"name":"","@id":""},"headline":"Ceza makbuzuyla hat\u0131ra foto\u011fraf\u0131 \u00e7ektirdi","datePublished":"2024-12-07T08:41:52+00:00","mainEntityOfPage":{"@id":"http:\/\/denizcankizil.tr\/de\/haberler\/antalya\/ceza-makbuzuyla-hatira-fotografi-cektirdi\/"},"wordCount":285,"commentCount":0,"publisher":{"@id":"https:\/\/denizcankizil.tr\/de\/#organization"},"image":{"@id":"http:\/\/denizcankizil.tr\/de\/haberler\/antalya\/ceza-makbuzuyla-hatira-fotografi-cektirdi\/#primaryimage"},"thumbnailUrl":"http:\/\/denizcankizil.tr\/wp-content\/uploads\/2024\/12\/3474-01-ITBSdA.jpeg","articleSection":["Antalya","Uncategorized"],"inLanguage":"de","potentialAction":[{"@type":"CommentAction","name":"Comment","target":["http:\/\/denizcankizil.tr\/de\/haberler\/antalya\/ceza-makbuzuyla-hatira-fotografi-cektirdi\/#respond"]}]},{"@type":"WebPage","@id":"http:\/\/denizcankizil.tr\/de\/haberler\/antalya\/ceza-makbuzuyla-hatira-fotografi-cektirdi\/","url":"http:\/\/denizcankizil.tr\/de\/haberler\/antalya\/ceza-makbuzuyla-hatira-fotografi-cektirdi\/","name":"Ceza makbuzuyla hat\u0131ra foto\u011fraf\u0131 \u00e7ektirdi - Av. Deniz Can K\u0131z\u0131l","isPartOf":{"@id":"https:\/\/denizcankizil.tr\/de\/#website"},"primaryImageOfPage":{"@id":"http:\/\/denizcankizil.tr\/de\/haberler\/antalya\/ceza-makbuzuyla-hatira-fotografi-cektirdi\/#primaryimage"},"image":{"@id":"http:\/\/denizcankizil.tr\/de\/haberler\/antalya\/ceza-makbuzuyla-hatira-fotografi-cektirdi\/#primaryimage"},"thumbnailUrl":"http:\/\/denizcankizil.tr\/wp-content\/uploads\/2024\/12\/3474-01-ITBSdA.jpeg","datePublished":"2024-12-07T08:41:52+00:00","breadcrumb":{"@id":"http:\/\/denizcankizil.tr\/de\/haberler\/antalya\/ceza-makbuzuyla-hatira-fotografi-cektirdi\/#breadcrumb"},"inLanguage":"de","potentialAction":[{"@type":"ReadAction","target":["http:\/\/denizcankizil.tr\/de\/haberler\/antalya\/ceza-makbuzuyla-hatira-fotografi-cektirdi\/"]}]},{"@type":"ImageObject","inLanguage":"de","@id":"http:\/\/denizcankizil.tr\/de\/haberler\/antalya\/ceza-makbuzuyla-hatira-fotografi-cektirdi\/#primaryimage","url":"http:\/\/denizcankizil.tr\/wp-content\/uploads\/2024\/12\/3474-01-ITBSdA.jpeg","contentUrl":"http:\/\/denizcankizil.tr\/wp-content\/uploads\/2024\/12\/3474-01-ITBSdA.jpeg","width":1280,"height":720},{"@type":"BreadcrumbList","@id":"http:\/\/denizcankizil.tr\/de\/haberler\/antalya\/ceza-makbuzuyla-hatira-fotografi-cektirdi\/#breadcrumb","itemListElement":[{"@type":"ListItem","position":1,"name":"Home","item":"https:\/\/denizcankizil.tr\/de\/"},{"@type":"ListItem","position":2,"name":"Ceza makbuzuyla hat\u0131ra foto\u011fraf\u0131 \u00e7ektirdi"}]},{"@type":"WebSite","@id":"https:\/\/denizcankizil.tr\/de\/#website","url":"https:\/\/denizcankizil.tr\/de\/","name":"Av. Deniz Can K\u0131z\u0131l","description":"Avukat Deniz Can K\u0131z\u0131l Antalya Barosu","publisher":{"@id":"https:\/\/denizcankizil.tr\/de\/#organization"},"potentialAction":[{"@type":"SearchAction","target":{"@type":"EntryPoint","urlTemplate":"https:\/\/denizcankizil.tr\/de\/?s={search_term_string}"},"query-input":{"@type":"PropertyValueSpecification","valueRequired":true,"valueName":"search_term_string"}}],"inLanguage":"de"},{"@type":"Organization","@id":"https:\/\/denizcankizil.tr\/de\/#organization","name":"Av. Deniz Can K\u0131z\u0131l","url":"https:\/\/denizcankizil.tr\/de\/","logo":{"@type":"ImageObject","inLanguage":"de","@id":"https:\/\/denizcankizil.tr\/de\/#\/schema\/logo\/image\/","url":"http:\/\/denizcankizil.tr\/wp-content\/uploads\/2024\/10\/siyah-logo-svg.svg","contentUrl":"http:\/\/denizcankizil.tr\/wp-content\/uploads\/2024\/10\/siyah-logo-svg.svg","width":1080,"height":1080,"caption":"Av. Deniz Can K\u0131z\u0131l"},"image":{"@id":"https:\/\/denizcankizil.tr\/de\/#\/schema\/logo\/image\/"}}]}},"_links":{"self":[{"href":"http:\/\/denizcankizil.tr\/de\/wp-json\/wp\/v2\/posts\/19643","targetHints":{"allow":["GET"]}}],"collection":[{"href":"http:\/\/denizcankizil.tr\/de\/wp-json\/wp\/v2\/posts"}],"about":[{"href":"http:\/\/denizcankizil.tr\/de\/wp-json\/wp\/v2\/types\/post"}],"replies":[{"embeddable":true,"href":"http:\/\/denizcankizil.tr\/de\/wp-json\/wp\/v2\/comments?post=19643"}],"version-history":[{"count":0,"href":"http:\/\/denizcankizil.tr\/de\/wp-json\/wp\/v2\/posts\/19643\/revisions"}],"wp:featuredmedia":[{"embeddable":true,"href":"http:\/\/denizcankizil.tr\/de\/wp-json\/wp\/v2\/media\/19644"}],"wp:attachment":[{"href":"http:\/\/denizcankizil.tr\/de\/wp-json\/wp\/v2\/media?parent=19643"}],"wp:term":[{"taxonomy":"category","embeddable":true,"href":"http:\/\/denizcankizil.tr\/de\/wp-json\/wp\/v2\/categories?post=19643"},{"taxonomy":"post_tag","embeddable":true,"href":"http:\/\/denizcankizil.tr\/de\/wp-json\/wp\/v2\/tags?post=19643"}],"curies":[{"name":"wp","href":"https:\/\/api.w.org\/{rel}","templated":true}]}}