{"id":19539,"date":"2024-12-06T16:41:58","date_gmt":"2024-12-06T13:41:58","guid":{"rendered":"https:\/\/denizcankizil.tr\/uncategorized-tr\/615-ogrenciye-agiz-ve-dis-sagligi-egitimi-verildi\/"},"modified":"2024-12-06T16:41:58","modified_gmt":"2024-12-06T13:41:58","slug":"615-ogrenciye-agiz-ve-dis-sagligi-egitimi-verildi","status":"publish","type":"post","link":"http:\/\/denizcankizil.tr\/de\/haberler\/gundem\/615-ogrenciye-agiz-ve-dis-sagligi-egitimi-verildi\/","title":{"rendered":"615 \u00d6\u011frenciye A\u011f\u0131z ve Di\u015f Sa\u011fl\u0131\u011f\u0131 E\u011fitimi Verildi"},"content":{"rendered":"<p>Nev\u015fehir Belediyesi Gen\u00e7lik ve Spor Hizmetleri M\u00fcd\u00fcrl\u00fc\u011f\u00fc taraf\u0131ndan 70. Y\u0131lda 70 Etkinlik kapsam\u0131nda k\u00f6y okullar\u0131nda a\u011f\u0131z ve di\u015f sa\u011fl\u0131\u011f\u0131 e\u011fitimi verildi.<\/p>\n<p>\u200bNev\u015fehir Belediyesi Gen\u00e7lik ve Spor Hizmetleri M\u00fcd\u00fcrl\u00fc\u011f\u00fc taraf\u0131ndan 70. Y\u0131lda 70 Etkinlik kapsam\u0131nda k\u00f6y okullar\u0131nda a\u011f\u0131z ve di\u015f sa\u011fl\u0131\u011f\u0131 e\u011fitimi verildi.\u00a0<\/p>\n<p>\u200bHaberin Al\u0131nt\u0131land\u0131\u011f\u0131 Kaynak: www.iskenderun.org<\/p>","protected":false},"excerpt":{"rendered":"<p>Nev\u015fehir Belediyesi Gen\u00e7lik ve Spor Hizmetleri M\u00fcd\u00fcrl\u00fc\u011f\u00fc taraf\u0131ndan 70. Y\u0131lda 70 Etkinlik kapsam\u0131nda k\u00f6y okullar\u0131nda a\u011f\u0131z ve di\u015f sa\u011fl\u0131\u011f\u0131 e\u011fitimi verildi. \u200bNev\u015fehir Belediyesi Gen\u00e7lik ve Spor Hizmetleri M\u00fcd\u00fcrl\u00fc\u011f\u00fc taraf\u0131ndan 70. Y\u0131lda 70 Etkinlik kapsam\u0131nda k\u00f6y okullar\u0131nda a\u011f\u0131z ve di\u015f sa\u011fl\u0131\u011f\u0131 e\u011fitimi verildi.\u00a0 \u200bHaberin Al\u0131nt\u0131land\u0131\u011f\u0131 Kaynak: www.iskenderun.org<\/p>","protected":false},"author":0,"featured_media":0,"comment_status":"open","ping_status":"open","sticky":false,"template":"","format":"standard","meta":{"_acf_changed":false,"footnotes":""},"categories":[24,535],"tags":[],"class_list":["post-19539","post","type-post","status-publish","format-standard","has-post-thumbnail","hentry","category-gundem","category-uncategorized-tr"],"acf":[],"yoast_head":"<!-- This site is optimized with the Yoast SEO Premium plugin v26.6 (Yoast SEO v27.1.1) - https:\/\/yoast.com\/product\/yoast-seo-premium-wordpress\/ -->\n<title>615 \u00d6\u011frenciye A\u011f\u0131z ve Di\u015f Sa\u011fl\u0131\u011f\u0131 E\u011fitimi Verildi - Av. Deniz Can K\u0131z\u0131l<\/title>\n<meta name=\"robots\" content=\"index, follow, max-snippet:-1, max-image-preview:large, max-video-preview:-1\" \/>\n<link rel=\"canonical\" href=\"http:\/\/denizcankizil.tr\/de\/haberler\/gundem\/615-ogrenciye-agiz-ve-dis-sagligi-egitimi-verildi\/\" \/>\n<meta property=\"og:locale\" content=\"de_DE\" \/>\n<meta property=\"og:type\" content=\"article\" \/>\n<meta property=\"og:title\" content=\"615 \u00d6\u011frenciye A\u011f\u0131z ve Di\u015f Sa\u011fl\u0131\u011f\u0131 E\u011fitimi Verildi\" \/>\n<meta property=\"og:description\" content=\"Nev\u015fehir Belediyesi Gen\u00e7lik ve Spor Hizmetleri M\u00fcd\u00fcrl\u00fc\u011f\u00fc taraf\u0131ndan 70. Y\u0131lda 70 Etkinlik kapsam\u0131nda k\u00f6y okullar\u0131nda a\u011f\u0131z ve di\u015f sa\u011fl\u0131\u011f\u0131 e\u011fitimi verildi. \u200bNev\u015fehir Belediyesi Gen\u00e7lik ve Spor Hizmetleri M\u00fcd\u00fcrl\u00fc\u011f\u00fc taraf\u0131ndan 70. Y\u0131lda 70 Etkinlik kapsam\u0131nda k\u00f6y okullar\u0131nda a\u011f\u0131z ve di\u015f sa\u011fl\u0131\u011f\u0131 e\u011fitimi verildi.\u00a0 \u200bHaberin Al\u0131nt\u0131land\u0131\u011f\u0131 Kaynak: www.iskenderun.org\" \/>\n<meta property=\"og:url\" content=\"http:\/\/denizcankizil.tr\/de\/haberler\/gundem\/615-ogrenciye-agiz-ve-dis-sagligi-egitimi-verildi\/\" \/>\n<meta property=\"og:site_name\" content=\"Av. Deniz Can K\u0131z\u0131l\" \/>\n<meta property=\"article:published_time\" content=\"2024-12-06T13:41:58+00:00\" \/>\n<meta name=\"twitter:card\" content=\"summary_large_image\" \/>\n<script type=\"application\/ld+json\" class=\"yoast-schema-graph\">{\"@context\":\"https:\/\/schema.org\",\"@graph\":[{\"@type\":\"Article\",\"@id\":\"http:\/\/denizcankizil.tr\/de\/haberler\/gundem\/615-ogrenciye-agiz-ve-dis-sagligi-egitimi-verildi\/#article\",\"isPartOf\":{\"@id\":\"http:\/\/denizcankizil.tr\/de\/haberler\/gundem\/615-ogrenciye-agiz-ve-dis-sagligi-egitimi-verildi\/\"},\"author\":{\"name\":\"\",\"@id\":\"\"},\"headline\":\"615 \u00d6\u011frenciye A\u011f\u0131z ve Di\u015f Sa\u011fl\u0131\u011f\u0131 E\u011fitimi Verildi\",\"datePublished\":\"2024-12-06T13:41:58+00:00\",\"mainEntityOfPage\":{\"@id\":\"http:\/\/denizcankizil.tr\/de\/haberler\/gundem\/615-ogrenciye-agiz-ve-dis-sagligi-egitimi-verildi\/\"},\"wordCount\":80,\"commentCount\":0,\"publisher\":{\"@id\":\"https:\/\/denizcankizil.tr\/de\/#organization\"},\"articleSection\":[\"G\u00fcndem\",\"Uncategorized\"],\"inLanguage\":\"de\",\"potentialAction\":[{\"@type\":\"CommentAction\",\"name\":\"Comment\",\"target\":[\"http:\/\/denizcankizil.tr\/de\/haberler\/gundem\/615-ogrenciye-agiz-ve-dis-sagligi-egitimi-verildi\/#respond\"]}]},{\"@type\":\"WebPage\",\"@id\":\"http:\/\/denizcankizil.tr\/de\/haberler\/gundem\/615-ogrenciye-agiz-ve-dis-sagligi-egitimi-verildi\/\",\"url\":\"http:\/\/denizcankizil.tr\/de\/haberler\/gundem\/615-ogrenciye-agiz-ve-dis-sagligi-egitimi-verildi\/\",\"name\":\"615 \u00d6\u011frenciye A\u011f\u0131z ve Di\u015f Sa\u011fl\u0131\u011f\u0131 E\u011fitimi Verildi - Av. Deniz Can K\u0131z\u0131l\",\"isPartOf\":{\"@id\":\"https:\/\/denizcankizil.tr\/de\/#website\"},\"datePublished\":\"2024-12-06T13:41:58+00:00\",\"breadcrumb\":{\"@id\":\"http:\/\/denizcankizil.tr\/de\/haberler\/gundem\/615-ogrenciye-agiz-ve-dis-sagligi-egitimi-verildi\/#breadcrumb\"},\"inLanguage\":\"de\",\"potentialAction\":[{\"@type\":\"ReadAction\",\"target\":[\"http:\/\/denizcankizil.tr\/de\/haberler\/gundem\/615-ogrenciye-agiz-ve-dis-sagligi-egitimi-verildi\/\"]}]},{\"@type\":\"BreadcrumbList\",\"@id\":\"http:\/\/denizcankizil.tr\/de\/haberler\/gundem\/615-ogrenciye-agiz-ve-dis-sagligi-egitimi-verildi\/#breadcrumb\",\"itemListElement\":[{\"@type\":\"ListItem\",\"position\":1,\"name\":\"Home\",\"item\":\"https:\/\/denizcankizil.tr\/de\/\"},{\"@type\":\"ListItem\",\"position\":2,\"name\":\"615 \u00d6\u011frenciye A\u011f\u0131z ve Di\u015f Sa\u011fl\u0131\u011f\u0131 E\u011fitimi Verildi\"}]},{\"@type\":\"WebSite\",\"@id\":\"https:\/\/denizcankizil.tr\/de\/#website\",\"url\":\"https:\/\/denizcankizil.tr\/de\/\",\"name\":\"Av. Deniz Can K\u0131z\u0131l\",\"description\":\"Avukat Deniz Can K\u0131z\u0131l Antalya Barosu\",\"publisher\":{\"@id\":\"https:\/\/denizcankizil.tr\/de\/#organization\"},\"potentialAction\":[{\"@type\":\"SearchAction\",\"target\":{\"@type\":\"EntryPoint\",\"urlTemplate\":\"https:\/\/denizcankizil.tr\/de\/?s={search_term_string}\"},\"query-input\":{\"@type\":\"PropertyValueSpecification\",\"valueRequired\":true,\"valueName\":\"search_term_string\"}}],\"inLanguage\":\"de\"},{\"@type\":\"Organization\",\"@id\":\"https:\/\/denizcankizil.tr\/de\/#organization\",\"name\":\"Av. Deniz Can K\u0131z\u0131l\",\"url\":\"https:\/\/denizcankizil.tr\/de\/\",\"logo\":{\"@type\":\"ImageObject\",\"inLanguage\":\"de\",\"@id\":\"https:\/\/denizcankizil.tr\/de\/#\/schema\/logo\/image\/\",\"url\":\"http:\/\/denizcankizil.tr\/wp-content\/uploads\/2024\/10\/siyah-logo-svg.svg\",\"contentUrl\":\"http:\/\/denizcankizil.tr\/wp-content\/uploads\/2024\/10\/siyah-logo-svg.svg\",\"width\":1080,\"height\":1080,\"caption\":\"Av. Deniz Can K\u0131z\u0131l\"},\"image\":{\"@id\":\"https:\/\/denizcankizil.tr\/de\/#\/schema\/logo\/image\/\"}}]}<\/script>\n<!-- \/ Yoast SEO Premium plugin. -->","yoast_head_json":{"title":"615 \u00d6\u011frenciye A\u011f\u0131z ve Di\u015f Sa\u011fl\u0131\u011f\u0131 E\u011fitimi Verildi - Av. Deniz Can K\u0131z\u0131l","robots":{"index":"index","follow":"follow","max-snippet":"max-snippet:-1","max-image-preview":"max-image-preview:large","max-video-preview":"max-video-preview:-1"},"canonical":"http:\/\/denizcankizil.tr\/de\/haberler\/gundem\/615-ogrenciye-agiz-ve-dis-sagligi-egitimi-verildi\/","og_locale":"de_DE","og_type":"article","og_title":"615 \u00d6\u011frenciye A\u011f\u0131z ve Di\u015f Sa\u011fl\u0131\u011f\u0131 E\u011fitimi Verildi","og_description":"Nev\u015fehir Belediyesi Gen\u00e7lik ve Spor Hizmetleri M\u00fcd\u00fcrl\u00fc\u011f\u00fc taraf\u0131ndan 70. Y\u0131lda 70 Etkinlik kapsam\u0131nda k\u00f6y okullar\u0131nda a\u011f\u0131z ve di\u015f sa\u011fl\u0131\u011f\u0131 e\u011fitimi verildi. \u200bNev\u015fehir Belediyesi Gen\u00e7lik ve Spor Hizmetleri M\u00fcd\u00fcrl\u00fc\u011f\u00fc taraf\u0131ndan 70. Y\u0131lda 70 Etkinlik kapsam\u0131nda k\u00f6y okullar\u0131nda a\u011f\u0131z ve di\u015f sa\u011fl\u0131\u011f\u0131 e\u011fitimi verildi.\u00a0 \u200bHaberin Al\u0131nt\u0131land\u0131\u011f\u0131 Kaynak: www.iskenderun.org","og_url":"http:\/\/denizcankizil.tr\/de\/haberler\/gundem\/615-ogrenciye-agiz-ve-dis-sagligi-egitimi-verildi\/","og_site_name":"Av. Deniz Can K\u0131z\u0131l","article_published_time":"2024-12-06T13:41:58+00:00","twitter_card":"summary_large_image","schema":{"@context":"https:\/\/schema.org","@graph":[{"@type":"Article","@id":"http:\/\/denizcankizil.tr\/de\/haberler\/gundem\/615-ogrenciye-agiz-ve-dis-sagligi-egitimi-verildi\/#article","isPartOf":{"@id":"http:\/\/denizcankizil.tr\/de\/haberler\/gundem\/615-ogrenciye-agiz-ve-dis-sagligi-egitimi-verildi\/"},"author":{"name":"","@id":""},"headline":"615 \u00d6\u011frenciye A\u011f\u0131z ve Di\u015f Sa\u011fl\u0131\u011f\u0131 E\u011fitimi Verildi","datePublished":"2024-12-06T13:41:58+00:00","mainEntityOfPage":{"@id":"http:\/\/denizcankizil.tr\/de\/haberler\/gundem\/615-ogrenciye-agiz-ve-dis-sagligi-egitimi-verildi\/"},"wordCount":80,"commentCount":0,"publisher":{"@id":"https:\/\/denizcankizil.tr\/de\/#organization"},"articleSection":["G\u00fcndem","Uncategorized"],"inLanguage":"de","potentialAction":[{"@type":"CommentAction","name":"Comment","target":["http:\/\/denizcankizil.tr\/de\/haberler\/gundem\/615-ogrenciye-agiz-ve-dis-sagligi-egitimi-verildi\/#respond"]}]},{"@type":"WebPage","@id":"http:\/\/denizcankizil.tr\/de\/haberler\/gundem\/615-ogrenciye-agiz-ve-dis-sagligi-egitimi-verildi\/","url":"http:\/\/denizcankizil.tr\/de\/haberler\/gundem\/615-ogrenciye-agiz-ve-dis-sagligi-egitimi-verildi\/","name":"615 \u00d6\u011frenciye A\u011f\u0131z ve Di\u015f Sa\u011fl\u0131\u011f\u0131 E\u011fitimi Verildi - Av. Deniz Can K\u0131z\u0131l","isPartOf":{"@id":"https:\/\/denizcankizil.tr\/de\/#website"},"datePublished":"2024-12-06T13:41:58+00:00","breadcrumb":{"@id":"http:\/\/denizcankizil.tr\/de\/haberler\/gundem\/615-ogrenciye-agiz-ve-dis-sagligi-egitimi-verildi\/#breadcrumb"},"inLanguage":"de","potentialAction":[{"@type":"ReadAction","target":["http:\/\/denizcankizil.tr\/de\/haberler\/gundem\/615-ogrenciye-agiz-ve-dis-sagligi-egitimi-verildi\/"]}]},{"@type":"BreadcrumbList","@id":"http:\/\/denizcankizil.tr\/de\/haberler\/gundem\/615-ogrenciye-agiz-ve-dis-sagligi-egitimi-verildi\/#breadcrumb","itemListElement":[{"@type":"ListItem","position":1,"name":"Home","item":"https:\/\/denizcankizil.tr\/de\/"},{"@type":"ListItem","position":2,"name":"615 \u00d6\u011frenciye A\u011f\u0131z ve Di\u015f Sa\u011fl\u0131\u011f\u0131 E\u011fitimi Verildi"}]},{"@type":"WebSite","@id":"https:\/\/denizcankizil.tr\/de\/#website","url":"https:\/\/denizcankizil.tr\/de\/","name":"Av. Deniz Can K\u0131z\u0131l","description":"Avukat Deniz Can K\u0131z\u0131l Antalya Barosu","publisher":{"@id":"https:\/\/denizcankizil.tr\/de\/#organization"},"potentialAction":[{"@type":"SearchAction","target":{"@type":"EntryPoint","urlTemplate":"https:\/\/denizcankizil.tr\/de\/?s={search_term_string}"},"query-input":{"@type":"PropertyValueSpecification","valueRequired":true,"valueName":"search_term_string"}}],"inLanguage":"de"},{"@type":"Organization","@id":"https:\/\/denizcankizil.tr\/de\/#organization","name":"Av. Deniz Can K\u0131z\u0131l","url":"https:\/\/denizcankizil.tr\/de\/","logo":{"@type":"ImageObject","inLanguage":"de","@id":"https:\/\/denizcankizil.tr\/de\/#\/schema\/logo\/image\/","url":"http:\/\/denizcankizil.tr\/wp-content\/uploads\/2024\/10\/siyah-logo-svg.svg","contentUrl":"http:\/\/denizcankizil.tr\/wp-content\/uploads\/2024\/10\/siyah-logo-svg.svg","width":1080,"height":1080,"caption":"Av. Deniz Can K\u0131z\u0131l"},"image":{"@id":"https:\/\/denizcankizil.tr\/de\/#\/schema\/logo\/image\/"}}]}},"_links":{"self":[{"href":"http:\/\/denizcankizil.tr\/de\/wp-json\/wp\/v2\/posts\/19539","targetHints":{"allow":["GET"]}}],"collection":[{"href":"http:\/\/denizcankizil.tr\/de\/wp-json\/wp\/v2\/posts"}],"about":[{"href":"http:\/\/denizcankizil.tr\/de\/wp-json\/wp\/v2\/types\/post"}],"replies":[{"embeddable":true,"href":"http:\/\/denizcankizil.tr\/de\/wp-json\/wp\/v2\/comments?post=19539"}],"version-history":[{"count":0,"href":"http:\/\/denizcankizil.tr\/de\/wp-json\/wp\/v2\/posts\/19539\/revisions"}],"wp:attachment":[{"href":"http:\/\/denizcankizil.tr\/de\/wp-json\/wp\/v2\/media?parent=19539"}],"wp:term":[{"taxonomy":"category","embeddable":true,"href":"http:\/\/denizcankizil.tr\/de\/wp-json\/wp\/v2\/categories?post=19539"},{"taxonomy":"post_tag","embeddable":true,"href":"http:\/\/denizcankizil.tr\/de\/wp-json\/wp\/v2\/tags?post=19539"}],"curies":[{"name":"wp","href":"https:\/\/api.w.org\/{rel}","templated":true}]}}