{"id":19455,"date":"2024-12-06T10:41:26","date_gmt":"2024-12-06T07:41:26","guid":{"rendered":"https:\/\/denizcankizil.tr\/uncategorized-tr\/antalyada-aile-hekimlerinin-grevi-acil-servisleri-zor-durumda-birakti\/"},"modified":"2024-12-06T10:41:26","modified_gmt":"2024-12-06T07:41:26","slug":"antalyada-aile-hekimlerinin-grevi-acil-servisleri-zor-durumda-birakti","status":"publish","type":"post","link":"http:\/\/denizcankizil.tr\/de\/haberler\/gundem\/antalyada-aile-hekimlerinin-grevi-acil-servisleri-zor-durumda-birakti\/","title":{"rendered":"Antalya\u2019da aile hekimlerinin grevi acil servisleri zor durumda b\u0131rakt\u0131"},"content":{"rendered":"<p>Antalya\u2019da aile hekimleri ve Aile Sa\u011fl\u0131\u011f\u0131 Merkezi \u00e7al\u0131\u015fanlar\u0131n\u0131n, \u201cAile Hekimli\u011fi S\u00f6zle\u015fme ve \u00d6deme Y\u00f6netmeli\u011fi\u2019ne kar\u015f\u0131 ba\u015flatt\u0131klar\u0131 5 g\u00fcnl\u00fck i\u015f b\u0131rakma eylemi devam ediyor. \u201cEziyet Y\u00f6netmeli\u011fi\u201d olarak nitelendirilen bu d\u00fczenlemeye tepki g\u00f6steren sa\u011fl\u0131k \u00e7al\u0131\u015fanlar\u0131, haklar\u0131n\u0131 savunmak i\u00e7in eylemlerinden geri ad\u0131m atmayacaklar\u0131n\u0131 ifade etti. Ancak grev nedeniyle hastanelerin acil servislerinde ciddi bir yo\u011funluk ya\u015fand\u0131.\u00a0<\/p>\n<p>Y\u00dcZDE 200 ARTI\u015e<\/p>\n<p>Antalya K\u00f6rfez Gazetesi muhabiri Ertu\u011frul G\u00fcn&#8217;\u00fcn haberine g\u00f6re; eylemin d\u00f6rd\u00fcnc\u00fc g\u00fcn\u00fcnde, Antalya\u2019daki acil servislerin g\u00fcnl\u00fck hasta yo\u011funlu\u011funda y\u00fczde 200\u2019l\u00fck bir art\u0131\u015f kaydedildi. Aile hekimine gitmesi gereken hastalar\u0131n acil servislere y\u00f6nelmesi, burada \u00e7al\u0131\u015fan sa\u011fl\u0131k personelini zor durumda b\u0131rakt\u0131. Yo\u011funluktan dolay\u0131 \u00f6zellikle acil m\u00fcdahale gerektiren hastalara yeterli zaman ayr\u0131lamad\u0131\u011f\u0131 ifade edildi. \u00a0Acil servislerde \u00e7al\u0131\u015fan sa\u011fl\u0131k personeli, bu durumun hastalar\u0131n tedavi s\u00fcrecini olumsuz etkiledi\u011fini ve \u00f6nemli sa\u011fl\u0131k sorunlar\u0131na yol a\u00e7abilece\u011fi uyar\u0131s\u0131nda bulundu.<\/p>\n<p>UZMANLAR UYARDI<\/p>\n<p>Uzmanlar, aile hekimlerinin eyleminin sa\u011fl\u0131k sisteminin di\u011fer alanlar\u0131n\u0131 ciddi \u015fekilde etkiledi\u011fine dikkat \u00e7ekti. \u00d6zellikle acil servislerin normalde yaln\u0131zca hayati tehlike arz eden durumlar i\u00e7in hizmet verdi\u011fini belirten uzmanlar, sistemdeki bu dengesizli\u011fin bir an \u00f6nce \u00e7\u00f6z\u00fcme kavu\u015fturulmas\u0131 gerekti\u011fini vurgulad\u0131. Grev s\u00fcresince hastanelerdeki yo\u011funluk nedeniyle vatanda\u015flar sa\u011fl\u0131k hizmetine ula\u015fmakta zorluk \u00e7ekerken, acil servis \u00e7al\u0131\u015fanlar\u0131 da artan i\u015f y\u00fck\u00fc nedeniyle zor g\u00fcnler ge\u00e7irdiklerini kaydetti.\u00a0<\/p>\n<p>\u200bAntalya\u2019da aile hekimlerinin devam eden grevinden dolay\u0131 acil servisler ayakta gelen hastalarla dolup ta\u015ft\u0131. Acil servislerde y\u00fczde 200 oran\u0131nda bir art\u0131\u015f\u0131n\u0131n ya\u015fand\u0131\u011f\u0131 ifade edilirken, acil servis \u00e7al\u0131\u015fanlar\u0131, grev nedeniyle hastalar\u0131n tedavi s\u00fcrecinin olumsuz etkiledi\u011fini de belirtti\u00a0<\/p>\n<p>\u200bHaberin Al\u0131nt\u0131land\u0131\u011f\u0131 Kaynak: www.antalyakorfez.com<\/p>","protected":false},"excerpt":{"rendered":"<p>Antalya\u2019da aile hekimleri ve Aile Sa\u011fl\u0131\u011f\u0131 Merkezi \u00e7al\u0131\u015fanlar\u0131n\u0131n, \u201cAile Hekimli\u011fi S\u00f6zle\u015fme ve \u00d6deme Y\u00f6netmeli\u011fi\u2019ne kar\u015f\u0131 ba\u015flatt\u0131klar\u0131 5 g\u00fcnl\u00fck i\u015f b\u0131rakma eylemi devam ediyor. \u201cEziyet Y\u00f6netmeli\u011fi\u201d olarak nitelendirilen bu d\u00fczenlemeye tepki g\u00f6steren sa\u011fl\u0131k \u00e7al\u0131\u015fanlar\u0131, haklar\u0131n\u0131 savunmak i\u00e7in eylemlerinden geri ad\u0131m atmayacaklar\u0131n\u0131 ifade etti. Ancak grev nedeniyle hastanelerin acil servislerinde ciddi bir yo\u011funluk ya\u015fand\u0131.\u00a0 Y\u00dcZDE 200 ARTI\u015e Antalya K\u00f6rfez Gazetesi muhabiri Ertu\u011frul G\u00fcn&#8217;\u00fcn haberine g\u00f6re; eylemin d\u00f6rd\u00fcnc\u00fc g\u00fcn\u00fcnde, Antalya\u2019daki acil servislerin g\u00fcnl\u00fck hasta yo\u011funlu\u011funda y\u00fczde 200\u2019l\u00fck bir art\u0131\u015f kaydedildi. Aile hekimine gitmesi gereken hastalar\u0131n acil servislere y\u00f6nelmesi, burada \u00e7al\u0131\u015fan sa\u011fl\u0131k personelini zor durumda b\u0131rakt\u0131. Yo\u011funluktan dolay\u0131 \u00f6zellikle acil m\u00fcdahale gerektiren hastalara yeterli zaman ayr\u0131lamad\u0131\u011f\u0131 ifade edildi. \u00a0Acil servislerde \u00e7al\u0131\u015fan sa\u011fl\u0131k personeli, bu durumun hastalar\u0131n tedavi s\u00fcrecini olumsuz etkiledi\u011fini ve \u00f6nemli sa\u011fl\u0131k sorunlar\u0131na yol a\u00e7abilece\u011fi uyar\u0131s\u0131nda bulundu. UZMANLAR UYARDI Uzmanlar, aile hekimlerinin eyleminin sa\u011fl\u0131k sisteminin di\u011fer alanlar\u0131n\u0131 ciddi \u015fekilde etkiledi\u011fine dikkat \u00e7ekti. \u00d6zellikle acil servislerin normalde yaln\u0131zca hayati tehlike arz eden durumlar i\u00e7in hizmet verdi\u011fini belirten uzmanlar, sistemdeki bu dengesizli\u011fin bir an \u00f6nce \u00e7\u00f6z\u00fcme kavu\u015fturulmas\u0131 gerekti\u011fini vurgulad\u0131. Grev s\u00fcresince hastanelerdeki yo\u011funluk nedeniyle vatanda\u015flar sa\u011fl\u0131k hizmetine ula\u015fmakta zorluk \u00e7ekerken, acil servis \u00e7al\u0131\u015fanlar\u0131 da artan i\u015f y\u00fck\u00fc nedeniyle zor g\u00fcnler ge\u00e7irdiklerini kaydetti.\u00a0 \u200bAntalya\u2019da aile hekimlerinin devam eden grevinden dolay\u0131 acil servisler ayakta gelen hastalarla dolup &hellip;<\/p>","protected":false},"author":0,"featured_media":0,"comment_status":"open","ping_status":"open","sticky":false,"template":"","format":"standard","meta":{"_acf_changed":false,"footnotes":""},"categories":[24,535],"tags":[],"class_list":["post-19455","post","type-post","status-publish","format-standard","has-post-thumbnail","hentry","category-gundem","category-uncategorized-tr"],"acf":[],"yoast_head":"<!-- This site is optimized with the Yoast SEO Premium plugin v26.6 (Yoast SEO v27.1.1) - https:\/\/yoast.com\/product\/yoast-seo-premium-wordpress\/ -->\n<title>Antalya\u2019da aile hekimlerinin grevi acil servisleri zor durumda b\u0131rakt\u0131 - Av. Deniz Can K\u0131z\u0131l<\/title>\n<meta name=\"robots\" content=\"index, follow, max-snippet:-1, max-image-preview:large, max-video-preview:-1\" \/>\n<link rel=\"canonical\" href=\"https:\/\/denizcankizil.tr\/de\/haberler\/gundem\/antalyada-aile-hekimlerinin-grevi-acil-servisleri-zor-durumda-birakti\/\" \/>\n<meta property=\"og:locale\" content=\"de_DE\" \/>\n<meta property=\"og:type\" content=\"article\" \/>\n<meta property=\"og:title\" content=\"Antalya\u2019da aile hekimlerinin grevi acil servisleri zor durumda b\u0131rakt\u0131\" \/>\n<meta property=\"og:description\" content=\"Antalya\u2019da aile hekimleri ve Aile Sa\u011fl\u0131\u011f\u0131 Merkezi \u00e7al\u0131\u015fanlar\u0131n\u0131n, \u201cAile Hekimli\u011fi S\u00f6zle\u015fme ve \u00d6deme Y\u00f6netmeli\u011fi\u2019ne kar\u015f\u0131 ba\u015flatt\u0131klar\u0131 5 g\u00fcnl\u00fck i\u015f b\u0131rakma eylemi devam ediyor. \u201cEziyet Y\u00f6netmeli\u011fi\u201d olarak nitelendirilen bu d\u00fczenlemeye tepki g\u00f6steren sa\u011fl\u0131k \u00e7al\u0131\u015fanlar\u0131, haklar\u0131n\u0131 savunmak i\u00e7in eylemlerinden geri ad\u0131m atmayacaklar\u0131n\u0131 ifade etti. Ancak grev nedeniyle hastanelerin acil servislerinde ciddi bir yo\u011funluk ya\u015fand\u0131.\u00a0 Y\u00dcZDE 200 ARTI\u015e Antalya K\u00f6rfez Gazetesi muhabiri Ertu\u011frul G\u00fcn&#8217;\u00fcn haberine g\u00f6re; eylemin d\u00f6rd\u00fcnc\u00fc g\u00fcn\u00fcnde, Antalya\u2019daki acil servislerin g\u00fcnl\u00fck hasta yo\u011funlu\u011funda y\u00fczde 200\u2019l\u00fck bir art\u0131\u015f kaydedildi. Aile hekimine gitmesi gereken hastalar\u0131n acil servislere y\u00f6nelmesi, burada \u00e7al\u0131\u015fan sa\u011fl\u0131k personelini zor durumda b\u0131rakt\u0131. Yo\u011funluktan dolay\u0131 \u00f6zellikle acil m\u00fcdahale gerektiren hastalara yeterli zaman ayr\u0131lamad\u0131\u011f\u0131 ifade edildi. \u00a0Acil servislerde \u00e7al\u0131\u015fan sa\u011fl\u0131k personeli, bu durumun hastalar\u0131n tedavi s\u00fcrecini olumsuz etkiledi\u011fini ve \u00f6nemli sa\u011fl\u0131k sorunlar\u0131na yol a\u00e7abilece\u011fi uyar\u0131s\u0131nda bulundu. UZMANLAR UYARDI Uzmanlar, aile hekimlerinin eyleminin sa\u011fl\u0131k sisteminin di\u011fer alanlar\u0131n\u0131 ciddi \u015fekilde etkiledi\u011fine dikkat \u00e7ekti. \u00d6zellikle acil servislerin normalde yaln\u0131zca hayati tehlike arz eden durumlar i\u00e7in hizmet verdi\u011fini belirten uzmanlar, sistemdeki bu dengesizli\u011fin bir an \u00f6nce \u00e7\u00f6z\u00fcme kavu\u015fturulmas\u0131 gerekti\u011fini vurgulad\u0131. Grev s\u00fcresince hastanelerdeki yo\u011funluk nedeniyle vatanda\u015flar sa\u011fl\u0131k hizmetine ula\u015fmakta zorluk \u00e7ekerken, acil servis \u00e7al\u0131\u015fanlar\u0131 da artan i\u015f y\u00fck\u00fc nedeniyle zor g\u00fcnler ge\u00e7irdiklerini kaydetti.\u00a0 \u200bAntalya\u2019da aile hekimlerinin devam eden grevinden dolay\u0131 acil servisler ayakta gelen hastalarla dolup &hellip;\" \/>\n<meta property=\"og:url\" content=\"https:\/\/denizcankizil.tr\/de\/haberler\/gundem\/antalyada-aile-hekimlerinin-grevi-acil-servisleri-zor-durumda-birakti\/\" \/>\n<meta property=\"og:site_name\" content=\"Av. Deniz Can K\u0131z\u0131l\" \/>\n<meta property=\"article:published_time\" content=\"2024-12-06T07:41:26+00:00\" \/>\n<meta name=\"twitter:card\" content=\"summary_large_image\" \/>\n<meta name=\"twitter:label1\" content=\"Gesch\u00e4tzte Lesezeit\" \/>\n\t<meta name=\"twitter:data1\" content=\"2\u00a0Minuten\" \/>\n<script type=\"application\/ld+json\" class=\"yoast-schema-graph\">{\"@context\":\"https:\/\/schema.org\",\"@graph\":[{\"@type\":\"Article\",\"@id\":\"https:\/\/denizcankizil.tr\/ru\/haberler\/gundem\/antalyada-aile-hekimlerinin-grevi-acil-servisleri-zor-durumda-birakti\/#article\",\"isPartOf\":{\"@id\":\"https:\/\/denizcankizil.tr\/ru\/haberler\/gundem\/antalyada-aile-hekimlerinin-grevi-acil-servisleri-zor-durumda-birakti\/\"},\"author\":{\"name\":\"\",\"@id\":\"\"},\"headline\":\"Antalya\u2019da aile hekimlerinin grevi acil servisleri zor durumda b\u0131rakt\u0131\",\"datePublished\":\"2024-12-06T07:41:26+00:00\",\"mainEntityOfPage\":{\"@id\":\"https:\/\/denizcankizil.tr\/ru\/haberler\/gundem\/antalyada-aile-hekimlerinin-grevi-acil-servisleri-zor-durumda-birakti\/\"},\"wordCount\":340,\"commentCount\":0,\"publisher\":{\"@id\":\"https:\/\/denizcankizil.tr\/de\/#organization\"},\"articleSection\":[\"G\u00fcndem\",\"Uncategorized\"],\"inLanguage\":\"de\",\"potentialAction\":[{\"@type\":\"CommentAction\",\"name\":\"Comment\",\"target\":[\"https:\/\/denizcankizil.tr\/ru\/haberler\/gundem\/antalyada-aile-hekimlerinin-grevi-acil-servisleri-zor-durumda-birakti\/#respond\"]}]},{\"@type\":\"WebPage\",\"@id\":\"https:\/\/denizcankizil.tr\/ru\/haberler\/gundem\/antalyada-aile-hekimlerinin-grevi-acil-servisleri-zor-durumda-birakti\/\",\"url\":\"https:\/\/denizcankizil.tr\/ru\/haberler\/gundem\/antalyada-aile-hekimlerinin-grevi-acil-servisleri-zor-durumda-birakti\/\",\"name\":\"Antalya\u2019da aile hekimlerinin grevi acil servisleri zor durumda b\u0131rakt\u0131 - Av. Deniz Can K\u0131z\u0131l\",\"isPartOf\":{\"@id\":\"https:\/\/denizcankizil.tr\/de\/#website\"},\"datePublished\":\"2024-12-06T07:41:26+00:00\",\"breadcrumb\":{\"@id\":\"https:\/\/denizcankizil.tr\/ru\/haberler\/gundem\/antalyada-aile-hekimlerinin-grevi-acil-servisleri-zor-durumda-birakti\/#breadcrumb\"},\"inLanguage\":\"de\",\"potentialAction\":[{\"@type\":\"ReadAction\",\"target\":[\"https:\/\/denizcankizil.tr\/ru\/haberler\/gundem\/antalyada-aile-hekimlerinin-grevi-acil-servisleri-zor-durumda-birakti\/\"]}]},{\"@type\":\"BreadcrumbList\",\"@id\":\"https:\/\/denizcankizil.tr\/ru\/haberler\/gundem\/antalyada-aile-hekimlerinin-grevi-acil-servisleri-zor-durumda-birakti\/#breadcrumb\",\"itemListElement\":[{\"@type\":\"ListItem\",\"position\":1,\"name\":\"Home\",\"item\":\"https:\/\/denizcankizil.tr\/de\/\"},{\"@type\":\"ListItem\",\"position\":2,\"name\":\"Antalya\u2019da aile hekimlerinin grevi acil servisleri zor durumda b\u0131rakt\u0131\"}]},{\"@type\":\"WebSite\",\"@id\":\"https:\/\/denizcankizil.tr\/de\/#website\",\"url\":\"https:\/\/denizcankizil.tr\/de\/\",\"name\":\"Av. Deniz Can K\u0131z\u0131l\",\"description\":\"Avukat Deniz Can K\u0131z\u0131l Antalya Barosu\",\"publisher\":{\"@id\":\"https:\/\/denizcankizil.tr\/de\/#organization\"},\"potentialAction\":[{\"@type\":\"SearchAction\",\"target\":{\"@type\":\"EntryPoint\",\"urlTemplate\":\"https:\/\/denizcankizil.tr\/de\/?s={search_term_string}\"},\"query-input\":{\"@type\":\"PropertyValueSpecification\",\"valueRequired\":true,\"valueName\":\"search_term_string\"}}],\"inLanguage\":\"de\"},{\"@type\":\"Organization\",\"@id\":\"https:\/\/denizcankizil.tr\/de\/#organization\",\"name\":\"Av. Deniz Can K\u0131z\u0131l\",\"url\":\"https:\/\/denizcankizil.tr\/de\/\",\"logo\":{\"@type\":\"ImageObject\",\"inLanguage\":\"de\",\"@id\":\"https:\/\/denizcankizil.tr\/de\/#\/schema\/logo\/image\/\",\"url\":\"http:\/\/denizcankizil.tr\/wp-content\/uploads\/2024\/10\/siyah-logo-svg.svg\",\"contentUrl\":\"http:\/\/denizcankizil.tr\/wp-content\/uploads\/2024\/10\/siyah-logo-svg.svg\",\"width\":1080,\"height\":1080,\"caption\":\"Av. Deniz Can K\u0131z\u0131l\"},\"image\":{\"@id\":\"https:\/\/denizcankizil.tr\/de\/#\/schema\/logo\/image\/\"}}]}<\/script>\n<!-- \/ Yoast SEO Premium plugin. -->","yoast_head_json":{"title":"Antalya\u2019da aile hekimlerinin grevi acil servisleri zor durumda b\u0131rakt\u0131 - Av. Deniz Can K\u0131z\u0131l","robots":{"index":"index","follow":"follow","max-snippet":"max-snippet:-1","max-image-preview":"max-image-preview:large","max-video-preview":"max-video-preview:-1"},"canonical":"https:\/\/denizcankizil.tr\/de\/haberler\/gundem\/antalyada-aile-hekimlerinin-grevi-acil-servisleri-zor-durumda-birakti\/","og_locale":"de_DE","og_type":"article","og_title":"Antalya\u2019da aile hekimlerinin grevi acil servisleri zor durumda b\u0131rakt\u0131","og_description":"Antalya\u2019da aile hekimleri ve Aile Sa\u011fl\u0131\u011f\u0131 Merkezi \u00e7al\u0131\u015fanlar\u0131n\u0131n, \u201cAile Hekimli\u011fi S\u00f6zle\u015fme ve \u00d6deme Y\u00f6netmeli\u011fi\u2019ne kar\u015f\u0131 ba\u015flatt\u0131klar\u0131 5 g\u00fcnl\u00fck i\u015f b\u0131rakma eylemi devam ediyor. \u201cEziyet Y\u00f6netmeli\u011fi\u201d olarak nitelendirilen bu d\u00fczenlemeye tepki g\u00f6steren sa\u011fl\u0131k \u00e7al\u0131\u015fanlar\u0131, haklar\u0131n\u0131 savunmak i\u00e7in eylemlerinden geri ad\u0131m atmayacaklar\u0131n\u0131 ifade etti. Ancak grev nedeniyle hastanelerin acil servislerinde ciddi bir yo\u011funluk ya\u015fand\u0131.\u00a0 Y\u00dcZDE 200 ARTI\u015e Antalya K\u00f6rfez Gazetesi muhabiri Ertu\u011frul G\u00fcn&#8217;\u00fcn haberine g\u00f6re; eylemin d\u00f6rd\u00fcnc\u00fc g\u00fcn\u00fcnde, Antalya\u2019daki acil servislerin g\u00fcnl\u00fck hasta yo\u011funlu\u011funda y\u00fczde 200\u2019l\u00fck bir art\u0131\u015f kaydedildi. Aile hekimine gitmesi gereken hastalar\u0131n acil servislere y\u00f6nelmesi, burada \u00e7al\u0131\u015fan sa\u011fl\u0131k personelini zor durumda b\u0131rakt\u0131. Yo\u011funluktan dolay\u0131 \u00f6zellikle acil m\u00fcdahale gerektiren hastalara yeterli zaman ayr\u0131lamad\u0131\u011f\u0131 ifade edildi. \u00a0Acil servislerde \u00e7al\u0131\u015fan sa\u011fl\u0131k personeli, bu durumun hastalar\u0131n tedavi s\u00fcrecini olumsuz etkiledi\u011fini ve \u00f6nemli sa\u011fl\u0131k sorunlar\u0131na yol a\u00e7abilece\u011fi uyar\u0131s\u0131nda bulundu. UZMANLAR UYARDI Uzmanlar, aile hekimlerinin eyleminin sa\u011fl\u0131k sisteminin di\u011fer alanlar\u0131n\u0131 ciddi \u015fekilde etkiledi\u011fine dikkat \u00e7ekti. \u00d6zellikle acil servislerin normalde yaln\u0131zca hayati tehlike arz eden durumlar i\u00e7in hizmet verdi\u011fini belirten uzmanlar, sistemdeki bu dengesizli\u011fin bir an \u00f6nce \u00e7\u00f6z\u00fcme kavu\u015fturulmas\u0131 gerekti\u011fini vurgulad\u0131. Grev s\u00fcresince hastanelerdeki yo\u011funluk nedeniyle vatanda\u015flar sa\u011fl\u0131k hizmetine ula\u015fmakta zorluk \u00e7ekerken, acil servis \u00e7al\u0131\u015fanlar\u0131 da artan i\u015f y\u00fck\u00fc nedeniyle zor g\u00fcnler ge\u00e7irdiklerini kaydetti.\u00a0 \u200bAntalya\u2019da aile hekimlerinin devam eden grevinden dolay\u0131 acil servisler ayakta gelen hastalarla dolup &hellip;","og_url":"https:\/\/denizcankizil.tr\/de\/haberler\/gundem\/antalyada-aile-hekimlerinin-grevi-acil-servisleri-zor-durumda-birakti\/","og_site_name":"Av. Deniz Can K\u0131z\u0131l","article_published_time":"2024-12-06T07:41:26+00:00","twitter_card":"summary_large_image","twitter_misc":{"Gesch\u00e4tzte Lesezeit":"2\u00a0Minuten"},"schema":{"@context":"https:\/\/schema.org","@graph":[{"@type":"Article","@id":"https:\/\/denizcankizil.tr\/ru\/haberler\/gundem\/antalyada-aile-hekimlerinin-grevi-acil-servisleri-zor-durumda-birakti\/#article","isPartOf":{"@id":"https:\/\/denizcankizil.tr\/ru\/haberler\/gundem\/antalyada-aile-hekimlerinin-grevi-acil-servisleri-zor-durumda-birakti\/"},"author":{"name":"","@id":""},"headline":"Antalya\u2019da aile hekimlerinin grevi acil servisleri zor durumda b\u0131rakt\u0131","datePublished":"2024-12-06T07:41:26+00:00","mainEntityOfPage":{"@id":"https:\/\/denizcankizil.tr\/ru\/haberler\/gundem\/antalyada-aile-hekimlerinin-grevi-acil-servisleri-zor-durumda-birakti\/"},"wordCount":340,"commentCount":0,"publisher":{"@id":"https:\/\/denizcankizil.tr\/de\/#organization"},"articleSection":["G\u00fcndem","Uncategorized"],"inLanguage":"de","potentialAction":[{"@type":"CommentAction","name":"Comment","target":["https:\/\/denizcankizil.tr\/ru\/haberler\/gundem\/antalyada-aile-hekimlerinin-grevi-acil-servisleri-zor-durumda-birakti\/#respond"]}]},{"@type":"WebPage","@id":"https:\/\/denizcankizil.tr\/ru\/haberler\/gundem\/antalyada-aile-hekimlerinin-grevi-acil-servisleri-zor-durumda-birakti\/","url":"https:\/\/denizcankizil.tr\/ru\/haberler\/gundem\/antalyada-aile-hekimlerinin-grevi-acil-servisleri-zor-durumda-birakti\/","name":"Antalya\u2019da aile hekimlerinin grevi acil servisleri zor durumda b\u0131rakt\u0131 - Av. Deniz Can K\u0131z\u0131l","isPartOf":{"@id":"https:\/\/denizcankizil.tr\/de\/#website"},"datePublished":"2024-12-06T07:41:26+00:00","breadcrumb":{"@id":"https:\/\/denizcankizil.tr\/ru\/haberler\/gundem\/antalyada-aile-hekimlerinin-grevi-acil-servisleri-zor-durumda-birakti\/#breadcrumb"},"inLanguage":"de","potentialAction":[{"@type":"ReadAction","target":["https:\/\/denizcankizil.tr\/ru\/haberler\/gundem\/antalyada-aile-hekimlerinin-grevi-acil-servisleri-zor-durumda-birakti\/"]}]},{"@type":"BreadcrumbList","@id":"https:\/\/denizcankizil.tr\/ru\/haberler\/gundem\/antalyada-aile-hekimlerinin-grevi-acil-servisleri-zor-durumda-birakti\/#breadcrumb","itemListElement":[{"@type":"ListItem","position":1,"name":"Home","item":"https:\/\/denizcankizil.tr\/de\/"},{"@type":"ListItem","position":2,"name":"Antalya\u2019da aile hekimlerinin grevi acil servisleri zor durumda b\u0131rakt\u0131"}]},{"@type":"WebSite","@id":"https:\/\/denizcankizil.tr\/de\/#website","url":"https:\/\/denizcankizil.tr\/de\/","name":"Av. Deniz Can K\u0131z\u0131l","description":"Avukat Deniz Can K\u0131z\u0131l Antalya Barosu","publisher":{"@id":"https:\/\/denizcankizil.tr\/de\/#organization"},"potentialAction":[{"@type":"SearchAction","target":{"@type":"EntryPoint","urlTemplate":"https:\/\/denizcankizil.tr\/de\/?s={search_term_string}"},"query-input":{"@type":"PropertyValueSpecification","valueRequired":true,"valueName":"search_term_string"}}],"inLanguage":"de"},{"@type":"Organization","@id":"https:\/\/denizcankizil.tr\/de\/#organization","name":"Av. Deniz Can K\u0131z\u0131l","url":"https:\/\/denizcankizil.tr\/de\/","logo":{"@type":"ImageObject","inLanguage":"de","@id":"https:\/\/denizcankizil.tr\/de\/#\/schema\/logo\/image\/","url":"http:\/\/denizcankizil.tr\/wp-content\/uploads\/2024\/10\/siyah-logo-svg.svg","contentUrl":"http:\/\/denizcankizil.tr\/wp-content\/uploads\/2024\/10\/siyah-logo-svg.svg","width":1080,"height":1080,"caption":"Av. Deniz Can K\u0131z\u0131l"},"image":{"@id":"https:\/\/denizcankizil.tr\/de\/#\/schema\/logo\/image\/"}}]}},"_links":{"self":[{"href":"http:\/\/denizcankizil.tr\/de\/wp-json\/wp\/v2\/posts\/19455","targetHints":{"allow":["GET"]}}],"collection":[{"href":"http:\/\/denizcankizil.tr\/de\/wp-json\/wp\/v2\/posts"}],"about":[{"href":"http:\/\/denizcankizil.tr\/de\/wp-json\/wp\/v2\/types\/post"}],"replies":[{"embeddable":true,"href":"http:\/\/denizcankizil.tr\/de\/wp-json\/wp\/v2\/comments?post=19455"}],"version-history":[{"count":0,"href":"http:\/\/denizcankizil.tr\/de\/wp-json\/wp\/v2\/posts\/19455\/revisions"}],"wp:attachment":[{"href":"http:\/\/denizcankizil.tr\/de\/wp-json\/wp\/v2\/media?parent=19455"}],"wp:term":[{"taxonomy":"category","embeddable":true,"href":"http:\/\/denizcankizil.tr\/de\/wp-json\/wp\/v2\/categories?post=19455"},{"taxonomy":"post_tag","embeddable":true,"href":"http:\/\/denizcankizil.tr\/de\/wp-json\/wp\/v2\/tags?post=19455"}],"curies":[{"name":"wp","href":"https:\/\/api.w.org\/{rel}","templated":true}]}}