{"id":18748,"date":"2024-12-02T15:41:48","date_gmt":"2024-12-02T12:41:48","guid":{"rendered":"https:\/\/denizcankizil.tr\/uncategorized-tr\/antalya-barosu-ozgur-ozelden-ozur-bekliyor\/"},"modified":"2024-12-02T15:41:48","modified_gmt":"2024-12-02T12:41:48","slug":"antalya-barosu-ozgur-ozelden-ozur-bekliyor","status":"publish","type":"post","link":"http:\/\/denizcankizil.tr\/de\/haberler\/gundem\/antalya-barosu-ozgur-ozelden-ozur-bekliyor\/","title":{"rendered":"Antalya Barosu, \u00d6zg\u00fcr \u00d6zel\u2019den \u00f6z\u00fcr bekliyor"},"content":{"rendered":"<p>CHP Genel Ba\u015fkan\u0131 \u00d6zg\u00fcr \u00d6zel&#8217;in \u0130stanbul Cumhuriyet Ba\u015fsavc\u0131s\u0131 Ak\u0131n G\u00fcrlek hakk\u0131nda s\u00f6ylemleri tepki \u00e7ekmeye devam ediyor. \u00d6zel\u2019in avukatl\u0131k mesle\u011fine kar\u015f\u0131 s\u00f6ylemine bir a\u00e7\u0131klama da Antalya Barosu\u2019ndan geldi. \u00d6zel\u2019in &#8220;Ba\u015fka i\u015f bilmiyorsa avukatl\u0131k yapabilir&#8221; s\u00f6zlerini k\u0131nad\u0131\u011f\u0131n\u0131 a\u00e7\u0131klayan Antalya Barosu a\u00e7\u0131klamas\u0131nda, \u201cBir g\u00fcn herkesin avukata ihtiya\u00e7 duyaca\u011f\u0131n\u0131 hat\u0131rlatmak istiyoruz\u201d ifadelerine yer verildi.\u00a0<\/p>\n<p>AVUKATIN \u0130T\u0130BARINI ZEDELEMEKTE<\/p>\n<p>\u00d6zel\u2019in avukata ve avukatl\u0131k mesle\u011fine kar\u015f\u0131 haks\u0131z s\u00f6ylemler bulundu\u011funu belirten Baro, \u201cKutsal hak savunuculu\u011fu mesle\u011fini yurdun her k\u00f6\u015fesinde fedakarca yerine getiren avukatlar hukuk devleti ilkesinin temel teminat\u0131d\u0131r. Avukata ve avukatl\u0131k mesle\u011fine y\u00f6nelik amac\u0131n\u0131 a\u015fan haks\u0131z s\u00f6ylemler, toplum nezdinde avukat\u0131n itibar\u0131n\u0131 zedelemekte, avukatlar\u0131n hukuk devletinin tesisi ve vatanda\u015f\u0131n adalet duygusunu tatmin eden bir yarg\u0131 hizmeti almas\u0131na y\u00f6nelik \u00e7abas\u0131n\u0131 yok saymaktad\u0131r. Toplumu temsil edenlerin, adalet tesisi i\u00e7in fedakarca m\u00fccadele eden bir meslek grubunun ruhunu anlamaya ve bu ruhu y\u00fccelten bir dil kullanmas\u0131 gerekti\u011fine inan\u0131yoruz. Bu ba\u011flamda siyaset\u00e7ileri ve kitle temsilcilerini mesle\u011fimize y\u00f6nelik ifadelerinde dikkatli ve \u00f6zenli olmaya, avukatl\u0131k mesle\u011fine y\u00f6nelik ifadelerini g\u00f6zden ge\u00e7irmeye ve sorumluluk bilinciyle hareket etmesine davet ediyoruz\u201d a\u00e7\u0131klamas\u0131nda bulundu.\u00a0<\/p>\n<p>YARDIMCI B\u0130R MESLEK KOLUYMU\u015e G\u0130B\u0130 LANSE ED\u0130LM\u0130\u015eT\u0130R\u00a0<\/p>\n<p>Avukatl\u0131k mesle\u011finin ba\u011f\u0131ms\u0131z yarg\u0131y\u0131 olu\u015fturan \u00fc\u00e7 ana erkten biri oldu\u011funa dikkat \u00e7eken Antalya Barosu a\u00e7\u0131klamas\u0131nda, \u201c\u015eu husus unutulmamal\u0131d\u0131r ki savc\u0131, avukat ve yarg\u0131\u00e7 Anayasa\u2019da bahsedilen ba\u011f\u0131ms\u0131z yarg\u0131y\u0131 birlikte olu\u015fturur. Avukatl\u0131k mesle\u011finin ba\u011f\u0131ms\u0131z yarg\u0131y\u0131 olu\u015fturan \u00fc\u00e7 ana erkten biri oldu\u011fu unutulmu\u015f, adeta yard\u0131mc\u0131 bir meslek koluymu\u015f gibi lanse edilmi\u015ftir. Yaln\u0131zca bu s\u00f6ylemlerle dahi avukatl\u0131k mesle\u011finin asl\u0131nda neyi ihtiva etti\u011fi ve mahiyeti yok say\u0131lm\u0131\u015ft\u0131r. Hukukun ve avukatl\u0131k mesle\u011finin yegane savunucusu Meslek Sorunlar\u0131 Kurulu olarak bu a\u00e7\u0131klamay\u0131 yapmam\u0131z elzem olmu\u015ftur\u201d denildi.\u00a0<\/p>\n<p>AVUKATLAR \u00d6Z\u00dcR TALEP ETT\u0130\u00a0<\/p>\n<p>CHP Genel Ba\u015fkan\u0131 \u00d6zg\u00fcr \u00d6zel\u2019den \u00f6z\u00fcr talep ettiklerini kaydeden Baro a\u00e7\u0131klamas\u0131nda, \u201cAntalya Barosu Meslek Sorunlar\u0131 Kurulunun i\u00e7 y\u00f6nergesinde bulunan kurulun amaca maddesinde de belirtildi\u011fi gibi kurulumuzun bir amac\u0131 da meslek onurunun korunmas\u0131 i\u00e7in her t\u00fcrl\u00fc \u00e7aba ve giri\u015fimde bulunmaktad\u0131r. Bu bak\u0131mdan \u00d6zg\u00fcr \u00d6zel\u2019i kurdu\u011fu c\u00fcmlelerden dolay\u0131 k\u0131n\u0131yor, \u00f6z\u00fcr talep ediyor ve bir g\u00fcn herkesin avukata ihtiya\u00e7 duyaca\u011f\u0131n\u0131 hat\u0131rlatmak istiyoruz\u201d s\u00f6zlerine yer verildi. \u00a0<\/p>\n<p>\u200bCHP Genel Ba\u015fkan\u0131 \u00d6zg\u00fcr \u00d6zel&#8217;in \u0130stanbul Cumhuriyet Ba\u015fsavc\u0131s\u0131 Ak\u0131n G\u00fcrlek&#8217;e y\u00f6nelik &#8220;Ba\u015fka i\u015f bilmiyorsa avukatl\u0131k yapabilir&#8221; s\u00f6zlerine bir tepki de Antalya Barosu\u2019ndan geldi. Baro\u2019dan yap\u0131lan a\u00e7\u0131klamada, \u201c\u00d6zg\u00fcr \u00d6zel\u2019i kurdu\u011fu c\u00fcmlelerden dolay\u0131 k\u0131n\u0131yor, \u00f6z\u00fcr talep ediyoruz\u201d denildi\u00a0<\/p>\n<p>\u200bHaberin Al\u0131nt\u0131land\u0131\u011f\u0131 Kaynak: www.antalyakorfez.com<\/p>","protected":false},"excerpt":{"rendered":"<p>CHP Genel Ba\u015fkan\u0131 \u00d6zg\u00fcr \u00d6zel&#8217;in \u0130stanbul Cumhuriyet Ba\u015fsavc\u0131s\u0131 Ak\u0131n G\u00fcrlek hakk\u0131nda s\u00f6ylemleri tepki \u00e7ekmeye devam ediyor. \u00d6zel\u2019in avukatl\u0131k mesle\u011fine kar\u015f\u0131 s\u00f6ylemine bir a\u00e7\u0131klama da Antalya Barosu\u2019ndan geldi. \u00d6zel\u2019in &#8220;Ba\u015fka i\u015f bilmiyorsa avukatl\u0131k yapabilir&#8221; s\u00f6zlerini k\u0131nad\u0131\u011f\u0131n\u0131 a\u00e7\u0131klayan Antalya Barosu a\u00e7\u0131klamas\u0131nda, \u201cBir g\u00fcn herkesin avukata ihtiya\u00e7 duyaca\u011f\u0131n\u0131 hat\u0131rlatmak istiyoruz\u201d ifadelerine yer verildi.\u00a0 AVUKATIN \u0130T\u0130BARINI ZEDELEMEKTE \u00d6zel\u2019in avukata ve avukatl\u0131k mesle\u011fine kar\u015f\u0131 haks\u0131z s\u00f6ylemler bulundu\u011funu belirten Baro, \u201cKutsal hak savunuculu\u011fu mesle\u011fini yurdun her k\u00f6\u015fesinde fedakarca yerine getiren avukatlar hukuk devleti ilkesinin temel teminat\u0131d\u0131r. Avukata ve avukatl\u0131k mesle\u011fine y\u00f6nelik amac\u0131n\u0131 a\u015fan haks\u0131z s\u00f6ylemler, toplum nezdinde avukat\u0131n itibar\u0131n\u0131 zedelemekte, avukatlar\u0131n hukuk devletinin tesisi ve vatanda\u015f\u0131n adalet duygusunu tatmin eden bir yarg\u0131 hizmeti almas\u0131na y\u00f6nelik \u00e7abas\u0131n\u0131 yok saymaktad\u0131r. Toplumu temsil edenlerin, adalet tesisi i\u00e7in fedakarca m\u00fccadele eden bir meslek grubunun ruhunu anlamaya ve bu ruhu y\u00fccelten bir dil kullanmas\u0131 gerekti\u011fine inan\u0131yoruz. Bu ba\u011flamda siyaset\u00e7ileri ve kitle temsilcilerini mesle\u011fimize y\u00f6nelik ifadelerinde dikkatli ve \u00f6zenli olmaya, avukatl\u0131k mesle\u011fine y\u00f6nelik ifadelerini g\u00f6zden ge\u00e7irmeye ve sorumluluk bilinciyle hareket etmesine davet ediyoruz\u201d a\u00e7\u0131klamas\u0131nda bulundu.\u00a0 YARDIMCI B\u0130R MESLEK KOLUYMU\u015e G\u0130B\u0130 LANSE ED\u0130LM\u0130\u015eT\u0130R\u00a0 Avukatl\u0131k mesle\u011finin ba\u011f\u0131ms\u0131z yarg\u0131y\u0131 olu\u015fturan \u00fc\u00e7 ana erkten biri oldu\u011funa dikkat \u00e7eken Antalya Barosu a\u00e7\u0131klamas\u0131nda, \u201c\u015eu husus unutulmamal\u0131d\u0131r ki savc\u0131, avukat ve yarg\u0131\u00e7 Anayasa\u2019da bahsedilen ba\u011f\u0131ms\u0131z yarg\u0131y\u0131 birlikte olu\u015fturur. Avukatl\u0131k &hellip;<\/p>","protected":false},"author":0,"featured_media":0,"comment_status":"open","ping_status":"open","sticky":false,"template":"","format":"standard","meta":{"_acf_changed":false,"footnotes":""},"categories":[24,535],"tags":[],"class_list":["post-18748","post","type-post","status-publish","format-standard","has-post-thumbnail","hentry","category-gundem","category-uncategorized-tr"],"acf":[],"yoast_head":"<!-- This site is optimized with the Yoast SEO Premium plugin v26.6 (Yoast SEO v27.1.1) - https:\/\/yoast.com\/product\/yoast-seo-premium-wordpress\/ -->\n<title>Antalya Barosu, \u00d6zg\u00fcr \u00d6zel\u2019den \u00f6z\u00fcr bekliyor - Av. Deniz Can K\u0131z\u0131l<\/title>\n<meta name=\"robots\" content=\"index, follow, max-snippet:-1, max-image-preview:large, max-video-preview:-1\" \/>\n<link rel=\"canonical\" href=\"https:\/\/denizcankizil.tr\/de\/haberler\/gundem\/antalya-barosu-ozgur-ozelden-ozur-bekliyor\/\" \/>\n<meta property=\"og:locale\" content=\"de_DE\" \/>\n<meta property=\"og:type\" content=\"article\" \/>\n<meta property=\"og:title\" content=\"Antalya Barosu, \u00d6zg\u00fcr \u00d6zel\u2019den \u00f6z\u00fcr bekliyor\" \/>\n<meta property=\"og:description\" content=\"CHP Genel Ba\u015fkan\u0131 \u00d6zg\u00fcr \u00d6zel&#8217;in \u0130stanbul Cumhuriyet Ba\u015fsavc\u0131s\u0131 Ak\u0131n G\u00fcrlek hakk\u0131nda s\u00f6ylemleri tepki \u00e7ekmeye devam ediyor. \u00d6zel\u2019in avukatl\u0131k mesle\u011fine kar\u015f\u0131 s\u00f6ylemine bir a\u00e7\u0131klama da Antalya Barosu\u2019ndan geldi. \u00d6zel\u2019in &#8220;Ba\u015fka i\u015f bilmiyorsa avukatl\u0131k yapabilir&#8221; s\u00f6zlerini k\u0131nad\u0131\u011f\u0131n\u0131 a\u00e7\u0131klayan Antalya Barosu a\u00e7\u0131klamas\u0131nda, \u201cBir g\u00fcn herkesin avukata ihtiya\u00e7 duyaca\u011f\u0131n\u0131 hat\u0131rlatmak istiyoruz\u201d ifadelerine yer verildi.\u00a0 AVUKATIN \u0130T\u0130BARINI ZEDELEMEKTE \u00d6zel\u2019in avukata ve avukatl\u0131k mesle\u011fine kar\u015f\u0131 haks\u0131z s\u00f6ylemler bulundu\u011funu belirten Baro, \u201cKutsal hak savunuculu\u011fu mesle\u011fini yurdun her k\u00f6\u015fesinde fedakarca yerine getiren avukatlar hukuk devleti ilkesinin temel teminat\u0131d\u0131r. Avukata ve avukatl\u0131k mesle\u011fine y\u00f6nelik amac\u0131n\u0131 a\u015fan haks\u0131z s\u00f6ylemler, toplum nezdinde avukat\u0131n itibar\u0131n\u0131 zedelemekte, avukatlar\u0131n hukuk devletinin tesisi ve vatanda\u015f\u0131n adalet duygusunu tatmin eden bir yarg\u0131 hizmeti almas\u0131na y\u00f6nelik \u00e7abas\u0131n\u0131 yok saymaktad\u0131r. Toplumu temsil edenlerin, adalet tesisi i\u00e7in fedakarca m\u00fccadele eden bir meslek grubunun ruhunu anlamaya ve bu ruhu y\u00fccelten bir dil kullanmas\u0131 gerekti\u011fine inan\u0131yoruz. Bu ba\u011flamda siyaset\u00e7ileri ve kitle temsilcilerini mesle\u011fimize y\u00f6nelik ifadelerinde dikkatli ve \u00f6zenli olmaya, avukatl\u0131k mesle\u011fine y\u00f6nelik ifadelerini g\u00f6zden ge\u00e7irmeye ve sorumluluk bilinciyle hareket etmesine davet ediyoruz\u201d a\u00e7\u0131klamas\u0131nda bulundu.\u00a0 YARDIMCI B\u0130R MESLEK KOLUYMU\u015e G\u0130B\u0130 LANSE ED\u0130LM\u0130\u015eT\u0130R\u00a0 Avukatl\u0131k mesle\u011finin ba\u011f\u0131ms\u0131z yarg\u0131y\u0131 olu\u015fturan \u00fc\u00e7 ana erkten biri oldu\u011funa dikkat \u00e7eken Antalya Barosu a\u00e7\u0131klamas\u0131nda, \u201c\u015eu husus unutulmamal\u0131d\u0131r ki savc\u0131, avukat ve yarg\u0131\u00e7 Anayasa\u2019da bahsedilen ba\u011f\u0131ms\u0131z yarg\u0131y\u0131 birlikte olu\u015fturur. Avukatl\u0131k &hellip;\" \/>\n<meta property=\"og:url\" content=\"https:\/\/denizcankizil.tr\/de\/haberler\/gundem\/antalya-barosu-ozgur-ozelden-ozur-bekliyor\/\" \/>\n<meta property=\"og:site_name\" content=\"Av. Deniz Can K\u0131z\u0131l\" \/>\n<meta property=\"article:published_time\" content=\"2024-12-02T12:41:48+00:00\" \/>\n<meta name=\"twitter:card\" content=\"summary_large_image\" \/>\n<meta name=\"twitter:label1\" content=\"Gesch\u00e4tzte Lesezeit\" \/>\n\t<meta name=\"twitter:data1\" content=\"3\u00a0Minuten\" \/>\n<script type=\"application\/ld+json\" class=\"yoast-schema-graph\">{\"@context\":\"https:\/\/schema.org\",\"@graph\":[{\"@type\":\"Article\",\"@id\":\"https:\/\/denizcankizil.tr\/uk\/haberler\/gundem\/antalya-barosu-ozgur-ozelden-ozur-bekliyor\/#article\",\"isPartOf\":{\"@id\":\"https:\/\/denizcankizil.tr\/uk\/haberler\/gundem\/antalya-barosu-ozgur-ozelden-ozur-bekliyor\/\"},\"author\":{\"name\":\"\",\"@id\":\"\"},\"headline\":\"Antalya Barosu, \u00d6zg\u00fcr \u00d6zel\u2019den \u00f6z\u00fcr bekliyor\",\"datePublished\":\"2024-12-02T12:41:48+00:00\",\"mainEntityOfPage\":{\"@id\":\"https:\/\/denizcankizil.tr\/uk\/haberler\/gundem\/antalya-barosu-ozgur-ozelden-ozur-bekliyor\/\"},\"wordCount\":527,\"commentCount\":0,\"publisher\":{\"@id\":\"https:\/\/denizcankizil.tr\/de\/#organization\"},\"articleSection\":[\"G\u00fcndem\",\"Uncategorized\"],\"inLanguage\":\"de\",\"potentialAction\":[{\"@type\":\"CommentAction\",\"name\":\"Comment\",\"target\":[\"https:\/\/denizcankizil.tr\/uk\/haberler\/gundem\/antalya-barosu-ozgur-ozelden-ozur-bekliyor\/#respond\"]}]},{\"@type\":\"WebPage\",\"@id\":\"https:\/\/denizcankizil.tr\/uk\/haberler\/gundem\/antalya-barosu-ozgur-ozelden-ozur-bekliyor\/\",\"url\":\"https:\/\/denizcankizil.tr\/uk\/haberler\/gundem\/antalya-barosu-ozgur-ozelden-ozur-bekliyor\/\",\"name\":\"Antalya Barosu, \u00d6zg\u00fcr \u00d6zel\u2019den \u00f6z\u00fcr bekliyor - Av. Deniz Can K\u0131z\u0131l\",\"isPartOf\":{\"@id\":\"https:\/\/denizcankizil.tr\/de\/#website\"},\"datePublished\":\"2024-12-02T12:41:48+00:00\",\"breadcrumb\":{\"@id\":\"https:\/\/denizcankizil.tr\/uk\/haberler\/gundem\/antalya-barosu-ozgur-ozelden-ozur-bekliyor\/#breadcrumb\"},\"inLanguage\":\"de\",\"potentialAction\":[{\"@type\":\"ReadAction\",\"target\":[\"https:\/\/denizcankizil.tr\/uk\/haberler\/gundem\/antalya-barosu-ozgur-ozelden-ozur-bekliyor\/\"]}]},{\"@type\":\"BreadcrumbList\",\"@id\":\"https:\/\/denizcankizil.tr\/uk\/haberler\/gundem\/antalya-barosu-ozgur-ozelden-ozur-bekliyor\/#breadcrumb\",\"itemListElement\":[{\"@type\":\"ListItem\",\"position\":1,\"name\":\"Home\",\"item\":\"https:\/\/denizcankizil.tr\/de\/\"},{\"@type\":\"ListItem\",\"position\":2,\"name\":\"Antalya Barosu, \u00d6zg\u00fcr \u00d6zel\u2019den \u00f6z\u00fcr bekliyor\"}]},{\"@type\":\"WebSite\",\"@id\":\"https:\/\/denizcankizil.tr\/de\/#website\",\"url\":\"https:\/\/denizcankizil.tr\/de\/\",\"name\":\"Av. Deniz Can K\u0131z\u0131l\",\"description\":\"Avukat Deniz Can K\u0131z\u0131l Antalya Barosu\",\"publisher\":{\"@id\":\"https:\/\/denizcankizil.tr\/de\/#organization\"},\"potentialAction\":[{\"@type\":\"SearchAction\",\"target\":{\"@type\":\"EntryPoint\",\"urlTemplate\":\"https:\/\/denizcankizil.tr\/de\/?s={search_term_string}\"},\"query-input\":{\"@type\":\"PropertyValueSpecification\",\"valueRequired\":true,\"valueName\":\"search_term_string\"}}],\"inLanguage\":\"de\"},{\"@type\":\"Organization\",\"@id\":\"https:\/\/denizcankizil.tr\/de\/#organization\",\"name\":\"Av. Deniz Can K\u0131z\u0131l\",\"url\":\"https:\/\/denizcankizil.tr\/de\/\",\"logo\":{\"@type\":\"ImageObject\",\"inLanguage\":\"de\",\"@id\":\"https:\/\/denizcankizil.tr\/de\/#\/schema\/logo\/image\/\",\"url\":\"http:\/\/denizcankizil.tr\/wp-content\/uploads\/2024\/10\/siyah-logo-svg.svg\",\"contentUrl\":\"http:\/\/denizcankizil.tr\/wp-content\/uploads\/2024\/10\/siyah-logo-svg.svg\",\"width\":1080,\"height\":1080,\"caption\":\"Av. Deniz Can K\u0131z\u0131l\"},\"image\":{\"@id\":\"https:\/\/denizcankizil.tr\/de\/#\/schema\/logo\/image\/\"}}]}<\/script>\n<!-- \/ Yoast SEO Premium plugin. -->","yoast_head_json":{"title":"Antalya Barosu, \u00d6zg\u00fcr \u00d6zel\u2019den \u00f6z\u00fcr bekliyor - Av. Deniz Can K\u0131z\u0131l","robots":{"index":"index","follow":"follow","max-snippet":"max-snippet:-1","max-image-preview":"max-image-preview:large","max-video-preview":"max-video-preview:-1"},"canonical":"https:\/\/denizcankizil.tr\/de\/haberler\/gundem\/antalya-barosu-ozgur-ozelden-ozur-bekliyor\/","og_locale":"de_DE","og_type":"article","og_title":"Antalya Barosu, \u00d6zg\u00fcr \u00d6zel\u2019den \u00f6z\u00fcr bekliyor","og_description":"CHP Genel Ba\u015fkan\u0131 \u00d6zg\u00fcr \u00d6zel&#8217;in \u0130stanbul Cumhuriyet Ba\u015fsavc\u0131s\u0131 Ak\u0131n G\u00fcrlek hakk\u0131nda s\u00f6ylemleri tepki \u00e7ekmeye devam ediyor. \u00d6zel\u2019in avukatl\u0131k mesle\u011fine kar\u015f\u0131 s\u00f6ylemine bir a\u00e7\u0131klama da Antalya Barosu\u2019ndan geldi. \u00d6zel\u2019in &#8220;Ba\u015fka i\u015f bilmiyorsa avukatl\u0131k yapabilir&#8221; s\u00f6zlerini k\u0131nad\u0131\u011f\u0131n\u0131 a\u00e7\u0131klayan Antalya Barosu a\u00e7\u0131klamas\u0131nda, \u201cBir g\u00fcn herkesin avukata ihtiya\u00e7 duyaca\u011f\u0131n\u0131 hat\u0131rlatmak istiyoruz\u201d ifadelerine yer verildi.\u00a0 AVUKATIN \u0130T\u0130BARINI ZEDELEMEKTE \u00d6zel\u2019in avukata ve avukatl\u0131k mesle\u011fine kar\u015f\u0131 haks\u0131z s\u00f6ylemler bulundu\u011funu belirten Baro, \u201cKutsal hak savunuculu\u011fu mesle\u011fini yurdun her k\u00f6\u015fesinde fedakarca yerine getiren avukatlar hukuk devleti ilkesinin temel teminat\u0131d\u0131r. Avukata ve avukatl\u0131k mesle\u011fine y\u00f6nelik amac\u0131n\u0131 a\u015fan haks\u0131z s\u00f6ylemler, toplum nezdinde avukat\u0131n itibar\u0131n\u0131 zedelemekte, avukatlar\u0131n hukuk devletinin tesisi ve vatanda\u015f\u0131n adalet duygusunu tatmin eden bir yarg\u0131 hizmeti almas\u0131na y\u00f6nelik \u00e7abas\u0131n\u0131 yok saymaktad\u0131r. Toplumu temsil edenlerin, adalet tesisi i\u00e7in fedakarca m\u00fccadele eden bir meslek grubunun ruhunu anlamaya ve bu ruhu y\u00fccelten bir dil kullanmas\u0131 gerekti\u011fine inan\u0131yoruz. Bu ba\u011flamda siyaset\u00e7ileri ve kitle temsilcilerini mesle\u011fimize y\u00f6nelik ifadelerinde dikkatli ve \u00f6zenli olmaya, avukatl\u0131k mesle\u011fine y\u00f6nelik ifadelerini g\u00f6zden ge\u00e7irmeye ve sorumluluk bilinciyle hareket etmesine davet ediyoruz\u201d a\u00e7\u0131klamas\u0131nda bulundu.\u00a0 YARDIMCI B\u0130R MESLEK KOLUYMU\u015e G\u0130B\u0130 LANSE ED\u0130LM\u0130\u015eT\u0130R\u00a0 Avukatl\u0131k mesle\u011finin ba\u011f\u0131ms\u0131z yarg\u0131y\u0131 olu\u015fturan \u00fc\u00e7 ana erkten biri oldu\u011funa dikkat \u00e7eken Antalya Barosu a\u00e7\u0131klamas\u0131nda, \u201c\u015eu husus unutulmamal\u0131d\u0131r ki savc\u0131, avukat ve yarg\u0131\u00e7 Anayasa\u2019da bahsedilen ba\u011f\u0131ms\u0131z yarg\u0131y\u0131 birlikte olu\u015fturur. Avukatl\u0131k &hellip;","og_url":"https:\/\/denizcankizil.tr\/de\/haberler\/gundem\/antalya-barosu-ozgur-ozelden-ozur-bekliyor\/","og_site_name":"Av. Deniz Can K\u0131z\u0131l","article_published_time":"2024-12-02T12:41:48+00:00","twitter_card":"summary_large_image","twitter_misc":{"Gesch\u00e4tzte Lesezeit":"3\u00a0Minuten"},"schema":{"@context":"https:\/\/schema.org","@graph":[{"@type":"Article","@id":"https:\/\/denizcankizil.tr\/uk\/haberler\/gundem\/antalya-barosu-ozgur-ozelden-ozur-bekliyor\/#article","isPartOf":{"@id":"https:\/\/denizcankizil.tr\/uk\/haberler\/gundem\/antalya-barosu-ozgur-ozelden-ozur-bekliyor\/"},"author":{"name":"","@id":""},"headline":"Antalya Barosu, \u00d6zg\u00fcr \u00d6zel\u2019den \u00f6z\u00fcr bekliyor","datePublished":"2024-12-02T12:41:48+00:00","mainEntityOfPage":{"@id":"https:\/\/denizcankizil.tr\/uk\/haberler\/gundem\/antalya-barosu-ozgur-ozelden-ozur-bekliyor\/"},"wordCount":527,"commentCount":0,"publisher":{"@id":"https:\/\/denizcankizil.tr\/de\/#organization"},"articleSection":["G\u00fcndem","Uncategorized"],"inLanguage":"de","potentialAction":[{"@type":"CommentAction","name":"Comment","target":["https:\/\/denizcankizil.tr\/uk\/haberler\/gundem\/antalya-barosu-ozgur-ozelden-ozur-bekliyor\/#respond"]}]},{"@type":"WebPage","@id":"https:\/\/denizcankizil.tr\/uk\/haberler\/gundem\/antalya-barosu-ozgur-ozelden-ozur-bekliyor\/","url":"https:\/\/denizcankizil.tr\/uk\/haberler\/gundem\/antalya-barosu-ozgur-ozelden-ozur-bekliyor\/","name":"Antalya Barosu, \u00d6zg\u00fcr \u00d6zel\u2019den \u00f6z\u00fcr bekliyor - Av. Deniz Can K\u0131z\u0131l","isPartOf":{"@id":"https:\/\/denizcankizil.tr\/de\/#website"},"datePublished":"2024-12-02T12:41:48+00:00","breadcrumb":{"@id":"https:\/\/denizcankizil.tr\/uk\/haberler\/gundem\/antalya-barosu-ozgur-ozelden-ozur-bekliyor\/#breadcrumb"},"inLanguage":"de","potentialAction":[{"@type":"ReadAction","target":["https:\/\/denizcankizil.tr\/uk\/haberler\/gundem\/antalya-barosu-ozgur-ozelden-ozur-bekliyor\/"]}]},{"@type":"BreadcrumbList","@id":"https:\/\/denizcankizil.tr\/uk\/haberler\/gundem\/antalya-barosu-ozgur-ozelden-ozur-bekliyor\/#breadcrumb","itemListElement":[{"@type":"ListItem","position":1,"name":"Home","item":"https:\/\/denizcankizil.tr\/de\/"},{"@type":"ListItem","position":2,"name":"Antalya Barosu, \u00d6zg\u00fcr \u00d6zel\u2019den \u00f6z\u00fcr bekliyor"}]},{"@type":"WebSite","@id":"https:\/\/denizcankizil.tr\/de\/#website","url":"https:\/\/denizcankizil.tr\/de\/","name":"Av. Deniz Can K\u0131z\u0131l","description":"Avukat Deniz Can K\u0131z\u0131l Antalya Barosu","publisher":{"@id":"https:\/\/denizcankizil.tr\/de\/#organization"},"potentialAction":[{"@type":"SearchAction","target":{"@type":"EntryPoint","urlTemplate":"https:\/\/denizcankizil.tr\/de\/?s={search_term_string}"},"query-input":{"@type":"PropertyValueSpecification","valueRequired":true,"valueName":"search_term_string"}}],"inLanguage":"de"},{"@type":"Organization","@id":"https:\/\/denizcankizil.tr\/de\/#organization","name":"Av. Deniz Can K\u0131z\u0131l","url":"https:\/\/denizcankizil.tr\/de\/","logo":{"@type":"ImageObject","inLanguage":"de","@id":"https:\/\/denizcankizil.tr\/de\/#\/schema\/logo\/image\/","url":"http:\/\/denizcankizil.tr\/wp-content\/uploads\/2024\/10\/siyah-logo-svg.svg","contentUrl":"http:\/\/denizcankizil.tr\/wp-content\/uploads\/2024\/10\/siyah-logo-svg.svg","width":1080,"height":1080,"caption":"Av. Deniz Can K\u0131z\u0131l"},"image":{"@id":"https:\/\/denizcankizil.tr\/de\/#\/schema\/logo\/image\/"}}]}},"_links":{"self":[{"href":"http:\/\/denizcankizil.tr\/de\/wp-json\/wp\/v2\/posts\/18748","targetHints":{"allow":["GET"]}}],"collection":[{"href":"http:\/\/denizcankizil.tr\/de\/wp-json\/wp\/v2\/posts"}],"about":[{"href":"http:\/\/denizcankizil.tr\/de\/wp-json\/wp\/v2\/types\/post"}],"replies":[{"embeddable":true,"href":"http:\/\/denizcankizil.tr\/de\/wp-json\/wp\/v2\/comments?post=18748"}],"version-history":[{"count":0,"href":"http:\/\/denizcankizil.tr\/de\/wp-json\/wp\/v2\/posts\/18748\/revisions"}],"wp:attachment":[{"href":"http:\/\/denizcankizil.tr\/de\/wp-json\/wp\/v2\/media?parent=18748"}],"wp:term":[{"taxonomy":"category","embeddable":true,"href":"http:\/\/denizcankizil.tr\/de\/wp-json\/wp\/v2\/categories?post=18748"},{"taxonomy":"post_tag","embeddable":true,"href":"http:\/\/denizcankizil.tr\/de\/wp-json\/wp\/v2\/tags?post=18748"}],"curies":[{"name":"wp","href":"https:\/\/api.w.org\/{rel}","templated":true}]}}