{"id":18699,"date":"2024-12-02T10:42:06","date_gmt":"2024-12-02T07:42:06","guid":{"rendered":"https:\/\/denizcankizil.tr\/uncategorized-tr\/yurt-ve-ogrenci-desteklerine-iletisimden-aciklaam\/"},"modified":"2024-12-02T10:42:06","modified_gmt":"2024-12-02T07:42:06","slug":"yurt-ve-ogrenci-desteklerine-iletisimden-aciklaam","status":"publish","type":"post","link":"http:\/\/denizcankizil.tr\/de\/haberler\/gundem\/yurt-ve-ogrenci-desteklerine-iletisimden-aciklaam\/","title":{"rendered":"Yurt ve \u00f6\u011frenci desteklerine \u0130leti\u015fim&#8217;den a\u00e7\u0131klaam"},"content":{"rendered":"<p>Son zamanlarda \u00f6\u011frenci yurtlar\u0131 ve yurtlarda kalan \u00f6\u011frencilere verilen desteklerle ilgili kamuoyunu manip\u00fcle etme maksatl\u0131 iddialar\u0131n ortaya at\u0131lmas\u0131 \u00fczerine \u0130leti\u015fim Ba\u015fkanl\u011f\u0131&#8217;ndan a\u00e7\u0131klama yap\u0131ld\u0131. \u00d6\u011frencilerin sabah kahvalt\u0131s\u0131 ve ak\u015fam yeme\u011finin \u00fccretsiz kar\u015f\u0131land\u0131\u011f\u0131 belirtildi.ANKARA (\u0130GFA) &#8211; \u00d6\u011frenci yurtlar\u0131 ve yurtlarda kalan \u00f6\u011frencilere verilen desteklerle ilgili iddialara dair a\u00e7\u0131klama \u0130leti\u015fim Ba\u015fkanl\u0131\u011f\u0131&#8217;ndan geldi.<br \/>\nDezenformasyonla M\u00fccadele Merkezi taraf\u0131ndan yap\u0131lan a\u00e7\u0131klamada, Gen\u00e7lik ve Spor Bakanl\u0131\u011f\u0131&#8217;n\u0131n \u00f6nemli g\u00f6revlerinden biri gen\u00e7lere yurt hizmeti verdi\u011finin alt\u0131n\u0131 \u00e7izilirken, &#8220;\u00dclkemizde 2002&#8217;de 182 bin 258 yatak kapasiteli 190 yurt bulunuyorken; bug\u00fcn 993 bin 720 yatak kapasiteli 862 \u00f6\u011frenci yurdu bulunmaktad\u0131r. Gen\u00e7lik ve Spor Bakanl\u0131\u011f\u0131, 2024-2025 e\u011fitim \u00f6\u011fretim d\u00f6nemi i\u00e7in yurt ba\u015fvurusunda bulunan her 100 \u00f6\u011frenciden 98\u2019ini yurtlara yerle\u015ftirmi\u015ftir. \u00d6\u011frencilerin sabah kahvalt\u0131s\u0131 ve ak\u015fam yeme\u011fi \u00fccretsiz olarak kar\u015f\u0131lanmaktad\u0131r&#8221; denildi.<br \/>\nGen\u00e7lik ve Spor Bakanl\u0131\u011f\u0131 yurtlar\u0131nda bar\u0131nan ve ba\u015fvuru yapan \u00f6\u011frencilere bu y\u0131l yakla\u015f\u0131k 20 milyar TL \u00f6\u011frenim kredisi ve 15 milyar TL de burs \u00f6demesi yap\u0131ld\u0131\u011f\u0131 belirtilen a\u00e7\u0131klamada, &#8220;\u00d6\u011frenim kredisi geri \u00f6demeleri, herhangi bir enflasyon fark\u0131 veya faiz uygulamas\u0131 olmaks\u0131z\u0131n, sadece al\u0131nan kredi \u00fczerinden yap\u0131lmaktad\u0131r. Bakanl\u0131k, \u00f6\u011frencilere burs\/kredi \u00f6demesinin yan\u0131nda beslenme yard\u0131m\u0131 da yaparak b\u00fct\u00e7elerine katk\u0131da bulunmaktad\u0131r. Yurti\u00e7indeki yurtlarda bar\u0131nan \u00f6\u011frencilere; sabah kahvalt\u0131s\u0131 i\u00e7in 55 TL, ak\u015fam yeme\u011fi i\u00e7in 110 TL olmak \u00fczere toplam 165 TL, KKTC&#8217;deki yurtlarda bar\u0131nan \u00f6\u011frencilere; sabah kahvalt\u0131s\u0131 i\u00e7in 60 TL, ak\u015fam yeme\u011fi i\u00e7in 115 TL olmak \u00fczere toplam 175 TL beslenme yard\u0131m\u0131 verilmektedir. Kamuoyunu manip\u00fcle etmeye y\u00f6nelik as\u0131ls\u0131z iddialara itibar etmeyiniz&#8221; ifadeleri yer ald\u0131.<\/p>\n<p>\u200bSon zamanlarda \u00f6\u011frenci yurtlar\u0131 ve yurtlarda kalan \u00f6\u011frencilere verilen desteklerle ilgili kamuoyunu manip\u00fcle etme maksatl\u0131 iddialar\u0131n ortaya at\u0131lmas\u0131 \u00fczerine \u0130leti\u015fim Ba\u015fkanl\u011f\u0131&#8217;ndan a\u00e7\u0131klama yap\u0131ld\u0131  \u00d6\u011frencilerin sabah kahvalt\u0131s\u0131 ve ak\u015fam yeme\u011finin \u00fccretsiz kar\u015f\u0131land\u0131\u011f\u0131 belirtildi\u00a0<\/p>\n<p>\u200bHaberin Al\u0131nt\u0131land\u0131\u011f\u0131 Kaynak: www.iskenderun.org<\/p>","protected":false},"excerpt":{"rendered":"<p>Son zamanlarda \u00f6\u011frenci yurtlar\u0131 ve yurtlarda kalan \u00f6\u011frencilere verilen desteklerle ilgili kamuoyunu manip\u00fcle etme maksatl\u0131 iddialar\u0131n ortaya at\u0131lmas\u0131 \u00fczerine \u0130leti\u015fim Ba\u015fkanl\u011f\u0131&#8217;ndan a\u00e7\u0131klama yap\u0131ld\u0131. \u00d6\u011frencilerin sabah kahvalt\u0131s\u0131 ve ak\u015fam yeme\u011finin \u00fccretsiz kar\u015f\u0131land\u0131\u011f\u0131 belirtildi.ANKARA (\u0130GFA) &#8211; \u00d6\u011frenci yurtlar\u0131 ve yurtlarda kalan \u00f6\u011frencilere verilen desteklerle ilgili iddialara dair a\u00e7\u0131klama \u0130leti\u015fim Ba\u015fkanl\u0131\u011f\u0131&#8217;ndan geldi. Dezenformasyonla M\u00fccadele Merkezi taraf\u0131ndan yap\u0131lan a\u00e7\u0131klamada, Gen\u00e7lik ve Spor Bakanl\u0131\u011f\u0131&#8217;n\u0131n \u00f6nemli g\u00f6revlerinden biri gen\u00e7lere yurt hizmeti verdi\u011finin alt\u0131n\u0131 \u00e7izilirken, &#8220;\u00dclkemizde 2002&#8217;de 182 bin 258 yatak kapasiteli 190 yurt bulunuyorken; bug\u00fcn 993 bin 720 yatak kapasiteli 862 \u00f6\u011frenci yurdu bulunmaktad\u0131r. Gen\u00e7lik ve Spor Bakanl\u0131\u011f\u0131, 2024-2025 e\u011fitim \u00f6\u011fretim d\u00f6nemi i\u00e7in yurt ba\u015fvurusunda bulunan her 100 \u00f6\u011frenciden 98\u2019ini yurtlara yerle\u015ftirmi\u015ftir. \u00d6\u011frencilerin sabah kahvalt\u0131s\u0131 ve ak\u015fam yeme\u011fi \u00fccretsiz olarak kar\u015f\u0131lanmaktad\u0131r&#8221; denildi. Gen\u00e7lik ve Spor Bakanl\u0131\u011f\u0131 yurtlar\u0131nda bar\u0131nan ve ba\u015fvuru yapan \u00f6\u011frencilere bu y\u0131l yakla\u015f\u0131k 20 milyar TL \u00f6\u011frenim kredisi ve 15 milyar TL de burs \u00f6demesi yap\u0131ld\u0131\u011f\u0131 belirtilen a\u00e7\u0131klamada, &#8220;\u00d6\u011frenim kredisi geri \u00f6demeleri, herhangi bir enflasyon fark\u0131 veya faiz uygulamas\u0131 olmaks\u0131z\u0131n, sadece al\u0131nan kredi \u00fczerinden yap\u0131lmaktad\u0131r. Bakanl\u0131k, \u00f6\u011frencilere burs\/kredi \u00f6demesinin yan\u0131nda beslenme yard\u0131m\u0131 da yaparak b\u00fct\u00e7elerine katk\u0131da bulunmaktad\u0131r. Yurti\u00e7indeki yurtlarda bar\u0131nan \u00f6\u011frencilere; sabah kahvalt\u0131s\u0131 i\u00e7in 55 TL, ak\u015fam yeme\u011fi i\u00e7in 110 TL olmak \u00fczere toplam 165 TL, KKTC&#8217;deki yurtlarda bar\u0131nan \u00f6\u011frencilere; sabah kahvalt\u0131s\u0131 i\u00e7in 60 &hellip;<\/p>","protected":false},"author":0,"featured_media":0,"comment_status":"open","ping_status":"open","sticky":false,"template":"","format":"standard","meta":{"_acf_changed":false,"footnotes":""},"categories":[24,535],"tags":[],"class_list":["post-18699","post","type-post","status-publish","format-standard","has-post-thumbnail","hentry","category-gundem","category-uncategorized-tr"],"acf":[],"yoast_head":"<!-- This site is optimized with the Yoast SEO Premium plugin v26.6 (Yoast SEO v27.1.1) - https:\/\/yoast.com\/product\/yoast-seo-premium-wordpress\/ -->\n<title>Yurt ve \u00f6\u011frenci desteklerine \u0130leti\u015fim&#039;den a\u00e7\u0131klaam - Av. Deniz Can K\u0131z\u0131l<\/title>\n<meta name=\"robots\" content=\"index, follow, max-snippet:-1, max-image-preview:large, max-video-preview:-1\" \/>\n<link rel=\"canonical\" href=\"https:\/\/denizcankizil.tr\/de\/haberler\/gundem\/yurt-ve-ogrenci-desteklerine-iletisimden-aciklaam\/\" \/>\n<meta property=\"og:locale\" content=\"de_DE\" \/>\n<meta property=\"og:type\" content=\"article\" \/>\n<meta property=\"og:title\" content=\"Yurt ve \u00f6\u011frenci desteklerine \u0130leti\u015fim&#039;den a\u00e7\u0131klaam\" \/>\n<meta property=\"og:description\" content=\"Son zamanlarda \u00f6\u011frenci yurtlar\u0131 ve yurtlarda kalan \u00f6\u011frencilere verilen desteklerle ilgili kamuoyunu manip\u00fcle etme maksatl\u0131 iddialar\u0131n ortaya at\u0131lmas\u0131 \u00fczerine \u0130leti\u015fim Ba\u015fkanl\u011f\u0131&#8217;ndan a\u00e7\u0131klama yap\u0131ld\u0131. \u00d6\u011frencilerin sabah kahvalt\u0131s\u0131 ve ak\u015fam yeme\u011finin \u00fccretsiz kar\u015f\u0131land\u0131\u011f\u0131 belirtildi.ANKARA (\u0130GFA) &#8211; \u00d6\u011frenci yurtlar\u0131 ve yurtlarda kalan \u00f6\u011frencilere verilen desteklerle ilgili iddialara dair a\u00e7\u0131klama \u0130leti\u015fim Ba\u015fkanl\u0131\u011f\u0131&#8217;ndan geldi. Dezenformasyonla M\u00fccadele Merkezi taraf\u0131ndan yap\u0131lan a\u00e7\u0131klamada, Gen\u00e7lik ve Spor Bakanl\u0131\u011f\u0131&#8217;n\u0131n \u00f6nemli g\u00f6revlerinden biri gen\u00e7lere yurt hizmeti verdi\u011finin alt\u0131n\u0131 \u00e7izilirken, &#8220;\u00dclkemizde 2002&#8217;de 182 bin 258 yatak kapasiteli 190 yurt bulunuyorken; bug\u00fcn 993 bin 720 yatak kapasiteli 862 \u00f6\u011frenci yurdu bulunmaktad\u0131r. Gen\u00e7lik ve Spor Bakanl\u0131\u011f\u0131, 2024-2025 e\u011fitim \u00f6\u011fretim d\u00f6nemi i\u00e7in yurt ba\u015fvurusunda bulunan her 100 \u00f6\u011frenciden 98\u2019ini yurtlara yerle\u015ftirmi\u015ftir. \u00d6\u011frencilerin sabah kahvalt\u0131s\u0131 ve ak\u015fam yeme\u011fi \u00fccretsiz olarak kar\u015f\u0131lanmaktad\u0131r&#8221; denildi. Gen\u00e7lik ve Spor Bakanl\u0131\u011f\u0131 yurtlar\u0131nda bar\u0131nan ve ba\u015fvuru yapan \u00f6\u011frencilere bu y\u0131l yakla\u015f\u0131k 20 milyar TL \u00f6\u011frenim kredisi ve 15 milyar TL de burs \u00f6demesi yap\u0131ld\u0131\u011f\u0131 belirtilen a\u00e7\u0131klamada, &#8220;\u00d6\u011frenim kredisi geri \u00f6demeleri, herhangi bir enflasyon fark\u0131 veya faiz uygulamas\u0131 olmaks\u0131z\u0131n, sadece al\u0131nan kredi \u00fczerinden yap\u0131lmaktad\u0131r. Bakanl\u0131k, \u00f6\u011frencilere burs\/kredi \u00f6demesinin yan\u0131nda beslenme yard\u0131m\u0131 da yaparak b\u00fct\u00e7elerine katk\u0131da bulunmaktad\u0131r. Yurti\u00e7indeki yurtlarda bar\u0131nan \u00f6\u011frencilere; sabah kahvalt\u0131s\u0131 i\u00e7in 55 TL, ak\u015fam yeme\u011fi i\u00e7in 110 TL olmak \u00fczere toplam 165 TL, KKTC&#8217;deki yurtlarda bar\u0131nan \u00f6\u011frencilere; sabah kahvalt\u0131s\u0131 i\u00e7in 60 &hellip;\" \/>\n<meta property=\"og:url\" content=\"https:\/\/denizcankizil.tr\/de\/haberler\/gundem\/yurt-ve-ogrenci-desteklerine-iletisimden-aciklaam\/\" \/>\n<meta property=\"og:site_name\" content=\"Av. Deniz Can K\u0131z\u0131l\" \/>\n<meta property=\"article:published_time\" content=\"2024-12-02T07:42:06+00:00\" \/>\n<meta name=\"twitter:card\" content=\"summary_large_image\" \/>\n<meta name=\"twitter:label1\" content=\"Gesch\u00e4tzte Lesezeit\" \/>\n\t<meta name=\"twitter:data1\" content=\"2\u00a0Minuten\" \/>\n<script type=\"application\/ld+json\" class=\"yoast-schema-graph\">{\"@context\":\"https:\/\/schema.org\",\"@graph\":[{\"@type\":\"Article\",\"@id\":\"https:\/\/denizcankizil.tr\/ru\/haberler\/gundem\/yurt-ve-ogrenci-desteklerine-iletisimden-aciklaam\/#article\",\"isPartOf\":{\"@id\":\"https:\/\/denizcankizil.tr\/ru\/haberler\/gundem\/yurt-ve-ogrenci-desteklerine-iletisimden-aciklaam\/\"},\"author\":{\"name\":\"\",\"@id\":\"\"},\"headline\":\"Yurt ve \u00f6\u011frenci desteklerine \u0130leti\u015fim&#8217;den a\u00e7\u0131klaam\",\"datePublished\":\"2024-12-02T07:42:06+00:00\",\"mainEntityOfPage\":{\"@id\":\"https:\/\/denizcankizil.tr\/ru\/haberler\/gundem\/yurt-ve-ogrenci-desteklerine-iletisimden-aciklaam\/\"},\"wordCount\":353,\"commentCount\":0,\"publisher\":{\"@id\":\"https:\/\/denizcankizil.tr\/de\/#organization\"},\"articleSection\":[\"G\u00fcndem\",\"Uncategorized\"],\"inLanguage\":\"de\",\"potentialAction\":[{\"@type\":\"CommentAction\",\"name\":\"Comment\",\"target\":[\"https:\/\/denizcankizil.tr\/ru\/haberler\/gundem\/yurt-ve-ogrenci-desteklerine-iletisimden-aciklaam\/#respond\"]}]},{\"@type\":\"WebPage\",\"@id\":\"https:\/\/denizcankizil.tr\/ru\/haberler\/gundem\/yurt-ve-ogrenci-desteklerine-iletisimden-aciklaam\/\",\"url\":\"https:\/\/denizcankizil.tr\/ru\/haberler\/gundem\/yurt-ve-ogrenci-desteklerine-iletisimden-aciklaam\/\",\"name\":\"Yurt ve \u00f6\u011frenci desteklerine \u0130leti\u015fim'den a\u00e7\u0131klaam - Av. Deniz Can K\u0131z\u0131l\",\"isPartOf\":{\"@id\":\"https:\/\/denizcankizil.tr\/de\/#website\"},\"datePublished\":\"2024-12-02T07:42:06+00:00\",\"breadcrumb\":{\"@id\":\"https:\/\/denizcankizil.tr\/ru\/haberler\/gundem\/yurt-ve-ogrenci-desteklerine-iletisimden-aciklaam\/#breadcrumb\"},\"inLanguage\":\"de\",\"potentialAction\":[{\"@type\":\"ReadAction\",\"target\":[\"https:\/\/denizcankizil.tr\/ru\/haberler\/gundem\/yurt-ve-ogrenci-desteklerine-iletisimden-aciklaam\/\"]}]},{\"@type\":\"BreadcrumbList\",\"@id\":\"https:\/\/denizcankizil.tr\/ru\/haberler\/gundem\/yurt-ve-ogrenci-desteklerine-iletisimden-aciklaam\/#breadcrumb\",\"itemListElement\":[{\"@type\":\"ListItem\",\"position\":1,\"name\":\"Home\",\"item\":\"https:\/\/denizcankizil.tr\/de\/\"},{\"@type\":\"ListItem\",\"position\":2,\"name\":\"Yurt ve \u00f6\u011frenci desteklerine \u0130leti\u015fim&#8217;den a\u00e7\u0131klaam\"}]},{\"@type\":\"WebSite\",\"@id\":\"https:\/\/denizcankizil.tr\/de\/#website\",\"url\":\"https:\/\/denizcankizil.tr\/de\/\",\"name\":\"Av. Deniz Can K\u0131z\u0131l\",\"description\":\"Avukat Deniz Can K\u0131z\u0131l Antalya Barosu\",\"publisher\":{\"@id\":\"https:\/\/denizcankizil.tr\/de\/#organization\"},\"potentialAction\":[{\"@type\":\"SearchAction\",\"target\":{\"@type\":\"EntryPoint\",\"urlTemplate\":\"https:\/\/denizcankizil.tr\/de\/?s={search_term_string}\"},\"query-input\":{\"@type\":\"PropertyValueSpecification\",\"valueRequired\":true,\"valueName\":\"search_term_string\"}}],\"inLanguage\":\"de\"},{\"@type\":\"Organization\",\"@id\":\"https:\/\/denizcankizil.tr\/de\/#organization\",\"name\":\"Av. Deniz Can K\u0131z\u0131l\",\"url\":\"https:\/\/denizcankizil.tr\/de\/\",\"logo\":{\"@type\":\"ImageObject\",\"inLanguage\":\"de\",\"@id\":\"https:\/\/denizcankizil.tr\/de\/#\/schema\/logo\/image\/\",\"url\":\"http:\/\/denizcankizil.tr\/wp-content\/uploads\/2024\/10\/siyah-logo-svg.svg\",\"contentUrl\":\"http:\/\/denizcankizil.tr\/wp-content\/uploads\/2024\/10\/siyah-logo-svg.svg\",\"width\":1080,\"height\":1080,\"caption\":\"Av. Deniz Can K\u0131z\u0131l\"},\"image\":{\"@id\":\"https:\/\/denizcankizil.tr\/de\/#\/schema\/logo\/image\/\"}}]}<\/script>\n<!-- \/ Yoast SEO Premium plugin. -->","yoast_head_json":{"title":"Yurt ve \u00f6\u011frenci desteklerine \u0130leti\u015fim'den a\u00e7\u0131klaam - Av. Deniz Can K\u0131z\u0131l","robots":{"index":"index","follow":"follow","max-snippet":"max-snippet:-1","max-image-preview":"max-image-preview:large","max-video-preview":"max-video-preview:-1"},"canonical":"https:\/\/denizcankizil.tr\/de\/haberler\/gundem\/yurt-ve-ogrenci-desteklerine-iletisimden-aciklaam\/","og_locale":"de_DE","og_type":"article","og_title":"Yurt ve \u00f6\u011frenci desteklerine \u0130leti\u015fim'den a\u00e7\u0131klaam","og_description":"Son zamanlarda \u00f6\u011frenci yurtlar\u0131 ve yurtlarda kalan \u00f6\u011frencilere verilen desteklerle ilgili kamuoyunu manip\u00fcle etme maksatl\u0131 iddialar\u0131n ortaya at\u0131lmas\u0131 \u00fczerine \u0130leti\u015fim Ba\u015fkanl\u011f\u0131&#8217;ndan a\u00e7\u0131klama yap\u0131ld\u0131. \u00d6\u011frencilerin sabah kahvalt\u0131s\u0131 ve ak\u015fam yeme\u011finin \u00fccretsiz kar\u015f\u0131land\u0131\u011f\u0131 belirtildi.ANKARA (\u0130GFA) &#8211; \u00d6\u011frenci yurtlar\u0131 ve yurtlarda kalan \u00f6\u011frencilere verilen desteklerle ilgili iddialara dair a\u00e7\u0131klama \u0130leti\u015fim Ba\u015fkanl\u0131\u011f\u0131&#8217;ndan geldi. Dezenformasyonla M\u00fccadele Merkezi taraf\u0131ndan yap\u0131lan a\u00e7\u0131klamada, Gen\u00e7lik ve Spor Bakanl\u0131\u011f\u0131&#8217;n\u0131n \u00f6nemli g\u00f6revlerinden biri gen\u00e7lere yurt hizmeti verdi\u011finin alt\u0131n\u0131 \u00e7izilirken, &#8220;\u00dclkemizde 2002&#8217;de 182 bin 258 yatak kapasiteli 190 yurt bulunuyorken; bug\u00fcn 993 bin 720 yatak kapasiteli 862 \u00f6\u011frenci yurdu bulunmaktad\u0131r. Gen\u00e7lik ve Spor Bakanl\u0131\u011f\u0131, 2024-2025 e\u011fitim \u00f6\u011fretim d\u00f6nemi i\u00e7in yurt ba\u015fvurusunda bulunan her 100 \u00f6\u011frenciden 98\u2019ini yurtlara yerle\u015ftirmi\u015ftir. \u00d6\u011frencilerin sabah kahvalt\u0131s\u0131 ve ak\u015fam yeme\u011fi \u00fccretsiz olarak kar\u015f\u0131lanmaktad\u0131r&#8221; denildi. Gen\u00e7lik ve Spor Bakanl\u0131\u011f\u0131 yurtlar\u0131nda bar\u0131nan ve ba\u015fvuru yapan \u00f6\u011frencilere bu y\u0131l yakla\u015f\u0131k 20 milyar TL \u00f6\u011frenim kredisi ve 15 milyar TL de burs \u00f6demesi yap\u0131ld\u0131\u011f\u0131 belirtilen a\u00e7\u0131klamada, &#8220;\u00d6\u011frenim kredisi geri \u00f6demeleri, herhangi bir enflasyon fark\u0131 veya faiz uygulamas\u0131 olmaks\u0131z\u0131n, sadece al\u0131nan kredi \u00fczerinden yap\u0131lmaktad\u0131r. Bakanl\u0131k, \u00f6\u011frencilere burs\/kredi \u00f6demesinin yan\u0131nda beslenme yard\u0131m\u0131 da yaparak b\u00fct\u00e7elerine katk\u0131da bulunmaktad\u0131r. Yurti\u00e7indeki yurtlarda bar\u0131nan \u00f6\u011frencilere; sabah kahvalt\u0131s\u0131 i\u00e7in 55 TL, ak\u015fam yeme\u011fi i\u00e7in 110 TL olmak \u00fczere toplam 165 TL, KKTC&#8217;deki yurtlarda bar\u0131nan \u00f6\u011frencilere; sabah kahvalt\u0131s\u0131 i\u00e7in 60 &hellip;","og_url":"https:\/\/denizcankizil.tr\/de\/haberler\/gundem\/yurt-ve-ogrenci-desteklerine-iletisimden-aciklaam\/","og_site_name":"Av. Deniz Can K\u0131z\u0131l","article_published_time":"2024-12-02T07:42:06+00:00","twitter_card":"summary_large_image","twitter_misc":{"Gesch\u00e4tzte Lesezeit":"2\u00a0Minuten"},"schema":{"@context":"https:\/\/schema.org","@graph":[{"@type":"Article","@id":"https:\/\/denizcankizil.tr\/ru\/haberler\/gundem\/yurt-ve-ogrenci-desteklerine-iletisimden-aciklaam\/#article","isPartOf":{"@id":"https:\/\/denizcankizil.tr\/ru\/haberler\/gundem\/yurt-ve-ogrenci-desteklerine-iletisimden-aciklaam\/"},"author":{"name":"","@id":""},"headline":"Yurt ve \u00f6\u011frenci desteklerine \u0130leti\u015fim&#8217;den a\u00e7\u0131klaam","datePublished":"2024-12-02T07:42:06+00:00","mainEntityOfPage":{"@id":"https:\/\/denizcankizil.tr\/ru\/haberler\/gundem\/yurt-ve-ogrenci-desteklerine-iletisimden-aciklaam\/"},"wordCount":353,"commentCount":0,"publisher":{"@id":"https:\/\/denizcankizil.tr\/de\/#organization"},"articleSection":["G\u00fcndem","Uncategorized"],"inLanguage":"de","potentialAction":[{"@type":"CommentAction","name":"Comment","target":["https:\/\/denizcankizil.tr\/ru\/haberler\/gundem\/yurt-ve-ogrenci-desteklerine-iletisimden-aciklaam\/#respond"]}]},{"@type":"WebPage","@id":"https:\/\/denizcankizil.tr\/ru\/haberler\/gundem\/yurt-ve-ogrenci-desteklerine-iletisimden-aciklaam\/","url":"https:\/\/denizcankizil.tr\/ru\/haberler\/gundem\/yurt-ve-ogrenci-desteklerine-iletisimden-aciklaam\/","name":"Yurt ve \u00f6\u011frenci desteklerine \u0130leti\u015fim'den a\u00e7\u0131klaam - Av. Deniz Can K\u0131z\u0131l","isPartOf":{"@id":"https:\/\/denizcankizil.tr\/de\/#website"},"datePublished":"2024-12-02T07:42:06+00:00","breadcrumb":{"@id":"https:\/\/denizcankizil.tr\/ru\/haberler\/gundem\/yurt-ve-ogrenci-desteklerine-iletisimden-aciklaam\/#breadcrumb"},"inLanguage":"de","potentialAction":[{"@type":"ReadAction","target":["https:\/\/denizcankizil.tr\/ru\/haberler\/gundem\/yurt-ve-ogrenci-desteklerine-iletisimden-aciklaam\/"]}]},{"@type":"BreadcrumbList","@id":"https:\/\/denizcankizil.tr\/ru\/haberler\/gundem\/yurt-ve-ogrenci-desteklerine-iletisimden-aciklaam\/#breadcrumb","itemListElement":[{"@type":"ListItem","position":1,"name":"Home","item":"https:\/\/denizcankizil.tr\/de\/"},{"@type":"ListItem","position":2,"name":"Yurt ve \u00f6\u011frenci desteklerine \u0130leti\u015fim&#8217;den a\u00e7\u0131klaam"}]},{"@type":"WebSite","@id":"https:\/\/denizcankizil.tr\/de\/#website","url":"https:\/\/denizcankizil.tr\/de\/","name":"Av. Deniz Can K\u0131z\u0131l","description":"Avukat Deniz Can K\u0131z\u0131l Antalya Barosu","publisher":{"@id":"https:\/\/denizcankizil.tr\/de\/#organization"},"potentialAction":[{"@type":"SearchAction","target":{"@type":"EntryPoint","urlTemplate":"https:\/\/denizcankizil.tr\/de\/?s={search_term_string}"},"query-input":{"@type":"PropertyValueSpecification","valueRequired":true,"valueName":"search_term_string"}}],"inLanguage":"de"},{"@type":"Organization","@id":"https:\/\/denizcankizil.tr\/de\/#organization","name":"Av. Deniz Can K\u0131z\u0131l","url":"https:\/\/denizcankizil.tr\/de\/","logo":{"@type":"ImageObject","inLanguage":"de","@id":"https:\/\/denizcankizil.tr\/de\/#\/schema\/logo\/image\/","url":"http:\/\/denizcankizil.tr\/wp-content\/uploads\/2024\/10\/siyah-logo-svg.svg","contentUrl":"http:\/\/denizcankizil.tr\/wp-content\/uploads\/2024\/10\/siyah-logo-svg.svg","width":1080,"height":1080,"caption":"Av. Deniz Can K\u0131z\u0131l"},"image":{"@id":"https:\/\/denizcankizil.tr\/de\/#\/schema\/logo\/image\/"}}]}},"_links":{"self":[{"href":"http:\/\/denizcankizil.tr\/de\/wp-json\/wp\/v2\/posts\/18699","targetHints":{"allow":["GET"]}}],"collection":[{"href":"http:\/\/denizcankizil.tr\/de\/wp-json\/wp\/v2\/posts"}],"about":[{"href":"http:\/\/denizcankizil.tr\/de\/wp-json\/wp\/v2\/types\/post"}],"replies":[{"embeddable":true,"href":"http:\/\/denizcankizil.tr\/de\/wp-json\/wp\/v2\/comments?post=18699"}],"version-history":[{"count":0,"href":"http:\/\/denizcankizil.tr\/de\/wp-json\/wp\/v2\/posts\/18699\/revisions"}],"wp:attachment":[{"href":"http:\/\/denizcankizil.tr\/de\/wp-json\/wp\/v2\/media?parent=18699"}],"wp:term":[{"taxonomy":"category","embeddable":true,"href":"http:\/\/denizcankizil.tr\/de\/wp-json\/wp\/v2\/categories?post=18699"},{"taxonomy":"post_tag","embeddable":true,"href":"http:\/\/denizcankizil.tr\/de\/wp-json\/wp\/v2\/tags?post=18699"}],"curies":[{"name":"wp","href":"https:\/\/api.w.org\/{rel}","templated":true}]}}