{"id":18474,"date":"2024-11-30T16:41:45","date_gmt":"2024-11-30T13:41:45","guid":{"rendered":"https:\/\/denizcankizil.tr\/uncategorized-tr\/eshotun-proje-dolu-butcesine-14-yil-sonra-oy-birligi\/"},"modified":"2024-11-30T16:41:45","modified_gmt":"2024-11-30T13:41:45","slug":"eshotun-proje-dolu-butcesine-14-yil-sonra-oy-birligi","status":"publish","type":"post","link":"http:\/\/denizcankizil.tr\/de\/haberler\/gundem\/eshotun-proje-dolu-butcesine-14-yil-sonra-oy-birligi\/","title":{"rendered":"ESHOT\u2019un proje dolu b\u00fct\u00e7esine 14 y\u0131l sonra oy birli\u011fi"},"content":{"rendered":"<p>\u0130zmir B\u00fcy\u00fck\u015fehir Belediyesi ESHOT Genel M\u00fcd\u00fcrl\u00fc\u011f\u00fc\u2019n\u00fcn 2025 y\u0131l\u0131 B\u00fct\u00e7e ve Performans Program\u0131, belediye meclisinde 2010 y\u0131l\u0131ndan sonra ilk defa oy birli\u011fiyle kabul edildi.<\/p>\n<p>\u200b\u0130zmir B\u00fcy\u00fck\u015fehir Belediyesi ESHOT Genel M\u00fcd\u00fcrl\u00fc\u011f\u00fc\u2019n\u00fcn 2025 y\u0131l\u0131 B\u00fct\u00e7e ve Performans Program\u0131, belediye meclisinde 2010 y\u0131l\u0131ndan sonra ilk defa oy birli\u011fiyle kabul edildi.\u00a0<\/p>\n<p>\u200bHaberin Al\u0131nt\u0131land\u0131\u011f\u0131 Kaynak: www.iskenderun.org<\/p>","protected":false},"excerpt":{"rendered":"<p>\u0130zmir B\u00fcy\u00fck\u015fehir Belediyesi ESHOT Genel M\u00fcd\u00fcrl\u00fc\u011f\u00fc\u2019n\u00fcn 2025 y\u0131l\u0131 B\u00fct\u00e7e ve Performans Program\u0131, belediye meclisinde 2010 y\u0131l\u0131ndan sonra ilk defa oy birli\u011fiyle kabul edildi. \u200b\u0130zmir B\u00fcy\u00fck\u015fehir Belediyesi ESHOT Genel M\u00fcd\u00fcrl\u00fc\u011f\u00fc\u2019n\u00fcn 2025 y\u0131l\u0131 B\u00fct\u00e7e ve Performans Program\u0131, belediye meclisinde 2010 y\u0131l\u0131ndan sonra ilk defa oy birli\u011fiyle kabul edildi.\u00a0 \u200bHaberin Al\u0131nt\u0131land\u0131\u011f\u0131 Kaynak: www.iskenderun.org<\/p>","protected":false},"author":0,"featured_media":0,"comment_status":"open","ping_status":"open","sticky":false,"template":"","format":"standard","meta":{"_acf_changed":false,"footnotes":""},"categories":[24,535],"tags":[],"class_list":["post-18474","post","type-post","status-publish","format-standard","has-post-thumbnail","hentry","category-gundem","category-uncategorized-tr"],"acf":[],"yoast_head":"<!-- This site is optimized with the Yoast SEO Premium plugin v26.6 (Yoast SEO v27.1.1) - https:\/\/yoast.com\/product\/yoast-seo-premium-wordpress\/ -->\n<title>ESHOT\u2019un proje dolu b\u00fct\u00e7esine 14 y\u0131l sonra oy birli\u011fi - Av. Deniz Can K\u0131z\u0131l<\/title>\n<meta name=\"robots\" content=\"index, follow, max-snippet:-1, max-image-preview:large, max-video-preview:-1\" \/>\n<link rel=\"canonical\" href=\"https:\/\/denizcankizil.tr\/de\/haberler\/gundem\/eshotun-proje-dolu-butcesine-14-yil-sonra-oy-birligi\/\" \/>\n<meta property=\"og:locale\" content=\"de_DE\" \/>\n<meta property=\"og:type\" content=\"article\" \/>\n<meta property=\"og:title\" content=\"ESHOT\u2019un proje dolu b\u00fct\u00e7esine 14 y\u0131l sonra oy birli\u011fi\" \/>\n<meta property=\"og:description\" content=\"\u0130zmir B\u00fcy\u00fck\u015fehir Belediyesi ESHOT Genel M\u00fcd\u00fcrl\u00fc\u011f\u00fc\u2019n\u00fcn 2025 y\u0131l\u0131 B\u00fct\u00e7e ve Performans Program\u0131, belediye meclisinde 2010 y\u0131l\u0131ndan sonra ilk defa oy birli\u011fiyle kabul edildi. \u200b\u0130zmir B\u00fcy\u00fck\u015fehir Belediyesi ESHOT Genel M\u00fcd\u00fcrl\u00fc\u011f\u00fc\u2019n\u00fcn 2025 y\u0131l\u0131 B\u00fct\u00e7e ve Performans Program\u0131, belediye meclisinde 2010 y\u0131l\u0131ndan sonra ilk defa oy birli\u011fiyle kabul edildi.\u00a0 \u200bHaberin Al\u0131nt\u0131land\u0131\u011f\u0131 Kaynak: www.iskenderun.org\" \/>\n<meta property=\"og:url\" content=\"https:\/\/denizcankizil.tr\/de\/haberler\/gundem\/eshotun-proje-dolu-butcesine-14-yil-sonra-oy-birligi\/\" \/>\n<meta property=\"og:site_name\" content=\"Av. Deniz Can K\u0131z\u0131l\" \/>\n<meta property=\"article:published_time\" content=\"2024-11-30T13:41:45+00:00\" \/>\n<meta name=\"twitter:card\" content=\"summary_large_image\" \/>\n<script type=\"application\/ld+json\" class=\"yoast-schema-graph\">{\"@context\":\"https:\/\/schema.org\",\"@graph\":[{\"@type\":\"Article\",\"@id\":\"https:\/\/denizcankizil.tr\/en\/haberler\/gundem\/eshotun-proje-dolu-butcesine-14-yil-sonra-oy-birligi\/#article\",\"isPartOf\":{\"@id\":\"https:\/\/denizcankizil.tr\/en\/haberler\/gundem\/eshotun-proje-dolu-butcesine-14-yil-sonra-oy-birligi\/\"},\"author\":{\"name\":\"\",\"@id\":\"\"},\"headline\":\"ESHOT\u2019un proje dolu b\u00fct\u00e7esine 14 y\u0131l sonra oy birli\u011fi\",\"datePublished\":\"2024-11-30T13:41:45+00:00\",\"mainEntityOfPage\":{\"@id\":\"https:\/\/denizcankizil.tr\/en\/haberler\/gundem\/eshotun-proje-dolu-butcesine-14-yil-sonra-oy-birligi\/\"},\"wordCount\":89,\"commentCount\":0,\"publisher\":{\"@id\":\"https:\/\/denizcankizil.tr\/de\/#organization\"},\"articleSection\":[\"G\u00fcndem\",\"Uncategorized\"],\"inLanguage\":\"de\",\"potentialAction\":[{\"@type\":\"CommentAction\",\"name\":\"Comment\",\"target\":[\"https:\/\/denizcankizil.tr\/en\/haberler\/gundem\/eshotun-proje-dolu-butcesine-14-yil-sonra-oy-birligi\/#respond\"]}]},{\"@type\":\"WebPage\",\"@id\":\"https:\/\/denizcankizil.tr\/en\/haberler\/gundem\/eshotun-proje-dolu-butcesine-14-yil-sonra-oy-birligi\/\",\"url\":\"https:\/\/denizcankizil.tr\/en\/haberler\/gundem\/eshotun-proje-dolu-butcesine-14-yil-sonra-oy-birligi\/\",\"name\":\"ESHOT\u2019un proje dolu b\u00fct\u00e7esine 14 y\u0131l sonra oy birli\u011fi - Av. Deniz Can K\u0131z\u0131l\",\"isPartOf\":{\"@id\":\"https:\/\/denizcankizil.tr\/de\/#website\"},\"datePublished\":\"2024-11-30T13:41:45+00:00\",\"breadcrumb\":{\"@id\":\"https:\/\/denizcankizil.tr\/en\/haberler\/gundem\/eshotun-proje-dolu-butcesine-14-yil-sonra-oy-birligi\/#breadcrumb\"},\"inLanguage\":\"de\",\"potentialAction\":[{\"@type\":\"ReadAction\",\"target\":[\"https:\/\/denizcankizil.tr\/en\/haberler\/gundem\/eshotun-proje-dolu-butcesine-14-yil-sonra-oy-birligi\/\"]}]},{\"@type\":\"BreadcrumbList\",\"@id\":\"https:\/\/denizcankizil.tr\/en\/haberler\/gundem\/eshotun-proje-dolu-butcesine-14-yil-sonra-oy-birligi\/#breadcrumb\",\"itemListElement\":[{\"@type\":\"ListItem\",\"position\":1,\"name\":\"Home\",\"item\":\"https:\/\/denizcankizil.tr\/de\/\"},{\"@type\":\"ListItem\",\"position\":2,\"name\":\"ESHOT\u2019un proje dolu b\u00fct\u00e7esine 14 y\u0131l sonra oy birli\u011fi\"}]},{\"@type\":\"WebSite\",\"@id\":\"https:\/\/denizcankizil.tr\/de\/#website\",\"url\":\"https:\/\/denizcankizil.tr\/de\/\",\"name\":\"Av. Deniz Can K\u0131z\u0131l\",\"description\":\"Avukat Deniz Can K\u0131z\u0131l Antalya Barosu\",\"publisher\":{\"@id\":\"https:\/\/denizcankizil.tr\/de\/#organization\"},\"potentialAction\":[{\"@type\":\"SearchAction\",\"target\":{\"@type\":\"EntryPoint\",\"urlTemplate\":\"https:\/\/denizcankizil.tr\/de\/?s={search_term_string}\"},\"query-input\":{\"@type\":\"PropertyValueSpecification\",\"valueRequired\":true,\"valueName\":\"search_term_string\"}}],\"inLanguage\":\"de\"},{\"@type\":\"Organization\",\"@id\":\"https:\/\/denizcankizil.tr\/de\/#organization\",\"name\":\"Av. Deniz Can K\u0131z\u0131l\",\"url\":\"https:\/\/denizcankizil.tr\/de\/\",\"logo\":{\"@type\":\"ImageObject\",\"inLanguage\":\"de\",\"@id\":\"https:\/\/denizcankizil.tr\/de\/#\/schema\/logo\/image\/\",\"url\":\"http:\/\/denizcankizil.tr\/wp-content\/uploads\/2024\/10\/siyah-logo-svg.svg\",\"contentUrl\":\"http:\/\/denizcankizil.tr\/wp-content\/uploads\/2024\/10\/siyah-logo-svg.svg\",\"width\":1080,\"height\":1080,\"caption\":\"Av. Deniz Can K\u0131z\u0131l\"},\"image\":{\"@id\":\"https:\/\/denizcankizil.tr\/de\/#\/schema\/logo\/image\/\"}}]}<\/script>\n<!-- \/ Yoast SEO Premium plugin. -->","yoast_head_json":{"title":"ESHOT\u2019un proje dolu b\u00fct\u00e7esine 14 y\u0131l sonra oy birli\u011fi - Av. Deniz Can K\u0131z\u0131l","robots":{"index":"index","follow":"follow","max-snippet":"max-snippet:-1","max-image-preview":"max-image-preview:large","max-video-preview":"max-video-preview:-1"},"canonical":"https:\/\/denizcankizil.tr\/de\/haberler\/gundem\/eshotun-proje-dolu-butcesine-14-yil-sonra-oy-birligi\/","og_locale":"de_DE","og_type":"article","og_title":"ESHOT\u2019un proje dolu b\u00fct\u00e7esine 14 y\u0131l sonra oy birli\u011fi","og_description":"\u0130zmir B\u00fcy\u00fck\u015fehir Belediyesi ESHOT Genel M\u00fcd\u00fcrl\u00fc\u011f\u00fc\u2019n\u00fcn 2025 y\u0131l\u0131 B\u00fct\u00e7e ve Performans Program\u0131, belediye meclisinde 2010 y\u0131l\u0131ndan sonra ilk defa oy birli\u011fiyle kabul edildi. \u200b\u0130zmir B\u00fcy\u00fck\u015fehir Belediyesi ESHOT Genel M\u00fcd\u00fcrl\u00fc\u011f\u00fc\u2019n\u00fcn 2025 y\u0131l\u0131 B\u00fct\u00e7e ve Performans Program\u0131, belediye meclisinde 2010 y\u0131l\u0131ndan sonra ilk defa oy birli\u011fiyle kabul edildi.\u00a0 \u200bHaberin Al\u0131nt\u0131land\u0131\u011f\u0131 Kaynak: www.iskenderun.org","og_url":"https:\/\/denizcankizil.tr\/de\/haberler\/gundem\/eshotun-proje-dolu-butcesine-14-yil-sonra-oy-birligi\/","og_site_name":"Av. Deniz Can K\u0131z\u0131l","article_published_time":"2024-11-30T13:41:45+00:00","twitter_card":"summary_large_image","schema":{"@context":"https:\/\/schema.org","@graph":[{"@type":"Article","@id":"https:\/\/denizcankizil.tr\/en\/haberler\/gundem\/eshotun-proje-dolu-butcesine-14-yil-sonra-oy-birligi\/#article","isPartOf":{"@id":"https:\/\/denizcankizil.tr\/en\/haberler\/gundem\/eshotun-proje-dolu-butcesine-14-yil-sonra-oy-birligi\/"},"author":{"name":"","@id":""},"headline":"ESHOT\u2019un proje dolu b\u00fct\u00e7esine 14 y\u0131l sonra oy birli\u011fi","datePublished":"2024-11-30T13:41:45+00:00","mainEntityOfPage":{"@id":"https:\/\/denizcankizil.tr\/en\/haberler\/gundem\/eshotun-proje-dolu-butcesine-14-yil-sonra-oy-birligi\/"},"wordCount":89,"commentCount":0,"publisher":{"@id":"https:\/\/denizcankizil.tr\/de\/#organization"},"articleSection":["G\u00fcndem","Uncategorized"],"inLanguage":"de","potentialAction":[{"@type":"CommentAction","name":"Comment","target":["https:\/\/denizcankizil.tr\/en\/haberler\/gundem\/eshotun-proje-dolu-butcesine-14-yil-sonra-oy-birligi\/#respond"]}]},{"@type":"WebPage","@id":"https:\/\/denizcankizil.tr\/en\/haberler\/gundem\/eshotun-proje-dolu-butcesine-14-yil-sonra-oy-birligi\/","url":"https:\/\/denizcankizil.tr\/en\/haberler\/gundem\/eshotun-proje-dolu-butcesine-14-yil-sonra-oy-birligi\/","name":"ESHOT\u2019un proje dolu b\u00fct\u00e7esine 14 y\u0131l sonra oy birli\u011fi - Av. Deniz Can K\u0131z\u0131l","isPartOf":{"@id":"https:\/\/denizcankizil.tr\/de\/#website"},"datePublished":"2024-11-30T13:41:45+00:00","breadcrumb":{"@id":"https:\/\/denizcankizil.tr\/en\/haberler\/gundem\/eshotun-proje-dolu-butcesine-14-yil-sonra-oy-birligi\/#breadcrumb"},"inLanguage":"de","potentialAction":[{"@type":"ReadAction","target":["https:\/\/denizcankizil.tr\/en\/haberler\/gundem\/eshotun-proje-dolu-butcesine-14-yil-sonra-oy-birligi\/"]}]},{"@type":"BreadcrumbList","@id":"https:\/\/denizcankizil.tr\/en\/haberler\/gundem\/eshotun-proje-dolu-butcesine-14-yil-sonra-oy-birligi\/#breadcrumb","itemListElement":[{"@type":"ListItem","position":1,"name":"Home","item":"https:\/\/denizcankizil.tr\/de\/"},{"@type":"ListItem","position":2,"name":"ESHOT\u2019un proje dolu b\u00fct\u00e7esine 14 y\u0131l sonra oy birli\u011fi"}]},{"@type":"WebSite","@id":"https:\/\/denizcankizil.tr\/de\/#website","url":"https:\/\/denizcankizil.tr\/de\/","name":"Av. Deniz Can K\u0131z\u0131l","description":"Avukat Deniz Can K\u0131z\u0131l Antalya Barosu","publisher":{"@id":"https:\/\/denizcankizil.tr\/de\/#organization"},"potentialAction":[{"@type":"SearchAction","target":{"@type":"EntryPoint","urlTemplate":"https:\/\/denizcankizil.tr\/de\/?s={search_term_string}"},"query-input":{"@type":"PropertyValueSpecification","valueRequired":true,"valueName":"search_term_string"}}],"inLanguage":"de"},{"@type":"Organization","@id":"https:\/\/denizcankizil.tr\/de\/#organization","name":"Av. Deniz Can K\u0131z\u0131l","url":"https:\/\/denizcankizil.tr\/de\/","logo":{"@type":"ImageObject","inLanguage":"de","@id":"https:\/\/denizcankizil.tr\/de\/#\/schema\/logo\/image\/","url":"http:\/\/denizcankizil.tr\/wp-content\/uploads\/2024\/10\/siyah-logo-svg.svg","contentUrl":"http:\/\/denizcankizil.tr\/wp-content\/uploads\/2024\/10\/siyah-logo-svg.svg","width":1080,"height":1080,"caption":"Av. Deniz Can K\u0131z\u0131l"},"image":{"@id":"https:\/\/denizcankizil.tr\/de\/#\/schema\/logo\/image\/"}}]}},"_links":{"self":[{"href":"http:\/\/denizcankizil.tr\/de\/wp-json\/wp\/v2\/posts\/18474","targetHints":{"allow":["GET"]}}],"collection":[{"href":"http:\/\/denizcankizil.tr\/de\/wp-json\/wp\/v2\/posts"}],"about":[{"href":"http:\/\/denizcankizil.tr\/de\/wp-json\/wp\/v2\/types\/post"}],"replies":[{"embeddable":true,"href":"http:\/\/denizcankizil.tr\/de\/wp-json\/wp\/v2\/comments?post=18474"}],"version-history":[{"count":0,"href":"http:\/\/denizcankizil.tr\/de\/wp-json\/wp\/v2\/posts\/18474\/revisions"}],"wp:attachment":[{"href":"http:\/\/denizcankizil.tr\/de\/wp-json\/wp\/v2\/media?parent=18474"}],"wp:term":[{"taxonomy":"category","embeddable":true,"href":"http:\/\/denizcankizil.tr\/de\/wp-json\/wp\/v2\/categories?post=18474"},{"taxonomy":"post_tag","embeddable":true,"href":"http:\/\/denizcankizil.tr\/de\/wp-json\/wp\/v2\/tags?post=18474"}],"curies":[{"name":"wp","href":"https:\/\/api.w.org\/{rel}","templated":true}]}}