{"id":18402,"date":"2024-11-30T08:42:58","date_gmt":"2024-11-30T05:42:58","guid":{"rendered":"https:\/\/denizcankizil.tr\/uncategorized-tr\/kumluda-hayvancilikla-ugrasan-cobanlar-caresiz\/"},"modified":"2024-11-30T08:42:58","modified_gmt":"2024-11-30T05:42:58","slug":"kumluda-hayvancilikla-ugrasan-cobanlar-caresiz","status":"publish","type":"post","link":"http:\/\/denizcankizil.tr\/de\/haberler\/gundem\/kumluda-hayvancilikla-ugrasan-cobanlar-caresiz\/","title":{"rendered":"\u201cKumlu\u2019da Hayvanc\u0131l\u0131kla U\u011fra\u015fan \u00c7obanlar \u00c7aresiz\u201d"},"content":{"rendered":"<p>Kara, b\u00f6lgedeki meralar\u0131n imara a\u00e7\u0131lmas\u0131, \u00e7evre kirlili\u011fi ve hayvanc\u0131l\u0131kla u\u011fra\u015fan vatanda\u015flar\u0131n ma\u011fduriyeti nedeniyle yetkililere \u00e7a\u011fr\u0131da bulundu.<\/p>\n<p>\u201cMera Alanlar\u0131 Tahrip Ediliyor\u201d<\/p>\n<p>Milletvekili Kara, Kumlu \u0130l\u00e7e Ba\u015fkan\u0131 ve parti y\u00f6neticileri ile yapt\u0131\u011f\u0131 incelemelerde, Cumhuriyet Mahallesi s\u0131n\u0131r\u0131ndaki meralar\u0131n durumuna dikkat \u00e7ekerek, \u201cHayvanc\u0131l\u0131\u011f\u0131n bitme noktas\u0131na geldi\u011fi bug\u00fcnlerde, meralar\u0131n tahrip edilmesi g\u00f6rmezden geliniyor. Kumlu\u2019da hayvanlar\u0131n otlat\u0131ld\u0131\u011f\u0131 bir mera, hukuki ve idari hamleler sonucunda imara a\u00e7\u0131ld\u0131. Mera alan\u0131na in\u015faat yap\u0131l\u0131rken, bir k\u0131sm\u0131na \u00e7\u00f6p d\u00f6k\u00fcl\u00fcyor, hatta dereye kanalizasyon de\u015farj ediliyor. K\u00f6yl\u00fcler, ge\u00e7im kaynaklar\u0131n\u0131 kaybetme tehlikesiyle kar\u015f\u0131 kar\u015f\u0131ya\u201d diye konu\u015ftu.<\/p>\n<p>\u00c7evre Kirlili\u011fi Alarm Veriyor<\/p>\n<p>B\u00f6lgedeki \u00e7evre kirlili\u011fine de vurgu yaparak yerle\u015fim alanlar\u0131na yak\u0131n mesafedeki \u00e7\u00f6plerin \u00e7evreye zarar verdi\u011fini belirten Milletvekili Kara, \u201c\u00c7\u00f6pler, mahallelerin ortas\u0131na d\u00f6k\u00fclm\u00fc\u015f durumda. Yanan \u00e7\u00f6plerin kokusu ve kanalizasyon at\u0131klar\u0131, b\u00f6lgeyi ya\u015fanmaz hale getiriyor. Hava ve toprak kirlili\u011fi o kadar artt\u0131 ki, \u00e7evresinde oturmak pencereler kapal\u0131 olsa bile m\u00fcmk\u00fcn de\u011fil\u201d dedi.<\/p>\n<p>\u201cMeralar \u0130n\u015faatlara Teslim Edilmesin\u201d<\/p>\n<p>Hayvanc\u0131l\u0131kla u\u011fra\u015fan yurtta\u015flar\u0131n \u00e7aresiz durumda oldu\u011funu ifade eden Kara, \u015funlar\u0131 s\u00f6yledi: \u201cVatanda\u015flar\u0131m\u0131z, ge\u00e7im kaynaklar\u0131n\u0131 korumak ve sa\u011fl\u0131kl\u0131 bir \u00e7evrede ya\u015famak istiyor. Deprem bahane edilerek kanuna ayk\u0131r\u0131 \u015fekilde meralar\u0131n imara a\u00e7\u0131lmas\u0131n\u0131 ve in\u015faatlara teslim edilmesini istemiyorlar. Bu konuyu \u00c7evre, \u015eehircilik ve \u0130klim De\u011fi\u015fikli\u011fi Bakanl\u0131\u011f\u0131\u2019na ta\u015f\u0131yaca\u011f\u0131z.\u201d<\/p>\n<p>Yetkililere \u00c7a\u011fr\u0131<\/p>\n<p>CHP\u2019li Kara, Kumlu\u2019da ya\u015fanan bu sorunlar\u0131n \u00e7\u00f6z\u00fcm\u00fc i\u00e7in acilen ad\u0131m at\u0131lmas\u0131 gerekti\u011fini vurgulayarak, meralar\u0131n korunmas\u0131, \u00e7evre kirlili\u011finin \u00f6nlenmesi ve hayvanc\u0131l\u0131kla u\u011fra\u015fan yurtta\u015flar\u0131n desteklenmesi gerekti\u011fini s\u00f6yledi. Kara\u2019n\u0131n a\u00e7\u0131klamalar\u0131, b\u00f6lgedeki halk\u0131n ya\u015fad\u0131\u011f\u0131 sorunlara \u00e7\u00f6z\u00fcm bulunmas\u0131 i\u00e7in bir kez daha dikkatleri Kumlu\u2019ya \u00e7evirdi.<\/p>\n<p>\u200bCumhuriyet Halk Partisi (CHP) Hatay Milletvekili Nermin Y\u0131ld\u0131r\u0131m Kara, Hatay\u2019\u0131n Kumlu il\u00e7esinde ger\u00e7ekle\u015ftirdi\u011fi saha ziyaretlerinde, k\u00f6yl\u00fclerin ya\u015fad\u0131\u011f\u0131 sorunlar\u0131 g\u00fcndeme ta\u015f\u0131d\u0131.\u00a0<\/p>\n<p>\u200bHaberin Al\u0131nt\u0131land\u0131\u011f\u0131 Kaynak: www.iskenderun.org<\/p>","protected":false},"excerpt":{"rendered":"<p>Kara, b\u00f6lgedeki meralar\u0131n imara a\u00e7\u0131lmas\u0131, \u00e7evre kirlili\u011fi ve hayvanc\u0131l\u0131kla u\u011fra\u015fan vatanda\u015flar\u0131n ma\u011fduriyeti nedeniyle yetkililere \u00e7a\u011fr\u0131da bulundu. \u201cMera Alanlar\u0131 Tahrip Ediliyor\u201d Milletvekili Kara, Kumlu \u0130l\u00e7e Ba\u015fkan\u0131 ve parti y\u00f6neticileri ile yapt\u0131\u011f\u0131 incelemelerde, Cumhuriyet Mahallesi s\u0131n\u0131r\u0131ndaki meralar\u0131n durumuna dikkat \u00e7ekerek, \u201cHayvanc\u0131l\u0131\u011f\u0131n bitme noktas\u0131na geldi\u011fi bug\u00fcnlerde, meralar\u0131n tahrip edilmesi g\u00f6rmezden geliniyor. Kumlu\u2019da hayvanlar\u0131n otlat\u0131ld\u0131\u011f\u0131 bir mera, hukuki ve idari hamleler sonucunda imara a\u00e7\u0131ld\u0131. Mera alan\u0131na in\u015faat yap\u0131l\u0131rken, bir k\u0131sm\u0131na \u00e7\u00f6p d\u00f6k\u00fcl\u00fcyor, hatta dereye kanalizasyon de\u015farj ediliyor. K\u00f6yl\u00fcler, ge\u00e7im kaynaklar\u0131n\u0131 kaybetme tehlikesiyle kar\u015f\u0131 kar\u015f\u0131ya\u201d diye konu\u015ftu. \u00c7evre Kirlili\u011fi Alarm Veriyor B\u00f6lgedeki \u00e7evre kirlili\u011fine de vurgu yaparak yerle\u015fim alanlar\u0131na yak\u0131n mesafedeki \u00e7\u00f6plerin \u00e7evreye zarar verdi\u011fini belirten Milletvekili Kara, \u201c\u00c7\u00f6pler, mahallelerin ortas\u0131na d\u00f6k\u00fclm\u00fc\u015f durumda. Yanan \u00e7\u00f6plerin kokusu ve kanalizasyon at\u0131klar\u0131, b\u00f6lgeyi ya\u015fanmaz hale getiriyor. Hava ve toprak kirlili\u011fi o kadar artt\u0131 ki, \u00e7evresinde oturmak pencereler kapal\u0131 olsa bile m\u00fcmk\u00fcn de\u011fil\u201d dedi. \u201cMeralar \u0130n\u015faatlara Teslim Edilmesin\u201d Hayvanc\u0131l\u0131kla u\u011fra\u015fan yurtta\u015flar\u0131n \u00e7aresiz durumda oldu\u011funu ifade eden Kara, \u015funlar\u0131 s\u00f6yledi: \u201cVatanda\u015flar\u0131m\u0131z, ge\u00e7im kaynaklar\u0131n\u0131 korumak ve sa\u011fl\u0131kl\u0131 bir \u00e7evrede ya\u015famak istiyor. Deprem bahane edilerek kanuna ayk\u0131r\u0131 \u015fekilde meralar\u0131n imara a\u00e7\u0131lmas\u0131n\u0131 ve in\u015faatlara teslim edilmesini istemiyorlar. Bu konuyu \u00c7evre, \u015eehircilik ve \u0130klim De\u011fi\u015fikli\u011fi Bakanl\u0131\u011f\u0131\u2019na ta\u015f\u0131yaca\u011f\u0131z.\u201d Yetkililere \u00c7a\u011fr\u0131 CHP\u2019li Kara, Kumlu\u2019da ya\u015fanan bu sorunlar\u0131n \u00e7\u00f6z\u00fcm\u00fc i\u00e7in acilen ad\u0131m at\u0131lmas\u0131 gerekti\u011fini vurgulayarak, meralar\u0131n korunmas\u0131, &hellip;<\/p>","protected":false},"author":0,"featured_media":0,"comment_status":"open","ping_status":"open","sticky":false,"template":"","format":"standard","meta":{"_acf_changed":false,"footnotes":""},"categories":[24,535],"tags":[],"class_list":["post-18402","post","type-post","status-publish","format-standard","has-post-thumbnail","hentry","category-gundem","category-uncategorized-tr"],"acf":[],"yoast_head":"<!-- This site is optimized with the Yoast SEO Premium plugin v26.6 (Yoast SEO v27.1.1) - https:\/\/yoast.com\/product\/yoast-seo-premium-wordpress\/ -->\n<title>\u201cKumlu\u2019da Hayvanc\u0131l\u0131kla U\u011fra\u015fan \u00c7obanlar \u00c7aresiz\u201d - Av. Deniz Can K\u0131z\u0131l<\/title>\n<meta name=\"robots\" content=\"index, follow, max-snippet:-1, max-image-preview:large, max-video-preview:-1\" \/>\n<link rel=\"canonical\" href=\"https:\/\/denizcankizil.tr\/de\/haberler\/gundem\/kumluda-hayvancilikla-ugrasan-cobanlar-caresiz\/\" \/>\n<meta property=\"og:locale\" content=\"de_DE\" \/>\n<meta property=\"og:type\" content=\"article\" \/>\n<meta property=\"og:title\" content=\"\u201cKumlu\u2019da Hayvanc\u0131l\u0131kla U\u011fra\u015fan \u00c7obanlar \u00c7aresiz\u201d\" \/>\n<meta property=\"og:description\" content=\"Kara, b\u00f6lgedeki meralar\u0131n imara a\u00e7\u0131lmas\u0131, \u00e7evre kirlili\u011fi ve hayvanc\u0131l\u0131kla u\u011fra\u015fan vatanda\u015flar\u0131n ma\u011fduriyeti nedeniyle yetkililere \u00e7a\u011fr\u0131da bulundu. \u201cMera Alanlar\u0131 Tahrip Ediliyor\u201d Milletvekili Kara, Kumlu \u0130l\u00e7e Ba\u015fkan\u0131 ve parti y\u00f6neticileri ile yapt\u0131\u011f\u0131 incelemelerde, Cumhuriyet Mahallesi s\u0131n\u0131r\u0131ndaki meralar\u0131n durumuna dikkat \u00e7ekerek, \u201cHayvanc\u0131l\u0131\u011f\u0131n bitme noktas\u0131na geldi\u011fi bug\u00fcnlerde, meralar\u0131n tahrip edilmesi g\u00f6rmezden geliniyor. Kumlu\u2019da hayvanlar\u0131n otlat\u0131ld\u0131\u011f\u0131 bir mera, hukuki ve idari hamleler sonucunda imara a\u00e7\u0131ld\u0131. Mera alan\u0131na in\u015faat yap\u0131l\u0131rken, bir k\u0131sm\u0131na \u00e7\u00f6p d\u00f6k\u00fcl\u00fcyor, hatta dereye kanalizasyon de\u015farj ediliyor. K\u00f6yl\u00fcler, ge\u00e7im kaynaklar\u0131n\u0131 kaybetme tehlikesiyle kar\u015f\u0131 kar\u015f\u0131ya\u201d diye konu\u015ftu. \u00c7evre Kirlili\u011fi Alarm Veriyor B\u00f6lgedeki \u00e7evre kirlili\u011fine de vurgu yaparak yerle\u015fim alanlar\u0131na yak\u0131n mesafedeki \u00e7\u00f6plerin \u00e7evreye zarar verdi\u011fini belirten Milletvekili Kara, \u201c\u00c7\u00f6pler, mahallelerin ortas\u0131na d\u00f6k\u00fclm\u00fc\u015f durumda. Yanan \u00e7\u00f6plerin kokusu ve kanalizasyon at\u0131klar\u0131, b\u00f6lgeyi ya\u015fanmaz hale getiriyor. Hava ve toprak kirlili\u011fi o kadar artt\u0131 ki, \u00e7evresinde oturmak pencereler kapal\u0131 olsa bile m\u00fcmk\u00fcn de\u011fil\u201d dedi. \u201cMeralar \u0130n\u015faatlara Teslim Edilmesin\u201d Hayvanc\u0131l\u0131kla u\u011fra\u015fan yurtta\u015flar\u0131n \u00e7aresiz durumda oldu\u011funu ifade eden Kara, \u015funlar\u0131 s\u00f6yledi: \u201cVatanda\u015flar\u0131m\u0131z, ge\u00e7im kaynaklar\u0131n\u0131 korumak ve sa\u011fl\u0131kl\u0131 bir \u00e7evrede ya\u015famak istiyor. Deprem bahane edilerek kanuna ayk\u0131r\u0131 \u015fekilde meralar\u0131n imara a\u00e7\u0131lmas\u0131n\u0131 ve in\u015faatlara teslim edilmesini istemiyorlar. Bu konuyu \u00c7evre, \u015eehircilik ve \u0130klim De\u011fi\u015fikli\u011fi Bakanl\u0131\u011f\u0131\u2019na ta\u015f\u0131yaca\u011f\u0131z.\u201d Yetkililere \u00c7a\u011fr\u0131 CHP\u2019li Kara, Kumlu\u2019da ya\u015fanan bu sorunlar\u0131n \u00e7\u00f6z\u00fcm\u00fc i\u00e7in acilen ad\u0131m at\u0131lmas\u0131 gerekti\u011fini vurgulayarak, meralar\u0131n korunmas\u0131, &hellip;\" \/>\n<meta property=\"og:url\" content=\"https:\/\/denizcankizil.tr\/de\/haberler\/gundem\/kumluda-hayvancilikla-ugrasan-cobanlar-caresiz\/\" \/>\n<meta property=\"og:site_name\" content=\"Av. Deniz Can K\u0131z\u0131l\" \/>\n<meta property=\"article:published_time\" content=\"2024-11-30T05:42:58+00:00\" \/>\n<meta name=\"twitter:card\" content=\"summary_large_image\" \/>\n<meta name=\"twitter:label1\" content=\"Gesch\u00e4tzte Lesezeit\" \/>\n\t<meta name=\"twitter:data1\" content=\"2\u00a0Minuten\" \/>\n<script type=\"application\/ld+json\" class=\"yoast-schema-graph\">{\"@context\":\"https:\/\/schema.org\",\"@graph\":[{\"@type\":\"Article\",\"@id\":\"https:\/\/denizcankizil.tr\/ru\/haberler\/gundem\/kumluda-hayvancilikla-ugrasan-cobanlar-caresiz\/#article\",\"isPartOf\":{\"@id\":\"https:\/\/denizcankizil.tr\/ru\/haberler\/gundem\/kumluda-hayvancilikla-ugrasan-cobanlar-caresiz\/\"},\"author\":{\"name\":\"\",\"@id\":\"\"},\"headline\":\"\u201cKumlu\u2019da Hayvanc\u0131l\u0131kla U\u011fra\u015fan \u00c7obanlar \u00c7aresiz\u201d\",\"datePublished\":\"2024-11-30T05:42:58+00:00\",\"mainEntityOfPage\":{\"@id\":\"https:\/\/denizcankizil.tr\/ru\/haberler\/gundem\/kumluda-hayvancilikla-ugrasan-cobanlar-caresiz\/\"},\"wordCount\":397,\"commentCount\":0,\"publisher\":{\"@id\":\"https:\/\/denizcankizil.tr\/de\/#organization\"},\"articleSection\":[\"G\u00fcndem\",\"Uncategorized\"],\"inLanguage\":\"de\",\"potentialAction\":[{\"@type\":\"CommentAction\",\"name\":\"Comment\",\"target\":[\"https:\/\/denizcankizil.tr\/ru\/haberler\/gundem\/kumluda-hayvancilikla-ugrasan-cobanlar-caresiz\/#respond\"]}]},{\"@type\":\"WebPage\",\"@id\":\"https:\/\/denizcankizil.tr\/ru\/haberler\/gundem\/kumluda-hayvancilikla-ugrasan-cobanlar-caresiz\/\",\"url\":\"https:\/\/denizcankizil.tr\/ru\/haberler\/gundem\/kumluda-hayvancilikla-ugrasan-cobanlar-caresiz\/\",\"name\":\"\u201cKumlu\u2019da Hayvanc\u0131l\u0131kla U\u011fra\u015fan \u00c7obanlar \u00c7aresiz\u201d - Av. Deniz Can K\u0131z\u0131l\",\"isPartOf\":{\"@id\":\"https:\/\/denizcankizil.tr\/de\/#website\"},\"datePublished\":\"2024-11-30T05:42:58+00:00\",\"breadcrumb\":{\"@id\":\"https:\/\/denizcankizil.tr\/ru\/haberler\/gundem\/kumluda-hayvancilikla-ugrasan-cobanlar-caresiz\/#breadcrumb\"},\"inLanguage\":\"de\",\"potentialAction\":[{\"@type\":\"ReadAction\",\"target\":[\"https:\/\/denizcankizil.tr\/ru\/haberler\/gundem\/kumluda-hayvancilikla-ugrasan-cobanlar-caresiz\/\"]}]},{\"@type\":\"BreadcrumbList\",\"@id\":\"https:\/\/denizcankizil.tr\/ru\/haberler\/gundem\/kumluda-hayvancilikla-ugrasan-cobanlar-caresiz\/#breadcrumb\",\"itemListElement\":[{\"@type\":\"ListItem\",\"position\":1,\"name\":\"Home\",\"item\":\"https:\/\/denizcankizil.tr\/de\/\"},{\"@type\":\"ListItem\",\"position\":2,\"name\":\"\u201cKumlu\u2019da Hayvanc\u0131l\u0131kla U\u011fra\u015fan \u00c7obanlar \u00c7aresiz\u201d\"}]},{\"@type\":\"WebSite\",\"@id\":\"https:\/\/denizcankizil.tr\/de\/#website\",\"url\":\"https:\/\/denizcankizil.tr\/de\/\",\"name\":\"Av. Deniz Can K\u0131z\u0131l\",\"description\":\"Avukat Deniz Can K\u0131z\u0131l Antalya Barosu\",\"publisher\":{\"@id\":\"https:\/\/denizcankizil.tr\/de\/#organization\"},\"potentialAction\":[{\"@type\":\"SearchAction\",\"target\":{\"@type\":\"EntryPoint\",\"urlTemplate\":\"https:\/\/denizcankizil.tr\/de\/?s={search_term_string}\"},\"query-input\":{\"@type\":\"PropertyValueSpecification\",\"valueRequired\":true,\"valueName\":\"search_term_string\"}}],\"inLanguage\":\"de\"},{\"@type\":\"Organization\",\"@id\":\"https:\/\/denizcankizil.tr\/de\/#organization\",\"name\":\"Av. Deniz Can K\u0131z\u0131l\",\"url\":\"https:\/\/denizcankizil.tr\/de\/\",\"logo\":{\"@type\":\"ImageObject\",\"inLanguage\":\"de\",\"@id\":\"https:\/\/denizcankizil.tr\/de\/#\/schema\/logo\/image\/\",\"url\":\"http:\/\/denizcankizil.tr\/wp-content\/uploads\/2024\/10\/siyah-logo-svg.svg\",\"contentUrl\":\"http:\/\/denizcankizil.tr\/wp-content\/uploads\/2024\/10\/siyah-logo-svg.svg\",\"width\":1080,\"height\":1080,\"caption\":\"Av. Deniz Can K\u0131z\u0131l\"},\"image\":{\"@id\":\"https:\/\/denizcankizil.tr\/de\/#\/schema\/logo\/image\/\"}}]}<\/script>\n<!-- \/ Yoast SEO Premium plugin. -->","yoast_head_json":{"title":"\u201cKumlu\u2019da Hayvanc\u0131l\u0131kla U\u011fra\u015fan \u00c7obanlar \u00c7aresiz\u201d - Av. Deniz Can K\u0131z\u0131l","robots":{"index":"index","follow":"follow","max-snippet":"max-snippet:-1","max-image-preview":"max-image-preview:large","max-video-preview":"max-video-preview:-1"},"canonical":"https:\/\/denizcankizil.tr\/de\/haberler\/gundem\/kumluda-hayvancilikla-ugrasan-cobanlar-caresiz\/","og_locale":"de_DE","og_type":"article","og_title":"\u201cKumlu\u2019da Hayvanc\u0131l\u0131kla U\u011fra\u015fan \u00c7obanlar \u00c7aresiz\u201d","og_description":"Kara, b\u00f6lgedeki meralar\u0131n imara a\u00e7\u0131lmas\u0131, \u00e7evre kirlili\u011fi ve hayvanc\u0131l\u0131kla u\u011fra\u015fan vatanda\u015flar\u0131n ma\u011fduriyeti nedeniyle yetkililere \u00e7a\u011fr\u0131da bulundu. \u201cMera Alanlar\u0131 Tahrip Ediliyor\u201d Milletvekili Kara, Kumlu \u0130l\u00e7e Ba\u015fkan\u0131 ve parti y\u00f6neticileri ile yapt\u0131\u011f\u0131 incelemelerde, Cumhuriyet Mahallesi s\u0131n\u0131r\u0131ndaki meralar\u0131n durumuna dikkat \u00e7ekerek, \u201cHayvanc\u0131l\u0131\u011f\u0131n bitme noktas\u0131na geldi\u011fi bug\u00fcnlerde, meralar\u0131n tahrip edilmesi g\u00f6rmezden geliniyor. Kumlu\u2019da hayvanlar\u0131n otlat\u0131ld\u0131\u011f\u0131 bir mera, hukuki ve idari hamleler sonucunda imara a\u00e7\u0131ld\u0131. Mera alan\u0131na in\u015faat yap\u0131l\u0131rken, bir k\u0131sm\u0131na \u00e7\u00f6p d\u00f6k\u00fcl\u00fcyor, hatta dereye kanalizasyon de\u015farj ediliyor. K\u00f6yl\u00fcler, ge\u00e7im kaynaklar\u0131n\u0131 kaybetme tehlikesiyle kar\u015f\u0131 kar\u015f\u0131ya\u201d diye konu\u015ftu. \u00c7evre Kirlili\u011fi Alarm Veriyor B\u00f6lgedeki \u00e7evre kirlili\u011fine de vurgu yaparak yerle\u015fim alanlar\u0131na yak\u0131n mesafedeki \u00e7\u00f6plerin \u00e7evreye zarar verdi\u011fini belirten Milletvekili Kara, \u201c\u00c7\u00f6pler, mahallelerin ortas\u0131na d\u00f6k\u00fclm\u00fc\u015f durumda. Yanan \u00e7\u00f6plerin kokusu ve kanalizasyon at\u0131klar\u0131, b\u00f6lgeyi ya\u015fanmaz hale getiriyor. Hava ve toprak kirlili\u011fi o kadar artt\u0131 ki, \u00e7evresinde oturmak pencereler kapal\u0131 olsa bile m\u00fcmk\u00fcn de\u011fil\u201d dedi. \u201cMeralar \u0130n\u015faatlara Teslim Edilmesin\u201d Hayvanc\u0131l\u0131kla u\u011fra\u015fan yurtta\u015flar\u0131n \u00e7aresiz durumda oldu\u011funu ifade eden Kara, \u015funlar\u0131 s\u00f6yledi: \u201cVatanda\u015flar\u0131m\u0131z, ge\u00e7im kaynaklar\u0131n\u0131 korumak ve sa\u011fl\u0131kl\u0131 bir \u00e7evrede ya\u015famak istiyor. Deprem bahane edilerek kanuna ayk\u0131r\u0131 \u015fekilde meralar\u0131n imara a\u00e7\u0131lmas\u0131n\u0131 ve in\u015faatlara teslim edilmesini istemiyorlar. Bu konuyu \u00c7evre, \u015eehircilik ve \u0130klim De\u011fi\u015fikli\u011fi Bakanl\u0131\u011f\u0131\u2019na ta\u015f\u0131yaca\u011f\u0131z.\u201d Yetkililere \u00c7a\u011fr\u0131 CHP\u2019li Kara, Kumlu\u2019da ya\u015fanan bu sorunlar\u0131n \u00e7\u00f6z\u00fcm\u00fc i\u00e7in acilen ad\u0131m at\u0131lmas\u0131 gerekti\u011fini vurgulayarak, meralar\u0131n korunmas\u0131, &hellip;","og_url":"https:\/\/denizcankizil.tr\/de\/haberler\/gundem\/kumluda-hayvancilikla-ugrasan-cobanlar-caresiz\/","og_site_name":"Av. Deniz Can K\u0131z\u0131l","article_published_time":"2024-11-30T05:42:58+00:00","twitter_card":"summary_large_image","twitter_misc":{"Gesch\u00e4tzte Lesezeit":"2\u00a0Minuten"},"schema":{"@context":"https:\/\/schema.org","@graph":[{"@type":"Article","@id":"https:\/\/denizcankizil.tr\/ru\/haberler\/gundem\/kumluda-hayvancilikla-ugrasan-cobanlar-caresiz\/#article","isPartOf":{"@id":"https:\/\/denizcankizil.tr\/ru\/haberler\/gundem\/kumluda-hayvancilikla-ugrasan-cobanlar-caresiz\/"},"author":{"name":"","@id":""},"headline":"\u201cKumlu\u2019da Hayvanc\u0131l\u0131kla U\u011fra\u015fan \u00c7obanlar \u00c7aresiz\u201d","datePublished":"2024-11-30T05:42:58+00:00","mainEntityOfPage":{"@id":"https:\/\/denizcankizil.tr\/ru\/haberler\/gundem\/kumluda-hayvancilikla-ugrasan-cobanlar-caresiz\/"},"wordCount":397,"commentCount":0,"publisher":{"@id":"https:\/\/denizcankizil.tr\/de\/#organization"},"articleSection":["G\u00fcndem","Uncategorized"],"inLanguage":"de","potentialAction":[{"@type":"CommentAction","name":"Comment","target":["https:\/\/denizcankizil.tr\/ru\/haberler\/gundem\/kumluda-hayvancilikla-ugrasan-cobanlar-caresiz\/#respond"]}]},{"@type":"WebPage","@id":"https:\/\/denizcankizil.tr\/ru\/haberler\/gundem\/kumluda-hayvancilikla-ugrasan-cobanlar-caresiz\/","url":"https:\/\/denizcankizil.tr\/ru\/haberler\/gundem\/kumluda-hayvancilikla-ugrasan-cobanlar-caresiz\/","name":"\u201cKumlu\u2019da Hayvanc\u0131l\u0131kla U\u011fra\u015fan \u00c7obanlar \u00c7aresiz\u201d - Av. Deniz Can K\u0131z\u0131l","isPartOf":{"@id":"https:\/\/denizcankizil.tr\/de\/#website"},"datePublished":"2024-11-30T05:42:58+00:00","breadcrumb":{"@id":"https:\/\/denizcankizil.tr\/ru\/haberler\/gundem\/kumluda-hayvancilikla-ugrasan-cobanlar-caresiz\/#breadcrumb"},"inLanguage":"de","potentialAction":[{"@type":"ReadAction","target":["https:\/\/denizcankizil.tr\/ru\/haberler\/gundem\/kumluda-hayvancilikla-ugrasan-cobanlar-caresiz\/"]}]},{"@type":"BreadcrumbList","@id":"https:\/\/denizcankizil.tr\/ru\/haberler\/gundem\/kumluda-hayvancilikla-ugrasan-cobanlar-caresiz\/#breadcrumb","itemListElement":[{"@type":"ListItem","position":1,"name":"Home","item":"https:\/\/denizcankizil.tr\/de\/"},{"@type":"ListItem","position":2,"name":"\u201cKumlu\u2019da Hayvanc\u0131l\u0131kla U\u011fra\u015fan \u00c7obanlar \u00c7aresiz\u201d"}]},{"@type":"WebSite","@id":"https:\/\/denizcankizil.tr\/de\/#website","url":"https:\/\/denizcankizil.tr\/de\/","name":"Av. Deniz Can K\u0131z\u0131l","description":"Avukat Deniz Can K\u0131z\u0131l Antalya Barosu","publisher":{"@id":"https:\/\/denizcankizil.tr\/de\/#organization"},"potentialAction":[{"@type":"SearchAction","target":{"@type":"EntryPoint","urlTemplate":"https:\/\/denizcankizil.tr\/de\/?s={search_term_string}"},"query-input":{"@type":"PropertyValueSpecification","valueRequired":true,"valueName":"search_term_string"}}],"inLanguage":"de"},{"@type":"Organization","@id":"https:\/\/denizcankizil.tr\/de\/#organization","name":"Av. Deniz Can K\u0131z\u0131l","url":"https:\/\/denizcankizil.tr\/de\/","logo":{"@type":"ImageObject","inLanguage":"de","@id":"https:\/\/denizcankizil.tr\/de\/#\/schema\/logo\/image\/","url":"http:\/\/denizcankizil.tr\/wp-content\/uploads\/2024\/10\/siyah-logo-svg.svg","contentUrl":"http:\/\/denizcankizil.tr\/wp-content\/uploads\/2024\/10\/siyah-logo-svg.svg","width":1080,"height":1080,"caption":"Av. Deniz Can K\u0131z\u0131l"},"image":{"@id":"https:\/\/denizcankizil.tr\/de\/#\/schema\/logo\/image\/"}}]}},"_links":{"self":[{"href":"http:\/\/denizcankizil.tr\/de\/wp-json\/wp\/v2\/posts\/18402","targetHints":{"allow":["GET"]}}],"collection":[{"href":"http:\/\/denizcankizil.tr\/de\/wp-json\/wp\/v2\/posts"}],"about":[{"href":"http:\/\/denizcankizil.tr\/de\/wp-json\/wp\/v2\/types\/post"}],"replies":[{"embeddable":true,"href":"http:\/\/denizcankizil.tr\/de\/wp-json\/wp\/v2\/comments?post=18402"}],"version-history":[{"count":0,"href":"http:\/\/denizcankizil.tr\/de\/wp-json\/wp\/v2\/posts\/18402\/revisions"}],"wp:attachment":[{"href":"http:\/\/denizcankizil.tr\/de\/wp-json\/wp\/v2\/media?parent=18402"}],"wp:term":[{"taxonomy":"category","embeddable":true,"href":"http:\/\/denizcankizil.tr\/de\/wp-json\/wp\/v2\/categories?post=18402"},{"taxonomy":"post_tag","embeddable":true,"href":"http:\/\/denizcankizil.tr\/de\/wp-json\/wp\/v2\/tags?post=18402"}],"curies":[{"name":"wp","href":"https:\/\/api.w.org\/{rel}","templated":true}]}}