{"id":18106,"date":"2024-11-28T12:41:48","date_gmt":"2024-11-28T09:41:48","guid":{"rendered":"https:\/\/denizcankizil.tr\/uncategorized-tr\/izmirde-9-saatlik-beyin-firtinasi\/"},"modified":"2024-11-28T12:41:48","modified_gmt":"2024-11-28T09:41:48","slug":"izmirde-9-saatlik-beyin-firtinasi","status":"publish","type":"post","link":"http:\/\/denizcankizil.tr\/de\/haberler\/gundem\/izmirde-9-saatlik-beyin-firtinasi\/","title":{"rendered":"\u0130zmir&#8217;de 9 saatlik beyin f\u0131rt\u0131nas\u0131"},"content":{"rendered":"<p>\u0130zmir&#8217;de 200 uzmandan, 9 saatlik beyin f\u0131rt\u0131nas\u0131 ile &#8216;K\u00f6rfezin Gelece\u011fi \u0130zmir\u2019in Gelece\u011fi \u00c7al\u0131\u015ftay\u0131&#8217;n\u0131 sonu\u00e7land\u0131rd\u0131.\u0130ZM\u0130R (\u0130GFA) &#8211; \u0130zmir B\u00fcy\u00fck\u015fehir Belediyesi\u2019nin K\u00f6rfez\u2019in temizlenmesine y\u00f6nelik yol haritas\u0131n\u0131 belirlemek i\u00e7in Tarihi Havagaz\u0131 Fabrikas\u0131\u2019nda d\u00fczenledi\u011fi \u201cK\u00f6rfezin Gelece\u011fi, \u0130zmir\u2019in Gelece\u011fi\u201d ba\u015fl\u0131kl\u0131 \u00e7al\u0131\u015ftay 9 saat s\u00fcrd\u00fc.<br \/>\nAlan\u0131nda uluslararas\u0131 \u00e7al\u0131\u015fmalara imza atm\u0131\u015f isimlerin de yer ald\u0131\u011f\u0131 200 uzman, gruplar halinde 3 ba\u015fl\u0131k \u00fczerinde tart\u0131\u015ft\u0131.<br \/>\n\u00c7al\u0131\u015ftay\u0131n kapan\u0131\u015f\u0131nda konu\u015fan, \u0130ZDEN\u0130Z Y\u00f6netim Kurulu Ba\u015fkan\u0131 Dr. I\u015f\u0131khan G\u00fcler, \u201c\u0130zmir K\u00f6rfezi hepimizin sorunudur. Evrensel bir sorundur. Daha iyi bir K\u00f6rfez, daha iyi bir kent, denizle bar\u0131\u015f\u0131k bir kent nas\u0131l yaratabiliriz, bunu ba\u015faraca\u011f\u0131z\u201d dedi.<br \/>\nD\u00fcnya \u00e7ap\u0131nda s\u00f6z sahibi bilim insanlar\u0131n\u0131 K\u00f6rfezin Gelece\u011fi \u0130zmir\u2019in Gelece\u011fi ba\u015fl\u0131kl\u0131 \u00e7al\u0131\u015ftayda bir araya getiren \u0130zmir B\u00fcy\u00fck\u015fehir Belediyesi, g\u00fcn boyunca yakla\u015f\u0131k 200 ki\u015finin beyin f\u0131rt\u0131nas\u0131yla \u0130zmir K\u00f6rfez\u2019inin temizlenebilmesi i\u00e7in yol haritas\u0131 olu\u015fturdu. Tarihi Havagaz\u0131 Fabrikas\u0131\u2019nda d\u00fczenlenen \u00e7al\u0131\u015ftayda 9 saat boyunca \u00c7in, Norve\u00e7, Avustralya ve ABD\u2019nin yan\u0131 s\u0131ra T\u00fcrkiye\u2019nin farkl\u0131 \u015fehirlerinden gelen uzmanlar K\u00f6rfez Ekolojisinin Korunmas\u0131 ve S\u00fcrd\u00fcr\u00fclebilirli\u011fi, \u0130zmir Deniz Ula\u015f\u0131m\u0131n\u0131n Geli\u015ftirilmesi ve \u00c7e\u015fitlendirilmesi, B\u00fct\u00fcnle\u015fik K\u0131y\u0131 Alan\u0131 Y\u00f6netimi konular\u0131 oda\u011f\u0131nda grupla\u015ft\u0131 ve g\u00fcn sonunda k\u0131sa, orta ve uzun vadede hayata ge\u00e7irilebilecek projeleri belirledi.<br \/>\nDAHA \u0130Y\u0130 B\u0130R K\u00d6RFEZ, DEN\u0130ZLE BARI\u015eIK B\u0130R KENT<br \/>\n\u00c7al\u0131\u015ftay sonras\u0131nda t\u00fcm kat\u0131l\u0131mc\u0131lara emekleri ve sabr\u0131 i\u00e7in te\u015fekk\u00fcr eden \u0130ZDEN\u0130Z Y\u00f6netim Kurulu Ba\u015fkan\u0131 Dr. I\u015f\u0131khan G\u00fcler, \u201c3 konu \u00fczerinde yo\u011funla\u015ft\u0131k ve bu s\u00fcrece ba\u015flad\u0131k. Bu \u00e7al\u0131\u015fmalar k\u0131sa s\u00fcrede yap\u0131lacak \u00e7al\u0131\u015fmalar de\u011fil. Daha ba\u015flang\u0131\u00e7tay\u0131z ve uzman ki\u015filerin bilgisine ihtiyac\u0131m\u0131z var. K\u00f6rfez ile ilgili bir\u00e7ok proje \u00e7\u0131kt\u0131. Uzun bir s\u00fcrece ba\u015flad\u0131k ve arkada ciddi bir emek var. Buradan \u00e7\u0131kan sonu\u00e7lar kat\u0131l\u0131mc\u0131lara rapor halinde da\u011f\u0131t\u0131lacak. \u00c7ok yorulduk, \u00e7ok emek sarf ettik. \u0130zmir K\u00f6rfezi hepimizin sorunudur. Evrensel bir sorundur. Daha iyi bir K\u00f6rfez, daha iyi bir kent, denizle bar\u0131\u015f\u0131k bir kent nas\u0131l yaratabiliriz bunu ba\u015faraca\u011f\u0131z\u201d dedi.<\/p>\n<p>\u00c7al\u0131\u015ftay\u0131n bitiminde proje havuzunda biriken fikirlerden k\u0131sa, orta ve uzun vadede yap\u0131lmas\u0131 gerekenleri a\u00e7\u0131klayan \u201cK\u00f6rfez Ekolojisinin Korunmas\u0131 ve S\u00fcrd\u00fcr\u00fclebilirli\u011fi\u201d grubu moderat\u00f6r\u00fc Dokuz Eyl\u00fcl \u00dcniversitesi Deniz Bilimleri ve Teknolojisi Enstit\u00fcs\u00fc Deniz Bilimleri Ana Bilim Dal\u0131 Ba\u015fkan\u0131 Prof. Dr. \u015e\u00fckr\u00fc Be\u015fiktepe, \u201cOlduk\u00e7a yo\u011fun bir g\u00fcnden sonra bir \u00e7\u00f6z\u00fcme vard\u0131k. Bizlerin \u00e7al\u0131\u015fmas\u0131 K\u00f6rfez Ekolojisinin Korunmas\u0131 ve S\u00fcrd\u00fcr\u00fclebilirli\u011fi 4 masada y\u00fcr\u00fcd\u00fc ve ayn\u0131 temay\u0131 farkl\u0131 y\u00f6nlerden uzmanl\u0131k a\u00e7\u0131lar\u0131yla de\u011ferlendirdik. Bu fikirleri hayata ge\u00e7irebilmek i\u00e7in y\u00f6ntemleri tart\u0131\u015ft\u0131k. Proje fikirleri K\u0131sa-Orta ve Uzun Vade olarak ayr\u0131ld\u0131. Sorun olarak bak\u0131lan \u015fey esas olarak K\u00f6rfeze giren organik y\u00fcklerdir. Bu y\u00fcklerin kaynaklar\u0131n\u0131n azalt\u0131lmas\u0131 ana fikrinde bulu\u015ftuk. T\u00fcm geli\u015ftirdi\u011fimiz proje ve fikirler \u00c7evre \u015eehircilik ve \u0130klim De\u011fi\u015fikli\u011fi Bakanl\u0131\u011f\u0131, yerel y\u00f6netimler, \u00fcniversiteler, muhtarlar, yerel kamu kurumlar\u0131, uzman teknoloji \u015firketleriyle i\u015f birli\u011fi yap\u0131larak hayata ge\u00e7ecek projeler. Uzun vadede projeler tamamland\u0131\u011f\u0131nda da \u00e7evre bilinci y\u00fcksek ak\u0131ll\u0131 kent olu\u015fumu sa\u011flanm\u0131\u015f olacak\u201d diye konu\u015ftu.<br \/>\nNELER G\u00d6R\u00dc\u015e\u00dcLD\u00dc?<br \/>\n\u00d6te yandan a\u00e7\u0131l\u0131\u015f sonras\u0131nda yakla\u015f\u0131k 9 saat s\u00fcren K\u00f6rfezin Gelece\u011fi \u0130zmir\u2019in Gelece\u011fi \u00e7al\u0131\u015ftay\u0131nda \u201cK\u00f6rfez Ekolojisinin Korunmas\u0131 ve S\u00fcrd\u00fcr\u00fclebilirli\u011fi\u201d, \u201c\u0130zmir Deniz Ula\u015f\u0131m\u0131n\u0131n Geli\u015ftirilmesi ve \u00c7e\u015fitlendirilmesi\u201d ve \u201cB\u00fct\u00fcnle\u015fik K\u0131y\u0131 Alan\u0131 Y\u00f6netimi\u201d konular\u0131 hakk\u0131nda uzmanlar fikir al\u0131\u015fveri\u015finde bulundu.<br \/>\n\u201c\u0130zmir Deniz Ula\u015f\u0131m\u0131n\u0131n Geli\u015ftirilmesi ve \u00c7e\u015fitlendirilmesi\u201d konu ba\u015fl\u0131\u011f\u0131 alt\u0131nda \u2018Kent i\u00e7i Deniz Ula\u015f\u0131m\u0131nda Teknolojik \u0130novasyon\u2019, \u2018Ula\u015f\u0131m Planlamas\u0131 ve Entegrasyonu\u2019, \u2018Yolcu Memnuniyeti ve Eri\u015filebilirlik\u2019, \u2018Risk Y\u00f6netimi, Emniyet ve G\u00fcvenlik\u2019, \u2018Deniz Ula\u015ft\u0131rma Hizmetlerinin \u00c7e\u015fitlendirilmesi,\u2019 \u2018Deniz Ula\u015f\u0131m\u0131nda Acil Durum ve Afet Y\u00f6netimi\u2019 tart\u0131\u015f\u0131ld\u0131.<\/p>\n<p>\u200b\u0130zmir&#8217;de 200 uzmandan, 9 saatlik beyin f\u0131rt\u0131nas\u0131 ile &#8216;K\u00f6rfezin Gelece\u011fi \u0130zmir\u2019in Gelece\u011fi \u00c7al\u0131\u015ftay\u0131&#8217;n\u0131 sonu\u00e7land\u0131rd\u0131\u00a0<\/p>\n<p>\u200bHaberin Al\u0131nt\u0131land\u0131\u011f\u0131 Kaynak: www.iskenderun.org<\/p>","protected":false},"excerpt":{"rendered":"<p>\u0130zmir&#8217;de 200 uzmandan, 9 saatlik beyin f\u0131rt\u0131nas\u0131 ile &#8216;K\u00f6rfezin Gelece\u011fi \u0130zmir\u2019in Gelece\u011fi \u00c7al\u0131\u015ftay\u0131&#8217;n\u0131 sonu\u00e7land\u0131rd\u0131.\u0130ZM\u0130R (\u0130GFA) &#8211; \u0130zmir B\u00fcy\u00fck\u015fehir Belediyesi\u2019nin K\u00f6rfez\u2019in temizlenmesine y\u00f6nelik yol haritas\u0131n\u0131 belirlemek i\u00e7in Tarihi Havagaz\u0131 Fabrikas\u0131\u2019nda d\u00fczenledi\u011fi \u201cK\u00f6rfezin Gelece\u011fi, \u0130zmir\u2019in Gelece\u011fi\u201d ba\u015fl\u0131kl\u0131 \u00e7al\u0131\u015ftay 9 saat s\u00fcrd\u00fc. Alan\u0131nda uluslararas\u0131 \u00e7al\u0131\u015fmalara imza atm\u0131\u015f isimlerin de yer ald\u0131\u011f\u0131 200 uzman, gruplar halinde 3 ba\u015fl\u0131k \u00fczerinde tart\u0131\u015ft\u0131. \u00c7al\u0131\u015ftay\u0131n kapan\u0131\u015f\u0131nda konu\u015fan, \u0130ZDEN\u0130Z Y\u00f6netim Kurulu Ba\u015fkan\u0131 Dr. I\u015f\u0131khan G\u00fcler, \u201c\u0130zmir K\u00f6rfezi hepimizin sorunudur. Evrensel bir sorundur. Daha iyi bir K\u00f6rfez, daha iyi bir kent, denizle bar\u0131\u015f\u0131k bir kent nas\u0131l yaratabiliriz, bunu ba\u015faraca\u011f\u0131z\u201d dedi. D\u00fcnya \u00e7ap\u0131nda s\u00f6z sahibi bilim insanlar\u0131n\u0131 K\u00f6rfezin Gelece\u011fi \u0130zmir\u2019in Gelece\u011fi ba\u015fl\u0131kl\u0131 \u00e7al\u0131\u015ftayda bir araya getiren \u0130zmir B\u00fcy\u00fck\u015fehir Belediyesi, g\u00fcn boyunca yakla\u015f\u0131k 200 ki\u015finin beyin f\u0131rt\u0131nas\u0131yla \u0130zmir K\u00f6rfez\u2019inin temizlenebilmesi i\u00e7in yol haritas\u0131 olu\u015fturdu. Tarihi Havagaz\u0131 Fabrikas\u0131\u2019nda d\u00fczenlenen \u00e7al\u0131\u015ftayda 9 saat boyunca \u00c7in, Norve\u00e7, Avustralya ve ABD\u2019nin yan\u0131 s\u0131ra T\u00fcrkiye\u2019nin farkl\u0131 \u015fehirlerinden gelen uzmanlar K\u00f6rfez Ekolojisinin Korunmas\u0131 ve S\u00fcrd\u00fcr\u00fclebilirli\u011fi, \u0130zmir Deniz Ula\u015f\u0131m\u0131n\u0131n Geli\u015ftirilmesi ve \u00c7e\u015fitlendirilmesi, B\u00fct\u00fcnle\u015fik K\u0131y\u0131 Alan\u0131 Y\u00f6netimi konular\u0131 oda\u011f\u0131nda grupla\u015ft\u0131 ve g\u00fcn sonunda k\u0131sa, orta ve uzun vadede hayata ge\u00e7irilebilecek projeleri belirledi. DAHA \u0130Y\u0130 B\u0130R K\u00d6RFEZ, DEN\u0130ZLE BARI\u015eIK B\u0130R KENT \u00c7al\u0131\u015ftay sonras\u0131nda t\u00fcm kat\u0131l\u0131mc\u0131lara emekleri ve sabr\u0131 i\u00e7in te\u015fekk\u00fcr eden \u0130ZDEN\u0130Z Y\u00f6netim Kurulu Ba\u015fkan\u0131 Dr. I\u015f\u0131khan G\u00fcler, \u201c3 konu \u00fczerinde &hellip;<\/p>","protected":false},"author":0,"featured_media":0,"comment_status":"open","ping_status":"open","sticky":false,"template":"","format":"standard","meta":{"_acf_changed":false,"footnotes":""},"categories":[24,535],"tags":[],"class_list":["post-18106","post","type-post","status-publish","format-standard","has-post-thumbnail","hentry","category-gundem","category-uncategorized-tr"],"acf":[],"yoast_head":"<!-- This site is optimized with the Yoast SEO Premium plugin v26.6 (Yoast SEO v27.1.1) - https:\/\/yoast.com\/product\/yoast-seo-premium-wordpress\/ -->\n<title>\u0130zmir&#039;de 9 saatlik beyin f\u0131rt\u0131nas\u0131 - Av. Deniz Can K\u0131z\u0131l<\/title>\n<meta name=\"robots\" content=\"index, follow, max-snippet:-1, max-image-preview:large, max-video-preview:-1\" \/>\n<link rel=\"canonical\" href=\"http:\/\/denizcankizil.tr\/de\/haberler\/gundem\/izmirde-9-saatlik-beyin-firtinasi\/\" \/>\n<meta property=\"og:locale\" content=\"de_DE\" \/>\n<meta property=\"og:type\" content=\"article\" \/>\n<meta property=\"og:title\" content=\"\u0130zmir&#039;de 9 saatlik beyin f\u0131rt\u0131nas\u0131\" \/>\n<meta property=\"og:description\" content=\"\u0130zmir&#8217;de 200 uzmandan, 9 saatlik beyin f\u0131rt\u0131nas\u0131 ile &#8216;K\u00f6rfezin Gelece\u011fi \u0130zmir\u2019in Gelece\u011fi \u00c7al\u0131\u015ftay\u0131&#8217;n\u0131 sonu\u00e7land\u0131rd\u0131.\u0130ZM\u0130R (\u0130GFA) &#8211; \u0130zmir B\u00fcy\u00fck\u015fehir Belediyesi\u2019nin K\u00f6rfez\u2019in temizlenmesine y\u00f6nelik yol haritas\u0131n\u0131 belirlemek i\u00e7in Tarihi Havagaz\u0131 Fabrikas\u0131\u2019nda d\u00fczenledi\u011fi \u201cK\u00f6rfezin Gelece\u011fi, \u0130zmir\u2019in Gelece\u011fi\u201d ba\u015fl\u0131kl\u0131 \u00e7al\u0131\u015ftay 9 saat s\u00fcrd\u00fc. Alan\u0131nda uluslararas\u0131 \u00e7al\u0131\u015fmalara imza atm\u0131\u015f isimlerin de yer ald\u0131\u011f\u0131 200 uzman, gruplar halinde 3 ba\u015fl\u0131k \u00fczerinde tart\u0131\u015ft\u0131. \u00c7al\u0131\u015ftay\u0131n kapan\u0131\u015f\u0131nda konu\u015fan, \u0130ZDEN\u0130Z Y\u00f6netim Kurulu Ba\u015fkan\u0131 Dr. I\u015f\u0131khan G\u00fcler, \u201c\u0130zmir K\u00f6rfezi hepimizin sorunudur. Evrensel bir sorundur. Daha iyi bir K\u00f6rfez, daha iyi bir kent, denizle bar\u0131\u015f\u0131k bir kent nas\u0131l yaratabiliriz, bunu ba\u015faraca\u011f\u0131z\u201d dedi. D\u00fcnya \u00e7ap\u0131nda s\u00f6z sahibi bilim insanlar\u0131n\u0131 K\u00f6rfezin Gelece\u011fi \u0130zmir\u2019in Gelece\u011fi ba\u015fl\u0131kl\u0131 \u00e7al\u0131\u015ftayda bir araya getiren \u0130zmir B\u00fcy\u00fck\u015fehir Belediyesi, g\u00fcn boyunca yakla\u015f\u0131k 200 ki\u015finin beyin f\u0131rt\u0131nas\u0131yla \u0130zmir K\u00f6rfez\u2019inin temizlenebilmesi i\u00e7in yol haritas\u0131 olu\u015fturdu. Tarihi Havagaz\u0131 Fabrikas\u0131\u2019nda d\u00fczenlenen \u00e7al\u0131\u015ftayda 9 saat boyunca \u00c7in, Norve\u00e7, Avustralya ve ABD\u2019nin yan\u0131 s\u0131ra T\u00fcrkiye\u2019nin farkl\u0131 \u015fehirlerinden gelen uzmanlar K\u00f6rfez Ekolojisinin Korunmas\u0131 ve S\u00fcrd\u00fcr\u00fclebilirli\u011fi, \u0130zmir Deniz Ula\u015f\u0131m\u0131n\u0131n Geli\u015ftirilmesi ve \u00c7e\u015fitlendirilmesi, B\u00fct\u00fcnle\u015fik K\u0131y\u0131 Alan\u0131 Y\u00f6netimi konular\u0131 oda\u011f\u0131nda grupla\u015ft\u0131 ve g\u00fcn sonunda k\u0131sa, orta ve uzun vadede hayata ge\u00e7irilebilecek projeleri belirledi. DAHA \u0130Y\u0130 B\u0130R K\u00d6RFEZ, DEN\u0130ZLE BARI\u015eIK B\u0130R KENT \u00c7al\u0131\u015ftay sonras\u0131nda t\u00fcm kat\u0131l\u0131mc\u0131lara emekleri ve sabr\u0131 i\u00e7in te\u015fekk\u00fcr eden \u0130ZDEN\u0130Z Y\u00f6netim Kurulu Ba\u015fkan\u0131 Dr. I\u015f\u0131khan G\u00fcler, \u201c3 konu \u00fczerinde &hellip;\" \/>\n<meta property=\"og:url\" content=\"http:\/\/denizcankizil.tr\/de\/haberler\/gundem\/izmirde-9-saatlik-beyin-firtinasi\/\" \/>\n<meta property=\"og:site_name\" content=\"Av. Deniz Can K\u0131z\u0131l\" \/>\n<meta property=\"article:published_time\" content=\"2024-11-28T09:41:48+00:00\" \/>\n<meta name=\"twitter:card\" content=\"summary_large_image\" \/>\n<meta name=\"twitter:label1\" content=\"Gesch\u00e4tzte Lesezeit\" \/>\n\t<meta name=\"twitter:data1\" content=\"4\u00a0Minuten\" \/>\n<script type=\"application\/ld+json\" class=\"yoast-schema-graph\">{\"@context\":\"https:\/\/schema.org\",\"@graph\":[{\"@type\":\"Article\",\"@id\":\"http:\/\/denizcankizil.tr\/de\/haberler\/gundem\/izmirde-9-saatlik-beyin-firtinasi\/#article\",\"isPartOf\":{\"@id\":\"http:\/\/denizcankizil.tr\/de\/haberler\/gundem\/izmirde-9-saatlik-beyin-firtinasi\/\"},\"author\":{\"name\":\"\",\"@id\":\"\"},\"headline\":\"\u0130zmir&#8217;de 9 saatlik beyin f\u0131rt\u0131nas\u0131\",\"datePublished\":\"2024-11-28T09:41:48+00:00\",\"mainEntityOfPage\":{\"@id\":\"http:\/\/denizcankizil.tr\/de\/haberler\/gundem\/izmirde-9-saatlik-beyin-firtinasi\/\"},\"wordCount\":790,\"commentCount\":0,\"publisher\":{\"@id\":\"https:\/\/denizcankizil.tr\/#organization\"},\"articleSection\":[\"G\u00fcndem\",\"Uncategorized\"],\"inLanguage\":\"de\",\"potentialAction\":[{\"@type\":\"CommentAction\",\"name\":\"Comment\",\"target\":[\"http:\/\/denizcankizil.tr\/de\/haberler\/gundem\/izmirde-9-saatlik-beyin-firtinasi\/#respond\"]}]},{\"@type\":\"WebPage\",\"@id\":\"http:\/\/denizcankizil.tr\/de\/haberler\/gundem\/izmirde-9-saatlik-beyin-firtinasi\/\",\"url\":\"http:\/\/denizcankizil.tr\/de\/haberler\/gundem\/izmirde-9-saatlik-beyin-firtinasi\/\",\"name\":\"\u0130zmir'de 9 saatlik beyin f\u0131rt\u0131nas\u0131 - Av. Deniz Can K\u0131z\u0131l\",\"isPartOf\":{\"@id\":\"https:\/\/denizcankizil.tr\/#website\"},\"datePublished\":\"2024-11-28T09:41:48+00:00\",\"breadcrumb\":{\"@id\":\"http:\/\/denizcankizil.tr\/de\/haberler\/gundem\/izmirde-9-saatlik-beyin-firtinasi\/#breadcrumb\"},\"inLanguage\":\"de\",\"potentialAction\":[{\"@type\":\"ReadAction\",\"target\":[\"http:\/\/denizcankizil.tr\/de\/haberler\/gundem\/izmirde-9-saatlik-beyin-firtinasi\/\"]}]},{\"@type\":\"BreadcrumbList\",\"@id\":\"http:\/\/denizcankizil.tr\/de\/haberler\/gundem\/izmirde-9-saatlik-beyin-firtinasi\/#breadcrumb\",\"itemListElement\":[{\"@type\":\"ListItem\",\"position\":1,\"name\":\"Home\",\"item\":\"https:\/\/denizcankizil.tr\/uk\/\"},{\"@type\":\"ListItem\",\"position\":2,\"name\":\"\u0130zmir&#8217;de 9 saatlik beyin f\u0131rt\u0131nas\u0131\"}]},{\"@type\":\"WebSite\",\"@id\":\"https:\/\/denizcankizil.tr\/#website\",\"url\":\"https:\/\/denizcankizil.tr\/\",\"name\":\"Av. Deniz Can K\u0131z\u0131l\",\"description\":\"Avukat Deniz Can K\u0131z\u0131l Antalya Barosu\",\"publisher\":{\"@id\":\"https:\/\/denizcankizil.tr\/#organization\"},\"potentialAction\":[{\"@type\":\"SearchAction\",\"target\":{\"@type\":\"EntryPoint\",\"urlTemplate\":\"https:\/\/denizcankizil.tr\/?s={search_term_string}\"},\"query-input\":{\"@type\":\"PropertyValueSpecification\",\"valueRequired\":true,\"valueName\":\"search_term_string\"}}],\"inLanguage\":\"de\"},{\"@type\":\"Organization\",\"@id\":\"https:\/\/denizcankizil.tr\/#organization\",\"name\":\"Av. Deniz Can K\u0131z\u0131l\",\"url\":\"https:\/\/denizcankizil.tr\/\",\"logo\":{\"@type\":\"ImageObject\",\"inLanguage\":\"de\",\"@id\":\"https:\/\/denizcankizil.tr\/#\/schema\/logo\/image\/\",\"url\":\"http:\/\/denizcankizil.tr\/wp-content\/uploads\/2024\/10\/siyah-logo-svg.svg\",\"contentUrl\":\"http:\/\/denizcankizil.tr\/wp-content\/uploads\/2024\/10\/siyah-logo-svg.svg\",\"width\":1080,\"height\":1080,\"caption\":\"Av. Deniz Can K\u0131z\u0131l\"},\"image\":{\"@id\":\"https:\/\/denizcankizil.tr\/#\/schema\/logo\/image\/\"}}]}<\/script>\n<!-- \/ Yoast SEO Premium plugin. -->","yoast_head_json":{"title":"\u0130zmir'de 9 saatlik beyin f\u0131rt\u0131nas\u0131 - Av. Deniz Can K\u0131z\u0131l","robots":{"index":"index","follow":"follow","max-snippet":"max-snippet:-1","max-image-preview":"max-image-preview:large","max-video-preview":"max-video-preview:-1"},"canonical":"http:\/\/denizcankizil.tr\/de\/haberler\/gundem\/izmirde-9-saatlik-beyin-firtinasi\/","og_locale":"de_DE","og_type":"article","og_title":"\u0130zmir'de 9 saatlik beyin f\u0131rt\u0131nas\u0131","og_description":"\u0130zmir&#8217;de 200 uzmandan, 9 saatlik beyin f\u0131rt\u0131nas\u0131 ile &#8216;K\u00f6rfezin Gelece\u011fi \u0130zmir\u2019in Gelece\u011fi \u00c7al\u0131\u015ftay\u0131&#8217;n\u0131 sonu\u00e7land\u0131rd\u0131.\u0130ZM\u0130R (\u0130GFA) &#8211; \u0130zmir B\u00fcy\u00fck\u015fehir Belediyesi\u2019nin K\u00f6rfez\u2019in temizlenmesine y\u00f6nelik yol haritas\u0131n\u0131 belirlemek i\u00e7in Tarihi Havagaz\u0131 Fabrikas\u0131\u2019nda d\u00fczenledi\u011fi \u201cK\u00f6rfezin Gelece\u011fi, \u0130zmir\u2019in Gelece\u011fi\u201d ba\u015fl\u0131kl\u0131 \u00e7al\u0131\u015ftay 9 saat s\u00fcrd\u00fc. Alan\u0131nda uluslararas\u0131 \u00e7al\u0131\u015fmalara imza atm\u0131\u015f isimlerin de yer ald\u0131\u011f\u0131 200 uzman, gruplar halinde 3 ba\u015fl\u0131k \u00fczerinde tart\u0131\u015ft\u0131. \u00c7al\u0131\u015ftay\u0131n kapan\u0131\u015f\u0131nda konu\u015fan, \u0130ZDEN\u0130Z Y\u00f6netim Kurulu Ba\u015fkan\u0131 Dr. I\u015f\u0131khan G\u00fcler, \u201c\u0130zmir K\u00f6rfezi hepimizin sorunudur. Evrensel bir sorundur. Daha iyi bir K\u00f6rfez, daha iyi bir kent, denizle bar\u0131\u015f\u0131k bir kent nas\u0131l yaratabiliriz, bunu ba\u015faraca\u011f\u0131z\u201d dedi. D\u00fcnya \u00e7ap\u0131nda s\u00f6z sahibi bilim insanlar\u0131n\u0131 K\u00f6rfezin Gelece\u011fi \u0130zmir\u2019in Gelece\u011fi ba\u015fl\u0131kl\u0131 \u00e7al\u0131\u015ftayda bir araya getiren \u0130zmir B\u00fcy\u00fck\u015fehir Belediyesi, g\u00fcn boyunca yakla\u015f\u0131k 200 ki\u015finin beyin f\u0131rt\u0131nas\u0131yla \u0130zmir K\u00f6rfez\u2019inin temizlenebilmesi i\u00e7in yol haritas\u0131 olu\u015fturdu. Tarihi Havagaz\u0131 Fabrikas\u0131\u2019nda d\u00fczenlenen \u00e7al\u0131\u015ftayda 9 saat boyunca \u00c7in, Norve\u00e7, Avustralya ve ABD\u2019nin yan\u0131 s\u0131ra T\u00fcrkiye\u2019nin farkl\u0131 \u015fehirlerinden gelen uzmanlar K\u00f6rfez Ekolojisinin Korunmas\u0131 ve S\u00fcrd\u00fcr\u00fclebilirli\u011fi, \u0130zmir Deniz Ula\u015f\u0131m\u0131n\u0131n Geli\u015ftirilmesi ve \u00c7e\u015fitlendirilmesi, B\u00fct\u00fcnle\u015fik K\u0131y\u0131 Alan\u0131 Y\u00f6netimi konular\u0131 oda\u011f\u0131nda grupla\u015ft\u0131 ve g\u00fcn sonunda k\u0131sa, orta ve uzun vadede hayata ge\u00e7irilebilecek projeleri belirledi. DAHA \u0130Y\u0130 B\u0130R K\u00d6RFEZ, DEN\u0130ZLE BARI\u015eIK B\u0130R KENT \u00c7al\u0131\u015ftay sonras\u0131nda t\u00fcm kat\u0131l\u0131mc\u0131lara emekleri ve sabr\u0131 i\u00e7in te\u015fekk\u00fcr eden \u0130ZDEN\u0130Z Y\u00f6netim Kurulu Ba\u015fkan\u0131 Dr. I\u015f\u0131khan G\u00fcler, \u201c3 konu \u00fczerinde &hellip;","og_url":"http:\/\/denizcankizil.tr\/de\/haberler\/gundem\/izmirde-9-saatlik-beyin-firtinasi\/","og_site_name":"Av. Deniz Can K\u0131z\u0131l","article_published_time":"2024-11-28T09:41:48+00:00","twitter_card":"summary_large_image","twitter_misc":{"Gesch\u00e4tzte Lesezeit":"4\u00a0Minuten"},"schema":{"@context":"https:\/\/schema.org","@graph":[{"@type":"Article","@id":"http:\/\/denizcankizil.tr\/de\/haberler\/gundem\/izmirde-9-saatlik-beyin-firtinasi\/#article","isPartOf":{"@id":"http:\/\/denizcankizil.tr\/de\/haberler\/gundem\/izmirde-9-saatlik-beyin-firtinasi\/"},"author":{"name":"","@id":""},"headline":"\u0130zmir&#8217;de 9 saatlik beyin f\u0131rt\u0131nas\u0131","datePublished":"2024-11-28T09:41:48+00:00","mainEntityOfPage":{"@id":"http:\/\/denizcankizil.tr\/de\/haberler\/gundem\/izmirde-9-saatlik-beyin-firtinasi\/"},"wordCount":790,"commentCount":0,"publisher":{"@id":"https:\/\/denizcankizil.tr\/#organization"},"articleSection":["G\u00fcndem","Uncategorized"],"inLanguage":"de","potentialAction":[{"@type":"CommentAction","name":"Comment","target":["http:\/\/denizcankizil.tr\/de\/haberler\/gundem\/izmirde-9-saatlik-beyin-firtinasi\/#respond"]}]},{"@type":"WebPage","@id":"http:\/\/denizcankizil.tr\/de\/haberler\/gundem\/izmirde-9-saatlik-beyin-firtinasi\/","url":"http:\/\/denizcankizil.tr\/de\/haberler\/gundem\/izmirde-9-saatlik-beyin-firtinasi\/","name":"\u0130zmir'de 9 saatlik beyin f\u0131rt\u0131nas\u0131 - Av. Deniz Can K\u0131z\u0131l","isPartOf":{"@id":"https:\/\/denizcankizil.tr\/#website"},"datePublished":"2024-11-28T09:41:48+00:00","breadcrumb":{"@id":"http:\/\/denizcankizil.tr\/de\/haberler\/gundem\/izmirde-9-saatlik-beyin-firtinasi\/#breadcrumb"},"inLanguage":"de","potentialAction":[{"@type":"ReadAction","target":["http:\/\/denizcankizil.tr\/de\/haberler\/gundem\/izmirde-9-saatlik-beyin-firtinasi\/"]}]},{"@type":"BreadcrumbList","@id":"http:\/\/denizcankizil.tr\/de\/haberler\/gundem\/izmirde-9-saatlik-beyin-firtinasi\/#breadcrumb","itemListElement":[{"@type":"ListItem","position":1,"name":"Home","item":"https:\/\/denizcankizil.tr\/uk\/"},{"@type":"ListItem","position":2,"name":"\u0130zmir&#8217;de 9 saatlik beyin f\u0131rt\u0131nas\u0131"}]},{"@type":"WebSite","@id":"https:\/\/denizcankizil.tr\/#website","url":"https:\/\/denizcankizil.tr\/","name":"Av. Deniz Can K\u0131z\u0131l","description":"Avukat Deniz Can K\u0131z\u0131l Antalya Barosu","publisher":{"@id":"https:\/\/denizcankizil.tr\/#organization"},"potentialAction":[{"@type":"SearchAction","target":{"@type":"EntryPoint","urlTemplate":"https:\/\/denizcankizil.tr\/?s={search_term_string}"},"query-input":{"@type":"PropertyValueSpecification","valueRequired":true,"valueName":"search_term_string"}}],"inLanguage":"de"},{"@type":"Organization","@id":"https:\/\/denizcankizil.tr\/#organization","name":"Av. Deniz Can K\u0131z\u0131l","url":"https:\/\/denizcankizil.tr\/","logo":{"@type":"ImageObject","inLanguage":"de","@id":"https:\/\/denizcankizil.tr\/#\/schema\/logo\/image\/","url":"http:\/\/denizcankizil.tr\/wp-content\/uploads\/2024\/10\/siyah-logo-svg.svg","contentUrl":"http:\/\/denizcankizil.tr\/wp-content\/uploads\/2024\/10\/siyah-logo-svg.svg","width":1080,"height":1080,"caption":"Av. Deniz Can K\u0131z\u0131l"},"image":{"@id":"https:\/\/denizcankizil.tr\/#\/schema\/logo\/image\/"}}]}},"_links":{"self":[{"href":"http:\/\/denizcankizil.tr\/de\/wp-json\/wp\/v2\/posts\/18106","targetHints":{"allow":["GET"]}}],"collection":[{"href":"http:\/\/denizcankizil.tr\/de\/wp-json\/wp\/v2\/posts"}],"about":[{"href":"http:\/\/denizcankizil.tr\/de\/wp-json\/wp\/v2\/types\/post"}],"replies":[{"embeddable":true,"href":"http:\/\/denizcankizil.tr\/de\/wp-json\/wp\/v2\/comments?post=18106"}],"version-history":[{"count":0,"href":"http:\/\/denizcankizil.tr\/de\/wp-json\/wp\/v2\/posts\/18106\/revisions"}],"wp:attachment":[{"href":"http:\/\/denizcankizil.tr\/de\/wp-json\/wp\/v2\/media?parent=18106"}],"wp:term":[{"taxonomy":"category","embeddable":true,"href":"http:\/\/denizcankizil.tr\/de\/wp-json\/wp\/v2\/categories?post=18106"},{"taxonomy":"post_tag","embeddable":true,"href":"http:\/\/denizcankizil.tr\/de\/wp-json\/wp\/v2\/tags?post=18106"}],"curies":[{"name":"wp","href":"https:\/\/api.w.org\/{rel}","templated":true}]}}