{"id":17977,"date":"2024-11-27T17:41:47","date_gmt":"2024-11-27T14:41:47","guid":{"rendered":"https:\/\/denizcankizil.tr\/uncategorized-tr\/basin-ilanda-ilan-fiyat-artis-onergesi-reddedildi\/"},"modified":"2024-11-27T17:41:47","modified_gmt":"2024-11-27T14:41:47","slug":"basin-ilanda-ilan-fiyat-artis-onergesi-reddedildi","status":"publish","type":"post","link":"http:\/\/denizcankizil.tr\/de\/haberler\/gundem\/basin-ilanda-ilan-fiyat-artis-onergesi-reddedildi\/","title":{"rendered":"Bas\u0131n \u0130lan\u2019da ilan fiyat art\u0131\u015f \u00f6nergesi reddedildi"},"content":{"rendered":"<p>Bas\u0131n \u0130lan Kurumu (B\u0130K) genel kurulu \u0130stanbul\u2019da topland\u0131. Resmi ilan fiyat tarifesine asgari y\u00fczde 50 zam yap\u0131lmas\u0131 talebiyle verilen iki \u00f6nergenin g\u00fcndeme al\u0131nmas\u0131 kabul edilmedi.\u0130STANBUL (\u0130GFA) &#8211;\u00a0Toplant\u0131n\u0131n a\u00e7\u0131l\u0131\u015f konu\u015fmas\u0131n\u0131 yapan B\u0130K Genel M\u00fcd\u00fcr\u00fc Cavit Erk\u0131l\u0131n\u00e7, genel kurula gelecek olan zamla ilgili B\u0130K Y\u00f6netim Kurulu\u2019nun 2025 y\u0131l\u0131 ilan tarife \u00f6nerisinin genel kurul \u00f6ncesinde a\u00e7\u0131klanmas\u0131na tepki g\u00f6sterdi. K\u00fcresel Gazeteciler Konseyi (KGK) Genel Ba\u015fkan\u0131 ve B\u0130K Genel Kurul \u00fcyesi Mehmet Ali Dim\u2019i isim vererek su\u00e7layan Erk\u0131l\u0131n\u00e7, \u201cGazete sahiplerine mesaj at\u0131larak, zam oran\u0131n\u0131n az oldu\u011fu ve artt\u0131r\u0131lmas\u0131 gerekti\u011fi ile ilgili destek istenmesini do\u011fru bulmuyorum. Bu konuda nihai karar\u0131 genel kurulumuz verecektir\u201d dedi.<br \/>\n\u00d6NERGELER REDDED\u0130LD\u0130<br \/>\nDaha sonra g\u00fcndeme eklenmesi talebiyle genel kurul divan ba\u015fkanl\u0131\u011f\u0131na K\u00fcresel Gazeteciler Konseyi (KGK) Genel Ba\u015fkan\u0131 Mehmet Ali Dim ve \u0130zmir Gazeteciler Cemiyeti Ba\u015fkan\u0131 Dilek Gappi taraf\u0131ndan sunulan ve 2025 y\u0131l\u0131nda uygulanacak ilan fiyat tarifesine yap\u0131lacak zam oran\u0131n\u0131n artt\u0131r\u0131lmas\u0131 talebini i\u00e7eren \u00f6nergeler kabul edilmedi. Her iki \u00f6nerge de B\u0130K Y\u00f6netim Kurulu taraf\u0131ndan belirlenerek genel kurulun onay\u0131na sunulan yerel bas\u0131n i\u00e7in y\u00fczde 32, yayg\u0131n bas\u0131n i\u00e7in y\u00fczde 24 oran\u0131ndaki zam oran\u0131n\u0131n, artan maliyetler ve y\u00fcksek enflasyon oran\u0131 dikkate al\u0131narak her iki kategori i\u00e7in de minimum y\u00fczde 50\u2019ye \u00e7\u0131kart\u0131lmas\u0131n\u0131 \u00f6ng\u00f6r\u00fcyordu. Ancak, genel kurul ba\u015fkanl\u0131k divan\u0131na sunulan \u00f6nergelerin g\u00fcndeme al\u0131nmas\u0131 oy \u00e7oklu\u011fuyla reddedildi. Cuma g\u00fcn\u00fc yap\u0131lacak toplant\u0131da y\u00f6netim kurulunun \u00f6nerdi\u011fi \u015fekliyle ilan tarifesine zam oran\u0131n\u0131n kabul edilerek Ankara\u2019n\u0131n onay\u0131na sunulmas\u0131 kesinle\u015fmi\u015f oldu.<br \/>\nKGK Genel Ba\u015fkan\u0131 Dim taraf\u0131ndan verilen \u00f6nerge \u015fu \u015fekilde:<br \/>\nGenel Kurul Divan Ba\u015fkanl\u0131\u011f\u0131na<br \/>\nResmi \u0130lan Fiyat Tarifesi\u2019ne 1 Ocak 2025 tarihinden ge\u00e7erli zam oran\u0131n\u0131n belirlenmesi konusunda Y\u00f6netim Kurulu taraf\u0131ndan S\u00fctun\/cm-Kutu fiyat\u0131; sat\u0131\u015f\u0131 50 binin alt\u0131nda olan gazeteler ile 1, 2, 3, 4, 5. Kategori internet haber siteleri i\u00e7in mevcut y\u00fczde 32,14 oran\u0131nda art\u0131r\u0131larak 140,-TL\u2019den 185,-TL\u2019ye; sat\u0131\u015f\u0131 50 binin \u00fcst\u00fcnde olan gazeteler ile Genel Kategori internet haber siteleri i\u00e7in mevcut y\u00fczde 23,53 oran\u0131nda art\u0131r\u0131larak 170,-TL\u2019den 210-TL\u2019ye; \u00e7\u0131kar\u0131lmas\u0131 \u00f6nerilmi\u015ftir.\u0130\u00e7inde bulundu\u011fumuz ekonomik \u015fartlar dolay\u0131s\u0131yla s\u00f6z konusu 4 numaral\u0131 Y\u00f6netim Kurulu teklifi ne yaz\u0131k ki, rasyonel de\u011fildir. Bilindi\u011fi \u00fczere; tarifeye yap\u0131lacak bu zam, Say\u0131n Cumhurba\u015fkan\u0131m\u0131z\u0131n onaylamas\u0131 halinde 1 Ocak 2025 tarihinden ge\u00e7erli olacak ve en az bir y\u0131l uygulanacakt\u0131r.Gerek hepimizin ya\u015fad\u0131\u011f\u0131 y\u00fcksek enflasyon ortam\u0131 ve gerekse \u00f6zellikle sekt\u00f6rden gelen Genel Kurul \u00fcyelerimizin de \u00e7ok iyi bildi\u011fi gibi personel ve di\u011fer girdi maliyetlerindeki art\u0131\u015flar medya i\u015fletmelerini mali a\u00e7\u0131dan kendilerini \u00e7eviremez duruma getirmi\u015ftir. Sahadaki arkada\u015flar\u0131m\u0131zla yapt\u0131\u011f\u0131m\u0131z isti\u015fareler neticesinde yerel ve ulusal t\u00fcm s\u00fcreli yay\u0131nlar i\u00e7in ayn\u0131 oranda olmak kayd\u0131yla, rasyonel bir zam oran\u0131n\u0131n belirlenmesi ka\u00e7\u0131n\u0131lmazd\u0131r.Bu itibarla, yerel ve ulusal t\u00fcm s\u00fcreli yay\u0131nlar\u0131n Resmi \u0130lan Fiyat Tarifesinin y\u00fczde 50 oran\u0131nda art\u0131r\u0131larak S\u00fctun\/cm-Kutu fiyat\u0131n\u0131n; sat\u0131\u015f\u0131 50 binin alt\u0131nda olan gazeteler ile 1, 2, 3, 4, 5. Kategori internet haber siteleri i\u00e7in 140,-TL\u2019den 210,-TL\u2019ye; sat\u0131\u015f\u0131 50 binin \u00fcst\u00fcnde olan gazeteler ile Genel Kategori internet haber siteleri i\u00e7in de 170,-TL\u2019den 255,-TL\u2019ye \u00e7\u0131kar\u0131lmas\u0131na dair teklifimizi i\u00e7eren bu \u00f6nergemizin g\u00fcndeme al\u0131nmas\u0131 ve 4 numaral\u0131 Y\u00f6netim Kurulu teklifi ile beraber g\u00f6r\u00fc\u015f\u00fclerek kab\u00fcl\u00fcn\u00fc arz ve teklif ederiz.<\/p>\n<p>\u200bBas\u0131n \u0130lan Kurumu (B\u0130K) genel kurulu \u0130stanbul\u2019da topland\u0131  Resmi ilan fiyat tarifesine asgari y\u00fczde 50 zam yap\u0131lmas\u0131 talebiyle verilen iki \u00f6nergenin g\u00fcndeme al\u0131nmas\u0131 kabul edilmedi\u00a0<\/p>\n<p>\u200bHaberin Al\u0131nt\u0131land\u0131\u011f\u0131 Kaynak: www.iskenderun.org<\/p>","protected":false},"excerpt":{"rendered":"<p>Bas\u0131n \u0130lan Kurumu (B\u0130K) genel kurulu \u0130stanbul\u2019da topland\u0131. Resmi ilan fiyat tarifesine asgari y\u00fczde 50 zam yap\u0131lmas\u0131 talebiyle verilen iki \u00f6nergenin g\u00fcndeme al\u0131nmas\u0131 kabul edilmedi.\u0130STANBUL (\u0130GFA) &#8211;\u00a0Toplant\u0131n\u0131n a\u00e7\u0131l\u0131\u015f konu\u015fmas\u0131n\u0131 yapan B\u0130K Genel M\u00fcd\u00fcr\u00fc Cavit Erk\u0131l\u0131n\u00e7, genel kurula gelecek olan zamla ilgili B\u0130K Y\u00f6netim Kurulu\u2019nun 2025 y\u0131l\u0131 ilan tarife \u00f6nerisinin genel kurul \u00f6ncesinde a\u00e7\u0131klanmas\u0131na tepki g\u00f6sterdi. K\u00fcresel Gazeteciler Konseyi (KGK) Genel Ba\u015fkan\u0131 ve B\u0130K Genel Kurul \u00fcyesi Mehmet Ali Dim\u2019i isim vererek su\u00e7layan Erk\u0131l\u0131n\u00e7, \u201cGazete sahiplerine mesaj at\u0131larak, zam oran\u0131n\u0131n az oldu\u011fu ve artt\u0131r\u0131lmas\u0131 gerekti\u011fi ile ilgili destek istenmesini do\u011fru bulmuyorum. Bu konuda nihai karar\u0131 genel kurulumuz verecektir\u201d dedi. \u00d6NERGELER REDDED\u0130LD\u0130 Daha sonra g\u00fcndeme eklenmesi talebiyle genel kurul divan ba\u015fkanl\u0131\u011f\u0131na K\u00fcresel Gazeteciler Konseyi (KGK) Genel Ba\u015fkan\u0131 Mehmet Ali Dim ve \u0130zmir Gazeteciler Cemiyeti Ba\u015fkan\u0131 Dilek Gappi taraf\u0131ndan sunulan ve 2025 y\u0131l\u0131nda uygulanacak ilan fiyat tarifesine yap\u0131lacak zam oran\u0131n\u0131n artt\u0131r\u0131lmas\u0131 talebini i\u00e7eren \u00f6nergeler kabul edilmedi. Her iki \u00f6nerge de B\u0130K Y\u00f6netim Kurulu taraf\u0131ndan belirlenerek genel kurulun onay\u0131na sunulan yerel bas\u0131n i\u00e7in y\u00fczde 32, yayg\u0131n bas\u0131n i\u00e7in y\u00fczde 24 oran\u0131ndaki zam oran\u0131n\u0131n, artan maliyetler ve y\u00fcksek enflasyon oran\u0131 dikkate al\u0131narak her iki kategori i\u00e7in de minimum y\u00fczde 50\u2019ye \u00e7\u0131kart\u0131lmas\u0131n\u0131 \u00f6ng\u00f6r\u00fcyordu. Ancak, genel kurul ba\u015fkanl\u0131k divan\u0131na sunulan \u00f6nergelerin g\u00fcndeme al\u0131nmas\u0131 oy \u00e7oklu\u011fuyla reddedildi. Cuma &hellip;<\/p>","protected":false},"author":0,"featured_media":0,"comment_status":"open","ping_status":"open","sticky":false,"template":"","format":"standard","meta":{"_acf_changed":false,"footnotes":""},"categories":[24,535],"tags":[],"class_list":["post-17977","post","type-post","status-publish","format-standard","has-post-thumbnail","hentry","category-gundem","category-uncategorized-tr"],"acf":[],"yoast_head":"<!-- This site is optimized with the Yoast SEO Premium plugin v26.6 (Yoast SEO v27.1.1) - https:\/\/yoast.com\/product\/yoast-seo-premium-wordpress\/ -->\n<title>Bas\u0131n \u0130lan\u2019da ilan fiyat art\u0131\u015f \u00f6nergesi reddedildi - Av. Deniz Can K\u0131z\u0131l<\/title>\n<meta name=\"robots\" content=\"index, follow, max-snippet:-1, max-image-preview:large, max-video-preview:-1\" \/>\n<link rel=\"canonical\" href=\"https:\/\/denizcankizil.tr\/de\/haberler\/gundem\/basin-ilanda-ilan-fiyat-artis-onergesi-reddedildi\/\" \/>\n<meta property=\"og:locale\" content=\"de_DE\" \/>\n<meta property=\"og:type\" content=\"article\" \/>\n<meta property=\"og:title\" content=\"Bas\u0131n \u0130lan\u2019da ilan fiyat art\u0131\u015f \u00f6nergesi reddedildi\" \/>\n<meta property=\"og:description\" content=\"Bas\u0131n \u0130lan Kurumu (B\u0130K) genel kurulu \u0130stanbul\u2019da topland\u0131. Resmi ilan fiyat tarifesine asgari y\u00fczde 50 zam yap\u0131lmas\u0131 talebiyle verilen iki \u00f6nergenin g\u00fcndeme al\u0131nmas\u0131 kabul edilmedi.\u0130STANBUL (\u0130GFA) &#8211;\u00a0Toplant\u0131n\u0131n a\u00e7\u0131l\u0131\u015f konu\u015fmas\u0131n\u0131 yapan B\u0130K Genel M\u00fcd\u00fcr\u00fc Cavit Erk\u0131l\u0131n\u00e7, genel kurula gelecek olan zamla ilgili B\u0130K Y\u00f6netim Kurulu\u2019nun 2025 y\u0131l\u0131 ilan tarife \u00f6nerisinin genel kurul \u00f6ncesinde a\u00e7\u0131klanmas\u0131na tepki g\u00f6sterdi. K\u00fcresel Gazeteciler Konseyi (KGK) Genel Ba\u015fkan\u0131 ve B\u0130K Genel Kurul \u00fcyesi Mehmet Ali Dim\u2019i isim vererek su\u00e7layan Erk\u0131l\u0131n\u00e7, \u201cGazete sahiplerine mesaj at\u0131larak, zam oran\u0131n\u0131n az oldu\u011fu ve artt\u0131r\u0131lmas\u0131 gerekti\u011fi ile ilgili destek istenmesini do\u011fru bulmuyorum. Bu konuda nihai karar\u0131 genel kurulumuz verecektir\u201d dedi. \u00d6NERGELER REDDED\u0130LD\u0130 Daha sonra g\u00fcndeme eklenmesi talebiyle genel kurul divan ba\u015fkanl\u0131\u011f\u0131na K\u00fcresel Gazeteciler Konseyi (KGK) Genel Ba\u015fkan\u0131 Mehmet Ali Dim ve \u0130zmir Gazeteciler Cemiyeti Ba\u015fkan\u0131 Dilek Gappi taraf\u0131ndan sunulan ve 2025 y\u0131l\u0131nda uygulanacak ilan fiyat tarifesine yap\u0131lacak zam oran\u0131n\u0131n artt\u0131r\u0131lmas\u0131 talebini i\u00e7eren \u00f6nergeler kabul edilmedi. Her iki \u00f6nerge de B\u0130K Y\u00f6netim Kurulu taraf\u0131ndan belirlenerek genel kurulun onay\u0131na sunulan yerel bas\u0131n i\u00e7in y\u00fczde 32, yayg\u0131n bas\u0131n i\u00e7in y\u00fczde 24 oran\u0131ndaki zam oran\u0131n\u0131n, artan maliyetler ve y\u00fcksek enflasyon oran\u0131 dikkate al\u0131narak her iki kategori i\u00e7in de minimum y\u00fczde 50\u2019ye \u00e7\u0131kart\u0131lmas\u0131n\u0131 \u00f6ng\u00f6r\u00fcyordu. Ancak, genel kurul ba\u015fkanl\u0131k divan\u0131na sunulan \u00f6nergelerin g\u00fcndeme al\u0131nmas\u0131 oy \u00e7oklu\u011fuyla reddedildi. Cuma &hellip;\" \/>\n<meta property=\"og:url\" content=\"https:\/\/denizcankizil.tr\/de\/haberler\/gundem\/basin-ilanda-ilan-fiyat-artis-onergesi-reddedildi\/\" \/>\n<meta property=\"og:site_name\" content=\"Av. Deniz Can K\u0131z\u0131l\" \/>\n<meta property=\"article:published_time\" content=\"2024-11-27T14:41:47+00:00\" \/>\n<meta name=\"twitter:card\" content=\"summary_large_image\" \/>\n<meta name=\"twitter:label1\" content=\"Gesch\u00e4tzte Lesezeit\" \/>\n\t<meta name=\"twitter:data1\" content=\"3\u00a0Minuten\" \/>\n<script type=\"application\/ld+json\" class=\"yoast-schema-graph\">{\"@context\":\"https:\/\/schema.org\",\"@graph\":[{\"@type\":\"Article\",\"@id\":\"https:\/\/denizcankizil.tr\/ru\/haberler\/gundem\/basin-ilanda-ilan-fiyat-artis-onergesi-reddedildi\/#article\",\"isPartOf\":{\"@id\":\"https:\/\/denizcankizil.tr\/ru\/haberler\/gundem\/basin-ilanda-ilan-fiyat-artis-onergesi-reddedildi\/\"},\"author\":{\"name\":\"\",\"@id\":\"\"},\"headline\":\"Bas\u0131n \u0130lan\u2019da ilan fiyat art\u0131\u015f \u00f6nergesi reddedildi\",\"datePublished\":\"2024-11-27T14:41:47+00:00\",\"mainEntityOfPage\":{\"@id\":\"https:\/\/denizcankizil.tr\/ru\/haberler\/gundem\/basin-ilanda-ilan-fiyat-artis-onergesi-reddedildi\/\"},\"wordCount\":682,\"commentCount\":0,\"publisher\":{\"@id\":\"https:\/\/denizcankizil.tr\/de\/#organization\"},\"articleSection\":[\"G\u00fcndem\",\"Uncategorized\"],\"inLanguage\":\"de\",\"potentialAction\":[{\"@type\":\"CommentAction\",\"name\":\"Comment\",\"target\":[\"https:\/\/denizcankizil.tr\/ru\/haberler\/gundem\/basin-ilanda-ilan-fiyat-artis-onergesi-reddedildi\/#respond\"]}]},{\"@type\":\"WebPage\",\"@id\":\"https:\/\/denizcankizil.tr\/ru\/haberler\/gundem\/basin-ilanda-ilan-fiyat-artis-onergesi-reddedildi\/\",\"url\":\"https:\/\/denizcankizil.tr\/ru\/haberler\/gundem\/basin-ilanda-ilan-fiyat-artis-onergesi-reddedildi\/\",\"name\":\"Bas\u0131n \u0130lan\u2019da ilan fiyat art\u0131\u015f \u00f6nergesi reddedildi - Av. Deniz Can K\u0131z\u0131l\",\"isPartOf\":{\"@id\":\"https:\/\/denizcankizil.tr\/de\/#website\"},\"datePublished\":\"2024-11-27T14:41:47+00:00\",\"breadcrumb\":{\"@id\":\"https:\/\/denizcankizil.tr\/ru\/haberler\/gundem\/basin-ilanda-ilan-fiyat-artis-onergesi-reddedildi\/#breadcrumb\"},\"inLanguage\":\"de\",\"potentialAction\":[{\"@type\":\"ReadAction\",\"target\":[\"https:\/\/denizcankizil.tr\/ru\/haberler\/gundem\/basin-ilanda-ilan-fiyat-artis-onergesi-reddedildi\/\"]}]},{\"@type\":\"BreadcrumbList\",\"@id\":\"https:\/\/denizcankizil.tr\/ru\/haberler\/gundem\/basin-ilanda-ilan-fiyat-artis-onergesi-reddedildi\/#breadcrumb\",\"itemListElement\":[{\"@type\":\"ListItem\",\"position\":1,\"name\":\"Home\",\"item\":\"https:\/\/denizcankizil.tr\/de\/\"},{\"@type\":\"ListItem\",\"position\":2,\"name\":\"Bas\u0131n \u0130lan\u2019da ilan fiyat art\u0131\u015f \u00f6nergesi reddedildi\"}]},{\"@type\":\"WebSite\",\"@id\":\"https:\/\/denizcankizil.tr\/de\/#website\",\"url\":\"https:\/\/denizcankizil.tr\/de\/\",\"name\":\"Av. Deniz Can K\u0131z\u0131l\",\"description\":\"Avukat Deniz Can K\u0131z\u0131l Antalya Barosu\",\"publisher\":{\"@id\":\"https:\/\/denizcankizil.tr\/de\/#organization\"},\"potentialAction\":[{\"@type\":\"SearchAction\",\"target\":{\"@type\":\"EntryPoint\",\"urlTemplate\":\"https:\/\/denizcankizil.tr\/de\/?s={search_term_string}\"},\"query-input\":{\"@type\":\"PropertyValueSpecification\",\"valueRequired\":true,\"valueName\":\"search_term_string\"}}],\"inLanguage\":\"de\"},{\"@type\":\"Organization\",\"@id\":\"https:\/\/denizcankizil.tr\/de\/#organization\",\"name\":\"Av. Deniz Can K\u0131z\u0131l\",\"url\":\"https:\/\/denizcankizil.tr\/de\/\",\"logo\":{\"@type\":\"ImageObject\",\"inLanguage\":\"de\",\"@id\":\"https:\/\/denizcankizil.tr\/de\/#\/schema\/logo\/image\/\",\"url\":\"http:\/\/denizcankizil.tr\/wp-content\/uploads\/2024\/10\/siyah-logo-svg.svg\",\"contentUrl\":\"http:\/\/denizcankizil.tr\/wp-content\/uploads\/2024\/10\/siyah-logo-svg.svg\",\"width\":1080,\"height\":1080,\"caption\":\"Av. Deniz Can K\u0131z\u0131l\"},\"image\":{\"@id\":\"https:\/\/denizcankizil.tr\/de\/#\/schema\/logo\/image\/\"}}]}<\/script>\n<!-- \/ Yoast SEO Premium plugin. -->","yoast_head_json":{"title":"Bas\u0131n \u0130lan\u2019da ilan fiyat art\u0131\u015f \u00f6nergesi reddedildi - Av. Deniz Can K\u0131z\u0131l","robots":{"index":"index","follow":"follow","max-snippet":"max-snippet:-1","max-image-preview":"max-image-preview:large","max-video-preview":"max-video-preview:-1"},"canonical":"https:\/\/denizcankizil.tr\/de\/haberler\/gundem\/basin-ilanda-ilan-fiyat-artis-onergesi-reddedildi\/","og_locale":"de_DE","og_type":"article","og_title":"Bas\u0131n \u0130lan\u2019da ilan fiyat art\u0131\u015f \u00f6nergesi reddedildi","og_description":"Bas\u0131n \u0130lan Kurumu (B\u0130K) genel kurulu \u0130stanbul\u2019da topland\u0131. Resmi ilan fiyat tarifesine asgari y\u00fczde 50 zam yap\u0131lmas\u0131 talebiyle verilen iki \u00f6nergenin g\u00fcndeme al\u0131nmas\u0131 kabul edilmedi.\u0130STANBUL (\u0130GFA) &#8211;\u00a0Toplant\u0131n\u0131n a\u00e7\u0131l\u0131\u015f konu\u015fmas\u0131n\u0131 yapan B\u0130K Genel M\u00fcd\u00fcr\u00fc Cavit Erk\u0131l\u0131n\u00e7, genel kurula gelecek olan zamla ilgili B\u0130K Y\u00f6netim Kurulu\u2019nun 2025 y\u0131l\u0131 ilan tarife \u00f6nerisinin genel kurul \u00f6ncesinde a\u00e7\u0131klanmas\u0131na tepki g\u00f6sterdi. K\u00fcresel Gazeteciler Konseyi (KGK) Genel Ba\u015fkan\u0131 ve B\u0130K Genel Kurul \u00fcyesi Mehmet Ali Dim\u2019i isim vererek su\u00e7layan Erk\u0131l\u0131n\u00e7, \u201cGazete sahiplerine mesaj at\u0131larak, zam oran\u0131n\u0131n az oldu\u011fu ve artt\u0131r\u0131lmas\u0131 gerekti\u011fi ile ilgili destek istenmesini do\u011fru bulmuyorum. Bu konuda nihai karar\u0131 genel kurulumuz verecektir\u201d dedi. \u00d6NERGELER REDDED\u0130LD\u0130 Daha sonra g\u00fcndeme eklenmesi talebiyle genel kurul divan ba\u015fkanl\u0131\u011f\u0131na K\u00fcresel Gazeteciler Konseyi (KGK) Genel Ba\u015fkan\u0131 Mehmet Ali Dim ve \u0130zmir Gazeteciler Cemiyeti Ba\u015fkan\u0131 Dilek Gappi taraf\u0131ndan sunulan ve 2025 y\u0131l\u0131nda uygulanacak ilan fiyat tarifesine yap\u0131lacak zam oran\u0131n\u0131n artt\u0131r\u0131lmas\u0131 talebini i\u00e7eren \u00f6nergeler kabul edilmedi. Her iki \u00f6nerge de B\u0130K Y\u00f6netim Kurulu taraf\u0131ndan belirlenerek genel kurulun onay\u0131na sunulan yerel bas\u0131n i\u00e7in y\u00fczde 32, yayg\u0131n bas\u0131n i\u00e7in y\u00fczde 24 oran\u0131ndaki zam oran\u0131n\u0131n, artan maliyetler ve y\u00fcksek enflasyon oran\u0131 dikkate al\u0131narak her iki kategori i\u00e7in de minimum y\u00fczde 50\u2019ye \u00e7\u0131kart\u0131lmas\u0131n\u0131 \u00f6ng\u00f6r\u00fcyordu. Ancak, genel kurul ba\u015fkanl\u0131k divan\u0131na sunulan \u00f6nergelerin g\u00fcndeme al\u0131nmas\u0131 oy \u00e7oklu\u011fuyla reddedildi. Cuma &hellip;","og_url":"https:\/\/denizcankizil.tr\/de\/haberler\/gundem\/basin-ilanda-ilan-fiyat-artis-onergesi-reddedildi\/","og_site_name":"Av. Deniz Can K\u0131z\u0131l","article_published_time":"2024-11-27T14:41:47+00:00","twitter_card":"summary_large_image","twitter_misc":{"Gesch\u00e4tzte Lesezeit":"3\u00a0Minuten"},"schema":{"@context":"https:\/\/schema.org","@graph":[{"@type":"Article","@id":"https:\/\/denizcankizil.tr\/ru\/haberler\/gundem\/basin-ilanda-ilan-fiyat-artis-onergesi-reddedildi\/#article","isPartOf":{"@id":"https:\/\/denizcankizil.tr\/ru\/haberler\/gundem\/basin-ilanda-ilan-fiyat-artis-onergesi-reddedildi\/"},"author":{"name":"","@id":""},"headline":"Bas\u0131n \u0130lan\u2019da ilan fiyat art\u0131\u015f \u00f6nergesi reddedildi","datePublished":"2024-11-27T14:41:47+00:00","mainEntityOfPage":{"@id":"https:\/\/denizcankizil.tr\/ru\/haberler\/gundem\/basin-ilanda-ilan-fiyat-artis-onergesi-reddedildi\/"},"wordCount":682,"commentCount":0,"publisher":{"@id":"https:\/\/denizcankizil.tr\/de\/#organization"},"articleSection":["G\u00fcndem","Uncategorized"],"inLanguage":"de","potentialAction":[{"@type":"CommentAction","name":"Comment","target":["https:\/\/denizcankizil.tr\/ru\/haberler\/gundem\/basin-ilanda-ilan-fiyat-artis-onergesi-reddedildi\/#respond"]}]},{"@type":"WebPage","@id":"https:\/\/denizcankizil.tr\/ru\/haberler\/gundem\/basin-ilanda-ilan-fiyat-artis-onergesi-reddedildi\/","url":"https:\/\/denizcankizil.tr\/ru\/haberler\/gundem\/basin-ilanda-ilan-fiyat-artis-onergesi-reddedildi\/","name":"Bas\u0131n \u0130lan\u2019da ilan fiyat art\u0131\u015f \u00f6nergesi reddedildi - Av. Deniz Can K\u0131z\u0131l","isPartOf":{"@id":"https:\/\/denizcankizil.tr\/de\/#website"},"datePublished":"2024-11-27T14:41:47+00:00","breadcrumb":{"@id":"https:\/\/denizcankizil.tr\/ru\/haberler\/gundem\/basin-ilanda-ilan-fiyat-artis-onergesi-reddedildi\/#breadcrumb"},"inLanguage":"de","potentialAction":[{"@type":"ReadAction","target":["https:\/\/denizcankizil.tr\/ru\/haberler\/gundem\/basin-ilanda-ilan-fiyat-artis-onergesi-reddedildi\/"]}]},{"@type":"BreadcrumbList","@id":"https:\/\/denizcankizil.tr\/ru\/haberler\/gundem\/basin-ilanda-ilan-fiyat-artis-onergesi-reddedildi\/#breadcrumb","itemListElement":[{"@type":"ListItem","position":1,"name":"Home","item":"https:\/\/denizcankizil.tr\/de\/"},{"@type":"ListItem","position":2,"name":"Bas\u0131n \u0130lan\u2019da ilan fiyat art\u0131\u015f \u00f6nergesi reddedildi"}]},{"@type":"WebSite","@id":"https:\/\/denizcankizil.tr\/de\/#website","url":"https:\/\/denizcankizil.tr\/de\/","name":"Av. Deniz Can K\u0131z\u0131l","description":"Avukat Deniz Can K\u0131z\u0131l Antalya Barosu","publisher":{"@id":"https:\/\/denizcankizil.tr\/de\/#organization"},"potentialAction":[{"@type":"SearchAction","target":{"@type":"EntryPoint","urlTemplate":"https:\/\/denizcankizil.tr\/de\/?s={search_term_string}"},"query-input":{"@type":"PropertyValueSpecification","valueRequired":true,"valueName":"search_term_string"}}],"inLanguage":"de"},{"@type":"Organization","@id":"https:\/\/denizcankizil.tr\/de\/#organization","name":"Av. Deniz Can K\u0131z\u0131l","url":"https:\/\/denizcankizil.tr\/de\/","logo":{"@type":"ImageObject","inLanguage":"de","@id":"https:\/\/denizcankizil.tr\/de\/#\/schema\/logo\/image\/","url":"http:\/\/denizcankizil.tr\/wp-content\/uploads\/2024\/10\/siyah-logo-svg.svg","contentUrl":"http:\/\/denizcankizil.tr\/wp-content\/uploads\/2024\/10\/siyah-logo-svg.svg","width":1080,"height":1080,"caption":"Av. Deniz Can K\u0131z\u0131l"},"image":{"@id":"https:\/\/denizcankizil.tr\/de\/#\/schema\/logo\/image\/"}}]}},"_links":{"self":[{"href":"http:\/\/denizcankizil.tr\/de\/wp-json\/wp\/v2\/posts\/17977","targetHints":{"allow":["GET"]}}],"collection":[{"href":"http:\/\/denizcankizil.tr\/de\/wp-json\/wp\/v2\/posts"}],"about":[{"href":"http:\/\/denizcankizil.tr\/de\/wp-json\/wp\/v2\/types\/post"}],"replies":[{"embeddable":true,"href":"http:\/\/denizcankizil.tr\/de\/wp-json\/wp\/v2\/comments?post=17977"}],"version-history":[{"count":0,"href":"http:\/\/denizcankizil.tr\/de\/wp-json\/wp\/v2\/posts\/17977\/revisions"}],"wp:attachment":[{"href":"http:\/\/denizcankizil.tr\/de\/wp-json\/wp\/v2\/media?parent=17977"}],"wp:term":[{"taxonomy":"category","embeddable":true,"href":"http:\/\/denizcankizil.tr\/de\/wp-json\/wp\/v2\/categories?post=17977"},{"taxonomy":"post_tag","embeddable":true,"href":"http:\/\/denizcankizil.tr\/de\/wp-json\/wp\/v2\/tags?post=17977"}],"curies":[{"name":"wp","href":"https:\/\/api.w.org\/{rel}","templated":true}]}}