{"id":17821,"date":"2024-11-26T22:41:33","date_gmt":"2024-11-26T19:41:33","guid":{"rendered":"https:\/\/denizcankizil.tr\/uncategorized-tr\/3-bin-cinli-manisaya-gelecek-manisa-buyuksehir-hazirliklara-basladi\/"},"modified":"2024-11-26T22:41:33","modified_gmt":"2024-11-26T19:41:33","slug":"3-bin-cinli-manisaya-gelecek-manisa-buyuksehir-hazirliklara-basladi","status":"publish","type":"post","link":"http:\/\/denizcankizil.tr\/de\/haberler\/gundem\/3-bin-cinli-manisaya-gelecek-manisa-buyuksehir-hazirliklara-basladi\/","title":{"rendered":"3 bin \u00c7inli Manisa&#8217;ya gelecek! Manisa B\u00fcy\u00fck\u015fehir haz\u0131rl\u0131klara ba\u015flad\u0131"},"content":{"rendered":"<p>Manisa B\u00fcy\u00fck\u015fehir Belediye Ba\u015fkan\u0131 Ferdi Zeyrek, bas\u0131n mensuplar\u0131 ile bir araya geldi. \u015eehirde yat\u0131r\u0131m karar\u0131 alan BYD firmas\u0131n\u0131n yetkilileriyle yapt\u0131klar\u0131 g\u00f6r\u00fc\u015fmede yat\u0131r\u0131mla birlikte yakla\u015f\u0131k 3 bin \u00c7inlinin Manisa&#8217;ya \u00e7al\u0131\u015fmaya gelece\u011fini, fabrikan\u0131n in\u015fa s\u00fcrecinde konteynerlerde bar\u0131nacak \u00c7inlilerin daha sonra Manisa&#8217;ya yerle\u015fece\u011fini \u00f6\u011frendi\u011fini s\u00f6yledi.<\/p>\n<p>\u201c\u00c7\u0130NL\u0130LER \u0130\u00c7\u0130N ALTYAPI KURULACAK\u201d<\/p>\n<p>Manisa&#8217;da kurulacak fabrikada \u00e7al\u0131\u015facak \u00c7inlilerin Manisa&#8217;da ya\u015famas\u0131 i\u00e7in gereken altyap\u0131y\u0131 sa\u011flayacaklar\u0131n\u0131 vurgulayan Zeyrek, \u015f\u00f6yle konu\u015ftu: &#8220;Manisa&#8217;da 601 nitelikli fabrika var ama maalesef beyaz yakal\u0131lar\u0131n bir\u00e7o\u011funun \u00e7evre illerde ya\u015fad\u0131\u011f\u0131n\u0131 ve paras\u0131n\u0131 oralarda harcad\u0131\u011f\u0131n\u0131 g\u00f6rd\u00fck. Ben art\u0131k bunun son bulmas\u0131n\u0131 istiyorum. Manisa&#8217;da kazan\u0131lan paran\u0131n Manisa&#8217;da kalmas\u0131n\u0131 istiyorum. Bunun i\u00e7in baz\u0131 altyap\u0131lar\u0131 olu\u015fturmak gerekiyor. \u00d6ncelikle yeme ve i\u00e7me altyap\u0131s\u0131n\u0131, sosyal hayat altyap\u0131s\u0131n\u0131, k\u00fclt\u00fcrel altyap\u0131y\u0131 ve nitelikli bar\u0131nma ihtiyac\u0131 altyap\u0131s\u0131n\u0131 sa\u011flamam\u0131z gerekiyor.&#8221;<\/p>\n<p>\u00c7\u0130N SOKA\u011eI, NEREDE KURULACAK?<\/p>\n<p>Kentin otel ve e\u011fitim altyap\u0131s\u0131yla da yeni yat\u0131r\u0131mlara haz\u0131rl\u0131kl\u0131 olmas\u0131 gerekti\u011fini, bu ama\u00e7la \u00e7e\u015fitli imar d\u00fczenlemeleri ve yat\u0131r\u0131m g\u00f6r\u00fc\u015fmelerinin bulundu\u011funu dile getiren Zeyrek, BYD&#8217;nin yat\u0131r\u0131m\u0131yla asl\u0131nda hi\u00e7 al\u0131\u015f\u0131k olmad\u0131klar\u0131 bir k\u00fclt\u00fcrle kar\u015f\u0131 kar\u015f\u0131ya kalacaklar\u0131na i\u015faret etti. \u00c7inlilerin yemek ve e\u011flence k\u00fclt\u00fcrlerinin \u00e7ok farkl\u0131 oldu\u011funu aktaran Zeyrek, &#8220;Ben istiyorum ki gelen yakla\u015f\u0131k 2 bin 500-3 bin \u00c7inli karde\u015fimiz Manisa k\u00fclt\u00fcr\u00fcyle ve Manisal\u0131 vatanda\u015flar\u0131m\u0131zla kucakla\u015fs\u0131n. Manisa&#8217;da kazand\u0131klar\u0131 para Manisa&#8217;da kals\u0131n. Bununla birlikte kendilerinin yeme i\u00e7me ve e\u011flence gibi sosyal hayatlar\u0131n\u0131 sa\u011flayabilecek olan bir \u00c7in Soka\u011f\u0131 olu\u015fturmak istiyorum&#8221; ifadelerini kulland\u0131.<\/p>\n<p>\u201cN\u0130TEL\u0130KL\u0130 KONUTLAR OLACAK\u201d<\/p>\n<p>&#8220;\u00c7in Soka\u011f\u0131&#8221; i\u00e7in ilk etapta Laleli Mahallesi&#8217;ndeki bir al\u0131\u015fveri\u015f merkezinin bulundu\u011fu alanda haz\u0131rl\u0131k yapt\u0131klar\u0131n\u0131 belirten Zeyrek, \u015fu bilgileri verdi: &#8220;\u00c7ok nitelikli konutlar olacak orada. Yaln\u0131zca konut, ofis, k\u00fclt\u00fcr merkezi, al\u0131\u015fveri\u015f merkezinden olu\u015fan \u00e7ok b\u00fcy\u00fck bir kompleksten bahsediyorum. Burada bir tane pasaj\u0131 biz \u00c7in Soka\u011f\u0131 olarak tasarl\u0131yoruz. Bunun da yeterli gelmeyece\u011fini g\u00f6r\u00fcyorum. \u0130lk ad\u0131m olarak bu at\u0131lacak. Bundan sonra yap\u0131lacak olan bu \u015fekilde imar planlamalar\u0131ndaki alanlarda da bug\u00fcn \u00c7in olabilir, yar\u0131n ba\u015fka toplumlardan ve milletlerden de yat\u0131r\u0131mlar da gelebilir. Onlar\u0131n hepsine hizmet verebilecek, onlar\u0131 ilk ba\u015fta anlay\u0131p, bir s\u00fcre sonra \u015fehre adapte edebilecek olan projelerin hepsinin alt\u0131na imza ataca\u011f\u0131m.&#8221;<br \/>\n\u00a0<\/p>\n<p>\u200b\u00c7inli otomotiv firmas\u0131 BYD&#8217;nin Manisa&#8217;daki yat\u0131r\u0131m\u0131yla birlikte \u015fehirde g\u00f6rev yapacak 3 bin \u00c7inli i\u00e7in Manisa B\u00fcy\u00fck\u015fehir Belediyesi planlama \u00e7al\u0131\u015fmalar\u0131na ba\u015flad\u0131. Ama\u00e7, kente gelen \u00c7inlilerin sosyal hayata kar\u0131\u015fmas\u0131. Olu\u015fturulacak \u00c7in Soka\u011f\u0131 haz\u0131rl\u0131klar\u0131n ilk ad\u0131m\u0131 olacak&#8230;\u00a0<\/p>\n<p>\u200bHaberin Al\u0131nt\u0131land\u0131\u011f\u0131 Kaynak: www.antalyakorfez.com<\/p>","protected":false},"excerpt":{"rendered":"<p>Manisa B\u00fcy\u00fck\u015fehir Belediye Ba\u015fkan\u0131 Ferdi Zeyrek, bas\u0131n mensuplar\u0131 ile bir araya geldi. \u015eehirde yat\u0131r\u0131m karar\u0131 alan BYD firmas\u0131n\u0131n yetkilileriyle yapt\u0131klar\u0131 g\u00f6r\u00fc\u015fmede yat\u0131r\u0131mla birlikte yakla\u015f\u0131k 3 bin \u00c7inlinin Manisa&#8217;ya \u00e7al\u0131\u015fmaya gelece\u011fini, fabrikan\u0131n in\u015fa s\u00fcrecinde konteynerlerde bar\u0131nacak \u00c7inlilerin daha sonra Manisa&#8217;ya yerle\u015fece\u011fini \u00f6\u011frendi\u011fini s\u00f6yledi. \u201c\u00c7\u0130NL\u0130LER \u0130\u00c7\u0130N ALTYAPI KURULACAK\u201d Manisa&#8217;da kurulacak fabrikada \u00e7al\u0131\u015facak \u00c7inlilerin Manisa&#8217;da ya\u015famas\u0131 i\u00e7in gereken altyap\u0131y\u0131 sa\u011flayacaklar\u0131n\u0131 vurgulayan Zeyrek, \u015f\u00f6yle konu\u015ftu: &#8220;Manisa&#8217;da 601 nitelikli fabrika var ama maalesef beyaz yakal\u0131lar\u0131n bir\u00e7o\u011funun \u00e7evre illerde ya\u015fad\u0131\u011f\u0131n\u0131 ve paras\u0131n\u0131 oralarda harcad\u0131\u011f\u0131n\u0131 g\u00f6rd\u00fck. Ben art\u0131k bunun son bulmas\u0131n\u0131 istiyorum. Manisa&#8217;da kazan\u0131lan paran\u0131n Manisa&#8217;da kalmas\u0131n\u0131 istiyorum. Bunun i\u00e7in baz\u0131 altyap\u0131lar\u0131 olu\u015fturmak gerekiyor. \u00d6ncelikle yeme ve i\u00e7me altyap\u0131s\u0131n\u0131, sosyal hayat altyap\u0131s\u0131n\u0131, k\u00fclt\u00fcrel altyap\u0131y\u0131 ve nitelikli bar\u0131nma ihtiyac\u0131 altyap\u0131s\u0131n\u0131 sa\u011flamam\u0131z gerekiyor.&#8221; \u00c7\u0130N SOKA\u011eI, NEREDE KURULACAK? Kentin otel ve e\u011fitim altyap\u0131s\u0131yla da yeni yat\u0131r\u0131mlara haz\u0131rl\u0131kl\u0131 olmas\u0131 gerekti\u011fini, bu ama\u00e7la \u00e7e\u015fitli imar d\u00fczenlemeleri ve yat\u0131r\u0131m g\u00f6r\u00fc\u015fmelerinin bulundu\u011funu dile getiren Zeyrek, BYD&#8217;nin yat\u0131r\u0131m\u0131yla asl\u0131nda hi\u00e7 al\u0131\u015f\u0131k olmad\u0131klar\u0131 bir k\u00fclt\u00fcrle kar\u015f\u0131 kar\u015f\u0131ya kalacaklar\u0131na i\u015faret etti. \u00c7inlilerin yemek ve e\u011flence k\u00fclt\u00fcrlerinin \u00e7ok farkl\u0131 oldu\u011funu aktaran Zeyrek, &#8220;Ben istiyorum ki gelen yakla\u015f\u0131k 2 bin 500-3 bin \u00c7inli karde\u015fimiz Manisa k\u00fclt\u00fcr\u00fcyle ve Manisal\u0131 vatanda\u015flar\u0131m\u0131zla kucakla\u015fs\u0131n. Manisa&#8217;da kazand\u0131klar\u0131 para Manisa&#8217;da kals\u0131n. Bununla birlikte kendilerinin yeme i\u00e7me ve e\u011flence gibi sosyal hayatlar\u0131n\u0131 sa\u011flayabilecek olan bir \u00c7in &hellip;<\/p>","protected":false},"author":0,"featured_media":0,"comment_status":"open","ping_status":"open","sticky":false,"template":"","format":"standard","meta":{"_acf_changed":false,"footnotes":""},"categories":[24,535],"tags":[],"class_list":["post-17821","post","type-post","status-publish","format-standard","has-post-thumbnail","hentry","category-gundem","category-uncategorized-tr"],"acf":[],"yoast_head":"<!-- This site is optimized with the Yoast SEO Premium plugin v26.6 (Yoast SEO v27.1.1) - https:\/\/yoast.com\/product\/yoast-seo-premium-wordpress\/ -->\n<title>3 bin \u00c7inli Manisa&#039;ya gelecek! Manisa B\u00fcy\u00fck\u015fehir haz\u0131rl\u0131klara ba\u015flad\u0131 - Av. Deniz Can K\u0131z\u0131l<\/title>\n<meta name=\"robots\" content=\"index, follow, max-snippet:-1, max-image-preview:large, max-video-preview:-1\" \/>\n<link rel=\"canonical\" href=\"http:\/\/denizcankizil.tr\/de\/haberler\/gundem\/3-bin-cinli-manisaya-gelecek-manisa-buyuksehir-hazirliklara-basladi\/\" \/>\n<meta property=\"og:locale\" content=\"de_DE\" \/>\n<meta property=\"og:type\" content=\"article\" \/>\n<meta property=\"og:title\" content=\"3 bin \u00c7inli Manisa&#039;ya gelecek! Manisa B\u00fcy\u00fck\u015fehir haz\u0131rl\u0131klara ba\u015flad\u0131\" \/>\n<meta property=\"og:description\" content=\"Manisa B\u00fcy\u00fck\u015fehir Belediye Ba\u015fkan\u0131 Ferdi Zeyrek, bas\u0131n mensuplar\u0131 ile bir araya geldi. \u015eehirde yat\u0131r\u0131m karar\u0131 alan BYD firmas\u0131n\u0131n yetkilileriyle yapt\u0131klar\u0131 g\u00f6r\u00fc\u015fmede yat\u0131r\u0131mla birlikte yakla\u015f\u0131k 3 bin \u00c7inlinin Manisa&#8217;ya \u00e7al\u0131\u015fmaya gelece\u011fini, fabrikan\u0131n in\u015fa s\u00fcrecinde konteynerlerde bar\u0131nacak \u00c7inlilerin daha sonra Manisa&#8217;ya yerle\u015fece\u011fini \u00f6\u011frendi\u011fini s\u00f6yledi. \u201c\u00c7\u0130NL\u0130LER \u0130\u00c7\u0130N ALTYAPI KURULACAK\u201d Manisa&#8217;da kurulacak fabrikada \u00e7al\u0131\u015facak \u00c7inlilerin Manisa&#8217;da ya\u015famas\u0131 i\u00e7in gereken altyap\u0131y\u0131 sa\u011flayacaklar\u0131n\u0131 vurgulayan Zeyrek, \u015f\u00f6yle konu\u015ftu: &#8220;Manisa&#8217;da 601 nitelikli fabrika var ama maalesef beyaz yakal\u0131lar\u0131n bir\u00e7o\u011funun \u00e7evre illerde ya\u015fad\u0131\u011f\u0131n\u0131 ve paras\u0131n\u0131 oralarda harcad\u0131\u011f\u0131n\u0131 g\u00f6rd\u00fck. Ben art\u0131k bunun son bulmas\u0131n\u0131 istiyorum. Manisa&#8217;da kazan\u0131lan paran\u0131n Manisa&#8217;da kalmas\u0131n\u0131 istiyorum. Bunun i\u00e7in baz\u0131 altyap\u0131lar\u0131 olu\u015fturmak gerekiyor. \u00d6ncelikle yeme ve i\u00e7me altyap\u0131s\u0131n\u0131, sosyal hayat altyap\u0131s\u0131n\u0131, k\u00fclt\u00fcrel altyap\u0131y\u0131 ve nitelikli bar\u0131nma ihtiyac\u0131 altyap\u0131s\u0131n\u0131 sa\u011flamam\u0131z gerekiyor.&#8221; \u00c7\u0130N SOKA\u011eI, NEREDE KURULACAK? Kentin otel ve e\u011fitim altyap\u0131s\u0131yla da yeni yat\u0131r\u0131mlara haz\u0131rl\u0131kl\u0131 olmas\u0131 gerekti\u011fini, bu ama\u00e7la \u00e7e\u015fitli imar d\u00fczenlemeleri ve yat\u0131r\u0131m g\u00f6r\u00fc\u015fmelerinin bulundu\u011funu dile getiren Zeyrek, BYD&#8217;nin yat\u0131r\u0131m\u0131yla asl\u0131nda hi\u00e7 al\u0131\u015f\u0131k olmad\u0131klar\u0131 bir k\u00fclt\u00fcrle kar\u015f\u0131 kar\u015f\u0131ya kalacaklar\u0131na i\u015faret etti. \u00c7inlilerin yemek ve e\u011flence k\u00fclt\u00fcrlerinin \u00e7ok farkl\u0131 oldu\u011funu aktaran Zeyrek, &#8220;Ben istiyorum ki gelen yakla\u015f\u0131k 2 bin 500-3 bin \u00c7inli karde\u015fimiz Manisa k\u00fclt\u00fcr\u00fcyle ve Manisal\u0131 vatanda\u015flar\u0131m\u0131zla kucakla\u015fs\u0131n. Manisa&#8217;da kazand\u0131klar\u0131 para Manisa&#8217;da kals\u0131n. Bununla birlikte kendilerinin yeme i\u00e7me ve e\u011flence gibi sosyal hayatlar\u0131n\u0131 sa\u011flayabilecek olan bir \u00c7in &hellip;\" \/>\n<meta property=\"og:url\" content=\"http:\/\/denizcankizil.tr\/de\/haberler\/gundem\/3-bin-cinli-manisaya-gelecek-manisa-buyuksehir-hazirliklara-basladi\/\" \/>\n<meta property=\"og:site_name\" content=\"Av. Deniz Can K\u0131z\u0131l\" \/>\n<meta property=\"article:published_time\" content=\"2024-11-26T19:41:33+00:00\" \/>\n<meta name=\"twitter:card\" content=\"summary_large_image\" \/>\n<meta name=\"twitter:label1\" content=\"Gesch\u00e4tzte Lesezeit\" \/>\n\t<meta name=\"twitter:data1\" content=\"3\u00a0Minuten\" \/>\n<script type=\"application\/ld+json\" class=\"yoast-schema-graph\">{\"@context\":\"https:\/\/schema.org\",\"@graph\":[{\"@type\":\"Article\",\"@id\":\"http:\/\/denizcankizil.tr\/de\/haberler\/gundem\/3-bin-cinli-manisaya-gelecek-manisa-buyuksehir-hazirliklara-basladi\/#article\",\"isPartOf\":{\"@id\":\"http:\/\/denizcankizil.tr\/de\/haberler\/gundem\/3-bin-cinli-manisaya-gelecek-manisa-buyuksehir-hazirliklara-basladi\/\"},\"author\":{\"name\":\"\",\"@id\":\"\"},\"headline\":\"3 bin \u00c7inli Manisa&#8217;ya gelecek! Manisa B\u00fcy\u00fck\u015fehir haz\u0131rl\u0131klara ba\u015flad\u0131\",\"datePublished\":\"2024-11-26T19:41:33+00:00\",\"mainEntityOfPage\":{\"@id\":\"http:\/\/denizcankizil.tr\/de\/haberler\/gundem\/3-bin-cinli-manisaya-gelecek-manisa-buyuksehir-hazirliklara-basladi\/\"},\"wordCount\":537,\"commentCount\":0,\"publisher\":{\"@id\":\"https:\/\/denizcankizil.tr\/#organization\"},\"articleSection\":[\"G\u00fcndem\",\"Uncategorized\"],\"inLanguage\":\"de\",\"potentialAction\":[{\"@type\":\"CommentAction\",\"name\":\"Comment\",\"target\":[\"http:\/\/denizcankizil.tr\/de\/haberler\/gundem\/3-bin-cinli-manisaya-gelecek-manisa-buyuksehir-hazirliklara-basladi\/#respond\"]}]},{\"@type\":\"WebPage\",\"@id\":\"http:\/\/denizcankizil.tr\/de\/haberler\/gundem\/3-bin-cinli-manisaya-gelecek-manisa-buyuksehir-hazirliklara-basladi\/\",\"url\":\"http:\/\/denizcankizil.tr\/de\/haberler\/gundem\/3-bin-cinli-manisaya-gelecek-manisa-buyuksehir-hazirliklara-basladi\/\",\"name\":\"3 bin \u00c7inli Manisa'ya gelecek! Manisa B\u00fcy\u00fck\u015fehir haz\u0131rl\u0131klara ba\u015flad\u0131 - Av. Deniz Can K\u0131z\u0131l\",\"isPartOf\":{\"@id\":\"https:\/\/denizcankizil.tr\/#website\"},\"datePublished\":\"2024-11-26T19:41:33+00:00\",\"breadcrumb\":{\"@id\":\"http:\/\/denizcankizil.tr\/de\/haberler\/gundem\/3-bin-cinli-manisaya-gelecek-manisa-buyuksehir-hazirliklara-basladi\/#breadcrumb\"},\"inLanguage\":\"de\",\"potentialAction\":[{\"@type\":\"ReadAction\",\"target\":[\"http:\/\/denizcankizil.tr\/de\/haberler\/gundem\/3-bin-cinli-manisaya-gelecek-manisa-buyuksehir-hazirliklara-basladi\/\"]}]},{\"@type\":\"BreadcrumbList\",\"@id\":\"http:\/\/denizcankizil.tr\/de\/haberler\/gundem\/3-bin-cinli-manisaya-gelecek-manisa-buyuksehir-hazirliklara-basladi\/#breadcrumb\",\"itemListElement\":[{\"@type\":\"ListItem\",\"position\":1,\"name\":\"Home\",\"item\":\"https:\/\/denizcankizil.tr\/de\/\"},{\"@type\":\"ListItem\",\"position\":2,\"name\":\"3 bin \u00c7inli Manisa&#8217;ya gelecek! Manisa B\u00fcy\u00fck\u015fehir haz\u0131rl\u0131klara ba\u015flad\u0131\"}]},{\"@type\":\"WebSite\",\"@id\":\"https:\/\/denizcankizil.tr\/#website\",\"url\":\"https:\/\/denizcankizil.tr\/\",\"name\":\"Av. Deniz Can K\u0131z\u0131l\",\"description\":\"Avukat Deniz Can K\u0131z\u0131l Antalya Barosu\",\"publisher\":{\"@id\":\"https:\/\/denizcankizil.tr\/#organization\"},\"potentialAction\":[{\"@type\":\"SearchAction\",\"target\":{\"@type\":\"EntryPoint\",\"urlTemplate\":\"https:\/\/denizcankizil.tr\/?s={search_term_string}\"},\"query-input\":{\"@type\":\"PropertyValueSpecification\",\"valueRequired\":true,\"valueName\":\"search_term_string\"}}],\"inLanguage\":\"de\"},{\"@type\":\"Organization\",\"@id\":\"https:\/\/denizcankizil.tr\/#organization\",\"name\":\"Av. Deniz Can K\u0131z\u0131l\",\"url\":\"https:\/\/denizcankizil.tr\/\",\"logo\":{\"@type\":\"ImageObject\",\"inLanguage\":\"de\",\"@id\":\"https:\/\/denizcankizil.tr\/#\/schema\/logo\/image\/\",\"url\":\"http:\/\/denizcankizil.tr\/wp-content\/uploads\/2024\/10\/siyah-logo-svg.svg\",\"contentUrl\":\"http:\/\/denizcankizil.tr\/wp-content\/uploads\/2024\/10\/siyah-logo-svg.svg\",\"width\":1080,\"height\":1080,\"caption\":\"Av. Deniz Can K\u0131z\u0131l\"},\"image\":{\"@id\":\"https:\/\/denizcankizil.tr\/#\/schema\/logo\/image\/\"}}]}<\/script>\n<!-- \/ Yoast SEO Premium plugin. -->","yoast_head_json":{"title":"3 bin \u00c7inli Manisa'ya gelecek! Manisa B\u00fcy\u00fck\u015fehir haz\u0131rl\u0131klara ba\u015flad\u0131 - Av. Deniz Can K\u0131z\u0131l","robots":{"index":"index","follow":"follow","max-snippet":"max-snippet:-1","max-image-preview":"max-image-preview:large","max-video-preview":"max-video-preview:-1"},"canonical":"http:\/\/denizcankizil.tr\/de\/haberler\/gundem\/3-bin-cinli-manisaya-gelecek-manisa-buyuksehir-hazirliklara-basladi\/","og_locale":"de_DE","og_type":"article","og_title":"3 bin \u00c7inli Manisa'ya gelecek! Manisa B\u00fcy\u00fck\u015fehir haz\u0131rl\u0131klara ba\u015flad\u0131","og_description":"Manisa B\u00fcy\u00fck\u015fehir Belediye Ba\u015fkan\u0131 Ferdi Zeyrek, bas\u0131n mensuplar\u0131 ile bir araya geldi. \u015eehirde yat\u0131r\u0131m karar\u0131 alan BYD firmas\u0131n\u0131n yetkilileriyle yapt\u0131klar\u0131 g\u00f6r\u00fc\u015fmede yat\u0131r\u0131mla birlikte yakla\u015f\u0131k 3 bin \u00c7inlinin Manisa&#8217;ya \u00e7al\u0131\u015fmaya gelece\u011fini, fabrikan\u0131n in\u015fa s\u00fcrecinde konteynerlerde bar\u0131nacak \u00c7inlilerin daha sonra Manisa&#8217;ya yerle\u015fece\u011fini \u00f6\u011frendi\u011fini s\u00f6yledi. \u201c\u00c7\u0130NL\u0130LER \u0130\u00c7\u0130N ALTYAPI KURULACAK\u201d Manisa&#8217;da kurulacak fabrikada \u00e7al\u0131\u015facak \u00c7inlilerin Manisa&#8217;da ya\u015famas\u0131 i\u00e7in gereken altyap\u0131y\u0131 sa\u011flayacaklar\u0131n\u0131 vurgulayan Zeyrek, \u015f\u00f6yle konu\u015ftu: &#8220;Manisa&#8217;da 601 nitelikli fabrika var ama maalesef beyaz yakal\u0131lar\u0131n bir\u00e7o\u011funun \u00e7evre illerde ya\u015fad\u0131\u011f\u0131n\u0131 ve paras\u0131n\u0131 oralarda harcad\u0131\u011f\u0131n\u0131 g\u00f6rd\u00fck. Ben art\u0131k bunun son bulmas\u0131n\u0131 istiyorum. Manisa&#8217;da kazan\u0131lan paran\u0131n Manisa&#8217;da kalmas\u0131n\u0131 istiyorum. Bunun i\u00e7in baz\u0131 altyap\u0131lar\u0131 olu\u015fturmak gerekiyor. \u00d6ncelikle yeme ve i\u00e7me altyap\u0131s\u0131n\u0131, sosyal hayat altyap\u0131s\u0131n\u0131, k\u00fclt\u00fcrel altyap\u0131y\u0131 ve nitelikli bar\u0131nma ihtiyac\u0131 altyap\u0131s\u0131n\u0131 sa\u011flamam\u0131z gerekiyor.&#8221; \u00c7\u0130N SOKA\u011eI, NEREDE KURULACAK? Kentin otel ve e\u011fitim altyap\u0131s\u0131yla da yeni yat\u0131r\u0131mlara haz\u0131rl\u0131kl\u0131 olmas\u0131 gerekti\u011fini, bu ama\u00e7la \u00e7e\u015fitli imar d\u00fczenlemeleri ve yat\u0131r\u0131m g\u00f6r\u00fc\u015fmelerinin bulundu\u011funu dile getiren Zeyrek, BYD&#8217;nin yat\u0131r\u0131m\u0131yla asl\u0131nda hi\u00e7 al\u0131\u015f\u0131k olmad\u0131klar\u0131 bir k\u00fclt\u00fcrle kar\u015f\u0131 kar\u015f\u0131ya kalacaklar\u0131na i\u015faret etti. \u00c7inlilerin yemek ve e\u011flence k\u00fclt\u00fcrlerinin \u00e7ok farkl\u0131 oldu\u011funu aktaran Zeyrek, &#8220;Ben istiyorum ki gelen yakla\u015f\u0131k 2 bin 500-3 bin \u00c7inli karde\u015fimiz Manisa k\u00fclt\u00fcr\u00fcyle ve Manisal\u0131 vatanda\u015flar\u0131m\u0131zla kucakla\u015fs\u0131n. Manisa&#8217;da kazand\u0131klar\u0131 para Manisa&#8217;da kals\u0131n. Bununla birlikte kendilerinin yeme i\u00e7me ve e\u011flence gibi sosyal hayatlar\u0131n\u0131 sa\u011flayabilecek olan bir \u00c7in &hellip;","og_url":"http:\/\/denizcankizil.tr\/de\/haberler\/gundem\/3-bin-cinli-manisaya-gelecek-manisa-buyuksehir-hazirliklara-basladi\/","og_site_name":"Av. Deniz Can K\u0131z\u0131l","article_published_time":"2024-11-26T19:41:33+00:00","twitter_card":"summary_large_image","twitter_misc":{"Gesch\u00e4tzte Lesezeit":"3\u00a0Minuten"},"schema":{"@context":"https:\/\/schema.org","@graph":[{"@type":"Article","@id":"http:\/\/denizcankizil.tr\/de\/haberler\/gundem\/3-bin-cinli-manisaya-gelecek-manisa-buyuksehir-hazirliklara-basladi\/#article","isPartOf":{"@id":"http:\/\/denizcankizil.tr\/de\/haberler\/gundem\/3-bin-cinli-manisaya-gelecek-manisa-buyuksehir-hazirliklara-basladi\/"},"author":{"name":"","@id":""},"headline":"3 bin \u00c7inli Manisa&#8217;ya gelecek! Manisa B\u00fcy\u00fck\u015fehir haz\u0131rl\u0131klara ba\u015flad\u0131","datePublished":"2024-11-26T19:41:33+00:00","mainEntityOfPage":{"@id":"http:\/\/denizcankizil.tr\/de\/haberler\/gundem\/3-bin-cinli-manisaya-gelecek-manisa-buyuksehir-hazirliklara-basladi\/"},"wordCount":537,"commentCount":0,"publisher":{"@id":"https:\/\/denizcankizil.tr\/#organization"},"articleSection":["G\u00fcndem","Uncategorized"],"inLanguage":"de","potentialAction":[{"@type":"CommentAction","name":"Comment","target":["http:\/\/denizcankizil.tr\/de\/haberler\/gundem\/3-bin-cinli-manisaya-gelecek-manisa-buyuksehir-hazirliklara-basladi\/#respond"]}]},{"@type":"WebPage","@id":"http:\/\/denizcankizil.tr\/de\/haberler\/gundem\/3-bin-cinli-manisaya-gelecek-manisa-buyuksehir-hazirliklara-basladi\/","url":"http:\/\/denizcankizil.tr\/de\/haberler\/gundem\/3-bin-cinli-manisaya-gelecek-manisa-buyuksehir-hazirliklara-basladi\/","name":"3 bin \u00c7inli Manisa'ya gelecek! Manisa B\u00fcy\u00fck\u015fehir haz\u0131rl\u0131klara ba\u015flad\u0131 - Av. Deniz Can K\u0131z\u0131l","isPartOf":{"@id":"https:\/\/denizcankizil.tr\/#website"},"datePublished":"2024-11-26T19:41:33+00:00","breadcrumb":{"@id":"http:\/\/denizcankizil.tr\/de\/haberler\/gundem\/3-bin-cinli-manisaya-gelecek-manisa-buyuksehir-hazirliklara-basladi\/#breadcrumb"},"inLanguage":"de","potentialAction":[{"@type":"ReadAction","target":["http:\/\/denizcankizil.tr\/de\/haberler\/gundem\/3-bin-cinli-manisaya-gelecek-manisa-buyuksehir-hazirliklara-basladi\/"]}]},{"@type":"BreadcrumbList","@id":"http:\/\/denizcankizil.tr\/de\/haberler\/gundem\/3-bin-cinli-manisaya-gelecek-manisa-buyuksehir-hazirliklara-basladi\/#breadcrumb","itemListElement":[{"@type":"ListItem","position":1,"name":"Home","item":"https:\/\/denizcankizil.tr\/de\/"},{"@type":"ListItem","position":2,"name":"3 bin \u00c7inli Manisa&#8217;ya gelecek! Manisa B\u00fcy\u00fck\u015fehir haz\u0131rl\u0131klara ba\u015flad\u0131"}]},{"@type":"WebSite","@id":"https:\/\/denizcankizil.tr\/#website","url":"https:\/\/denizcankizil.tr\/","name":"Av. Deniz Can K\u0131z\u0131l","description":"Avukat Deniz Can K\u0131z\u0131l Antalya Barosu","publisher":{"@id":"https:\/\/denizcankizil.tr\/#organization"},"potentialAction":[{"@type":"SearchAction","target":{"@type":"EntryPoint","urlTemplate":"https:\/\/denizcankizil.tr\/?s={search_term_string}"},"query-input":{"@type":"PropertyValueSpecification","valueRequired":true,"valueName":"search_term_string"}}],"inLanguage":"de"},{"@type":"Organization","@id":"https:\/\/denizcankizil.tr\/#organization","name":"Av. Deniz Can K\u0131z\u0131l","url":"https:\/\/denizcankizil.tr\/","logo":{"@type":"ImageObject","inLanguage":"de","@id":"https:\/\/denizcankizil.tr\/#\/schema\/logo\/image\/","url":"http:\/\/denizcankizil.tr\/wp-content\/uploads\/2024\/10\/siyah-logo-svg.svg","contentUrl":"http:\/\/denizcankizil.tr\/wp-content\/uploads\/2024\/10\/siyah-logo-svg.svg","width":1080,"height":1080,"caption":"Av. Deniz Can K\u0131z\u0131l"},"image":{"@id":"https:\/\/denizcankizil.tr\/#\/schema\/logo\/image\/"}}]}},"_links":{"self":[{"href":"http:\/\/denizcankizil.tr\/de\/wp-json\/wp\/v2\/posts\/17821","targetHints":{"allow":["GET"]}}],"collection":[{"href":"http:\/\/denizcankizil.tr\/de\/wp-json\/wp\/v2\/posts"}],"about":[{"href":"http:\/\/denizcankizil.tr\/de\/wp-json\/wp\/v2\/types\/post"}],"replies":[{"embeddable":true,"href":"http:\/\/denizcankizil.tr\/de\/wp-json\/wp\/v2\/comments?post=17821"}],"version-history":[{"count":0,"href":"http:\/\/denizcankizil.tr\/de\/wp-json\/wp\/v2\/posts\/17821\/revisions"}],"wp:attachment":[{"href":"http:\/\/denizcankizil.tr\/de\/wp-json\/wp\/v2\/media?parent=17821"}],"wp:term":[{"taxonomy":"category","embeddable":true,"href":"http:\/\/denizcankizil.tr\/de\/wp-json\/wp\/v2\/categories?post=17821"},{"taxonomy":"post_tag","embeddable":true,"href":"http:\/\/denizcankizil.tr\/de\/wp-json\/wp\/v2\/tags?post=17821"}],"curies":[{"name":"wp","href":"https:\/\/api.w.org\/{rel}","templated":true}]}}