{"id":17709,"date":"2024-11-26T12:41:30","date_gmt":"2024-11-26T09:41:30","guid":{"rendered":"https:\/\/denizcankizil.tr\/uncategorized-tr\/umit-uysal-cagrida-bulundu-mevcut-yasalarla-siddeti-onleyemiyoruz\/"},"modified":"2024-11-26T12:41:30","modified_gmt":"2024-11-26T09:41:30","slug":"umit-uysal-cagrida-bulundu-mevcut-yasalarla-siddeti-onleyemiyoruz","status":"publish","type":"post","link":"http:\/\/denizcankizil.tr\/de\/haberler\/gundem\/umit-uysal-cagrida-bulundu-mevcut-yasalarla-siddeti-onleyemiyoruz\/","title":{"rendered":"\u00dcmit Uysal \u00e7a\u011fr\u0131da bulundu: Mevcut yasalarla \u015fiddeti \u00f6nleyemiyoruz"},"content":{"rendered":"<p>Antalya Muratpa\u015fa Belediye Ba\u015fkan\u0131 \u00dcmit Uysal, 25 Kas\u0131m Kad\u0131na Y\u00f6nelik \u015eiddete Kar\u015f\u0131 Uluslararas\u0131 M\u00fccadele G\u00fcn\u00fc\u2019nde, \u201cKad\u0131na ve \u00e7ocu\u011fa y\u00f6nelik \u015fiddetle ba\u015f edemiyoruz. Mevcut yasalarla bununla ba\u015fa \u00e7\u0131kam\u0131yoruz. Demek ki sistemi yeniden in\u015fa etmek gerekiyor\u201d dedi.<\/p>\n<p>KADINLARIN UMUT DOLU H\u0130YAKES\u0130 \u0130ZLEND\u0130\u00a0<\/p>\n<p>Muratpa\u015fa Belediyesi, 25 Kas\u0131m Kad\u0131na Y\u00f6nelik \u015eiddete Kar\u015f\u0131 Uluslararas\u0131 M\u00fccadele G\u00fcn\u00fc kapsam\u0131nda, Tuluhan Tekelio\u011flu\u2019nun T\u00fcrkiye&#8217;nin d\u00f6rt bir yan\u0131ndan 9 kad\u0131n\u0131n umut ve ilham dolu hik\u00e2yesinin anlat\u0131ld\u0131\u011f\u0131 Yapabilirsin belgeselinin \u00f6zel g\u00f6sterimini ger\u00e7ekle\u015ftirdi. Belediye K\u00fclt\u00fcr Salonu\u2019nda ger\u00e7ekle\u015fen g\u00f6sterime Ba\u015fkan Uysal da kat\u0131ld\u0131.<\/p>\n<p>S\u0130STEM\u0130 YEN\u0130DEN \u0130N\u015eA ETMEK GEREK\u0130YOR\u00a0<\/p>\n<p>Uysal, g\u00f6sterimin ard\u0131ndan yapt\u0131\u011f\u0131 konu\u015fmada, kamu yetkililerini, siyasi parti ve sivil toplum kurulu\u015flar\u0131n\u0131 kad\u0131na ve \u00e7ocu\u011fa y\u00f6nelik \u015fiddete kar\u015f\u0131 bilin\u00e7 olu\u015fturmaya ve ad\u0131m atmaya davet etti. Ba\u015fkan Uysal, \u015f\u00f6yle konu\u015ftu: \u201c\u00c7ocuklar\u0131n ve kad\u0131nlar\u0131n bir \u015f\u00fcphe \u00e7er\u00e7evesinde koruma talep edebilmesi gerekiyor. Toplumsal k\u00fclt\u00fcr\u00fcn bu batakl\u0131\u011fa d\u00fc\u015ft\u00fc\u011f\u00fc ortamlarda, bu imtiyaz\u0131n, bu hukuk sistemi de\u011fi\u015fikli\u011finin kesinlikle getirilmesi gerekiyor. Bir kez daha \u00e7a\u011fr\u0131da bulunuyorum. Klasik ceza hukuku sistemleriyle kad\u0131na ve \u00e7ocu\u011fa y\u00f6nelik \u015fiddetle ba\u015f edemiyoruz. Mevcut yasalarla bununla ba\u015fa \u00e7\u0131kam\u0131yoruz. Demek ki ekstra bir \u015feyler yapmak gerekiyor. Demek ki zahmete girmek gerekiyor. Demek ki sistemi yeniden in\u015fa etmek gerekiyor. Buna \u00e7ok ihtiyac\u0131m\u0131z var.\u201d<\/p>\n<p>TULUHAN TEKEL\u0130O\u011eLU KADIN C\u0130NAYETLER\u0130NE D\u0130KKAT \u00c7EKT\u0130\u00a0<\/p>\n<p>Gazeteci, yazar ve belgeselci Tuluhan Tekelio\u011flu ise bu y\u0131l i\u00e7inde hi\u00e7 olmad\u0131\u011f\u0131 kadar kad\u0131n cinayetinin ya\u015fand\u0131\u011f\u0131n\u0131 s\u00f6yledi. Tekelio\u011flu, \u201cNeredeyse her g\u00fcn bir kad\u0131n karde\u015fimizi kaybediyoruz. \u015eule \u00c7et, M\u00fcnevver Karabulut, P\u0131nar G\u00fcltekin, Narin&#8230; Bu kad\u0131nlar ya\u015fayabilirdi ama ya\u015fam haklar\u0131 ellerinden al\u0131nd\u0131. Bu \u00f6nlenebilir\u201d \u015feklinde konu\u015ftu. Etkinlikte ayr\u0131ca masal anlat\u0131c\u0131s\u0131 Gizem Ba\u015fbu\u011fa, kad\u0131nlar\u0131 sosyal, k\u00fclt\u00fcrel ve ekonomik a\u00e7\u0131dan ele alan, vah\u015fi kad\u0131n arketipine dair mit ve \u00f6yk\u00fclerin yer ald\u0131\u011f\u0131 Clarissa Estes\u2019in Kurtlarla Ko\u015fan Kad\u0131nlar eserinden se\u00e7me masallar anlatt\u0131.<br \/>\n\u00a0<\/p>\n<p>\u200bMuratpa\u015fa Belediyesi, 25 Kas\u0131m Kad\u0131na Y\u00f6nelik \u015eiddete Kar\u015f\u0131 Uluslararas\u0131 M\u00fccadele G\u00fcn\u00fc dolay\u0131s\u0131yla d\u00fczenledi\u011fi etkinlikte konu\u015fan Belediye Ba\u015fkan\u0131 \u00dcmit Uysal, &#8220;Bir kez daha \u00e7a\u011fr\u0131da bulunuyorum. Klasik ceza hukuku sistemleriyle kad\u0131na ve \u00e7ocu\u011fa y\u00f6nelik \u015fiddetle ba\u015f edemiyoruz&#8221; dedi.\u00a0<\/p>\n<p>\u200bHaberin Al\u0131nt\u0131land\u0131\u011f\u0131 Kaynak: www.antalyakorfez.com<\/p>","protected":false},"excerpt":{"rendered":"<p>Antalya Muratpa\u015fa Belediye Ba\u015fkan\u0131 \u00dcmit Uysal, 25 Kas\u0131m Kad\u0131na Y\u00f6nelik \u015eiddete Kar\u015f\u0131 Uluslararas\u0131 M\u00fccadele G\u00fcn\u00fc\u2019nde, \u201cKad\u0131na ve \u00e7ocu\u011fa y\u00f6nelik \u015fiddetle ba\u015f edemiyoruz. Mevcut yasalarla bununla ba\u015fa \u00e7\u0131kam\u0131yoruz. Demek ki sistemi yeniden in\u015fa etmek gerekiyor\u201d dedi. KADINLARIN UMUT DOLU H\u0130YAKES\u0130 \u0130ZLEND\u0130\u00a0 Muratpa\u015fa Belediyesi, 25 Kas\u0131m Kad\u0131na Y\u00f6nelik \u015eiddete Kar\u015f\u0131 Uluslararas\u0131 M\u00fccadele G\u00fcn\u00fc kapsam\u0131nda, Tuluhan Tekelio\u011flu\u2019nun T\u00fcrkiye&#8217;nin d\u00f6rt bir yan\u0131ndan 9 kad\u0131n\u0131n umut ve ilham dolu hik\u00e2yesinin anlat\u0131ld\u0131\u011f\u0131 Yapabilirsin belgeselinin \u00f6zel g\u00f6sterimini ger\u00e7ekle\u015ftirdi. Belediye K\u00fclt\u00fcr Salonu\u2019nda ger\u00e7ekle\u015fen g\u00f6sterime Ba\u015fkan Uysal da kat\u0131ld\u0131. S\u0130STEM\u0130 YEN\u0130DEN \u0130N\u015eA ETMEK GEREK\u0130YOR\u00a0 Uysal, g\u00f6sterimin ard\u0131ndan yapt\u0131\u011f\u0131 konu\u015fmada, kamu yetkililerini, siyasi parti ve sivil toplum kurulu\u015flar\u0131n\u0131 kad\u0131na ve \u00e7ocu\u011fa y\u00f6nelik \u015fiddete kar\u015f\u0131 bilin\u00e7 olu\u015fturmaya ve ad\u0131m atmaya davet etti. Ba\u015fkan Uysal, \u015f\u00f6yle konu\u015ftu: \u201c\u00c7ocuklar\u0131n ve kad\u0131nlar\u0131n bir \u015f\u00fcphe \u00e7er\u00e7evesinde koruma talep edebilmesi gerekiyor. Toplumsal k\u00fclt\u00fcr\u00fcn bu batakl\u0131\u011fa d\u00fc\u015ft\u00fc\u011f\u00fc ortamlarda, bu imtiyaz\u0131n, bu hukuk sistemi de\u011fi\u015fikli\u011finin kesinlikle getirilmesi gerekiyor. Bir kez daha \u00e7a\u011fr\u0131da bulunuyorum. Klasik ceza hukuku sistemleriyle kad\u0131na ve \u00e7ocu\u011fa y\u00f6nelik \u015fiddetle ba\u015f edemiyoruz. Mevcut yasalarla bununla ba\u015fa \u00e7\u0131kam\u0131yoruz. Demek ki ekstra bir \u015feyler yapmak gerekiyor. Demek ki zahmete girmek gerekiyor. Demek ki sistemi yeniden in\u015fa etmek gerekiyor. Buna \u00e7ok ihtiyac\u0131m\u0131z var.\u201d TULUHAN TEKEL\u0130O\u011eLU KADIN C\u0130NAYETLER\u0130NE D\u0130KKAT \u00c7EKT\u0130\u00a0 Gazeteci, yazar ve belgeselci Tuluhan Tekelio\u011flu ise bu y\u0131l i\u00e7inde &hellip;<\/p>","protected":false},"author":0,"featured_media":0,"comment_status":"open","ping_status":"open","sticky":false,"template":"","format":"standard","meta":{"_acf_changed":false,"footnotes":""},"categories":[24,535],"tags":[],"class_list":["post-17709","post","type-post","status-publish","format-standard","has-post-thumbnail","hentry","category-gundem","category-uncategorized-tr"],"acf":[],"yoast_head":"<!-- This site is optimized with the Yoast SEO Premium plugin v26.6 (Yoast SEO v27.1.1) - https:\/\/yoast.com\/product\/yoast-seo-premium-wordpress\/ -->\n<title>\u00dcmit Uysal \u00e7a\u011fr\u0131da bulundu: Mevcut yasalarla \u015fiddeti \u00f6nleyemiyoruz - Av. Deniz Can K\u0131z\u0131l<\/title>\n<meta name=\"robots\" content=\"index, follow, max-snippet:-1, max-image-preview:large, max-video-preview:-1\" \/>\n<link rel=\"canonical\" href=\"http:\/\/denizcankizil.tr\/de\/haberler\/gundem\/umit-uysal-cagrida-bulundu-mevcut-yasalarla-siddeti-onleyemiyoruz\/\" \/>\n<meta property=\"og:locale\" content=\"de_DE\" \/>\n<meta property=\"og:type\" content=\"article\" \/>\n<meta property=\"og:title\" content=\"\u00dcmit Uysal \u00e7a\u011fr\u0131da bulundu: Mevcut yasalarla \u015fiddeti \u00f6nleyemiyoruz\" \/>\n<meta property=\"og:description\" content=\"Antalya Muratpa\u015fa Belediye Ba\u015fkan\u0131 \u00dcmit Uysal, 25 Kas\u0131m Kad\u0131na Y\u00f6nelik \u015eiddete Kar\u015f\u0131 Uluslararas\u0131 M\u00fccadele G\u00fcn\u00fc\u2019nde, \u201cKad\u0131na ve \u00e7ocu\u011fa y\u00f6nelik \u015fiddetle ba\u015f edemiyoruz. Mevcut yasalarla bununla ba\u015fa \u00e7\u0131kam\u0131yoruz. Demek ki sistemi yeniden in\u015fa etmek gerekiyor\u201d dedi. KADINLARIN UMUT DOLU H\u0130YAKES\u0130 \u0130ZLEND\u0130\u00a0 Muratpa\u015fa Belediyesi, 25 Kas\u0131m Kad\u0131na Y\u00f6nelik \u015eiddete Kar\u015f\u0131 Uluslararas\u0131 M\u00fccadele G\u00fcn\u00fc kapsam\u0131nda, Tuluhan Tekelio\u011flu\u2019nun T\u00fcrkiye&#8217;nin d\u00f6rt bir yan\u0131ndan 9 kad\u0131n\u0131n umut ve ilham dolu hik\u00e2yesinin anlat\u0131ld\u0131\u011f\u0131 Yapabilirsin belgeselinin \u00f6zel g\u00f6sterimini ger\u00e7ekle\u015ftirdi. Belediye K\u00fclt\u00fcr Salonu\u2019nda ger\u00e7ekle\u015fen g\u00f6sterime Ba\u015fkan Uysal da kat\u0131ld\u0131. S\u0130STEM\u0130 YEN\u0130DEN \u0130N\u015eA ETMEK GEREK\u0130YOR\u00a0 Uysal, g\u00f6sterimin ard\u0131ndan yapt\u0131\u011f\u0131 konu\u015fmada, kamu yetkililerini, siyasi parti ve sivil toplum kurulu\u015flar\u0131n\u0131 kad\u0131na ve \u00e7ocu\u011fa y\u00f6nelik \u015fiddete kar\u015f\u0131 bilin\u00e7 olu\u015fturmaya ve ad\u0131m atmaya davet etti. Ba\u015fkan Uysal, \u015f\u00f6yle konu\u015ftu: \u201c\u00c7ocuklar\u0131n ve kad\u0131nlar\u0131n bir \u015f\u00fcphe \u00e7er\u00e7evesinde koruma talep edebilmesi gerekiyor. Toplumsal k\u00fclt\u00fcr\u00fcn bu batakl\u0131\u011fa d\u00fc\u015ft\u00fc\u011f\u00fc ortamlarda, bu imtiyaz\u0131n, bu hukuk sistemi de\u011fi\u015fikli\u011finin kesinlikle getirilmesi gerekiyor. Bir kez daha \u00e7a\u011fr\u0131da bulunuyorum. Klasik ceza hukuku sistemleriyle kad\u0131na ve \u00e7ocu\u011fa y\u00f6nelik \u015fiddetle ba\u015f edemiyoruz. Mevcut yasalarla bununla ba\u015fa \u00e7\u0131kam\u0131yoruz. Demek ki ekstra bir \u015feyler yapmak gerekiyor. Demek ki zahmete girmek gerekiyor. Demek ki sistemi yeniden in\u015fa etmek gerekiyor. Buna \u00e7ok ihtiyac\u0131m\u0131z var.\u201d TULUHAN TEKEL\u0130O\u011eLU KADIN C\u0130NAYETLER\u0130NE D\u0130KKAT \u00c7EKT\u0130\u00a0 Gazeteci, yazar ve belgeselci Tuluhan Tekelio\u011flu ise bu y\u0131l i\u00e7inde &hellip;\" \/>\n<meta property=\"og:url\" content=\"http:\/\/denizcankizil.tr\/de\/haberler\/gundem\/umit-uysal-cagrida-bulundu-mevcut-yasalarla-siddeti-onleyemiyoruz\/\" \/>\n<meta property=\"og:site_name\" content=\"Av. Deniz Can K\u0131z\u0131l\" \/>\n<meta property=\"article:published_time\" content=\"2024-11-26T09:41:30+00:00\" \/>\n<meta name=\"twitter:card\" content=\"summary_large_image\" \/>\n<meta name=\"twitter:label1\" content=\"Gesch\u00e4tzte Lesezeit\" \/>\n\t<meta name=\"twitter:data1\" content=\"2\u00a0Minuten\" \/>\n<script type=\"application\/ld+json\" class=\"yoast-schema-graph\">{\"@context\":\"https:\/\/schema.org\",\"@graph\":[{\"@type\":\"Article\",\"@id\":\"http:\/\/denizcankizil.tr\/ru\/haberler\/gundem\/umit-uysal-cagrida-bulundu-mevcut-yasalarla-siddeti-onleyemiyoruz\/#article\",\"isPartOf\":{\"@id\":\"http:\/\/denizcankizil.tr\/ru\/haberler\/gundem\/umit-uysal-cagrida-bulundu-mevcut-yasalarla-siddeti-onleyemiyoruz\/\"},\"author\":{\"name\":\"\",\"@id\":\"\"},\"headline\":\"\u00dcmit Uysal \u00e7a\u011fr\u0131da bulundu: Mevcut yasalarla \u015fiddeti \u00f6nleyemiyoruz\",\"datePublished\":\"2024-11-26T09:41:30+00:00\",\"mainEntityOfPage\":{\"@id\":\"http:\/\/denizcankizil.tr\/ru\/haberler\/gundem\/umit-uysal-cagrida-bulundu-mevcut-yasalarla-siddeti-onleyemiyoruz\/\"},\"wordCount\":455,\"commentCount\":0,\"publisher\":{\"@id\":\"https:\/\/denizcankizil.tr\/#organization\"},\"articleSection\":[\"G\u00fcndem\",\"Uncategorized\"],\"inLanguage\":\"de\",\"potentialAction\":[{\"@type\":\"CommentAction\",\"name\":\"Comment\",\"target\":[\"http:\/\/denizcankizil.tr\/ru\/haberler\/gundem\/umit-uysal-cagrida-bulundu-mevcut-yasalarla-siddeti-onleyemiyoruz\/#respond\"]}]},{\"@type\":\"WebPage\",\"@id\":\"http:\/\/denizcankizil.tr\/ru\/haberler\/gundem\/umit-uysal-cagrida-bulundu-mevcut-yasalarla-siddeti-onleyemiyoruz\/\",\"url\":\"http:\/\/denizcankizil.tr\/ru\/haberler\/gundem\/umit-uysal-cagrida-bulundu-mevcut-yasalarla-siddeti-onleyemiyoruz\/\",\"name\":\"\u00dcmit Uysal \u00e7a\u011fr\u0131da bulundu: Mevcut yasalarla \u015fiddeti \u00f6nleyemiyoruz - Av. Deniz Can K\u0131z\u0131l\",\"isPartOf\":{\"@id\":\"https:\/\/denizcankizil.tr\/#website\"},\"datePublished\":\"2024-11-26T09:41:30+00:00\",\"breadcrumb\":{\"@id\":\"http:\/\/denizcankizil.tr\/ru\/haberler\/gundem\/umit-uysal-cagrida-bulundu-mevcut-yasalarla-siddeti-onleyemiyoruz\/#breadcrumb\"},\"inLanguage\":\"de\",\"potentialAction\":[{\"@type\":\"ReadAction\",\"target\":[\"http:\/\/denizcankizil.tr\/ru\/haberler\/gundem\/umit-uysal-cagrida-bulundu-mevcut-yasalarla-siddeti-onleyemiyoruz\/\"]}]},{\"@type\":\"BreadcrumbList\",\"@id\":\"http:\/\/denizcankizil.tr\/ru\/haberler\/gundem\/umit-uysal-cagrida-bulundu-mevcut-yasalarla-siddeti-onleyemiyoruz\/#breadcrumb\",\"itemListElement\":[{\"@type\":\"ListItem\",\"position\":1,\"name\":\"Home\",\"item\":\"https:\/\/denizcankizil.tr\/de\/\"},{\"@type\":\"ListItem\",\"position\":2,\"name\":\"\u00dcmit Uysal \u00e7a\u011fr\u0131da bulundu: Mevcut yasalarla \u015fiddeti \u00f6nleyemiyoruz\"}]},{\"@type\":\"WebSite\",\"@id\":\"https:\/\/denizcankizil.tr\/#website\",\"url\":\"https:\/\/denizcankizil.tr\/\",\"name\":\"Av. Deniz Can K\u0131z\u0131l\",\"description\":\"Avukat Deniz Can K\u0131z\u0131l Antalya Barosu\",\"publisher\":{\"@id\":\"https:\/\/denizcankizil.tr\/#organization\"},\"potentialAction\":[{\"@type\":\"SearchAction\",\"target\":{\"@type\":\"EntryPoint\",\"urlTemplate\":\"https:\/\/denizcankizil.tr\/?s={search_term_string}\"},\"query-input\":{\"@type\":\"PropertyValueSpecification\",\"valueRequired\":true,\"valueName\":\"search_term_string\"}}],\"inLanguage\":\"de\"},{\"@type\":\"Organization\",\"@id\":\"https:\/\/denizcankizil.tr\/#organization\",\"name\":\"Av. Deniz Can K\u0131z\u0131l\",\"url\":\"https:\/\/denizcankizil.tr\/\",\"logo\":{\"@type\":\"ImageObject\",\"inLanguage\":\"de\",\"@id\":\"https:\/\/denizcankizil.tr\/#\/schema\/logo\/image\/\",\"url\":\"http:\/\/denizcankizil.tr\/wp-content\/uploads\/2024\/10\/siyah-logo-svg.svg\",\"contentUrl\":\"http:\/\/denizcankizil.tr\/wp-content\/uploads\/2024\/10\/siyah-logo-svg.svg\",\"width\":1080,\"height\":1080,\"caption\":\"Av. Deniz Can K\u0131z\u0131l\"},\"image\":{\"@id\":\"https:\/\/denizcankizil.tr\/#\/schema\/logo\/image\/\"}}]}<\/script>\n<!-- \/ Yoast SEO Premium plugin. -->","yoast_head_json":{"title":"\u00dcmit Uysal \u00e7a\u011fr\u0131da bulundu: Mevcut yasalarla \u015fiddeti \u00f6nleyemiyoruz - Av. Deniz Can K\u0131z\u0131l","robots":{"index":"index","follow":"follow","max-snippet":"max-snippet:-1","max-image-preview":"max-image-preview:large","max-video-preview":"max-video-preview:-1"},"canonical":"http:\/\/denizcankizil.tr\/de\/haberler\/gundem\/umit-uysal-cagrida-bulundu-mevcut-yasalarla-siddeti-onleyemiyoruz\/","og_locale":"de_DE","og_type":"article","og_title":"\u00dcmit Uysal \u00e7a\u011fr\u0131da bulundu: Mevcut yasalarla \u015fiddeti \u00f6nleyemiyoruz","og_description":"Antalya Muratpa\u015fa Belediye Ba\u015fkan\u0131 \u00dcmit Uysal, 25 Kas\u0131m Kad\u0131na Y\u00f6nelik \u015eiddete Kar\u015f\u0131 Uluslararas\u0131 M\u00fccadele G\u00fcn\u00fc\u2019nde, \u201cKad\u0131na ve \u00e7ocu\u011fa y\u00f6nelik \u015fiddetle ba\u015f edemiyoruz. Mevcut yasalarla bununla ba\u015fa \u00e7\u0131kam\u0131yoruz. Demek ki sistemi yeniden in\u015fa etmek gerekiyor\u201d dedi. KADINLARIN UMUT DOLU H\u0130YAKES\u0130 \u0130ZLEND\u0130\u00a0 Muratpa\u015fa Belediyesi, 25 Kas\u0131m Kad\u0131na Y\u00f6nelik \u015eiddete Kar\u015f\u0131 Uluslararas\u0131 M\u00fccadele G\u00fcn\u00fc kapsam\u0131nda, Tuluhan Tekelio\u011flu\u2019nun T\u00fcrkiye&#8217;nin d\u00f6rt bir yan\u0131ndan 9 kad\u0131n\u0131n umut ve ilham dolu hik\u00e2yesinin anlat\u0131ld\u0131\u011f\u0131 Yapabilirsin belgeselinin \u00f6zel g\u00f6sterimini ger\u00e7ekle\u015ftirdi. Belediye K\u00fclt\u00fcr Salonu\u2019nda ger\u00e7ekle\u015fen g\u00f6sterime Ba\u015fkan Uysal da kat\u0131ld\u0131. S\u0130STEM\u0130 YEN\u0130DEN \u0130N\u015eA ETMEK GEREK\u0130YOR\u00a0 Uysal, g\u00f6sterimin ard\u0131ndan yapt\u0131\u011f\u0131 konu\u015fmada, kamu yetkililerini, siyasi parti ve sivil toplum kurulu\u015flar\u0131n\u0131 kad\u0131na ve \u00e7ocu\u011fa y\u00f6nelik \u015fiddete kar\u015f\u0131 bilin\u00e7 olu\u015fturmaya ve ad\u0131m atmaya davet etti. Ba\u015fkan Uysal, \u015f\u00f6yle konu\u015ftu: \u201c\u00c7ocuklar\u0131n ve kad\u0131nlar\u0131n bir \u015f\u00fcphe \u00e7er\u00e7evesinde koruma talep edebilmesi gerekiyor. Toplumsal k\u00fclt\u00fcr\u00fcn bu batakl\u0131\u011fa d\u00fc\u015ft\u00fc\u011f\u00fc ortamlarda, bu imtiyaz\u0131n, bu hukuk sistemi de\u011fi\u015fikli\u011finin kesinlikle getirilmesi gerekiyor. Bir kez daha \u00e7a\u011fr\u0131da bulunuyorum. Klasik ceza hukuku sistemleriyle kad\u0131na ve \u00e7ocu\u011fa y\u00f6nelik \u015fiddetle ba\u015f edemiyoruz. Mevcut yasalarla bununla ba\u015fa \u00e7\u0131kam\u0131yoruz. Demek ki ekstra bir \u015feyler yapmak gerekiyor. Demek ki zahmete girmek gerekiyor. Demek ki sistemi yeniden in\u015fa etmek gerekiyor. Buna \u00e7ok ihtiyac\u0131m\u0131z var.\u201d TULUHAN TEKEL\u0130O\u011eLU KADIN C\u0130NAYETLER\u0130NE D\u0130KKAT \u00c7EKT\u0130\u00a0 Gazeteci, yazar ve belgeselci Tuluhan Tekelio\u011flu ise bu y\u0131l i\u00e7inde &hellip;","og_url":"http:\/\/denizcankizil.tr\/de\/haberler\/gundem\/umit-uysal-cagrida-bulundu-mevcut-yasalarla-siddeti-onleyemiyoruz\/","og_site_name":"Av. Deniz Can K\u0131z\u0131l","article_published_time":"2024-11-26T09:41:30+00:00","twitter_card":"summary_large_image","twitter_misc":{"Gesch\u00e4tzte Lesezeit":"2\u00a0Minuten"},"schema":{"@context":"https:\/\/schema.org","@graph":[{"@type":"Article","@id":"http:\/\/denizcankizil.tr\/ru\/haberler\/gundem\/umit-uysal-cagrida-bulundu-mevcut-yasalarla-siddeti-onleyemiyoruz\/#article","isPartOf":{"@id":"http:\/\/denizcankizil.tr\/ru\/haberler\/gundem\/umit-uysal-cagrida-bulundu-mevcut-yasalarla-siddeti-onleyemiyoruz\/"},"author":{"name":"","@id":""},"headline":"\u00dcmit Uysal \u00e7a\u011fr\u0131da bulundu: Mevcut yasalarla \u015fiddeti \u00f6nleyemiyoruz","datePublished":"2024-11-26T09:41:30+00:00","mainEntityOfPage":{"@id":"http:\/\/denizcankizil.tr\/ru\/haberler\/gundem\/umit-uysal-cagrida-bulundu-mevcut-yasalarla-siddeti-onleyemiyoruz\/"},"wordCount":455,"commentCount":0,"publisher":{"@id":"https:\/\/denizcankizil.tr\/#organization"},"articleSection":["G\u00fcndem","Uncategorized"],"inLanguage":"de","potentialAction":[{"@type":"CommentAction","name":"Comment","target":["http:\/\/denizcankizil.tr\/ru\/haberler\/gundem\/umit-uysal-cagrida-bulundu-mevcut-yasalarla-siddeti-onleyemiyoruz\/#respond"]}]},{"@type":"WebPage","@id":"http:\/\/denizcankizil.tr\/ru\/haberler\/gundem\/umit-uysal-cagrida-bulundu-mevcut-yasalarla-siddeti-onleyemiyoruz\/","url":"http:\/\/denizcankizil.tr\/ru\/haberler\/gundem\/umit-uysal-cagrida-bulundu-mevcut-yasalarla-siddeti-onleyemiyoruz\/","name":"\u00dcmit Uysal \u00e7a\u011fr\u0131da bulundu: Mevcut yasalarla \u015fiddeti \u00f6nleyemiyoruz - Av. Deniz Can K\u0131z\u0131l","isPartOf":{"@id":"https:\/\/denizcankizil.tr\/#website"},"datePublished":"2024-11-26T09:41:30+00:00","breadcrumb":{"@id":"http:\/\/denizcankizil.tr\/ru\/haberler\/gundem\/umit-uysal-cagrida-bulundu-mevcut-yasalarla-siddeti-onleyemiyoruz\/#breadcrumb"},"inLanguage":"de","potentialAction":[{"@type":"ReadAction","target":["http:\/\/denizcankizil.tr\/ru\/haberler\/gundem\/umit-uysal-cagrida-bulundu-mevcut-yasalarla-siddeti-onleyemiyoruz\/"]}]},{"@type":"BreadcrumbList","@id":"http:\/\/denizcankizil.tr\/ru\/haberler\/gundem\/umit-uysal-cagrida-bulundu-mevcut-yasalarla-siddeti-onleyemiyoruz\/#breadcrumb","itemListElement":[{"@type":"ListItem","position":1,"name":"Home","item":"https:\/\/denizcankizil.tr\/de\/"},{"@type":"ListItem","position":2,"name":"\u00dcmit Uysal \u00e7a\u011fr\u0131da bulundu: Mevcut yasalarla \u015fiddeti \u00f6nleyemiyoruz"}]},{"@type":"WebSite","@id":"https:\/\/denizcankizil.tr\/#website","url":"https:\/\/denizcankizil.tr\/","name":"Av. Deniz Can K\u0131z\u0131l","description":"Avukat Deniz Can K\u0131z\u0131l Antalya Barosu","publisher":{"@id":"https:\/\/denizcankizil.tr\/#organization"},"potentialAction":[{"@type":"SearchAction","target":{"@type":"EntryPoint","urlTemplate":"https:\/\/denizcankizil.tr\/?s={search_term_string}"},"query-input":{"@type":"PropertyValueSpecification","valueRequired":true,"valueName":"search_term_string"}}],"inLanguage":"de"},{"@type":"Organization","@id":"https:\/\/denizcankizil.tr\/#organization","name":"Av. Deniz Can K\u0131z\u0131l","url":"https:\/\/denizcankizil.tr\/","logo":{"@type":"ImageObject","inLanguage":"de","@id":"https:\/\/denizcankizil.tr\/#\/schema\/logo\/image\/","url":"http:\/\/denizcankizil.tr\/wp-content\/uploads\/2024\/10\/siyah-logo-svg.svg","contentUrl":"http:\/\/denizcankizil.tr\/wp-content\/uploads\/2024\/10\/siyah-logo-svg.svg","width":1080,"height":1080,"caption":"Av. Deniz Can K\u0131z\u0131l"},"image":{"@id":"https:\/\/denizcankizil.tr\/#\/schema\/logo\/image\/"}}]}},"_links":{"self":[{"href":"http:\/\/denizcankizil.tr\/de\/wp-json\/wp\/v2\/posts\/17709","targetHints":{"allow":["GET"]}}],"collection":[{"href":"http:\/\/denizcankizil.tr\/de\/wp-json\/wp\/v2\/posts"}],"about":[{"href":"http:\/\/denizcankizil.tr\/de\/wp-json\/wp\/v2\/types\/post"}],"replies":[{"embeddable":true,"href":"http:\/\/denizcankizil.tr\/de\/wp-json\/wp\/v2\/comments?post=17709"}],"version-history":[{"count":0,"href":"http:\/\/denizcankizil.tr\/de\/wp-json\/wp\/v2\/posts\/17709\/revisions"}],"wp:attachment":[{"href":"http:\/\/denizcankizil.tr\/de\/wp-json\/wp\/v2\/media?parent=17709"}],"wp:term":[{"taxonomy":"category","embeddable":true,"href":"http:\/\/denizcankizil.tr\/de\/wp-json\/wp\/v2\/categories?post=17709"},{"taxonomy":"post_tag","embeddable":true,"href":"http:\/\/denizcankizil.tr\/de\/wp-json\/wp\/v2\/tags?post=17709"}],"curies":[{"name":"wp","href":"https:\/\/api.w.org\/{rel}","templated":true}]}}