{"id":17560,"date":"2024-11-25T15:41:15","date_gmt":"2024-11-25T12:41:15","guid":{"rendered":"https:\/\/denizcankizil.tr\/uncategorized-tr\/firtina-250-hektarlik-sera-alanini-vurdu\/"},"modified":"2024-11-25T15:41:15","modified_gmt":"2024-11-25T12:41:15","slug":"firtina-250-hektarlik-sera-alanini-vurdu","status":"publish","type":"post","link":"http:\/\/denizcankizil.tr\/de\/haberler\/antalya\/firtina-250-hektarlik-sera-alanini-vurdu\/","title":{"rendered":"F\u0131rt\u0131na 250 hektarl\u0131k sera alan\u0131n\u0131 vurdu"},"content":{"rendered":"<p>Gazipa\u015fa&#8217;da d\u00fcn gece saatlerinde ba\u015flay\u0131p saatte 75-90 kilometre h\u0131zla esen f\u0131rt\u0131na, seralarda zarara yol a\u00e7t\u0131. \u015eiddetli r\u00fczgar, seralar\u0131n naylon \u00f6rt\u00fclerini y\u0131rtarak sera demirlerinin e\u011filmesine neden oldu. f\u0131rt\u0131na nedeniyle 150 hektar muz, 100 hektar fasulye, salatal\u0131k seras\u0131 zarar g\u00f6rd\u00fc. Tar\u0131m alanlar\u0131ndaki hasar, \u00f6zellikle muz ve di\u011fer meyve bah\u00e7elerinde b\u00fcy\u00fck kay\u0131plara yol a\u00e7t\u0131. A\u011fa\u00e7lar devrilirken, \u00fczerindeki \u00fcr\u00fcnler de yere d\u00f6k\u00fclerek kullan\u0131lmaz hale geldi. Ayr\u0131ca f\u0131rt\u0131na s\u0131ras\u0131nda \u00e7at\u0131 ve evlerden u\u00e7an cisimler ara\u00e7lara \u00e7arparak maddi hasar olu\u015fturdu.<\/p>\n<p>B\u00f6lgede incelemelerde bulunan Gazipa\u015fa Ziraat Odas\u0131 Ba\u015fkan\u0131 Yusuf \u00c7elik, \u201c\u0130l\u00e7emizde ya\u015fanan bu \u015fiddetli f\u0131rt\u0131nadan zarar g\u00f6ren t\u00fcm \u00e7ift\u00e7ilerimize ge\u00e7mi\u015f olsun dileklerimi iletiyorum. B\u00f6yle afetlerde, Tar\u0131m Sigortalar\u0131 Havuzu (TARS\u0130M) sigortas\u0131n\u0131n \u00f6nemi bir kez daha ortaya \u00e7\u0131k\u0131yor. Sigortas\u0131 olan \u00fcreticilerimiz, zarar durumlar\u0131n\u0131 bildirerek ke\u015fif talebinde bulunabilirler\u201d ifadelerini kulland\u0131. Ba\u015fkan \u00c7elik, \u00fcreticilere bir kez daha \u00e7a\u011fr\u0131da bulunarak TARS\u0130M sigortas\u0131n\u0131n \u00f6nemine vurgu yapt\u0131 ve \u00e7ift\u00e7ilerin bu t\u00fcr afetlere kar\u015f\u0131 \u00f6nlem almas\u0131 gerekti\u011fini belirtti.<\/p>\n<p>Hasar tespit \u00e7al\u0131\u015fmalar\u0131 ba\u015flad\u0131<br \/>\nGazipa\u015fa&#8217;da tar\u0131msal \u00fcretimin bel kemi\u011fini olu\u015fturan seralarda ve meyve bah\u00e7elerinde meydana gelen hasar, \u00fcreticileri zorlu bir d\u00f6neme sokarken, il\u00e7ede hayat\u0131n normale d\u00f6nmesi i\u00e7in \u00e7al\u0131\u015fmalar\u0131n s\u00fcrd\u00fc\u011f\u00fc bildirildi.<\/p>\n<p>Tropikal park zarar g\u00f6rd\u00fc<br \/>\n\u015eiddetli f\u0131rt\u0131na, Gazipa\u015fa Belediyesi Park ve Bah\u00e7eler M\u00fcd\u00fcrl\u00fc\u011f\u00fc&#8217;nce hizmete a\u00e7\u0131lan T\u00fcrkiye&#8217;nin ilk tropikal park\u0131 \u00f6zelli\u011fini ta\u015f\u0131yan Tropikal Park&#8217;ta zarara neden oldu. Seran\u0131n \u00fcst k\u0131sm\u0131ndaki naylonun b\u00fcy\u00fck bir b\u00f6l\u00fcm\u00fcn\u00fcn y\u0131rt\u0131ld\u0131\u011f\u0131, cam b\u00f6lgede k\u0131r\u0131klar oldu\u011fu g\u00f6r\u00fcld\u00fc. \u015eiddetli f\u0131rt\u0131na sebebiyle seran\u0131n demirlerinin e\u011fildi\u011fi ve yap\u0131 b\u00fct\u00fcnl\u00fc\u011f\u00fcnde hasar olu\u015ftu\u011fu g\u00f6zlendi.<\/p>\n<p>Kaynak: www.kanalv.com.tr Haber Sitesinden Al\u0131nm\u0131\u015ft\u0131r.<\/p>","protected":false},"excerpt":{"rendered":"<p>Gazipa\u015fa&#8217;da d\u00fcn gece saatlerinde ba\u015flay\u0131p saatte 75-90 kilometre h\u0131zla esen f\u0131rt\u0131na, seralarda zarara yol a\u00e7t\u0131. \u015eiddetli r\u00fczgar, seralar\u0131n naylon \u00f6rt\u00fclerini y\u0131rtarak sera demirlerinin e\u011filmesine neden oldu. f\u0131rt\u0131na nedeniyle 150 hektar muz, 100 hektar fasulye, salatal\u0131k seras\u0131 zarar g\u00f6rd\u00fc. Tar\u0131m alanlar\u0131ndaki hasar, \u00f6zellikle muz ve di\u011fer meyve bah\u00e7elerinde b\u00fcy\u00fck kay\u0131plara yol a\u00e7t\u0131. A\u011fa\u00e7lar devrilirken, \u00fczerindeki \u00fcr\u00fcnler de yere d\u00f6k\u00fclerek kullan\u0131lmaz hale geldi. Ayr\u0131ca f\u0131rt\u0131na s\u0131ras\u0131nda \u00e7at\u0131 ve evlerden u\u00e7an cisimler ara\u00e7lara \u00e7arparak maddi hasar olu\u015fturdu. B\u00f6lgede incelemelerde bulunan Gazipa\u015fa Ziraat Odas\u0131 Ba\u015fkan\u0131 Yusuf \u00c7elik, \u201c\u0130l\u00e7emizde ya\u015fanan bu \u015fiddetli f\u0131rt\u0131nadan zarar g\u00f6ren t\u00fcm \u00e7ift\u00e7ilerimize ge\u00e7mi\u015f olsun dileklerimi iletiyorum. B\u00f6yle afetlerde, Tar\u0131m Sigortalar\u0131 Havuzu (TARS\u0130M) sigortas\u0131n\u0131n \u00f6nemi bir kez daha ortaya \u00e7\u0131k\u0131yor. Sigortas\u0131 olan \u00fcreticilerimiz, zarar durumlar\u0131n\u0131 bildirerek ke\u015fif talebinde bulunabilirler\u201d ifadelerini kulland\u0131. Ba\u015fkan \u00c7elik, \u00fcreticilere bir kez daha \u00e7a\u011fr\u0131da bulunarak TARS\u0130M sigortas\u0131n\u0131n \u00f6nemine vurgu yapt\u0131 ve \u00e7ift\u00e7ilerin bu t\u00fcr afetlere kar\u015f\u0131 \u00f6nlem almas\u0131 gerekti\u011fini belirtti. Hasar tespit \u00e7al\u0131\u015fmalar\u0131 ba\u015flad\u0131 Gazipa\u015fa&#8217;da tar\u0131msal \u00fcretimin bel kemi\u011fini olu\u015fturan seralarda ve meyve bah\u00e7elerinde meydana gelen hasar, \u00fcreticileri zorlu bir d\u00f6neme sokarken, il\u00e7ede hayat\u0131n normale d\u00f6nmesi i\u00e7in \u00e7al\u0131\u015fmalar\u0131n s\u00fcrd\u00fc\u011f\u00fc bildirildi. Tropikal park zarar g\u00f6rd\u00fc \u015eiddetli f\u0131rt\u0131na, Gazipa\u015fa Belediyesi Park ve Bah\u00e7eler M\u00fcd\u00fcrl\u00fc\u011f\u00fc&#8217;nce hizmete a\u00e7\u0131lan T\u00fcrkiye&#8217;nin ilk tropikal park\u0131 \u00f6zelli\u011fini ta\u015f\u0131yan Tropikal Park&#8217;ta zarara neden oldu. Seran\u0131n \u00fcst &hellip;<\/p>","protected":false},"author":0,"featured_media":17561,"comment_status":"open","ping_status":"open","sticky":false,"template":"","format":"standard","meta":{"_acf_changed":false,"footnotes":""},"categories":[26,535],"tags":[],"class_list":["post-17560","post","type-post","status-publish","format-standard","has-post-thumbnail","hentry","category-antalya","category-uncategorized-tr"],"acf":[],"yoast_head":"<!-- This site is optimized with the Yoast SEO Premium plugin v26.6 (Yoast SEO v27.1.1) - https:\/\/yoast.com\/product\/yoast-seo-premium-wordpress\/ -->\n<title>F\u0131rt\u0131na 250 hektarl\u0131k sera alan\u0131n\u0131 vurdu - Av. Deniz Can K\u0131z\u0131l<\/title>\n<meta name=\"robots\" content=\"index, follow, max-snippet:-1, max-image-preview:large, max-video-preview:-1\" \/>\n<link rel=\"canonical\" href=\"http:\/\/denizcankizil.tr\/de\/haberler\/antalya\/firtina-250-hektarlik-sera-alanini-vurdu\/\" \/>\n<meta property=\"og:locale\" content=\"de_DE\" \/>\n<meta property=\"og:type\" content=\"article\" \/>\n<meta property=\"og:title\" content=\"F\u0131rt\u0131na 250 hektarl\u0131k sera alan\u0131n\u0131 vurdu\" \/>\n<meta property=\"og:description\" content=\"Gazipa\u015fa&#8217;da d\u00fcn gece saatlerinde ba\u015flay\u0131p saatte 75-90 kilometre h\u0131zla esen f\u0131rt\u0131na, seralarda zarara yol a\u00e7t\u0131. \u015eiddetli r\u00fczgar, seralar\u0131n naylon \u00f6rt\u00fclerini y\u0131rtarak sera demirlerinin e\u011filmesine neden oldu. f\u0131rt\u0131na nedeniyle 150 hektar muz, 100 hektar fasulye, salatal\u0131k seras\u0131 zarar g\u00f6rd\u00fc. Tar\u0131m alanlar\u0131ndaki hasar, \u00f6zellikle muz ve di\u011fer meyve bah\u00e7elerinde b\u00fcy\u00fck kay\u0131plara yol a\u00e7t\u0131. A\u011fa\u00e7lar devrilirken, \u00fczerindeki \u00fcr\u00fcnler de yere d\u00f6k\u00fclerek kullan\u0131lmaz hale geldi. Ayr\u0131ca f\u0131rt\u0131na s\u0131ras\u0131nda \u00e7at\u0131 ve evlerden u\u00e7an cisimler ara\u00e7lara \u00e7arparak maddi hasar olu\u015fturdu. B\u00f6lgede incelemelerde bulunan Gazipa\u015fa Ziraat Odas\u0131 Ba\u015fkan\u0131 Yusuf \u00c7elik, \u201c\u0130l\u00e7emizde ya\u015fanan bu \u015fiddetli f\u0131rt\u0131nadan zarar g\u00f6ren t\u00fcm \u00e7ift\u00e7ilerimize ge\u00e7mi\u015f olsun dileklerimi iletiyorum. B\u00f6yle afetlerde, Tar\u0131m Sigortalar\u0131 Havuzu (TARS\u0130M) sigortas\u0131n\u0131n \u00f6nemi bir kez daha ortaya \u00e7\u0131k\u0131yor. Sigortas\u0131 olan \u00fcreticilerimiz, zarar durumlar\u0131n\u0131 bildirerek ke\u015fif talebinde bulunabilirler\u201d ifadelerini kulland\u0131. Ba\u015fkan \u00c7elik, \u00fcreticilere bir kez daha \u00e7a\u011fr\u0131da bulunarak TARS\u0130M sigortas\u0131n\u0131n \u00f6nemine vurgu yapt\u0131 ve \u00e7ift\u00e7ilerin bu t\u00fcr afetlere kar\u015f\u0131 \u00f6nlem almas\u0131 gerekti\u011fini belirtti. Hasar tespit \u00e7al\u0131\u015fmalar\u0131 ba\u015flad\u0131 Gazipa\u015fa&#8217;da tar\u0131msal \u00fcretimin bel kemi\u011fini olu\u015fturan seralarda ve meyve bah\u00e7elerinde meydana gelen hasar, \u00fcreticileri zorlu bir d\u00f6neme sokarken, il\u00e7ede hayat\u0131n normale d\u00f6nmesi i\u00e7in \u00e7al\u0131\u015fmalar\u0131n s\u00fcrd\u00fc\u011f\u00fc bildirildi. Tropikal park zarar g\u00f6rd\u00fc \u015eiddetli f\u0131rt\u0131na, Gazipa\u015fa Belediyesi Park ve Bah\u00e7eler M\u00fcd\u00fcrl\u00fc\u011f\u00fc&#8217;nce hizmete a\u00e7\u0131lan T\u00fcrkiye&#8217;nin ilk tropikal park\u0131 \u00f6zelli\u011fini ta\u015f\u0131yan Tropikal Park&#8217;ta zarara neden oldu. Seran\u0131n \u00fcst &hellip;\" \/>\n<meta property=\"og:url\" content=\"http:\/\/denizcankizil.tr\/de\/haberler\/antalya\/firtina-250-hektarlik-sera-alanini-vurdu\/\" \/>\n<meta property=\"og:site_name\" content=\"Av. Deniz Can K\u0131z\u0131l\" \/>\n<meta property=\"article:published_time\" content=\"2024-11-25T12:41:15+00:00\" \/>\n<meta property=\"og:image\" content=\"http:\/\/denizcankizil.tr\/wp-content\/uploads\/2024\/11\/3268-01-XtmQOt.jpeg\" \/>\n\t<meta property=\"og:image:width\" content=\"1280\" \/>\n\t<meta property=\"og:image:height\" content=\"720\" \/>\n\t<meta property=\"og:image:type\" content=\"image\/jpeg\" \/>\n<meta name=\"twitter:card\" content=\"summary_large_image\" \/>\n<meta name=\"twitter:label1\" content=\"Gesch\u00e4tzte Lesezeit\" \/>\n\t<meta name=\"twitter:data1\" content=\"2\u00a0Minuten\" \/>\n<script type=\"application\/ld+json\" class=\"yoast-schema-graph\">{\"@context\":\"https:\/\/schema.org\",\"@graph\":[{\"@type\":\"Article\",\"@id\":\"http:\/\/denizcankizil.tr\/uk\/haberler\/antalya\/firtina-250-hektarlik-sera-alanini-vurdu\/#article\",\"isPartOf\":{\"@id\":\"http:\/\/denizcankizil.tr\/uk\/haberler\/antalya\/firtina-250-hektarlik-sera-alanini-vurdu\/\"},\"author\":{\"name\":\"\",\"@id\":\"\"},\"headline\":\"F\u0131rt\u0131na 250 hektarl\u0131k sera alan\u0131n\u0131 vurdu\",\"datePublished\":\"2024-11-25T12:41:15+00:00\",\"mainEntityOfPage\":{\"@id\":\"http:\/\/denizcankizil.tr\/uk\/haberler\/antalya\/firtina-250-hektarlik-sera-alanini-vurdu\/\"},\"wordCount\":367,\"commentCount\":0,\"publisher\":{\"@id\":\"https:\/\/denizcankizil.tr\/de\/#organization\"},\"image\":{\"@id\":\"http:\/\/denizcankizil.tr\/uk\/haberler\/antalya\/firtina-250-hektarlik-sera-alanini-vurdu\/#primaryimage\"},\"thumbnailUrl\":\"http:\/\/denizcankizil.tr\/wp-content\/uploads\/2024\/11\/3268-01-XtmQOt.jpeg\",\"articleSection\":[\"Antalya\",\"Uncategorized\"],\"inLanguage\":\"de\",\"potentialAction\":[{\"@type\":\"CommentAction\",\"name\":\"Comment\",\"target\":[\"http:\/\/denizcankizil.tr\/uk\/haberler\/antalya\/firtina-250-hektarlik-sera-alanini-vurdu\/#respond\"]}]},{\"@type\":\"WebPage\",\"@id\":\"http:\/\/denizcankizil.tr\/uk\/haberler\/antalya\/firtina-250-hektarlik-sera-alanini-vurdu\/\",\"url\":\"http:\/\/denizcankizil.tr\/uk\/haberler\/antalya\/firtina-250-hektarlik-sera-alanini-vurdu\/\",\"name\":\"F\u0131rt\u0131na 250 hektarl\u0131k sera alan\u0131n\u0131 vurdu - Av. Deniz Can K\u0131z\u0131l\",\"isPartOf\":{\"@id\":\"https:\/\/denizcankizil.tr\/de\/#website\"},\"primaryImageOfPage\":{\"@id\":\"http:\/\/denizcankizil.tr\/uk\/haberler\/antalya\/firtina-250-hektarlik-sera-alanini-vurdu\/#primaryimage\"},\"image\":{\"@id\":\"http:\/\/denizcankizil.tr\/uk\/haberler\/antalya\/firtina-250-hektarlik-sera-alanini-vurdu\/#primaryimage\"},\"thumbnailUrl\":\"http:\/\/denizcankizil.tr\/wp-content\/uploads\/2024\/11\/3268-01-XtmQOt.jpeg\",\"datePublished\":\"2024-11-25T12:41:15+00:00\",\"breadcrumb\":{\"@id\":\"http:\/\/denizcankizil.tr\/uk\/haberler\/antalya\/firtina-250-hektarlik-sera-alanini-vurdu\/#breadcrumb\"},\"inLanguage\":\"de\",\"potentialAction\":[{\"@type\":\"ReadAction\",\"target\":[\"http:\/\/denizcankizil.tr\/uk\/haberler\/antalya\/firtina-250-hektarlik-sera-alanini-vurdu\/\"]}]},{\"@type\":\"ImageObject\",\"inLanguage\":\"de\",\"@id\":\"http:\/\/denizcankizil.tr\/uk\/haberler\/antalya\/firtina-250-hektarlik-sera-alanini-vurdu\/#primaryimage\",\"url\":\"http:\/\/denizcankizil.tr\/wp-content\/uploads\/2024\/11\/3268-01-XtmQOt.jpeg\",\"contentUrl\":\"http:\/\/denizcankizil.tr\/wp-content\/uploads\/2024\/11\/3268-01-XtmQOt.jpeg\",\"width\":1280,\"height\":720},{\"@type\":\"BreadcrumbList\",\"@id\":\"http:\/\/denizcankizil.tr\/uk\/haberler\/antalya\/firtina-250-hektarlik-sera-alanini-vurdu\/#breadcrumb\",\"itemListElement\":[{\"@type\":\"ListItem\",\"position\":1,\"name\":\"Home\",\"item\":\"https:\/\/denizcankizil.tr\/de\/\"},{\"@type\":\"ListItem\",\"position\":2,\"name\":\"F\u0131rt\u0131na 250 hektarl\u0131k sera alan\u0131n\u0131 vurdu\"}]},{\"@type\":\"WebSite\",\"@id\":\"https:\/\/denizcankizil.tr\/de\/#website\",\"url\":\"https:\/\/denizcankizil.tr\/de\/\",\"name\":\"Av. Deniz Can K\u0131z\u0131l\",\"description\":\"Avukat Deniz Can K\u0131z\u0131l Antalya Barosu\",\"publisher\":{\"@id\":\"https:\/\/denizcankizil.tr\/de\/#organization\"},\"potentialAction\":[{\"@type\":\"SearchAction\",\"target\":{\"@type\":\"EntryPoint\",\"urlTemplate\":\"https:\/\/denizcankizil.tr\/de\/?s={search_term_string}\"},\"query-input\":{\"@type\":\"PropertyValueSpecification\",\"valueRequired\":true,\"valueName\":\"search_term_string\"}}],\"inLanguage\":\"de\"},{\"@type\":\"Organization\",\"@id\":\"https:\/\/denizcankizil.tr\/de\/#organization\",\"name\":\"Av. Deniz Can K\u0131z\u0131l\",\"url\":\"https:\/\/denizcankizil.tr\/de\/\",\"logo\":{\"@type\":\"ImageObject\",\"inLanguage\":\"de\",\"@id\":\"https:\/\/denizcankizil.tr\/de\/#\/schema\/logo\/image\/\",\"url\":\"http:\/\/denizcankizil.tr\/wp-content\/uploads\/2024\/10\/siyah-logo-svg.svg\",\"contentUrl\":\"http:\/\/denizcankizil.tr\/wp-content\/uploads\/2024\/10\/siyah-logo-svg.svg\",\"width\":1080,\"height\":1080,\"caption\":\"Av. Deniz Can K\u0131z\u0131l\"},\"image\":{\"@id\":\"https:\/\/denizcankizil.tr\/de\/#\/schema\/logo\/image\/\"}}]}<\/script>\n<!-- \/ Yoast SEO Premium plugin. -->","yoast_head_json":{"title":"F\u0131rt\u0131na 250 hektarl\u0131k sera alan\u0131n\u0131 vurdu - Av. Deniz Can K\u0131z\u0131l","robots":{"index":"index","follow":"follow","max-snippet":"max-snippet:-1","max-image-preview":"max-image-preview:large","max-video-preview":"max-video-preview:-1"},"canonical":"http:\/\/denizcankizil.tr\/de\/haberler\/antalya\/firtina-250-hektarlik-sera-alanini-vurdu\/","og_locale":"de_DE","og_type":"article","og_title":"F\u0131rt\u0131na 250 hektarl\u0131k sera alan\u0131n\u0131 vurdu","og_description":"Gazipa\u015fa&#8217;da d\u00fcn gece saatlerinde ba\u015flay\u0131p saatte 75-90 kilometre h\u0131zla esen f\u0131rt\u0131na, seralarda zarara yol a\u00e7t\u0131. \u015eiddetli r\u00fczgar, seralar\u0131n naylon \u00f6rt\u00fclerini y\u0131rtarak sera demirlerinin e\u011filmesine neden oldu. f\u0131rt\u0131na nedeniyle 150 hektar muz, 100 hektar fasulye, salatal\u0131k seras\u0131 zarar g\u00f6rd\u00fc. Tar\u0131m alanlar\u0131ndaki hasar, \u00f6zellikle muz ve di\u011fer meyve bah\u00e7elerinde b\u00fcy\u00fck kay\u0131plara yol a\u00e7t\u0131. A\u011fa\u00e7lar devrilirken, \u00fczerindeki \u00fcr\u00fcnler de yere d\u00f6k\u00fclerek kullan\u0131lmaz hale geldi. Ayr\u0131ca f\u0131rt\u0131na s\u0131ras\u0131nda \u00e7at\u0131 ve evlerden u\u00e7an cisimler ara\u00e7lara \u00e7arparak maddi hasar olu\u015fturdu. B\u00f6lgede incelemelerde bulunan Gazipa\u015fa Ziraat Odas\u0131 Ba\u015fkan\u0131 Yusuf \u00c7elik, \u201c\u0130l\u00e7emizde ya\u015fanan bu \u015fiddetli f\u0131rt\u0131nadan zarar g\u00f6ren t\u00fcm \u00e7ift\u00e7ilerimize ge\u00e7mi\u015f olsun dileklerimi iletiyorum. B\u00f6yle afetlerde, Tar\u0131m Sigortalar\u0131 Havuzu (TARS\u0130M) sigortas\u0131n\u0131n \u00f6nemi bir kez daha ortaya \u00e7\u0131k\u0131yor. Sigortas\u0131 olan \u00fcreticilerimiz, zarar durumlar\u0131n\u0131 bildirerek ke\u015fif talebinde bulunabilirler\u201d ifadelerini kulland\u0131. Ba\u015fkan \u00c7elik, \u00fcreticilere bir kez daha \u00e7a\u011fr\u0131da bulunarak TARS\u0130M sigortas\u0131n\u0131n \u00f6nemine vurgu yapt\u0131 ve \u00e7ift\u00e7ilerin bu t\u00fcr afetlere kar\u015f\u0131 \u00f6nlem almas\u0131 gerekti\u011fini belirtti. Hasar tespit \u00e7al\u0131\u015fmalar\u0131 ba\u015flad\u0131 Gazipa\u015fa&#8217;da tar\u0131msal \u00fcretimin bel kemi\u011fini olu\u015fturan seralarda ve meyve bah\u00e7elerinde meydana gelen hasar, \u00fcreticileri zorlu bir d\u00f6neme sokarken, il\u00e7ede hayat\u0131n normale d\u00f6nmesi i\u00e7in \u00e7al\u0131\u015fmalar\u0131n s\u00fcrd\u00fc\u011f\u00fc bildirildi. Tropikal park zarar g\u00f6rd\u00fc \u015eiddetli f\u0131rt\u0131na, Gazipa\u015fa Belediyesi Park ve Bah\u00e7eler M\u00fcd\u00fcrl\u00fc\u011f\u00fc&#8217;nce hizmete a\u00e7\u0131lan T\u00fcrkiye&#8217;nin ilk tropikal park\u0131 \u00f6zelli\u011fini ta\u015f\u0131yan Tropikal Park&#8217;ta zarara neden oldu. Seran\u0131n \u00fcst &hellip;","og_url":"http:\/\/denizcankizil.tr\/de\/haberler\/antalya\/firtina-250-hektarlik-sera-alanini-vurdu\/","og_site_name":"Av. Deniz Can K\u0131z\u0131l","article_published_time":"2024-11-25T12:41:15+00:00","og_image":[{"width":1280,"height":720,"url":"http:\/\/denizcankizil.tr\/wp-content\/uploads\/2024\/11\/3268-01-XtmQOt.jpeg","type":"image\/jpeg"}],"twitter_card":"summary_large_image","twitter_misc":{"Gesch\u00e4tzte Lesezeit":"2\u00a0Minuten"},"schema":{"@context":"https:\/\/schema.org","@graph":[{"@type":"Article","@id":"http:\/\/denizcankizil.tr\/uk\/haberler\/antalya\/firtina-250-hektarlik-sera-alanini-vurdu\/#article","isPartOf":{"@id":"http:\/\/denizcankizil.tr\/uk\/haberler\/antalya\/firtina-250-hektarlik-sera-alanini-vurdu\/"},"author":{"name":"","@id":""},"headline":"F\u0131rt\u0131na 250 hektarl\u0131k sera alan\u0131n\u0131 vurdu","datePublished":"2024-11-25T12:41:15+00:00","mainEntityOfPage":{"@id":"http:\/\/denizcankizil.tr\/uk\/haberler\/antalya\/firtina-250-hektarlik-sera-alanini-vurdu\/"},"wordCount":367,"commentCount":0,"publisher":{"@id":"https:\/\/denizcankizil.tr\/de\/#organization"},"image":{"@id":"http:\/\/denizcankizil.tr\/uk\/haberler\/antalya\/firtina-250-hektarlik-sera-alanini-vurdu\/#primaryimage"},"thumbnailUrl":"http:\/\/denizcankizil.tr\/wp-content\/uploads\/2024\/11\/3268-01-XtmQOt.jpeg","articleSection":["Antalya","Uncategorized"],"inLanguage":"de","potentialAction":[{"@type":"CommentAction","name":"Comment","target":["http:\/\/denizcankizil.tr\/uk\/haberler\/antalya\/firtina-250-hektarlik-sera-alanini-vurdu\/#respond"]}]},{"@type":"WebPage","@id":"http:\/\/denizcankizil.tr\/uk\/haberler\/antalya\/firtina-250-hektarlik-sera-alanini-vurdu\/","url":"http:\/\/denizcankizil.tr\/uk\/haberler\/antalya\/firtina-250-hektarlik-sera-alanini-vurdu\/","name":"F\u0131rt\u0131na 250 hektarl\u0131k sera alan\u0131n\u0131 vurdu - Av. Deniz Can K\u0131z\u0131l","isPartOf":{"@id":"https:\/\/denizcankizil.tr\/de\/#website"},"primaryImageOfPage":{"@id":"http:\/\/denizcankizil.tr\/uk\/haberler\/antalya\/firtina-250-hektarlik-sera-alanini-vurdu\/#primaryimage"},"image":{"@id":"http:\/\/denizcankizil.tr\/uk\/haberler\/antalya\/firtina-250-hektarlik-sera-alanini-vurdu\/#primaryimage"},"thumbnailUrl":"http:\/\/denizcankizil.tr\/wp-content\/uploads\/2024\/11\/3268-01-XtmQOt.jpeg","datePublished":"2024-11-25T12:41:15+00:00","breadcrumb":{"@id":"http:\/\/denizcankizil.tr\/uk\/haberler\/antalya\/firtina-250-hektarlik-sera-alanini-vurdu\/#breadcrumb"},"inLanguage":"de","potentialAction":[{"@type":"ReadAction","target":["http:\/\/denizcankizil.tr\/uk\/haberler\/antalya\/firtina-250-hektarlik-sera-alanini-vurdu\/"]}]},{"@type":"ImageObject","inLanguage":"de","@id":"http:\/\/denizcankizil.tr\/uk\/haberler\/antalya\/firtina-250-hektarlik-sera-alanini-vurdu\/#primaryimage","url":"http:\/\/denizcankizil.tr\/wp-content\/uploads\/2024\/11\/3268-01-XtmQOt.jpeg","contentUrl":"http:\/\/denizcankizil.tr\/wp-content\/uploads\/2024\/11\/3268-01-XtmQOt.jpeg","width":1280,"height":720},{"@type":"BreadcrumbList","@id":"http:\/\/denizcankizil.tr\/uk\/haberler\/antalya\/firtina-250-hektarlik-sera-alanini-vurdu\/#breadcrumb","itemListElement":[{"@type":"ListItem","position":1,"name":"Home","item":"https:\/\/denizcankizil.tr\/de\/"},{"@type":"ListItem","position":2,"name":"F\u0131rt\u0131na 250 hektarl\u0131k sera alan\u0131n\u0131 vurdu"}]},{"@type":"WebSite","@id":"https:\/\/denizcankizil.tr\/de\/#website","url":"https:\/\/denizcankizil.tr\/de\/","name":"Av. Deniz Can K\u0131z\u0131l","description":"Avukat Deniz Can K\u0131z\u0131l Antalya Barosu","publisher":{"@id":"https:\/\/denizcankizil.tr\/de\/#organization"},"potentialAction":[{"@type":"SearchAction","target":{"@type":"EntryPoint","urlTemplate":"https:\/\/denizcankizil.tr\/de\/?s={search_term_string}"},"query-input":{"@type":"PropertyValueSpecification","valueRequired":true,"valueName":"search_term_string"}}],"inLanguage":"de"},{"@type":"Organization","@id":"https:\/\/denizcankizil.tr\/de\/#organization","name":"Av. Deniz Can K\u0131z\u0131l","url":"https:\/\/denizcankizil.tr\/de\/","logo":{"@type":"ImageObject","inLanguage":"de","@id":"https:\/\/denizcankizil.tr\/de\/#\/schema\/logo\/image\/","url":"http:\/\/denizcankizil.tr\/wp-content\/uploads\/2024\/10\/siyah-logo-svg.svg","contentUrl":"http:\/\/denizcankizil.tr\/wp-content\/uploads\/2024\/10\/siyah-logo-svg.svg","width":1080,"height":1080,"caption":"Av. Deniz Can K\u0131z\u0131l"},"image":{"@id":"https:\/\/denizcankizil.tr\/de\/#\/schema\/logo\/image\/"}}]}},"_links":{"self":[{"href":"http:\/\/denizcankizil.tr\/de\/wp-json\/wp\/v2\/posts\/17560","targetHints":{"allow":["GET"]}}],"collection":[{"href":"http:\/\/denizcankizil.tr\/de\/wp-json\/wp\/v2\/posts"}],"about":[{"href":"http:\/\/denizcankizil.tr\/de\/wp-json\/wp\/v2\/types\/post"}],"replies":[{"embeddable":true,"href":"http:\/\/denizcankizil.tr\/de\/wp-json\/wp\/v2\/comments?post=17560"}],"version-history":[{"count":0,"href":"http:\/\/denizcankizil.tr\/de\/wp-json\/wp\/v2\/posts\/17560\/revisions"}],"wp:featuredmedia":[{"embeddable":true,"href":"http:\/\/denizcankizil.tr\/de\/wp-json\/wp\/v2\/media\/17561"}],"wp:attachment":[{"href":"http:\/\/denizcankizil.tr\/de\/wp-json\/wp\/v2\/media?parent=17560"}],"wp:term":[{"taxonomy":"category","embeddable":true,"href":"http:\/\/denizcankizil.tr\/de\/wp-json\/wp\/v2\/categories?post=17560"},{"taxonomy":"post_tag","embeddable":true,"href":"http:\/\/denizcankizil.tr\/de\/wp-json\/wp\/v2\/tags?post=17560"}],"curies":[{"name":"wp","href":"https:\/\/api.w.org\/{rel}","templated":true}]}}