{"id":16918,"date":"2024-11-21T16:41:25","date_gmt":"2024-11-21T13:41:25","guid":{"rendered":"https:\/\/denizcankizil.tr\/uncategorized-tr\/sgk-il-mudurlugu-bahcesine-birakilan-canta-polisi-alarma-gecirdi\/"},"modified":"2024-11-21T16:41:25","modified_gmt":"2024-11-21T13:41:25","slug":"sgk-il-mudurlugu-bahcesine-birakilan-canta-polisi-alarma-gecirdi","status":"publish","type":"post","link":"http:\/\/denizcankizil.tr\/de\/haberler\/antalya\/sgk-il-mudurlugu-bahcesine-birakilan-canta-polisi-alarma-gecirdi\/","title":{"rendered":"SGK \u0130l M\u00fcd\u00fcrl\u00fc\u011f\u00fc bah\u00e7esine b\u0131rak\u0131lan \u00e7anta polisi alarma ge\u00e7irdi"},"content":{"rendered":"<p>Olay, saat 12.00 s\u0131ralar\u0131nda Muratpa\u015fa il\u00e7esi \u00dc\u00e7gen Mahallesi Sokullu Caddesi \u00fczerinde bulunan SGK Antalya \u0130l M\u00fcd\u00fcrl\u00fc\u011f\u00fc bah\u00e7esinde meydana geldi. Edinilen bilgiye g\u00f6re, binan\u0131n d\u0131\u015f k\u0131sm\u0131nda bir s\u0131rt \u00e7antas\u0131 g\u00f6ren kurum g\u00fcvenli\u011fi g\u00fcvenlik kameralar\u0131n\u0131 inceledikten sonra kimli\u011fi belirsiz bir \u015fahs\u0131n s\u0131rt \u00e7antas\u0131 ile SGK \u0130l M\u00fcd\u00fcrl\u00fc\u011f\u00fc bah\u00e7esine girdi\u011fini ve birka\u00e7 dakika sonra \u00e7antas\u0131z bir \u015fekilde ayr\u0131ld\u0131\u011f\u0131n\u0131 fark etti. Bunun \u00fczerine g\u00fcvenlik g\u00f6revlisi 112 Acil \u00c7a\u011fr\u0131 Merkezi&#8217;ni arayarak durumu polis ekiplerine bildirdi.<\/p>\n<p>Merak ve endi\u015feli g\u00f6zlerle izlediler<br \/>\n\u0130hbarla olay yerine \u00e7ok say\u0131da ekip sevk edilirken cadde ara\u00e7 ve yaya ge\u00e7i\u015fine kapat\u0131ld\u0131. \u00d6\u011flen aras\u0131 olmas\u0131 nedeniyle kurum i\u00e7erisinde vatanda\u015f bulunmazken tedbir ama\u00e7l\u0131 olarak i\u00e7eride bulunan personel de binadan \u00e7\u0131kart\u0131ld\u0131. Olay yerine gelen bomba imha ekibinde g\u00f6revli uzmanlar ilk olarak \u015f\u00fcpheli \u00e7antay\u0131 d\u00fcrb\u00fcn ile uzaktan kontrol etti. Bu s\u0131rada \u00e7evrede bulunan apartmanlar\u0131n balkonlar\u0131 ve yoldan ge\u00e7en vatanda\u015flar merak ve endi\u015feli g\u00f6zlerle ekiplerin \u00e7al\u0131\u015fmas\u0131n\u0131 izledi.<\/p>\n<p>F\u00fcnye ile patlat\u0131ld\u0131<br \/>\nSinyal kesiciyi devreye sokan bomba imha uzmanlar\u0131, ard\u0131ndan \u00f6zel k\u0131yafeti giyerek \u00e7antan\u0131n yan\u0131na gitti. Bomba imha uzman\u0131 taraf\u0131ndan f\u00fcnyenin yerle\u015ftirilmesinin ard\u0131ndan \u00e7anta kontroll\u00fc bir \u015fekilde patlat\u0131ld\u0131. B\u00fcy\u00fck bir g\u00fcr\u00fclt\u00fc ile patlayan f\u00fcnye nedeniyle \u00e7evredeki vatanda\u015flar korku dolu anlar ya\u015fad\u0131. F\u00fcnye ile patlat\u0131lan \u00e7antan\u0131n i\u00e7erisinden k\u0131yafet ve ki\u015fisel e\u015fyalar \u00e7\u0131karken, \u00e7antay\u0131 SGK \u0130l M\u00fcd\u00fcrl\u00fc\u011f\u00fc&#8217;ne b\u0131rakan \u015fahs\u0131n g\u00f6r\u00fcnt\u00fcleri ise g\u00fcvenlik kameralar\u0131 taraf\u0131ndan kaydedildi. S\u0131rt \u00e7antas\u0131 ile birlikte SGK binas\u0131n\u0131n bah\u00e7esine giren \u015fahs\u0131n kamera a\u00e7\u0131s\u0131ndan \u00e7\u0131kt\u0131ktan birka\u00e7 dakika sonra b\u00f6lgeden uzakla\u015ft\u0131\u011f\u0131 g\u00f6r\u00fcld\u00fc.<\/p>\n<p>Kaynak: www.kanalv.com.tr Haber Sitesinden Al\u0131nm\u0131\u015ft\u0131r.<\/p>","protected":false},"excerpt":{"rendered":"<p>Olay, saat 12.00 s\u0131ralar\u0131nda Muratpa\u015fa il\u00e7esi \u00dc\u00e7gen Mahallesi Sokullu Caddesi \u00fczerinde bulunan SGK Antalya \u0130l M\u00fcd\u00fcrl\u00fc\u011f\u00fc bah\u00e7esinde meydana geldi. Edinilen bilgiye g\u00f6re, binan\u0131n d\u0131\u015f k\u0131sm\u0131nda bir s\u0131rt \u00e7antas\u0131 g\u00f6ren kurum g\u00fcvenli\u011fi g\u00fcvenlik kameralar\u0131n\u0131 inceledikten sonra kimli\u011fi belirsiz bir \u015fahs\u0131n s\u0131rt \u00e7antas\u0131 ile SGK \u0130l M\u00fcd\u00fcrl\u00fc\u011f\u00fc bah\u00e7esine girdi\u011fini ve birka\u00e7 dakika sonra \u00e7antas\u0131z bir \u015fekilde ayr\u0131ld\u0131\u011f\u0131n\u0131 fark etti. Bunun \u00fczerine g\u00fcvenlik g\u00f6revlisi 112 Acil \u00c7a\u011fr\u0131 Merkezi&#8217;ni arayarak durumu polis ekiplerine bildirdi. Merak ve endi\u015feli g\u00f6zlerle izlediler \u0130hbarla olay yerine \u00e7ok say\u0131da ekip sevk edilirken cadde ara\u00e7 ve yaya ge\u00e7i\u015fine kapat\u0131ld\u0131. \u00d6\u011flen aras\u0131 olmas\u0131 nedeniyle kurum i\u00e7erisinde vatanda\u015f bulunmazken tedbir ama\u00e7l\u0131 olarak i\u00e7eride bulunan personel de binadan \u00e7\u0131kart\u0131ld\u0131. Olay yerine gelen bomba imha ekibinde g\u00f6revli uzmanlar ilk olarak \u015f\u00fcpheli \u00e7antay\u0131 d\u00fcrb\u00fcn ile uzaktan kontrol etti. Bu s\u0131rada \u00e7evrede bulunan apartmanlar\u0131n balkonlar\u0131 ve yoldan ge\u00e7en vatanda\u015flar merak ve endi\u015feli g\u00f6zlerle ekiplerin \u00e7al\u0131\u015fmas\u0131n\u0131 izledi. F\u00fcnye ile patlat\u0131ld\u0131 Sinyal kesiciyi devreye sokan bomba imha uzmanlar\u0131, ard\u0131ndan \u00f6zel k\u0131yafeti giyerek \u00e7antan\u0131n yan\u0131na gitti. Bomba imha uzman\u0131 taraf\u0131ndan f\u00fcnyenin yerle\u015ftirilmesinin ard\u0131ndan \u00e7anta kontroll\u00fc bir \u015fekilde patlat\u0131ld\u0131. B\u00fcy\u00fck bir g\u00fcr\u00fclt\u00fc ile patlayan f\u00fcnye nedeniyle \u00e7evredeki vatanda\u015flar korku dolu anlar ya\u015fad\u0131. F\u00fcnye ile patlat\u0131lan \u00e7antan\u0131n i\u00e7erisinden k\u0131yafet ve ki\u015fisel e\u015fyalar \u00e7\u0131karken, \u00e7antay\u0131 SGK \u0130l M\u00fcd\u00fcrl\u00fc\u011f\u00fc&#8217;ne b\u0131rakan \u015fahs\u0131n g\u00f6r\u00fcnt\u00fcleri ise &hellip;<\/p>","protected":false},"author":0,"featured_media":16919,"comment_status":"open","ping_status":"open","sticky":false,"template":"","format":"standard","meta":{"_acf_changed":false,"footnotes":""},"categories":[26,535],"tags":[],"class_list":["post-16918","post","type-post","status-publish","format-standard","has-post-thumbnail","hentry","category-antalya","category-uncategorized-tr"],"acf":[],"yoast_head":"<!-- This site is optimized with the Yoast SEO Premium plugin v26.6 (Yoast SEO v27.1.1) - https:\/\/yoast.com\/product\/yoast-seo-premium-wordpress\/ -->\n<title>SGK \u0130l M\u00fcd\u00fcrl\u00fc\u011f\u00fc bah\u00e7esine b\u0131rak\u0131lan \u00e7anta polisi alarma ge\u00e7irdi - Av. Deniz Can K\u0131z\u0131l<\/title>\n<meta name=\"robots\" content=\"index, follow, max-snippet:-1, max-image-preview:large, max-video-preview:-1\" \/>\n<link rel=\"canonical\" href=\"https:\/\/denizcankizil.tr\/de\/haberler\/antalya\/sgk-il-mudurlugu-bahcesine-birakilan-canta-polisi-alarma-gecirdi\/\" \/>\n<meta property=\"og:locale\" content=\"de_DE\" \/>\n<meta property=\"og:type\" content=\"article\" \/>\n<meta property=\"og:title\" content=\"SGK \u0130l M\u00fcd\u00fcrl\u00fc\u011f\u00fc bah\u00e7esine b\u0131rak\u0131lan \u00e7anta polisi alarma ge\u00e7irdi\" \/>\n<meta property=\"og:description\" content=\"Olay, saat 12.00 s\u0131ralar\u0131nda Muratpa\u015fa il\u00e7esi \u00dc\u00e7gen Mahallesi Sokullu Caddesi \u00fczerinde bulunan SGK Antalya \u0130l M\u00fcd\u00fcrl\u00fc\u011f\u00fc bah\u00e7esinde meydana geldi. Edinilen bilgiye g\u00f6re, binan\u0131n d\u0131\u015f k\u0131sm\u0131nda bir s\u0131rt \u00e7antas\u0131 g\u00f6ren kurum g\u00fcvenli\u011fi g\u00fcvenlik kameralar\u0131n\u0131 inceledikten sonra kimli\u011fi belirsiz bir \u015fahs\u0131n s\u0131rt \u00e7antas\u0131 ile SGK \u0130l M\u00fcd\u00fcrl\u00fc\u011f\u00fc bah\u00e7esine girdi\u011fini ve birka\u00e7 dakika sonra \u00e7antas\u0131z bir \u015fekilde ayr\u0131ld\u0131\u011f\u0131n\u0131 fark etti. Bunun \u00fczerine g\u00fcvenlik g\u00f6revlisi 112 Acil \u00c7a\u011fr\u0131 Merkezi&#8217;ni arayarak durumu polis ekiplerine bildirdi. Merak ve endi\u015feli g\u00f6zlerle izlediler \u0130hbarla olay yerine \u00e7ok say\u0131da ekip sevk edilirken cadde ara\u00e7 ve yaya ge\u00e7i\u015fine kapat\u0131ld\u0131. \u00d6\u011flen aras\u0131 olmas\u0131 nedeniyle kurum i\u00e7erisinde vatanda\u015f bulunmazken tedbir ama\u00e7l\u0131 olarak i\u00e7eride bulunan personel de binadan \u00e7\u0131kart\u0131ld\u0131. Olay yerine gelen bomba imha ekibinde g\u00f6revli uzmanlar ilk olarak \u015f\u00fcpheli \u00e7antay\u0131 d\u00fcrb\u00fcn ile uzaktan kontrol etti. Bu s\u0131rada \u00e7evrede bulunan apartmanlar\u0131n balkonlar\u0131 ve yoldan ge\u00e7en vatanda\u015flar merak ve endi\u015feli g\u00f6zlerle ekiplerin \u00e7al\u0131\u015fmas\u0131n\u0131 izledi. F\u00fcnye ile patlat\u0131ld\u0131 Sinyal kesiciyi devreye sokan bomba imha uzmanlar\u0131, ard\u0131ndan \u00f6zel k\u0131yafeti giyerek \u00e7antan\u0131n yan\u0131na gitti. Bomba imha uzman\u0131 taraf\u0131ndan f\u00fcnyenin yerle\u015ftirilmesinin ard\u0131ndan \u00e7anta kontroll\u00fc bir \u015fekilde patlat\u0131ld\u0131. B\u00fcy\u00fck bir g\u00fcr\u00fclt\u00fc ile patlayan f\u00fcnye nedeniyle \u00e7evredeki vatanda\u015flar korku dolu anlar ya\u015fad\u0131. F\u00fcnye ile patlat\u0131lan \u00e7antan\u0131n i\u00e7erisinden k\u0131yafet ve ki\u015fisel e\u015fyalar \u00e7\u0131karken, \u00e7antay\u0131 SGK \u0130l M\u00fcd\u00fcrl\u00fc\u011f\u00fc&#8217;ne b\u0131rakan \u015fahs\u0131n g\u00f6r\u00fcnt\u00fcleri ise &hellip;\" \/>\n<meta property=\"og:url\" content=\"https:\/\/denizcankizil.tr\/de\/haberler\/antalya\/sgk-il-mudurlugu-bahcesine-birakilan-canta-polisi-alarma-gecirdi\/\" \/>\n<meta property=\"og:site_name\" content=\"Av. Deniz Can K\u0131z\u0131l\" \/>\n<meta property=\"article:published_time\" content=\"2024-11-21T13:41:25+00:00\" \/>\n<meta property=\"og:image\" content=\"https:\/\/denizcankizil.tr\/wp-content\/uploads\/2024\/11\/3212-01-6JpqgT.jpeg\" \/>\n\t<meta property=\"og:image:width\" content=\"1280\" \/>\n\t<meta property=\"og:image:height\" content=\"720\" \/>\n\t<meta property=\"og:image:type\" content=\"image\/jpeg\" \/>\n<meta name=\"twitter:card\" content=\"summary_large_image\" \/>\n<meta name=\"twitter:label1\" content=\"Gesch\u00e4tzte Lesezeit\" \/>\n\t<meta name=\"twitter:data1\" content=\"2\u00a0Minuten\" \/>\n<script type=\"application\/ld+json\" class=\"yoast-schema-graph\">{\"@context\":\"https:\/\/schema.org\",\"@graph\":[{\"@type\":\"Article\",\"@id\":\"https:\/\/denizcankizil.tr\/ru\/haberler\/antalya\/sgk-il-mudurlugu-bahcesine-birakilan-canta-polisi-alarma-gecirdi\/#article\",\"isPartOf\":{\"@id\":\"https:\/\/denizcankizil.tr\/ru\/haberler\/antalya\/sgk-il-mudurlugu-bahcesine-birakilan-canta-polisi-alarma-gecirdi\/\"},\"author\":{\"name\":\"\",\"@id\":\"\"},\"headline\":\"SGK \u0130l M\u00fcd\u00fcrl\u00fc\u011f\u00fc bah\u00e7esine b\u0131rak\u0131lan \u00e7anta polisi alarma ge\u00e7irdi\",\"datePublished\":\"2024-11-21T13:41:25+00:00\",\"mainEntityOfPage\":{\"@id\":\"https:\/\/denizcankizil.tr\/ru\/haberler\/antalya\/sgk-il-mudurlugu-bahcesine-birakilan-canta-polisi-alarma-gecirdi\/\"},\"wordCount\":345,\"commentCount\":0,\"publisher\":{\"@id\":\"https:\/\/denizcankizil.tr\/de\/#organization\"},\"image\":{\"@id\":\"https:\/\/denizcankizil.tr\/ru\/haberler\/antalya\/sgk-il-mudurlugu-bahcesine-birakilan-canta-polisi-alarma-gecirdi\/#primaryimage\"},\"thumbnailUrl\":\"http:\/\/denizcankizil.tr\/wp-content\/uploads\/2024\/11\/3212-01-6JpqgT.jpeg\",\"articleSection\":[\"Antalya\",\"Uncategorized\"],\"inLanguage\":\"de\",\"potentialAction\":[{\"@type\":\"CommentAction\",\"name\":\"Comment\",\"target\":[\"https:\/\/denizcankizil.tr\/ru\/haberler\/antalya\/sgk-il-mudurlugu-bahcesine-birakilan-canta-polisi-alarma-gecirdi\/#respond\"]}]},{\"@type\":\"WebPage\",\"@id\":\"https:\/\/denizcankizil.tr\/ru\/haberler\/antalya\/sgk-il-mudurlugu-bahcesine-birakilan-canta-polisi-alarma-gecirdi\/\",\"url\":\"https:\/\/denizcankizil.tr\/ru\/haberler\/antalya\/sgk-il-mudurlugu-bahcesine-birakilan-canta-polisi-alarma-gecirdi\/\",\"name\":\"SGK \u0130l M\u00fcd\u00fcrl\u00fc\u011f\u00fc bah\u00e7esine b\u0131rak\u0131lan \u00e7anta polisi alarma ge\u00e7irdi - Av. Deniz Can K\u0131z\u0131l\",\"isPartOf\":{\"@id\":\"https:\/\/denizcankizil.tr\/de\/#website\"},\"primaryImageOfPage\":{\"@id\":\"https:\/\/denizcankizil.tr\/ru\/haberler\/antalya\/sgk-il-mudurlugu-bahcesine-birakilan-canta-polisi-alarma-gecirdi\/#primaryimage\"},\"image\":{\"@id\":\"https:\/\/denizcankizil.tr\/ru\/haberler\/antalya\/sgk-il-mudurlugu-bahcesine-birakilan-canta-polisi-alarma-gecirdi\/#primaryimage\"},\"thumbnailUrl\":\"http:\/\/denizcankizil.tr\/wp-content\/uploads\/2024\/11\/3212-01-6JpqgT.jpeg\",\"datePublished\":\"2024-11-21T13:41:25+00:00\",\"breadcrumb\":{\"@id\":\"https:\/\/denizcankizil.tr\/ru\/haberler\/antalya\/sgk-il-mudurlugu-bahcesine-birakilan-canta-polisi-alarma-gecirdi\/#breadcrumb\"},\"inLanguage\":\"de\",\"potentialAction\":[{\"@type\":\"ReadAction\",\"target\":[\"https:\/\/denizcankizil.tr\/ru\/haberler\/antalya\/sgk-il-mudurlugu-bahcesine-birakilan-canta-polisi-alarma-gecirdi\/\"]}]},{\"@type\":\"ImageObject\",\"inLanguage\":\"de\",\"@id\":\"https:\/\/denizcankizil.tr\/ru\/haberler\/antalya\/sgk-il-mudurlugu-bahcesine-birakilan-canta-polisi-alarma-gecirdi\/#primaryimage\",\"url\":\"http:\/\/denizcankizil.tr\/wp-content\/uploads\/2024\/11\/3212-01-6JpqgT.jpeg\",\"contentUrl\":\"http:\/\/denizcankizil.tr\/wp-content\/uploads\/2024\/11\/3212-01-6JpqgT.jpeg\",\"width\":1280,\"height\":720},{\"@type\":\"BreadcrumbList\",\"@id\":\"https:\/\/denizcankizil.tr\/ru\/haberler\/antalya\/sgk-il-mudurlugu-bahcesine-birakilan-canta-polisi-alarma-gecirdi\/#breadcrumb\",\"itemListElement\":[{\"@type\":\"ListItem\",\"position\":1,\"name\":\"Home\",\"item\":\"https:\/\/denizcankizil.tr\/de\/\"},{\"@type\":\"ListItem\",\"position\":2,\"name\":\"SGK \u0130l M\u00fcd\u00fcrl\u00fc\u011f\u00fc bah\u00e7esine b\u0131rak\u0131lan \u00e7anta polisi alarma ge\u00e7irdi\"}]},{\"@type\":\"WebSite\",\"@id\":\"https:\/\/denizcankizil.tr\/de\/#website\",\"url\":\"https:\/\/denizcankizil.tr\/de\/\",\"name\":\"Av. Deniz Can K\u0131z\u0131l\",\"description\":\"Avukat Deniz Can K\u0131z\u0131l Antalya Barosu\",\"publisher\":{\"@id\":\"https:\/\/denizcankizil.tr\/de\/#organization\"},\"potentialAction\":[{\"@type\":\"SearchAction\",\"target\":{\"@type\":\"EntryPoint\",\"urlTemplate\":\"https:\/\/denizcankizil.tr\/de\/?s={search_term_string}\"},\"query-input\":{\"@type\":\"PropertyValueSpecification\",\"valueRequired\":true,\"valueName\":\"search_term_string\"}}],\"inLanguage\":\"de\"},{\"@type\":\"Organization\",\"@id\":\"https:\/\/denizcankizil.tr\/de\/#organization\",\"name\":\"Av. Deniz Can K\u0131z\u0131l\",\"url\":\"https:\/\/denizcankizil.tr\/de\/\",\"logo\":{\"@type\":\"ImageObject\",\"inLanguage\":\"de\",\"@id\":\"https:\/\/denizcankizil.tr\/de\/#\/schema\/logo\/image\/\",\"url\":\"http:\/\/denizcankizil.tr\/wp-content\/uploads\/2024\/10\/siyah-logo-svg.svg\",\"contentUrl\":\"http:\/\/denizcankizil.tr\/wp-content\/uploads\/2024\/10\/siyah-logo-svg.svg\",\"width\":1080,\"height\":1080,\"caption\":\"Av. Deniz Can K\u0131z\u0131l\"},\"image\":{\"@id\":\"https:\/\/denizcankizil.tr\/de\/#\/schema\/logo\/image\/\"}}]}<\/script>\n<!-- \/ Yoast SEO Premium plugin. -->","yoast_head_json":{"title":"SGK \u0130l M\u00fcd\u00fcrl\u00fc\u011f\u00fc bah\u00e7esine b\u0131rak\u0131lan \u00e7anta polisi alarma ge\u00e7irdi - Av. Deniz Can K\u0131z\u0131l","robots":{"index":"index","follow":"follow","max-snippet":"max-snippet:-1","max-image-preview":"max-image-preview:large","max-video-preview":"max-video-preview:-1"},"canonical":"https:\/\/denizcankizil.tr\/de\/haberler\/antalya\/sgk-il-mudurlugu-bahcesine-birakilan-canta-polisi-alarma-gecirdi\/","og_locale":"de_DE","og_type":"article","og_title":"SGK \u0130l M\u00fcd\u00fcrl\u00fc\u011f\u00fc bah\u00e7esine b\u0131rak\u0131lan \u00e7anta polisi alarma ge\u00e7irdi","og_description":"Olay, saat 12.00 s\u0131ralar\u0131nda Muratpa\u015fa il\u00e7esi \u00dc\u00e7gen Mahallesi Sokullu Caddesi \u00fczerinde bulunan SGK Antalya \u0130l M\u00fcd\u00fcrl\u00fc\u011f\u00fc bah\u00e7esinde meydana geldi. Edinilen bilgiye g\u00f6re, binan\u0131n d\u0131\u015f k\u0131sm\u0131nda bir s\u0131rt \u00e7antas\u0131 g\u00f6ren kurum g\u00fcvenli\u011fi g\u00fcvenlik kameralar\u0131n\u0131 inceledikten sonra kimli\u011fi belirsiz bir \u015fahs\u0131n s\u0131rt \u00e7antas\u0131 ile SGK \u0130l M\u00fcd\u00fcrl\u00fc\u011f\u00fc bah\u00e7esine girdi\u011fini ve birka\u00e7 dakika sonra \u00e7antas\u0131z bir \u015fekilde ayr\u0131ld\u0131\u011f\u0131n\u0131 fark etti. Bunun \u00fczerine g\u00fcvenlik g\u00f6revlisi 112 Acil \u00c7a\u011fr\u0131 Merkezi&#8217;ni arayarak durumu polis ekiplerine bildirdi. Merak ve endi\u015feli g\u00f6zlerle izlediler \u0130hbarla olay yerine \u00e7ok say\u0131da ekip sevk edilirken cadde ara\u00e7 ve yaya ge\u00e7i\u015fine kapat\u0131ld\u0131. \u00d6\u011flen aras\u0131 olmas\u0131 nedeniyle kurum i\u00e7erisinde vatanda\u015f bulunmazken tedbir ama\u00e7l\u0131 olarak i\u00e7eride bulunan personel de binadan \u00e7\u0131kart\u0131ld\u0131. Olay yerine gelen bomba imha ekibinde g\u00f6revli uzmanlar ilk olarak \u015f\u00fcpheli \u00e7antay\u0131 d\u00fcrb\u00fcn ile uzaktan kontrol etti. Bu s\u0131rada \u00e7evrede bulunan apartmanlar\u0131n balkonlar\u0131 ve yoldan ge\u00e7en vatanda\u015flar merak ve endi\u015feli g\u00f6zlerle ekiplerin \u00e7al\u0131\u015fmas\u0131n\u0131 izledi. F\u00fcnye ile patlat\u0131ld\u0131 Sinyal kesiciyi devreye sokan bomba imha uzmanlar\u0131, ard\u0131ndan \u00f6zel k\u0131yafeti giyerek \u00e7antan\u0131n yan\u0131na gitti. Bomba imha uzman\u0131 taraf\u0131ndan f\u00fcnyenin yerle\u015ftirilmesinin ard\u0131ndan \u00e7anta kontroll\u00fc bir \u015fekilde patlat\u0131ld\u0131. B\u00fcy\u00fck bir g\u00fcr\u00fclt\u00fc ile patlayan f\u00fcnye nedeniyle \u00e7evredeki vatanda\u015flar korku dolu anlar ya\u015fad\u0131. F\u00fcnye ile patlat\u0131lan \u00e7antan\u0131n i\u00e7erisinden k\u0131yafet ve ki\u015fisel e\u015fyalar \u00e7\u0131karken, \u00e7antay\u0131 SGK \u0130l M\u00fcd\u00fcrl\u00fc\u011f\u00fc&#8217;ne b\u0131rakan \u015fahs\u0131n g\u00f6r\u00fcnt\u00fcleri ise &hellip;","og_url":"https:\/\/denizcankizil.tr\/de\/haberler\/antalya\/sgk-il-mudurlugu-bahcesine-birakilan-canta-polisi-alarma-gecirdi\/","og_site_name":"Av. Deniz Can K\u0131z\u0131l","article_published_time":"2024-11-21T13:41:25+00:00","og_image":[{"width":1280,"height":720,"url":"https:\/\/denizcankizil.tr\/wp-content\/uploads\/2024\/11\/3212-01-6JpqgT.jpeg","type":"image\/jpeg"}],"twitter_card":"summary_large_image","twitter_misc":{"Gesch\u00e4tzte Lesezeit":"2\u00a0Minuten"},"schema":{"@context":"https:\/\/schema.org","@graph":[{"@type":"Article","@id":"https:\/\/denizcankizil.tr\/ru\/haberler\/antalya\/sgk-il-mudurlugu-bahcesine-birakilan-canta-polisi-alarma-gecirdi\/#article","isPartOf":{"@id":"https:\/\/denizcankizil.tr\/ru\/haberler\/antalya\/sgk-il-mudurlugu-bahcesine-birakilan-canta-polisi-alarma-gecirdi\/"},"author":{"name":"","@id":""},"headline":"SGK \u0130l M\u00fcd\u00fcrl\u00fc\u011f\u00fc bah\u00e7esine b\u0131rak\u0131lan \u00e7anta polisi alarma ge\u00e7irdi","datePublished":"2024-11-21T13:41:25+00:00","mainEntityOfPage":{"@id":"https:\/\/denizcankizil.tr\/ru\/haberler\/antalya\/sgk-il-mudurlugu-bahcesine-birakilan-canta-polisi-alarma-gecirdi\/"},"wordCount":345,"commentCount":0,"publisher":{"@id":"https:\/\/denizcankizil.tr\/de\/#organization"},"image":{"@id":"https:\/\/denizcankizil.tr\/ru\/haberler\/antalya\/sgk-il-mudurlugu-bahcesine-birakilan-canta-polisi-alarma-gecirdi\/#primaryimage"},"thumbnailUrl":"http:\/\/denizcankizil.tr\/wp-content\/uploads\/2024\/11\/3212-01-6JpqgT.jpeg","articleSection":["Antalya","Uncategorized"],"inLanguage":"de","potentialAction":[{"@type":"CommentAction","name":"Comment","target":["https:\/\/denizcankizil.tr\/ru\/haberler\/antalya\/sgk-il-mudurlugu-bahcesine-birakilan-canta-polisi-alarma-gecirdi\/#respond"]}]},{"@type":"WebPage","@id":"https:\/\/denizcankizil.tr\/ru\/haberler\/antalya\/sgk-il-mudurlugu-bahcesine-birakilan-canta-polisi-alarma-gecirdi\/","url":"https:\/\/denizcankizil.tr\/ru\/haberler\/antalya\/sgk-il-mudurlugu-bahcesine-birakilan-canta-polisi-alarma-gecirdi\/","name":"SGK \u0130l M\u00fcd\u00fcrl\u00fc\u011f\u00fc bah\u00e7esine b\u0131rak\u0131lan \u00e7anta polisi alarma ge\u00e7irdi - Av. Deniz Can K\u0131z\u0131l","isPartOf":{"@id":"https:\/\/denizcankizil.tr\/de\/#website"},"primaryImageOfPage":{"@id":"https:\/\/denizcankizil.tr\/ru\/haberler\/antalya\/sgk-il-mudurlugu-bahcesine-birakilan-canta-polisi-alarma-gecirdi\/#primaryimage"},"image":{"@id":"https:\/\/denizcankizil.tr\/ru\/haberler\/antalya\/sgk-il-mudurlugu-bahcesine-birakilan-canta-polisi-alarma-gecirdi\/#primaryimage"},"thumbnailUrl":"http:\/\/denizcankizil.tr\/wp-content\/uploads\/2024\/11\/3212-01-6JpqgT.jpeg","datePublished":"2024-11-21T13:41:25+00:00","breadcrumb":{"@id":"https:\/\/denizcankizil.tr\/ru\/haberler\/antalya\/sgk-il-mudurlugu-bahcesine-birakilan-canta-polisi-alarma-gecirdi\/#breadcrumb"},"inLanguage":"de","potentialAction":[{"@type":"ReadAction","target":["https:\/\/denizcankizil.tr\/ru\/haberler\/antalya\/sgk-il-mudurlugu-bahcesine-birakilan-canta-polisi-alarma-gecirdi\/"]}]},{"@type":"ImageObject","inLanguage":"de","@id":"https:\/\/denizcankizil.tr\/ru\/haberler\/antalya\/sgk-il-mudurlugu-bahcesine-birakilan-canta-polisi-alarma-gecirdi\/#primaryimage","url":"http:\/\/denizcankizil.tr\/wp-content\/uploads\/2024\/11\/3212-01-6JpqgT.jpeg","contentUrl":"http:\/\/denizcankizil.tr\/wp-content\/uploads\/2024\/11\/3212-01-6JpqgT.jpeg","width":1280,"height":720},{"@type":"BreadcrumbList","@id":"https:\/\/denizcankizil.tr\/ru\/haberler\/antalya\/sgk-il-mudurlugu-bahcesine-birakilan-canta-polisi-alarma-gecirdi\/#breadcrumb","itemListElement":[{"@type":"ListItem","position":1,"name":"Home","item":"https:\/\/denizcankizil.tr\/de\/"},{"@type":"ListItem","position":2,"name":"SGK \u0130l M\u00fcd\u00fcrl\u00fc\u011f\u00fc bah\u00e7esine b\u0131rak\u0131lan \u00e7anta polisi alarma ge\u00e7irdi"}]},{"@type":"WebSite","@id":"https:\/\/denizcankizil.tr\/de\/#website","url":"https:\/\/denizcankizil.tr\/de\/","name":"Av. Deniz Can K\u0131z\u0131l","description":"Avukat Deniz Can K\u0131z\u0131l Antalya Barosu","publisher":{"@id":"https:\/\/denizcankizil.tr\/de\/#organization"},"potentialAction":[{"@type":"SearchAction","target":{"@type":"EntryPoint","urlTemplate":"https:\/\/denizcankizil.tr\/de\/?s={search_term_string}"},"query-input":{"@type":"PropertyValueSpecification","valueRequired":true,"valueName":"search_term_string"}}],"inLanguage":"de"},{"@type":"Organization","@id":"https:\/\/denizcankizil.tr\/de\/#organization","name":"Av. Deniz Can K\u0131z\u0131l","url":"https:\/\/denizcankizil.tr\/de\/","logo":{"@type":"ImageObject","inLanguage":"de","@id":"https:\/\/denizcankizil.tr\/de\/#\/schema\/logo\/image\/","url":"http:\/\/denizcankizil.tr\/wp-content\/uploads\/2024\/10\/siyah-logo-svg.svg","contentUrl":"http:\/\/denizcankizil.tr\/wp-content\/uploads\/2024\/10\/siyah-logo-svg.svg","width":1080,"height":1080,"caption":"Av. Deniz Can K\u0131z\u0131l"},"image":{"@id":"https:\/\/denizcankizil.tr\/de\/#\/schema\/logo\/image\/"}}]}},"_links":{"self":[{"href":"http:\/\/denizcankizil.tr\/de\/wp-json\/wp\/v2\/posts\/16918","targetHints":{"allow":["GET"]}}],"collection":[{"href":"http:\/\/denizcankizil.tr\/de\/wp-json\/wp\/v2\/posts"}],"about":[{"href":"http:\/\/denizcankizil.tr\/de\/wp-json\/wp\/v2\/types\/post"}],"replies":[{"embeddable":true,"href":"http:\/\/denizcankizil.tr\/de\/wp-json\/wp\/v2\/comments?post=16918"}],"version-history":[{"count":0,"href":"http:\/\/denizcankizil.tr\/de\/wp-json\/wp\/v2\/posts\/16918\/revisions"}],"wp:featuredmedia":[{"embeddable":true,"href":"http:\/\/denizcankizil.tr\/de\/wp-json\/wp\/v2\/media\/16919"}],"wp:attachment":[{"href":"http:\/\/denizcankizil.tr\/de\/wp-json\/wp\/v2\/media?parent=16918"}],"wp:term":[{"taxonomy":"category","embeddable":true,"href":"http:\/\/denizcankizil.tr\/de\/wp-json\/wp\/v2\/categories?post=16918"},{"taxonomy":"post_tag","embeddable":true,"href":"http:\/\/denizcankizil.tr\/de\/wp-json\/wp\/v2\/tags?post=16918"}],"curies":[{"name":"wp","href":"https:\/\/api.w.org\/{rel}","templated":true}]}}