{"id":16833,"date":"2024-11-21T10:42:02","date_gmt":"2024-11-21T07:42:02","guid":{"rendered":"https:\/\/denizcankizil.tr\/uncategorized-tr\/antalyada-bos-arazide-katliam\/"},"modified":"2024-11-21T10:42:02","modified_gmt":"2024-11-21T07:42:02","slug":"antalyada-bos-arazide-katliam","status":"publish","type":"post","link":"http:\/\/denizcankizil.tr\/de\/haberler\/antalya\/antalyada-bos-arazide-katliam\/","title":{"rendered":"Antalya&#8217;da, bo\u015f arazide katliam"},"content":{"rendered":"<p>Serik\u2019e ba\u011fl\u0131 \u00c7and\u0131r Mahallesi\u2019ndeki \u00f6\u011frenci yurdunun yak\u0131nlar\u0131nda bulunan bo\u015f arazide, d\u00fcn ak\u015fam saatlerinde 2\u2019si yavru 3 k\u00f6pek, silahla vurulmu\u015f halde bulundu. Durumu \u00f6\u011frenip olay yerine giden hayvanseverler anne ve 2 yavrusunun av t\u00fcfe\u011fiyle vurularak \u00f6ld\u00fcr\u00fcld\u00fc\u011f\u00fcn\u00fc belirledi. Di\u015fi k\u00f6pe\u011fin hayattaki 2 yavrusundan biri ise sa\u011f olarak bulunarak korumaya al\u0131nd\u0131. Di\u011fer yavrunun bulunmas\u0131 i\u00e7in arama yap\u0131ld\u0131 ancak sonu\u00e7 elde edilemedi. \u015eikayet \u00fczerine jandarma ekipleri olayla ilgili inceleme ba\u015flatt\u0131.<\/p>\n<p>Serik Patili D\u00fcnya Derne\u011fi Ba\u015fkan\u0131 Ay\u015feg\u00fcl Y\u0131lmaz, olay\u0131n vah\u015fet oldu\u011funu belirterek, bunu yapanlar\u0131n bir an evvel bulunmas\u0131n\u0131 istediklerini s\u00f6yledi. Y\u0131lmaz, \u201cDuyarl\u0131 vatanda\u015flar\u0131m\u0131z beni arad\u0131 ve bo\u015f arazide 3 k\u00f6pe\u011fin vurularak \u00f6ld\u00fc\u011f\u00fcn\u00fc s\u00f6ylemesi \u00fczerine olay yerine gittik. Orada bir Golden melezi cinsi anne k\u00f6pek ve 2 yavrusunun vah\u015fi bir \u015fekilde \u00f6ld\u00fcr\u00fclm\u00fc\u015f oldu\u011funu g\u00f6rd\u00fck. Anne k\u00f6pe\u011fin ba\u015fka yavrular\u0131 da olabilir diye \u00e7evrede arama yapt\u0131k ve \u00e7al\u0131l\u0131klar aras\u0131nda 1 yavru k\u00f6pe\u011fi sa\u011f olarak bulduk. Yavru k\u00f6pe\u011fi yan\u0131m\u0131za korumaya ald\u0131k. Konunun takip\u00e7isi olaca\u011f\u0131z\u201d dedi.<\/p>\n<p>Kaynak: www.kanalv.com.tr Haber Sitesinden Al\u0131nm\u0131\u015ft\u0131r.<\/p>","protected":false},"excerpt":{"rendered":"<p>Serik\u2019e ba\u011fl\u0131 \u00c7and\u0131r Mahallesi\u2019ndeki \u00f6\u011frenci yurdunun yak\u0131nlar\u0131nda bulunan bo\u015f arazide, d\u00fcn ak\u015fam saatlerinde 2\u2019si yavru 3 k\u00f6pek, silahla vurulmu\u015f halde bulundu. Durumu \u00f6\u011frenip olay yerine giden hayvanseverler anne ve 2 yavrusunun av t\u00fcfe\u011fiyle vurularak \u00f6ld\u00fcr\u00fcld\u00fc\u011f\u00fcn\u00fc belirledi. Di\u015fi k\u00f6pe\u011fin hayattaki 2 yavrusundan biri ise sa\u011f olarak bulunarak korumaya al\u0131nd\u0131. Di\u011fer yavrunun bulunmas\u0131 i\u00e7in arama yap\u0131ld\u0131 ancak sonu\u00e7 elde edilemedi. \u015eikayet \u00fczerine jandarma ekipleri olayla ilgili inceleme ba\u015flatt\u0131. Serik Patili D\u00fcnya Derne\u011fi Ba\u015fkan\u0131 Ay\u015feg\u00fcl Y\u0131lmaz, olay\u0131n vah\u015fet oldu\u011funu belirterek, bunu yapanlar\u0131n bir an evvel bulunmas\u0131n\u0131 istediklerini s\u00f6yledi. Y\u0131lmaz, \u201cDuyarl\u0131 vatanda\u015flar\u0131m\u0131z beni arad\u0131 ve bo\u015f arazide 3 k\u00f6pe\u011fin vurularak \u00f6ld\u00fc\u011f\u00fcn\u00fc s\u00f6ylemesi \u00fczerine olay yerine gittik. Orada bir Golden melezi cinsi anne k\u00f6pek ve 2 yavrusunun vah\u015fi bir \u015fekilde \u00f6ld\u00fcr\u00fclm\u00fc\u015f oldu\u011funu g\u00f6rd\u00fck. Anne k\u00f6pe\u011fin ba\u015fka yavrular\u0131 da olabilir diye \u00e7evrede arama yapt\u0131k ve \u00e7al\u0131l\u0131klar aras\u0131nda 1 yavru k\u00f6pe\u011fi sa\u011f olarak bulduk. Yavru k\u00f6pe\u011fi yan\u0131m\u0131za korumaya ald\u0131k. Konunun takip\u00e7isi olaca\u011f\u0131z\u201d dedi. Kaynak: www.kanalv.com.tr Haber Sitesinden Al\u0131nm\u0131\u015ft\u0131r.<\/p>","protected":false},"author":0,"featured_media":16834,"comment_status":"open","ping_status":"open","sticky":false,"template":"","format":"standard","meta":{"_acf_changed":false,"footnotes":""},"categories":[26,535],"tags":[],"class_list":["post-16833","post","type-post","status-publish","format-standard","has-post-thumbnail","hentry","category-antalya","category-uncategorized-tr"],"acf":[],"yoast_head":"<!-- This site is optimized with the Yoast SEO Premium plugin v26.6 (Yoast SEO v27.1.1) - https:\/\/yoast.com\/product\/yoast-seo-premium-wordpress\/ -->\n<title>Antalya&#039;da, bo\u015f arazide katliam - Av. Deniz Can K\u0131z\u0131l<\/title>\n<meta name=\"robots\" content=\"index, follow, max-snippet:-1, max-image-preview:large, max-video-preview:-1\" \/>\n<link rel=\"canonical\" href=\"http:\/\/denizcankizil.tr\/de\/haberler\/antalya\/antalyada-bos-arazide-katliam\/\" \/>\n<meta property=\"og:locale\" content=\"de_DE\" \/>\n<meta property=\"og:type\" content=\"article\" \/>\n<meta property=\"og:title\" content=\"Antalya&#039;da, bo\u015f arazide katliam\" \/>\n<meta property=\"og:description\" content=\"Serik\u2019e ba\u011fl\u0131 \u00c7and\u0131r Mahallesi\u2019ndeki \u00f6\u011frenci yurdunun yak\u0131nlar\u0131nda bulunan bo\u015f arazide, d\u00fcn ak\u015fam saatlerinde 2\u2019si yavru 3 k\u00f6pek, silahla vurulmu\u015f halde bulundu. Durumu \u00f6\u011frenip olay yerine giden hayvanseverler anne ve 2 yavrusunun av t\u00fcfe\u011fiyle vurularak \u00f6ld\u00fcr\u00fcld\u00fc\u011f\u00fcn\u00fc belirledi. Di\u015fi k\u00f6pe\u011fin hayattaki 2 yavrusundan biri ise sa\u011f olarak bulunarak korumaya al\u0131nd\u0131. Di\u011fer yavrunun bulunmas\u0131 i\u00e7in arama yap\u0131ld\u0131 ancak sonu\u00e7 elde edilemedi. \u015eikayet \u00fczerine jandarma ekipleri olayla ilgili inceleme ba\u015flatt\u0131. Serik Patili D\u00fcnya Derne\u011fi Ba\u015fkan\u0131 Ay\u015feg\u00fcl Y\u0131lmaz, olay\u0131n vah\u015fet oldu\u011funu belirterek, bunu yapanlar\u0131n bir an evvel bulunmas\u0131n\u0131 istediklerini s\u00f6yledi. Y\u0131lmaz, \u201cDuyarl\u0131 vatanda\u015flar\u0131m\u0131z beni arad\u0131 ve bo\u015f arazide 3 k\u00f6pe\u011fin vurularak \u00f6ld\u00fc\u011f\u00fcn\u00fc s\u00f6ylemesi \u00fczerine olay yerine gittik. Orada bir Golden melezi cinsi anne k\u00f6pek ve 2 yavrusunun vah\u015fi bir \u015fekilde \u00f6ld\u00fcr\u00fclm\u00fc\u015f oldu\u011funu g\u00f6rd\u00fck. Anne k\u00f6pe\u011fin ba\u015fka yavrular\u0131 da olabilir diye \u00e7evrede arama yapt\u0131k ve \u00e7al\u0131l\u0131klar aras\u0131nda 1 yavru k\u00f6pe\u011fi sa\u011f olarak bulduk. Yavru k\u00f6pe\u011fi yan\u0131m\u0131za korumaya ald\u0131k. Konunun takip\u00e7isi olaca\u011f\u0131z\u201d dedi. Kaynak: www.kanalv.com.tr Haber Sitesinden Al\u0131nm\u0131\u015ft\u0131r.\" \/>\n<meta property=\"og:url\" content=\"http:\/\/denizcankizil.tr\/de\/haberler\/antalya\/antalyada-bos-arazide-katliam\/\" \/>\n<meta property=\"og:site_name\" content=\"Av. Deniz Can K\u0131z\u0131l\" \/>\n<meta property=\"article:published_time\" content=\"2024-11-21T07:42:02+00:00\" \/>\n<meta property=\"og:image\" content=\"http:\/\/denizcankizil.tr\/wp-content\/uploads\/2024\/11\/3195-01-Im1lSg.jpeg\" \/>\n\t<meta property=\"og:image:width\" content=\"1280\" \/>\n\t<meta property=\"og:image:height\" content=\"720\" \/>\n\t<meta property=\"og:image:type\" content=\"image\/jpeg\" \/>\n<meta name=\"twitter:card\" content=\"summary_large_image\" \/>\n<meta name=\"twitter:label1\" content=\"Gesch\u00e4tzte Lesezeit\" \/>\n\t<meta name=\"twitter:data1\" content=\"1\u00a0Minute\" \/>\n<script type=\"application\/ld+json\" class=\"yoast-schema-graph\">{\"@context\":\"https:\/\/schema.org\",\"@graph\":[{\"@type\":\"Article\",\"@id\":\"http:\/\/denizcankizil.tr\/de\/haberler\/antalya\/antalyada-bos-arazide-katliam\/#article\",\"isPartOf\":{\"@id\":\"http:\/\/denizcankizil.tr\/de\/haberler\/antalya\/antalyada-bos-arazide-katliam\/\"},\"author\":{\"name\":\"\",\"@id\":\"\"},\"headline\":\"Antalya&#8217;da, bo\u015f arazide katliam\",\"datePublished\":\"2024-11-21T07:42:02+00:00\",\"mainEntityOfPage\":{\"@id\":\"http:\/\/denizcankizil.tr\/de\/haberler\/antalya\/antalyada-bos-arazide-katliam\/\"},\"wordCount\":221,\"commentCount\":0,\"publisher\":{\"@id\":\"https:\/\/denizcankizil.tr\/#organization\"},\"image\":{\"@id\":\"http:\/\/denizcankizil.tr\/de\/haberler\/antalya\/antalyada-bos-arazide-katliam\/#primaryimage\"},\"thumbnailUrl\":\"http:\/\/denizcankizil.tr\/wp-content\/uploads\/2024\/11\/3195-01-Im1lSg.jpeg\",\"articleSection\":[\"Antalya\",\"Uncategorized\"],\"inLanguage\":\"de\",\"potentialAction\":[{\"@type\":\"CommentAction\",\"name\":\"Comment\",\"target\":[\"http:\/\/denizcankizil.tr\/de\/haberler\/antalya\/antalyada-bos-arazide-katliam\/#respond\"]}]},{\"@type\":\"WebPage\",\"@id\":\"http:\/\/denizcankizil.tr\/de\/haberler\/antalya\/antalyada-bos-arazide-katliam\/\",\"url\":\"http:\/\/denizcankizil.tr\/de\/haberler\/antalya\/antalyada-bos-arazide-katliam\/\",\"name\":\"Antalya'da, bo\u015f arazide katliam - Av. Deniz Can K\u0131z\u0131l\",\"isPartOf\":{\"@id\":\"https:\/\/denizcankizil.tr\/#website\"},\"primaryImageOfPage\":{\"@id\":\"http:\/\/denizcankizil.tr\/de\/haberler\/antalya\/antalyada-bos-arazide-katliam\/#primaryimage\"},\"image\":{\"@id\":\"http:\/\/denizcankizil.tr\/de\/haberler\/antalya\/antalyada-bos-arazide-katliam\/#primaryimage\"},\"thumbnailUrl\":\"http:\/\/denizcankizil.tr\/wp-content\/uploads\/2024\/11\/3195-01-Im1lSg.jpeg\",\"datePublished\":\"2024-11-21T07:42:02+00:00\",\"breadcrumb\":{\"@id\":\"http:\/\/denizcankizil.tr\/de\/haberler\/antalya\/antalyada-bos-arazide-katliam\/#breadcrumb\"},\"inLanguage\":\"de\",\"potentialAction\":[{\"@type\":\"ReadAction\",\"target\":[\"http:\/\/denizcankizil.tr\/de\/haberler\/antalya\/antalyada-bos-arazide-katliam\/\"]}]},{\"@type\":\"ImageObject\",\"inLanguage\":\"de\",\"@id\":\"http:\/\/denizcankizil.tr\/de\/haberler\/antalya\/antalyada-bos-arazide-katliam\/#primaryimage\",\"url\":\"http:\/\/denizcankizil.tr\/wp-content\/uploads\/2024\/11\/3195-01-Im1lSg.jpeg\",\"contentUrl\":\"http:\/\/denizcankizil.tr\/wp-content\/uploads\/2024\/11\/3195-01-Im1lSg.jpeg\",\"width\":1280,\"height\":720},{\"@type\":\"BreadcrumbList\",\"@id\":\"http:\/\/denizcankizil.tr\/de\/haberler\/antalya\/antalyada-bos-arazide-katliam\/#breadcrumb\",\"itemListElement\":[{\"@type\":\"ListItem\",\"position\":1,\"name\":\"Home\",\"item\":\"https:\/\/denizcankizil.tr\/uk\/\"},{\"@type\":\"ListItem\",\"position\":2,\"name\":\"Antalya&#8217;da, bo\u015f arazide katliam\"}]},{\"@type\":\"WebSite\",\"@id\":\"https:\/\/denizcankizil.tr\/#website\",\"url\":\"https:\/\/denizcankizil.tr\/\",\"name\":\"Av. Deniz Can K\u0131z\u0131l\",\"description\":\"Avukat Deniz Can K\u0131z\u0131l Antalya Barosu\",\"publisher\":{\"@id\":\"https:\/\/denizcankizil.tr\/#organization\"},\"potentialAction\":[{\"@type\":\"SearchAction\",\"target\":{\"@type\":\"EntryPoint\",\"urlTemplate\":\"https:\/\/denizcankizil.tr\/?s={search_term_string}\"},\"query-input\":{\"@type\":\"PropertyValueSpecification\",\"valueRequired\":true,\"valueName\":\"search_term_string\"}}],\"inLanguage\":\"de\"},{\"@type\":\"Organization\",\"@id\":\"https:\/\/denizcankizil.tr\/#organization\",\"name\":\"Av. Deniz Can K\u0131z\u0131l\",\"url\":\"https:\/\/denizcankizil.tr\/\",\"logo\":{\"@type\":\"ImageObject\",\"inLanguage\":\"de\",\"@id\":\"https:\/\/denizcankizil.tr\/#\/schema\/logo\/image\/\",\"url\":\"http:\/\/denizcankizil.tr\/wp-content\/uploads\/2024\/10\/siyah-logo-svg.svg\",\"contentUrl\":\"http:\/\/denizcankizil.tr\/wp-content\/uploads\/2024\/10\/siyah-logo-svg.svg\",\"width\":1080,\"height\":1080,\"caption\":\"Av. Deniz Can K\u0131z\u0131l\"},\"image\":{\"@id\":\"https:\/\/denizcankizil.tr\/#\/schema\/logo\/image\/\"}}]}<\/script>\n<!-- \/ Yoast SEO Premium plugin. -->","yoast_head_json":{"title":"Antalya'da, bo\u015f arazide katliam - Av. Deniz Can K\u0131z\u0131l","robots":{"index":"index","follow":"follow","max-snippet":"max-snippet:-1","max-image-preview":"max-image-preview:large","max-video-preview":"max-video-preview:-1"},"canonical":"http:\/\/denizcankizil.tr\/de\/haberler\/antalya\/antalyada-bos-arazide-katliam\/","og_locale":"de_DE","og_type":"article","og_title":"Antalya'da, bo\u015f arazide katliam","og_description":"Serik\u2019e ba\u011fl\u0131 \u00c7and\u0131r Mahallesi\u2019ndeki \u00f6\u011frenci yurdunun yak\u0131nlar\u0131nda bulunan bo\u015f arazide, d\u00fcn ak\u015fam saatlerinde 2\u2019si yavru 3 k\u00f6pek, silahla vurulmu\u015f halde bulundu. Durumu \u00f6\u011frenip olay yerine giden hayvanseverler anne ve 2 yavrusunun av t\u00fcfe\u011fiyle vurularak \u00f6ld\u00fcr\u00fcld\u00fc\u011f\u00fcn\u00fc belirledi. Di\u015fi k\u00f6pe\u011fin hayattaki 2 yavrusundan biri ise sa\u011f olarak bulunarak korumaya al\u0131nd\u0131. Di\u011fer yavrunun bulunmas\u0131 i\u00e7in arama yap\u0131ld\u0131 ancak sonu\u00e7 elde edilemedi. \u015eikayet \u00fczerine jandarma ekipleri olayla ilgili inceleme ba\u015flatt\u0131. Serik Patili D\u00fcnya Derne\u011fi Ba\u015fkan\u0131 Ay\u015feg\u00fcl Y\u0131lmaz, olay\u0131n vah\u015fet oldu\u011funu belirterek, bunu yapanlar\u0131n bir an evvel bulunmas\u0131n\u0131 istediklerini s\u00f6yledi. Y\u0131lmaz, \u201cDuyarl\u0131 vatanda\u015flar\u0131m\u0131z beni arad\u0131 ve bo\u015f arazide 3 k\u00f6pe\u011fin vurularak \u00f6ld\u00fc\u011f\u00fcn\u00fc s\u00f6ylemesi \u00fczerine olay yerine gittik. Orada bir Golden melezi cinsi anne k\u00f6pek ve 2 yavrusunun vah\u015fi bir \u015fekilde \u00f6ld\u00fcr\u00fclm\u00fc\u015f oldu\u011funu g\u00f6rd\u00fck. Anne k\u00f6pe\u011fin ba\u015fka yavrular\u0131 da olabilir diye \u00e7evrede arama yapt\u0131k ve \u00e7al\u0131l\u0131klar aras\u0131nda 1 yavru k\u00f6pe\u011fi sa\u011f olarak bulduk. Yavru k\u00f6pe\u011fi yan\u0131m\u0131za korumaya ald\u0131k. Konunun takip\u00e7isi olaca\u011f\u0131z\u201d dedi. Kaynak: www.kanalv.com.tr Haber Sitesinden Al\u0131nm\u0131\u015ft\u0131r.","og_url":"http:\/\/denizcankizil.tr\/de\/haberler\/antalya\/antalyada-bos-arazide-katliam\/","og_site_name":"Av. Deniz Can K\u0131z\u0131l","article_published_time":"2024-11-21T07:42:02+00:00","og_image":[{"width":1280,"height":720,"url":"http:\/\/denizcankizil.tr\/wp-content\/uploads\/2024\/11\/3195-01-Im1lSg.jpeg","type":"image\/jpeg"}],"twitter_card":"summary_large_image","twitter_misc":{"Gesch\u00e4tzte Lesezeit":"1\u00a0Minute"},"schema":{"@context":"https:\/\/schema.org","@graph":[{"@type":"Article","@id":"http:\/\/denizcankizil.tr\/de\/haberler\/antalya\/antalyada-bos-arazide-katliam\/#article","isPartOf":{"@id":"http:\/\/denizcankizil.tr\/de\/haberler\/antalya\/antalyada-bos-arazide-katliam\/"},"author":{"name":"","@id":""},"headline":"Antalya&#8217;da, bo\u015f arazide katliam","datePublished":"2024-11-21T07:42:02+00:00","mainEntityOfPage":{"@id":"http:\/\/denizcankizil.tr\/de\/haberler\/antalya\/antalyada-bos-arazide-katliam\/"},"wordCount":221,"commentCount":0,"publisher":{"@id":"https:\/\/denizcankizil.tr\/#organization"},"image":{"@id":"http:\/\/denizcankizil.tr\/de\/haberler\/antalya\/antalyada-bos-arazide-katliam\/#primaryimage"},"thumbnailUrl":"http:\/\/denizcankizil.tr\/wp-content\/uploads\/2024\/11\/3195-01-Im1lSg.jpeg","articleSection":["Antalya","Uncategorized"],"inLanguage":"de","potentialAction":[{"@type":"CommentAction","name":"Comment","target":["http:\/\/denizcankizil.tr\/de\/haberler\/antalya\/antalyada-bos-arazide-katliam\/#respond"]}]},{"@type":"WebPage","@id":"http:\/\/denizcankizil.tr\/de\/haberler\/antalya\/antalyada-bos-arazide-katliam\/","url":"http:\/\/denizcankizil.tr\/de\/haberler\/antalya\/antalyada-bos-arazide-katliam\/","name":"Antalya'da, bo\u015f arazide katliam - Av. Deniz Can K\u0131z\u0131l","isPartOf":{"@id":"https:\/\/denizcankizil.tr\/#website"},"primaryImageOfPage":{"@id":"http:\/\/denizcankizil.tr\/de\/haberler\/antalya\/antalyada-bos-arazide-katliam\/#primaryimage"},"image":{"@id":"http:\/\/denizcankizil.tr\/de\/haberler\/antalya\/antalyada-bos-arazide-katliam\/#primaryimage"},"thumbnailUrl":"http:\/\/denizcankizil.tr\/wp-content\/uploads\/2024\/11\/3195-01-Im1lSg.jpeg","datePublished":"2024-11-21T07:42:02+00:00","breadcrumb":{"@id":"http:\/\/denizcankizil.tr\/de\/haberler\/antalya\/antalyada-bos-arazide-katliam\/#breadcrumb"},"inLanguage":"de","potentialAction":[{"@type":"ReadAction","target":["http:\/\/denizcankizil.tr\/de\/haberler\/antalya\/antalyada-bos-arazide-katliam\/"]}]},{"@type":"ImageObject","inLanguage":"de","@id":"http:\/\/denizcankizil.tr\/de\/haberler\/antalya\/antalyada-bos-arazide-katliam\/#primaryimage","url":"http:\/\/denizcankizil.tr\/wp-content\/uploads\/2024\/11\/3195-01-Im1lSg.jpeg","contentUrl":"http:\/\/denizcankizil.tr\/wp-content\/uploads\/2024\/11\/3195-01-Im1lSg.jpeg","width":1280,"height":720},{"@type":"BreadcrumbList","@id":"http:\/\/denizcankizil.tr\/de\/haberler\/antalya\/antalyada-bos-arazide-katliam\/#breadcrumb","itemListElement":[{"@type":"ListItem","position":1,"name":"Home","item":"https:\/\/denizcankizil.tr\/uk\/"},{"@type":"ListItem","position":2,"name":"Antalya&#8217;da, bo\u015f arazide katliam"}]},{"@type":"WebSite","@id":"https:\/\/denizcankizil.tr\/#website","url":"https:\/\/denizcankizil.tr\/","name":"Av. Deniz Can K\u0131z\u0131l","description":"Avukat Deniz Can K\u0131z\u0131l Antalya Barosu","publisher":{"@id":"https:\/\/denizcankizil.tr\/#organization"},"potentialAction":[{"@type":"SearchAction","target":{"@type":"EntryPoint","urlTemplate":"https:\/\/denizcankizil.tr\/?s={search_term_string}"},"query-input":{"@type":"PropertyValueSpecification","valueRequired":true,"valueName":"search_term_string"}}],"inLanguage":"de"},{"@type":"Organization","@id":"https:\/\/denizcankizil.tr\/#organization","name":"Av. Deniz Can K\u0131z\u0131l","url":"https:\/\/denizcankizil.tr\/","logo":{"@type":"ImageObject","inLanguage":"de","@id":"https:\/\/denizcankizil.tr\/#\/schema\/logo\/image\/","url":"http:\/\/denizcankizil.tr\/wp-content\/uploads\/2024\/10\/siyah-logo-svg.svg","contentUrl":"http:\/\/denizcankizil.tr\/wp-content\/uploads\/2024\/10\/siyah-logo-svg.svg","width":1080,"height":1080,"caption":"Av. Deniz Can K\u0131z\u0131l"},"image":{"@id":"https:\/\/denizcankizil.tr\/#\/schema\/logo\/image\/"}}]}},"_links":{"self":[{"href":"http:\/\/denizcankizil.tr\/de\/wp-json\/wp\/v2\/posts\/16833","targetHints":{"allow":["GET"]}}],"collection":[{"href":"http:\/\/denizcankizil.tr\/de\/wp-json\/wp\/v2\/posts"}],"about":[{"href":"http:\/\/denizcankizil.tr\/de\/wp-json\/wp\/v2\/types\/post"}],"replies":[{"embeddable":true,"href":"http:\/\/denizcankizil.tr\/de\/wp-json\/wp\/v2\/comments?post=16833"}],"version-history":[{"count":0,"href":"http:\/\/denizcankizil.tr\/de\/wp-json\/wp\/v2\/posts\/16833\/revisions"}],"wp:featuredmedia":[{"embeddable":true,"href":"http:\/\/denizcankizil.tr\/de\/wp-json\/wp\/v2\/media\/16834"}],"wp:attachment":[{"href":"http:\/\/denizcankizil.tr\/de\/wp-json\/wp\/v2\/media?parent=16833"}],"wp:term":[{"taxonomy":"category","embeddable":true,"href":"http:\/\/denizcankizil.tr\/de\/wp-json\/wp\/v2\/categories?post=16833"},{"taxonomy":"post_tag","embeddable":true,"href":"http:\/\/denizcankizil.tr\/de\/wp-json\/wp\/v2\/tags?post=16833"}],"curies":[{"name":"wp","href":"https:\/\/api.w.org\/{rel}","templated":true}]}}