{"id":16621,"date":"2024-11-20T08:41:19","date_gmt":"2024-11-20T05:41:19","guid":{"rendered":"https:\/\/denizcankizil.tr\/uncategorized-tr\/demirkopru-mahallesinde-depremin-izleri-siliniyor\/"},"modified":"2024-11-20T08:41:19","modified_gmt":"2024-11-20T05:41:19","slug":"demirkopru-mahallesinde-depremin-izleri-siliniyor","status":"publish","type":"post","link":"http:\/\/denizcankizil.tr\/de\/haberler\/gundem\/demirkopru-mahallesinde-depremin-izleri-siliniyor\/","title":{"rendered":"Demirk\u00f6pr\u00fc Mahallesi&#8217;nde depremin izleri siliniyor\u2026"},"content":{"rendered":"<p>Y\u00fczy\u0131l\u0131n felaketi 6 \u015eubat depremlerinde Reyhanl\u0131\u2019n\u0131n Demirk\u00f6pr\u00fc Mahallesi mevkiinde 4 metreyi bulan b\u00fcy\u00fck k\u0131r\u0131lmalar meydana gelmi\u015fti. Depremin hemen ard\u0131ndan ba\u015flat\u0131lan \u00e7al\u0131\u015fmalar\u0131n birinci etab\u0131 tamamland\u0131 ve ilk k\u00f6pr\u00fc trafi\u011fe a\u00e7\u0131ld\u0131. K\u0131r\u0131lmalar nedeniyle b\u00fcy\u00fck hasar g\u00f6ren yollar ve k\u00f6pr\u00fcdeki enkaz\u0131n bir k\u0131sm\u0131 kald\u0131r\u0131ld\u0131ktan sonra, ilk k\u00f6pr\u00fcn\u00fcn temeli at\u0131ld\u0131 ve yap\u0131m\u0131 tamamlanarak ara\u00e7 trafi\u011fine a\u00e7\u0131ld\u0131. Geli\u015f ve gidi\u015f olarak tek \u015feritten hizmet veren bu k\u00f6pr\u00fc, b\u00f6lgedeki ula\u015f\u0131m\u0131 \u00f6nemli \u00f6l\u00e7\u00fcde rahatlatm\u0131\u015f durumda.<\/p>\n<p>\u0130kinci k\u00f6pr\u00fcn\u00fcn in\u015faat \u00e7al\u0131\u015fmalar\u0131 ise aral\u0131ks\u0131z s\u00fcr\u00fcyor. Hatay Valili\u011fi koordinesinde, Karayollar\u0131 Genel M\u00fcd\u00fcrl\u00fc\u011f\u00fc taraf\u0131ndan y\u00fcr\u00fct\u00fclen \u00e7al\u0131\u015fmalar, gece g\u00fcnd\u00fcz demeden devam ediyor ve b\u00f6lge halk\u0131 taraf\u0131ndan takdirle kar\u015f\u0131lan\u0131yor.<\/p>\n<p>Demirk\u00f6pr\u00fc Mahallesi Muhtar\u0131 H\u00fcseyin \u015eahan, depremler s\u0131ras\u0131nda yol ve k\u00f6pr\u00fcde b\u00fcy\u00fck \u00e7\u00f6kme ve hasar meydana geldi\u011fini belirterek, \u201c6 \u015eubat depremlerinde yolumuz \u00e7\u00f6kt\u00fc. Bu y\u00fczden giri\u015f ve \u00e7\u0131k\u0131\u015flar\u0131m\u0131z\u0131 sa\u011flayam\u0131yorduk. Eski tarihi k\u00f6pr\u00fcy\u00fc kullanmak zorunda kald\u0131k. Devletimiz sa\u011f olsun, 3. g\u00fcnden itibaren hemen buraya gelip \u00e7al\u0131\u015fmalar ba\u015flatt\u0131. Yapboz gibi par\u00e7alanan k\u00f6pr\u00fc, bir bu\u00e7uk y\u0131l sonra \u015fimdi tek \u015feritli olarak tekrar hizmete girdi. 2. k\u00f6pr\u00fcn\u00fcn in\u015faat\u0131 ise devam ediyor. Tahminimce bir y\u0131l i\u00e7inde, depremin izleri tamamen silinmi\u015f olacak. Devletimize te\u015fekk\u00fcr ediyoruz\u201d dedi.<\/p>\n<p>ESK\u0130 TAR\u0130H\u0130 K\u00d6PR\u00dc YEN\u0130DEN YAPILIYOR<\/p>\n<p>Reyhanl\u0131 ve Antakya il\u00e7elerini birbirine ba\u011flayan Demirk\u00f6pr\u00fc k\u00f6pr\u00fcs\u00fcn\u00fcn ikinci k\u0131sm\u0131ndaki in\u015faat \u00e7al\u0131\u015fmalar\u0131 devam ederken, mahalle i\u00e7inden ge\u00e7en eski tarihi k\u00f6pr\u00fc de depremde ciddi hasar g\u00f6rd\u00fc ve trafi\u011fe kapat\u0131ld\u0131. Eski k\u00f6pr\u00fc, yeniden in\u015fa edilerek, daha g\u00fcvenli bir hale getirilecek. B\u00f6lgedeki \u00e7al\u0131\u015fmalar, hem ula\u015f\u0131m\u0131n yeniden sa\u011flanmas\u0131 hem de vatanda\u015flar\u0131n g\u00fcnl\u00fck ya\u015famlar\u0131n\u0131n normalle\u015fmesi a\u00e7\u0131s\u0131ndan b\u00fcy\u00fck \u00f6nem ta\u015f\u0131yor. Hatay&#8217;da deprem sonras\u0131 altyap\u0131 yeniden in\u015fa edilirken, vatanda\u015flar da devletin h\u0131zl\u0131 m\u00fcdahalesine te\u015fekk\u00fcr ediyor.<\/p>\n<p>\u200bKahramanmara\u015f merkezli depremler sonras\u0131nda Hatay\u2019daki ula\u015f\u0131m altyap\u0131s\u0131 b\u00fcy\u00fck zarar g\u00f6ren \u00f6zellikle Antakya ile Reyhanl\u0131\u2019y\u0131 ba\u011flayan Demirk\u00f6pr\u00fc Mahallesinde, devletin bu b\u00f6lgedeki k\u00f6pr\u00fc ve yol \u00e7al\u0131\u015fmalar\u0131 h\u0131zla devam ederken depremin izleri de silinmeye \u00e7al\u0131\u015f\u0131l\u0131yor.\u00a0<\/p>\n<p>\u200bHaberin Al\u0131nt\u0131land\u0131\u011f\u0131 Kaynak: www.iskenderun.org<\/p>","protected":false},"excerpt":{"rendered":"<p>Y\u00fczy\u0131l\u0131n felaketi 6 \u015eubat depremlerinde Reyhanl\u0131\u2019n\u0131n Demirk\u00f6pr\u00fc Mahallesi mevkiinde 4 metreyi bulan b\u00fcy\u00fck k\u0131r\u0131lmalar meydana gelmi\u015fti. Depremin hemen ard\u0131ndan ba\u015flat\u0131lan \u00e7al\u0131\u015fmalar\u0131n birinci etab\u0131 tamamland\u0131 ve ilk k\u00f6pr\u00fc trafi\u011fe a\u00e7\u0131ld\u0131. K\u0131r\u0131lmalar nedeniyle b\u00fcy\u00fck hasar g\u00f6ren yollar ve k\u00f6pr\u00fcdeki enkaz\u0131n bir k\u0131sm\u0131 kald\u0131r\u0131ld\u0131ktan sonra, ilk k\u00f6pr\u00fcn\u00fcn temeli at\u0131ld\u0131 ve yap\u0131m\u0131 tamamlanarak ara\u00e7 trafi\u011fine a\u00e7\u0131ld\u0131. Geli\u015f ve gidi\u015f olarak tek \u015feritten hizmet veren bu k\u00f6pr\u00fc, b\u00f6lgedeki ula\u015f\u0131m\u0131 \u00f6nemli \u00f6l\u00e7\u00fcde rahatlatm\u0131\u015f durumda. \u0130kinci k\u00f6pr\u00fcn\u00fcn in\u015faat \u00e7al\u0131\u015fmalar\u0131 ise aral\u0131ks\u0131z s\u00fcr\u00fcyor. Hatay Valili\u011fi koordinesinde, Karayollar\u0131 Genel M\u00fcd\u00fcrl\u00fc\u011f\u00fc taraf\u0131ndan y\u00fcr\u00fct\u00fclen \u00e7al\u0131\u015fmalar, gece g\u00fcnd\u00fcz demeden devam ediyor ve b\u00f6lge halk\u0131 taraf\u0131ndan takdirle kar\u015f\u0131lan\u0131yor. Demirk\u00f6pr\u00fc Mahallesi Muhtar\u0131 H\u00fcseyin \u015eahan, depremler s\u0131ras\u0131nda yol ve k\u00f6pr\u00fcde b\u00fcy\u00fck \u00e7\u00f6kme ve hasar meydana geldi\u011fini belirterek, \u201c6 \u015eubat depremlerinde yolumuz \u00e7\u00f6kt\u00fc. Bu y\u00fczden giri\u015f ve \u00e7\u0131k\u0131\u015flar\u0131m\u0131z\u0131 sa\u011flayam\u0131yorduk. Eski tarihi k\u00f6pr\u00fcy\u00fc kullanmak zorunda kald\u0131k. Devletimiz sa\u011f olsun, 3. g\u00fcnden itibaren hemen buraya gelip \u00e7al\u0131\u015fmalar ba\u015flatt\u0131. Yapboz gibi par\u00e7alanan k\u00f6pr\u00fc, bir bu\u00e7uk y\u0131l sonra \u015fimdi tek \u015feritli olarak tekrar hizmete girdi. 2. k\u00f6pr\u00fcn\u00fcn in\u015faat\u0131 ise devam ediyor. Tahminimce bir y\u0131l i\u00e7inde, depremin izleri tamamen silinmi\u015f olacak. Devletimize te\u015fekk\u00fcr ediyoruz\u201d dedi. ESK\u0130 TAR\u0130H\u0130 K\u00d6PR\u00dc YEN\u0130DEN YAPILIYOR Reyhanl\u0131 ve Antakya il\u00e7elerini birbirine ba\u011flayan Demirk\u00f6pr\u00fc k\u00f6pr\u00fcs\u00fcn\u00fcn ikinci k\u0131sm\u0131ndaki in\u015faat \u00e7al\u0131\u015fmalar\u0131 devam ederken, mahalle i\u00e7inden ge\u00e7en eski tarihi k\u00f6pr\u00fc de &hellip;<\/p>","protected":false},"author":0,"featured_media":0,"comment_status":"open","ping_status":"open","sticky":false,"template":"","format":"standard","meta":{"_acf_changed":false,"footnotes":""},"categories":[24,535],"tags":[],"class_list":["post-16621","post","type-post","status-publish","format-standard","has-post-thumbnail","hentry","category-gundem","category-uncategorized-tr"],"acf":[],"yoast_head":"<!-- This site is optimized with the Yoast SEO Premium plugin v26.6 (Yoast SEO v27.1.1) - https:\/\/yoast.com\/product\/yoast-seo-premium-wordpress\/ -->\n<title>Demirk\u00f6pr\u00fc Mahallesi&#039;nde depremin izleri siliniyor\u2026 - Av. Deniz Can K\u0131z\u0131l<\/title>\n<meta name=\"robots\" content=\"index, follow, max-snippet:-1, max-image-preview:large, max-video-preview:-1\" \/>\n<link rel=\"canonical\" href=\"http:\/\/denizcankizil.tr\/de\/haberler\/gundem\/demirkopru-mahallesinde-depremin-izleri-siliniyor\/\" \/>\n<meta property=\"og:locale\" content=\"de_DE\" \/>\n<meta property=\"og:type\" content=\"article\" \/>\n<meta property=\"og:title\" content=\"Demirk\u00f6pr\u00fc Mahallesi&#039;nde depremin izleri siliniyor\u2026\" \/>\n<meta property=\"og:description\" content=\"Y\u00fczy\u0131l\u0131n felaketi 6 \u015eubat depremlerinde Reyhanl\u0131\u2019n\u0131n Demirk\u00f6pr\u00fc Mahallesi mevkiinde 4 metreyi bulan b\u00fcy\u00fck k\u0131r\u0131lmalar meydana gelmi\u015fti. Depremin hemen ard\u0131ndan ba\u015flat\u0131lan \u00e7al\u0131\u015fmalar\u0131n birinci etab\u0131 tamamland\u0131 ve ilk k\u00f6pr\u00fc trafi\u011fe a\u00e7\u0131ld\u0131. K\u0131r\u0131lmalar nedeniyle b\u00fcy\u00fck hasar g\u00f6ren yollar ve k\u00f6pr\u00fcdeki enkaz\u0131n bir k\u0131sm\u0131 kald\u0131r\u0131ld\u0131ktan sonra, ilk k\u00f6pr\u00fcn\u00fcn temeli at\u0131ld\u0131 ve yap\u0131m\u0131 tamamlanarak ara\u00e7 trafi\u011fine a\u00e7\u0131ld\u0131. Geli\u015f ve gidi\u015f olarak tek \u015feritten hizmet veren bu k\u00f6pr\u00fc, b\u00f6lgedeki ula\u015f\u0131m\u0131 \u00f6nemli \u00f6l\u00e7\u00fcde rahatlatm\u0131\u015f durumda. \u0130kinci k\u00f6pr\u00fcn\u00fcn in\u015faat \u00e7al\u0131\u015fmalar\u0131 ise aral\u0131ks\u0131z s\u00fcr\u00fcyor. Hatay Valili\u011fi koordinesinde, Karayollar\u0131 Genel M\u00fcd\u00fcrl\u00fc\u011f\u00fc taraf\u0131ndan y\u00fcr\u00fct\u00fclen \u00e7al\u0131\u015fmalar, gece g\u00fcnd\u00fcz demeden devam ediyor ve b\u00f6lge halk\u0131 taraf\u0131ndan takdirle kar\u015f\u0131lan\u0131yor. Demirk\u00f6pr\u00fc Mahallesi Muhtar\u0131 H\u00fcseyin \u015eahan, depremler s\u0131ras\u0131nda yol ve k\u00f6pr\u00fcde b\u00fcy\u00fck \u00e7\u00f6kme ve hasar meydana geldi\u011fini belirterek, \u201c6 \u015eubat depremlerinde yolumuz \u00e7\u00f6kt\u00fc. Bu y\u00fczden giri\u015f ve \u00e7\u0131k\u0131\u015flar\u0131m\u0131z\u0131 sa\u011flayam\u0131yorduk. Eski tarihi k\u00f6pr\u00fcy\u00fc kullanmak zorunda kald\u0131k. Devletimiz sa\u011f olsun, 3. g\u00fcnden itibaren hemen buraya gelip \u00e7al\u0131\u015fmalar ba\u015flatt\u0131. Yapboz gibi par\u00e7alanan k\u00f6pr\u00fc, bir bu\u00e7uk y\u0131l sonra \u015fimdi tek \u015feritli olarak tekrar hizmete girdi. 2. k\u00f6pr\u00fcn\u00fcn in\u015faat\u0131 ise devam ediyor. Tahminimce bir y\u0131l i\u00e7inde, depremin izleri tamamen silinmi\u015f olacak. Devletimize te\u015fekk\u00fcr ediyoruz\u201d dedi. ESK\u0130 TAR\u0130H\u0130 K\u00d6PR\u00dc YEN\u0130DEN YAPILIYOR Reyhanl\u0131 ve Antakya il\u00e7elerini birbirine ba\u011flayan Demirk\u00f6pr\u00fc k\u00f6pr\u00fcs\u00fcn\u00fcn ikinci k\u0131sm\u0131ndaki in\u015faat \u00e7al\u0131\u015fmalar\u0131 devam ederken, mahalle i\u00e7inden ge\u00e7en eski tarihi k\u00f6pr\u00fc de &hellip;\" \/>\n<meta property=\"og:url\" content=\"http:\/\/denizcankizil.tr\/de\/haberler\/gundem\/demirkopru-mahallesinde-depremin-izleri-siliniyor\/\" \/>\n<meta property=\"og:site_name\" content=\"Av. Deniz Can K\u0131z\u0131l\" \/>\n<meta property=\"article:published_time\" content=\"2024-11-20T05:41:19+00:00\" \/>\n<meta name=\"twitter:card\" content=\"summary_large_image\" \/>\n<meta name=\"twitter:label1\" content=\"Gesch\u00e4tzte Lesezeit\" \/>\n\t<meta name=\"twitter:data1\" content=\"2\u00a0Minuten\" \/>\n<script type=\"application\/ld+json\" class=\"yoast-schema-graph\">{\"@context\":\"https:\/\/schema.org\",\"@graph\":[{\"@type\":\"Article\",\"@id\":\"http:\/\/denizcankizil.tr\/en\/haberler\/gundem\/demirkopru-mahallesinde-depremin-izleri-siliniyor\/#article\",\"isPartOf\":{\"@id\":\"http:\/\/denizcankizil.tr\/en\/haberler\/gundem\/demirkopru-mahallesinde-depremin-izleri-siliniyor\/\"},\"author\":{\"name\":\"\",\"@id\":\"\"},\"headline\":\"Demirk\u00f6pr\u00fc Mahallesi&#8217;nde depremin izleri siliniyor\u2026\",\"datePublished\":\"2024-11-20T05:41:19+00:00\",\"mainEntityOfPage\":{\"@id\":\"http:\/\/denizcankizil.tr\/en\/haberler\/gundem\/demirkopru-mahallesinde-depremin-izleri-siliniyor\/\"},\"wordCount\":451,\"commentCount\":0,\"publisher\":{\"@id\":\"https:\/\/denizcankizil.tr\/de\/#organization\"},\"articleSection\":[\"G\u00fcndem\",\"Uncategorized\"],\"inLanguage\":\"de\",\"potentialAction\":[{\"@type\":\"CommentAction\",\"name\":\"Comment\",\"target\":[\"http:\/\/denizcankizil.tr\/en\/haberler\/gundem\/demirkopru-mahallesinde-depremin-izleri-siliniyor\/#respond\"]}]},{\"@type\":\"WebPage\",\"@id\":\"http:\/\/denizcankizil.tr\/en\/haberler\/gundem\/demirkopru-mahallesinde-depremin-izleri-siliniyor\/\",\"url\":\"http:\/\/denizcankizil.tr\/en\/haberler\/gundem\/demirkopru-mahallesinde-depremin-izleri-siliniyor\/\",\"name\":\"Demirk\u00f6pr\u00fc Mahallesi'nde depremin izleri siliniyor\u2026 - Av. Deniz Can K\u0131z\u0131l\",\"isPartOf\":{\"@id\":\"https:\/\/denizcankizil.tr\/de\/#website\"},\"datePublished\":\"2024-11-20T05:41:19+00:00\",\"breadcrumb\":{\"@id\":\"http:\/\/denizcankizil.tr\/en\/haberler\/gundem\/demirkopru-mahallesinde-depremin-izleri-siliniyor\/#breadcrumb\"},\"inLanguage\":\"de\",\"potentialAction\":[{\"@type\":\"ReadAction\",\"target\":[\"http:\/\/denizcankizil.tr\/en\/haberler\/gundem\/demirkopru-mahallesinde-depremin-izleri-siliniyor\/\"]}]},{\"@type\":\"BreadcrumbList\",\"@id\":\"http:\/\/denizcankizil.tr\/en\/haberler\/gundem\/demirkopru-mahallesinde-depremin-izleri-siliniyor\/#breadcrumb\",\"itemListElement\":[{\"@type\":\"ListItem\",\"position\":1,\"name\":\"Home\",\"item\":\"https:\/\/denizcankizil.tr\/de\/\"},{\"@type\":\"ListItem\",\"position\":2,\"name\":\"Demirk\u00f6pr\u00fc Mahallesi&#8217;nde depremin izleri siliniyor\u2026\"}]},{\"@type\":\"WebSite\",\"@id\":\"https:\/\/denizcankizil.tr\/de\/#website\",\"url\":\"https:\/\/denizcankizil.tr\/de\/\",\"name\":\"Av. Deniz Can K\u0131z\u0131l\",\"description\":\"Avukat Deniz Can K\u0131z\u0131l Antalya Barosu\",\"publisher\":{\"@id\":\"https:\/\/denizcankizil.tr\/de\/#organization\"},\"potentialAction\":[{\"@type\":\"SearchAction\",\"target\":{\"@type\":\"EntryPoint\",\"urlTemplate\":\"https:\/\/denizcankizil.tr\/de\/?s={search_term_string}\"},\"query-input\":{\"@type\":\"PropertyValueSpecification\",\"valueRequired\":true,\"valueName\":\"search_term_string\"}}],\"inLanguage\":\"de\"},{\"@type\":\"Organization\",\"@id\":\"https:\/\/denizcankizil.tr\/de\/#organization\",\"name\":\"Av. Deniz Can K\u0131z\u0131l\",\"url\":\"https:\/\/denizcankizil.tr\/de\/\",\"logo\":{\"@type\":\"ImageObject\",\"inLanguage\":\"de\",\"@id\":\"https:\/\/denizcankizil.tr\/de\/#\/schema\/logo\/image\/\",\"url\":\"http:\/\/denizcankizil.tr\/wp-content\/uploads\/2024\/10\/siyah-logo-svg.svg\",\"contentUrl\":\"http:\/\/denizcankizil.tr\/wp-content\/uploads\/2024\/10\/siyah-logo-svg.svg\",\"width\":1080,\"height\":1080,\"caption\":\"Av. Deniz Can K\u0131z\u0131l\"},\"image\":{\"@id\":\"https:\/\/denizcankizil.tr\/de\/#\/schema\/logo\/image\/\"}}]}<\/script>\n<!-- \/ Yoast SEO Premium plugin. -->","yoast_head_json":{"title":"Demirk\u00f6pr\u00fc Mahallesi'nde depremin izleri siliniyor\u2026 - Av. Deniz Can K\u0131z\u0131l","robots":{"index":"index","follow":"follow","max-snippet":"max-snippet:-1","max-image-preview":"max-image-preview:large","max-video-preview":"max-video-preview:-1"},"canonical":"http:\/\/denizcankizil.tr\/de\/haberler\/gundem\/demirkopru-mahallesinde-depremin-izleri-siliniyor\/","og_locale":"de_DE","og_type":"article","og_title":"Demirk\u00f6pr\u00fc Mahallesi'nde depremin izleri siliniyor\u2026","og_description":"Y\u00fczy\u0131l\u0131n felaketi 6 \u015eubat depremlerinde Reyhanl\u0131\u2019n\u0131n Demirk\u00f6pr\u00fc Mahallesi mevkiinde 4 metreyi bulan b\u00fcy\u00fck k\u0131r\u0131lmalar meydana gelmi\u015fti. Depremin hemen ard\u0131ndan ba\u015flat\u0131lan \u00e7al\u0131\u015fmalar\u0131n birinci etab\u0131 tamamland\u0131 ve ilk k\u00f6pr\u00fc trafi\u011fe a\u00e7\u0131ld\u0131. K\u0131r\u0131lmalar nedeniyle b\u00fcy\u00fck hasar g\u00f6ren yollar ve k\u00f6pr\u00fcdeki enkaz\u0131n bir k\u0131sm\u0131 kald\u0131r\u0131ld\u0131ktan sonra, ilk k\u00f6pr\u00fcn\u00fcn temeli at\u0131ld\u0131 ve yap\u0131m\u0131 tamamlanarak ara\u00e7 trafi\u011fine a\u00e7\u0131ld\u0131. Geli\u015f ve gidi\u015f olarak tek \u015feritten hizmet veren bu k\u00f6pr\u00fc, b\u00f6lgedeki ula\u015f\u0131m\u0131 \u00f6nemli \u00f6l\u00e7\u00fcde rahatlatm\u0131\u015f durumda. \u0130kinci k\u00f6pr\u00fcn\u00fcn in\u015faat \u00e7al\u0131\u015fmalar\u0131 ise aral\u0131ks\u0131z s\u00fcr\u00fcyor. Hatay Valili\u011fi koordinesinde, Karayollar\u0131 Genel M\u00fcd\u00fcrl\u00fc\u011f\u00fc taraf\u0131ndan y\u00fcr\u00fct\u00fclen \u00e7al\u0131\u015fmalar, gece g\u00fcnd\u00fcz demeden devam ediyor ve b\u00f6lge halk\u0131 taraf\u0131ndan takdirle kar\u015f\u0131lan\u0131yor. Demirk\u00f6pr\u00fc Mahallesi Muhtar\u0131 H\u00fcseyin \u015eahan, depremler s\u0131ras\u0131nda yol ve k\u00f6pr\u00fcde b\u00fcy\u00fck \u00e7\u00f6kme ve hasar meydana geldi\u011fini belirterek, \u201c6 \u015eubat depremlerinde yolumuz \u00e7\u00f6kt\u00fc. Bu y\u00fczden giri\u015f ve \u00e7\u0131k\u0131\u015flar\u0131m\u0131z\u0131 sa\u011flayam\u0131yorduk. Eski tarihi k\u00f6pr\u00fcy\u00fc kullanmak zorunda kald\u0131k. Devletimiz sa\u011f olsun, 3. g\u00fcnden itibaren hemen buraya gelip \u00e7al\u0131\u015fmalar ba\u015flatt\u0131. Yapboz gibi par\u00e7alanan k\u00f6pr\u00fc, bir bu\u00e7uk y\u0131l sonra \u015fimdi tek \u015feritli olarak tekrar hizmete girdi. 2. k\u00f6pr\u00fcn\u00fcn in\u015faat\u0131 ise devam ediyor. Tahminimce bir y\u0131l i\u00e7inde, depremin izleri tamamen silinmi\u015f olacak. Devletimize te\u015fekk\u00fcr ediyoruz\u201d dedi. ESK\u0130 TAR\u0130H\u0130 K\u00d6PR\u00dc YEN\u0130DEN YAPILIYOR Reyhanl\u0131 ve Antakya il\u00e7elerini birbirine ba\u011flayan Demirk\u00f6pr\u00fc k\u00f6pr\u00fcs\u00fcn\u00fcn ikinci k\u0131sm\u0131ndaki in\u015faat \u00e7al\u0131\u015fmalar\u0131 devam ederken, mahalle i\u00e7inden ge\u00e7en eski tarihi k\u00f6pr\u00fc de &hellip;","og_url":"http:\/\/denizcankizil.tr\/de\/haberler\/gundem\/demirkopru-mahallesinde-depremin-izleri-siliniyor\/","og_site_name":"Av. Deniz Can K\u0131z\u0131l","article_published_time":"2024-11-20T05:41:19+00:00","twitter_card":"summary_large_image","twitter_misc":{"Gesch\u00e4tzte Lesezeit":"2\u00a0Minuten"},"schema":{"@context":"https:\/\/schema.org","@graph":[{"@type":"Article","@id":"http:\/\/denizcankizil.tr\/en\/haberler\/gundem\/demirkopru-mahallesinde-depremin-izleri-siliniyor\/#article","isPartOf":{"@id":"http:\/\/denizcankizil.tr\/en\/haberler\/gundem\/demirkopru-mahallesinde-depremin-izleri-siliniyor\/"},"author":{"name":"","@id":""},"headline":"Demirk\u00f6pr\u00fc Mahallesi&#8217;nde depremin izleri siliniyor\u2026","datePublished":"2024-11-20T05:41:19+00:00","mainEntityOfPage":{"@id":"http:\/\/denizcankizil.tr\/en\/haberler\/gundem\/demirkopru-mahallesinde-depremin-izleri-siliniyor\/"},"wordCount":451,"commentCount":0,"publisher":{"@id":"https:\/\/denizcankizil.tr\/de\/#organization"},"articleSection":["G\u00fcndem","Uncategorized"],"inLanguage":"de","potentialAction":[{"@type":"CommentAction","name":"Comment","target":["http:\/\/denizcankizil.tr\/en\/haberler\/gundem\/demirkopru-mahallesinde-depremin-izleri-siliniyor\/#respond"]}]},{"@type":"WebPage","@id":"http:\/\/denizcankizil.tr\/en\/haberler\/gundem\/demirkopru-mahallesinde-depremin-izleri-siliniyor\/","url":"http:\/\/denizcankizil.tr\/en\/haberler\/gundem\/demirkopru-mahallesinde-depremin-izleri-siliniyor\/","name":"Demirk\u00f6pr\u00fc Mahallesi'nde depremin izleri siliniyor\u2026 - Av. Deniz Can K\u0131z\u0131l","isPartOf":{"@id":"https:\/\/denizcankizil.tr\/de\/#website"},"datePublished":"2024-11-20T05:41:19+00:00","breadcrumb":{"@id":"http:\/\/denizcankizil.tr\/en\/haberler\/gundem\/demirkopru-mahallesinde-depremin-izleri-siliniyor\/#breadcrumb"},"inLanguage":"de","potentialAction":[{"@type":"ReadAction","target":["http:\/\/denizcankizil.tr\/en\/haberler\/gundem\/demirkopru-mahallesinde-depremin-izleri-siliniyor\/"]}]},{"@type":"BreadcrumbList","@id":"http:\/\/denizcankizil.tr\/en\/haberler\/gundem\/demirkopru-mahallesinde-depremin-izleri-siliniyor\/#breadcrumb","itemListElement":[{"@type":"ListItem","position":1,"name":"Home","item":"https:\/\/denizcankizil.tr\/de\/"},{"@type":"ListItem","position":2,"name":"Demirk\u00f6pr\u00fc Mahallesi&#8217;nde depremin izleri siliniyor\u2026"}]},{"@type":"WebSite","@id":"https:\/\/denizcankizil.tr\/de\/#website","url":"https:\/\/denizcankizil.tr\/de\/","name":"Av. Deniz Can K\u0131z\u0131l","description":"Avukat Deniz Can K\u0131z\u0131l Antalya Barosu","publisher":{"@id":"https:\/\/denizcankizil.tr\/de\/#organization"},"potentialAction":[{"@type":"SearchAction","target":{"@type":"EntryPoint","urlTemplate":"https:\/\/denizcankizil.tr\/de\/?s={search_term_string}"},"query-input":{"@type":"PropertyValueSpecification","valueRequired":true,"valueName":"search_term_string"}}],"inLanguage":"de"},{"@type":"Organization","@id":"https:\/\/denizcankizil.tr\/de\/#organization","name":"Av. Deniz Can K\u0131z\u0131l","url":"https:\/\/denizcankizil.tr\/de\/","logo":{"@type":"ImageObject","inLanguage":"de","@id":"https:\/\/denizcankizil.tr\/de\/#\/schema\/logo\/image\/","url":"http:\/\/denizcankizil.tr\/wp-content\/uploads\/2024\/10\/siyah-logo-svg.svg","contentUrl":"http:\/\/denizcankizil.tr\/wp-content\/uploads\/2024\/10\/siyah-logo-svg.svg","width":1080,"height":1080,"caption":"Av. Deniz Can K\u0131z\u0131l"},"image":{"@id":"https:\/\/denizcankizil.tr\/de\/#\/schema\/logo\/image\/"}}]}},"_links":{"self":[{"href":"http:\/\/denizcankizil.tr\/de\/wp-json\/wp\/v2\/posts\/16621","targetHints":{"allow":["GET"]}}],"collection":[{"href":"http:\/\/denizcankizil.tr\/de\/wp-json\/wp\/v2\/posts"}],"about":[{"href":"http:\/\/denizcankizil.tr\/de\/wp-json\/wp\/v2\/types\/post"}],"replies":[{"embeddable":true,"href":"http:\/\/denizcankizil.tr\/de\/wp-json\/wp\/v2\/comments?post=16621"}],"version-history":[{"count":0,"href":"http:\/\/denizcankizil.tr\/de\/wp-json\/wp\/v2\/posts\/16621\/revisions"}],"wp:attachment":[{"href":"http:\/\/denizcankizil.tr\/de\/wp-json\/wp\/v2\/media?parent=16621"}],"wp:term":[{"taxonomy":"category","embeddable":true,"href":"http:\/\/denizcankizil.tr\/de\/wp-json\/wp\/v2\/categories?post=16621"},{"taxonomy":"post_tag","embeddable":true,"href":"http:\/\/denizcankizil.tr\/de\/wp-json\/wp\/v2\/tags?post=16621"}],"curies":[{"name":"wp","href":"https:\/\/api.w.org\/{rel}","templated":true}]}}