{"id":16412,"date":"2024-11-18T15:42:11","date_gmt":"2024-11-18T12:42:11","guid":{"rendered":"https:\/\/denizcankizil.tr\/uncategorized-tr\/sapadere-ipek-evinde-egitim-kurslari-basladi\/"},"modified":"2024-11-18T15:42:11","modified_gmt":"2024-11-18T12:42:11","slug":"sapadere-ipek-evinde-egitim-kurslari-basladi","status":"publish","type":"post","link":"http:\/\/denizcankizil.tr\/de\/haberler\/gundem\/sapadere-ipek-evinde-egitim-kurslari-basladi\/","title":{"rendered":"Sapadere \u0130pek Evi&#8217;nde e\u011fitim kurslar\u0131 ba\u015flad\u0131"},"content":{"rendered":"<p>Antalya B\u00fcy\u00fck\u015fehir Belediyesi taraf\u0131ndan Alanya Sapadere&#8217;de olu\u015fturulan \u0130pek Evi \u00dcretim Merkezi&#8217;nde e\u011fitim kurslar\u0131 ba\u015flad\u0131. Kurslarda, \u0130pek b\u00f6ce\u011fi yeti\u015ftiricili\u011fi ile \u0130pek Evi&#8217;nde \u00fcretilen ipeklerden el dokumas\u0131 \u00fcr\u00fcnler, \u00e7i\u00e7ekler ve \u00e7e\u015fitli s\u00fcs e\u015fyalar\u0131n\u0131n yap\u0131m\u0131 \u00f6\u011fretiliyor. Yerelden \u00fcretime te\u015fvik eden \u0130pek Evi b\u00f6lge halk\u0131n\u0131n ekonomisine ve turizme de katk\u0131 sa\u011fl\u0131yor.<\/p>\n<p>\u200bAntalya B\u00fcy\u00fck\u015fehir Belediyesi taraf\u0131ndan Alanya Sapadere&#8217;de olu\u015fturulan \u0130pek Evi \u00dcretim Merkezi&#8217;nde e\u011fitim kurslar\u0131 ba\u015flad\u0131. Kurslarda, \u0130pek b\u00f6ce\u011fi yeti\u015ftiricili\u011fi ile \u0130pek Evi&#8217;nde \u00fcretilen ipeklerden el dokumas\u0131 \u00fcr\u00fcnler, \u00e7i\u00e7ekler ve \u00e7e\u015fitli s\u00fcs e\u015fyalar\u0131n\u0131n yap\u0131m\u0131 \u00f6\u011fretiliyor. Yerelden \u00fcretime te\u015fvik eden \u0130pek Evi b\u00f6lge halk\u0131n\u0131n ekonomisine ve turizme de katk\u0131 sa\u011fl\u0131yor.\u00a0<\/p>\n<p>\u200bHaberin Al\u0131nt\u0131land\u0131\u011f\u0131 Kaynak: www.iskenderun.org<\/p>","protected":false},"excerpt":{"rendered":"<p>Antalya B\u00fcy\u00fck\u015fehir Belediyesi taraf\u0131ndan Alanya Sapadere&#8217;de olu\u015fturulan \u0130pek Evi \u00dcretim Merkezi&#8217;nde e\u011fitim kurslar\u0131 ba\u015flad\u0131. Kurslarda, \u0130pek b\u00f6ce\u011fi yeti\u015ftiricili\u011fi ile \u0130pek Evi&#8217;nde \u00fcretilen ipeklerden el dokumas\u0131 \u00fcr\u00fcnler, \u00e7i\u00e7ekler ve \u00e7e\u015fitli s\u00fcs e\u015fyalar\u0131n\u0131n yap\u0131m\u0131 \u00f6\u011fretiliyor. Yerelden \u00fcretime te\u015fvik eden \u0130pek Evi b\u00f6lge halk\u0131n\u0131n ekonomisine ve turizme de katk\u0131 sa\u011fl\u0131yor. \u200bAntalya B\u00fcy\u00fck\u015fehir Belediyesi taraf\u0131ndan Alanya Sapadere&#8217;de olu\u015fturulan \u0130pek Evi \u00dcretim Merkezi&#8217;nde e\u011fitim kurslar\u0131 ba\u015flad\u0131. Kurslarda, \u0130pek b\u00f6ce\u011fi yeti\u015ftiricili\u011fi ile \u0130pek Evi&#8217;nde \u00fcretilen ipeklerden el dokumas\u0131 \u00fcr\u00fcnler, \u00e7i\u00e7ekler ve \u00e7e\u015fitli s\u00fcs e\u015fyalar\u0131n\u0131n yap\u0131m\u0131 \u00f6\u011fretiliyor. Yerelden \u00fcretime te\u015fvik eden \u0130pek Evi b\u00f6lge halk\u0131n\u0131n ekonomisine ve turizme de katk\u0131 sa\u011fl\u0131yor.\u00a0 \u200bHaberin Al\u0131nt\u0131land\u0131\u011f\u0131 Kaynak: www.iskenderun.org<\/p>","protected":false},"author":0,"featured_media":0,"comment_status":"open","ping_status":"open","sticky":false,"template":"","format":"standard","meta":{"_acf_changed":false,"footnotes":""},"categories":[24,535],"tags":[],"class_list":["post-16412","post","type-post","status-publish","format-standard","has-post-thumbnail","hentry","category-gundem","category-uncategorized-tr"],"acf":[],"yoast_head":"<!-- This site is optimized with the Yoast SEO Premium plugin v26.6 (Yoast SEO v27.1.1) - https:\/\/yoast.com\/product\/yoast-seo-premium-wordpress\/ -->\n<title>Sapadere \u0130pek Evi&#039;nde e\u011fitim kurslar\u0131 ba\u015flad\u0131 - Av. Deniz Can K\u0131z\u0131l<\/title>\n<meta name=\"robots\" content=\"index, follow, max-snippet:-1, max-image-preview:large, max-video-preview:-1\" \/>\n<link rel=\"canonical\" href=\"http:\/\/denizcankizil.tr\/de\/haberler\/gundem\/sapadere-ipek-evinde-egitim-kurslari-basladi\/\" \/>\n<meta property=\"og:locale\" content=\"de_DE\" \/>\n<meta property=\"og:type\" content=\"article\" \/>\n<meta property=\"og:title\" content=\"Sapadere \u0130pek Evi&#039;nde e\u011fitim kurslar\u0131 ba\u015flad\u0131\" \/>\n<meta property=\"og:description\" content=\"Antalya B\u00fcy\u00fck\u015fehir Belediyesi taraf\u0131ndan Alanya Sapadere&#8217;de olu\u015fturulan \u0130pek Evi \u00dcretim Merkezi&#8217;nde e\u011fitim kurslar\u0131 ba\u015flad\u0131. Kurslarda, \u0130pek b\u00f6ce\u011fi yeti\u015ftiricili\u011fi ile \u0130pek Evi&#8217;nde \u00fcretilen ipeklerden el dokumas\u0131 \u00fcr\u00fcnler, \u00e7i\u00e7ekler ve \u00e7e\u015fitli s\u00fcs e\u015fyalar\u0131n\u0131n yap\u0131m\u0131 \u00f6\u011fretiliyor. Yerelden \u00fcretime te\u015fvik eden \u0130pek Evi b\u00f6lge halk\u0131n\u0131n ekonomisine ve turizme de katk\u0131 sa\u011fl\u0131yor. \u200bAntalya B\u00fcy\u00fck\u015fehir Belediyesi taraf\u0131ndan Alanya Sapadere&#8217;de olu\u015fturulan \u0130pek Evi \u00dcretim Merkezi&#8217;nde e\u011fitim kurslar\u0131 ba\u015flad\u0131. Kurslarda, \u0130pek b\u00f6ce\u011fi yeti\u015ftiricili\u011fi ile \u0130pek Evi&#8217;nde \u00fcretilen ipeklerden el dokumas\u0131 \u00fcr\u00fcnler, \u00e7i\u00e7ekler ve \u00e7e\u015fitli s\u00fcs e\u015fyalar\u0131n\u0131n yap\u0131m\u0131 \u00f6\u011fretiliyor. Yerelden \u00fcretime te\u015fvik eden \u0130pek Evi b\u00f6lge halk\u0131n\u0131n ekonomisine ve turizme de katk\u0131 sa\u011fl\u0131yor.\u00a0 \u200bHaberin Al\u0131nt\u0131land\u0131\u011f\u0131 Kaynak: www.iskenderun.org\" \/>\n<meta property=\"og:url\" content=\"http:\/\/denizcankizil.tr\/de\/haberler\/gundem\/sapadere-ipek-evinde-egitim-kurslari-basladi\/\" \/>\n<meta property=\"og:site_name\" content=\"Av. Deniz Can K\u0131z\u0131l\" \/>\n<meta property=\"article:published_time\" content=\"2024-11-18T12:42:11+00:00\" \/>\n<meta name=\"twitter:card\" content=\"summary_large_image\" \/>\n<meta name=\"twitter:label1\" content=\"Gesch\u00e4tzte Lesezeit\" \/>\n\t<meta name=\"twitter:data1\" content=\"1\u00a0Minute\" \/>\n<script type=\"application\/ld+json\" class=\"yoast-schema-graph\">{\"@context\":\"https:\/\/schema.org\",\"@graph\":[{\"@type\":\"Article\",\"@id\":\"http:\/\/denizcankizil.tr\/de\/haberler\/gundem\/sapadere-ipek-evinde-egitim-kurslari-basladi\/#article\",\"isPartOf\":{\"@id\":\"http:\/\/denizcankizil.tr\/de\/haberler\/gundem\/sapadere-ipek-evinde-egitim-kurslari-basladi\/\"},\"author\":{\"name\":\"\",\"@id\":\"\"},\"headline\":\"Sapadere \u0130pek Evi&#8217;nde e\u011fitim kurslar\u0131 ba\u015flad\u0131\",\"datePublished\":\"2024-11-18T12:42:11+00:00\",\"mainEntityOfPage\":{\"@id\":\"http:\/\/denizcankizil.tr\/de\/haberler\/gundem\/sapadere-ipek-evinde-egitim-kurslari-basladi\/\"},\"wordCount\":167,\"commentCount\":0,\"publisher\":{\"@id\":\"https:\/\/denizcankizil.tr\/#organization\"},\"articleSection\":[\"G\u00fcndem\",\"Uncategorized\"],\"inLanguage\":\"de\",\"potentialAction\":[{\"@type\":\"CommentAction\",\"name\":\"Comment\",\"target\":[\"http:\/\/denizcankizil.tr\/de\/haberler\/gundem\/sapadere-ipek-evinde-egitim-kurslari-basladi\/#respond\"]}]},{\"@type\":\"WebPage\",\"@id\":\"http:\/\/denizcankizil.tr\/de\/haberler\/gundem\/sapadere-ipek-evinde-egitim-kurslari-basladi\/\",\"url\":\"http:\/\/denizcankizil.tr\/de\/haberler\/gundem\/sapadere-ipek-evinde-egitim-kurslari-basladi\/\",\"name\":\"Sapadere \u0130pek Evi'nde e\u011fitim kurslar\u0131 ba\u015flad\u0131 - Av. Deniz Can K\u0131z\u0131l\",\"isPartOf\":{\"@id\":\"https:\/\/denizcankizil.tr\/#website\"},\"datePublished\":\"2024-11-18T12:42:11+00:00\",\"breadcrumb\":{\"@id\":\"http:\/\/denizcankizil.tr\/de\/haberler\/gundem\/sapadere-ipek-evinde-egitim-kurslari-basladi\/#breadcrumb\"},\"inLanguage\":\"de\",\"potentialAction\":[{\"@type\":\"ReadAction\",\"target\":[\"http:\/\/denizcankizil.tr\/de\/haberler\/gundem\/sapadere-ipek-evinde-egitim-kurslari-basladi\/\"]}]},{\"@type\":\"BreadcrumbList\",\"@id\":\"http:\/\/denizcankizil.tr\/de\/haberler\/gundem\/sapadere-ipek-evinde-egitim-kurslari-basladi\/#breadcrumb\",\"itemListElement\":[{\"@type\":\"ListItem\",\"position\":1,\"name\":\"Home\",\"item\":\"https:\/\/denizcankizil.tr\/de\/\"},{\"@type\":\"ListItem\",\"position\":2,\"name\":\"Sapadere \u0130pek Evi&#8217;nde e\u011fitim kurslar\u0131 ba\u015flad\u0131\"}]},{\"@type\":\"WebSite\",\"@id\":\"https:\/\/denizcankizil.tr\/#website\",\"url\":\"https:\/\/denizcankizil.tr\/\",\"name\":\"Av. Deniz Can K\u0131z\u0131l\",\"description\":\"Avukat Deniz Can K\u0131z\u0131l Antalya Barosu\",\"publisher\":{\"@id\":\"https:\/\/denizcankizil.tr\/#organization\"},\"potentialAction\":[{\"@type\":\"SearchAction\",\"target\":{\"@type\":\"EntryPoint\",\"urlTemplate\":\"https:\/\/denizcankizil.tr\/?s={search_term_string}\"},\"query-input\":{\"@type\":\"PropertyValueSpecification\",\"valueRequired\":true,\"valueName\":\"search_term_string\"}}],\"inLanguage\":\"de\"},{\"@type\":\"Organization\",\"@id\":\"https:\/\/denizcankizil.tr\/#organization\",\"name\":\"Av. Deniz Can K\u0131z\u0131l\",\"url\":\"https:\/\/denizcankizil.tr\/\",\"logo\":{\"@type\":\"ImageObject\",\"inLanguage\":\"de\",\"@id\":\"https:\/\/denizcankizil.tr\/#\/schema\/logo\/image\/\",\"url\":\"http:\/\/denizcankizil.tr\/wp-content\/uploads\/2024\/10\/siyah-logo-svg.svg\",\"contentUrl\":\"http:\/\/denizcankizil.tr\/wp-content\/uploads\/2024\/10\/siyah-logo-svg.svg\",\"width\":1080,\"height\":1080,\"caption\":\"Av. Deniz Can K\u0131z\u0131l\"},\"image\":{\"@id\":\"https:\/\/denizcankizil.tr\/#\/schema\/logo\/image\/\"}}]}<\/script>\n<!-- \/ Yoast SEO Premium plugin. -->","yoast_head_json":{"title":"Sapadere \u0130pek Evi'nde e\u011fitim kurslar\u0131 ba\u015flad\u0131 - Av. Deniz Can K\u0131z\u0131l","robots":{"index":"index","follow":"follow","max-snippet":"max-snippet:-1","max-image-preview":"max-image-preview:large","max-video-preview":"max-video-preview:-1"},"canonical":"http:\/\/denizcankizil.tr\/de\/haberler\/gundem\/sapadere-ipek-evinde-egitim-kurslari-basladi\/","og_locale":"de_DE","og_type":"article","og_title":"Sapadere \u0130pek Evi'nde e\u011fitim kurslar\u0131 ba\u015flad\u0131","og_description":"Antalya B\u00fcy\u00fck\u015fehir Belediyesi taraf\u0131ndan Alanya Sapadere&#8217;de olu\u015fturulan \u0130pek Evi \u00dcretim Merkezi&#8217;nde e\u011fitim kurslar\u0131 ba\u015flad\u0131. Kurslarda, \u0130pek b\u00f6ce\u011fi yeti\u015ftiricili\u011fi ile \u0130pek Evi&#8217;nde \u00fcretilen ipeklerden el dokumas\u0131 \u00fcr\u00fcnler, \u00e7i\u00e7ekler ve \u00e7e\u015fitli s\u00fcs e\u015fyalar\u0131n\u0131n yap\u0131m\u0131 \u00f6\u011fretiliyor. Yerelden \u00fcretime te\u015fvik eden \u0130pek Evi b\u00f6lge halk\u0131n\u0131n ekonomisine ve turizme de katk\u0131 sa\u011fl\u0131yor. \u200bAntalya B\u00fcy\u00fck\u015fehir Belediyesi taraf\u0131ndan Alanya Sapadere&#8217;de olu\u015fturulan \u0130pek Evi \u00dcretim Merkezi&#8217;nde e\u011fitim kurslar\u0131 ba\u015flad\u0131. Kurslarda, \u0130pek b\u00f6ce\u011fi yeti\u015ftiricili\u011fi ile \u0130pek Evi&#8217;nde \u00fcretilen ipeklerden el dokumas\u0131 \u00fcr\u00fcnler, \u00e7i\u00e7ekler ve \u00e7e\u015fitli s\u00fcs e\u015fyalar\u0131n\u0131n yap\u0131m\u0131 \u00f6\u011fretiliyor. Yerelden \u00fcretime te\u015fvik eden \u0130pek Evi b\u00f6lge halk\u0131n\u0131n ekonomisine ve turizme de katk\u0131 sa\u011fl\u0131yor.\u00a0 \u200bHaberin Al\u0131nt\u0131land\u0131\u011f\u0131 Kaynak: www.iskenderun.org","og_url":"http:\/\/denizcankizil.tr\/de\/haberler\/gundem\/sapadere-ipek-evinde-egitim-kurslari-basladi\/","og_site_name":"Av. Deniz Can K\u0131z\u0131l","article_published_time":"2024-11-18T12:42:11+00:00","twitter_card":"summary_large_image","twitter_misc":{"Gesch\u00e4tzte Lesezeit":"1\u00a0Minute"},"schema":{"@context":"https:\/\/schema.org","@graph":[{"@type":"Article","@id":"http:\/\/denizcankizil.tr\/de\/haberler\/gundem\/sapadere-ipek-evinde-egitim-kurslari-basladi\/#article","isPartOf":{"@id":"http:\/\/denizcankizil.tr\/de\/haberler\/gundem\/sapadere-ipek-evinde-egitim-kurslari-basladi\/"},"author":{"name":"","@id":""},"headline":"Sapadere \u0130pek Evi&#8217;nde e\u011fitim kurslar\u0131 ba\u015flad\u0131","datePublished":"2024-11-18T12:42:11+00:00","mainEntityOfPage":{"@id":"http:\/\/denizcankizil.tr\/de\/haberler\/gundem\/sapadere-ipek-evinde-egitim-kurslari-basladi\/"},"wordCount":167,"commentCount":0,"publisher":{"@id":"https:\/\/denizcankizil.tr\/#organization"},"articleSection":["G\u00fcndem","Uncategorized"],"inLanguage":"de","potentialAction":[{"@type":"CommentAction","name":"Comment","target":["http:\/\/denizcankizil.tr\/de\/haberler\/gundem\/sapadere-ipek-evinde-egitim-kurslari-basladi\/#respond"]}]},{"@type":"WebPage","@id":"http:\/\/denizcankizil.tr\/de\/haberler\/gundem\/sapadere-ipek-evinde-egitim-kurslari-basladi\/","url":"http:\/\/denizcankizil.tr\/de\/haberler\/gundem\/sapadere-ipek-evinde-egitim-kurslari-basladi\/","name":"Sapadere \u0130pek Evi'nde e\u011fitim kurslar\u0131 ba\u015flad\u0131 - Av. Deniz Can K\u0131z\u0131l","isPartOf":{"@id":"https:\/\/denizcankizil.tr\/#website"},"datePublished":"2024-11-18T12:42:11+00:00","breadcrumb":{"@id":"http:\/\/denizcankizil.tr\/de\/haberler\/gundem\/sapadere-ipek-evinde-egitim-kurslari-basladi\/#breadcrumb"},"inLanguage":"de","potentialAction":[{"@type":"ReadAction","target":["http:\/\/denizcankizil.tr\/de\/haberler\/gundem\/sapadere-ipek-evinde-egitim-kurslari-basladi\/"]}]},{"@type":"BreadcrumbList","@id":"http:\/\/denizcankizil.tr\/de\/haberler\/gundem\/sapadere-ipek-evinde-egitim-kurslari-basladi\/#breadcrumb","itemListElement":[{"@type":"ListItem","position":1,"name":"Home","item":"https:\/\/denizcankizil.tr\/de\/"},{"@type":"ListItem","position":2,"name":"Sapadere \u0130pek Evi&#8217;nde e\u011fitim kurslar\u0131 ba\u015flad\u0131"}]},{"@type":"WebSite","@id":"https:\/\/denizcankizil.tr\/#website","url":"https:\/\/denizcankizil.tr\/","name":"Av. Deniz Can K\u0131z\u0131l","description":"Avukat Deniz Can K\u0131z\u0131l Antalya Barosu","publisher":{"@id":"https:\/\/denizcankizil.tr\/#organization"},"potentialAction":[{"@type":"SearchAction","target":{"@type":"EntryPoint","urlTemplate":"https:\/\/denizcankizil.tr\/?s={search_term_string}"},"query-input":{"@type":"PropertyValueSpecification","valueRequired":true,"valueName":"search_term_string"}}],"inLanguage":"de"},{"@type":"Organization","@id":"https:\/\/denizcankizil.tr\/#organization","name":"Av. Deniz Can K\u0131z\u0131l","url":"https:\/\/denizcankizil.tr\/","logo":{"@type":"ImageObject","inLanguage":"de","@id":"https:\/\/denizcankizil.tr\/#\/schema\/logo\/image\/","url":"http:\/\/denizcankizil.tr\/wp-content\/uploads\/2024\/10\/siyah-logo-svg.svg","contentUrl":"http:\/\/denizcankizil.tr\/wp-content\/uploads\/2024\/10\/siyah-logo-svg.svg","width":1080,"height":1080,"caption":"Av. Deniz Can K\u0131z\u0131l"},"image":{"@id":"https:\/\/denizcankizil.tr\/#\/schema\/logo\/image\/"}}]}},"_links":{"self":[{"href":"http:\/\/denizcankizil.tr\/de\/wp-json\/wp\/v2\/posts\/16412","targetHints":{"allow":["GET"]}}],"collection":[{"href":"http:\/\/denizcankizil.tr\/de\/wp-json\/wp\/v2\/posts"}],"about":[{"href":"http:\/\/denizcankizil.tr\/de\/wp-json\/wp\/v2\/types\/post"}],"replies":[{"embeddable":true,"href":"http:\/\/denizcankizil.tr\/de\/wp-json\/wp\/v2\/comments?post=16412"}],"version-history":[{"count":0,"href":"http:\/\/denizcankizil.tr\/de\/wp-json\/wp\/v2\/posts\/16412\/revisions"}],"wp:attachment":[{"href":"http:\/\/denizcankizil.tr\/de\/wp-json\/wp\/v2\/media?parent=16412"}],"wp:term":[{"taxonomy":"category","embeddable":true,"href":"http:\/\/denizcankizil.tr\/de\/wp-json\/wp\/v2\/categories?post=16412"},{"taxonomy":"post_tag","embeddable":true,"href":"http:\/\/denizcankizil.tr\/de\/wp-json\/wp\/v2\/tags?post=16412"}],"curies":[{"name":"wp","href":"https:\/\/api.w.org\/{rel}","templated":true}]}}