{"id":15936,"date":"2024-11-14T22:41:25","date_gmt":"2024-11-14T19:41:25","guid":{"rendered":"https:\/\/denizcankizil.tr\/uncategorized-tr\/inegol-belediyesinde-3-yeni-ofis-kuruldu\/"},"modified":"2024-11-14T22:41:25","modified_gmt":"2024-11-14T19:41:25","slug":"inegol-belediyesinde-3-yeni-ofis-kuruldu","status":"publish","type":"post","link":"http:\/\/denizcankizil.tr\/de\/haberler\/gundem\/inegol-belediyesinde-3-yeni-ofis-kuruldu\/","title":{"rendered":"\u0130neg\u00f6l Belediyesi\u2019nde 3 Yeni Ofis Kuruldu"},"content":{"rendered":"<p>\u0130neg\u00f6l Belediyesi b\u00fcnyesinde olu\u015fturulan AB ve D\u0131\u015f \u0130li\u015fkiler Ofisi, Yal\u0131n Ofis ve Marka Ofisi i\u00e7in lansman d\u00fczenlendi. Belediye Ba\u015fkan\u0131 Alper Taban, \u015fehrin fiziksel d\u00f6n\u00fc\u015f\u00fcm\u00fcn\u00fcn yan\u0131nda kurumsal d\u00f6n\u00fc\u015f\u00fcm\u00fc de kararl\u0131l\u0131kla y\u00fcr\u00fctt\u00fcklerini ifade ederek; \u201cYeni d\u00f6nemde bug\u00fcne kadar yapt\u0131klar\u0131m\u0131z\u0131n \u00fczerine koymaya devam edece\u011fiz\u201d dedi.<\/p>\n<p>\u200b\u0130neg\u00f6l Belediyesi b\u00fcnyesinde olu\u015fturulan AB ve D\u0131\u015f \u0130li\u015fkiler Ofisi, Yal\u0131n Ofis ve Marka Ofisi i\u00e7in lansman d\u00fczenlendi. Belediye Ba\u015fkan\u0131 Alper Taban, \u015fehrin fiziksel d\u00f6n\u00fc\u015f\u00fcm\u00fcn\u00fcn yan\u0131nda kurumsal d\u00f6n\u00fc\u015f\u00fcm\u00fc de kararl\u0131l\u0131kla y\u00fcr\u00fctt\u00fcklerini ifade ederek; \u201cYeni d\u00f6nemde bug\u00fcne kadar yapt\u0131klar\u0131m\u0131z\u0131n \u00fczerine koymaya devam edece\u011fiz\u201d dedi.\u00a0<\/p>\n<p>\u200bHaberin Al\u0131nt\u0131land\u0131\u011f\u0131 Kaynak: www.iskenderun.org<\/p>","protected":false},"excerpt":{"rendered":"<p>\u0130neg\u00f6l Belediyesi b\u00fcnyesinde olu\u015fturulan AB ve D\u0131\u015f \u0130li\u015fkiler Ofisi, Yal\u0131n Ofis ve Marka Ofisi i\u00e7in lansman d\u00fczenlendi. Belediye Ba\u015fkan\u0131 Alper Taban, \u015fehrin fiziksel d\u00f6n\u00fc\u015f\u00fcm\u00fcn\u00fcn yan\u0131nda kurumsal d\u00f6n\u00fc\u015f\u00fcm\u00fc de kararl\u0131l\u0131kla y\u00fcr\u00fctt\u00fcklerini ifade ederek; \u201cYeni d\u00f6nemde bug\u00fcne kadar yapt\u0131klar\u0131m\u0131z\u0131n \u00fczerine koymaya devam edece\u011fiz\u201d dedi. \u200b\u0130neg\u00f6l Belediyesi b\u00fcnyesinde olu\u015fturulan AB ve D\u0131\u015f \u0130li\u015fkiler Ofisi, Yal\u0131n Ofis ve Marka Ofisi i\u00e7in lansman d\u00fczenlendi. Belediye Ba\u015fkan\u0131 Alper Taban, \u015fehrin fiziksel d\u00f6n\u00fc\u015f\u00fcm\u00fcn\u00fcn yan\u0131nda kurumsal d\u00f6n\u00fc\u015f\u00fcm\u00fc de kararl\u0131l\u0131kla y\u00fcr\u00fctt\u00fcklerini ifade ederek; \u201cYeni d\u00f6nemde bug\u00fcne kadar yapt\u0131klar\u0131m\u0131z\u0131n \u00fczerine koymaya devam edece\u011fiz\u201d dedi.\u00a0 \u200bHaberin Al\u0131nt\u0131land\u0131\u011f\u0131 Kaynak: www.iskenderun.org<\/p>","protected":false},"author":0,"featured_media":0,"comment_status":"open","ping_status":"open","sticky":false,"template":"","format":"standard","meta":{"_acf_changed":false,"footnotes":""},"categories":[24,535],"tags":[],"class_list":["post-15936","post","type-post","status-publish","format-standard","has-post-thumbnail","hentry","category-gundem","category-uncategorized-tr"],"acf":[],"yoast_head":"<!-- This site is optimized with the Yoast SEO Premium plugin v26.6 (Yoast SEO v27.1.1) - https:\/\/yoast.com\/product\/yoast-seo-premium-wordpress\/ -->\n<title>\u0130neg\u00f6l Belediyesi\u2019nde 3 Yeni Ofis Kuruldu - Av. Deniz Can K\u0131z\u0131l<\/title>\n<meta name=\"robots\" content=\"index, follow, max-snippet:-1, max-image-preview:large, max-video-preview:-1\" \/>\n<link rel=\"canonical\" href=\"http:\/\/denizcankizil.tr\/de\/haberler\/gundem\/inegol-belediyesinde-3-yeni-ofis-kuruldu\/\" \/>\n<meta property=\"og:locale\" content=\"de_DE\" \/>\n<meta property=\"og:type\" content=\"article\" \/>\n<meta property=\"og:title\" content=\"\u0130neg\u00f6l Belediyesi\u2019nde 3 Yeni Ofis Kuruldu\" \/>\n<meta property=\"og:description\" content=\"\u0130neg\u00f6l Belediyesi b\u00fcnyesinde olu\u015fturulan AB ve D\u0131\u015f \u0130li\u015fkiler Ofisi, Yal\u0131n Ofis ve Marka Ofisi i\u00e7in lansman d\u00fczenlendi. Belediye Ba\u015fkan\u0131 Alper Taban, \u015fehrin fiziksel d\u00f6n\u00fc\u015f\u00fcm\u00fcn\u00fcn yan\u0131nda kurumsal d\u00f6n\u00fc\u015f\u00fcm\u00fc de kararl\u0131l\u0131kla y\u00fcr\u00fctt\u00fcklerini ifade ederek; \u201cYeni d\u00f6nemde bug\u00fcne kadar yapt\u0131klar\u0131m\u0131z\u0131n \u00fczerine koymaya devam edece\u011fiz\u201d dedi. \u200b\u0130neg\u00f6l Belediyesi b\u00fcnyesinde olu\u015fturulan AB ve D\u0131\u015f \u0130li\u015fkiler Ofisi, Yal\u0131n Ofis ve Marka Ofisi i\u00e7in lansman d\u00fczenlendi. Belediye Ba\u015fkan\u0131 Alper Taban, \u015fehrin fiziksel d\u00f6n\u00fc\u015f\u00fcm\u00fcn\u00fcn yan\u0131nda kurumsal d\u00f6n\u00fc\u015f\u00fcm\u00fc de kararl\u0131l\u0131kla y\u00fcr\u00fctt\u00fcklerini ifade ederek; \u201cYeni d\u00f6nemde bug\u00fcne kadar yapt\u0131klar\u0131m\u0131z\u0131n \u00fczerine koymaya devam edece\u011fiz\u201d dedi.\u00a0 \u200bHaberin Al\u0131nt\u0131land\u0131\u011f\u0131 Kaynak: www.iskenderun.org\" \/>\n<meta property=\"og:url\" content=\"http:\/\/denizcankizil.tr\/de\/haberler\/gundem\/inegol-belediyesinde-3-yeni-ofis-kuruldu\/\" \/>\n<meta property=\"og:site_name\" content=\"Av. Deniz Can K\u0131z\u0131l\" \/>\n<meta property=\"article:published_time\" content=\"2024-11-14T19:41:25+00:00\" \/>\n<meta name=\"twitter:card\" content=\"summary_large_image\" \/>\n<meta name=\"twitter:label1\" content=\"Gesch\u00e4tzte Lesezeit\" \/>\n\t<meta name=\"twitter:data1\" content=\"1\u00a0Minute\" \/>\n<script type=\"application\/ld+json\" class=\"yoast-schema-graph\">{\"@context\":\"https:\/\/schema.org\",\"@graph\":[{\"@type\":\"Article\",\"@id\":\"http:\/\/denizcankizil.tr\/de\/haberler\/gundem\/inegol-belediyesinde-3-yeni-ofis-kuruldu\/#article\",\"isPartOf\":{\"@id\":\"http:\/\/denizcankizil.tr\/de\/haberler\/gundem\/inegol-belediyesinde-3-yeni-ofis-kuruldu\/\"},\"author\":{\"name\":\"\",\"@id\":\"\"},\"headline\":\"\u0130neg\u00f6l Belediyesi\u2019nde 3 Yeni Ofis Kuruldu\",\"datePublished\":\"2024-11-14T19:41:25+00:00\",\"mainEntityOfPage\":{\"@id\":\"http:\/\/denizcankizil.tr\/de\/haberler\/gundem\/inegol-belediyesinde-3-yeni-ofis-kuruldu\/\"},\"wordCount\":153,\"commentCount\":0,\"publisher\":{\"@id\":\"https:\/\/denizcankizil.tr\/#organization\"},\"articleSection\":[\"G\u00fcndem\",\"Uncategorized\"],\"inLanguage\":\"de\",\"potentialAction\":[{\"@type\":\"CommentAction\",\"name\":\"Comment\",\"target\":[\"http:\/\/denizcankizil.tr\/de\/haberler\/gundem\/inegol-belediyesinde-3-yeni-ofis-kuruldu\/#respond\"]}]},{\"@type\":\"WebPage\",\"@id\":\"http:\/\/denizcankizil.tr\/de\/haberler\/gundem\/inegol-belediyesinde-3-yeni-ofis-kuruldu\/\",\"url\":\"http:\/\/denizcankizil.tr\/de\/haberler\/gundem\/inegol-belediyesinde-3-yeni-ofis-kuruldu\/\",\"name\":\"\u0130neg\u00f6l Belediyesi\u2019nde 3 Yeni Ofis Kuruldu - Av. Deniz Can K\u0131z\u0131l\",\"isPartOf\":{\"@id\":\"https:\/\/denizcankizil.tr\/#website\"},\"datePublished\":\"2024-11-14T19:41:25+00:00\",\"breadcrumb\":{\"@id\":\"http:\/\/denizcankizil.tr\/de\/haberler\/gundem\/inegol-belediyesinde-3-yeni-ofis-kuruldu\/#breadcrumb\"},\"inLanguage\":\"de\",\"potentialAction\":[{\"@type\":\"ReadAction\",\"target\":[\"http:\/\/denizcankizil.tr\/de\/haberler\/gundem\/inegol-belediyesinde-3-yeni-ofis-kuruldu\/\"]}]},{\"@type\":\"BreadcrumbList\",\"@id\":\"http:\/\/denizcankizil.tr\/de\/haberler\/gundem\/inegol-belediyesinde-3-yeni-ofis-kuruldu\/#breadcrumb\",\"itemListElement\":[{\"@type\":\"ListItem\",\"position\":1,\"name\":\"Home\",\"item\":\"https:\/\/denizcankizil.tr\/de\/\"},{\"@type\":\"ListItem\",\"position\":2,\"name\":\"\u0130neg\u00f6l Belediyesi\u2019nde 3 Yeni Ofis Kuruldu\"}]},{\"@type\":\"WebSite\",\"@id\":\"https:\/\/denizcankizil.tr\/#website\",\"url\":\"https:\/\/denizcankizil.tr\/\",\"name\":\"Av. Deniz Can K\u0131z\u0131l\",\"description\":\"Avukat Deniz Can K\u0131z\u0131l Antalya Barosu\",\"publisher\":{\"@id\":\"https:\/\/denizcankizil.tr\/#organization\"},\"potentialAction\":[{\"@type\":\"SearchAction\",\"target\":{\"@type\":\"EntryPoint\",\"urlTemplate\":\"https:\/\/denizcankizil.tr\/?s={search_term_string}\"},\"query-input\":{\"@type\":\"PropertyValueSpecification\",\"valueRequired\":true,\"valueName\":\"search_term_string\"}}],\"inLanguage\":\"de\"},{\"@type\":\"Organization\",\"@id\":\"https:\/\/denizcankizil.tr\/#organization\",\"name\":\"Av. Deniz Can K\u0131z\u0131l\",\"url\":\"https:\/\/denizcankizil.tr\/\",\"logo\":{\"@type\":\"ImageObject\",\"inLanguage\":\"de\",\"@id\":\"https:\/\/denizcankizil.tr\/#\/schema\/logo\/image\/\",\"url\":\"http:\/\/denizcankizil.tr\/wp-content\/uploads\/2024\/10\/siyah-logo-svg.svg\",\"contentUrl\":\"http:\/\/denizcankizil.tr\/wp-content\/uploads\/2024\/10\/siyah-logo-svg.svg\",\"width\":1080,\"height\":1080,\"caption\":\"Av. Deniz Can K\u0131z\u0131l\"},\"image\":{\"@id\":\"https:\/\/denizcankizil.tr\/#\/schema\/logo\/image\/\"}}]}<\/script>\n<!-- \/ Yoast SEO Premium plugin. -->","yoast_head_json":{"title":"\u0130neg\u00f6l Belediyesi\u2019nde 3 Yeni Ofis Kuruldu - Av. Deniz Can K\u0131z\u0131l","robots":{"index":"index","follow":"follow","max-snippet":"max-snippet:-1","max-image-preview":"max-image-preview:large","max-video-preview":"max-video-preview:-1"},"canonical":"http:\/\/denizcankizil.tr\/de\/haberler\/gundem\/inegol-belediyesinde-3-yeni-ofis-kuruldu\/","og_locale":"de_DE","og_type":"article","og_title":"\u0130neg\u00f6l Belediyesi\u2019nde 3 Yeni Ofis Kuruldu","og_description":"\u0130neg\u00f6l Belediyesi b\u00fcnyesinde olu\u015fturulan AB ve D\u0131\u015f \u0130li\u015fkiler Ofisi, Yal\u0131n Ofis ve Marka Ofisi i\u00e7in lansman d\u00fczenlendi. Belediye Ba\u015fkan\u0131 Alper Taban, \u015fehrin fiziksel d\u00f6n\u00fc\u015f\u00fcm\u00fcn\u00fcn yan\u0131nda kurumsal d\u00f6n\u00fc\u015f\u00fcm\u00fc de kararl\u0131l\u0131kla y\u00fcr\u00fctt\u00fcklerini ifade ederek; \u201cYeni d\u00f6nemde bug\u00fcne kadar yapt\u0131klar\u0131m\u0131z\u0131n \u00fczerine koymaya devam edece\u011fiz\u201d dedi. \u200b\u0130neg\u00f6l Belediyesi b\u00fcnyesinde olu\u015fturulan AB ve D\u0131\u015f \u0130li\u015fkiler Ofisi, Yal\u0131n Ofis ve Marka Ofisi i\u00e7in lansman d\u00fczenlendi. Belediye Ba\u015fkan\u0131 Alper Taban, \u015fehrin fiziksel d\u00f6n\u00fc\u015f\u00fcm\u00fcn\u00fcn yan\u0131nda kurumsal d\u00f6n\u00fc\u015f\u00fcm\u00fc de kararl\u0131l\u0131kla y\u00fcr\u00fctt\u00fcklerini ifade ederek; \u201cYeni d\u00f6nemde bug\u00fcne kadar yapt\u0131klar\u0131m\u0131z\u0131n \u00fczerine koymaya devam edece\u011fiz\u201d dedi.\u00a0 \u200bHaberin Al\u0131nt\u0131land\u0131\u011f\u0131 Kaynak: www.iskenderun.org","og_url":"http:\/\/denizcankizil.tr\/de\/haberler\/gundem\/inegol-belediyesinde-3-yeni-ofis-kuruldu\/","og_site_name":"Av. Deniz Can K\u0131z\u0131l","article_published_time":"2024-11-14T19:41:25+00:00","twitter_card":"summary_large_image","twitter_misc":{"Gesch\u00e4tzte Lesezeit":"1\u00a0Minute"},"schema":{"@context":"https:\/\/schema.org","@graph":[{"@type":"Article","@id":"http:\/\/denizcankizil.tr\/de\/haberler\/gundem\/inegol-belediyesinde-3-yeni-ofis-kuruldu\/#article","isPartOf":{"@id":"http:\/\/denizcankizil.tr\/de\/haberler\/gundem\/inegol-belediyesinde-3-yeni-ofis-kuruldu\/"},"author":{"name":"","@id":""},"headline":"\u0130neg\u00f6l Belediyesi\u2019nde 3 Yeni Ofis Kuruldu","datePublished":"2024-11-14T19:41:25+00:00","mainEntityOfPage":{"@id":"http:\/\/denizcankizil.tr\/de\/haberler\/gundem\/inegol-belediyesinde-3-yeni-ofis-kuruldu\/"},"wordCount":153,"commentCount":0,"publisher":{"@id":"https:\/\/denizcankizil.tr\/#organization"},"articleSection":["G\u00fcndem","Uncategorized"],"inLanguage":"de","potentialAction":[{"@type":"CommentAction","name":"Comment","target":["http:\/\/denizcankizil.tr\/de\/haberler\/gundem\/inegol-belediyesinde-3-yeni-ofis-kuruldu\/#respond"]}]},{"@type":"WebPage","@id":"http:\/\/denizcankizil.tr\/de\/haberler\/gundem\/inegol-belediyesinde-3-yeni-ofis-kuruldu\/","url":"http:\/\/denizcankizil.tr\/de\/haberler\/gundem\/inegol-belediyesinde-3-yeni-ofis-kuruldu\/","name":"\u0130neg\u00f6l Belediyesi\u2019nde 3 Yeni Ofis Kuruldu - Av. Deniz Can K\u0131z\u0131l","isPartOf":{"@id":"https:\/\/denizcankizil.tr\/#website"},"datePublished":"2024-11-14T19:41:25+00:00","breadcrumb":{"@id":"http:\/\/denizcankizil.tr\/de\/haberler\/gundem\/inegol-belediyesinde-3-yeni-ofis-kuruldu\/#breadcrumb"},"inLanguage":"de","potentialAction":[{"@type":"ReadAction","target":["http:\/\/denizcankizil.tr\/de\/haberler\/gundem\/inegol-belediyesinde-3-yeni-ofis-kuruldu\/"]}]},{"@type":"BreadcrumbList","@id":"http:\/\/denizcankizil.tr\/de\/haberler\/gundem\/inegol-belediyesinde-3-yeni-ofis-kuruldu\/#breadcrumb","itemListElement":[{"@type":"ListItem","position":1,"name":"Home","item":"https:\/\/denizcankizil.tr\/de\/"},{"@type":"ListItem","position":2,"name":"\u0130neg\u00f6l Belediyesi\u2019nde 3 Yeni Ofis Kuruldu"}]},{"@type":"WebSite","@id":"https:\/\/denizcankizil.tr\/#website","url":"https:\/\/denizcankizil.tr\/","name":"Av. Deniz Can K\u0131z\u0131l","description":"Avukat Deniz Can K\u0131z\u0131l Antalya Barosu","publisher":{"@id":"https:\/\/denizcankizil.tr\/#organization"},"potentialAction":[{"@type":"SearchAction","target":{"@type":"EntryPoint","urlTemplate":"https:\/\/denizcankizil.tr\/?s={search_term_string}"},"query-input":{"@type":"PropertyValueSpecification","valueRequired":true,"valueName":"search_term_string"}}],"inLanguage":"de"},{"@type":"Organization","@id":"https:\/\/denizcankizil.tr\/#organization","name":"Av. Deniz Can K\u0131z\u0131l","url":"https:\/\/denizcankizil.tr\/","logo":{"@type":"ImageObject","inLanguage":"de","@id":"https:\/\/denizcankizil.tr\/#\/schema\/logo\/image\/","url":"http:\/\/denizcankizil.tr\/wp-content\/uploads\/2024\/10\/siyah-logo-svg.svg","contentUrl":"http:\/\/denizcankizil.tr\/wp-content\/uploads\/2024\/10\/siyah-logo-svg.svg","width":1080,"height":1080,"caption":"Av. Deniz Can K\u0131z\u0131l"},"image":{"@id":"https:\/\/denizcankizil.tr\/#\/schema\/logo\/image\/"}}]}},"_links":{"self":[{"href":"http:\/\/denizcankizil.tr\/de\/wp-json\/wp\/v2\/posts\/15936","targetHints":{"allow":["GET"]}}],"collection":[{"href":"http:\/\/denizcankizil.tr\/de\/wp-json\/wp\/v2\/posts"}],"about":[{"href":"http:\/\/denizcankizil.tr\/de\/wp-json\/wp\/v2\/types\/post"}],"replies":[{"embeddable":true,"href":"http:\/\/denizcankizil.tr\/de\/wp-json\/wp\/v2\/comments?post=15936"}],"version-history":[{"count":0,"href":"http:\/\/denizcankizil.tr\/de\/wp-json\/wp\/v2\/posts\/15936\/revisions"}],"wp:attachment":[{"href":"http:\/\/denizcankizil.tr\/de\/wp-json\/wp\/v2\/media?parent=15936"}],"wp:term":[{"taxonomy":"category","embeddable":true,"href":"http:\/\/denizcankizil.tr\/de\/wp-json\/wp\/v2\/categories?post=15936"},{"taxonomy":"post_tag","embeddable":true,"href":"http:\/\/denizcankizil.tr\/de\/wp-json\/wp\/v2\/tags?post=15936"}],"curies":[{"name":"wp","href":"https:\/\/api.w.org\/{rel}","templated":true}]}}