{"id":15585,"date":"2024-11-11T22:41:30","date_gmt":"2024-11-11T19:41:30","guid":{"rendered":"https:\/\/denizcankizil.tr\/uncategorized-tr\/oppo-find-x8-serisi-ile-akilli-telefonlarda-yeni-bir-donem-baslatiyor\/"},"modified":"2024-11-11T22:41:30","modified_gmt":"2024-11-11T19:41:30","slug":"oppo-find-x8-serisi-ile-akilli-telefonlarda-yeni-bir-donem-baslatiyor","status":"publish","type":"post","link":"http:\/\/denizcankizil.tr\/de\/haberler\/gundem\/oppo-find-x8-serisi-ile-akilli-telefonlarda-yeni-bir-donem-baslatiyor\/","title":{"rendered":"OPPO, Find X8 Serisi ile ak\u0131ll\u0131 telefonlarda yeni bir d\u00f6nem ba\u015flat\u0131yor"},"content":{"rendered":"<p>OPPO, yeni amiral gemisi Find X8 Serisi ve en son yaz\u0131l\u0131m\u0131 ColorOS 15\u2019i, 21 Kas\u0131m 2024 tarihinde Endonezya&#8217;n\u0131n Bali \u015fehrinde ger\u00e7ekle\u015ftirece\u011fi k\u00fcresel lansman etkinli\u011fiyle tan\u0131tacak. OPPO, Find X8 ve Find X8 Pro modelleri ile ak\u0131ll\u0131 telefon sekt\u00f6r\u00fcne y\u00f6n verecek ve kullan\u0131c\u0131 deneyiminde \u00e7\u0131\u011f\u0131r a\u00e7acak inovasyonlar sunmaya haz\u0131rlan\u0131yor.<\/p>\n<p>\u200bOPPO, yeni amiral gemisi Find X8 Serisi ve en son yaz\u0131l\u0131m\u0131 ColorOS 15\u2019i, 21 Kas\u0131m 2024 tarihinde Endonezya&#8217;n\u0131n Bali \u015fehrinde ger\u00e7ekle\u015ftirece\u011fi k\u00fcresel lansman etkinli\u011fiyle tan\u0131tacak. OPPO, Find X8 ve Find X8 Pro modelleri ile ak\u0131ll\u0131 telefon sekt\u00f6r\u00fcne y\u00f6n verecek ve kullan\u0131c\u0131 deneyiminde \u00e7\u0131\u011f\u0131r a\u00e7acak inovasyonlar sunmaya haz\u0131rlan\u0131yor.\u00a0<\/p>\n<p>\u200bHaberin Al\u0131nt\u0131land\u0131\u011f\u0131 Kaynak: www.iskenderun.org<\/p>","protected":false},"excerpt":{"rendered":"<p>OPPO, yeni amiral gemisi Find X8 Serisi ve en son yaz\u0131l\u0131m\u0131 ColorOS 15\u2019i, 21 Kas\u0131m 2024 tarihinde Endonezya&#8217;n\u0131n Bali \u015fehrinde ger\u00e7ekle\u015ftirece\u011fi k\u00fcresel lansman etkinli\u011fiyle tan\u0131tacak. OPPO, Find X8 ve Find X8 Pro modelleri ile ak\u0131ll\u0131 telefon sekt\u00f6r\u00fcne y\u00f6n verecek ve kullan\u0131c\u0131 deneyiminde \u00e7\u0131\u011f\u0131r a\u00e7acak inovasyonlar sunmaya haz\u0131rlan\u0131yor. \u200bOPPO, yeni amiral gemisi Find X8 Serisi ve en son yaz\u0131l\u0131m\u0131 ColorOS 15\u2019i, 21 Kas\u0131m 2024 tarihinde Endonezya&#8217;n\u0131n Bali \u015fehrinde ger\u00e7ekle\u015ftirece\u011fi k\u00fcresel lansman etkinli\u011fiyle tan\u0131tacak. OPPO, Find X8 ve Find X8 Pro modelleri ile ak\u0131ll\u0131 telefon sekt\u00f6r\u00fcne y\u00f6n verecek ve kullan\u0131c\u0131 deneyiminde \u00e7\u0131\u011f\u0131r a\u00e7acak inovasyonlar sunmaya haz\u0131rlan\u0131yor.\u00a0 \u200bHaberin Al\u0131nt\u0131land\u0131\u011f\u0131 Kaynak: www.iskenderun.org<\/p>","protected":false},"author":0,"featured_media":0,"comment_status":"open","ping_status":"open","sticky":false,"template":"","format":"standard","meta":{"_acf_changed":false,"footnotes":""},"categories":[24,535],"tags":[],"class_list":["post-15585","post","type-post","status-publish","format-standard","has-post-thumbnail","hentry","category-gundem","category-uncategorized-tr"],"acf":[],"yoast_head":"<!-- This site is optimized with the Yoast SEO Premium plugin v26.6 (Yoast SEO v27.1.1) - https:\/\/yoast.com\/product\/yoast-seo-premium-wordpress\/ -->\n<title>OPPO, Find X8 Serisi ile ak\u0131ll\u0131 telefonlarda yeni bir d\u00f6nem ba\u015flat\u0131yor - Av. Deniz Can K\u0131z\u0131l<\/title>\n<meta name=\"robots\" content=\"index, follow, max-snippet:-1, max-image-preview:large, max-video-preview:-1\" \/>\n<link rel=\"canonical\" href=\"https:\/\/denizcankizil.tr\/de\/haberler\/gundem\/oppo-find-x8-serisi-ile-akilli-telefonlarda-yeni-bir-donem-baslatiyor\/\" \/>\n<meta property=\"og:locale\" content=\"de_DE\" \/>\n<meta property=\"og:type\" content=\"article\" \/>\n<meta property=\"og:title\" content=\"OPPO, Find X8 Serisi ile ak\u0131ll\u0131 telefonlarda yeni bir d\u00f6nem ba\u015flat\u0131yor\" \/>\n<meta property=\"og:description\" content=\"OPPO, yeni amiral gemisi Find X8 Serisi ve en son yaz\u0131l\u0131m\u0131 ColorOS 15\u2019i, 21 Kas\u0131m 2024 tarihinde Endonezya&#8217;n\u0131n Bali \u015fehrinde ger\u00e7ekle\u015ftirece\u011fi k\u00fcresel lansman etkinli\u011fiyle tan\u0131tacak. OPPO, Find X8 ve Find X8 Pro modelleri ile ak\u0131ll\u0131 telefon sekt\u00f6r\u00fcne y\u00f6n verecek ve kullan\u0131c\u0131 deneyiminde \u00e7\u0131\u011f\u0131r a\u00e7acak inovasyonlar sunmaya haz\u0131rlan\u0131yor. \u200bOPPO, yeni amiral gemisi Find X8 Serisi ve en son yaz\u0131l\u0131m\u0131 ColorOS 15\u2019i, 21 Kas\u0131m 2024 tarihinde Endonezya&#8217;n\u0131n Bali \u015fehrinde ger\u00e7ekle\u015ftirece\u011fi k\u00fcresel lansman etkinli\u011fiyle tan\u0131tacak. OPPO, Find X8 ve Find X8 Pro modelleri ile ak\u0131ll\u0131 telefon sekt\u00f6r\u00fcne y\u00f6n verecek ve kullan\u0131c\u0131 deneyiminde \u00e7\u0131\u011f\u0131r a\u00e7acak inovasyonlar sunmaya haz\u0131rlan\u0131yor.\u00a0 \u200bHaberin Al\u0131nt\u0131land\u0131\u011f\u0131 Kaynak: www.iskenderun.org\" \/>\n<meta property=\"og:url\" content=\"https:\/\/denizcankizil.tr\/de\/haberler\/gundem\/oppo-find-x8-serisi-ile-akilli-telefonlarda-yeni-bir-donem-baslatiyor\/\" \/>\n<meta property=\"og:site_name\" content=\"Av. Deniz Can K\u0131z\u0131l\" \/>\n<meta property=\"article:published_time\" content=\"2024-11-11T19:41:30+00:00\" \/>\n<meta name=\"twitter:card\" content=\"summary_large_image\" \/>\n<meta name=\"twitter:label1\" content=\"Gesch\u00e4tzte Lesezeit\" \/>\n\t<meta name=\"twitter:data1\" content=\"1\u00a0Minute\" \/>\n<script type=\"application\/ld+json\" class=\"yoast-schema-graph\">{\"@context\":\"https:\/\/schema.org\",\"@graph\":[{\"@type\":\"Article\",\"@id\":\"https:\/\/denizcankizil.tr\/ru\/haberler\/gundem\/oppo-find-x8-serisi-ile-akilli-telefonlarda-yeni-bir-donem-baslatiyor\/#article\",\"isPartOf\":{\"@id\":\"https:\/\/denizcankizil.tr\/ru\/haberler\/gundem\/oppo-find-x8-serisi-ile-akilli-telefonlarda-yeni-bir-donem-baslatiyor\/\"},\"author\":{\"name\":\"\",\"@id\":\"\"},\"headline\":\"OPPO, Find X8 Serisi ile ak\u0131ll\u0131 telefonlarda yeni bir d\u00f6nem ba\u015flat\u0131yor\",\"datePublished\":\"2024-11-11T19:41:30+00:00\",\"mainEntityOfPage\":{\"@id\":\"https:\/\/denizcankizil.tr\/ru\/haberler\/gundem\/oppo-find-x8-serisi-ile-akilli-telefonlarda-yeni-bir-donem-baslatiyor\/\"},\"wordCount\":151,\"commentCount\":0,\"publisher\":{\"@id\":\"https:\/\/denizcankizil.tr\/de\/#organization\"},\"articleSection\":[\"G\u00fcndem\",\"Uncategorized\"],\"inLanguage\":\"de\",\"potentialAction\":[{\"@type\":\"CommentAction\",\"name\":\"Comment\",\"target\":[\"https:\/\/denizcankizil.tr\/ru\/haberler\/gundem\/oppo-find-x8-serisi-ile-akilli-telefonlarda-yeni-bir-donem-baslatiyor\/#respond\"]}]},{\"@type\":\"WebPage\",\"@id\":\"https:\/\/denizcankizil.tr\/ru\/haberler\/gundem\/oppo-find-x8-serisi-ile-akilli-telefonlarda-yeni-bir-donem-baslatiyor\/\",\"url\":\"https:\/\/denizcankizil.tr\/ru\/haberler\/gundem\/oppo-find-x8-serisi-ile-akilli-telefonlarda-yeni-bir-donem-baslatiyor\/\",\"name\":\"OPPO, Find X8 Serisi ile ak\u0131ll\u0131 telefonlarda yeni bir d\u00f6nem ba\u015flat\u0131yor - Av. Deniz Can K\u0131z\u0131l\",\"isPartOf\":{\"@id\":\"https:\/\/denizcankizil.tr\/de\/#website\"},\"datePublished\":\"2024-11-11T19:41:30+00:00\",\"breadcrumb\":{\"@id\":\"https:\/\/denizcankizil.tr\/ru\/haberler\/gundem\/oppo-find-x8-serisi-ile-akilli-telefonlarda-yeni-bir-donem-baslatiyor\/#breadcrumb\"},\"inLanguage\":\"de\",\"potentialAction\":[{\"@type\":\"ReadAction\",\"target\":[\"https:\/\/denizcankizil.tr\/ru\/haberler\/gundem\/oppo-find-x8-serisi-ile-akilli-telefonlarda-yeni-bir-donem-baslatiyor\/\"]}]},{\"@type\":\"BreadcrumbList\",\"@id\":\"https:\/\/denizcankizil.tr\/ru\/haberler\/gundem\/oppo-find-x8-serisi-ile-akilli-telefonlarda-yeni-bir-donem-baslatiyor\/#breadcrumb\",\"itemListElement\":[{\"@type\":\"ListItem\",\"position\":1,\"name\":\"Home\",\"item\":\"https:\/\/denizcankizil.tr\/de\/\"},{\"@type\":\"ListItem\",\"position\":2,\"name\":\"OPPO, Find X8 Serisi ile ak\u0131ll\u0131 telefonlarda yeni bir d\u00f6nem ba\u015flat\u0131yor\"}]},{\"@type\":\"WebSite\",\"@id\":\"https:\/\/denizcankizil.tr\/de\/#website\",\"url\":\"https:\/\/denizcankizil.tr\/de\/\",\"name\":\"Av. Deniz Can K\u0131z\u0131l\",\"description\":\"Avukat Deniz Can K\u0131z\u0131l Antalya Barosu\",\"publisher\":{\"@id\":\"https:\/\/denizcankizil.tr\/de\/#organization\"},\"potentialAction\":[{\"@type\":\"SearchAction\",\"target\":{\"@type\":\"EntryPoint\",\"urlTemplate\":\"https:\/\/denizcankizil.tr\/de\/?s={search_term_string}\"},\"query-input\":{\"@type\":\"PropertyValueSpecification\",\"valueRequired\":true,\"valueName\":\"search_term_string\"}}],\"inLanguage\":\"de\"},{\"@type\":\"Organization\",\"@id\":\"https:\/\/denizcankizil.tr\/de\/#organization\",\"name\":\"Av. Deniz Can K\u0131z\u0131l\",\"url\":\"https:\/\/denizcankizil.tr\/de\/\",\"logo\":{\"@type\":\"ImageObject\",\"inLanguage\":\"de\",\"@id\":\"https:\/\/denizcankizil.tr\/de\/#\/schema\/logo\/image\/\",\"url\":\"http:\/\/denizcankizil.tr\/wp-content\/uploads\/2024\/10\/siyah-logo-svg.svg\",\"contentUrl\":\"http:\/\/denizcankizil.tr\/wp-content\/uploads\/2024\/10\/siyah-logo-svg.svg\",\"width\":1080,\"height\":1080,\"caption\":\"Av. Deniz Can K\u0131z\u0131l\"},\"image\":{\"@id\":\"https:\/\/denizcankizil.tr\/de\/#\/schema\/logo\/image\/\"}}]}<\/script>\n<!-- \/ Yoast SEO Premium plugin. -->","yoast_head_json":{"title":"OPPO, Find X8 Serisi ile ak\u0131ll\u0131 telefonlarda yeni bir d\u00f6nem ba\u015flat\u0131yor - Av. Deniz Can K\u0131z\u0131l","robots":{"index":"index","follow":"follow","max-snippet":"max-snippet:-1","max-image-preview":"max-image-preview:large","max-video-preview":"max-video-preview:-1"},"canonical":"https:\/\/denizcankizil.tr\/de\/haberler\/gundem\/oppo-find-x8-serisi-ile-akilli-telefonlarda-yeni-bir-donem-baslatiyor\/","og_locale":"de_DE","og_type":"article","og_title":"OPPO, Find X8 Serisi ile ak\u0131ll\u0131 telefonlarda yeni bir d\u00f6nem ba\u015flat\u0131yor","og_description":"OPPO, yeni amiral gemisi Find X8 Serisi ve en son yaz\u0131l\u0131m\u0131 ColorOS 15\u2019i, 21 Kas\u0131m 2024 tarihinde Endonezya&#8217;n\u0131n Bali \u015fehrinde ger\u00e7ekle\u015ftirece\u011fi k\u00fcresel lansman etkinli\u011fiyle tan\u0131tacak. OPPO, Find X8 ve Find X8 Pro modelleri ile ak\u0131ll\u0131 telefon sekt\u00f6r\u00fcne y\u00f6n verecek ve kullan\u0131c\u0131 deneyiminde \u00e7\u0131\u011f\u0131r a\u00e7acak inovasyonlar sunmaya haz\u0131rlan\u0131yor. \u200bOPPO, yeni amiral gemisi Find X8 Serisi ve en son yaz\u0131l\u0131m\u0131 ColorOS 15\u2019i, 21 Kas\u0131m 2024 tarihinde Endonezya&#8217;n\u0131n Bali \u015fehrinde ger\u00e7ekle\u015ftirece\u011fi k\u00fcresel lansman etkinli\u011fiyle tan\u0131tacak. OPPO, Find X8 ve Find X8 Pro modelleri ile ak\u0131ll\u0131 telefon sekt\u00f6r\u00fcne y\u00f6n verecek ve kullan\u0131c\u0131 deneyiminde \u00e7\u0131\u011f\u0131r a\u00e7acak inovasyonlar sunmaya haz\u0131rlan\u0131yor.\u00a0 \u200bHaberin Al\u0131nt\u0131land\u0131\u011f\u0131 Kaynak: www.iskenderun.org","og_url":"https:\/\/denizcankizil.tr\/de\/haberler\/gundem\/oppo-find-x8-serisi-ile-akilli-telefonlarda-yeni-bir-donem-baslatiyor\/","og_site_name":"Av. Deniz Can K\u0131z\u0131l","article_published_time":"2024-11-11T19:41:30+00:00","twitter_card":"summary_large_image","twitter_misc":{"Gesch\u00e4tzte Lesezeit":"1\u00a0Minute"},"schema":{"@context":"https:\/\/schema.org","@graph":[{"@type":"Article","@id":"https:\/\/denizcankizil.tr\/ru\/haberler\/gundem\/oppo-find-x8-serisi-ile-akilli-telefonlarda-yeni-bir-donem-baslatiyor\/#article","isPartOf":{"@id":"https:\/\/denizcankizil.tr\/ru\/haberler\/gundem\/oppo-find-x8-serisi-ile-akilli-telefonlarda-yeni-bir-donem-baslatiyor\/"},"author":{"name":"","@id":""},"headline":"OPPO, Find X8 Serisi ile ak\u0131ll\u0131 telefonlarda yeni bir d\u00f6nem ba\u015flat\u0131yor","datePublished":"2024-11-11T19:41:30+00:00","mainEntityOfPage":{"@id":"https:\/\/denizcankizil.tr\/ru\/haberler\/gundem\/oppo-find-x8-serisi-ile-akilli-telefonlarda-yeni-bir-donem-baslatiyor\/"},"wordCount":151,"commentCount":0,"publisher":{"@id":"https:\/\/denizcankizil.tr\/de\/#organization"},"articleSection":["G\u00fcndem","Uncategorized"],"inLanguage":"de","potentialAction":[{"@type":"CommentAction","name":"Comment","target":["https:\/\/denizcankizil.tr\/ru\/haberler\/gundem\/oppo-find-x8-serisi-ile-akilli-telefonlarda-yeni-bir-donem-baslatiyor\/#respond"]}]},{"@type":"WebPage","@id":"https:\/\/denizcankizil.tr\/ru\/haberler\/gundem\/oppo-find-x8-serisi-ile-akilli-telefonlarda-yeni-bir-donem-baslatiyor\/","url":"https:\/\/denizcankizil.tr\/ru\/haberler\/gundem\/oppo-find-x8-serisi-ile-akilli-telefonlarda-yeni-bir-donem-baslatiyor\/","name":"OPPO, Find X8 Serisi ile ak\u0131ll\u0131 telefonlarda yeni bir d\u00f6nem ba\u015flat\u0131yor - Av. Deniz Can K\u0131z\u0131l","isPartOf":{"@id":"https:\/\/denizcankizil.tr\/de\/#website"},"datePublished":"2024-11-11T19:41:30+00:00","breadcrumb":{"@id":"https:\/\/denizcankizil.tr\/ru\/haberler\/gundem\/oppo-find-x8-serisi-ile-akilli-telefonlarda-yeni-bir-donem-baslatiyor\/#breadcrumb"},"inLanguage":"de","potentialAction":[{"@type":"ReadAction","target":["https:\/\/denizcankizil.tr\/ru\/haberler\/gundem\/oppo-find-x8-serisi-ile-akilli-telefonlarda-yeni-bir-donem-baslatiyor\/"]}]},{"@type":"BreadcrumbList","@id":"https:\/\/denizcankizil.tr\/ru\/haberler\/gundem\/oppo-find-x8-serisi-ile-akilli-telefonlarda-yeni-bir-donem-baslatiyor\/#breadcrumb","itemListElement":[{"@type":"ListItem","position":1,"name":"Home","item":"https:\/\/denizcankizil.tr\/de\/"},{"@type":"ListItem","position":2,"name":"OPPO, Find X8 Serisi ile ak\u0131ll\u0131 telefonlarda yeni bir d\u00f6nem ba\u015flat\u0131yor"}]},{"@type":"WebSite","@id":"https:\/\/denizcankizil.tr\/de\/#website","url":"https:\/\/denizcankizil.tr\/de\/","name":"Av. Deniz Can K\u0131z\u0131l","description":"Avukat Deniz Can K\u0131z\u0131l Antalya Barosu","publisher":{"@id":"https:\/\/denizcankizil.tr\/de\/#organization"},"potentialAction":[{"@type":"SearchAction","target":{"@type":"EntryPoint","urlTemplate":"https:\/\/denizcankizil.tr\/de\/?s={search_term_string}"},"query-input":{"@type":"PropertyValueSpecification","valueRequired":true,"valueName":"search_term_string"}}],"inLanguage":"de"},{"@type":"Organization","@id":"https:\/\/denizcankizil.tr\/de\/#organization","name":"Av. Deniz Can K\u0131z\u0131l","url":"https:\/\/denizcankizil.tr\/de\/","logo":{"@type":"ImageObject","inLanguage":"de","@id":"https:\/\/denizcankizil.tr\/de\/#\/schema\/logo\/image\/","url":"http:\/\/denizcankizil.tr\/wp-content\/uploads\/2024\/10\/siyah-logo-svg.svg","contentUrl":"http:\/\/denizcankizil.tr\/wp-content\/uploads\/2024\/10\/siyah-logo-svg.svg","width":1080,"height":1080,"caption":"Av. Deniz Can K\u0131z\u0131l"},"image":{"@id":"https:\/\/denizcankizil.tr\/de\/#\/schema\/logo\/image\/"}}]}},"_links":{"self":[{"href":"http:\/\/denizcankizil.tr\/de\/wp-json\/wp\/v2\/posts\/15585","targetHints":{"allow":["GET"]}}],"collection":[{"href":"http:\/\/denizcankizil.tr\/de\/wp-json\/wp\/v2\/posts"}],"about":[{"href":"http:\/\/denizcankizil.tr\/de\/wp-json\/wp\/v2\/types\/post"}],"replies":[{"embeddable":true,"href":"http:\/\/denizcankizil.tr\/de\/wp-json\/wp\/v2\/comments?post=15585"}],"version-history":[{"count":0,"href":"http:\/\/denizcankizil.tr\/de\/wp-json\/wp\/v2\/posts\/15585\/revisions"}],"wp:attachment":[{"href":"http:\/\/denizcankizil.tr\/de\/wp-json\/wp\/v2\/media?parent=15585"}],"wp:term":[{"taxonomy":"category","embeddable":true,"href":"http:\/\/denizcankizil.tr\/de\/wp-json\/wp\/v2\/categories?post=15585"},{"taxonomy":"post_tag","embeddable":true,"href":"http:\/\/denizcankizil.tr\/de\/wp-json\/wp\/v2\/tags?post=15585"}],"curies":[{"name":"wp","href":"https:\/\/api.w.org\/{rel}","templated":true}]}}