{"id":15500,"date":"2024-11-11T09:42:39","date_gmt":"2024-11-11T06:42:39","guid":{"rendered":"https:\/\/denizcankizil.tr\/uncategorized-tr\/mardin-nusaybinin-yildizi-parlayacak\/"},"modified":"2024-11-11T09:42:39","modified_gmt":"2024-11-11T06:42:39","slug":"mardin-nusaybinin-yildizi-parlayacak","status":"publish","type":"post","link":"http:\/\/denizcankizil.tr\/de\/haberler\/gundem\/mardin-nusaybinin-yildizi-parlayacak\/","title":{"rendered":"Mardin Nusaybin&#8217;in Y\u0131ld\u0131z&#8217;\u0131 parlayacak"},"content":{"rendered":"<p>\u00d6nceki d\u00f6nem Mardin Nusaybin \u0130l\u00e7e Ba\u015fkan\u0131 Latif \u00d6zel\u2019in istifas\u0131n\u0131 sunmas\u0131n\u0131n ard\u0131ndan AK Parti Genel Merkez Te\u015fkilat Ba\u015fkanl\u0131\u011f\u0131 taraf\u0131ndan Nusaybin \u0130l\u00e7e Ba\u015fkanl\u0131\u011f\u0131\u2019na \u0130rfan Y\u0131ld\u0131zo\u011flu atand\u0131.\u00a0\u015eehmus ED\u0130S (MARD\u0130N \u0130GFA)AK Parti Mardin Nusaybin 8. Ola\u011fan \u0130l\u00e7e Kongresi\u2019de ger\u00e7ekle\u015ftirilerek yeni d\u00f6neme ge\u00e7ilmi\u015f oldu. AK Parti te\u015fkilatlar\u0131n\u0131n ve vatanda\u015flar\u0131n b\u00fcy\u00fck bir kat\u0131l\u0131m g\u00f6sterdi\u011fi kongrede bir konu\u015fma yapan Mardin Milletvekili Faruk k\u0131l\u0131\u00e7 \u00f6nemli a\u00e7\u0131klamalarda bulundu. Mardin Milletvekili Faruk K\u0131l\u0131\u00e7 kongrede yapt\u0131\u011f\u0131 a\u00e7\u0131klamalarda, \u201cKadim medeniyetlere ev sahipli\u011fi yapm\u0131\u015f, ticaretin bolca yap\u0131ld\u0131\u011f\u0131, e\u011fitim ve \u00f6\u011fretimin yuvas\u0131 niteli\u011finde bulunan Nusaybin il\u00e7emizde sizlerle bir arada olmak b\u00fcy\u00fck mutluluk duydu\u011funu s\u00f6yledi.<br \/>\nYaln\u0131z il\u00e7emizin s\u0131n\u0131rlara yak\u0131n olmas\u0131 ve buna istinaden bu s\u0131n\u0131rlar\u0131n \u00f6tesinde bulunan tats\u0131z hadiselerin s\u00fcrekli olu\u015fmas\u0131 bir\u00e7ok aksamaya neden oldu\u011funa dikkat \u00e7eken K\u0131l\u0131\u00e7,\u201d \u00a0Aksi durumda ticaret merkezi niteli\u011finde bulunan Nusaybin belki de \u00e7ok daha farkl\u0131 bir konumda yer alacakt\u0131. Yak\u0131n zamanda Nusaybin\u2019de ya\u015fanan dramatik tabloyu hi\u00e7bir zaman unutmad\u0131k. Veren ellerin nas\u0131lda alan ellere d\u00f6n\u00fc\u015ft\u00fc\u011f\u00fcn\u00fc ve bu topraklar\u0131n ger\u00e7ek sahiplerinin nas\u0131l da g\u00f6zya\u015flar\u0131 i\u00e7erisinde terk ettiklerini hep birlikte g\u00f6rd\u00fck. Ge\u00e7mi\u015f d\u00f6nemlerde akraba toplulu\u011fu olarak kabul etti\u011fimiz buralardan gelen havan topu at\u0131\u015flar\u0131 ve roketlerle \u015fehitler verdik. Yan\u0131 ba\u015f\u0131m\u0131zda akraba bildi\u011fimiz, karde\u015f dedi\u011fimiz insanlardan biz bunu g\u00f6rd\u00fck ve o g\u00fcnleri asla unutmad\u0131k. \u00c7ukur olaylar\u0131nda Nusaybin\u2019in yerle bir oldu\u011fu d\u00f6nemler haf\u0131zalardaki yerini g\u00fcn gibi koruyor. \u0130\u015fte Nusaybin\u2019i yerle bir eden, harabeye d\u00f6n\u00fc\u015ft\u00fcren o zihniyetin yapt\u0131\u011f\u0131 tahribatlar\u0131, y\u0131k\u0131lan evleri devletimiz yani AK Parti h\u00fck\u00fcmetleri vatanda\u015f\u0131n\u0131n yan\u0131nda durarak yeniden in\u015fa etti. Ter\u00f6r\u00fcn her t\u00fcrl\u00fc bask\u0131lar\u0131na ra\u011fmen in\u015fa etti. \u00c7\u00fcnk\u00fc liderimiz Say\u0131n Recep Tayyip Erdo\u011fanl\u0131 AK Parti insan\u0131 yarat\u0131landan \u00f6t\u00fcr\u00fc severek y\u0131k\u0131lan\u0131 yeniden yapt\u0131 ve daha iyisiyle yapt\u0131. Fakat yine \u00f6yle bir noktaya gelindi ki yap\u0131lan konutlar\u0131n anahtar teslimi t\u00f6renine kat\u0131l\u0131m\u0131n \u00e7ok az olmas\u0131 yine morallerin bozulmas\u0131 ile birlikte o d\u00f6nemde ideolojinin daha bitmedi\u011finin g\u00f6stergesi oldu\u201d dedi.<\/p>\n<p>NUSAYB\u0130N\u2019E H\u0130ZMETTE SINIR TANIMADIK<br \/>\n\u00a0Her \u015feye ra\u011fmen Nusaybin il\u00e7esine ba\u011fl\u0131 t\u00fcm k\u0131rsal mahallere ciddi hizmetler yap\u0131ld\u0131\u011f\u0131n\u0131 kaydeden K\u0131l\u0131\u00e7,\u201d \u00a0Merkez mahallelerimizin tamam\u0131 ve k\u0131rsal mahallelerimizin tamam\u0131na yak\u0131n\u0131 parke ta\u015flar\u0131yla d\u00f6\u015fendi. Ge\u00e7mi\u015fte b\u00fcy\u00fck s\u0131k\u0131nt\u0131lara neden kanalizasyon sistemi tamamland\u0131. Milli parklar\u0131n yan\u0131nda k\u0131rsal mahalleler dahil olmak \u00fczere her yere \u00e7ocuk oyun alanlar\u0131 yap\u0131ld\u0131. Tam te\u015fekk\u00fcll\u00fc devlet hastanesi, di\u015f hastanesi hizmete a\u00e7\u0131ld\u0131. Yediden yetmi\u015fe ihtiya\u00e7 sahibi olan herkes i\u00e7in \u00e7ok \u00f6nemli sosyal yard\u0131mlar yap\u0131ld\u0131. Gen\u00e7lik merkezi, yar\u0131 olimpik y\u00fczme havuzlar\u0131 ve daha sayamad\u0131\u011f\u0131m\u0131z bir\u00e7ok yat\u0131r\u0131m Nusaybinli vatanda\u015flar\u0131m\u0131z\u0131n hizmetine sunuldu. Ayr\u0131ca herkesin b\u00fcy\u00fck bir heyecanla bekledi\u011fi a\u011f\u0131z di\u015f sa\u011fl\u0131k merkezi yak\u0131n zamanda Nusaybinli vatanda\u015flar\u0131m\u0131z\u0131n hizmetine sunulmu\u015f olacak. T\u00fcm bunlar eski g\u00fcnlerin ac\u0131l\u0131 tablolar\u0131n\u0131 bertaraf etmek ve art\u0131k Nusaybin\u2019in eski g\u00fcnlerine d\u00f6nmemesinin yan\u0131nda Nusaybin\u2019in ger\u00e7ek siluetinin ortaya \u00e7\u0131kar\u0131lmas\u0131 i\u00e7in yap\u0131ld\u0131. Yap\u0131lan bu hizmetler ge\u00e7mi\u015fte HDP diye bildi\u011fimiz partinin hizmet yapmayan belediyesinin aksine kayyumun yapt\u0131\u011f\u0131n\u0131, AK Parti\u2019nin yapt\u0131\u011f\u0131n\u0131 \u00f6zellikle vurgulamak istiyorum.\u201d ifadelerini kulland\u0131.<br \/>\nAK Parti&#8217;nin\u00a0kuruldu\u011fu g\u00fcnden beri K\u00fcrt, T\u00fcrk, Arap, \u00c7erkez veya Laz ay\u0131r\u0131m\u0131na asla gitmedi\u011fini vurgulayan K\u0131l\u0131\u00e7 a\u00e7\u0131klamalar\u0131na \u015f\u00f6yle devam etti.\u201d \u00a0Nusaybin halk\u0131n\u0131n kendi topraklar\u0131n\u0131 terk ederken ac\u0131 \u00e7ektiklerini, g\u00f6zya\u015f\u0131 d\u00f6kt\u00fck.\u00a0E\u015fitlik ve b\u00fct\u00fcnl\u00fck ilkesi \u00e7er\u00e7evesinde her yere hizmet g\u00f6t\u00fcrd\u00fc. K\u00fcrt vatanda\u015flar\u0131m\u0131z\u0131n t\u00fcm \u00f6zl\u00fck haklar\u0131n\u0131 garantiye ald\u0131. Zaman\u0131nda leh\u00e7eleri nedeniyle haks\u0131zl\u0131\u011fa u\u011fram\u0131\u015f t\u00fcm vatanda\u015flar\u0131m\u0131z\u0131n arakas\u0131nda oldu. Din, dil, \u0131rk ay\u0131r\u0131m\u0131 yap\u0131lmaks\u0131z\u0131n herkesi tek \u00e7at\u0131 bilerek devletimizin \u015fefkat elini t\u00fcm co\u011frafyam\u0131za sundu&#8221; dedi.<\/p>\n<p>\u200b\u00d6nceki d\u00f6nem Mardin Nusaybin \u0130l\u00e7e Ba\u015fkan\u0131 Latif \u00d6zel\u2019in istifas\u0131n\u0131 sunmas\u0131n\u0131n ard\u0131ndan AK Parti Genel Merkez Te\u015fkilat Ba\u015fkanl\u0131\u011f\u0131 taraf\u0131ndan Nusaybin \u0130l\u00e7e Ba\u015fkanl\u0131\u011f\u0131\u2019na \u0130rfan Y\u0131ld\u0131zo\u011flu atand\u0131 \u00a0\u015eehmus ED\u0130S (MARD\u0130N \u0130GFA)AK Parti Mardin Nusaybin 8  Ola\u011fan \u0130l\u00e7e Kongresi\u2019de ger\u00e7ekle\u015ftirilerek yeni d\u00f6neme ge\u00e7ilmi\u015f oldu  AK Parti te\u015fkilatlar\u0131n\u0131n ve vatanda\u015flar\u0131n b\u00fcy\u00fck bir kat\u0131l\u0131m g\u00f6sterdi\u011fi kongrede bir konu\u015fma yapan Mardin Milletvekili Faruk k\u0131l\u0131\u00e7 \u00f6nemli a\u00e7\u0131klamalarda bulundu  Mardin Milletvekili Faruk K\u0131l\u0131\u00e7 kongrede yapt\u0131\u011f\u0131 a\u00e7\u0131klamalarda, \u201cKadim medeniyetlere ev sahipli\u011fi yapm\u0131\u015f, ticaretin bolca yap\u0131ld\u0131\u011f\u0131, e\u011fitim ve \u00f6\u011fretimin yuvas\u0131 niteli\u011finde bulunan Nusaybin il\u00e7emizde sizlerle bir arada olmak b\u00fcy\u00fck mutluluk duydu\u011funu s\u00f6yledi<br \/>\nYaln\u0131z il\u00e7emizin s\u0131n\u0131rlara yak\u0131n olmas\u0131 ve buna istinaden bu s\u0131n\u0131rlar\u0131n \u00f6tesinde bulunan tats\u0131z hadiselerin s\u00fcrekli olu\u015fmas\u0131 bir\u00e7ok aksamaya neden oldu\u011funa dikkat \u00e7eken K\u0131l\u0131\u00e7,\u201d \u00a0Aksi durumda ticaret merkezi niteli\u011finde bulunan Nusaybin belki de \u00e7ok daha farkl\u0131 bir konumda yer alacakt\u0131  Yak\u0131n zamanda Nusaybin\u2019de ya\u015fanan dramatik tabloyu hi\u00e7bir zaman unutmad\u0131k  Veren ellerin nas\u0131lda alan ellere d\u00f6n\u00fc\u015ft\u00fc\u011f\u00fcn\u00fc ve bu topraklar\u0131n ger\u00e7ek sahiplerinin nas\u0131l da g\u00f6zya\u015flar\u0131 i\u00e7erisinde terk ettiklerini hep birlikte g\u00f6rd\u00fck  Ge\u00e7mi\u015f d\u00f6nemlerde akraba toplulu\u011fu olarak kabul etti\u011fimiz buralardan gelen havan topu at\u0131\u015flar\u0131 ve roketlerle \u015fehitler verdik  Yan\u0131 ba\u015f\u0131m\u0131zda akraba bildi\u011fimiz, karde\u015f dedi\u011fimiz insanlardan biz bunu g\u00f6rd\u00fck ve o g\u00fcnleri asla unutmad\u0131k  \u00c7ukur olaylar\u0131nda Nusaybin\u2019in yerle bir oldu\u011fu d\u00f6nemler haf\u0131zalardaki yerini g\u00fcn gibi koruyor  \u0130\u015fte Nusaybin\u2019i yerle bir eden, harabeye d\u00f6n\u00fc\u015ft\u00fcren o zihniyetin yapt\u0131\u011f\u0131 tahribatlar\u0131, y\u0131k\u0131lan evleri devletimiz yani AK Parti h\u00fck\u00fcmetleri vatanda\u015f\u0131n\u0131n yan\u0131nda durarak yeniden in\u015fa etti  Ter\u00f6r\u00fcn her t\u00fcrl\u00fc bask\u0131lar\u0131na ra\u011fmen in\u015fa etti  \u00c7\u00fcnk\u00fc liderimiz Say\u0131n Recep Tayyip Erdo\u011fanl\u0131 AK Parti insan\u0131 yarat\u0131landan \u00f6t\u00fcr\u00fc severek y\u0131k\u0131lan\u0131 yeniden yapt\u0131 ve daha iyisiyle yapt\u0131  Fakat yine \u00f6yle bir noktaya gelindi ki yap\u0131lan konutlar\u0131n anahtar teslimi t\u00f6renine kat\u0131l\u0131m\u0131n \u00e7ok az olmas\u0131 yine morallerin bozulmas\u0131 ile birlikte o d\u00f6nemde ideolojinin daha bitmedi\u011finin g\u00f6stergesi oldu\u201d dedi <\/p>\n<p>NUSAYB\u0130N\u2019E H\u0130ZMETTE SINIR TANIMADIK<br \/>\n\u00a0Her \u015feye ra\u011fmen Nusaybin il\u00e7esine ba\u011fl\u0131 t\u00fcm k\u0131rsal mahallere ciddi hizmetler yap\u0131ld\u0131\u011f\u0131n\u0131 kaydeden K\u0131l\u0131\u00e7,\u201d \u00a0Merkez mahallelerimizin tamam\u0131 ve k\u0131rsal mahallelerimizin tamam\u0131na yak\u0131n\u0131 parke ta\u015flar\u0131yla d\u00f6\u015fendi  Ge\u00e7mi\u015fte b\u00fcy\u00fck s\u0131k\u0131nt\u0131lara neden kanalizasyon sistemi tamamland\u0131  Milli parklar\u0131n yan\u0131nda k\u0131rsal mahalleler dahil olmak \u00fczere her yere \u00e7ocuk oyun alanlar\u0131 yap\u0131ld\u0131  Tam te\u015fekk\u00fcll\u00fc devlet hastanesi, di\u015f hastanesi hizmete a\u00e7\u0131ld\u0131  Yediden yetmi\u015fe ihtiya\u00e7 sahibi olan herkes i\u00e7in \u00e7ok \u00f6nemli sosyal yard\u0131mlar yap\u0131ld\u0131  Gen\u00e7lik merkezi, yar\u0131 olimpik y\u00fczme havuzlar\u0131 ve daha sayamad\u0131\u011f\u0131m\u0131z bir\u00e7ok yat\u0131r\u0131m Nusaybinli vatanda\u015flar\u0131m\u0131z\u0131n hizmetine sunuldu  Ayr\u0131ca herkesin b\u00fcy\u00fck bir heyecanla bekledi\u011fi a\u011f\u0131z di\u015f sa\u011fl\u0131k merkezi yak\u0131n zamanda Nusaybinli vatanda\u015flar\u0131m\u0131z\u0131n hizmetine sunulmu\u015f olacak  T\u00fcm bunlar eski g\u00fcnlerin ac\u0131l\u0131 tablolar\u0131n\u0131 bertaraf etmek ve art\u0131k Nusaybin\u2019in eski g\u00fcnlerine d\u00f6nmemesinin yan\u0131nda Nusaybin\u2019in ger\u00e7ek siluetinin ortaya \u00e7\u0131kar\u0131lmas\u0131 i\u00e7in yap\u0131ld\u0131  Yap\u0131lan bu hizmetler ge\u00e7mi\u015fte HDP diye bildi\u011fimiz partinin hizmet yapmayan belediyesinin aksine kayyumun yapt\u0131\u011f\u0131n\u0131, AK Parti\u2019nin yapt\u0131\u011f\u0131n\u0131 \u00f6zellikle vurgulamak istiyorum \u201d ifadelerini kulland\u0131<br \/>\nAK Parti&#8217;nin\u00a0kuruldu\u011fu g\u00fcnden beri K\u00fcrt, T\u00fcrk, Arap, \u00c7erkez veya Laz ay\u0131r\u0131m\u0131na asla gitmedi\u011fini vurgulayan K\u0131l\u0131\u00e7 a\u00e7\u0131klamalar\u0131na \u015f\u00f6yle devam etti \u201d \u00a0Nusaybin halk\u0131n\u0131n kendi topraklar\u0131n\u0131 terk ederken ac\u0131 \u00e7ektiklerini, g\u00f6zya\u015f\u0131 d\u00f6kt\u00fck \u00a0E\u015fitlik ve b\u00fct\u00fcnl\u00fck ilkesi \u00e7er\u00e7evesinde her yere hizmet g\u00f6t\u00fcrd\u00fc  K\u00fcrt vatanda\u015flar\u0131m\u0131z\u0131n t\u00fcm \u00f6zl\u00fck haklar\u0131n\u0131 garantiye ald\u0131  Zaman\u0131nda leh\u00e7eleri nedeniyle haks\u0131zl\u0131\u011fa u\u011fram\u0131\u015f t\u00fcm vatanda\u015flar\u0131m\u0131z\u0131n arakas\u0131nda oldu  Din, dil, \u0131rk ay\u0131r\u0131m\u0131 yap\u0131lmaks\u0131z\u0131n herkesi tek \u00e7at\u0131 bilerek devletimizin \u015fefkat elini t\u00fcm co\u011frafyam\u0131za sundu&#8221; dedi\u00a0<\/p>\n<p>\u200bHaberin Al\u0131nt\u0131land\u0131\u011f\u0131 Kaynak: www.iskenderun.org<\/p>","protected":false},"excerpt":{"rendered":"<p>\u00d6nceki d\u00f6nem Mardin Nusaybin \u0130l\u00e7e Ba\u015fkan\u0131 Latif \u00d6zel\u2019in istifas\u0131n\u0131 sunmas\u0131n\u0131n ard\u0131ndan AK Parti Genel Merkez Te\u015fkilat Ba\u015fkanl\u0131\u011f\u0131 taraf\u0131ndan Nusaybin \u0130l\u00e7e Ba\u015fkanl\u0131\u011f\u0131\u2019na \u0130rfan Y\u0131ld\u0131zo\u011flu atand\u0131.\u00a0\u015eehmus ED\u0130S (MARD\u0130N \u0130GFA)AK Parti Mardin Nusaybin 8. Ola\u011fan \u0130l\u00e7e Kongresi\u2019de ger\u00e7ekle\u015ftirilerek yeni d\u00f6neme ge\u00e7ilmi\u015f oldu. AK Parti te\u015fkilatlar\u0131n\u0131n ve vatanda\u015flar\u0131n b\u00fcy\u00fck bir kat\u0131l\u0131m g\u00f6sterdi\u011fi kongrede bir konu\u015fma yapan Mardin Milletvekili Faruk k\u0131l\u0131\u00e7 \u00f6nemli a\u00e7\u0131klamalarda bulundu. Mardin Milletvekili Faruk K\u0131l\u0131\u00e7 kongrede yapt\u0131\u011f\u0131 a\u00e7\u0131klamalarda, \u201cKadim medeniyetlere ev sahipli\u011fi yapm\u0131\u015f, ticaretin bolca yap\u0131ld\u0131\u011f\u0131, e\u011fitim ve \u00f6\u011fretimin yuvas\u0131 niteli\u011finde bulunan Nusaybin il\u00e7emizde sizlerle bir arada olmak b\u00fcy\u00fck mutluluk duydu\u011funu s\u00f6yledi. Yaln\u0131z il\u00e7emizin s\u0131n\u0131rlara yak\u0131n olmas\u0131 ve buna istinaden bu s\u0131n\u0131rlar\u0131n \u00f6tesinde bulunan tats\u0131z hadiselerin s\u00fcrekli olu\u015fmas\u0131 bir\u00e7ok aksamaya neden oldu\u011funa dikkat \u00e7eken K\u0131l\u0131\u00e7,\u201d \u00a0Aksi durumda ticaret merkezi niteli\u011finde bulunan Nusaybin belki de \u00e7ok daha farkl\u0131 bir konumda yer alacakt\u0131. Yak\u0131n zamanda Nusaybin\u2019de ya\u015fanan dramatik tabloyu hi\u00e7bir zaman unutmad\u0131k. Veren ellerin nas\u0131lda alan ellere d\u00f6n\u00fc\u015ft\u00fc\u011f\u00fcn\u00fc ve bu topraklar\u0131n ger\u00e7ek sahiplerinin nas\u0131l da g\u00f6zya\u015flar\u0131 i\u00e7erisinde terk ettiklerini hep birlikte g\u00f6rd\u00fck. Ge\u00e7mi\u015f d\u00f6nemlerde akraba toplulu\u011fu olarak kabul etti\u011fimiz buralardan gelen havan topu at\u0131\u015flar\u0131 ve roketlerle \u015fehitler verdik. Yan\u0131 ba\u015f\u0131m\u0131zda akraba bildi\u011fimiz, karde\u015f dedi\u011fimiz insanlardan biz bunu g\u00f6rd\u00fck ve o g\u00fcnleri asla unutmad\u0131k. \u00c7ukur olaylar\u0131nda Nusaybin\u2019in yerle bir oldu\u011fu d\u00f6nemler haf\u0131zalardaki yerini g\u00fcn gibi &hellip;<\/p>","protected":false},"author":0,"featured_media":0,"comment_status":"open","ping_status":"open","sticky":false,"template":"","format":"standard","meta":{"_acf_changed":false,"footnotes":""},"categories":[24,535],"tags":[],"class_list":["post-15500","post","type-post","status-publish","format-standard","has-post-thumbnail","hentry","category-gundem","category-uncategorized-tr"],"acf":[],"yoast_head":"<!-- This site is optimized with the Yoast SEO Premium plugin v26.6 (Yoast SEO v27.1.1) - https:\/\/yoast.com\/product\/yoast-seo-premium-wordpress\/ -->\n<title>Mardin Nusaybin&#039;in Y\u0131ld\u0131z&#039;\u0131 parlayacak - Av. Deniz Can K\u0131z\u0131l<\/title>\n<meta name=\"robots\" content=\"index, follow, max-snippet:-1, max-image-preview:large, max-video-preview:-1\" \/>\n<link rel=\"canonical\" href=\"http:\/\/denizcankizil.tr\/de\/haberler\/gundem\/mardin-nusaybinin-yildizi-parlayacak\/\" \/>\n<meta property=\"og:locale\" content=\"de_DE\" \/>\n<meta property=\"og:type\" content=\"article\" \/>\n<meta property=\"og:title\" content=\"Mardin Nusaybin&#039;in Y\u0131ld\u0131z&#039;\u0131 parlayacak\" \/>\n<meta property=\"og:description\" content=\"\u00d6nceki d\u00f6nem Mardin Nusaybin \u0130l\u00e7e Ba\u015fkan\u0131 Latif \u00d6zel\u2019in istifas\u0131n\u0131 sunmas\u0131n\u0131n ard\u0131ndan AK Parti Genel Merkez Te\u015fkilat Ba\u015fkanl\u0131\u011f\u0131 taraf\u0131ndan Nusaybin \u0130l\u00e7e Ba\u015fkanl\u0131\u011f\u0131\u2019na \u0130rfan Y\u0131ld\u0131zo\u011flu atand\u0131.\u00a0\u015eehmus ED\u0130S (MARD\u0130N \u0130GFA)AK Parti Mardin Nusaybin 8. Ola\u011fan \u0130l\u00e7e Kongresi\u2019de ger\u00e7ekle\u015ftirilerek yeni d\u00f6neme ge\u00e7ilmi\u015f oldu. AK Parti te\u015fkilatlar\u0131n\u0131n ve vatanda\u015flar\u0131n b\u00fcy\u00fck bir kat\u0131l\u0131m g\u00f6sterdi\u011fi kongrede bir konu\u015fma yapan Mardin Milletvekili Faruk k\u0131l\u0131\u00e7 \u00f6nemli a\u00e7\u0131klamalarda bulundu. Mardin Milletvekili Faruk K\u0131l\u0131\u00e7 kongrede yapt\u0131\u011f\u0131 a\u00e7\u0131klamalarda, \u201cKadim medeniyetlere ev sahipli\u011fi yapm\u0131\u015f, ticaretin bolca yap\u0131ld\u0131\u011f\u0131, e\u011fitim ve \u00f6\u011fretimin yuvas\u0131 niteli\u011finde bulunan Nusaybin il\u00e7emizde sizlerle bir arada olmak b\u00fcy\u00fck mutluluk duydu\u011funu s\u00f6yledi. Yaln\u0131z il\u00e7emizin s\u0131n\u0131rlara yak\u0131n olmas\u0131 ve buna istinaden bu s\u0131n\u0131rlar\u0131n \u00f6tesinde bulunan tats\u0131z hadiselerin s\u00fcrekli olu\u015fmas\u0131 bir\u00e7ok aksamaya neden oldu\u011funa dikkat \u00e7eken K\u0131l\u0131\u00e7,\u201d \u00a0Aksi durumda ticaret merkezi niteli\u011finde bulunan Nusaybin belki de \u00e7ok daha farkl\u0131 bir konumda yer alacakt\u0131. Yak\u0131n zamanda Nusaybin\u2019de ya\u015fanan dramatik tabloyu hi\u00e7bir zaman unutmad\u0131k. Veren ellerin nas\u0131lda alan ellere d\u00f6n\u00fc\u015ft\u00fc\u011f\u00fcn\u00fc ve bu topraklar\u0131n ger\u00e7ek sahiplerinin nas\u0131l da g\u00f6zya\u015flar\u0131 i\u00e7erisinde terk ettiklerini hep birlikte g\u00f6rd\u00fck. Ge\u00e7mi\u015f d\u00f6nemlerde akraba toplulu\u011fu olarak kabul etti\u011fimiz buralardan gelen havan topu at\u0131\u015flar\u0131 ve roketlerle \u015fehitler verdik. Yan\u0131 ba\u015f\u0131m\u0131zda akraba bildi\u011fimiz, karde\u015f dedi\u011fimiz insanlardan biz bunu g\u00f6rd\u00fck ve o g\u00fcnleri asla unutmad\u0131k. \u00c7ukur olaylar\u0131nda Nusaybin\u2019in yerle bir oldu\u011fu d\u00f6nemler haf\u0131zalardaki yerini g\u00fcn gibi &hellip;\" \/>\n<meta property=\"og:url\" content=\"http:\/\/denizcankizil.tr\/de\/haberler\/gundem\/mardin-nusaybinin-yildizi-parlayacak\/\" \/>\n<meta property=\"og:site_name\" content=\"Av. Deniz Can K\u0131z\u0131l\" \/>\n<meta property=\"article:published_time\" content=\"2024-11-11T06:42:39+00:00\" \/>\n<meta name=\"twitter:card\" content=\"summary_large_image\" \/>\n<meta name=\"twitter:label1\" content=\"Gesch\u00e4tzte Lesezeit\" \/>\n\t<meta name=\"twitter:data1\" content=\"8\u00a0Minuten\" \/>\n<script type=\"application\/ld+json\" class=\"yoast-schema-graph\">{\"@context\":\"https:\/\/schema.org\",\"@graph\":[{\"@type\":\"Article\",\"@id\":\"http:\/\/denizcankizil.tr\/de\/haberler\/gundem\/mardin-nusaybinin-yildizi-parlayacak\/#article\",\"isPartOf\":{\"@id\":\"http:\/\/denizcankizil.tr\/de\/haberler\/gundem\/mardin-nusaybinin-yildizi-parlayacak\/\"},\"author\":{\"name\":\"\",\"@id\":\"\"},\"headline\":\"Mardin Nusaybin&#8217;in Y\u0131ld\u0131z&#8217;\u0131 parlayacak\",\"datePublished\":\"2024-11-11T06:42:39+00:00\",\"mainEntityOfPage\":{\"@id\":\"http:\/\/denizcankizil.tr\/de\/haberler\/gundem\/mardin-nusaybinin-yildizi-parlayacak\/\"},\"wordCount\":1545,\"commentCount\":0,\"publisher\":{\"@id\":\"https:\/\/denizcankizil.tr\/de\/#organization\"},\"articleSection\":[\"G\u00fcndem\",\"Uncategorized\"],\"inLanguage\":\"de\",\"potentialAction\":[{\"@type\":\"CommentAction\",\"name\":\"Comment\",\"target\":[\"http:\/\/denizcankizil.tr\/de\/haberler\/gundem\/mardin-nusaybinin-yildizi-parlayacak\/#respond\"]}]},{\"@type\":\"WebPage\",\"@id\":\"http:\/\/denizcankizil.tr\/de\/haberler\/gundem\/mardin-nusaybinin-yildizi-parlayacak\/\",\"url\":\"http:\/\/denizcankizil.tr\/de\/haberler\/gundem\/mardin-nusaybinin-yildizi-parlayacak\/\",\"name\":\"Mardin Nusaybin'in Y\u0131ld\u0131z'\u0131 parlayacak - Av. Deniz Can K\u0131z\u0131l\",\"isPartOf\":{\"@id\":\"https:\/\/denizcankizil.tr\/de\/#website\"},\"datePublished\":\"2024-11-11T06:42:39+00:00\",\"breadcrumb\":{\"@id\":\"http:\/\/denizcankizil.tr\/de\/haberler\/gundem\/mardin-nusaybinin-yildizi-parlayacak\/#breadcrumb\"},\"inLanguage\":\"de\",\"potentialAction\":[{\"@type\":\"ReadAction\",\"target\":[\"http:\/\/denizcankizil.tr\/de\/haberler\/gundem\/mardin-nusaybinin-yildizi-parlayacak\/\"]}]},{\"@type\":\"BreadcrumbList\",\"@id\":\"http:\/\/denizcankizil.tr\/de\/haberler\/gundem\/mardin-nusaybinin-yildizi-parlayacak\/#breadcrumb\",\"itemListElement\":[{\"@type\":\"ListItem\",\"position\":1,\"name\":\"Home\",\"item\":\"https:\/\/denizcankizil.tr\/de\/\"},{\"@type\":\"ListItem\",\"position\":2,\"name\":\"Mardin Nusaybin&#8217;in Y\u0131ld\u0131z&#8217;\u0131 parlayacak\"}]},{\"@type\":\"WebSite\",\"@id\":\"https:\/\/denizcankizil.tr\/de\/#website\",\"url\":\"https:\/\/denizcankizil.tr\/de\/\",\"name\":\"Av. Deniz Can K\u0131z\u0131l\",\"description\":\"Avukat Deniz Can K\u0131z\u0131l Antalya Barosu\",\"publisher\":{\"@id\":\"https:\/\/denizcankizil.tr\/de\/#organization\"},\"potentialAction\":[{\"@type\":\"SearchAction\",\"target\":{\"@type\":\"EntryPoint\",\"urlTemplate\":\"https:\/\/denizcankizil.tr\/de\/?s={search_term_string}\"},\"query-input\":{\"@type\":\"PropertyValueSpecification\",\"valueRequired\":true,\"valueName\":\"search_term_string\"}}],\"inLanguage\":\"de\"},{\"@type\":\"Organization\",\"@id\":\"https:\/\/denizcankizil.tr\/de\/#organization\",\"name\":\"Av. Deniz Can K\u0131z\u0131l\",\"url\":\"https:\/\/denizcankizil.tr\/de\/\",\"logo\":{\"@type\":\"ImageObject\",\"inLanguage\":\"de\",\"@id\":\"https:\/\/denizcankizil.tr\/de\/#\/schema\/logo\/image\/\",\"url\":\"http:\/\/denizcankizil.tr\/wp-content\/uploads\/2024\/10\/siyah-logo-svg.svg\",\"contentUrl\":\"http:\/\/denizcankizil.tr\/wp-content\/uploads\/2024\/10\/siyah-logo-svg.svg\",\"width\":1080,\"height\":1080,\"caption\":\"Av. Deniz Can K\u0131z\u0131l\"},\"image\":{\"@id\":\"https:\/\/denizcankizil.tr\/de\/#\/schema\/logo\/image\/\"}}]}<\/script>\n<!-- \/ Yoast SEO Premium plugin. -->","yoast_head_json":{"title":"Mardin Nusaybin'in Y\u0131ld\u0131z'\u0131 parlayacak - Av. Deniz Can K\u0131z\u0131l","robots":{"index":"index","follow":"follow","max-snippet":"max-snippet:-1","max-image-preview":"max-image-preview:large","max-video-preview":"max-video-preview:-1"},"canonical":"http:\/\/denizcankizil.tr\/de\/haberler\/gundem\/mardin-nusaybinin-yildizi-parlayacak\/","og_locale":"de_DE","og_type":"article","og_title":"Mardin Nusaybin'in Y\u0131ld\u0131z'\u0131 parlayacak","og_description":"\u00d6nceki d\u00f6nem Mardin Nusaybin \u0130l\u00e7e Ba\u015fkan\u0131 Latif \u00d6zel\u2019in istifas\u0131n\u0131 sunmas\u0131n\u0131n ard\u0131ndan AK Parti Genel Merkez Te\u015fkilat Ba\u015fkanl\u0131\u011f\u0131 taraf\u0131ndan Nusaybin \u0130l\u00e7e Ba\u015fkanl\u0131\u011f\u0131\u2019na \u0130rfan Y\u0131ld\u0131zo\u011flu atand\u0131.\u00a0\u015eehmus ED\u0130S (MARD\u0130N \u0130GFA)AK Parti Mardin Nusaybin 8. Ola\u011fan \u0130l\u00e7e Kongresi\u2019de ger\u00e7ekle\u015ftirilerek yeni d\u00f6neme ge\u00e7ilmi\u015f oldu. AK Parti te\u015fkilatlar\u0131n\u0131n ve vatanda\u015flar\u0131n b\u00fcy\u00fck bir kat\u0131l\u0131m g\u00f6sterdi\u011fi kongrede bir konu\u015fma yapan Mardin Milletvekili Faruk k\u0131l\u0131\u00e7 \u00f6nemli a\u00e7\u0131klamalarda bulundu. Mardin Milletvekili Faruk K\u0131l\u0131\u00e7 kongrede yapt\u0131\u011f\u0131 a\u00e7\u0131klamalarda, \u201cKadim medeniyetlere ev sahipli\u011fi yapm\u0131\u015f, ticaretin bolca yap\u0131ld\u0131\u011f\u0131, e\u011fitim ve \u00f6\u011fretimin yuvas\u0131 niteli\u011finde bulunan Nusaybin il\u00e7emizde sizlerle bir arada olmak b\u00fcy\u00fck mutluluk duydu\u011funu s\u00f6yledi. Yaln\u0131z il\u00e7emizin s\u0131n\u0131rlara yak\u0131n olmas\u0131 ve buna istinaden bu s\u0131n\u0131rlar\u0131n \u00f6tesinde bulunan tats\u0131z hadiselerin s\u00fcrekli olu\u015fmas\u0131 bir\u00e7ok aksamaya neden oldu\u011funa dikkat \u00e7eken K\u0131l\u0131\u00e7,\u201d \u00a0Aksi durumda ticaret merkezi niteli\u011finde bulunan Nusaybin belki de \u00e7ok daha farkl\u0131 bir konumda yer alacakt\u0131. Yak\u0131n zamanda Nusaybin\u2019de ya\u015fanan dramatik tabloyu hi\u00e7bir zaman unutmad\u0131k. Veren ellerin nas\u0131lda alan ellere d\u00f6n\u00fc\u015ft\u00fc\u011f\u00fcn\u00fc ve bu topraklar\u0131n ger\u00e7ek sahiplerinin nas\u0131l da g\u00f6zya\u015flar\u0131 i\u00e7erisinde terk ettiklerini hep birlikte g\u00f6rd\u00fck. Ge\u00e7mi\u015f d\u00f6nemlerde akraba toplulu\u011fu olarak kabul etti\u011fimiz buralardan gelen havan topu at\u0131\u015flar\u0131 ve roketlerle \u015fehitler verdik. Yan\u0131 ba\u015f\u0131m\u0131zda akraba bildi\u011fimiz, karde\u015f dedi\u011fimiz insanlardan biz bunu g\u00f6rd\u00fck ve o g\u00fcnleri asla unutmad\u0131k. \u00c7ukur olaylar\u0131nda Nusaybin\u2019in yerle bir oldu\u011fu d\u00f6nemler haf\u0131zalardaki yerini g\u00fcn gibi &hellip;","og_url":"http:\/\/denizcankizil.tr\/de\/haberler\/gundem\/mardin-nusaybinin-yildizi-parlayacak\/","og_site_name":"Av. Deniz Can K\u0131z\u0131l","article_published_time":"2024-11-11T06:42:39+00:00","twitter_card":"summary_large_image","twitter_misc":{"Gesch\u00e4tzte Lesezeit":"8\u00a0Minuten"},"schema":{"@context":"https:\/\/schema.org","@graph":[{"@type":"Article","@id":"http:\/\/denizcankizil.tr\/de\/haberler\/gundem\/mardin-nusaybinin-yildizi-parlayacak\/#article","isPartOf":{"@id":"http:\/\/denizcankizil.tr\/de\/haberler\/gundem\/mardin-nusaybinin-yildizi-parlayacak\/"},"author":{"name":"","@id":""},"headline":"Mardin Nusaybin&#8217;in Y\u0131ld\u0131z&#8217;\u0131 parlayacak","datePublished":"2024-11-11T06:42:39+00:00","mainEntityOfPage":{"@id":"http:\/\/denizcankizil.tr\/de\/haberler\/gundem\/mardin-nusaybinin-yildizi-parlayacak\/"},"wordCount":1545,"commentCount":0,"publisher":{"@id":"https:\/\/denizcankizil.tr\/de\/#organization"},"articleSection":["G\u00fcndem","Uncategorized"],"inLanguage":"de","potentialAction":[{"@type":"CommentAction","name":"Comment","target":["http:\/\/denizcankizil.tr\/de\/haberler\/gundem\/mardin-nusaybinin-yildizi-parlayacak\/#respond"]}]},{"@type":"WebPage","@id":"http:\/\/denizcankizil.tr\/de\/haberler\/gundem\/mardin-nusaybinin-yildizi-parlayacak\/","url":"http:\/\/denizcankizil.tr\/de\/haberler\/gundem\/mardin-nusaybinin-yildizi-parlayacak\/","name":"Mardin Nusaybin'in Y\u0131ld\u0131z'\u0131 parlayacak - Av. Deniz Can K\u0131z\u0131l","isPartOf":{"@id":"https:\/\/denizcankizil.tr\/de\/#website"},"datePublished":"2024-11-11T06:42:39+00:00","breadcrumb":{"@id":"http:\/\/denizcankizil.tr\/de\/haberler\/gundem\/mardin-nusaybinin-yildizi-parlayacak\/#breadcrumb"},"inLanguage":"de","potentialAction":[{"@type":"ReadAction","target":["http:\/\/denizcankizil.tr\/de\/haberler\/gundem\/mardin-nusaybinin-yildizi-parlayacak\/"]}]},{"@type":"BreadcrumbList","@id":"http:\/\/denizcankizil.tr\/de\/haberler\/gundem\/mardin-nusaybinin-yildizi-parlayacak\/#breadcrumb","itemListElement":[{"@type":"ListItem","position":1,"name":"Home","item":"https:\/\/denizcankizil.tr\/de\/"},{"@type":"ListItem","position":2,"name":"Mardin Nusaybin&#8217;in Y\u0131ld\u0131z&#8217;\u0131 parlayacak"}]},{"@type":"WebSite","@id":"https:\/\/denizcankizil.tr\/de\/#website","url":"https:\/\/denizcankizil.tr\/de\/","name":"Av. Deniz Can K\u0131z\u0131l","description":"Avukat Deniz Can K\u0131z\u0131l Antalya Barosu","publisher":{"@id":"https:\/\/denizcankizil.tr\/de\/#organization"},"potentialAction":[{"@type":"SearchAction","target":{"@type":"EntryPoint","urlTemplate":"https:\/\/denizcankizil.tr\/de\/?s={search_term_string}"},"query-input":{"@type":"PropertyValueSpecification","valueRequired":true,"valueName":"search_term_string"}}],"inLanguage":"de"},{"@type":"Organization","@id":"https:\/\/denizcankizil.tr\/de\/#organization","name":"Av. Deniz Can K\u0131z\u0131l","url":"https:\/\/denizcankizil.tr\/de\/","logo":{"@type":"ImageObject","inLanguage":"de","@id":"https:\/\/denizcankizil.tr\/de\/#\/schema\/logo\/image\/","url":"http:\/\/denizcankizil.tr\/wp-content\/uploads\/2024\/10\/siyah-logo-svg.svg","contentUrl":"http:\/\/denizcankizil.tr\/wp-content\/uploads\/2024\/10\/siyah-logo-svg.svg","width":1080,"height":1080,"caption":"Av. Deniz Can K\u0131z\u0131l"},"image":{"@id":"https:\/\/denizcankizil.tr\/de\/#\/schema\/logo\/image\/"}}]}},"_links":{"self":[{"href":"http:\/\/denizcankizil.tr\/de\/wp-json\/wp\/v2\/posts\/15500","targetHints":{"allow":["GET"]}}],"collection":[{"href":"http:\/\/denizcankizil.tr\/de\/wp-json\/wp\/v2\/posts"}],"about":[{"href":"http:\/\/denizcankizil.tr\/de\/wp-json\/wp\/v2\/types\/post"}],"replies":[{"embeddable":true,"href":"http:\/\/denizcankizil.tr\/de\/wp-json\/wp\/v2\/comments?post=15500"}],"version-history":[{"count":0,"href":"http:\/\/denizcankizil.tr\/de\/wp-json\/wp\/v2\/posts\/15500\/revisions"}],"wp:attachment":[{"href":"http:\/\/denizcankizil.tr\/de\/wp-json\/wp\/v2\/media?parent=15500"}],"wp:term":[{"taxonomy":"category","embeddable":true,"href":"http:\/\/denizcankizil.tr\/de\/wp-json\/wp\/v2\/categories?post=15500"},{"taxonomy":"post_tag","embeddable":true,"href":"http:\/\/denizcankizil.tr\/de\/wp-json\/wp\/v2\/tags?post=15500"}],"curies":[{"name":"wp","href":"https:\/\/api.w.org\/{rel}","templated":true}]}}