{"id":151953,"date":"2025-07-20T18:41:44","date_gmt":"2025-07-20T15:41:44","guid":{"rendered":"https:\/\/denizcankizil.tr\/uncategorized-tr\/sagligi-kotuye-giden-muhittin-bocek-icin-ev-hapis-talebi\/"},"modified":"2025-07-20T18:41:44","modified_gmt":"2025-07-20T15:41:44","slug":"sagligi-kotuye-giden-muhittin-bocek-icin-ev-hapis-talebi","status":"publish","type":"post","link":"http:\/\/denizcankizil.tr\/de\/haberler\/gundem\/sagligi-kotuye-giden-muhittin-bocek-icin-ev-hapis-talebi\/","title":{"rendered":"Sa\u011fl\u0131\u011f\u0131 k\u00f6t\u00fcye giden Muhittin B\u00f6cek i\u00e7in ev hapis talebi"},"content":{"rendered":"<p>Antalya Cumhuriyet Ba\u015fsavc\u0131l\u0131\u011f\u0131 taraf\u0131ndan y\u00fcr\u00fct\u00fclen r\u00fc\u015fvet ve yolsuzluk soru\u015fturmas\u0131 kapsam\u0131nda tutuklanan ve ge\u00e7ici olarak g\u00f6revden uzakla\u015ft\u0131r\u0131lan Antalya B\u00fcy\u00fck\u015fehir Belediye Ba\u015fkan\u0131 Muhittin B\u00f6cek\u2019in sa\u011fl\u0131k durumu iyiye gitmiyor. Pandemi d\u00f6neminde ge\u00e7irdi\u011fi covid rahats\u0131zl\u0131\u011f\u0131 nedeniyle b\u00fcnyesi sars\u0131lan ve cezaevi ko\u015fullar\u0131nda sa\u011fl\u0131\u011f\u0131 k\u00f6t\u00fcle\u015fen Ba\u015fkan B\u00f6cek i\u00e7in ev hapsi talep edildi.<\/p>\n<p>\u201cSIKINTILI B\u0130R S\u00dcREC\u0130N YA\u015eANMAYA BA\u015eLANDI\u011eI DO\u011eRUDUR\u201d<\/p>\n<p>Ba\u015fkan B\u00f6cek, 14 Temmuz 2025 tarihinde kalp rahats\u0131zl\u0131\u011f\u0131 \u015fikayetiyle Antalya \u015eehir Hastanesi\u2019ne kald\u0131r\u0131lm\u0131\u015ft\u0131. O g\u00fcnden bug\u00fcne B\u00f6cek\u2019in sa\u011fl\u0131k durumu kamuoyunun merak etti\u011fi hususlardan biri olmu\u015ftu. B\u00f6cek sosyal medya \u00fczerinden yapt\u0131\u011f\u0131 payla\u015f\u0131m\u0131nda sa\u011fl\u0131k durumunun k\u00f6t\u00fcle\u015fti\u011fini belirterek, \u201cHapishane ko\u015fullar\u0131n\u0131n, baz\u0131 de\u011ferlerimde farkl\u0131l\u0131klara yol a\u00e7t\u0131\u011f\u0131 ve s\u0131k\u0131nt\u0131l\u0131 bir s\u00fcrecin ya\u015fanmaya ba\u015fland\u0131\u011f\u0131 do\u011frudur. Adaletin en k\u0131sa s\u00fcrede tecelli edece\u011fine olan y\u00fcksek inanc\u0131mla birlikte, sa\u011fl\u0131k sorunlar\u0131m konusunda da ilgili kurumlar\u0131n hassas davranmas\u0131n\u0131 \u00f6nemle rica ediyorum. Yarg\u0131lanmak her birimiz i\u00e7in do\u011fal ve normaldir, ancak bunun pe\u015finen bir cezaya d\u00f6n\u00fc\u015fmesi adalete olan g\u00fcveni de olduk\u00e7a riske atmaktad\u0131r. Sa\u011fl\u0131\u011f\u0131mla ilgili geri d\u00f6n\u00fc\u015f\u00fc olmayacak bir ihmal ile bir vatanda\u015f, bir belediye ba\u015fkan\u0131, bir kamu g\u00f6revlisi olarak kar\u015f\u0131la\u015fmak istemedi\u011fimin bilinmesini isterim\u201d demi\u015fti.<\/p>\n<p>BA\u015eKAN B\u00d6CEK \u0130\u00c7\u0130N EV HAPS\u0130 TALEB\u0130<\/p>\n<p>Antalya B\u00fcy\u00fck\u015fehir Belediyesi Ba\u015fkanvekili B\u00fc\u015fra \u00d6zdemir Halk TV\u2019de yay\u0131nlanan programa ba\u011flanarak Muhittin B\u00f6cek\u2019in sa\u011fl\u0131k durumuyla ilgili bilgiler vermi\u015fti. \u00d6zdemir, B\u00f6cek\u2019in sa\u011fl\u0131\u011f\u0131n\u0131n iyiye gitmedi\u011fini ve bu y\u00fczden ba\u015fkan i\u00e7in ev hapsi karar\u0131 verilmesi gerekti\u011fin belirterek, \u201cHukuk s\u00fcrecini bir kenara b\u0131rak\u0131rsak telafisi m\u00fcmk\u00fcn olmayan sa\u011fl\u0131k sonu\u00e7lar\u0131 ile kar\u015f\u0131 kar\u015f\u0131ya kalabiliriz. Pandremi s\u00fcrecinde ya\u015fad\u0131\u011f\u0131 bir covid s\u00fcreci var. Ba\u015fkan\u0131m\u0131z 64 g\u00fcn\u00fc yo\u011fun bak\u0131nda olmak \u00fczere 108 g\u00fcn hastanede yatt\u0131 Akci\u011ferlerinde kal\u0131c\u0131 bir hasar olu\u015ftu. Bu nedenle kapal\u0131 alanlarda hala devam eden solunum t\u0131kan\u0131kl\u0131\u011f\u0131 bulunuyor. Ba\u015fkan\u0131m\u0131z d\u00fczenli olarak oksijen deste\u011fi g\u00f6r\u00fcyordu. \u015eu an bu deste\u011fi alam\u0131yor. B\u00f6brek fonksiyonlar\u0131 da y\u00fckselme ba\u015flad\u0131. Bunlar\u0131n d\u0131\u015f\u0131nda covid s\u00fcrecinden kaynakl\u0131 d\u00fczenli fizik tedavi s\u00fcreci devam ediyordu. Kal\u0131c\u0131 hasarlar vard\u0131 v\u00fccudunda. \u015eu an bu tedaviyi de g\u00f6remiyor. Yarg\u0131laman\u0131n beraat ile sonu\u00e7lanaca\u011f\u0131n\u0131 d\u00fc\u015f\u00fcn\u00fcyoruz ama en az\u0131ndan ev hapsi hukuken ve insan haklar\u0131 g\u00f6z \u00f6n\u00fcnde bulundurularak verilmesini bekliyoruz\u201d ifadelerini kullanm\u0131\u015ft\u0131.<\/p>\n<p>\u200bAntalya\u2019da y\u00fcr\u00fct\u00fclen r\u00fc\u015fvet soru\u015fturmas\u0131 kapsam\u0131nda tutuklanan Antalya B\u00fcy\u00fck\u015fehir Belediye Ba\u015fkan\u0131 Muhittin B\u00f6cek\u2019in sa\u011fl\u0131k durumunun k\u00f6t\u00fcye gitti\u011fi a\u00e7\u0131kland\u0131. B\u00f6cek&#8217;in ge\u00e7mi\u015fte covid atlatt\u0131\u011f\u0131n\u0131 hat\u0131rlatan B\u00fcy\u00fck\u015fehir Belediyesi Ba\u015fkanvekili B\u00fc\u015fra \u00d6zdemir, B\u00f6cek i\u00e7in ev hapsi talep etti.\u00a0<\/p>\n<p>\u200bHaberin Al\u0131nt\u0131land\u0131\u011f\u0131 Kaynak: www.antalyakorfez.com<\/p>","protected":false},"excerpt":{"rendered":"<p>Antalya Cumhuriyet Ba\u015fsavc\u0131l\u0131\u011f\u0131 taraf\u0131ndan y\u00fcr\u00fct\u00fclen r\u00fc\u015fvet ve yolsuzluk soru\u015fturmas\u0131 kapsam\u0131nda tutuklanan ve ge\u00e7ici olarak g\u00f6revden uzakla\u015ft\u0131r\u0131lan Antalya B\u00fcy\u00fck\u015fehir Belediye Ba\u015fkan\u0131 Muhittin B\u00f6cek\u2019in sa\u011fl\u0131k durumu iyiye gitmiyor. Pandemi d\u00f6neminde ge\u00e7irdi\u011fi covid rahats\u0131zl\u0131\u011f\u0131 nedeniyle b\u00fcnyesi sars\u0131lan ve cezaevi ko\u015fullar\u0131nda sa\u011fl\u0131\u011f\u0131 k\u00f6t\u00fcle\u015fen Ba\u015fkan B\u00f6cek i\u00e7in ev hapsi talep edildi. \u201cSIKINTILI B\u0130R S\u00dcREC\u0130N YA\u015eANMAYA BA\u015eLANDI\u011eI DO\u011eRUDUR\u201d Ba\u015fkan B\u00f6cek, 14 Temmuz 2025 tarihinde kalp rahats\u0131zl\u0131\u011f\u0131 \u015fikayetiyle Antalya \u015eehir Hastanesi\u2019ne kald\u0131r\u0131lm\u0131\u015ft\u0131. O g\u00fcnden bug\u00fcne B\u00f6cek\u2019in sa\u011fl\u0131k durumu kamuoyunun merak etti\u011fi hususlardan biri olmu\u015ftu. B\u00f6cek sosyal medya \u00fczerinden yapt\u0131\u011f\u0131 payla\u015f\u0131m\u0131nda sa\u011fl\u0131k durumunun k\u00f6t\u00fcle\u015fti\u011fini belirterek, \u201cHapishane ko\u015fullar\u0131n\u0131n, baz\u0131 de\u011ferlerimde farkl\u0131l\u0131klara yol a\u00e7t\u0131\u011f\u0131 ve s\u0131k\u0131nt\u0131l\u0131 bir s\u00fcrecin ya\u015fanmaya ba\u015fland\u0131\u011f\u0131 do\u011frudur. Adaletin en k\u0131sa s\u00fcrede tecelli edece\u011fine olan y\u00fcksek inanc\u0131mla birlikte, sa\u011fl\u0131k sorunlar\u0131m konusunda da ilgili kurumlar\u0131n hassas davranmas\u0131n\u0131 \u00f6nemle rica ediyorum. Yarg\u0131lanmak her birimiz i\u00e7in do\u011fal ve normaldir, ancak bunun pe\u015finen bir cezaya d\u00f6n\u00fc\u015fmesi adalete olan g\u00fcveni de olduk\u00e7a riske atmaktad\u0131r. Sa\u011fl\u0131\u011f\u0131mla ilgili geri d\u00f6n\u00fc\u015f\u00fc olmayacak bir ihmal ile bir vatanda\u015f, bir belediye ba\u015fkan\u0131, bir kamu g\u00f6revlisi olarak kar\u015f\u0131la\u015fmak istemedi\u011fimin bilinmesini isterim\u201d demi\u015fti. BA\u015eKAN B\u00d6CEK \u0130\u00c7\u0130N EV HAPS\u0130 TALEB\u0130 Antalya B\u00fcy\u00fck\u015fehir Belediyesi Ba\u015fkanvekili B\u00fc\u015fra \u00d6zdemir Halk TV\u2019de yay\u0131nlanan programa ba\u011flanarak Muhittin B\u00f6cek\u2019in sa\u011fl\u0131k durumuyla ilgili bilgiler vermi\u015fti. \u00d6zdemir, B\u00f6cek\u2019in sa\u011fl\u0131\u011f\u0131n\u0131n iyiye gitmedi\u011fini ve bu y\u00fczden ba\u015fkan i\u00e7in ev hapsi &hellip;<\/p>","protected":false},"author":5,"featured_media":0,"comment_status":"","ping_status":"open","sticky":false,"template":"","format":"standard","meta":{"_acf_changed":false,"footnotes":""},"categories":[24],"tags":[],"class_list":["post-151953","post","type-post","status-publish","format-standard","has-post-thumbnail","hentry","category-gundem"],"acf":[],"yoast_head":"<!-- This site is optimized with the Yoast SEO Premium plugin v26.6 (Yoast SEO v27.1.1) - https:\/\/yoast.com\/product\/yoast-seo-premium-wordpress\/ -->\n<title>Sa\u011fl\u0131\u011f\u0131 k\u00f6t\u00fcye giden Muhittin B\u00f6cek i\u00e7in ev hapis talebi - Av. Deniz Can K\u0131z\u0131l<\/title>\n<meta name=\"robots\" content=\"index, follow, max-snippet:-1, max-image-preview:large, max-video-preview:-1\" \/>\n<link rel=\"canonical\" href=\"http:\/\/denizcankizil.tr\/de\/haberler\/gundem\/sagligi-kotuye-giden-muhittin-bocek-icin-ev-hapis-talebi\/\" \/>\n<meta property=\"og:locale\" content=\"de_DE\" \/>\n<meta property=\"og:type\" content=\"article\" \/>\n<meta property=\"og:title\" content=\"Sa\u011fl\u0131\u011f\u0131 k\u00f6t\u00fcye giden Muhittin B\u00f6cek i\u00e7in ev hapis talebi\" \/>\n<meta property=\"og:description\" content=\"Antalya Cumhuriyet Ba\u015fsavc\u0131l\u0131\u011f\u0131 taraf\u0131ndan y\u00fcr\u00fct\u00fclen r\u00fc\u015fvet ve yolsuzluk soru\u015fturmas\u0131 kapsam\u0131nda tutuklanan ve ge\u00e7ici olarak g\u00f6revden uzakla\u015ft\u0131r\u0131lan Antalya B\u00fcy\u00fck\u015fehir Belediye Ba\u015fkan\u0131 Muhittin B\u00f6cek\u2019in sa\u011fl\u0131k durumu iyiye gitmiyor. Pandemi d\u00f6neminde ge\u00e7irdi\u011fi covid rahats\u0131zl\u0131\u011f\u0131 nedeniyle b\u00fcnyesi sars\u0131lan ve cezaevi ko\u015fullar\u0131nda sa\u011fl\u0131\u011f\u0131 k\u00f6t\u00fcle\u015fen Ba\u015fkan B\u00f6cek i\u00e7in ev hapsi talep edildi. \u201cSIKINTILI B\u0130R S\u00dcREC\u0130N YA\u015eANMAYA BA\u015eLANDI\u011eI DO\u011eRUDUR\u201d Ba\u015fkan B\u00f6cek, 14 Temmuz 2025 tarihinde kalp rahats\u0131zl\u0131\u011f\u0131 \u015fikayetiyle Antalya \u015eehir Hastanesi\u2019ne kald\u0131r\u0131lm\u0131\u015ft\u0131. O g\u00fcnden bug\u00fcne B\u00f6cek\u2019in sa\u011fl\u0131k durumu kamuoyunun merak etti\u011fi hususlardan biri olmu\u015ftu. B\u00f6cek sosyal medya \u00fczerinden yapt\u0131\u011f\u0131 payla\u015f\u0131m\u0131nda sa\u011fl\u0131k durumunun k\u00f6t\u00fcle\u015fti\u011fini belirterek, \u201cHapishane ko\u015fullar\u0131n\u0131n, baz\u0131 de\u011ferlerimde farkl\u0131l\u0131klara yol a\u00e7t\u0131\u011f\u0131 ve s\u0131k\u0131nt\u0131l\u0131 bir s\u00fcrecin ya\u015fanmaya ba\u015fland\u0131\u011f\u0131 do\u011frudur. Adaletin en k\u0131sa s\u00fcrede tecelli edece\u011fine olan y\u00fcksek inanc\u0131mla birlikte, sa\u011fl\u0131k sorunlar\u0131m konusunda da ilgili kurumlar\u0131n hassas davranmas\u0131n\u0131 \u00f6nemle rica ediyorum. Yarg\u0131lanmak her birimiz i\u00e7in do\u011fal ve normaldir, ancak bunun pe\u015finen bir cezaya d\u00f6n\u00fc\u015fmesi adalete olan g\u00fcveni de olduk\u00e7a riske atmaktad\u0131r. Sa\u011fl\u0131\u011f\u0131mla ilgili geri d\u00f6n\u00fc\u015f\u00fc olmayacak bir ihmal ile bir vatanda\u015f, bir belediye ba\u015fkan\u0131, bir kamu g\u00f6revlisi olarak kar\u015f\u0131la\u015fmak istemedi\u011fimin bilinmesini isterim\u201d demi\u015fti. BA\u015eKAN B\u00d6CEK \u0130\u00c7\u0130N EV HAPS\u0130 TALEB\u0130 Antalya B\u00fcy\u00fck\u015fehir Belediyesi Ba\u015fkanvekili B\u00fc\u015fra \u00d6zdemir Halk TV\u2019de yay\u0131nlanan programa ba\u011flanarak Muhittin B\u00f6cek\u2019in sa\u011fl\u0131k durumuyla ilgili bilgiler vermi\u015fti. \u00d6zdemir, B\u00f6cek\u2019in sa\u011fl\u0131\u011f\u0131n\u0131n iyiye gitmedi\u011fini ve bu y\u00fczden ba\u015fkan i\u00e7in ev hapsi &hellip;\" \/>\n<meta property=\"og:url\" content=\"http:\/\/denizcankizil.tr\/de\/haberler\/gundem\/sagligi-kotuye-giden-muhittin-bocek-icin-ev-hapis-talebi\/\" \/>\n<meta property=\"og:site_name\" content=\"Av. Deniz Can K\u0131z\u0131l\" \/>\n<meta property=\"article:published_time\" content=\"2025-07-20T15:41:44+00:00\" \/>\n<meta name=\"author\" content=\"Antalya K\u00f6rfez\" \/>\n<meta name=\"twitter:card\" content=\"summary_large_image\" \/>\n<meta name=\"twitter:label1\" content=\"Verfasst von\" \/>\n\t<meta name=\"twitter:data1\" content=\"Antalya K\u00f6rfez\" \/>\n\t<meta name=\"twitter:label2\" content=\"Gesch\u00e4tzte Lesezeit\" \/>\n\t<meta name=\"twitter:data2\" content=\"3\u00a0Minuten\" \/>\n<script type=\"application\/ld+json\" class=\"yoast-schema-graph\">{\"@context\":\"https:\/\/schema.org\",\"@graph\":[{\"@type\":\"Article\",\"@id\":\"http:\/\/denizcankizil.tr\/de\/haberler\/gundem\/sagligi-kotuye-giden-muhittin-bocek-icin-ev-hapis-talebi\/#article\",\"isPartOf\":{\"@id\":\"http:\/\/denizcankizil.tr\/de\/haberler\/gundem\/sagligi-kotuye-giden-muhittin-bocek-icin-ev-hapis-talebi\/\"},\"author\":{\"name\":\"Antalya K\u00f6rfez\",\"@id\":\"https:\/\/denizcankizil.tr\/de\/#\/schema\/person\/e1eb71bb4dd684d46563f0af307e1234\"},\"headline\":\"Sa\u011fl\u0131\u011f\u0131 k\u00f6t\u00fcye giden Muhittin B\u00f6cek i\u00e7in ev hapis talebi\",\"datePublished\":\"2025-07-20T15:41:44+00:00\",\"mainEntityOfPage\":{\"@id\":\"http:\/\/denizcankizil.tr\/de\/haberler\/gundem\/sagligi-kotuye-giden-muhittin-bocek-icin-ev-hapis-talebi\/\"},\"wordCount\":581,\"publisher\":{\"@id\":\"https:\/\/denizcankizil.tr\/de\/#organization\"},\"articleSection\":[\"G\u00fcndem\"],\"inLanguage\":\"de\"},{\"@type\":\"WebPage\",\"@id\":\"http:\/\/denizcankizil.tr\/de\/haberler\/gundem\/sagligi-kotuye-giden-muhittin-bocek-icin-ev-hapis-talebi\/\",\"url\":\"http:\/\/denizcankizil.tr\/de\/haberler\/gundem\/sagligi-kotuye-giden-muhittin-bocek-icin-ev-hapis-talebi\/\",\"name\":\"Sa\u011fl\u0131\u011f\u0131 k\u00f6t\u00fcye giden Muhittin B\u00f6cek i\u00e7in ev hapis talebi - Av. Deniz Can K\u0131z\u0131l\",\"isPartOf\":{\"@id\":\"https:\/\/denizcankizil.tr\/de\/#website\"},\"datePublished\":\"2025-07-20T15:41:44+00:00\",\"breadcrumb\":{\"@id\":\"http:\/\/denizcankizil.tr\/de\/haberler\/gundem\/sagligi-kotuye-giden-muhittin-bocek-icin-ev-hapis-talebi\/#breadcrumb\"},\"inLanguage\":\"de\",\"potentialAction\":[{\"@type\":\"ReadAction\",\"target\":[\"http:\/\/denizcankizil.tr\/de\/haberler\/gundem\/sagligi-kotuye-giden-muhittin-bocek-icin-ev-hapis-talebi\/\"]}]},{\"@type\":\"BreadcrumbList\",\"@id\":\"http:\/\/denizcankizil.tr\/de\/haberler\/gundem\/sagligi-kotuye-giden-muhittin-bocek-icin-ev-hapis-talebi\/#breadcrumb\",\"itemListElement\":[{\"@type\":\"ListItem\",\"position\":1,\"name\":\"Home\",\"item\":\"https:\/\/denizcankizil.tr\/de\/\"},{\"@type\":\"ListItem\",\"position\":2,\"name\":\"Sa\u011fl\u0131\u011f\u0131 k\u00f6t\u00fcye giden Muhittin B\u00f6cek i\u00e7in ev hapis talebi\"}]},{\"@type\":\"WebSite\",\"@id\":\"https:\/\/denizcankizil.tr\/de\/#website\",\"url\":\"https:\/\/denizcankizil.tr\/de\/\",\"name\":\"Av. Deniz Can K\u0131z\u0131l\",\"description\":\"Avukat Deniz Can K\u0131z\u0131l Antalya Barosu\",\"publisher\":{\"@id\":\"https:\/\/denizcankizil.tr\/de\/#organization\"},\"potentialAction\":[{\"@type\":\"SearchAction\",\"target\":{\"@type\":\"EntryPoint\",\"urlTemplate\":\"https:\/\/denizcankizil.tr\/de\/?s={search_term_string}\"},\"query-input\":{\"@type\":\"PropertyValueSpecification\",\"valueRequired\":true,\"valueName\":\"search_term_string\"}}],\"inLanguage\":\"de\"},{\"@type\":\"Organization\",\"@id\":\"https:\/\/denizcankizil.tr\/de\/#organization\",\"name\":\"Av. Deniz Can K\u0131z\u0131l\",\"url\":\"https:\/\/denizcankizil.tr\/de\/\",\"logo\":{\"@type\":\"ImageObject\",\"inLanguage\":\"de\",\"@id\":\"https:\/\/denizcankizil.tr\/de\/#\/schema\/logo\/image\/\",\"url\":\"http:\/\/denizcankizil.tr\/wp-content\/uploads\/2024\/10\/siyah-logo-svg.svg\",\"contentUrl\":\"http:\/\/denizcankizil.tr\/wp-content\/uploads\/2024\/10\/siyah-logo-svg.svg\",\"width\":1080,\"height\":1080,\"caption\":\"Av. Deniz Can K\u0131z\u0131l\"},\"image\":{\"@id\":\"https:\/\/denizcankizil.tr\/de\/#\/schema\/logo\/image\/\"}},{\"@type\":\"Person\",\"@id\":\"https:\/\/denizcankizil.tr\/de\/#\/schema\/person\/e1eb71bb4dd684d46563f0af307e1234\",\"name\":\"Antalya K\u00f6rfez\",\"image\":{\"@type\":\"ImageObject\",\"inLanguage\":\"de\",\"@id\":\"https:\/\/denizcankizil.tr\/de\/#\/schema\/person\/image\/\",\"url\":\"https:\/\/secure.gravatar.com\/avatar\/42b01982558a48a0b501fdcab6a408d3717ea5919095ee2e67b0e521799c5905?s=96&d=mm&r=g\",\"contentUrl\":\"https:\/\/secure.gravatar.com\/avatar\/42b01982558a48a0b501fdcab6a408d3717ea5919095ee2e67b0e521799c5905?s=96&d=mm&r=g\",\"caption\":\"Antalya K\u00f6rfez\"},\"sameAs\":[\"http:\/\/www.antalyakorfez.com\"],\"url\":\"https:\/\/www.antalyakorfez.com\/sagligi-kotuye-giden-muhittin-bocek-icin-ev-hapis-talebi\"}]}<\/script>\n<!-- \/ Yoast SEO Premium plugin. -->","yoast_head_json":{"title":"Sa\u011fl\u0131\u011f\u0131 k\u00f6t\u00fcye giden Muhittin B\u00f6cek i\u00e7in ev hapis talebi - Av. Deniz Can K\u0131z\u0131l","robots":{"index":"index","follow":"follow","max-snippet":"max-snippet:-1","max-image-preview":"max-image-preview:large","max-video-preview":"max-video-preview:-1"},"canonical":"http:\/\/denizcankizil.tr\/de\/haberler\/gundem\/sagligi-kotuye-giden-muhittin-bocek-icin-ev-hapis-talebi\/","og_locale":"de_DE","og_type":"article","og_title":"Sa\u011fl\u0131\u011f\u0131 k\u00f6t\u00fcye giden Muhittin B\u00f6cek i\u00e7in ev hapis talebi","og_description":"Antalya Cumhuriyet Ba\u015fsavc\u0131l\u0131\u011f\u0131 taraf\u0131ndan y\u00fcr\u00fct\u00fclen r\u00fc\u015fvet ve yolsuzluk soru\u015fturmas\u0131 kapsam\u0131nda tutuklanan ve ge\u00e7ici olarak g\u00f6revden uzakla\u015ft\u0131r\u0131lan Antalya B\u00fcy\u00fck\u015fehir Belediye Ba\u015fkan\u0131 Muhittin B\u00f6cek\u2019in sa\u011fl\u0131k durumu iyiye gitmiyor. Pandemi d\u00f6neminde ge\u00e7irdi\u011fi covid rahats\u0131zl\u0131\u011f\u0131 nedeniyle b\u00fcnyesi sars\u0131lan ve cezaevi ko\u015fullar\u0131nda sa\u011fl\u0131\u011f\u0131 k\u00f6t\u00fcle\u015fen Ba\u015fkan B\u00f6cek i\u00e7in ev hapsi talep edildi. \u201cSIKINTILI B\u0130R S\u00dcREC\u0130N YA\u015eANMAYA BA\u015eLANDI\u011eI DO\u011eRUDUR\u201d Ba\u015fkan B\u00f6cek, 14 Temmuz 2025 tarihinde kalp rahats\u0131zl\u0131\u011f\u0131 \u015fikayetiyle Antalya \u015eehir Hastanesi\u2019ne kald\u0131r\u0131lm\u0131\u015ft\u0131. O g\u00fcnden bug\u00fcne B\u00f6cek\u2019in sa\u011fl\u0131k durumu kamuoyunun merak etti\u011fi hususlardan biri olmu\u015ftu. B\u00f6cek sosyal medya \u00fczerinden yapt\u0131\u011f\u0131 payla\u015f\u0131m\u0131nda sa\u011fl\u0131k durumunun k\u00f6t\u00fcle\u015fti\u011fini belirterek, \u201cHapishane ko\u015fullar\u0131n\u0131n, baz\u0131 de\u011ferlerimde farkl\u0131l\u0131klara yol a\u00e7t\u0131\u011f\u0131 ve s\u0131k\u0131nt\u0131l\u0131 bir s\u00fcrecin ya\u015fanmaya ba\u015fland\u0131\u011f\u0131 do\u011frudur. Adaletin en k\u0131sa s\u00fcrede tecelli edece\u011fine olan y\u00fcksek inanc\u0131mla birlikte, sa\u011fl\u0131k sorunlar\u0131m konusunda da ilgili kurumlar\u0131n hassas davranmas\u0131n\u0131 \u00f6nemle rica ediyorum. Yarg\u0131lanmak her birimiz i\u00e7in do\u011fal ve normaldir, ancak bunun pe\u015finen bir cezaya d\u00f6n\u00fc\u015fmesi adalete olan g\u00fcveni de olduk\u00e7a riske atmaktad\u0131r. Sa\u011fl\u0131\u011f\u0131mla ilgili geri d\u00f6n\u00fc\u015f\u00fc olmayacak bir ihmal ile bir vatanda\u015f, bir belediye ba\u015fkan\u0131, bir kamu g\u00f6revlisi olarak kar\u015f\u0131la\u015fmak istemedi\u011fimin bilinmesini isterim\u201d demi\u015fti. BA\u015eKAN B\u00d6CEK \u0130\u00c7\u0130N EV HAPS\u0130 TALEB\u0130 Antalya B\u00fcy\u00fck\u015fehir Belediyesi Ba\u015fkanvekili B\u00fc\u015fra \u00d6zdemir Halk TV\u2019de yay\u0131nlanan programa ba\u011flanarak Muhittin B\u00f6cek\u2019in sa\u011fl\u0131k durumuyla ilgili bilgiler vermi\u015fti. \u00d6zdemir, B\u00f6cek\u2019in sa\u011fl\u0131\u011f\u0131n\u0131n iyiye gitmedi\u011fini ve bu y\u00fczden ba\u015fkan i\u00e7in ev hapsi &hellip;","og_url":"http:\/\/denizcankizil.tr\/de\/haberler\/gundem\/sagligi-kotuye-giden-muhittin-bocek-icin-ev-hapis-talebi\/","og_site_name":"Av. Deniz Can K\u0131z\u0131l","article_published_time":"2025-07-20T15:41:44+00:00","author":"Antalya K\u00f6rfez","twitter_card":"summary_large_image","twitter_misc":{"Verfasst von":"Antalya K\u00f6rfez","Gesch\u00e4tzte Lesezeit":"3\u00a0Minuten"},"schema":{"@context":"https:\/\/schema.org","@graph":[{"@type":"Article","@id":"http:\/\/denizcankizil.tr\/de\/haberler\/gundem\/sagligi-kotuye-giden-muhittin-bocek-icin-ev-hapis-talebi\/#article","isPartOf":{"@id":"http:\/\/denizcankizil.tr\/de\/haberler\/gundem\/sagligi-kotuye-giden-muhittin-bocek-icin-ev-hapis-talebi\/"},"author":{"name":"Antalya K\u00f6rfez","@id":"https:\/\/denizcankizil.tr\/de\/#\/schema\/person\/e1eb71bb4dd684d46563f0af307e1234"},"headline":"Sa\u011fl\u0131\u011f\u0131 k\u00f6t\u00fcye giden Muhittin B\u00f6cek i\u00e7in ev hapis talebi","datePublished":"2025-07-20T15:41:44+00:00","mainEntityOfPage":{"@id":"http:\/\/denizcankizil.tr\/de\/haberler\/gundem\/sagligi-kotuye-giden-muhittin-bocek-icin-ev-hapis-talebi\/"},"wordCount":581,"publisher":{"@id":"https:\/\/denizcankizil.tr\/de\/#organization"},"articleSection":["G\u00fcndem"],"inLanguage":"de"},{"@type":"WebPage","@id":"http:\/\/denizcankizil.tr\/de\/haberler\/gundem\/sagligi-kotuye-giden-muhittin-bocek-icin-ev-hapis-talebi\/","url":"http:\/\/denizcankizil.tr\/de\/haberler\/gundem\/sagligi-kotuye-giden-muhittin-bocek-icin-ev-hapis-talebi\/","name":"Sa\u011fl\u0131\u011f\u0131 k\u00f6t\u00fcye giden Muhittin B\u00f6cek i\u00e7in ev hapis talebi - Av. Deniz Can K\u0131z\u0131l","isPartOf":{"@id":"https:\/\/denizcankizil.tr\/de\/#website"},"datePublished":"2025-07-20T15:41:44+00:00","breadcrumb":{"@id":"http:\/\/denizcankizil.tr\/de\/haberler\/gundem\/sagligi-kotuye-giden-muhittin-bocek-icin-ev-hapis-talebi\/#breadcrumb"},"inLanguage":"de","potentialAction":[{"@type":"ReadAction","target":["http:\/\/denizcankizil.tr\/de\/haberler\/gundem\/sagligi-kotuye-giden-muhittin-bocek-icin-ev-hapis-talebi\/"]}]},{"@type":"BreadcrumbList","@id":"http:\/\/denizcankizil.tr\/de\/haberler\/gundem\/sagligi-kotuye-giden-muhittin-bocek-icin-ev-hapis-talebi\/#breadcrumb","itemListElement":[{"@type":"ListItem","position":1,"name":"Home","item":"https:\/\/denizcankizil.tr\/de\/"},{"@type":"ListItem","position":2,"name":"Sa\u011fl\u0131\u011f\u0131 k\u00f6t\u00fcye giden Muhittin B\u00f6cek i\u00e7in ev hapis talebi"}]},{"@type":"WebSite","@id":"https:\/\/denizcankizil.tr\/de\/#website","url":"https:\/\/denizcankizil.tr\/de\/","name":"Av. Deniz Can K\u0131z\u0131l","description":"Avukat Deniz Can K\u0131z\u0131l Antalya Barosu","publisher":{"@id":"https:\/\/denizcankizil.tr\/de\/#organization"},"potentialAction":[{"@type":"SearchAction","target":{"@type":"EntryPoint","urlTemplate":"https:\/\/denizcankizil.tr\/de\/?s={search_term_string}"},"query-input":{"@type":"PropertyValueSpecification","valueRequired":true,"valueName":"search_term_string"}}],"inLanguage":"de"},{"@type":"Organization","@id":"https:\/\/denizcankizil.tr\/de\/#organization","name":"Av. Deniz Can K\u0131z\u0131l","url":"https:\/\/denizcankizil.tr\/de\/","logo":{"@type":"ImageObject","inLanguage":"de","@id":"https:\/\/denizcankizil.tr\/de\/#\/schema\/logo\/image\/","url":"http:\/\/denizcankizil.tr\/wp-content\/uploads\/2024\/10\/siyah-logo-svg.svg","contentUrl":"http:\/\/denizcankizil.tr\/wp-content\/uploads\/2024\/10\/siyah-logo-svg.svg","width":1080,"height":1080,"caption":"Av. Deniz Can K\u0131z\u0131l"},"image":{"@id":"https:\/\/denizcankizil.tr\/de\/#\/schema\/logo\/image\/"}},{"@type":"Person","@id":"https:\/\/denizcankizil.tr\/de\/#\/schema\/person\/e1eb71bb4dd684d46563f0af307e1234","name":"Antalya K\u00f6rfez","image":{"@type":"ImageObject","inLanguage":"de","@id":"https:\/\/denizcankizil.tr\/de\/#\/schema\/person\/image\/","url":"https:\/\/secure.gravatar.com\/avatar\/42b01982558a48a0b501fdcab6a408d3717ea5919095ee2e67b0e521799c5905?s=96&d=mm&r=g","contentUrl":"https:\/\/secure.gravatar.com\/avatar\/42b01982558a48a0b501fdcab6a408d3717ea5919095ee2e67b0e521799c5905?s=96&d=mm&r=g","caption":"Antalya K\u00f6rfez"},"sameAs":["http:\/\/www.antalyakorfez.com"],"url":"https:\/\/www.antalyakorfez.com\/sagligi-kotuye-giden-muhittin-bocek-icin-ev-hapis-talebi"}]}},"_links":{"self":[{"href":"http:\/\/denizcankizil.tr\/de\/wp-json\/wp\/v2\/posts\/151953","targetHints":{"allow":["GET"]}}],"collection":[{"href":"http:\/\/denizcankizil.tr\/de\/wp-json\/wp\/v2\/posts"}],"about":[{"href":"http:\/\/denizcankizil.tr\/de\/wp-json\/wp\/v2\/types\/post"}],"author":[{"embeddable":true,"href":"http:\/\/denizcankizil.tr\/de\/wp-json\/wp\/v2\/users\/5"}],"replies":[{"embeddable":true,"href":"http:\/\/denizcankizil.tr\/de\/wp-json\/wp\/v2\/comments?post=151953"}],"version-history":[{"count":0,"href":"http:\/\/denizcankizil.tr\/de\/wp-json\/wp\/v2\/posts\/151953\/revisions"}],"wp:attachment":[{"href":"http:\/\/denizcankizil.tr\/de\/wp-json\/wp\/v2\/media?parent=151953"}],"wp:term":[{"taxonomy":"category","embeddable":true,"href":"http:\/\/denizcankizil.tr\/de\/wp-json\/wp\/v2\/categories?post=151953"},{"taxonomy":"post_tag","embeddable":true,"href":"http:\/\/denizcankizil.tr\/de\/wp-json\/wp\/v2\/tags?post=151953"}],"curies":[{"name":"wp","href":"https:\/\/api.w.org\/{rel}","templated":true}]}}