{"id":151796,"date":"2025-07-20T14:41:15","date_gmt":"2025-07-20T11:41:15","guid":{"rendered":"https:\/\/denizcankizil.tr\/uncategorized-tr\/muhittin-bocekin-saglik-durumuyla-ilgili-resmi-aciklama-geldi\/"},"modified":"2025-07-20T14:41:15","modified_gmt":"2025-07-20T11:41:15","slug":"muhittin-bocekin-saglik-durumuyla-ilgili-resmi-aciklama-geldi","status":"publish","type":"post","link":"http:\/\/denizcankizil.tr\/de\/haberler\/gundem\/muhittin-bocekin-saglik-durumuyla-ilgili-resmi-aciklama-geldi\/","title":{"rendered":"Muhittin B\u00f6cek\u2019in sa\u011fl\u0131k durumuyla ilgili resmi a\u00e7\u0131klama geldi"},"content":{"rendered":"<p>Antalya\u2019da d\u00fczenlenen \u2018r\u00fc\u015fvet\u2019 ve \u2018yolsuzluk\u2019 soru\u015fturmas\u0131 kapsam\u0131nda tutuklanan ve ge\u00e7ici olarak g\u00f6revden uzakla\u015ft\u0131r\u0131lan Antalya B\u00fcy\u00fck\u015fehir Belediye Ba\u015fkan\u0131 Muhittin B\u00f6cek, 14 Temmuz 2025 tarihinde kalp rahats\u0131zl\u0131\u011f\u0131 \u015fikayetiyle Antalya \u015eehir Hastanesi\u2019ne kald\u0131r\u0131lm\u0131\u015ft\u0131. O g\u00fcnden bug\u00fcne Ba\u015fkan B\u00f6cek\u2019in sa\u011fl\u0131k durumu kamuoyunun merak etti\u011fi hususlardan biri olmu\u015ftu. B\u00f6cek\u2019in sa\u011fl\u0131k durumu ile alakal\u0131 resmi a\u00e7\u0131klama ise geldi.<\/p>\n<p>BA\u015eKAN B\u00d6CEK\u2019\u0130N SA\u011eLIK DURUMU HAKKINDA \u0130LK A\u00c7IKLAMA<\/p>\n<p>Cezaevinde tutuklu olan Muhittin B\u00f6cek, sosyal medya \u00fczerinden yapt\u0131\u011f\u0131 payla\u015f\u0131mla sa\u011fl\u0131k durumuyla alakal\u0131 bilgiler verdi. Ba\u015fkan B\u00f6cek, covid-19 pandemisi d\u00f6neminde a\u011f\u0131r hasarlar ald\u0131\u011f\u0131n\u0131 ve hapishane ko\u015fullar\u0131n\u0131n sa\u011fl\u0131\u011f\u0131n\u0131 ciddi \u015fekilde etkiledi\u011fini belirterek, \u201cD\u00fcn Halk TV yay\u0131n\u0131nda da ba\u015fkan vekilimizin iletti\u011fi gibi 108 g\u00fcn s\u00fcren Covid d\u00f6nemi rahats\u0131zl\u0131klar\u0131m\u0131n maalesef v\u00fccudumda yaratt\u0131\u011f\u0131 kal\u0131c\u0131 hasarlar mevcuttur. Bu hasarlar her d\u00f6nem doktorlar\u0131m\u0131z taraf\u0131ndan kontrol alt\u0131nda tutulmu\u015f ve s\u00fcre\u00e7 hassasiyetle y\u00fcr\u00fct\u00fclm\u00fc\u015ft\u00fcr. Hapishane ko\u015fullar\u0131n\u0131n, baz\u0131 de\u011ferlerimde farkl\u0131l\u0131klara yol a\u00e7t\u0131\u011f\u0131 ve s\u0131k\u0131nt\u0131l\u0131 bir s\u00fcrecin ya\u015fanmaya ba\u015fland\u0131\u011f\u0131 do\u011frudur\u201d dedi.<\/p>\n<p>KAMU KURU\u015eLULARINA SESLEND\u0130<\/p>\n<p>Sa\u011fl\u0131k sorunlar\u0131 konusunda kamu kurulu\u015flar\u0131n\u0131n hassas davranmas\u0131 i\u00e7in ricada bulunan Ba\u015fkan B\u00f6cek, \u201cAdaletin en k\u0131sa s\u00fcrede tecelli edece\u011fine olan y\u00fcksek inanc\u0131mla birlikte, sa\u011fl\u0131k sorunlar\u0131m konusunda da ilgili kurumlar\u0131n hassas davranmas\u0131n\u0131 \u00f6nemle rica ediyorum. Yarg\u0131lanmak her birimiz i\u00e7in do\u011fal ve normaldir, ancak bunun pe\u015finen bir cezaya d\u00f6n\u00fc\u015fmesi adalete olan g\u00fcveni de olduk\u00e7a riske atmaktad\u0131r. Sa\u011fl\u0131\u011f\u0131mla ilgili geri d\u00f6n\u00fc\u015f\u00fc olmayacak bir ihmal ile bir vatanda\u015f, bir belediye ba\u015fkan\u0131, bir kamu g\u00f6revlisi olarak kar\u015f\u0131la\u015fmak istemedi\u011fimin bilinmesini isterim\u201d diye konu\u015ftu.<\/p>\n<p>Kamuoyunun bilgisine<\/p>\n<p>D\u00fcn Halk TV yay\u0131n\u0131nda da ba\u015fkan vekilimizin iletti\u011fi gibi 108 g\u00fcn s\u00fcren Covid d\u00f6nemi rahats\u0131zl\u0131klar\u0131m\u0131n maalesef v\u00fccudumda yaratt\u0131\u011f\u0131 kal\u0131c\u0131 hasarlar mevcuttur.<\/p>\n<p>Bu hasarlar her d\u00f6nem doktorlar\u0131m\u0131z taraf\u0131ndan kontrol alt\u0131nda tutulmu\u015f ve s\u00fcre\u00e7 hassasiyetle\u2026 pic.twitter.com\/2WE6NDGh60<br \/>\n\u2014 Muhittin B\u00f6cek (@BocekMuhittin) July 20, 2025<\/p>\n<p>\u201cMUH\u0130TT\u0130N B\u00d6CEK \u0130LE G\u00d6R\u00dc\u015eEM\u0130YORUZ\u201d<\/p>\n<p>Ge\u00e7ti\u011fimiz g\u00fcnlerde Antalya K\u00f6rfez Gazetesi muhabiri Ertu\u011frul G\u00fcn CHGP Antalya \u0130l Ba\u015fkan\u0131 Nail Kamac\u0131 ile bir r\u00f6portaj ger\u00e7ekle\u015ftirmi\u015f ve Ba\u015fkan B\u00f6cek\u2019in sa\u011fl\u0131k durumu ile alakal\u0131 sorular sormu\u015ftu. Kamac\u0131 ise B\u00f6cek ile uzun zamand\u0131r g\u00f6r\u00fc\u015femediklerini belirterek, \u201cEn son tutukland\u0131ktan 2 g\u00fcn sonra g\u00f6r\u00fc\u015ft\u00fck. Biz birinci derece akrabas\u0131 ve avukat\u0131 olmad\u0131\u011f\u0131m\u0131z i\u00e7in g\u00f6r\u00fc\u015femiyoruz. G\u00f6r\u00fc\u015fme izinleri Ankara\u2019dan bakanl\u0131ktan al\u0131n\u0131yor. Sa\u011fl\u0131k durumunun iyi oldu\u011funu biliyoruz ama cezaevi ko\u015fullar\u0131n\u0131n ne durumda oldu\u011fu y\u00f6n\u00fcnde bir bilgimiz yok\u201d ifadelerini kullanm\u0131\u015ft\u0131.<\/p>\n<p>\u200bAntalya Cumhuriyet Ba\u015fsavc\u0131l\u0131\u011f\u0131&#8217;n\u0131n y\u00fcr\u00fctt\u00fc\u011f\u00fc \u2018r\u00fc\u015fvet\u2019 soru\u015fturmas\u0131 kapsam\u0131nda tutuklanan Antalya B\u00fcy\u00fck\u015fehir Belediye Ba\u015fkan\u0131 Muhittin B\u00f6cek\u2019in sa\u011fl\u0131k durumu ile alakal\u0131 ilk resm\u00ee a\u00e7\u0131klama geldi. Ba\u015fkan B\u00f6cek sosyal medya \u00fczerinden yapt\u0131\u011f\u0131 payla\u015f\u0131m\u0131nda, \u201cHapishane ko\u015fullar\u0131n\u0131n, baz\u0131 de\u011ferlerimde farkl\u0131l\u0131klara yol a\u00e7t\u0131\u011f\u0131 ve s\u0131k\u0131nt\u0131l\u0131 bir s\u00fcrecin ya\u015fanmaya ba\u015fland\u0131\u011f\u0131 do\u011frudur\u201d dedi.\u00a0<\/p>\n<p>\u200bHaberin Al\u0131nt\u0131land\u0131\u011f\u0131 Kaynak: www.antalyakorfez.com<\/p>","protected":false},"excerpt":{"rendered":"<p>Antalya\u2019da d\u00fczenlenen \u2018r\u00fc\u015fvet\u2019 ve \u2018yolsuzluk\u2019 soru\u015fturmas\u0131 kapsam\u0131nda tutuklanan ve ge\u00e7ici olarak g\u00f6revden uzakla\u015ft\u0131r\u0131lan Antalya B\u00fcy\u00fck\u015fehir Belediye Ba\u015fkan\u0131 Muhittin B\u00f6cek, 14 Temmuz 2025 tarihinde kalp rahats\u0131zl\u0131\u011f\u0131 \u015fikayetiyle Antalya \u015eehir Hastanesi\u2019ne kald\u0131r\u0131lm\u0131\u015ft\u0131. O g\u00fcnden bug\u00fcne Ba\u015fkan B\u00f6cek\u2019in sa\u011fl\u0131k durumu kamuoyunun merak etti\u011fi hususlardan biri olmu\u015ftu. B\u00f6cek\u2019in sa\u011fl\u0131k durumu ile alakal\u0131 resmi a\u00e7\u0131klama ise geldi. BA\u015eKAN B\u00d6CEK\u2019\u0130N SA\u011eLIK DURUMU HAKKINDA \u0130LK A\u00c7IKLAMA Cezaevinde tutuklu olan Muhittin B\u00f6cek, sosyal medya \u00fczerinden yapt\u0131\u011f\u0131 payla\u015f\u0131mla sa\u011fl\u0131k durumuyla alakal\u0131 bilgiler verdi. Ba\u015fkan B\u00f6cek, covid-19 pandemisi d\u00f6neminde a\u011f\u0131r hasarlar ald\u0131\u011f\u0131n\u0131 ve hapishane ko\u015fullar\u0131n\u0131n sa\u011fl\u0131\u011f\u0131n\u0131 ciddi \u015fekilde etkiledi\u011fini belirterek, \u201cD\u00fcn Halk TV yay\u0131n\u0131nda da ba\u015fkan vekilimizin iletti\u011fi gibi 108 g\u00fcn s\u00fcren Covid d\u00f6nemi rahats\u0131zl\u0131klar\u0131m\u0131n maalesef v\u00fccudumda yaratt\u0131\u011f\u0131 kal\u0131c\u0131 hasarlar mevcuttur. Bu hasarlar her d\u00f6nem doktorlar\u0131m\u0131z taraf\u0131ndan kontrol alt\u0131nda tutulmu\u015f ve s\u00fcre\u00e7 hassasiyetle y\u00fcr\u00fct\u00fclm\u00fc\u015ft\u00fcr. Hapishane ko\u015fullar\u0131n\u0131n, baz\u0131 de\u011ferlerimde farkl\u0131l\u0131klara yol a\u00e7t\u0131\u011f\u0131 ve s\u0131k\u0131nt\u0131l\u0131 bir s\u00fcrecin ya\u015fanmaya ba\u015fland\u0131\u011f\u0131 do\u011frudur\u201d dedi. KAMU KURU\u015eLULARINA SESLEND\u0130 Sa\u011fl\u0131k sorunlar\u0131 konusunda kamu kurulu\u015flar\u0131n\u0131n hassas davranmas\u0131 i\u00e7in ricada bulunan Ba\u015fkan B\u00f6cek, \u201cAdaletin en k\u0131sa s\u00fcrede tecelli edece\u011fine olan y\u00fcksek inanc\u0131mla birlikte, sa\u011fl\u0131k sorunlar\u0131m konusunda da ilgili kurumlar\u0131n hassas davranmas\u0131n\u0131 \u00f6nemle rica ediyorum. Yarg\u0131lanmak her birimiz i\u00e7in do\u011fal ve normaldir, ancak bunun pe\u015finen bir cezaya d\u00f6n\u00fc\u015fmesi adalete olan g\u00fcveni de olduk\u00e7a riske atmaktad\u0131r. Sa\u011fl\u0131\u011f\u0131mla ilgili geri d\u00f6n\u00fc\u015f\u00fc olmayacak &hellip;<\/p>","protected":false},"author":5,"featured_media":0,"comment_status":"","ping_status":"open","sticky":false,"template":"","format":"standard","meta":{"_acf_changed":false,"footnotes":""},"categories":[24],"tags":[],"class_list":["post-151796","post","type-post","status-publish","format-standard","has-post-thumbnail","hentry","category-gundem"],"acf":[],"yoast_head":"<!-- This site is optimized with the Yoast SEO Premium plugin v26.6 (Yoast SEO v27.1.1) - https:\/\/yoast.com\/product\/yoast-seo-premium-wordpress\/ -->\n<title>Muhittin B\u00f6cek\u2019in sa\u011fl\u0131k durumuyla ilgili resmi a\u00e7\u0131klama geldi - Av. Deniz Can K\u0131z\u0131l<\/title>\n<meta name=\"robots\" content=\"index, follow, max-snippet:-1, max-image-preview:large, max-video-preview:-1\" \/>\n<link rel=\"canonical\" href=\"https:\/\/denizcankizil.tr\/de\/haberler\/gundem\/muhittin-bocekin-saglik-durumuyla-ilgili-resmi-aciklama-geldi\/\" \/>\n<meta property=\"og:locale\" content=\"de_DE\" \/>\n<meta property=\"og:type\" content=\"article\" \/>\n<meta property=\"og:title\" content=\"Muhittin B\u00f6cek\u2019in sa\u011fl\u0131k durumuyla ilgili resmi a\u00e7\u0131klama geldi\" \/>\n<meta property=\"og:description\" content=\"Antalya\u2019da d\u00fczenlenen \u2018r\u00fc\u015fvet\u2019 ve \u2018yolsuzluk\u2019 soru\u015fturmas\u0131 kapsam\u0131nda tutuklanan ve ge\u00e7ici olarak g\u00f6revden uzakla\u015ft\u0131r\u0131lan Antalya B\u00fcy\u00fck\u015fehir Belediye Ba\u015fkan\u0131 Muhittin B\u00f6cek, 14 Temmuz 2025 tarihinde kalp rahats\u0131zl\u0131\u011f\u0131 \u015fikayetiyle Antalya \u015eehir Hastanesi\u2019ne kald\u0131r\u0131lm\u0131\u015ft\u0131. O g\u00fcnden bug\u00fcne Ba\u015fkan B\u00f6cek\u2019in sa\u011fl\u0131k durumu kamuoyunun merak etti\u011fi hususlardan biri olmu\u015ftu. B\u00f6cek\u2019in sa\u011fl\u0131k durumu ile alakal\u0131 resmi a\u00e7\u0131klama ise geldi. BA\u015eKAN B\u00d6CEK\u2019\u0130N SA\u011eLIK DURUMU HAKKINDA \u0130LK A\u00c7IKLAMA Cezaevinde tutuklu olan Muhittin B\u00f6cek, sosyal medya \u00fczerinden yapt\u0131\u011f\u0131 payla\u015f\u0131mla sa\u011fl\u0131k durumuyla alakal\u0131 bilgiler verdi. Ba\u015fkan B\u00f6cek, covid-19 pandemisi d\u00f6neminde a\u011f\u0131r hasarlar ald\u0131\u011f\u0131n\u0131 ve hapishane ko\u015fullar\u0131n\u0131n sa\u011fl\u0131\u011f\u0131n\u0131 ciddi \u015fekilde etkiledi\u011fini belirterek, \u201cD\u00fcn Halk TV yay\u0131n\u0131nda da ba\u015fkan vekilimizin iletti\u011fi gibi 108 g\u00fcn s\u00fcren Covid d\u00f6nemi rahats\u0131zl\u0131klar\u0131m\u0131n maalesef v\u00fccudumda yaratt\u0131\u011f\u0131 kal\u0131c\u0131 hasarlar mevcuttur. Bu hasarlar her d\u00f6nem doktorlar\u0131m\u0131z taraf\u0131ndan kontrol alt\u0131nda tutulmu\u015f ve s\u00fcre\u00e7 hassasiyetle y\u00fcr\u00fct\u00fclm\u00fc\u015ft\u00fcr. Hapishane ko\u015fullar\u0131n\u0131n, baz\u0131 de\u011ferlerimde farkl\u0131l\u0131klara yol a\u00e7t\u0131\u011f\u0131 ve s\u0131k\u0131nt\u0131l\u0131 bir s\u00fcrecin ya\u015fanmaya ba\u015fland\u0131\u011f\u0131 do\u011frudur\u201d dedi. KAMU KURU\u015eLULARINA SESLEND\u0130 Sa\u011fl\u0131k sorunlar\u0131 konusunda kamu kurulu\u015flar\u0131n\u0131n hassas davranmas\u0131 i\u00e7in ricada bulunan Ba\u015fkan B\u00f6cek, \u201cAdaletin en k\u0131sa s\u00fcrede tecelli edece\u011fine olan y\u00fcksek inanc\u0131mla birlikte, sa\u011fl\u0131k sorunlar\u0131m konusunda da ilgili kurumlar\u0131n hassas davranmas\u0131n\u0131 \u00f6nemle rica ediyorum. Yarg\u0131lanmak her birimiz i\u00e7in do\u011fal ve normaldir, ancak bunun pe\u015finen bir cezaya d\u00f6n\u00fc\u015fmesi adalete olan g\u00fcveni de olduk\u00e7a riske atmaktad\u0131r. Sa\u011fl\u0131\u011f\u0131mla ilgili geri d\u00f6n\u00fc\u015f\u00fc olmayacak &hellip;\" \/>\n<meta property=\"og:url\" content=\"https:\/\/denizcankizil.tr\/de\/haberler\/gundem\/muhittin-bocekin-saglik-durumuyla-ilgili-resmi-aciklama-geldi\/\" \/>\n<meta property=\"og:site_name\" content=\"Av. Deniz Can K\u0131z\u0131l\" \/>\n<meta property=\"article:published_time\" content=\"2025-07-20T11:41:15+00:00\" \/>\n<meta name=\"author\" content=\"Antalya K\u00f6rfez\" \/>\n<meta name=\"twitter:card\" content=\"summary_large_image\" \/>\n<meta name=\"twitter:label1\" content=\"Verfasst von\" \/>\n\t<meta name=\"twitter:data1\" content=\"Antalya K\u00f6rfez\" \/>\n\t<meta name=\"twitter:label2\" content=\"Gesch\u00e4tzte Lesezeit\" \/>\n\t<meta name=\"twitter:data2\" content=\"3\u00a0Minuten\" \/>\n<script type=\"application\/ld+json\" class=\"yoast-schema-graph\">{\"@context\":\"https:\/\/schema.org\",\"@graph\":[{\"@type\":\"Article\",\"@id\":\"https:\/\/denizcankizil.tr\/ru\/haberler\/gundem\/muhittin-bocekin-saglik-durumuyla-ilgili-resmi-aciklama-geldi\/#article\",\"isPartOf\":{\"@id\":\"https:\/\/denizcankizil.tr\/ru\/haberler\/gundem\/muhittin-bocekin-saglik-durumuyla-ilgili-resmi-aciklama-geldi\/\"},\"author\":{\"name\":\"Antalya K\u00f6rfez\",\"@id\":\"https:\/\/denizcankizil.tr\/de\/#\/schema\/person\/e1eb71bb4dd684d46563f0af307e1234\"},\"headline\":\"Muhittin B\u00f6cek\u2019in sa\u011fl\u0131k durumuyla ilgili resmi a\u00e7\u0131klama geldi\",\"datePublished\":\"2025-07-20T11:41:15+00:00\",\"mainEntityOfPage\":{\"@id\":\"https:\/\/denizcankizil.tr\/ru\/haberler\/gundem\/muhittin-bocekin-saglik-durumuyla-ilgili-resmi-aciklama-geldi\/\"},\"wordCount\":638,\"publisher\":{\"@id\":\"https:\/\/denizcankizil.tr\/de\/#organization\"},\"articleSection\":[\"G\u00fcndem\"],\"inLanguage\":\"de\"},{\"@type\":\"WebPage\",\"@id\":\"https:\/\/denizcankizil.tr\/ru\/haberler\/gundem\/muhittin-bocekin-saglik-durumuyla-ilgili-resmi-aciklama-geldi\/\",\"url\":\"https:\/\/denizcankizil.tr\/ru\/haberler\/gundem\/muhittin-bocekin-saglik-durumuyla-ilgili-resmi-aciklama-geldi\/\",\"name\":\"Muhittin B\u00f6cek\u2019in sa\u011fl\u0131k durumuyla ilgili resmi a\u00e7\u0131klama geldi - Av. Deniz Can K\u0131z\u0131l\",\"isPartOf\":{\"@id\":\"https:\/\/denizcankizil.tr\/de\/#website\"},\"datePublished\":\"2025-07-20T11:41:15+00:00\",\"breadcrumb\":{\"@id\":\"https:\/\/denizcankizil.tr\/ru\/haberler\/gundem\/muhittin-bocekin-saglik-durumuyla-ilgili-resmi-aciklama-geldi\/#breadcrumb\"},\"inLanguage\":\"de\",\"potentialAction\":[{\"@type\":\"ReadAction\",\"target\":[\"https:\/\/denizcankizil.tr\/ru\/haberler\/gundem\/muhittin-bocekin-saglik-durumuyla-ilgili-resmi-aciklama-geldi\/\"]}]},{\"@type\":\"BreadcrumbList\",\"@id\":\"https:\/\/denizcankizil.tr\/ru\/haberler\/gundem\/muhittin-bocekin-saglik-durumuyla-ilgili-resmi-aciklama-geldi\/#breadcrumb\",\"itemListElement\":[{\"@type\":\"ListItem\",\"position\":1,\"name\":\"Home\",\"item\":\"https:\/\/denizcankizil.tr\/de\/\"},{\"@type\":\"ListItem\",\"position\":2,\"name\":\"Muhittin B\u00f6cek\u2019in sa\u011fl\u0131k durumuyla ilgili resmi a\u00e7\u0131klama geldi\"}]},{\"@type\":\"WebSite\",\"@id\":\"https:\/\/denizcankizil.tr\/de\/#website\",\"url\":\"https:\/\/denizcankizil.tr\/de\/\",\"name\":\"Av. Deniz Can K\u0131z\u0131l\",\"description\":\"Avukat Deniz Can K\u0131z\u0131l Antalya Barosu\",\"publisher\":{\"@id\":\"https:\/\/denizcankizil.tr\/de\/#organization\"},\"potentialAction\":[{\"@type\":\"SearchAction\",\"target\":{\"@type\":\"EntryPoint\",\"urlTemplate\":\"https:\/\/denizcankizil.tr\/de\/?s={search_term_string}\"},\"query-input\":{\"@type\":\"PropertyValueSpecification\",\"valueRequired\":true,\"valueName\":\"search_term_string\"}}],\"inLanguage\":\"de\"},{\"@type\":\"Organization\",\"@id\":\"https:\/\/denizcankizil.tr\/de\/#organization\",\"name\":\"Av. Deniz Can K\u0131z\u0131l\",\"url\":\"https:\/\/denizcankizil.tr\/de\/\",\"logo\":{\"@type\":\"ImageObject\",\"inLanguage\":\"de\",\"@id\":\"https:\/\/denizcankizil.tr\/de\/#\/schema\/logo\/image\/\",\"url\":\"http:\/\/denizcankizil.tr\/wp-content\/uploads\/2024\/10\/siyah-logo-svg.svg\",\"contentUrl\":\"http:\/\/denizcankizil.tr\/wp-content\/uploads\/2024\/10\/siyah-logo-svg.svg\",\"width\":1080,\"height\":1080,\"caption\":\"Av. Deniz Can K\u0131z\u0131l\"},\"image\":{\"@id\":\"https:\/\/denizcankizil.tr\/de\/#\/schema\/logo\/image\/\"}},{\"@type\":\"Person\",\"@id\":\"https:\/\/denizcankizil.tr\/de\/#\/schema\/person\/e1eb71bb4dd684d46563f0af307e1234\",\"name\":\"Antalya K\u00f6rfez\",\"image\":{\"@type\":\"ImageObject\",\"inLanguage\":\"de\",\"@id\":\"https:\/\/denizcankizil.tr\/de\/#\/schema\/person\/image\/\",\"url\":\"https:\/\/secure.gravatar.com\/avatar\/42b01982558a48a0b501fdcab6a408d3717ea5919095ee2e67b0e521799c5905?s=96&d=mm&r=g\",\"contentUrl\":\"https:\/\/secure.gravatar.com\/avatar\/42b01982558a48a0b501fdcab6a408d3717ea5919095ee2e67b0e521799c5905?s=96&d=mm&r=g\",\"caption\":\"Antalya K\u00f6rfez\"},\"sameAs\":[\"http:\/\/www.antalyakorfez.com\"],\"url\":\"https:\/\/www.antalyakorfez.com\/muhittin-bocekin-saglik-durumuyla-ilgili-resmi-aciklama-geldi\"}]}<\/script>\n<!-- \/ Yoast SEO Premium plugin. -->","yoast_head_json":{"title":"Muhittin B\u00f6cek\u2019in sa\u011fl\u0131k durumuyla ilgili resmi a\u00e7\u0131klama geldi - Av. Deniz Can K\u0131z\u0131l","robots":{"index":"index","follow":"follow","max-snippet":"max-snippet:-1","max-image-preview":"max-image-preview:large","max-video-preview":"max-video-preview:-1"},"canonical":"https:\/\/denizcankizil.tr\/de\/haberler\/gundem\/muhittin-bocekin-saglik-durumuyla-ilgili-resmi-aciklama-geldi\/","og_locale":"de_DE","og_type":"article","og_title":"Muhittin B\u00f6cek\u2019in sa\u011fl\u0131k durumuyla ilgili resmi a\u00e7\u0131klama geldi","og_description":"Antalya\u2019da d\u00fczenlenen \u2018r\u00fc\u015fvet\u2019 ve \u2018yolsuzluk\u2019 soru\u015fturmas\u0131 kapsam\u0131nda tutuklanan ve ge\u00e7ici olarak g\u00f6revden uzakla\u015ft\u0131r\u0131lan Antalya B\u00fcy\u00fck\u015fehir Belediye Ba\u015fkan\u0131 Muhittin B\u00f6cek, 14 Temmuz 2025 tarihinde kalp rahats\u0131zl\u0131\u011f\u0131 \u015fikayetiyle Antalya \u015eehir Hastanesi\u2019ne kald\u0131r\u0131lm\u0131\u015ft\u0131. O g\u00fcnden bug\u00fcne Ba\u015fkan B\u00f6cek\u2019in sa\u011fl\u0131k durumu kamuoyunun merak etti\u011fi hususlardan biri olmu\u015ftu. B\u00f6cek\u2019in sa\u011fl\u0131k durumu ile alakal\u0131 resmi a\u00e7\u0131klama ise geldi. BA\u015eKAN B\u00d6CEK\u2019\u0130N SA\u011eLIK DURUMU HAKKINDA \u0130LK A\u00c7IKLAMA Cezaevinde tutuklu olan Muhittin B\u00f6cek, sosyal medya \u00fczerinden yapt\u0131\u011f\u0131 payla\u015f\u0131mla sa\u011fl\u0131k durumuyla alakal\u0131 bilgiler verdi. Ba\u015fkan B\u00f6cek, covid-19 pandemisi d\u00f6neminde a\u011f\u0131r hasarlar ald\u0131\u011f\u0131n\u0131 ve hapishane ko\u015fullar\u0131n\u0131n sa\u011fl\u0131\u011f\u0131n\u0131 ciddi \u015fekilde etkiledi\u011fini belirterek, \u201cD\u00fcn Halk TV yay\u0131n\u0131nda da ba\u015fkan vekilimizin iletti\u011fi gibi 108 g\u00fcn s\u00fcren Covid d\u00f6nemi rahats\u0131zl\u0131klar\u0131m\u0131n maalesef v\u00fccudumda yaratt\u0131\u011f\u0131 kal\u0131c\u0131 hasarlar mevcuttur. Bu hasarlar her d\u00f6nem doktorlar\u0131m\u0131z taraf\u0131ndan kontrol alt\u0131nda tutulmu\u015f ve s\u00fcre\u00e7 hassasiyetle y\u00fcr\u00fct\u00fclm\u00fc\u015ft\u00fcr. Hapishane ko\u015fullar\u0131n\u0131n, baz\u0131 de\u011ferlerimde farkl\u0131l\u0131klara yol a\u00e7t\u0131\u011f\u0131 ve s\u0131k\u0131nt\u0131l\u0131 bir s\u00fcrecin ya\u015fanmaya ba\u015fland\u0131\u011f\u0131 do\u011frudur\u201d dedi. KAMU KURU\u015eLULARINA SESLEND\u0130 Sa\u011fl\u0131k sorunlar\u0131 konusunda kamu kurulu\u015flar\u0131n\u0131n hassas davranmas\u0131 i\u00e7in ricada bulunan Ba\u015fkan B\u00f6cek, \u201cAdaletin en k\u0131sa s\u00fcrede tecelli edece\u011fine olan y\u00fcksek inanc\u0131mla birlikte, sa\u011fl\u0131k sorunlar\u0131m konusunda da ilgili kurumlar\u0131n hassas davranmas\u0131n\u0131 \u00f6nemle rica ediyorum. Yarg\u0131lanmak her birimiz i\u00e7in do\u011fal ve normaldir, ancak bunun pe\u015finen bir cezaya d\u00f6n\u00fc\u015fmesi adalete olan g\u00fcveni de olduk\u00e7a riske atmaktad\u0131r. Sa\u011fl\u0131\u011f\u0131mla ilgili geri d\u00f6n\u00fc\u015f\u00fc olmayacak &hellip;","og_url":"https:\/\/denizcankizil.tr\/de\/haberler\/gundem\/muhittin-bocekin-saglik-durumuyla-ilgili-resmi-aciklama-geldi\/","og_site_name":"Av. Deniz Can K\u0131z\u0131l","article_published_time":"2025-07-20T11:41:15+00:00","author":"Antalya K\u00f6rfez","twitter_card":"summary_large_image","twitter_misc":{"Verfasst von":"Antalya K\u00f6rfez","Gesch\u00e4tzte Lesezeit":"3\u00a0Minuten"},"schema":{"@context":"https:\/\/schema.org","@graph":[{"@type":"Article","@id":"https:\/\/denizcankizil.tr\/ru\/haberler\/gundem\/muhittin-bocekin-saglik-durumuyla-ilgili-resmi-aciklama-geldi\/#article","isPartOf":{"@id":"https:\/\/denizcankizil.tr\/ru\/haberler\/gundem\/muhittin-bocekin-saglik-durumuyla-ilgili-resmi-aciklama-geldi\/"},"author":{"name":"Antalya K\u00f6rfez","@id":"https:\/\/denizcankizil.tr\/de\/#\/schema\/person\/e1eb71bb4dd684d46563f0af307e1234"},"headline":"Muhittin B\u00f6cek\u2019in sa\u011fl\u0131k durumuyla ilgili resmi a\u00e7\u0131klama geldi","datePublished":"2025-07-20T11:41:15+00:00","mainEntityOfPage":{"@id":"https:\/\/denizcankizil.tr\/ru\/haberler\/gundem\/muhittin-bocekin-saglik-durumuyla-ilgili-resmi-aciklama-geldi\/"},"wordCount":638,"publisher":{"@id":"https:\/\/denizcankizil.tr\/de\/#organization"},"articleSection":["G\u00fcndem"],"inLanguage":"de"},{"@type":"WebPage","@id":"https:\/\/denizcankizil.tr\/ru\/haberler\/gundem\/muhittin-bocekin-saglik-durumuyla-ilgili-resmi-aciklama-geldi\/","url":"https:\/\/denizcankizil.tr\/ru\/haberler\/gundem\/muhittin-bocekin-saglik-durumuyla-ilgili-resmi-aciklama-geldi\/","name":"Muhittin B\u00f6cek\u2019in sa\u011fl\u0131k durumuyla ilgili resmi a\u00e7\u0131klama geldi - Av. Deniz Can K\u0131z\u0131l","isPartOf":{"@id":"https:\/\/denizcankizil.tr\/de\/#website"},"datePublished":"2025-07-20T11:41:15+00:00","breadcrumb":{"@id":"https:\/\/denizcankizil.tr\/ru\/haberler\/gundem\/muhittin-bocekin-saglik-durumuyla-ilgili-resmi-aciklama-geldi\/#breadcrumb"},"inLanguage":"de","potentialAction":[{"@type":"ReadAction","target":["https:\/\/denizcankizil.tr\/ru\/haberler\/gundem\/muhittin-bocekin-saglik-durumuyla-ilgili-resmi-aciklama-geldi\/"]}]},{"@type":"BreadcrumbList","@id":"https:\/\/denizcankizil.tr\/ru\/haberler\/gundem\/muhittin-bocekin-saglik-durumuyla-ilgili-resmi-aciklama-geldi\/#breadcrumb","itemListElement":[{"@type":"ListItem","position":1,"name":"Home","item":"https:\/\/denizcankizil.tr\/de\/"},{"@type":"ListItem","position":2,"name":"Muhittin B\u00f6cek\u2019in sa\u011fl\u0131k durumuyla ilgili resmi a\u00e7\u0131klama geldi"}]},{"@type":"WebSite","@id":"https:\/\/denizcankizil.tr\/de\/#website","url":"https:\/\/denizcankizil.tr\/de\/","name":"Av. Deniz Can K\u0131z\u0131l","description":"Avukat Deniz Can K\u0131z\u0131l Antalya Barosu","publisher":{"@id":"https:\/\/denizcankizil.tr\/de\/#organization"},"potentialAction":[{"@type":"SearchAction","target":{"@type":"EntryPoint","urlTemplate":"https:\/\/denizcankizil.tr\/de\/?s={search_term_string}"},"query-input":{"@type":"PropertyValueSpecification","valueRequired":true,"valueName":"search_term_string"}}],"inLanguage":"de"},{"@type":"Organization","@id":"https:\/\/denizcankizil.tr\/de\/#organization","name":"Av. Deniz Can K\u0131z\u0131l","url":"https:\/\/denizcankizil.tr\/de\/","logo":{"@type":"ImageObject","inLanguage":"de","@id":"https:\/\/denizcankizil.tr\/de\/#\/schema\/logo\/image\/","url":"http:\/\/denizcankizil.tr\/wp-content\/uploads\/2024\/10\/siyah-logo-svg.svg","contentUrl":"http:\/\/denizcankizil.tr\/wp-content\/uploads\/2024\/10\/siyah-logo-svg.svg","width":1080,"height":1080,"caption":"Av. Deniz Can K\u0131z\u0131l"},"image":{"@id":"https:\/\/denizcankizil.tr\/de\/#\/schema\/logo\/image\/"}},{"@type":"Person","@id":"https:\/\/denizcankizil.tr\/de\/#\/schema\/person\/e1eb71bb4dd684d46563f0af307e1234","name":"Antalya K\u00f6rfez","image":{"@type":"ImageObject","inLanguage":"de","@id":"https:\/\/denizcankizil.tr\/de\/#\/schema\/person\/image\/","url":"https:\/\/secure.gravatar.com\/avatar\/42b01982558a48a0b501fdcab6a408d3717ea5919095ee2e67b0e521799c5905?s=96&d=mm&r=g","contentUrl":"https:\/\/secure.gravatar.com\/avatar\/42b01982558a48a0b501fdcab6a408d3717ea5919095ee2e67b0e521799c5905?s=96&d=mm&r=g","caption":"Antalya K\u00f6rfez"},"sameAs":["http:\/\/www.antalyakorfez.com"],"url":"https:\/\/www.antalyakorfez.com\/muhittin-bocekin-saglik-durumuyla-ilgili-resmi-aciklama-geldi"}]}},"_links":{"self":[{"href":"http:\/\/denizcankizil.tr\/de\/wp-json\/wp\/v2\/posts\/151796","targetHints":{"allow":["GET"]}}],"collection":[{"href":"http:\/\/denizcankizil.tr\/de\/wp-json\/wp\/v2\/posts"}],"about":[{"href":"http:\/\/denizcankizil.tr\/de\/wp-json\/wp\/v2\/types\/post"}],"author":[{"embeddable":true,"href":"http:\/\/denizcankizil.tr\/de\/wp-json\/wp\/v2\/users\/5"}],"replies":[{"embeddable":true,"href":"http:\/\/denizcankizil.tr\/de\/wp-json\/wp\/v2\/comments?post=151796"}],"version-history":[{"count":0,"href":"http:\/\/denizcankizil.tr\/de\/wp-json\/wp\/v2\/posts\/151796\/revisions"}],"wp:attachment":[{"href":"http:\/\/denizcankizil.tr\/de\/wp-json\/wp\/v2\/media?parent=151796"}],"wp:term":[{"taxonomy":"category","embeddable":true,"href":"http:\/\/denizcankizil.tr\/de\/wp-json\/wp\/v2\/categories?post=151796"},{"taxonomy":"post_tag","embeddable":true,"href":"http:\/\/denizcankizil.tr\/de\/wp-json\/wp\/v2\/tags?post=151796"}],"curies":[{"name":"wp","href":"https:\/\/api.w.org\/{rel}","templated":true}]}}