{"id":149553,"date":"2025-07-18T06:42:22","date_gmt":"2025-07-18T03:42:22","guid":{"rendered":"https:\/\/denizcankizil.tr\/uncategorized-tr\/tokyaz-icin-hatmi-serif-okundu\/"},"modified":"2025-07-18T06:42:22","modified_gmt":"2025-07-18T03:42:22","slug":"tokyaz-icin-hatmi-serif-okundu","status":"publish","type":"post","link":"http:\/\/denizcankizil.tr\/de\/haberler\/gundem\/tokyaz-icin-hatmi-serif-okundu\/","title":{"rendered":"Tokyaz I\u00e7in Hatmi \u015eerif Okundu"},"content":{"rendered":"<p>\u0130stanbul&#8217;da sevgilisi eski polis memuru Cemil Ko\u00e7 taraf\u0131ndan \u00f6ld\u00fcr\u00fcld\u00fckten sonra yol kenar\u0131na valiz i\u00e7erisinde cesedi b\u0131rak\u0131lan Ay\u015fe Tokyaz i\u00e7in memleketi Reyhanl\u0131 il\u00e7esi Adabucak Mahallesi&#8217;ndeki evlerinin \u00f6n\u00fcnde ailesi taraf\u0131ndan hatmi \u015ferif okutuldu. Taziyeye gelen \u00e7ok say\u0131da vatanda\u015f, Tokyaz i\u00e7in dua etti<\/p>\n<p><img decoding=\"async\" alt=\"I M G 20250717 W A0088\" class=\"detail-photo img-fluid lazyload\" height=\"1134\" data-src=\"https:\/\/iskenderunorg.teimg.com\/iskenderun-org\/uploads\/2025\/07\/2025\/07\/i-m-g-20250717-w-a0088.jpg\" width=\"2016\" src=\"data:image\/svg+xml;base64,PHN2ZyB3aWR0aD0iMSIgaGVpZ2h0PSIxIiB4bWxucz0iaHR0cDovL3d3dy53My5vcmcvMjAwMC9zdmciPjwvc3ZnPg==\" style=\"--smush-placeholder-width: 2016px; --smush-placeholder-aspect-ratio: 2016\/1134;\" \/><\/p>\n<p>\u200b\u0130stanbul&#8217;da sevgilisi eski polis memuru Cemil Ko\u00e7 taraf\u0131ndan \u00f6ld\u00fcr\u00fcld\u00fckten sonra yol kenar\u0131na valiz i\u00e7erisinde cesedi b\u0131rak\u0131lan Ay\u015fe Tokyaz i\u00e7in memleketi Reyhanl\u0131 il\u00e7esi Adabucak Mahallesi&#8217;ndeki evlerinin \u00f6n\u00fcnde ailesi taraf\u0131ndan hatmi \u015ferif okutuldu. Taziyeye gelen \u00e7ok say\u0131da vatanda\u015f, Tokyaz i\u00e7in dua etti\u00a0<\/p>\n<p>\u200bHaberin Al\u0131nt\u0131land\u0131\u011f\u0131 Kaynak: www.iskenderun.org<\/p>","protected":false},"excerpt":{"rendered":"<p>\u0130stanbul&#8217;da sevgilisi eski polis memuru Cemil Ko\u00e7 taraf\u0131ndan \u00f6ld\u00fcr\u00fcld\u00fckten sonra yol kenar\u0131na valiz i\u00e7erisinde cesedi b\u0131rak\u0131lan Ay\u015fe Tokyaz i\u00e7in memleketi Reyhanl\u0131 il\u00e7esi Adabucak Mahallesi&#8217;ndeki evlerinin \u00f6n\u00fcnde ailesi taraf\u0131ndan hatmi \u015ferif okutuldu. Taziyeye gelen \u00e7ok say\u0131da vatanda\u015f, Tokyaz i\u00e7in dua etti \u200b\u0130stanbul&#8217;da sevgilisi eski polis memuru Cemil Ko\u00e7 taraf\u0131ndan \u00f6ld\u00fcr\u00fcld\u00fckten sonra yol kenar\u0131na valiz i\u00e7erisinde cesedi b\u0131rak\u0131lan Ay\u015fe Tokyaz i\u00e7in memleketi Reyhanl\u0131 il\u00e7esi Adabucak Mahallesi&#8217;ndeki evlerinin \u00f6n\u00fcnde ailesi taraf\u0131ndan hatmi \u015ferif okutuldu. Taziyeye gelen \u00e7ok say\u0131da vatanda\u015f, Tokyaz i\u00e7in dua etti\u00a0 \u200bHaberin Al\u0131nt\u0131land\u0131\u011f\u0131 Kaynak: www.iskenderun.org<\/p>","protected":false},"author":1,"featured_media":0,"comment_status":"","ping_status":"open","sticky":false,"template":"","format":"standard","meta":{"_acf_changed":false,"footnotes":""},"categories":[24],"tags":[],"class_list":["post-149553","post","type-post","status-publish","format-standard","has-post-thumbnail","hentry","category-gundem"],"acf":[],"yoast_head":"<!-- This site is optimized with the Yoast SEO Premium plugin v26.6 (Yoast SEO v27.1.1) - https:\/\/yoast.com\/product\/yoast-seo-premium-wordpress\/ -->\n<title>Tokyaz I\u00e7in Hatmi \u015eerif Okundu - Av. Deniz Can K\u0131z\u0131l<\/title>\n<meta name=\"robots\" content=\"index, follow, max-snippet:-1, max-image-preview:large, max-video-preview:-1\" \/>\n<link rel=\"canonical\" href=\"http:\/\/denizcankizil.tr\/de\/haberler\/gundem\/tokyaz-icin-hatmi-serif-okundu\/\" \/>\n<meta property=\"og:locale\" content=\"de_DE\" \/>\n<meta property=\"og:type\" content=\"article\" \/>\n<meta property=\"og:title\" content=\"Tokyaz I\u00e7in Hatmi \u015eerif Okundu\" \/>\n<meta property=\"og:description\" content=\"\u0130stanbul&#8217;da sevgilisi eski polis memuru Cemil Ko\u00e7 taraf\u0131ndan \u00f6ld\u00fcr\u00fcld\u00fckten sonra yol kenar\u0131na valiz i\u00e7erisinde cesedi b\u0131rak\u0131lan Ay\u015fe Tokyaz i\u00e7in memleketi Reyhanl\u0131 il\u00e7esi Adabucak Mahallesi&#8217;ndeki evlerinin \u00f6n\u00fcnde ailesi taraf\u0131ndan hatmi \u015ferif okutuldu. Taziyeye gelen \u00e7ok say\u0131da vatanda\u015f, Tokyaz i\u00e7in dua etti \u200b\u0130stanbul&#8217;da sevgilisi eski polis memuru Cemil Ko\u00e7 taraf\u0131ndan \u00f6ld\u00fcr\u00fcld\u00fckten sonra yol kenar\u0131na valiz i\u00e7erisinde cesedi b\u0131rak\u0131lan Ay\u015fe Tokyaz i\u00e7in memleketi Reyhanl\u0131 il\u00e7esi Adabucak Mahallesi&#8217;ndeki evlerinin \u00f6n\u00fcnde ailesi taraf\u0131ndan hatmi \u015ferif okutuldu. Taziyeye gelen \u00e7ok say\u0131da vatanda\u015f, Tokyaz i\u00e7in dua etti\u00a0 \u200bHaberin Al\u0131nt\u0131land\u0131\u011f\u0131 Kaynak: www.iskenderun.org\" \/>\n<meta property=\"og:url\" content=\"http:\/\/denizcankizil.tr\/de\/haberler\/gundem\/tokyaz-icin-hatmi-serif-okundu\/\" \/>\n<meta property=\"og:site_name\" content=\"Av. Deniz Can K\u0131z\u0131l\" \/>\n<meta property=\"article:published_time\" content=\"2025-07-18T03:42:22+00:00\" \/>\n<meta property=\"og:image\" content=\"https:\/\/iskenderunorg.teimg.com\/iskenderun-org\/uploads\/2025\/07\/2025\/07\/i-m-g-20250717-w-a0088.jpg\" \/>\n<meta name=\"author\" content=\"admin\" \/>\n<meta name=\"twitter:card\" content=\"summary_large_image\" \/>\n<meta name=\"twitter:label1\" content=\"Verfasst von\" \/>\n\t<meta name=\"twitter:data1\" content=\"admin\" \/>\n\t<meta name=\"twitter:label2\" content=\"Gesch\u00e4tzte Lesezeit\" \/>\n\t<meta name=\"twitter:data2\" content=\"1\u00a0Minute\" \/>\n<script type=\"application\/ld+json\" class=\"yoast-schema-graph\">{\"@context\":\"https:\/\/schema.org\",\"@graph\":[{\"@type\":\"Article\",\"@id\":\"http:\/\/denizcankizil.tr\/en\/haberler\/gundem\/tokyaz-icin-hatmi-serif-okundu\/#article\",\"isPartOf\":{\"@id\":\"http:\/\/denizcankizil.tr\/en\/haberler\/gundem\/tokyaz-icin-hatmi-serif-okundu\/\"},\"author\":{\"name\":\"admin\",\"@id\":\"https:\/\/denizcankizil.tr\/de\/#\/schema\/person\/be3c05fe6a12686905512445d8185489\"},\"headline\":\"Tokyaz I\u00e7in Hatmi \u015eerif Okundu\",\"datePublished\":\"2025-07-18T03:42:22+00:00\",\"mainEntityOfPage\":{\"@id\":\"http:\/\/denizcankizil.tr\/en\/haberler\/gundem\/tokyaz-icin-hatmi-serif-okundu\/\"},\"wordCount\":128,\"publisher\":{\"@id\":\"https:\/\/denizcankizil.tr\/de\/#organization\"},\"image\":{\"@id\":\"http:\/\/denizcankizil.tr\/en\/haberler\/gundem\/tokyaz-icin-hatmi-serif-okundu\/#primaryimage\"},\"thumbnailUrl\":\"https:\/\/iskenderunorg.teimg.com\/iskenderun-org\/uploads\/2025\/07\/2025\/07\/i-m-g-20250717-w-a0088.jpg\",\"articleSection\":[\"G\u00fcndem\"],\"inLanguage\":\"de\"},{\"@type\":\"WebPage\",\"@id\":\"http:\/\/denizcankizil.tr\/en\/haberler\/gundem\/tokyaz-icin-hatmi-serif-okundu\/\",\"url\":\"http:\/\/denizcankizil.tr\/en\/haberler\/gundem\/tokyaz-icin-hatmi-serif-okundu\/\",\"name\":\"Tokyaz I\u00e7in Hatmi \u015eerif Okundu - Av. Deniz Can K\u0131z\u0131l\",\"isPartOf\":{\"@id\":\"https:\/\/denizcankizil.tr\/de\/#website\"},\"primaryImageOfPage\":{\"@id\":\"http:\/\/denizcankizil.tr\/en\/haberler\/gundem\/tokyaz-icin-hatmi-serif-okundu\/#primaryimage\"},\"image\":{\"@id\":\"http:\/\/denizcankizil.tr\/en\/haberler\/gundem\/tokyaz-icin-hatmi-serif-okundu\/#primaryimage\"},\"thumbnailUrl\":\"https:\/\/iskenderunorg.teimg.com\/iskenderun-org\/uploads\/2025\/07\/2025\/07\/i-m-g-20250717-w-a0088.jpg\",\"datePublished\":\"2025-07-18T03:42:22+00:00\",\"breadcrumb\":{\"@id\":\"http:\/\/denizcankizil.tr\/en\/haberler\/gundem\/tokyaz-icin-hatmi-serif-okundu\/#breadcrumb\"},\"inLanguage\":\"de\",\"potentialAction\":[{\"@type\":\"ReadAction\",\"target\":[\"http:\/\/denizcankizil.tr\/en\/haberler\/gundem\/tokyaz-icin-hatmi-serif-okundu\/\"]}]},{\"@type\":\"ImageObject\",\"inLanguage\":\"de\",\"@id\":\"http:\/\/denizcankizil.tr\/en\/haberler\/gundem\/tokyaz-icin-hatmi-serif-okundu\/#primaryimage\",\"url\":\"https:\/\/iskenderunorg.teimg.com\/iskenderun-org\/uploads\/2025\/07\/2025\/07\/i-m-g-20250717-w-a0088.jpg\",\"contentUrl\":\"https:\/\/iskenderunorg.teimg.com\/iskenderun-org\/uploads\/2025\/07\/2025\/07\/i-m-g-20250717-w-a0088.jpg\"},{\"@type\":\"BreadcrumbList\",\"@id\":\"http:\/\/denizcankizil.tr\/en\/haberler\/gundem\/tokyaz-icin-hatmi-serif-okundu\/#breadcrumb\",\"itemListElement\":[{\"@type\":\"ListItem\",\"position\":1,\"name\":\"Home\",\"item\":\"https:\/\/denizcankizil.tr\/de\/\"},{\"@type\":\"ListItem\",\"position\":2,\"name\":\"Tokyaz I\u00e7in Hatmi \u015eerif Okundu\"}]},{\"@type\":\"WebSite\",\"@id\":\"https:\/\/denizcankizil.tr\/de\/#website\",\"url\":\"https:\/\/denizcankizil.tr\/de\/\",\"name\":\"Av. Deniz Can K\u0131z\u0131l\",\"description\":\"Avukat Deniz Can K\u0131z\u0131l Antalya Barosu\",\"publisher\":{\"@id\":\"https:\/\/denizcankizil.tr\/de\/#organization\"},\"potentialAction\":[{\"@type\":\"SearchAction\",\"target\":{\"@type\":\"EntryPoint\",\"urlTemplate\":\"https:\/\/denizcankizil.tr\/de\/?s={search_term_string}\"},\"query-input\":{\"@type\":\"PropertyValueSpecification\",\"valueRequired\":true,\"valueName\":\"search_term_string\"}}],\"inLanguage\":\"de\"},{\"@type\":\"Organization\",\"@id\":\"https:\/\/denizcankizil.tr\/de\/#organization\",\"name\":\"Av. Deniz Can K\u0131z\u0131l\",\"url\":\"https:\/\/denizcankizil.tr\/de\/\",\"logo\":{\"@type\":\"ImageObject\",\"inLanguage\":\"de\",\"@id\":\"https:\/\/denizcankizil.tr\/de\/#\/schema\/logo\/image\/\",\"url\":\"http:\/\/denizcankizil.tr\/wp-content\/uploads\/2024\/10\/siyah-logo-svg.svg\",\"contentUrl\":\"http:\/\/denizcankizil.tr\/wp-content\/uploads\/2024\/10\/siyah-logo-svg.svg\",\"width\":1080,\"height\":1080,\"caption\":\"Av. Deniz Can K\u0131z\u0131l\"},\"image\":{\"@id\":\"https:\/\/denizcankizil.tr\/de\/#\/schema\/logo\/image\/\"}},{\"@type\":\"Person\",\"@id\":\"https:\/\/denizcankizil.tr\/de\/#\/schema\/person\/be3c05fe6a12686905512445d8185489\",\"name\":\"admin\",\"image\":{\"@type\":\"ImageObject\",\"inLanguage\":\"de\",\"@id\":\"https:\/\/denizcankizil.tr\/de\/#\/schema\/person\/image\/\",\"url\":\"https:\/\/secure.gravatar.com\/avatar\/c1fce94c830dc79107e174f890d7210541c4a63e8e5d816341794a2151c9d58c?s=96&d=mm&r=g\",\"contentUrl\":\"https:\/\/secure.gravatar.com\/avatar\/c1fce94c830dc79107e174f890d7210541c4a63e8e5d816341794a2151c9d58c?s=96&d=mm&r=g\",\"caption\":\"admin\"},\"sameAs\":[\"http:\/\/denizcankizil.tr\"],\"url\":\"https:\/\/www.iskenderun.org\/tokyaz-icin-hatmi-serif-okundu\"}]}<\/script>\n<!-- \/ Yoast SEO Premium plugin. -->","yoast_head_json":{"title":"Tokyaz I\u00e7in Hatmi \u015eerif Okundu - Av. Deniz Can K\u0131z\u0131l","robots":{"index":"index","follow":"follow","max-snippet":"max-snippet:-1","max-image-preview":"max-image-preview:large","max-video-preview":"max-video-preview:-1"},"canonical":"http:\/\/denizcankizil.tr\/de\/haberler\/gundem\/tokyaz-icin-hatmi-serif-okundu\/","og_locale":"de_DE","og_type":"article","og_title":"Tokyaz I\u00e7in Hatmi \u015eerif Okundu","og_description":"\u0130stanbul&#8217;da sevgilisi eski polis memuru Cemil Ko\u00e7 taraf\u0131ndan \u00f6ld\u00fcr\u00fcld\u00fckten sonra yol kenar\u0131na valiz i\u00e7erisinde cesedi b\u0131rak\u0131lan Ay\u015fe Tokyaz i\u00e7in memleketi Reyhanl\u0131 il\u00e7esi Adabucak Mahallesi&#8217;ndeki evlerinin \u00f6n\u00fcnde ailesi taraf\u0131ndan hatmi \u015ferif okutuldu. Taziyeye gelen \u00e7ok say\u0131da vatanda\u015f, Tokyaz i\u00e7in dua etti \u200b\u0130stanbul&#8217;da sevgilisi eski polis memuru Cemil Ko\u00e7 taraf\u0131ndan \u00f6ld\u00fcr\u00fcld\u00fckten sonra yol kenar\u0131na valiz i\u00e7erisinde cesedi b\u0131rak\u0131lan Ay\u015fe Tokyaz i\u00e7in memleketi Reyhanl\u0131 il\u00e7esi Adabucak Mahallesi&#8217;ndeki evlerinin \u00f6n\u00fcnde ailesi taraf\u0131ndan hatmi \u015ferif okutuldu. Taziyeye gelen \u00e7ok say\u0131da vatanda\u015f, Tokyaz i\u00e7in dua etti\u00a0 \u200bHaberin Al\u0131nt\u0131land\u0131\u011f\u0131 Kaynak: www.iskenderun.org","og_url":"http:\/\/denizcankizil.tr\/de\/haberler\/gundem\/tokyaz-icin-hatmi-serif-okundu\/","og_site_name":"Av. Deniz Can K\u0131z\u0131l","article_published_time":"2025-07-18T03:42:22+00:00","og_image":[{"url":"https:\/\/iskenderunorg.teimg.com\/iskenderun-org\/uploads\/2025\/07\/2025\/07\/i-m-g-20250717-w-a0088.jpg","type":"","width":"","height":""}],"author":"admin","twitter_card":"summary_large_image","twitter_misc":{"Verfasst von":"admin","Gesch\u00e4tzte Lesezeit":"1\u00a0Minute"},"schema":{"@context":"https:\/\/schema.org","@graph":[{"@type":"Article","@id":"http:\/\/denizcankizil.tr\/en\/haberler\/gundem\/tokyaz-icin-hatmi-serif-okundu\/#article","isPartOf":{"@id":"http:\/\/denizcankizil.tr\/en\/haberler\/gundem\/tokyaz-icin-hatmi-serif-okundu\/"},"author":{"name":"admin","@id":"https:\/\/denizcankizil.tr\/de\/#\/schema\/person\/be3c05fe6a12686905512445d8185489"},"headline":"Tokyaz I\u00e7in Hatmi \u015eerif Okundu","datePublished":"2025-07-18T03:42:22+00:00","mainEntityOfPage":{"@id":"http:\/\/denizcankizil.tr\/en\/haberler\/gundem\/tokyaz-icin-hatmi-serif-okundu\/"},"wordCount":128,"publisher":{"@id":"https:\/\/denizcankizil.tr\/de\/#organization"},"image":{"@id":"http:\/\/denizcankizil.tr\/en\/haberler\/gundem\/tokyaz-icin-hatmi-serif-okundu\/#primaryimage"},"thumbnailUrl":"https:\/\/iskenderunorg.teimg.com\/iskenderun-org\/uploads\/2025\/07\/2025\/07\/i-m-g-20250717-w-a0088.jpg","articleSection":["G\u00fcndem"],"inLanguage":"de"},{"@type":"WebPage","@id":"http:\/\/denizcankizil.tr\/en\/haberler\/gundem\/tokyaz-icin-hatmi-serif-okundu\/","url":"http:\/\/denizcankizil.tr\/en\/haberler\/gundem\/tokyaz-icin-hatmi-serif-okundu\/","name":"Tokyaz I\u00e7in Hatmi \u015eerif Okundu - Av. Deniz Can K\u0131z\u0131l","isPartOf":{"@id":"https:\/\/denizcankizil.tr\/de\/#website"},"primaryImageOfPage":{"@id":"http:\/\/denizcankizil.tr\/en\/haberler\/gundem\/tokyaz-icin-hatmi-serif-okundu\/#primaryimage"},"image":{"@id":"http:\/\/denizcankizil.tr\/en\/haberler\/gundem\/tokyaz-icin-hatmi-serif-okundu\/#primaryimage"},"thumbnailUrl":"https:\/\/iskenderunorg.teimg.com\/iskenderun-org\/uploads\/2025\/07\/2025\/07\/i-m-g-20250717-w-a0088.jpg","datePublished":"2025-07-18T03:42:22+00:00","breadcrumb":{"@id":"http:\/\/denizcankizil.tr\/en\/haberler\/gundem\/tokyaz-icin-hatmi-serif-okundu\/#breadcrumb"},"inLanguage":"de","potentialAction":[{"@type":"ReadAction","target":["http:\/\/denizcankizil.tr\/en\/haberler\/gundem\/tokyaz-icin-hatmi-serif-okundu\/"]}]},{"@type":"ImageObject","inLanguage":"de","@id":"http:\/\/denizcankizil.tr\/en\/haberler\/gundem\/tokyaz-icin-hatmi-serif-okundu\/#primaryimage","url":"https:\/\/iskenderunorg.teimg.com\/iskenderun-org\/uploads\/2025\/07\/2025\/07\/i-m-g-20250717-w-a0088.jpg","contentUrl":"https:\/\/iskenderunorg.teimg.com\/iskenderun-org\/uploads\/2025\/07\/2025\/07\/i-m-g-20250717-w-a0088.jpg"},{"@type":"BreadcrumbList","@id":"http:\/\/denizcankizil.tr\/en\/haberler\/gundem\/tokyaz-icin-hatmi-serif-okundu\/#breadcrumb","itemListElement":[{"@type":"ListItem","position":1,"name":"Home","item":"https:\/\/denizcankizil.tr\/de\/"},{"@type":"ListItem","position":2,"name":"Tokyaz I\u00e7in Hatmi \u015eerif Okundu"}]},{"@type":"WebSite","@id":"https:\/\/denizcankizil.tr\/de\/#website","url":"https:\/\/denizcankizil.tr\/de\/","name":"Av. Deniz Can K\u0131z\u0131l","description":"Avukat Deniz Can K\u0131z\u0131l Antalya Barosu","publisher":{"@id":"https:\/\/denizcankizil.tr\/de\/#organization"},"potentialAction":[{"@type":"SearchAction","target":{"@type":"EntryPoint","urlTemplate":"https:\/\/denizcankizil.tr\/de\/?s={search_term_string}"},"query-input":{"@type":"PropertyValueSpecification","valueRequired":true,"valueName":"search_term_string"}}],"inLanguage":"de"},{"@type":"Organization","@id":"https:\/\/denizcankizil.tr\/de\/#organization","name":"Av. Deniz Can K\u0131z\u0131l","url":"https:\/\/denizcankizil.tr\/de\/","logo":{"@type":"ImageObject","inLanguage":"de","@id":"https:\/\/denizcankizil.tr\/de\/#\/schema\/logo\/image\/","url":"http:\/\/denizcankizil.tr\/wp-content\/uploads\/2024\/10\/siyah-logo-svg.svg","contentUrl":"http:\/\/denizcankizil.tr\/wp-content\/uploads\/2024\/10\/siyah-logo-svg.svg","width":1080,"height":1080,"caption":"Av. Deniz Can K\u0131z\u0131l"},"image":{"@id":"https:\/\/denizcankizil.tr\/de\/#\/schema\/logo\/image\/"}},{"@type":"Person","@id":"https:\/\/denizcankizil.tr\/de\/#\/schema\/person\/be3c05fe6a12686905512445d8185489","name":"Administrator","image":{"@type":"ImageObject","inLanguage":"de","@id":"https:\/\/denizcankizil.tr\/de\/#\/schema\/person\/image\/","url":"https:\/\/secure.gravatar.com\/avatar\/c1fce94c830dc79107e174f890d7210541c4a63e8e5d816341794a2151c9d58c?s=96&d=mm&r=g","contentUrl":"https:\/\/secure.gravatar.com\/avatar\/c1fce94c830dc79107e174f890d7210541c4a63e8e5d816341794a2151c9d58c?s=96&d=mm&r=g","caption":"admin"},"sameAs":["http:\/\/denizcankizil.tr"],"url":"https:\/\/www.iskenderun.org\/tokyaz-icin-hatmi-serif-okundu"}]}},"_links":{"self":[{"href":"http:\/\/denizcankizil.tr\/de\/wp-json\/wp\/v2\/posts\/149553","targetHints":{"allow":["GET"]}}],"collection":[{"href":"http:\/\/denizcankizil.tr\/de\/wp-json\/wp\/v2\/posts"}],"about":[{"href":"http:\/\/denizcankizil.tr\/de\/wp-json\/wp\/v2\/types\/post"}],"author":[{"embeddable":true,"href":"http:\/\/denizcankizil.tr\/de\/wp-json\/wp\/v2\/users\/1"}],"replies":[{"embeddable":true,"href":"http:\/\/denizcankizil.tr\/de\/wp-json\/wp\/v2\/comments?post=149553"}],"version-history":[{"count":0,"href":"http:\/\/denizcankizil.tr\/de\/wp-json\/wp\/v2\/posts\/149553\/revisions"}],"wp:attachment":[{"href":"http:\/\/denizcankizil.tr\/de\/wp-json\/wp\/v2\/media?parent=149553"}],"wp:term":[{"taxonomy":"category","embeddable":true,"href":"http:\/\/denizcankizil.tr\/de\/wp-json\/wp\/v2\/categories?post=149553"},{"taxonomy":"post_tag","embeddable":true,"href":"http:\/\/denizcankizil.tr\/de\/wp-json\/wp\/v2\/tags?post=149553"}],"curies":[{"name":"wp","href":"https:\/\/api.w.org\/{rel}","templated":true}]}}