{"id":148699,"date":"2025-07-17T11:41:48","date_gmt":"2025-07-17T08:41:48","guid":{"rendered":"https:\/\/denizcankizil.tr\/uncategorized-tr\/antalyada-valilik-harekete-gecti-bunlara-uymayan-sup-board-yapamayacak\/"},"modified":"2025-07-17T11:41:48","modified_gmt":"2025-07-17T08:41:48","slug":"antalyada-valilik-harekete-gecti-bunlara-uymayan-sup-board-yapamayacak","status":"publish","type":"post","link":"http:\/\/denizcankizil.tr\/de\/haberler\/gundem\/antalyada-valilik-harekete-gecti-bunlara-uymayan-sup-board-yapamayacak\/","title":{"rendered":"Antalya\u2019da Valilik harekete ge\u00e7ti! Bunlara uymayan Sup Board yapamayacak!"},"content":{"rendered":"<p>Turizm kenti Antalya\u2019n\u0131n Konyaalt\u0131 sahilinde her y\u0131l sabah erken saatlere yap\u0131lan stand up paddle boarding (SUP bording) etkinlikleri havalar\u0131 \u0131s\u0131nmas\u0131 ile yeniden ba\u015flad\u0131. T\u00fcrk\u00e7e kar\u015f\u0131l\u0131\u011f\u0131 ayakta k\u00fcrek \u00e7ekme olarak bilinen organizasyonda bir araya gelen binlerce ki\u015fi \u00f6zellikle haftasonlar\u0131 Konyaalt\u0131 Plaj\u0131ndan denize a\u00e7\u0131l\u0131yor. Ayn\u0131 anda denize a\u00e7\u0131lan y\u00fczlerce ki\u015finin rotas\u0131nda falezlerin alt\u0131ndaki ma\u011faralar var. Antalya Valili\u011fi, son y\u0131llarda b\u00fcy\u00fck ilgi g\u00f6ren Stand Up Paddle (SUP) Board yani ayakta k\u00fcrek s\u00f6rf\u00fc faaliyetlerine ili\u015fkin kapsaml\u0131 d\u00fczenlemeler i\u00e7eren iki ayr\u0131 genelge yay\u0131mlad\u0131.<\/p>\n<p>MA\u011eARALAR \u0130\u015eGAL ALTINDA<\/p>\n<p>Nesli tehlike alt\u0131nda olan ve say\u0131lar\u0131 h\u0131zla t\u00fckenen Akdeniz foklar\u0131 ise as\u0131rlard\u0131r k\u0131y\u0131lardaki ma\u011faralarda ya\u015famlar\u0131n\u0131 s\u00fcrd\u00fcr\u00fcyor. Bununla birlikte ba\u015fta deniz canl\u0131lar\u0131 olmak \u00fczere yarasalar da bu ma\u011faralar\u0131 kendilerine ya\u015fam alan\u0131 olarak ay\u0131rd\u0131. B\u00fct\u00fcn bunlara ra\u011fmen d\u00fczenlenen turlarda, tatilciler kanolarla ma\u011faralar\u0131n i\u00e7erisine kadar giriyor.<\/p>\n<p>SAATL\u0130\u011e\u0130 600 TL<\/p>\n<p>Bir board saatli\u011fi 500-600 TL, 3 saatli\u011fi ise 1200 TL\u2019den kiralanabiliyor. G\u00fcnl\u00fck kiralama \u00fccretleri ise 3-5 bin TL aras\u0131nda de\u011fi\u015fti\u011fi g\u00f6r\u00fcld\u00fc. Sat\u0131n al\u0131nmak istenilirse fiyat\u0131 20 bin TL ile 50 bin TL aras\u0131nda de\u011fi\u015fim g\u00f6steriyor. G\u00fcnl\u00fck olarak SUP kiralayan ki\u015filer gruplar halinde turlara kat\u0131l\u0131yor. Bir rehber e\u015fli\u011finde d\u00fczenlenen turlarda falezlerin g\u00fczellikleri adeta mest ediyor. Sabah erken saatlerde kendine gelemeyen ki\u015filer bu do\u011fal g\u00fczel kar\u015f\u0131s\u0131nda g\u00fcne uyan\u0131yor.<\/p>\n<p>VAL\u0130L\u0130KTEN GENELGE<\/p>\n<p>Antalya Valili\u011fi, son y\u0131llarda b\u00fcy\u00fck ilgi g\u00f6ren Stand Up Paddle (SUP) Board yani ayakta k\u00fcrek s\u00f6rf\u00fc faaliyetlerine ili\u015fkin kapsaml\u0131 d\u00fczenlemeler i\u00e7eren iki ayr\u0131 genelge yay\u0131mlad\u0131. Turizm i\u015fletmeleri hem de bireysel kullan\u0131c\u0131lar i\u00e7in g\u00fcvenlik, denetim ve yasal sorumluluklar net \u015fekilde belirlendi. Valilik taraf\u0131ndan yap\u0131lan a\u00e7\u0131klamada, d\u00fczenlemelerin temel amac\u0131n\u0131n SUP faaliyetlerinin g\u00fcvenli ve kontroll\u00fc \u015fekilde yap\u0131lmas\u0131n\u0131 sa\u011flamak, turizm faaliyetlerini \u00e7e\u015fitlendirmek ve can g\u00fcvenli\u011fini en \u00fcst d\u00fczeyde korumak oldu\u011fu vurguland\u0131.<\/p>\n<p>TUR L\u0130DER\u0130 ZORUNLU<\/p>\n<p>Ticari SUP faaliyetlerinde, her 6 ki\u015filik gruba bir federasyon onayl\u0131 tur lideri e\u015flik etmesi zorunlu hale getirildi. Liderin yan\u0131 s\u0131ra k\u0131y\u0131da bir i\u015fletme sorumlusunun da haz\u0131r bulunmas\u0131 gerekti\u011fi belirtilirken, deniz ile kesintisiz ileti\u015fim kurabilecek telsiz sistemleri ve acil durumlarda kullan\u0131lacak VHF kanal 16 ve 08 frekanslar\u0131 ile do\u011frudan 112 Acil \u00c7a\u011fr\u0131 Merkezi\u2019ne ula\u015f\u0131labilece\u011fi kaydedildi.<\/p>\n<p>G\u00dcN DO\u011eUMU \u0130LE G\u00dcN BATIMI<\/p>\n<p>Genelgede deniz ve hava durumu kriterlerine \u00f6zel \u00f6nem verildi. 3 Bofor (12\u201319 km\/s) \u00fczerindeki r\u00fczg\u00e2rl\u0131 ve dalgal\u0131 hava ko\u015fullar\u0131nda faaliyet yap\u0131lmas\u0131 yasakland\u0131. Faaliyetlerin yaln\u0131zca g\u00fcn do\u011fumu ile g\u00fcn bat\u0131m\u0131 aras\u0131nda yap\u0131lmas\u0131na izin verildi. Kat\u0131l\u0131mc\u0131lar\u0131n ISO sertifikal\u0131 ve d\u00fcd\u00fckl\u00fc can yele\u011fi giymeleri zorunlu tutuldu.<\/p>\n<p>KURTARMA BOTU ZORUNLU<\/p>\n<p>Ticari SUP turlar\u0131 s\u0131ras\u0131nda, Ba\u011flama K\u00fct\u00fc\u011f\u00fc Uygulama Y\u00f6netmeli\u011fi\u2019ne uygun en az bir kurtarma (takip) botu bulundurulmas\u0131 zorunlu hale getirildi. Bu botta g\u00f6rev alacak personelin gemici ve g\u00fcm\u00fc\u015f cankurtaran belgelerine sahip olmas\u0131 gerekti\u011fi belirtildi. SUP say\u0131s\u0131n\u0131n 42\u2019yi a\u015fmas\u0131 durumunda ikinci bir kurtarma botu olmadan faaliyet izni verilmeyece\u011fi ifade edildi.<\/p>\n<p>KOD ZORUNLULU\u011eU<\/p>\n<p>Antalya K\u00f6rfez Gazetesi muhabiri Ertu\u011frul G\u00fcn&#8217;\u00fcn haberine g\u00f6re; i\u015fletmelerin her SUP tahtas\u0131na QR kod yap\u0131\u015ft\u0131rarak, \u00fcr\u00fcn\u00fcn hangi i\u015fletmeye ait oldu\u011funu belgelemeleri \u015fart ko\u015fuldu. Ayr\u0131ca, faaliyet \u00f6ncesinde kat\u0131l\u0131mc\u0131lar\u0131n isim, TC veya pasaport numaralar\u0131n\u0131n bulundu\u011fu listeler kolluk birimlerine bildirilecek. Meydana gelen kazalar\u0131n ise derhal 112 Acil \u00c7a\u011fr\u0131 Merkezi\u2019ne rapor edilmesi gerekecek.<\/p>\n<p>KES\u0130NL\u0130KLE YASAKLANDI<\/p>\n<p>Faaliyetlerin liman giri\u015f-\u00e7\u0131k\u0131\u015flar\u0131, bat\u0131k alanlar ve deniz trafi\u011fine kapal\u0131 d\u00f6nemlerde yap\u0131lamayaca\u011f\u0131 a\u00e7\u0131k\u00e7a belirtilirken, \u015famand\u0131ralara ba\u011flanmak veya yakla\u015fmak kesinlikle yasakland\u0131. Giri\u015f-\u00e7\u0131k\u0131\u015flar belirlenen parkur koridorlar\u0131ndan emniyetli \u015fekilde yap\u0131lacak. Y\u00fczme alan\u0131 parkurlar\u0131 SUP faaliyetlerine kapat\u0131ld\u0131.<\/p>\n<p>TEKRAR HAL\u0130NDE \u0130PTAL<\/p>\n<p>SUP faaliyetlerini izin belgesi olmadan ger\u00e7ekle\u015ftirenler hakk\u0131nda 1618 say\u0131l\u0131 Seyahat Acentalar\u0131 Kanunu ve 2634 say\u0131l\u0131 Turizmi Te\u015fvik Kanunu kapsam\u0131nda yasal i\u015flem yap\u0131lacak. Mevzuata ayk\u0131r\u0131 hareket eden i\u015fletmelerin faaliyet izinleri ise 2634 say\u0131l\u0131 Kanunun 33. maddesi gere\u011fi kademeli olarak 10 g\u00fcn ile 1 ay aras\u0131nda ask\u0131ya al\u0131nabilecek, ihlallerin tekrar\u0131 halinde ise izin belgesi tamamen iptal edilecek.<\/p>\n<p>YA\u015e SINIRI HATIRLATMASI<\/p>\n<p>Valili\u011fin 2024\/10 say\u0131l\u0131 \u0130l Mahalli \u00c7evre Kurulu karar\u0131na at\u0131fta bulunulan genelgede, m\u00fczik yay\u0131n\u0131n\u0131n s\u0131n\u0131rland\u0131r\u0131ld\u0131\u011f\u0131 alanlarda faaliyet s\u0131ras\u0131nda hoparl\u00f6r kullan\u0131m\u0131 yasakland\u0131. Ayr\u0131ca 15 ya\u015f\u0131ndan k\u00fc\u00e7\u00fck bireylerle ilgili kurallara uymayanlara cezai sorumlulu\u011fun veli veya vasiler taraf\u0131ndan \u00fcstlenilece\u011fi belirtildi.<\/p>\n<p>FAAL\u0130YETE \u0130Z\u0130N YOK<\/p>\n<p>Ticari veya bireysel her t\u00fcrl\u00fc SUP faaliyetinin yaln\u0131zca \u0130l\u00e7e Sportif Turizm Kurullar\u0131 taraf\u0131ndan belirlenen alanlarda yap\u0131labilece\u011fi bildirildi. \u0130\u00e7 sularda faaliyet g\u00f6sterecek olan i\u015fletmelerin, ilgili kurum g\u00f6r\u00fc\u015flerini alarak izin ba\u015fvurusu yapmas\u0131 gerekti\u011fi de genelgede yer ald\u0131.<\/p>\n<p>\u200bAntalya\u2019da havalar\u0131n \u0131s\u0131nmas\u0131yla birlikte sabah saatlerinde ma\u011faralara y\u00f6nelik d\u00fczenlenen Sup (Ayakta k\u00fcrek \u00e7ekme) turlar\u0131na y\u00f6nelik Antalya Valili\u011fi taraf\u0131ndan bir tak\u0131m yeni kararlar al\u0131nd\u0131. \u0130\u015fte detaylar\u2026\u00a0<\/p>\n<p>\u200bHaberin Al\u0131nt\u0131land\u0131\u011f\u0131 Kaynak: www.antalyakorfez.com<\/p>","protected":false},"excerpt":{"rendered":"<p>Turizm kenti Antalya\u2019n\u0131n Konyaalt\u0131 sahilinde her y\u0131l sabah erken saatlere yap\u0131lan stand up paddle boarding (SUP bording) etkinlikleri havalar\u0131 \u0131s\u0131nmas\u0131 ile yeniden ba\u015flad\u0131. T\u00fcrk\u00e7e kar\u015f\u0131l\u0131\u011f\u0131 ayakta k\u00fcrek \u00e7ekme olarak bilinen organizasyonda bir araya gelen binlerce ki\u015fi \u00f6zellikle haftasonlar\u0131 Konyaalt\u0131 Plaj\u0131ndan denize a\u00e7\u0131l\u0131yor. Ayn\u0131 anda denize a\u00e7\u0131lan y\u00fczlerce ki\u015finin rotas\u0131nda falezlerin alt\u0131ndaki ma\u011faralar var. Antalya Valili\u011fi, son y\u0131llarda b\u00fcy\u00fck ilgi g\u00f6ren Stand Up Paddle (SUP) Board yani ayakta k\u00fcrek s\u00f6rf\u00fc faaliyetlerine ili\u015fkin kapsaml\u0131 d\u00fczenlemeler i\u00e7eren iki ayr\u0131 genelge yay\u0131mlad\u0131. MA\u011eARALAR \u0130\u015eGAL ALTINDA Nesli tehlike alt\u0131nda olan ve say\u0131lar\u0131 h\u0131zla t\u00fckenen Akdeniz foklar\u0131 ise as\u0131rlard\u0131r k\u0131y\u0131lardaki ma\u011faralarda ya\u015famlar\u0131n\u0131 s\u00fcrd\u00fcr\u00fcyor. Bununla birlikte ba\u015fta deniz canl\u0131lar\u0131 olmak \u00fczere yarasalar da bu ma\u011faralar\u0131 kendilerine ya\u015fam alan\u0131 olarak ay\u0131rd\u0131. B\u00fct\u00fcn bunlara ra\u011fmen d\u00fczenlenen turlarda, tatilciler kanolarla ma\u011faralar\u0131n i\u00e7erisine kadar giriyor. SAATL\u0130\u011e\u0130 600 TL Bir board saatli\u011fi 500-600 TL, 3 saatli\u011fi ise 1200 TL\u2019den kiralanabiliyor. G\u00fcnl\u00fck kiralama \u00fccretleri ise 3-5 bin TL aras\u0131nda de\u011fi\u015fti\u011fi g\u00f6r\u00fcld\u00fc. Sat\u0131n al\u0131nmak istenilirse fiyat\u0131 20 bin TL ile 50 bin TL aras\u0131nda de\u011fi\u015fim g\u00f6steriyor. G\u00fcnl\u00fck olarak SUP kiralayan ki\u015filer gruplar halinde turlara kat\u0131l\u0131yor. Bir rehber e\u015fli\u011finde d\u00fczenlenen turlarda falezlerin g\u00fczellikleri adeta mest ediyor. Sabah erken saatlerde kendine gelemeyen ki\u015filer bu do\u011fal g\u00fczel kar\u015f\u0131s\u0131nda g\u00fcne uyan\u0131yor. VAL\u0130L\u0130KTEN GENELGE Antalya Valili\u011fi, son y\u0131llarda b\u00fcy\u00fck &hellip;<\/p>","protected":false},"author":5,"featured_media":0,"comment_status":"","ping_status":"open","sticky":false,"template":"","format":"standard","meta":{"_acf_changed":false,"footnotes":""},"categories":[24],"tags":[],"class_list":["post-148699","post","type-post","status-publish","format-standard","has-post-thumbnail","hentry","category-gundem"],"acf":[],"yoast_head":"<!-- This site is optimized with the Yoast SEO Premium plugin v26.6 (Yoast SEO v27.1.1) - https:\/\/yoast.com\/product\/yoast-seo-premium-wordpress\/ -->\n<title>Antalya\u2019da Valilik harekete ge\u00e7ti! Bunlara uymayan Sup Board yapamayacak! - Av. Deniz Can K\u0131z\u0131l<\/title>\n<meta name=\"robots\" content=\"index, follow, max-snippet:-1, max-image-preview:large, max-video-preview:-1\" \/>\n<link rel=\"canonical\" href=\"http:\/\/denizcankizil.tr\/de\/haberler\/gundem\/antalyada-valilik-harekete-gecti-bunlara-uymayan-sup-board-yapamayacak\/\" \/>\n<meta property=\"og:locale\" content=\"de_DE\" \/>\n<meta property=\"og:type\" content=\"article\" \/>\n<meta property=\"og:title\" content=\"Antalya\u2019da Valilik harekete ge\u00e7ti! Bunlara uymayan Sup Board yapamayacak!\" \/>\n<meta property=\"og:description\" content=\"Turizm kenti Antalya\u2019n\u0131n Konyaalt\u0131 sahilinde her y\u0131l sabah erken saatlere yap\u0131lan stand up paddle boarding (SUP bording) etkinlikleri havalar\u0131 \u0131s\u0131nmas\u0131 ile yeniden ba\u015flad\u0131. T\u00fcrk\u00e7e kar\u015f\u0131l\u0131\u011f\u0131 ayakta k\u00fcrek \u00e7ekme olarak bilinen organizasyonda bir araya gelen binlerce ki\u015fi \u00f6zellikle haftasonlar\u0131 Konyaalt\u0131 Plaj\u0131ndan denize a\u00e7\u0131l\u0131yor. Ayn\u0131 anda denize a\u00e7\u0131lan y\u00fczlerce ki\u015finin rotas\u0131nda falezlerin alt\u0131ndaki ma\u011faralar var. Antalya Valili\u011fi, son y\u0131llarda b\u00fcy\u00fck ilgi g\u00f6ren Stand Up Paddle (SUP) Board yani ayakta k\u00fcrek s\u00f6rf\u00fc faaliyetlerine ili\u015fkin kapsaml\u0131 d\u00fczenlemeler i\u00e7eren iki ayr\u0131 genelge yay\u0131mlad\u0131. MA\u011eARALAR \u0130\u015eGAL ALTINDA Nesli tehlike alt\u0131nda olan ve say\u0131lar\u0131 h\u0131zla t\u00fckenen Akdeniz foklar\u0131 ise as\u0131rlard\u0131r k\u0131y\u0131lardaki ma\u011faralarda ya\u015famlar\u0131n\u0131 s\u00fcrd\u00fcr\u00fcyor. Bununla birlikte ba\u015fta deniz canl\u0131lar\u0131 olmak \u00fczere yarasalar da bu ma\u011faralar\u0131 kendilerine ya\u015fam alan\u0131 olarak ay\u0131rd\u0131. B\u00fct\u00fcn bunlara ra\u011fmen d\u00fczenlenen turlarda, tatilciler kanolarla ma\u011faralar\u0131n i\u00e7erisine kadar giriyor. SAATL\u0130\u011e\u0130 600 TL Bir board saatli\u011fi 500-600 TL, 3 saatli\u011fi ise 1200 TL\u2019den kiralanabiliyor. G\u00fcnl\u00fck kiralama \u00fccretleri ise 3-5 bin TL aras\u0131nda de\u011fi\u015fti\u011fi g\u00f6r\u00fcld\u00fc. Sat\u0131n al\u0131nmak istenilirse fiyat\u0131 20 bin TL ile 50 bin TL aras\u0131nda de\u011fi\u015fim g\u00f6steriyor. G\u00fcnl\u00fck olarak SUP kiralayan ki\u015filer gruplar halinde turlara kat\u0131l\u0131yor. Bir rehber e\u015fli\u011finde d\u00fczenlenen turlarda falezlerin g\u00fczellikleri adeta mest ediyor. Sabah erken saatlerde kendine gelemeyen ki\u015filer bu do\u011fal g\u00fczel kar\u015f\u0131s\u0131nda g\u00fcne uyan\u0131yor. VAL\u0130L\u0130KTEN GENELGE Antalya Valili\u011fi, son y\u0131llarda b\u00fcy\u00fck &hellip;\" \/>\n<meta property=\"og:url\" content=\"http:\/\/denizcankizil.tr\/de\/haberler\/gundem\/antalyada-valilik-harekete-gecti-bunlara-uymayan-sup-board-yapamayacak\/\" \/>\n<meta property=\"og:site_name\" content=\"Av. Deniz Can K\u0131z\u0131l\" \/>\n<meta property=\"article:published_time\" content=\"2025-07-17T08:41:48+00:00\" \/>\n<meta name=\"author\" content=\"Antalya K\u00f6rfez\" \/>\n<meta name=\"twitter:card\" content=\"summary_large_image\" \/>\n<meta name=\"twitter:label1\" content=\"Verfasst von\" \/>\n\t<meta name=\"twitter:data1\" content=\"Antalya K\u00f6rfez\" \/>\n\t<meta name=\"twitter:label2\" content=\"Gesch\u00e4tzte Lesezeit\" \/>\n\t<meta name=\"twitter:data2\" content=\"5\u00a0Minuten\" \/>\n<script type=\"application\/ld+json\" class=\"yoast-schema-graph\">{\"@context\":\"https:\/\/schema.org\",\"@graph\":[{\"@type\":\"Article\",\"@id\":\"http:\/\/denizcankizil.tr\/de\/haberler\/gundem\/antalyada-valilik-harekete-gecti-bunlara-uymayan-sup-board-yapamayacak\/#article\",\"isPartOf\":{\"@id\":\"http:\/\/denizcankizil.tr\/de\/haberler\/gundem\/antalyada-valilik-harekete-gecti-bunlara-uymayan-sup-board-yapamayacak\/\"},\"author\":{\"name\":\"Antalya K\u00f6rfez\",\"@id\":\"https:\/\/denizcankizil.tr\/de\/#\/schema\/person\/e1eb71bb4dd684d46563f0af307e1234\"},\"headline\":\"Antalya\u2019da Valilik harekete ge\u00e7ti! Bunlara uymayan Sup Board yapamayacak!\",\"datePublished\":\"2025-07-17T08:41:48+00:00\",\"mainEntityOfPage\":{\"@id\":\"http:\/\/denizcankizil.tr\/de\/haberler\/gundem\/antalyada-valilik-harekete-gecti-bunlara-uymayan-sup-board-yapamayacak\/\"},\"wordCount\":955,\"publisher\":{\"@id\":\"https:\/\/denizcankizil.tr\/de\/#organization\"},\"articleSection\":[\"G\u00fcndem\"],\"inLanguage\":\"de\"},{\"@type\":\"WebPage\",\"@id\":\"http:\/\/denizcankizil.tr\/de\/haberler\/gundem\/antalyada-valilik-harekete-gecti-bunlara-uymayan-sup-board-yapamayacak\/\",\"url\":\"http:\/\/denizcankizil.tr\/de\/haberler\/gundem\/antalyada-valilik-harekete-gecti-bunlara-uymayan-sup-board-yapamayacak\/\",\"name\":\"Antalya\u2019da Valilik harekete ge\u00e7ti! Bunlara uymayan Sup Board yapamayacak! - Av. Deniz Can K\u0131z\u0131l\",\"isPartOf\":{\"@id\":\"https:\/\/denizcankizil.tr\/de\/#website\"},\"datePublished\":\"2025-07-17T08:41:48+00:00\",\"breadcrumb\":{\"@id\":\"http:\/\/denizcankizil.tr\/de\/haberler\/gundem\/antalyada-valilik-harekete-gecti-bunlara-uymayan-sup-board-yapamayacak\/#breadcrumb\"},\"inLanguage\":\"de\",\"potentialAction\":[{\"@type\":\"ReadAction\",\"target\":[\"http:\/\/denizcankizil.tr\/de\/haberler\/gundem\/antalyada-valilik-harekete-gecti-bunlara-uymayan-sup-board-yapamayacak\/\"]}]},{\"@type\":\"BreadcrumbList\",\"@id\":\"http:\/\/denizcankizil.tr\/de\/haberler\/gundem\/antalyada-valilik-harekete-gecti-bunlara-uymayan-sup-board-yapamayacak\/#breadcrumb\",\"itemListElement\":[{\"@type\":\"ListItem\",\"position\":1,\"name\":\"Home\",\"item\":\"https:\/\/denizcankizil.tr\/de\/\"},{\"@type\":\"ListItem\",\"position\":2,\"name\":\"Antalya\u2019da Valilik harekete ge\u00e7ti! Bunlara uymayan Sup Board yapamayacak!\"}]},{\"@type\":\"WebSite\",\"@id\":\"https:\/\/denizcankizil.tr\/de\/#website\",\"url\":\"https:\/\/denizcankizil.tr\/de\/\",\"name\":\"Av. Deniz Can K\u0131z\u0131l\",\"description\":\"Avukat Deniz Can K\u0131z\u0131l Antalya Barosu\",\"publisher\":{\"@id\":\"https:\/\/denizcankizil.tr\/de\/#organization\"},\"potentialAction\":[{\"@type\":\"SearchAction\",\"target\":{\"@type\":\"EntryPoint\",\"urlTemplate\":\"https:\/\/denizcankizil.tr\/de\/?s={search_term_string}\"},\"query-input\":{\"@type\":\"PropertyValueSpecification\",\"valueRequired\":true,\"valueName\":\"search_term_string\"}}],\"inLanguage\":\"de\"},{\"@type\":\"Organization\",\"@id\":\"https:\/\/denizcankizil.tr\/de\/#organization\",\"name\":\"Av. Deniz Can K\u0131z\u0131l\",\"url\":\"https:\/\/denizcankizil.tr\/de\/\",\"logo\":{\"@type\":\"ImageObject\",\"inLanguage\":\"de\",\"@id\":\"https:\/\/denizcankizil.tr\/de\/#\/schema\/logo\/image\/\",\"url\":\"http:\/\/denizcankizil.tr\/wp-content\/uploads\/2024\/10\/siyah-logo-svg.svg\",\"contentUrl\":\"http:\/\/denizcankizil.tr\/wp-content\/uploads\/2024\/10\/siyah-logo-svg.svg\",\"width\":1080,\"height\":1080,\"caption\":\"Av. Deniz Can K\u0131z\u0131l\"},\"image\":{\"@id\":\"https:\/\/denizcankizil.tr\/de\/#\/schema\/logo\/image\/\"}},{\"@type\":\"Person\",\"@id\":\"https:\/\/denizcankizil.tr\/de\/#\/schema\/person\/e1eb71bb4dd684d46563f0af307e1234\",\"name\":\"Antalya K\u00f6rfez\",\"image\":{\"@type\":\"ImageObject\",\"inLanguage\":\"de\",\"@id\":\"https:\/\/denizcankizil.tr\/de\/#\/schema\/person\/image\/\",\"url\":\"https:\/\/secure.gravatar.com\/avatar\/42b01982558a48a0b501fdcab6a408d3717ea5919095ee2e67b0e521799c5905?s=96&d=mm&r=g\",\"contentUrl\":\"https:\/\/secure.gravatar.com\/avatar\/42b01982558a48a0b501fdcab6a408d3717ea5919095ee2e67b0e521799c5905?s=96&d=mm&r=g\",\"caption\":\"Antalya K\u00f6rfez\"},\"sameAs\":[\"http:\/\/www.antalyakorfez.com\"],\"url\":\"https:\/\/www.antalyakorfez.com\/antalyada-valilik-harekete-gecti-bunlara-uymayan-sup-board-yapamayacak\"}]}<\/script>\n<!-- \/ Yoast SEO Premium plugin. -->","yoast_head_json":{"title":"Antalya\u2019da Valilik harekete ge\u00e7ti! Bunlara uymayan Sup Board yapamayacak! - Av. Deniz Can K\u0131z\u0131l","robots":{"index":"index","follow":"follow","max-snippet":"max-snippet:-1","max-image-preview":"max-image-preview:large","max-video-preview":"max-video-preview:-1"},"canonical":"http:\/\/denizcankizil.tr\/de\/haberler\/gundem\/antalyada-valilik-harekete-gecti-bunlara-uymayan-sup-board-yapamayacak\/","og_locale":"de_DE","og_type":"article","og_title":"Antalya\u2019da Valilik harekete ge\u00e7ti! Bunlara uymayan Sup Board yapamayacak!","og_description":"Turizm kenti Antalya\u2019n\u0131n Konyaalt\u0131 sahilinde her y\u0131l sabah erken saatlere yap\u0131lan stand up paddle boarding (SUP bording) etkinlikleri havalar\u0131 \u0131s\u0131nmas\u0131 ile yeniden ba\u015flad\u0131. T\u00fcrk\u00e7e kar\u015f\u0131l\u0131\u011f\u0131 ayakta k\u00fcrek \u00e7ekme olarak bilinen organizasyonda bir araya gelen binlerce ki\u015fi \u00f6zellikle haftasonlar\u0131 Konyaalt\u0131 Plaj\u0131ndan denize a\u00e7\u0131l\u0131yor. Ayn\u0131 anda denize a\u00e7\u0131lan y\u00fczlerce ki\u015finin rotas\u0131nda falezlerin alt\u0131ndaki ma\u011faralar var. Antalya Valili\u011fi, son y\u0131llarda b\u00fcy\u00fck ilgi g\u00f6ren Stand Up Paddle (SUP) Board yani ayakta k\u00fcrek s\u00f6rf\u00fc faaliyetlerine ili\u015fkin kapsaml\u0131 d\u00fczenlemeler i\u00e7eren iki ayr\u0131 genelge yay\u0131mlad\u0131. MA\u011eARALAR \u0130\u015eGAL ALTINDA Nesli tehlike alt\u0131nda olan ve say\u0131lar\u0131 h\u0131zla t\u00fckenen Akdeniz foklar\u0131 ise as\u0131rlard\u0131r k\u0131y\u0131lardaki ma\u011faralarda ya\u015famlar\u0131n\u0131 s\u00fcrd\u00fcr\u00fcyor. Bununla birlikte ba\u015fta deniz canl\u0131lar\u0131 olmak \u00fczere yarasalar da bu ma\u011faralar\u0131 kendilerine ya\u015fam alan\u0131 olarak ay\u0131rd\u0131. B\u00fct\u00fcn bunlara ra\u011fmen d\u00fczenlenen turlarda, tatilciler kanolarla ma\u011faralar\u0131n i\u00e7erisine kadar giriyor. SAATL\u0130\u011e\u0130 600 TL Bir board saatli\u011fi 500-600 TL, 3 saatli\u011fi ise 1200 TL\u2019den kiralanabiliyor. G\u00fcnl\u00fck kiralama \u00fccretleri ise 3-5 bin TL aras\u0131nda de\u011fi\u015fti\u011fi g\u00f6r\u00fcld\u00fc. Sat\u0131n al\u0131nmak istenilirse fiyat\u0131 20 bin TL ile 50 bin TL aras\u0131nda de\u011fi\u015fim g\u00f6steriyor. G\u00fcnl\u00fck olarak SUP kiralayan ki\u015filer gruplar halinde turlara kat\u0131l\u0131yor. Bir rehber e\u015fli\u011finde d\u00fczenlenen turlarda falezlerin g\u00fczellikleri adeta mest ediyor. Sabah erken saatlerde kendine gelemeyen ki\u015filer bu do\u011fal g\u00fczel kar\u015f\u0131s\u0131nda g\u00fcne uyan\u0131yor. VAL\u0130L\u0130KTEN GENELGE Antalya Valili\u011fi, son y\u0131llarda b\u00fcy\u00fck &hellip;","og_url":"http:\/\/denizcankizil.tr\/de\/haberler\/gundem\/antalyada-valilik-harekete-gecti-bunlara-uymayan-sup-board-yapamayacak\/","og_site_name":"Av. Deniz Can K\u0131z\u0131l","article_published_time":"2025-07-17T08:41:48+00:00","author":"Antalya K\u00f6rfez","twitter_card":"summary_large_image","twitter_misc":{"Verfasst von":"Antalya K\u00f6rfez","Gesch\u00e4tzte Lesezeit":"5\u00a0Minuten"},"schema":{"@context":"https:\/\/schema.org","@graph":[{"@type":"Article","@id":"http:\/\/denizcankizil.tr\/de\/haberler\/gundem\/antalyada-valilik-harekete-gecti-bunlara-uymayan-sup-board-yapamayacak\/#article","isPartOf":{"@id":"http:\/\/denizcankizil.tr\/de\/haberler\/gundem\/antalyada-valilik-harekete-gecti-bunlara-uymayan-sup-board-yapamayacak\/"},"author":{"name":"Antalya K\u00f6rfez","@id":"https:\/\/denizcankizil.tr\/de\/#\/schema\/person\/e1eb71bb4dd684d46563f0af307e1234"},"headline":"Antalya\u2019da Valilik harekete ge\u00e7ti! Bunlara uymayan Sup Board yapamayacak!","datePublished":"2025-07-17T08:41:48+00:00","mainEntityOfPage":{"@id":"http:\/\/denizcankizil.tr\/de\/haberler\/gundem\/antalyada-valilik-harekete-gecti-bunlara-uymayan-sup-board-yapamayacak\/"},"wordCount":955,"publisher":{"@id":"https:\/\/denizcankizil.tr\/de\/#organization"},"articleSection":["G\u00fcndem"],"inLanguage":"de"},{"@type":"WebPage","@id":"http:\/\/denizcankizil.tr\/de\/haberler\/gundem\/antalyada-valilik-harekete-gecti-bunlara-uymayan-sup-board-yapamayacak\/","url":"http:\/\/denizcankizil.tr\/de\/haberler\/gundem\/antalyada-valilik-harekete-gecti-bunlara-uymayan-sup-board-yapamayacak\/","name":"Antalya\u2019da Valilik harekete ge\u00e7ti! Bunlara uymayan Sup Board yapamayacak! - Av. Deniz Can K\u0131z\u0131l","isPartOf":{"@id":"https:\/\/denizcankizil.tr\/de\/#website"},"datePublished":"2025-07-17T08:41:48+00:00","breadcrumb":{"@id":"http:\/\/denizcankizil.tr\/de\/haberler\/gundem\/antalyada-valilik-harekete-gecti-bunlara-uymayan-sup-board-yapamayacak\/#breadcrumb"},"inLanguage":"de","potentialAction":[{"@type":"ReadAction","target":["http:\/\/denizcankizil.tr\/de\/haberler\/gundem\/antalyada-valilik-harekete-gecti-bunlara-uymayan-sup-board-yapamayacak\/"]}]},{"@type":"BreadcrumbList","@id":"http:\/\/denizcankizil.tr\/de\/haberler\/gundem\/antalyada-valilik-harekete-gecti-bunlara-uymayan-sup-board-yapamayacak\/#breadcrumb","itemListElement":[{"@type":"ListItem","position":1,"name":"Home","item":"https:\/\/denizcankizil.tr\/de\/"},{"@type":"ListItem","position":2,"name":"Antalya\u2019da Valilik harekete ge\u00e7ti! Bunlara uymayan Sup Board yapamayacak!"}]},{"@type":"WebSite","@id":"https:\/\/denizcankizil.tr\/de\/#website","url":"https:\/\/denizcankizil.tr\/de\/","name":"Av. Deniz Can K\u0131z\u0131l","description":"Avukat Deniz Can K\u0131z\u0131l Antalya Barosu","publisher":{"@id":"https:\/\/denizcankizil.tr\/de\/#organization"},"potentialAction":[{"@type":"SearchAction","target":{"@type":"EntryPoint","urlTemplate":"https:\/\/denizcankizil.tr\/de\/?s={search_term_string}"},"query-input":{"@type":"PropertyValueSpecification","valueRequired":true,"valueName":"search_term_string"}}],"inLanguage":"de"},{"@type":"Organization","@id":"https:\/\/denizcankizil.tr\/de\/#organization","name":"Av. Deniz Can K\u0131z\u0131l","url":"https:\/\/denizcankizil.tr\/de\/","logo":{"@type":"ImageObject","inLanguage":"de","@id":"https:\/\/denizcankizil.tr\/de\/#\/schema\/logo\/image\/","url":"http:\/\/denizcankizil.tr\/wp-content\/uploads\/2024\/10\/siyah-logo-svg.svg","contentUrl":"http:\/\/denizcankizil.tr\/wp-content\/uploads\/2024\/10\/siyah-logo-svg.svg","width":1080,"height":1080,"caption":"Av. Deniz Can K\u0131z\u0131l"},"image":{"@id":"https:\/\/denizcankizil.tr\/de\/#\/schema\/logo\/image\/"}},{"@type":"Person","@id":"https:\/\/denizcankizil.tr\/de\/#\/schema\/person\/e1eb71bb4dd684d46563f0af307e1234","name":"Antalya K\u00f6rfez","image":{"@type":"ImageObject","inLanguage":"de","@id":"https:\/\/denizcankizil.tr\/de\/#\/schema\/person\/image\/","url":"https:\/\/secure.gravatar.com\/avatar\/42b01982558a48a0b501fdcab6a408d3717ea5919095ee2e67b0e521799c5905?s=96&d=mm&r=g","contentUrl":"https:\/\/secure.gravatar.com\/avatar\/42b01982558a48a0b501fdcab6a408d3717ea5919095ee2e67b0e521799c5905?s=96&d=mm&r=g","caption":"Antalya K\u00f6rfez"},"sameAs":["http:\/\/www.antalyakorfez.com"],"url":"https:\/\/www.antalyakorfez.com\/antalyada-valilik-harekete-gecti-bunlara-uymayan-sup-board-yapamayacak"}]}},"_links":{"self":[{"href":"http:\/\/denizcankizil.tr\/de\/wp-json\/wp\/v2\/posts\/148699","targetHints":{"allow":["GET"]}}],"collection":[{"href":"http:\/\/denizcankizil.tr\/de\/wp-json\/wp\/v2\/posts"}],"about":[{"href":"http:\/\/denizcankizil.tr\/de\/wp-json\/wp\/v2\/types\/post"}],"author":[{"embeddable":true,"href":"http:\/\/denizcankizil.tr\/de\/wp-json\/wp\/v2\/users\/5"}],"replies":[{"embeddable":true,"href":"http:\/\/denizcankizil.tr\/de\/wp-json\/wp\/v2\/comments?post=148699"}],"version-history":[{"count":0,"href":"http:\/\/denizcankizil.tr\/de\/wp-json\/wp\/v2\/posts\/148699\/revisions"}],"wp:attachment":[{"href":"http:\/\/denizcankizil.tr\/de\/wp-json\/wp\/v2\/media?parent=148699"}],"wp:term":[{"taxonomy":"category","embeddable":true,"href":"http:\/\/denizcankizil.tr\/de\/wp-json\/wp\/v2\/categories?post=148699"},{"taxonomy":"post_tag","embeddable":true,"href":"http:\/\/denizcankizil.tr\/de\/wp-json\/wp\/v2\/tags?post=148699"}],"curies":[{"name":"wp","href":"https:\/\/api.w.org\/{rel}","templated":true}]}}