{"id":1485,"date":"2024-10-11T10:42:51","date_gmt":"2024-10-11T10:42:51","guid":{"rendered":"https:\/\/denizcankizil.tr\/uncategorized\/malatyada-iklim-degisikligi-icin-eylem-plani-calistayi\/"},"modified":"2024-10-11T10:42:51","modified_gmt":"2024-10-11T10:42:51","slug":"malatyada-iklim-degisikligi-icin-eylem-plani-calistayi","status":"publish","type":"post","link":"http:\/\/denizcankizil.tr\/de\/haberler\/gundem\/malatyada-iklim-degisikligi-icin-eylem-plani-calistayi\/","title":{"rendered":"Malatya&#8217;da iklim de\u011fi\u015fikli\u011fi i\u00e7in &#8216;eylem plan\u0131&#8217; \u00e7al\u0131\u015ftay\u0131"},"content":{"rendered":"<p>Malatya B\u00fcy\u00fck\u015fehir Belediyesi, Malatya\u2019n\u0131n iklim de\u011fi\u015fikli\u011fi eylem plan\u0131 haz\u0131rlanmas\u0131 \u00e7er\u00e7evesinde 10 Ekim 2024 Per\u015fembe g\u00fcn\u00fc Malatya \u0130klim De\u011fi\u015fikli\u011fi Eylem Plan\u0131 1. Merkez \u00c7al\u0131\u015ftay\u0131n\u0131 ger\u00e7ekle\u015ftirdi.MALATYA (\u0130GFA) &#8211; Avrupa Birli\u011fi ve T\u00fcrkiye \u0130klim De\u011fi\u015fikli\u011fine Uyum Hibe Program\u0131 \u00e7er\u00e7evesinde \u2018Malatya B\u00fcy\u00fck\u015fehir Belediyesi Toplumsal Bilin\u00e7 ve Fark\u0131ndal\u0131k Art\u0131rma Projesi ile \u0130klim De\u011fi\u015fikli\u011fine Uyum Eylem Plan\u0131n\u0131n Haz\u0131rlanmas\u0131 Projesi\u2019 kapsam\u0131nda Malatya\u2019n\u0131n \u0130klim De\u011fi\u015fikli\u011fi Eylem Plan\u0131 Projesi haz\u0131rlan\u0131yor.<br \/>\n\u00c7al\u0131\u015ftaya Malatya B\u00fcy\u00fck\u015fehir Belediye Ba\u015fkan\u0131 Sami Er\u2019in yan\u0131 s\u0131ra Malatya Vali Yard\u0131mc\u0131s\u0131 Abdulselam B\u0131\u00e7ak, Darende Belediye Ba\u015fkan\u0131 Alican Bozkurt, Kale Belediye Ba\u015fkan\u0131 \u0130hsan \u00d6zbay, Malatya Turgut \u00d6zal \u00dcniversitesi Rekt\u00f6r Yard\u0131mc\u0131s\u0131 Prof. Dr. \u0130lhan Erdem, B\u00fcy\u00fck\u015fehir Belediyesi Genel Sekreter Yard\u0131mc\u0131lar\u0131, Daire Ba\u015fkanlar\u0131, Ye\u015filyurt ve Battalgazi Belediye Ba\u015fkan Yard\u0131mc\u0131lar\u0131 ile payda\u015f kurum ve kurulu\u015flar\u0131n temsilcileri ve akademisyenler kat\u0131ld\u0131.<\/p>\n<p>\u00c7al\u0131\u015ftay\u0131n a\u00e7\u0131l\u0131\u015f konu\u015fmas\u0131n\u0131 yapan \u00c7evre Koruma ve Kontrol Dairesi Ba\u015fkan\u0131 Salih Uzun, \u201c\u0130klim de\u011fi\u015fikliklerini inceledi\u011fimiz zaman \u00f6zellikle sanayi devriminden g\u00fcn\u00fcm\u00fcze kadar olan s\u00fcre zarf\u0131nda d\u00fcnyan\u0131n \u0131s\u0131s\u0131 yakla\u015f\u0131k 1,5 derece art\u0131\u015f g\u00f6sterdi. Buna ba\u011fl\u0131 olarak iklimde de\u011fi\u015fiklikler meydana geldi ve g\u00fcn\u00fcm\u00fczdeki kural\u0131k, sel bask\u0131nlar\u0131 buna ba\u011fl\u0131 olarak da zorunlu g\u00f6\u00e7ler ba\u015flad\u0131.\u00a0 D\u00fcnyan\u0131n baz\u0131 b\u00f6lgelerinde ise k\u0131tl\u0131k ve a\u00e7l\u0131k sorunlar\u0131 olu\u015ftu. K\u0131saca yapt\u0131\u011f\u0131m\u0131z zararl\u0131 faaliyetler sonucunda d\u00fcnyam\u0131z\u0131 ya\u015fanmaz hale getirdik. Bilindi\u011fi \u00fczere 6 \u015eubat depremleri ya\u015fanmadan \u00f6nce uzmanlar uyar\u0131da bulunmu\u015ftu. Ayn\u0131 \u015fekilde uzmanlar, iklim de\u011fi\u015fikli\u011fi ve k\u00fcresel \u0131s\u0131nma ile alakal\u0131 da bizlere ciddi uyar\u0131larda bulunuyorlar. Bizler, uzmanlar\u0131n uyard\u0131\u011f\u0131 konular\u0131 dikkate almazsak, depremlerde ya\u015fad\u0131\u011f\u0131m\u0131z s\u0131k\u0131nt\u0131lar gibi \u00e7evre alakal\u0131 da s\u0131k\u0131nt\u0131lar\u0131 ya\u015fayaca\u011f\u0131z. Belki depremin etkileri birka\u00e7 y\u0131l s\u00fcrebiliyor ama iklim de\u011fi\u015fikli\u011finin olumsuz etkilerinden kurtulmak y\u00fczlerce y\u0131l\u0131 bulabiliyor\u201d dedi.<br \/>\n\u0130klim de\u011fi\u015fikli\u011fi ile m\u00fccadelenin uluslararas\u0131 boyuttan \u00e7\u0131kt\u0131\u011f\u0131n\u0131 ve yerel boyutlara kadar ula\u015ft\u0131\u011f\u0131n\u0131n alt\u0131n\u0131 \u00e7izen Malatya B\u00fcy\u00fck\u015fehir Belediye Ba\u015fkan\u0131 Sami Er ise bu konuda yerel y\u00f6netimlere \u00f6nemli sorumluluklar\u0131n d\u00fc\u015ft\u00fc\u011f\u00fcn\u00fc belirtti. Ba\u015fkan Er konu\u015fmas\u0131nda, \u201c6 \u015eubat depremiyle b\u00fcy\u00fck bir \u00e7\u00f6k\u00fcnt\u00fc ya\u015fad\u0131k. Deprem i\u00e7inde bulundu\u011fumuz co\u011frafyan\u0131n ac\u0131 bir ger\u00e7e\u011fi. Onun meydana gelmesini hi\u00e7birimiz engelleyemeyiz, ancak daha az hasarla nas\u0131l atlatabiliriz, onun i\u00e7in nas\u0131l \u00f6nlemler alabiliriz, bununla ilgili neler yapabiliriz bunlar bizim elimizde olan \u015feylerdir. Depreme dayan\u0131kl\u0131 \u015fehirler in\u015fa edebiliriz, can kayb\u0131n\u0131n az olmas\u0131 i\u00e7in \u00f6nlemler alabiliriz; ama iklim de\u011fi\u015fikli\u011fi i\u00e7in ne yapabiliriz onu etrafl\u0131ca d\u00fc\u015f\u00fcnmemiz laz\u0131m.\u00a0 D\u00fcnya \u00e7ap\u0131nda en \u00f6nemli tehdit olan k\u00fcresel \u0131s\u0131nma ve iklim de\u011fi\u015fikli\u011fi, insanl\u0131\u011f\u0131n kar\u015f\u0131 kar\u015f\u0131ya oldu\u011fu en ciddi felaketlerden biri. \u00d6zellikle Sanayi Devrimi sonras\u0131nda h\u0131zla artan sanayile\u015fme, fosil yak\u0131tlar\u0131n yo\u011fun kullan\u0131m\u0131 ve do\u011fay\u0131 yok edercesine s\u00fcren bu ya\u015fam bi\u00e7imi, bug\u00fcn bizi ka\u00e7\u0131n\u0131lmaz bir sona do\u011fru g\u00f6t\u00fcr\u00fcyor. Atmosferi bir \u00f6rt\u00fc gibi saran sera gazlar\u0131n\u0131n yo\u011funlu\u011fu artt\u0131k\u00e7a, d\u00fcnyan\u0131n \u0131s\u0131 dengesi bozuluyor ve daha s\u0131cak bir gezegende ya\u015famak zorunda kal\u0131yoruz. K\u00fcresel \u0131s\u0131nman\u0131n etkilerini hepimiz g\u00fcnl\u00fck hayatta hissediyoruz; her g\u00fcn televizyon ve sosyal medyada iklim kaynakl\u0131 felaketler nedeniyle hayat\u0131n\u0131 kaybeden insanlar\u0131n haberlerini okuyoruz. \u0130klim de\u011fi\u015fikli\u011fi, do\u011fal afetlerin \u015fiddetini, s\u0131kl\u0131\u011f\u0131n\u0131 ve s\u00fcresini art\u0131r\u0131rken, bizler bu yeni ve tehlikeli afet silsilesine kar\u015f\u0131 diren\u00e7li \u015fehirler in\u015fa etmek zorunday\u0131z&#8221; dedi.<br \/>\n\u00c7al\u0131\u015ftayda ayr\u0131ca iklim de\u011fi\u015fikli\u011finin \u00fclke ve d\u00fcnya \u00fczerindeki olumsuz etkileri hakk\u0131nda bir sunum ger\u00e7ekle\u015ftiren \u0130stanbul Ayd\u0131n \u00dcniversitesi Rekt\u00f6r Yard\u0131mc\u0131s\u0131 Prof. Dr. Ali S\u0131na\u011f, kat\u0131l\u0131mc\u0131lara \u20182050\u2019ye Do\u011fru Malatya\u2019da \u0130klim De\u011fi\u015fikli\u011fi Senaryolar\u0131, \u00d6n\u00fcm\u00fczdeki 50 Y\u0131lda D\u00fcnyan\u0131n Kar\u015f\u0131 Kar\u015f\u0131ya Oldu\u011fu 10 Temel Sorun, K\u00fcresel Is\u0131nma ve \u0130klim Krizi Nedenleri, Fosil Yak\u0131tlara Ba\u011f\u0131ml\u0131l\u0131k, D\u00fcnyada Ki\u015fi Ba\u015f\u0131na D\u00fc\u015fen Karbondioksit Emisyonu\u2019 gibi konular hakk\u0131nda bilgilendirmelerde bulundu.<\/p>\n<p>\u200bMalatya B\u00fcy\u00fck\u015fehir Belediyesi, Malatya\u2019n\u0131n iklim de\u011fi\u015fikli\u011fi eylem plan\u0131 haz\u0131rlanmas\u0131 \u00e7er\u00e7evesinde 10 Ekim 2024 Per\u015fembe g\u00fcn\u00fc Malatya \u0130klim De\u011fi\u015fikli\u011fi Eylem Plan\u0131 1  Merkez \u00c7al\u0131\u015ftay\u0131n\u0131 ger\u00e7ekle\u015ftirdi\u00a0<\/p>\n<p>\u200biskenderun<\/p>","protected":false},"excerpt":{"rendered":"<p>Malatya B\u00fcy\u00fck\u015fehir Belediyesi, Malatya\u2019n\u0131n iklim de\u011fi\u015fikli\u011fi eylem plan\u0131 haz\u0131rlanmas\u0131 \u00e7er\u00e7evesinde 10 Ekim 2024 Per\u015fembe g\u00fcn\u00fc Malatya \u0130klim De\u011fi\u015fikli\u011fi Eylem Plan\u0131 1. Merkez \u00c7al\u0131\u015ftay\u0131n\u0131 ger\u00e7ekle\u015ftirdi.MALATYA (\u0130GFA) &#8211; Avrupa Birli\u011fi ve T\u00fcrkiye \u0130klim De\u011fi\u015fikli\u011fine Uyum Hibe Program\u0131 \u00e7er\u00e7evesinde \u2018Malatya B\u00fcy\u00fck\u015fehir Belediyesi Toplumsal Bilin\u00e7 ve Fark\u0131ndal\u0131k Art\u0131rma Projesi ile \u0130klim De\u011fi\u015fikli\u011fine Uyum Eylem Plan\u0131n\u0131n Haz\u0131rlanmas\u0131 Projesi\u2019 kapsam\u0131nda Malatya\u2019n\u0131n \u0130klim De\u011fi\u015fikli\u011fi Eylem Plan\u0131 Projesi haz\u0131rlan\u0131yor. \u00c7al\u0131\u015ftaya Malatya B\u00fcy\u00fck\u015fehir Belediye Ba\u015fkan\u0131 Sami Er\u2019in yan\u0131 s\u0131ra Malatya Vali Yard\u0131mc\u0131s\u0131 Abdulselam B\u0131\u00e7ak, Darende Belediye Ba\u015fkan\u0131 Alican Bozkurt, Kale Belediye Ba\u015fkan\u0131 \u0130hsan \u00d6zbay, Malatya Turgut \u00d6zal \u00dcniversitesi Rekt\u00f6r Yard\u0131mc\u0131s\u0131 Prof. Dr. \u0130lhan Erdem, B\u00fcy\u00fck\u015fehir Belediyesi Genel Sekreter Yard\u0131mc\u0131lar\u0131, Daire Ba\u015fkanlar\u0131, Ye\u015filyurt ve Battalgazi Belediye Ba\u015fkan Yard\u0131mc\u0131lar\u0131 ile payda\u015f kurum ve kurulu\u015flar\u0131n temsilcileri ve akademisyenler kat\u0131ld\u0131. \u00c7al\u0131\u015ftay\u0131n a\u00e7\u0131l\u0131\u015f konu\u015fmas\u0131n\u0131 yapan \u00c7evre Koruma ve Kontrol Dairesi Ba\u015fkan\u0131 Salih Uzun, \u201c\u0130klim de\u011fi\u015fikliklerini inceledi\u011fimiz zaman \u00f6zellikle sanayi devriminden g\u00fcn\u00fcm\u00fcze kadar olan s\u00fcre zarf\u0131nda d\u00fcnyan\u0131n \u0131s\u0131s\u0131 yakla\u015f\u0131k 1,5 derece art\u0131\u015f g\u00f6sterdi. Buna ba\u011fl\u0131 olarak iklimde de\u011fi\u015fiklikler meydana geldi ve g\u00fcn\u00fcm\u00fczdeki kural\u0131k, sel bask\u0131nlar\u0131 buna ba\u011fl\u0131 olarak da zorunlu g\u00f6\u00e7ler ba\u015flad\u0131.\u00a0 D\u00fcnyan\u0131n baz\u0131 b\u00f6lgelerinde ise k\u0131tl\u0131k ve a\u00e7l\u0131k sorunlar\u0131 olu\u015ftu. K\u0131saca yapt\u0131\u011f\u0131m\u0131z zararl\u0131 faaliyetler sonucunda d\u00fcnyam\u0131z\u0131 ya\u015fanmaz hale getirdik. Bilindi\u011fi \u00fczere 6 \u015eubat depremleri ya\u015fanmadan \u00f6nce uzmanlar uyar\u0131da bulunmu\u015ftu. Ayn\u0131 \u015fekilde uzmanlar, iklim de\u011fi\u015fikli\u011fi &hellip;<\/p>","protected":false},"author":0,"featured_media":0,"comment_status":"open","ping_status":"open","sticky":false,"template":"","format":"standard","meta":{"_acf_changed":false,"footnotes":""},"categories":[24],"tags":[],"class_list":["post-1485","post","type-post","status-publish","format-standard","has-post-thumbnail","hentry","category-gundem"],"acf":[],"yoast_head":"<!-- This site is optimized with the Yoast SEO Premium plugin v26.6 (Yoast SEO v27.1.1) - https:\/\/yoast.com\/product\/yoast-seo-premium-wordpress\/ -->\n<title>Malatya&#039;da iklim de\u011fi\u015fikli\u011fi i\u00e7in &#039;eylem plan\u0131&#039; \u00e7al\u0131\u015ftay\u0131 - Av. Deniz Can K\u0131z\u0131l<\/title>\n<meta name=\"robots\" content=\"index, follow, max-snippet:-1, max-image-preview:large, max-video-preview:-1\" \/>\n<link rel=\"canonical\" href=\"https:\/\/denizcankizil.tr\/de\/haberler\/gundem\/malatyada-iklim-degisikligi-icin-eylem-plani-calistayi\/\" \/>\n<meta property=\"og:locale\" content=\"de_DE\" \/>\n<meta property=\"og:type\" content=\"article\" \/>\n<meta property=\"og:title\" content=\"Malatya&#039;da iklim de\u011fi\u015fikli\u011fi i\u00e7in &#039;eylem plan\u0131&#039; \u00e7al\u0131\u015ftay\u0131\" \/>\n<meta property=\"og:description\" content=\"Malatya B\u00fcy\u00fck\u015fehir Belediyesi, Malatya\u2019n\u0131n iklim de\u011fi\u015fikli\u011fi eylem plan\u0131 haz\u0131rlanmas\u0131 \u00e7er\u00e7evesinde 10 Ekim 2024 Per\u015fembe g\u00fcn\u00fc Malatya \u0130klim De\u011fi\u015fikli\u011fi Eylem Plan\u0131 1. Merkez \u00c7al\u0131\u015ftay\u0131n\u0131 ger\u00e7ekle\u015ftirdi.MALATYA (\u0130GFA) &#8211; Avrupa Birli\u011fi ve T\u00fcrkiye \u0130klim De\u011fi\u015fikli\u011fine Uyum Hibe Program\u0131 \u00e7er\u00e7evesinde \u2018Malatya B\u00fcy\u00fck\u015fehir Belediyesi Toplumsal Bilin\u00e7 ve Fark\u0131ndal\u0131k Art\u0131rma Projesi ile \u0130klim De\u011fi\u015fikli\u011fine Uyum Eylem Plan\u0131n\u0131n Haz\u0131rlanmas\u0131 Projesi\u2019 kapsam\u0131nda Malatya\u2019n\u0131n \u0130klim De\u011fi\u015fikli\u011fi Eylem Plan\u0131 Projesi haz\u0131rlan\u0131yor. \u00c7al\u0131\u015ftaya Malatya B\u00fcy\u00fck\u015fehir Belediye Ba\u015fkan\u0131 Sami Er\u2019in yan\u0131 s\u0131ra Malatya Vali Yard\u0131mc\u0131s\u0131 Abdulselam B\u0131\u00e7ak, Darende Belediye Ba\u015fkan\u0131 Alican Bozkurt, Kale Belediye Ba\u015fkan\u0131 \u0130hsan \u00d6zbay, Malatya Turgut \u00d6zal \u00dcniversitesi Rekt\u00f6r Yard\u0131mc\u0131s\u0131 Prof. Dr. \u0130lhan Erdem, B\u00fcy\u00fck\u015fehir Belediyesi Genel Sekreter Yard\u0131mc\u0131lar\u0131, Daire Ba\u015fkanlar\u0131, Ye\u015filyurt ve Battalgazi Belediye Ba\u015fkan Yard\u0131mc\u0131lar\u0131 ile payda\u015f kurum ve kurulu\u015flar\u0131n temsilcileri ve akademisyenler kat\u0131ld\u0131. \u00c7al\u0131\u015ftay\u0131n a\u00e7\u0131l\u0131\u015f konu\u015fmas\u0131n\u0131 yapan \u00c7evre Koruma ve Kontrol Dairesi Ba\u015fkan\u0131 Salih Uzun, \u201c\u0130klim de\u011fi\u015fikliklerini inceledi\u011fimiz zaman \u00f6zellikle sanayi devriminden g\u00fcn\u00fcm\u00fcze kadar olan s\u00fcre zarf\u0131nda d\u00fcnyan\u0131n \u0131s\u0131s\u0131 yakla\u015f\u0131k 1,5 derece art\u0131\u015f g\u00f6sterdi. Buna ba\u011fl\u0131 olarak iklimde de\u011fi\u015fiklikler meydana geldi ve g\u00fcn\u00fcm\u00fczdeki kural\u0131k, sel bask\u0131nlar\u0131 buna ba\u011fl\u0131 olarak da zorunlu g\u00f6\u00e7ler ba\u015flad\u0131.\u00a0 D\u00fcnyan\u0131n baz\u0131 b\u00f6lgelerinde ise k\u0131tl\u0131k ve a\u00e7l\u0131k sorunlar\u0131 olu\u015ftu. K\u0131saca yapt\u0131\u011f\u0131m\u0131z zararl\u0131 faaliyetler sonucunda d\u00fcnyam\u0131z\u0131 ya\u015fanmaz hale getirdik. Bilindi\u011fi \u00fczere 6 \u015eubat depremleri ya\u015fanmadan \u00f6nce uzmanlar uyar\u0131da bulunmu\u015ftu. Ayn\u0131 \u015fekilde uzmanlar, iklim de\u011fi\u015fikli\u011fi &hellip;\" \/>\n<meta property=\"og:url\" content=\"https:\/\/denizcankizil.tr\/de\/haberler\/gundem\/malatyada-iklim-degisikligi-icin-eylem-plani-calistayi\/\" \/>\n<meta property=\"og:site_name\" content=\"Av. Deniz Can K\u0131z\u0131l\" \/>\n<meta property=\"article:published_time\" content=\"2024-10-11T10:42:51+00:00\" \/>\n<meta name=\"twitter:card\" content=\"summary_large_image\" \/>\n<meta name=\"twitter:label1\" content=\"Gesch\u00e4tzte Lesezeit\" \/>\n\t<meta name=\"twitter:data1\" content=\"4\u00a0Minuten\" \/>\n<script type=\"application\/ld+json\" class=\"yoast-schema-graph\">{\"@context\":\"https:\/\/schema.org\",\"@graph\":[{\"@type\":\"Article\",\"@id\":\"https:\/\/denizcankizil.tr\/ru\/haberler\/gundem\/malatyada-iklim-degisikligi-icin-eylem-plani-calistayi\/#article\",\"isPartOf\":{\"@id\":\"https:\/\/denizcankizil.tr\/ru\/haberler\/gundem\/malatyada-iklim-degisikligi-icin-eylem-plani-calistayi\/\"},\"author\":{\"name\":\"\",\"@id\":\"\"},\"headline\":\"Malatya&#8217;da iklim de\u011fi\u015fikli\u011fi i\u00e7in &#8216;eylem plan\u0131&#8217; \u00e7al\u0131\u015ftay\u0131\",\"datePublished\":\"2024-10-11T10:42:51+00:00\",\"mainEntityOfPage\":{\"@id\":\"https:\/\/denizcankizil.tr\/ru\/haberler\/gundem\/malatyada-iklim-degisikligi-icin-eylem-plani-calistayi\/\"},\"wordCount\":844,\"commentCount\":0,\"publisher\":{\"@id\":\"https:\/\/denizcankizil.tr\/de\/#organization\"},\"articleSection\":[\"G\u00fcndem\"],\"inLanguage\":\"de\",\"potentialAction\":[{\"@type\":\"CommentAction\",\"name\":\"Comment\",\"target\":[\"https:\/\/denizcankizil.tr\/ru\/haberler\/gundem\/malatyada-iklim-degisikligi-icin-eylem-plani-calistayi\/#respond\"]}]},{\"@type\":\"WebPage\",\"@id\":\"https:\/\/denizcankizil.tr\/ru\/haberler\/gundem\/malatyada-iklim-degisikligi-icin-eylem-plani-calistayi\/\",\"url\":\"https:\/\/denizcankizil.tr\/ru\/haberler\/gundem\/malatyada-iklim-degisikligi-icin-eylem-plani-calistayi\/\",\"name\":\"Malatya'da iklim de\u011fi\u015fikli\u011fi i\u00e7in 'eylem plan\u0131' \u00e7al\u0131\u015ftay\u0131 - Av. Deniz Can K\u0131z\u0131l\",\"isPartOf\":{\"@id\":\"https:\/\/denizcankizil.tr\/de\/#website\"},\"datePublished\":\"2024-10-11T10:42:51+00:00\",\"breadcrumb\":{\"@id\":\"https:\/\/denizcankizil.tr\/ru\/haberler\/gundem\/malatyada-iklim-degisikligi-icin-eylem-plani-calistayi\/#breadcrumb\"},\"inLanguage\":\"de\",\"potentialAction\":[{\"@type\":\"ReadAction\",\"target\":[\"https:\/\/denizcankizil.tr\/ru\/haberler\/gundem\/malatyada-iklim-degisikligi-icin-eylem-plani-calistayi\/\"]}]},{\"@type\":\"BreadcrumbList\",\"@id\":\"https:\/\/denizcankizil.tr\/ru\/haberler\/gundem\/malatyada-iklim-degisikligi-icin-eylem-plani-calistayi\/#breadcrumb\",\"itemListElement\":[{\"@type\":\"ListItem\",\"position\":1,\"name\":\"Home\",\"item\":\"https:\/\/denizcankizil.tr\/de\/\"},{\"@type\":\"ListItem\",\"position\":2,\"name\":\"Malatya&#8217;da iklim de\u011fi\u015fikli\u011fi i\u00e7in &#8216;eylem plan\u0131&#8217; \u00e7al\u0131\u015ftay\u0131\"}]},{\"@type\":\"WebSite\",\"@id\":\"https:\/\/denizcankizil.tr\/de\/#website\",\"url\":\"https:\/\/denizcankizil.tr\/de\/\",\"name\":\"Av. Deniz Can K\u0131z\u0131l\",\"description\":\"Avukat Deniz Can K\u0131z\u0131l Antalya Barosu\",\"publisher\":{\"@id\":\"https:\/\/denizcankizil.tr\/de\/#organization\"},\"potentialAction\":[{\"@type\":\"SearchAction\",\"target\":{\"@type\":\"EntryPoint\",\"urlTemplate\":\"https:\/\/denizcankizil.tr\/de\/?s={search_term_string}\"},\"query-input\":{\"@type\":\"PropertyValueSpecification\",\"valueRequired\":true,\"valueName\":\"search_term_string\"}}],\"inLanguage\":\"de\"},{\"@type\":\"Organization\",\"@id\":\"https:\/\/denizcankizil.tr\/de\/#organization\",\"name\":\"Av. Deniz Can K\u0131z\u0131l\",\"url\":\"https:\/\/denizcankizil.tr\/de\/\",\"logo\":{\"@type\":\"ImageObject\",\"inLanguage\":\"de\",\"@id\":\"https:\/\/denizcankizil.tr\/de\/#\/schema\/logo\/image\/\",\"url\":\"http:\/\/denizcankizil.tr\/wp-content\/uploads\/2024\/10\/siyah-logo-svg.svg\",\"contentUrl\":\"http:\/\/denizcankizil.tr\/wp-content\/uploads\/2024\/10\/siyah-logo-svg.svg\",\"width\":1080,\"height\":1080,\"caption\":\"Av. Deniz Can K\u0131z\u0131l\"},\"image\":{\"@id\":\"https:\/\/denizcankizil.tr\/de\/#\/schema\/logo\/image\/\"}}]}<\/script>\n<!-- \/ Yoast SEO Premium plugin. -->","yoast_head_json":{"title":"Malatya'da iklim de\u011fi\u015fikli\u011fi i\u00e7in 'eylem plan\u0131' \u00e7al\u0131\u015ftay\u0131 - Av. Deniz Can K\u0131z\u0131l","robots":{"index":"index","follow":"follow","max-snippet":"max-snippet:-1","max-image-preview":"max-image-preview:large","max-video-preview":"max-video-preview:-1"},"canonical":"https:\/\/denizcankizil.tr\/de\/haberler\/gundem\/malatyada-iklim-degisikligi-icin-eylem-plani-calistayi\/","og_locale":"de_DE","og_type":"article","og_title":"Malatya'da iklim de\u011fi\u015fikli\u011fi i\u00e7in 'eylem plan\u0131' \u00e7al\u0131\u015ftay\u0131","og_description":"Malatya B\u00fcy\u00fck\u015fehir Belediyesi, Malatya\u2019n\u0131n iklim de\u011fi\u015fikli\u011fi eylem plan\u0131 haz\u0131rlanmas\u0131 \u00e7er\u00e7evesinde 10 Ekim 2024 Per\u015fembe g\u00fcn\u00fc Malatya \u0130klim De\u011fi\u015fikli\u011fi Eylem Plan\u0131 1. Merkez \u00c7al\u0131\u015ftay\u0131n\u0131 ger\u00e7ekle\u015ftirdi.MALATYA (\u0130GFA) &#8211; Avrupa Birli\u011fi ve T\u00fcrkiye \u0130klim De\u011fi\u015fikli\u011fine Uyum Hibe Program\u0131 \u00e7er\u00e7evesinde \u2018Malatya B\u00fcy\u00fck\u015fehir Belediyesi Toplumsal Bilin\u00e7 ve Fark\u0131ndal\u0131k Art\u0131rma Projesi ile \u0130klim De\u011fi\u015fikli\u011fine Uyum Eylem Plan\u0131n\u0131n Haz\u0131rlanmas\u0131 Projesi\u2019 kapsam\u0131nda Malatya\u2019n\u0131n \u0130klim De\u011fi\u015fikli\u011fi Eylem Plan\u0131 Projesi haz\u0131rlan\u0131yor. \u00c7al\u0131\u015ftaya Malatya B\u00fcy\u00fck\u015fehir Belediye Ba\u015fkan\u0131 Sami Er\u2019in yan\u0131 s\u0131ra Malatya Vali Yard\u0131mc\u0131s\u0131 Abdulselam B\u0131\u00e7ak, Darende Belediye Ba\u015fkan\u0131 Alican Bozkurt, Kale Belediye Ba\u015fkan\u0131 \u0130hsan \u00d6zbay, Malatya Turgut \u00d6zal \u00dcniversitesi Rekt\u00f6r Yard\u0131mc\u0131s\u0131 Prof. Dr. \u0130lhan Erdem, B\u00fcy\u00fck\u015fehir Belediyesi Genel Sekreter Yard\u0131mc\u0131lar\u0131, Daire Ba\u015fkanlar\u0131, Ye\u015filyurt ve Battalgazi Belediye Ba\u015fkan Yard\u0131mc\u0131lar\u0131 ile payda\u015f kurum ve kurulu\u015flar\u0131n temsilcileri ve akademisyenler kat\u0131ld\u0131. \u00c7al\u0131\u015ftay\u0131n a\u00e7\u0131l\u0131\u015f konu\u015fmas\u0131n\u0131 yapan \u00c7evre Koruma ve Kontrol Dairesi Ba\u015fkan\u0131 Salih Uzun, \u201c\u0130klim de\u011fi\u015fikliklerini inceledi\u011fimiz zaman \u00f6zellikle sanayi devriminden g\u00fcn\u00fcm\u00fcze kadar olan s\u00fcre zarf\u0131nda d\u00fcnyan\u0131n \u0131s\u0131s\u0131 yakla\u015f\u0131k 1,5 derece art\u0131\u015f g\u00f6sterdi. Buna ba\u011fl\u0131 olarak iklimde de\u011fi\u015fiklikler meydana geldi ve g\u00fcn\u00fcm\u00fczdeki kural\u0131k, sel bask\u0131nlar\u0131 buna ba\u011fl\u0131 olarak da zorunlu g\u00f6\u00e7ler ba\u015flad\u0131.\u00a0 D\u00fcnyan\u0131n baz\u0131 b\u00f6lgelerinde ise k\u0131tl\u0131k ve a\u00e7l\u0131k sorunlar\u0131 olu\u015ftu. K\u0131saca yapt\u0131\u011f\u0131m\u0131z zararl\u0131 faaliyetler sonucunda d\u00fcnyam\u0131z\u0131 ya\u015fanmaz hale getirdik. Bilindi\u011fi \u00fczere 6 \u015eubat depremleri ya\u015fanmadan \u00f6nce uzmanlar uyar\u0131da bulunmu\u015ftu. Ayn\u0131 \u015fekilde uzmanlar, iklim de\u011fi\u015fikli\u011fi &hellip;","og_url":"https:\/\/denizcankizil.tr\/de\/haberler\/gundem\/malatyada-iklim-degisikligi-icin-eylem-plani-calistayi\/","og_site_name":"Av. Deniz Can K\u0131z\u0131l","article_published_time":"2024-10-11T10:42:51+00:00","twitter_card":"summary_large_image","twitter_misc":{"Gesch\u00e4tzte Lesezeit":"4\u00a0Minuten"},"schema":{"@context":"https:\/\/schema.org","@graph":[{"@type":"Article","@id":"https:\/\/denizcankizil.tr\/ru\/haberler\/gundem\/malatyada-iklim-degisikligi-icin-eylem-plani-calistayi\/#article","isPartOf":{"@id":"https:\/\/denizcankizil.tr\/ru\/haberler\/gundem\/malatyada-iklim-degisikligi-icin-eylem-plani-calistayi\/"},"author":{"name":"","@id":""},"headline":"Malatya&#8217;da iklim de\u011fi\u015fikli\u011fi i\u00e7in &#8216;eylem plan\u0131&#8217; \u00e7al\u0131\u015ftay\u0131","datePublished":"2024-10-11T10:42:51+00:00","mainEntityOfPage":{"@id":"https:\/\/denizcankizil.tr\/ru\/haberler\/gundem\/malatyada-iklim-degisikligi-icin-eylem-plani-calistayi\/"},"wordCount":844,"commentCount":0,"publisher":{"@id":"https:\/\/denizcankizil.tr\/de\/#organization"},"articleSection":["G\u00fcndem"],"inLanguage":"de","potentialAction":[{"@type":"CommentAction","name":"Comment","target":["https:\/\/denizcankizil.tr\/ru\/haberler\/gundem\/malatyada-iklim-degisikligi-icin-eylem-plani-calistayi\/#respond"]}]},{"@type":"WebPage","@id":"https:\/\/denizcankizil.tr\/ru\/haberler\/gundem\/malatyada-iklim-degisikligi-icin-eylem-plani-calistayi\/","url":"https:\/\/denizcankizil.tr\/ru\/haberler\/gundem\/malatyada-iklim-degisikligi-icin-eylem-plani-calistayi\/","name":"Malatya'da iklim de\u011fi\u015fikli\u011fi i\u00e7in 'eylem plan\u0131' \u00e7al\u0131\u015ftay\u0131 - Av. Deniz Can K\u0131z\u0131l","isPartOf":{"@id":"https:\/\/denizcankizil.tr\/de\/#website"},"datePublished":"2024-10-11T10:42:51+00:00","breadcrumb":{"@id":"https:\/\/denizcankizil.tr\/ru\/haberler\/gundem\/malatyada-iklim-degisikligi-icin-eylem-plani-calistayi\/#breadcrumb"},"inLanguage":"de","potentialAction":[{"@type":"ReadAction","target":["https:\/\/denizcankizil.tr\/ru\/haberler\/gundem\/malatyada-iklim-degisikligi-icin-eylem-plani-calistayi\/"]}]},{"@type":"BreadcrumbList","@id":"https:\/\/denizcankizil.tr\/ru\/haberler\/gundem\/malatyada-iklim-degisikligi-icin-eylem-plani-calistayi\/#breadcrumb","itemListElement":[{"@type":"ListItem","position":1,"name":"Home","item":"https:\/\/denizcankizil.tr\/de\/"},{"@type":"ListItem","position":2,"name":"Malatya&#8217;da iklim de\u011fi\u015fikli\u011fi i\u00e7in &#8216;eylem plan\u0131&#8217; \u00e7al\u0131\u015ftay\u0131"}]},{"@type":"WebSite","@id":"https:\/\/denizcankizil.tr\/de\/#website","url":"https:\/\/denizcankizil.tr\/de\/","name":"Av. Deniz Can K\u0131z\u0131l","description":"Avukat Deniz Can K\u0131z\u0131l Antalya Barosu","publisher":{"@id":"https:\/\/denizcankizil.tr\/de\/#organization"},"potentialAction":[{"@type":"SearchAction","target":{"@type":"EntryPoint","urlTemplate":"https:\/\/denizcankizil.tr\/de\/?s={search_term_string}"},"query-input":{"@type":"PropertyValueSpecification","valueRequired":true,"valueName":"search_term_string"}}],"inLanguage":"de"},{"@type":"Organization","@id":"https:\/\/denizcankizil.tr\/de\/#organization","name":"Av. Deniz Can K\u0131z\u0131l","url":"https:\/\/denizcankizil.tr\/de\/","logo":{"@type":"ImageObject","inLanguage":"de","@id":"https:\/\/denizcankizil.tr\/de\/#\/schema\/logo\/image\/","url":"http:\/\/denizcankizil.tr\/wp-content\/uploads\/2024\/10\/siyah-logo-svg.svg","contentUrl":"http:\/\/denizcankizil.tr\/wp-content\/uploads\/2024\/10\/siyah-logo-svg.svg","width":1080,"height":1080,"caption":"Av. Deniz Can K\u0131z\u0131l"},"image":{"@id":"https:\/\/denizcankizil.tr\/de\/#\/schema\/logo\/image\/"}}]}},"_links":{"self":[{"href":"http:\/\/denizcankizil.tr\/de\/wp-json\/wp\/v2\/posts\/1485","targetHints":{"allow":["GET"]}}],"collection":[{"href":"http:\/\/denizcankizil.tr\/de\/wp-json\/wp\/v2\/posts"}],"about":[{"href":"http:\/\/denizcankizil.tr\/de\/wp-json\/wp\/v2\/types\/post"}],"replies":[{"embeddable":true,"href":"http:\/\/denizcankizil.tr\/de\/wp-json\/wp\/v2\/comments?post=1485"}],"version-history":[{"count":0,"href":"http:\/\/denizcankizil.tr\/de\/wp-json\/wp\/v2\/posts\/1485\/revisions"}],"wp:attachment":[{"href":"http:\/\/denizcankizil.tr\/de\/wp-json\/wp\/v2\/media?parent=1485"}],"wp:term":[{"taxonomy":"category","embeddable":true,"href":"http:\/\/denizcankizil.tr\/de\/wp-json\/wp\/v2\/categories?post=1485"},{"taxonomy":"post_tag","embeddable":true,"href":"http:\/\/denizcankizil.tr\/de\/wp-json\/wp\/v2\/tags?post=1485"}],"curies":[{"name":"wp","href":"https:\/\/api.w.org\/{rel}","templated":true}]}}