{"id":147779,"date":"2025-07-16T12:41:52","date_gmt":"2025-07-16T09:41:52","guid":{"rendered":"https:\/\/denizcankizil.tr\/uncategorized-tr\/antalya-muzesinin-kapisina-zincirli-kilit-vuruldu-muzenin-onunde-eylemler-devam-edecek\/"},"modified":"2025-07-16T12:41:52","modified_gmt":"2025-07-16T09:41:52","slug":"antalya-muzesinin-kapisina-zincirli-kilit-vuruldu-muzenin-onunde-eylemler-devam-edecek","status":"publish","type":"post","link":"http:\/\/denizcankizil.tr\/de\/haberler\/gundem\/antalya-muzesinin-kapisina-zincirli-kilit-vuruldu-muzenin-onunde-eylemler-devam-edecek\/","title":{"rendered":"Antalya M\u00fczesi\u2019nin kap\u0131s\u0131na zincirli kilit vuruldu! M\u00fczenin \u00f6n\u00fcnde eylemler devam edecek"},"content":{"rendered":"<p>Antalya\u2019da d\u00fcn g\u00fcn boyunca vatanda\u015flar, m\u00fczede kapatma karar\u0131na kar\u015f\u0131 tavr\u0131n\u0131 g\u00f6sterdi. Bu sabah ise m\u00fczeye gelen halk giri\u015f kap\u0131s\u0131n\u0131n zincirlenerek kilitlendi\u011fi g\u00f6r\u00fcnce b\u00fcy\u00fck bir \u015fok ya\u015fad\u0131. M\u00fcze \u00e7al\u0131\u015fanlar\u0131 i\u00e7eriye sadece personel girebilece\u011fini ve ziyaret\u00e7ilerin al\u0131nmayaca\u011f\u0131 belirtti.<\/p>\n<p>KORSANLAR B\u0130LE BU KADAR YA\u011eMACI OLMADI<\/p>\n<p>M\u00fcze savunucular\u0131 bug\u00fcn saat 18.00\u2019de Antalya M\u00fczesi\u2019nin \u00f6n\u00fcnde bulu\u015facak. Antalya\u2019n\u0131n \u00f6nceki d\u00f6nem belediye ba\u015fkanlar\u0131ndan Selahattin Tongu\u00e7, \u201cAntik \u00e7a\u011fdaki depremlerden beri eserler bu kadar belirsizli\u011fe d\u00fc\u015fmedi, korsanlar bile bu kadar ya\u011fmac\u0131 olmad\u0131\u201d diye tepki g\u00f6sterdi.<\/p>\n<p>YIKIM KARARIYLA B\u0130RL\u0130KTE HAREKETE GE\u00c7T\u0130LER<\/p>\n<p>16 Temmuz 2025 \u00c7ar\u015famba g\u00fcn\u00fc (Bug\u00fcn) y\u0131k\u0131lacak olan m\u00fczenin, y\u0131k\u0131m karar\u0131n\u0131n bir g\u00fcn \u00f6ncesinden a\u00e7\u0131klanmas\u0131na tepki ya\u011fd\u0131ran vatanda\u015flar, K\u00fclt\u00fcr ve Turizm Bakanl\u0131\u011f\u0131\u2019na adeta ate\u015f p\u00fcsk\u00fcrd\u00fc. Kap\u0131s\u0131na kilit vurulan Antalya M\u00fczesi \u00f6n\u00fcnde Antalyal\u0131lar, bug\u00fcn tekrardan bir araya gelecek. Bu ak\u015fam d\u00fczenlenecek olan eyleme kat\u0131l\u0131m\u0131n y\u00fcksek olmas\u0131 bekleniliyor. Di\u011fer yandan karara T\u00fcrkiye \u0130\u015f\u00e7i Partisi Antalya il ve il\u00e7e \u00f6rg\u00fctleri de tepki g\u00f6sterecek.<\/p>\n<p>\u200bAntalya M\u00fczesi\u2019nin kap\u0131s\u0131na kilit vuruldu. Personellerin d\u0131\u015f\u0131nda ziyaret\u00e7ilerin kabul edilmedi\u011fi Antalya M\u00fczesi\u2019nin \u00f6n\u00fcnde bug\u00fcn saat 18:00\u2019da m\u00fcze savunucular\u0131 yeniden bir araya gelecek.\u00a0<\/p>\n<p>\u200bHaberin Al\u0131nt\u0131land\u0131\u011f\u0131 Kaynak: www.antalyakorfez.com<\/p>","protected":false},"excerpt":{"rendered":"<p>Antalya\u2019da d\u00fcn g\u00fcn boyunca vatanda\u015flar, m\u00fczede kapatma karar\u0131na kar\u015f\u0131 tavr\u0131n\u0131 g\u00f6sterdi. Bu sabah ise m\u00fczeye gelen halk giri\u015f kap\u0131s\u0131n\u0131n zincirlenerek kilitlendi\u011fi g\u00f6r\u00fcnce b\u00fcy\u00fck bir \u015fok ya\u015fad\u0131. M\u00fcze \u00e7al\u0131\u015fanlar\u0131 i\u00e7eriye sadece personel girebilece\u011fini ve ziyaret\u00e7ilerin al\u0131nmayaca\u011f\u0131 belirtti. KORSANLAR B\u0130LE BU KADAR YA\u011eMACI OLMADI M\u00fcze savunucular\u0131 bug\u00fcn saat 18.00\u2019de Antalya M\u00fczesi\u2019nin \u00f6n\u00fcnde bulu\u015facak. Antalya\u2019n\u0131n \u00f6nceki d\u00f6nem belediye ba\u015fkanlar\u0131ndan Selahattin Tongu\u00e7, \u201cAntik \u00e7a\u011fdaki depremlerden beri eserler bu kadar belirsizli\u011fe d\u00fc\u015fmedi, korsanlar bile bu kadar ya\u011fmac\u0131 olmad\u0131\u201d diye tepki g\u00f6sterdi. YIKIM KARARIYLA B\u0130RL\u0130KTE HAREKETE GE\u00c7T\u0130LER 16 Temmuz 2025 \u00c7ar\u015famba g\u00fcn\u00fc (Bug\u00fcn) y\u0131k\u0131lacak olan m\u00fczenin, y\u0131k\u0131m karar\u0131n\u0131n bir g\u00fcn \u00f6ncesinden a\u00e7\u0131klanmas\u0131na tepki ya\u011fd\u0131ran vatanda\u015flar, K\u00fclt\u00fcr ve Turizm Bakanl\u0131\u011f\u0131\u2019na adeta ate\u015f p\u00fcsk\u00fcrd\u00fc. Kap\u0131s\u0131na kilit vurulan Antalya M\u00fczesi \u00f6n\u00fcnde Antalyal\u0131lar, bug\u00fcn tekrardan bir araya gelecek. Bu ak\u015fam d\u00fczenlenecek olan eyleme kat\u0131l\u0131m\u0131n y\u00fcksek olmas\u0131 bekleniliyor. Di\u011fer yandan karara T\u00fcrkiye \u0130\u015f\u00e7i Partisi Antalya il ve il\u00e7e \u00f6rg\u00fctleri de tepki g\u00f6sterecek. \u200bAntalya M\u00fczesi\u2019nin kap\u0131s\u0131na kilit vuruldu. Personellerin d\u0131\u015f\u0131nda ziyaret\u00e7ilerin kabul edilmedi\u011fi Antalya M\u00fczesi\u2019nin \u00f6n\u00fcnde bug\u00fcn saat 18:00\u2019da m\u00fcze savunucular\u0131 yeniden bir araya gelecek.\u00a0 \u200bHaberin Al\u0131nt\u0131land\u0131\u011f\u0131 Kaynak: www.antalyakorfez.com<\/p>","protected":false},"author":5,"featured_media":0,"comment_status":"","ping_status":"open","sticky":false,"template":"","format":"standard","meta":{"_acf_changed":false,"footnotes":""},"categories":[24],"tags":[],"class_list":["post-147779","post","type-post","status-publish","format-standard","has-post-thumbnail","hentry","category-gundem"],"acf":[],"yoast_head":"<!-- This site is optimized with the Yoast SEO Premium plugin v26.6 (Yoast SEO v27.1.1) - https:\/\/yoast.com\/product\/yoast-seo-premium-wordpress\/ -->\n<title>Antalya M\u00fczesi\u2019nin kap\u0131s\u0131na zincirli kilit vuruldu! M\u00fczenin \u00f6n\u00fcnde eylemler devam edecek - Av. Deniz Can K\u0131z\u0131l<\/title>\n<meta name=\"robots\" content=\"index, follow, max-snippet:-1, max-image-preview:large, max-video-preview:-1\" \/>\n<link rel=\"canonical\" href=\"http:\/\/denizcankizil.tr\/de\/haberler\/gundem\/antalya-muzesinin-kapisina-zincirli-kilit-vuruldu-muzenin-onunde-eylemler-devam-edecek\/\" \/>\n<meta property=\"og:locale\" content=\"de_DE\" \/>\n<meta property=\"og:type\" content=\"article\" \/>\n<meta property=\"og:title\" content=\"Antalya M\u00fczesi\u2019nin kap\u0131s\u0131na zincirli kilit vuruldu! M\u00fczenin \u00f6n\u00fcnde eylemler devam edecek\" \/>\n<meta property=\"og:description\" content=\"Antalya\u2019da d\u00fcn g\u00fcn boyunca vatanda\u015flar, m\u00fczede kapatma karar\u0131na kar\u015f\u0131 tavr\u0131n\u0131 g\u00f6sterdi. Bu sabah ise m\u00fczeye gelen halk giri\u015f kap\u0131s\u0131n\u0131n zincirlenerek kilitlendi\u011fi g\u00f6r\u00fcnce b\u00fcy\u00fck bir \u015fok ya\u015fad\u0131. M\u00fcze \u00e7al\u0131\u015fanlar\u0131 i\u00e7eriye sadece personel girebilece\u011fini ve ziyaret\u00e7ilerin al\u0131nmayaca\u011f\u0131 belirtti. KORSANLAR B\u0130LE BU KADAR YA\u011eMACI OLMADI M\u00fcze savunucular\u0131 bug\u00fcn saat 18.00\u2019de Antalya M\u00fczesi\u2019nin \u00f6n\u00fcnde bulu\u015facak. Antalya\u2019n\u0131n \u00f6nceki d\u00f6nem belediye ba\u015fkanlar\u0131ndan Selahattin Tongu\u00e7, \u201cAntik \u00e7a\u011fdaki depremlerden beri eserler bu kadar belirsizli\u011fe d\u00fc\u015fmedi, korsanlar bile bu kadar ya\u011fmac\u0131 olmad\u0131\u201d diye tepki g\u00f6sterdi. YIKIM KARARIYLA B\u0130RL\u0130KTE HAREKETE GE\u00c7T\u0130LER 16 Temmuz 2025 \u00c7ar\u015famba g\u00fcn\u00fc (Bug\u00fcn) y\u0131k\u0131lacak olan m\u00fczenin, y\u0131k\u0131m karar\u0131n\u0131n bir g\u00fcn \u00f6ncesinden a\u00e7\u0131klanmas\u0131na tepki ya\u011fd\u0131ran vatanda\u015flar, K\u00fclt\u00fcr ve Turizm Bakanl\u0131\u011f\u0131\u2019na adeta ate\u015f p\u00fcsk\u00fcrd\u00fc. Kap\u0131s\u0131na kilit vurulan Antalya M\u00fczesi \u00f6n\u00fcnde Antalyal\u0131lar, bug\u00fcn tekrardan bir araya gelecek. Bu ak\u015fam d\u00fczenlenecek olan eyleme kat\u0131l\u0131m\u0131n y\u00fcksek olmas\u0131 bekleniliyor. Di\u011fer yandan karara T\u00fcrkiye \u0130\u015f\u00e7i Partisi Antalya il ve il\u00e7e \u00f6rg\u00fctleri de tepki g\u00f6sterecek. \u200bAntalya M\u00fczesi\u2019nin kap\u0131s\u0131na kilit vuruldu. Personellerin d\u0131\u015f\u0131nda ziyaret\u00e7ilerin kabul edilmedi\u011fi Antalya M\u00fczesi\u2019nin \u00f6n\u00fcnde bug\u00fcn saat 18:00\u2019da m\u00fcze savunucular\u0131 yeniden bir araya gelecek.\u00a0 \u200bHaberin Al\u0131nt\u0131land\u0131\u011f\u0131 Kaynak: www.antalyakorfez.com\" \/>\n<meta property=\"og:url\" content=\"http:\/\/denizcankizil.tr\/de\/haberler\/gundem\/antalya-muzesinin-kapisina-zincirli-kilit-vuruldu-muzenin-onunde-eylemler-devam-edecek\/\" \/>\n<meta property=\"og:site_name\" content=\"Av. Deniz Can K\u0131z\u0131l\" \/>\n<meta property=\"article:published_time\" content=\"2025-07-16T09:41:52+00:00\" \/>\n<meta name=\"author\" content=\"Antalya K\u00f6rfez\" \/>\n<meta name=\"twitter:card\" content=\"summary_large_image\" \/>\n<meta name=\"twitter:label1\" content=\"Verfasst von\" \/>\n\t<meta name=\"twitter:data1\" content=\"Antalya K\u00f6rfez\" \/>\n\t<meta name=\"twitter:label2\" content=\"Gesch\u00e4tzte Lesezeit\" \/>\n\t<meta name=\"twitter:data2\" content=\"1\u00a0Minute\" \/>\n<script type=\"application\/ld+json\" class=\"yoast-schema-graph\">{\"@context\":\"https:\/\/schema.org\",\"@graph\":[{\"@type\":\"Article\",\"@id\":\"http:\/\/denizcankizil.tr\/de\/haberler\/gundem\/antalya-muzesinin-kapisina-zincirli-kilit-vuruldu-muzenin-onunde-eylemler-devam-edecek\/#article\",\"isPartOf\":{\"@id\":\"http:\/\/denizcankizil.tr\/de\/haberler\/gundem\/antalya-muzesinin-kapisina-zincirli-kilit-vuruldu-muzenin-onunde-eylemler-devam-edecek\/\"},\"author\":{\"name\":\"Antalya K\u00f6rfez\",\"@id\":\"https:\/\/denizcankizil.tr\/#\/schema\/person\/e1eb71bb4dd684d46563f0af307e1234\"},\"headline\":\"Antalya M\u00fczesi\u2019nin kap\u0131s\u0131na zincirli kilit vuruldu! M\u00fczenin \u00f6n\u00fcnde eylemler devam edecek\",\"datePublished\":\"2025-07-16T09:41:52+00:00\",\"mainEntityOfPage\":{\"@id\":\"http:\/\/denizcankizil.tr\/de\/haberler\/gundem\/antalya-muzesinin-kapisina-zincirli-kilit-vuruldu-muzenin-onunde-eylemler-devam-edecek\/\"},\"wordCount\":282,\"publisher\":{\"@id\":\"https:\/\/denizcankizil.tr\/#organization\"},\"articleSection\":[\"G\u00fcndem\"],\"inLanguage\":\"de\"},{\"@type\":\"WebPage\",\"@id\":\"http:\/\/denizcankizil.tr\/de\/haberler\/gundem\/antalya-muzesinin-kapisina-zincirli-kilit-vuruldu-muzenin-onunde-eylemler-devam-edecek\/\",\"url\":\"http:\/\/denizcankizil.tr\/de\/haberler\/gundem\/antalya-muzesinin-kapisina-zincirli-kilit-vuruldu-muzenin-onunde-eylemler-devam-edecek\/\",\"name\":\"Antalya M\u00fczesi\u2019nin kap\u0131s\u0131na zincirli kilit vuruldu! M\u00fczenin \u00f6n\u00fcnde eylemler devam edecek - Av. Deniz Can K\u0131z\u0131l\",\"isPartOf\":{\"@id\":\"https:\/\/denizcankizil.tr\/#website\"},\"datePublished\":\"2025-07-16T09:41:52+00:00\",\"breadcrumb\":{\"@id\":\"http:\/\/denizcankizil.tr\/de\/haberler\/gundem\/antalya-muzesinin-kapisina-zincirli-kilit-vuruldu-muzenin-onunde-eylemler-devam-edecek\/#breadcrumb\"},\"inLanguage\":\"de\",\"potentialAction\":[{\"@type\":\"ReadAction\",\"target\":[\"http:\/\/denizcankizil.tr\/de\/haberler\/gundem\/antalya-muzesinin-kapisina-zincirli-kilit-vuruldu-muzenin-onunde-eylemler-devam-edecek\/\"]}]},{\"@type\":\"BreadcrumbList\",\"@id\":\"http:\/\/denizcankizil.tr\/de\/haberler\/gundem\/antalya-muzesinin-kapisina-zincirli-kilit-vuruldu-muzenin-onunde-eylemler-devam-edecek\/#breadcrumb\",\"itemListElement\":[{\"@type\":\"ListItem\",\"position\":1,\"name\":\"Home\",\"item\":\"https:\/\/denizcankizil.tr\/de\/\"},{\"@type\":\"ListItem\",\"position\":2,\"name\":\"Antalya M\u00fczesi\u2019nin kap\u0131s\u0131na zincirli kilit vuruldu! M\u00fczenin \u00f6n\u00fcnde eylemler devam edecek\"}]},{\"@type\":\"WebSite\",\"@id\":\"https:\/\/denizcankizil.tr\/#website\",\"url\":\"https:\/\/denizcankizil.tr\/\",\"name\":\"Av. Deniz Can K\u0131z\u0131l\",\"description\":\"Avukat Deniz Can K\u0131z\u0131l Antalya Barosu\",\"publisher\":{\"@id\":\"https:\/\/denizcankizil.tr\/#organization\"},\"potentialAction\":[{\"@type\":\"SearchAction\",\"target\":{\"@type\":\"EntryPoint\",\"urlTemplate\":\"https:\/\/denizcankizil.tr\/?s={search_term_string}\"},\"query-input\":{\"@type\":\"PropertyValueSpecification\",\"valueRequired\":true,\"valueName\":\"search_term_string\"}}],\"inLanguage\":\"de\"},{\"@type\":\"Organization\",\"@id\":\"https:\/\/denizcankizil.tr\/#organization\",\"name\":\"Av. Deniz Can K\u0131z\u0131l\",\"url\":\"https:\/\/denizcankizil.tr\/\",\"logo\":{\"@type\":\"ImageObject\",\"inLanguage\":\"de\",\"@id\":\"https:\/\/denizcankizil.tr\/#\/schema\/logo\/image\/\",\"url\":\"http:\/\/denizcankizil.tr\/wp-content\/uploads\/2024\/10\/siyah-logo-svg.svg\",\"contentUrl\":\"http:\/\/denizcankizil.tr\/wp-content\/uploads\/2024\/10\/siyah-logo-svg.svg\",\"width\":1080,\"height\":1080,\"caption\":\"Av. Deniz Can K\u0131z\u0131l\"},\"image\":{\"@id\":\"https:\/\/denizcankizil.tr\/#\/schema\/logo\/image\/\"}},{\"@type\":\"Person\",\"@id\":\"https:\/\/denizcankizil.tr\/#\/schema\/person\/e1eb71bb4dd684d46563f0af307e1234\",\"name\":\"Antalya K\u00f6rfez\",\"image\":{\"@type\":\"ImageObject\",\"inLanguage\":\"de\",\"@id\":\"https:\/\/denizcankizil.tr\/#\/schema\/person\/image\/\",\"url\":\"https:\/\/secure.gravatar.com\/avatar\/42b01982558a48a0b501fdcab6a408d3717ea5919095ee2e67b0e521799c5905?s=96&d=mm&r=g\",\"contentUrl\":\"https:\/\/secure.gravatar.com\/avatar\/42b01982558a48a0b501fdcab6a408d3717ea5919095ee2e67b0e521799c5905?s=96&d=mm&r=g\",\"caption\":\"Antalya K\u00f6rfez\"},\"sameAs\":[\"http:\/\/www.antalyakorfez.com\"],\"url\":\"https:\/\/www.antalyakorfez.com\/antalya-muzesinin-kapisina-zincirli-kilit-vuruldu-muzenin-onunde-eylemler-devam-edecek\"}]}<\/script>\n<!-- \/ Yoast SEO Premium plugin. -->","yoast_head_json":{"title":"Antalya M\u00fczesi\u2019nin kap\u0131s\u0131na zincirli kilit vuruldu! M\u00fczenin \u00f6n\u00fcnde eylemler devam edecek - Av. Deniz Can K\u0131z\u0131l","robots":{"index":"index","follow":"follow","max-snippet":"max-snippet:-1","max-image-preview":"max-image-preview:large","max-video-preview":"max-video-preview:-1"},"canonical":"http:\/\/denizcankizil.tr\/de\/haberler\/gundem\/antalya-muzesinin-kapisina-zincirli-kilit-vuruldu-muzenin-onunde-eylemler-devam-edecek\/","og_locale":"de_DE","og_type":"article","og_title":"Antalya M\u00fczesi\u2019nin kap\u0131s\u0131na zincirli kilit vuruldu! M\u00fczenin \u00f6n\u00fcnde eylemler devam edecek","og_description":"Antalya\u2019da d\u00fcn g\u00fcn boyunca vatanda\u015flar, m\u00fczede kapatma karar\u0131na kar\u015f\u0131 tavr\u0131n\u0131 g\u00f6sterdi. Bu sabah ise m\u00fczeye gelen halk giri\u015f kap\u0131s\u0131n\u0131n zincirlenerek kilitlendi\u011fi g\u00f6r\u00fcnce b\u00fcy\u00fck bir \u015fok ya\u015fad\u0131. M\u00fcze \u00e7al\u0131\u015fanlar\u0131 i\u00e7eriye sadece personel girebilece\u011fini ve ziyaret\u00e7ilerin al\u0131nmayaca\u011f\u0131 belirtti. KORSANLAR B\u0130LE BU KADAR YA\u011eMACI OLMADI M\u00fcze savunucular\u0131 bug\u00fcn saat 18.00\u2019de Antalya M\u00fczesi\u2019nin \u00f6n\u00fcnde bulu\u015facak. Antalya\u2019n\u0131n \u00f6nceki d\u00f6nem belediye ba\u015fkanlar\u0131ndan Selahattin Tongu\u00e7, \u201cAntik \u00e7a\u011fdaki depremlerden beri eserler bu kadar belirsizli\u011fe d\u00fc\u015fmedi, korsanlar bile bu kadar ya\u011fmac\u0131 olmad\u0131\u201d diye tepki g\u00f6sterdi. YIKIM KARARIYLA B\u0130RL\u0130KTE HAREKETE GE\u00c7T\u0130LER 16 Temmuz 2025 \u00c7ar\u015famba g\u00fcn\u00fc (Bug\u00fcn) y\u0131k\u0131lacak olan m\u00fczenin, y\u0131k\u0131m karar\u0131n\u0131n bir g\u00fcn \u00f6ncesinden a\u00e7\u0131klanmas\u0131na tepki ya\u011fd\u0131ran vatanda\u015flar, K\u00fclt\u00fcr ve Turizm Bakanl\u0131\u011f\u0131\u2019na adeta ate\u015f p\u00fcsk\u00fcrd\u00fc. Kap\u0131s\u0131na kilit vurulan Antalya M\u00fczesi \u00f6n\u00fcnde Antalyal\u0131lar, bug\u00fcn tekrardan bir araya gelecek. Bu ak\u015fam d\u00fczenlenecek olan eyleme kat\u0131l\u0131m\u0131n y\u00fcksek olmas\u0131 bekleniliyor. Di\u011fer yandan karara T\u00fcrkiye \u0130\u015f\u00e7i Partisi Antalya il ve il\u00e7e \u00f6rg\u00fctleri de tepki g\u00f6sterecek. \u200bAntalya M\u00fczesi\u2019nin kap\u0131s\u0131na kilit vuruldu. Personellerin d\u0131\u015f\u0131nda ziyaret\u00e7ilerin kabul edilmedi\u011fi Antalya M\u00fczesi\u2019nin \u00f6n\u00fcnde bug\u00fcn saat 18:00\u2019da m\u00fcze savunucular\u0131 yeniden bir araya gelecek.\u00a0 \u200bHaberin Al\u0131nt\u0131land\u0131\u011f\u0131 Kaynak: www.antalyakorfez.com","og_url":"http:\/\/denizcankizil.tr\/de\/haberler\/gundem\/antalya-muzesinin-kapisina-zincirli-kilit-vuruldu-muzenin-onunde-eylemler-devam-edecek\/","og_site_name":"Av. Deniz Can K\u0131z\u0131l","article_published_time":"2025-07-16T09:41:52+00:00","author":"Antalya K\u00f6rfez","twitter_card":"summary_large_image","twitter_misc":{"Verfasst von":"Antalya K\u00f6rfez","Gesch\u00e4tzte Lesezeit":"1\u00a0Minute"},"schema":{"@context":"https:\/\/schema.org","@graph":[{"@type":"Article","@id":"http:\/\/denizcankizil.tr\/de\/haberler\/gundem\/antalya-muzesinin-kapisina-zincirli-kilit-vuruldu-muzenin-onunde-eylemler-devam-edecek\/#article","isPartOf":{"@id":"http:\/\/denizcankizil.tr\/de\/haberler\/gundem\/antalya-muzesinin-kapisina-zincirli-kilit-vuruldu-muzenin-onunde-eylemler-devam-edecek\/"},"author":{"name":"Antalya K\u00f6rfez","@id":"https:\/\/denizcankizil.tr\/#\/schema\/person\/e1eb71bb4dd684d46563f0af307e1234"},"headline":"Antalya M\u00fczesi\u2019nin kap\u0131s\u0131na zincirli kilit vuruldu! M\u00fczenin \u00f6n\u00fcnde eylemler devam edecek","datePublished":"2025-07-16T09:41:52+00:00","mainEntityOfPage":{"@id":"http:\/\/denizcankizil.tr\/de\/haberler\/gundem\/antalya-muzesinin-kapisina-zincirli-kilit-vuruldu-muzenin-onunde-eylemler-devam-edecek\/"},"wordCount":282,"publisher":{"@id":"https:\/\/denizcankizil.tr\/#organization"},"articleSection":["G\u00fcndem"],"inLanguage":"de"},{"@type":"WebPage","@id":"http:\/\/denizcankizil.tr\/de\/haberler\/gundem\/antalya-muzesinin-kapisina-zincirli-kilit-vuruldu-muzenin-onunde-eylemler-devam-edecek\/","url":"http:\/\/denizcankizil.tr\/de\/haberler\/gundem\/antalya-muzesinin-kapisina-zincirli-kilit-vuruldu-muzenin-onunde-eylemler-devam-edecek\/","name":"Antalya M\u00fczesi\u2019nin kap\u0131s\u0131na zincirli kilit vuruldu! M\u00fczenin \u00f6n\u00fcnde eylemler devam edecek - Av. Deniz Can K\u0131z\u0131l","isPartOf":{"@id":"https:\/\/denizcankizil.tr\/#website"},"datePublished":"2025-07-16T09:41:52+00:00","breadcrumb":{"@id":"http:\/\/denizcankizil.tr\/de\/haberler\/gundem\/antalya-muzesinin-kapisina-zincirli-kilit-vuruldu-muzenin-onunde-eylemler-devam-edecek\/#breadcrumb"},"inLanguage":"de","potentialAction":[{"@type":"ReadAction","target":["http:\/\/denizcankizil.tr\/de\/haberler\/gundem\/antalya-muzesinin-kapisina-zincirli-kilit-vuruldu-muzenin-onunde-eylemler-devam-edecek\/"]}]},{"@type":"BreadcrumbList","@id":"http:\/\/denizcankizil.tr\/de\/haberler\/gundem\/antalya-muzesinin-kapisina-zincirli-kilit-vuruldu-muzenin-onunde-eylemler-devam-edecek\/#breadcrumb","itemListElement":[{"@type":"ListItem","position":1,"name":"Home","item":"https:\/\/denizcankizil.tr\/de\/"},{"@type":"ListItem","position":2,"name":"Antalya M\u00fczesi\u2019nin kap\u0131s\u0131na zincirli kilit vuruldu! M\u00fczenin \u00f6n\u00fcnde eylemler devam edecek"}]},{"@type":"WebSite","@id":"https:\/\/denizcankizil.tr\/#website","url":"https:\/\/denizcankizil.tr\/","name":"Av. Deniz Can K\u0131z\u0131l","description":"Avukat Deniz Can K\u0131z\u0131l Antalya Barosu","publisher":{"@id":"https:\/\/denizcankizil.tr\/#organization"},"potentialAction":[{"@type":"SearchAction","target":{"@type":"EntryPoint","urlTemplate":"https:\/\/denizcankizil.tr\/?s={search_term_string}"},"query-input":{"@type":"PropertyValueSpecification","valueRequired":true,"valueName":"search_term_string"}}],"inLanguage":"de"},{"@type":"Organization","@id":"https:\/\/denizcankizil.tr\/#organization","name":"Av. Deniz Can K\u0131z\u0131l","url":"https:\/\/denizcankizil.tr\/","logo":{"@type":"ImageObject","inLanguage":"de","@id":"https:\/\/denizcankizil.tr\/#\/schema\/logo\/image\/","url":"http:\/\/denizcankizil.tr\/wp-content\/uploads\/2024\/10\/siyah-logo-svg.svg","contentUrl":"http:\/\/denizcankizil.tr\/wp-content\/uploads\/2024\/10\/siyah-logo-svg.svg","width":1080,"height":1080,"caption":"Av. Deniz Can K\u0131z\u0131l"},"image":{"@id":"https:\/\/denizcankizil.tr\/#\/schema\/logo\/image\/"}},{"@type":"Person","@id":"https:\/\/denizcankizil.tr\/#\/schema\/person\/e1eb71bb4dd684d46563f0af307e1234","name":"Antalya K\u00f6rfez","image":{"@type":"ImageObject","inLanguage":"de","@id":"https:\/\/denizcankizil.tr\/#\/schema\/person\/image\/","url":"https:\/\/secure.gravatar.com\/avatar\/42b01982558a48a0b501fdcab6a408d3717ea5919095ee2e67b0e521799c5905?s=96&d=mm&r=g","contentUrl":"https:\/\/secure.gravatar.com\/avatar\/42b01982558a48a0b501fdcab6a408d3717ea5919095ee2e67b0e521799c5905?s=96&d=mm&r=g","caption":"Antalya K\u00f6rfez"},"sameAs":["http:\/\/www.antalyakorfez.com"],"url":"https:\/\/www.antalyakorfez.com\/antalya-muzesinin-kapisina-zincirli-kilit-vuruldu-muzenin-onunde-eylemler-devam-edecek"}]}},"_links":{"self":[{"href":"http:\/\/denizcankizil.tr\/de\/wp-json\/wp\/v2\/posts\/147779","targetHints":{"allow":["GET"]}}],"collection":[{"href":"http:\/\/denizcankizil.tr\/de\/wp-json\/wp\/v2\/posts"}],"about":[{"href":"http:\/\/denizcankizil.tr\/de\/wp-json\/wp\/v2\/types\/post"}],"author":[{"embeddable":true,"href":"http:\/\/denizcankizil.tr\/de\/wp-json\/wp\/v2\/users\/5"}],"replies":[{"embeddable":true,"href":"http:\/\/denizcankizil.tr\/de\/wp-json\/wp\/v2\/comments?post=147779"}],"version-history":[{"count":0,"href":"http:\/\/denizcankizil.tr\/de\/wp-json\/wp\/v2\/posts\/147779\/revisions"}],"wp:attachment":[{"href":"http:\/\/denizcankizil.tr\/de\/wp-json\/wp\/v2\/media?parent=147779"}],"wp:term":[{"taxonomy":"category","embeddable":true,"href":"http:\/\/denizcankizil.tr\/de\/wp-json\/wp\/v2\/categories?post=147779"},{"taxonomy":"post_tag","embeddable":true,"href":"http:\/\/denizcankizil.tr\/de\/wp-json\/wp\/v2\/tags?post=147779"}],"curies":[{"name":"wp","href":"https:\/\/api.w.org\/{rel}","templated":true}]}}