{"id":147778,"date":"2025-07-16T12:41:51","date_gmt":"2025-07-16T09:41:51","guid":{"rendered":"https:\/\/denizcankizil.tr\/uncategorized-tr\/ey-boptan-adamlar\/"},"modified":"2025-07-16T12:41:51","modified_gmt":"2025-07-16T09:41:51","slug":"ey-boptan-adamlar","status":"publish","type":"post","link":"http:\/\/denizcankizil.tr\/de\/haberler\/gundem\/ey-boptan-adamlar\/","title":{"rendered":"Ey BOP&#8217;tan adamlar!"},"content":{"rendered":"<p>G\u00fcl\u00fcn\u00e7s\u00fcn\u00fcz. \u00c7ok g\u00fcl\u00fcn\u00e7!<br \/>\nT\u00fcrkiye diye bir millet ad\u0131 olur mu?<br \/>\nMilletin ad\u0131 T\u00fcrkiye olursa, devletin ad\u0131 ne olacak? Devletin ad\u0131n\u0131 da, Anadolu veya Orta Do\u011fu \u0130sl\u00e2m \u00dcmmeti Devlet mi koyacaks\u0131n\u0131z?<br \/>\nSizde; dil, tarih, co\u011frafya, k\u00fclt\u00fcr, yurt, ulus bilinci yoksa, temel sosyal bilgiler bilgisi de mi yok?<\/p>\n<p>Rakamla, parmak say\u0131s\u0131yla anayasa yap\u0131l\u0131r m\u0131?<br \/>\n\u015eanl\u0131 Kurtulu\u015f Sava\u015f\u0131&#8217;m\u0131zda oldu\u011fu gibi, anayasalar; emekle, bilekle, y\u00fcrekle, bellekle, canla, kanla, \u015fanla, irfanla, vicdanla yap\u0131l\u0131r!<\/p>\n<p>T\u00fcrkiye sava\u015f kaybetti de, bizim mi haberimiz yok!<br \/>\nAnayasan\u0131n de\u011fi\u015fmez ve de de\u011fi\u015ftirilmesi dahi teklif edilemez maddelerini; ancak ve ancak i\u015fgal g\u00fc\u00e7leri de\u011fi\u015ftirmek ister!<br \/>\nT\u00fcrkiye Cumhuriyeti Devleti&#8217;ni kurulu\u015f \u00f6z\u00fcn\u00fcnden sapt\u0131rmaya yeltenmek, sapk\u0131nl\u0131kt\u0131r.<br \/>\nT\u00fcrkiye kimsenin \u00f6zel m\u00fclk\u00fc de\u011fil!<\/p>\n<p>Karde\u015flerim,<\/p>\n<p>Devletimizi y\u00f6netenler, yabanc\u0131lar\u0131n dayatmas\u0131yla, be\u015f bin y\u0131ll\u0131k ad\u0131m\u0131z\u0131 de\u011fi\u015ftirmek istiyor!<br \/>\nBize T\u00fcrk olman, T\u00fcrkiyeli olun diyorlar.<br \/>\nT\u00fcrkleri tarihten \u00e7\u0131kar\u0131p atsalar, tarih \u00f6ks\u00fcz kalmaz m\u0131?<br \/>\nD\u00fcnyada her ulusun bir ad\u0131 vard\u0131r. Her ulus da; ad\u0131yla, diliyle, bayra\u011f\u0131yla, ulusal kimli\u011fiyle varl\u0131\u011f\u0131n\u0131 s\u00fcrd\u00fcr\u00fcr. Bizde T\u00fcrk\u00fcz.<br \/>\nK\u00f6kler besinimiz, g\u00f6kler esinimiz !<br \/>\nNe mutlu T\u00fcrk\u00fcm diyene!<\/p>\n<p>&#8220;T\u00fcrkiye Cumhuriyeti&#8217;ni kuran T\u00fcrkiye halk\u0131na; T\u00fcrk Milleti denir. &#8221; 1930.<br \/>\nMustafa Kemal ATAT\u00dcRK<br \/>\nT\u00fcrkiye Cumhuriyeti&#8217;nin Kurucusu ve Ebed\u00ee Ba\u015fkomutan\u0131.<\/p>\n<p>T\u00dcRK\u0130YEL\u0130 DE\u011e\u0130L, T\u00dcRK\u00dcM HEY T\u00dcRK\u00dcM!<\/p>\n<p>T\u00fcrk\u00e7e d\u00fc\u015f\u00fcn\u00fcr\u00fcm, T\u00fcrk\u00fcm hey T\u00fcrk\u00fcm!<br \/>\nG\u00fcneyde kuzeyde, \u00e7ak\u0131nlar \u00e7akt\u0131m<br \/>\nKimlik ana \u00f6z\u00fcm, co\u011frafya k\u00fcrk\u00fcm<br \/>\nDo\u011fudan bat\u0131ya, d\u00f6rt nala akt\u0131m<br \/>\nT\u00fcrkiyeli de\u011fil, T\u00fcrk\u00fcm hey T\u00fcrk\u00fcm!<\/p>\n<p>Paz\u0131r\u0131k dibinde, hal\u0131m dokulu<br \/>\nAnav, Abakan&#8217;\u0131m, k\u00fclt\u00fcr okulu<br \/>\nOrhun an\u0131tlar\u0131m, Bilge kokulu<br \/>\nDikili ta\u015flara, betik b\u0131rakt\u0131m<br \/>\nT\u00fcrkiyeli de\u011fil, T\u00fcrk\u00fcm hey T\u00fcrk\u00fcm!<\/p>\n<p>K\u00f6klerim dayan\u0131r, Saka&#8217;dan Hun&#8217;a<br \/>\nTomris&#8217;ten Mete&#8217;ye, kutlu Orkun&#8217;a<br \/>\nAtilla ka\u011fan\u0131m\u0131n, \u00e7ime\u011fi Tuna<br \/>\nAna karalarda, \u015fahlan\u0131p sektim<br \/>\nT\u00fcrkiyeli de\u011fil, T\u00fcrk\u00fcm hey T\u00fcrk\u00fcm!<\/p>\n<p>Balasagun ovam, tar\u0131m a\u011flar\u0131<br \/>\nArk\u0131mla suland\u0131, Turfan ba\u011flar\u0131<br \/>\nBuzuldan bu yana, g\u00f6rd\u00fcm \u00e7a\u011flar\u0131<br \/>\nTanr\u0131 da\u011flar\u0131nda, ate\u015fler yakt\u0131m<br \/>\nT\u00fcrkiyeli de\u011fil, T\u00fcrk\u00fcm hey T\u00fcrk\u00fcm!<\/p>\n<p>Kopuz, \u0131kl\u0131\u011f, tanbur, ba\u011flama telim<br \/>\nBaks\u0131lar, Ozanlar, t\u00fcrk\u00fcler selim<br \/>\nKa\u011fanlar ota\u011f\u0131, \u00d6t\u00fcken elim<br \/>\nKurultaylar kurup, k\u0131m\u0131zlar \u00e7ektim<br \/>\nT\u00fcrkiyeli de\u011fil, T\u00fcrk\u00fcm hey T\u00fcrk\u00fcm<\/p>\n<p>Dedem Korkut \u00f6yk\u00fcm, Ka\u015fgal\u0131&#8217;m dilim<br \/>\nYunus Emre&#8217;m \u0131\u015f\u0131k, Biruni&#8217;m bilim<br \/>\nSermi\u015fim d\u00fcnyaya, bin d\u00fc\u015fl\u00fc kilim<br \/>\nHazarfen olup da, g\u00f6klere \u00e7\u0131kt\u0131m<br \/>\nT\u00fcrkiyeli de\u011fil, T\u00fcrk\u00fcm hey T\u00fcrk\u00fcm!<\/p>\n<p>Pir Sultan Abdal&#8217;\u0131m, ulu nefesim<br \/>\nKarac&#8217;o\u011flan t\u00fcrk\u00fcm, Kul Himmet sesim<br \/>\nH\u00fcnkar Bekta\u015f Veli&#8217;m, ne y\u00fcce resim<br \/>\nHocam Nasretin&#8217;le, mizahlar ektim<br \/>\nT\u00fcrkiyeli de\u011fil, T\u00fcrk\u00fcm hey T\u00fcrk\u00fcm<\/p>\n<p>Arap\u00e7a, Acemce, yollar araman<br \/>\n\u00c7\u00f6llerde onamam, solu\u011fum orman<br \/>\nMehmet Bey T\u00fcrk\u00e7e&#8217;mle, buyurdu ferman<br \/>\nUlus bayra\u011f\u0131ma, ay y\u0131ld\u0131z diktim<br \/>\nT\u00fcrkiyeli de\u011fil, T\u00fcrk\u00fcm hey T\u00fcrk\u00fcm!<\/p>\n<p>Benim O\u011fuz, Hazar, K\u0131p\u00e7ak, Karaylar<br \/>\nCeyhun, Seyhun, \u0130til, karl\u0131 Altaylar<br \/>\nToroslarda Y\u00f6r\u00fck, topak saraylar<br \/>\nAt\u0131 t\u0131mar edip, s\u00fcr\u00fcler bakt\u0131m<br \/>\nT\u00fcrkiyeli de\u011fil, T\u00fcrk\u00fcm hey T\u00fcrk\u00fcm!<\/p>\n<p>Olmu\u015fum Tengrici, Alevi, \u015eaman<br \/>\nMusevi, Hristiyan, Budist, M\u00fcsl\u00fcman<br \/>\n\u0130nan\u00e7lar \u00f6zelim, biline aman<br \/>\nBa\u011fnaz bak\u0131\u015flardan, inan\u0131n b\u0131kt\u0131m<br \/>\nT\u00fcrkiyeli de\u011fil, T\u00fcrk\u00fcm hey T\u00fcrk\u00fcm!<\/p>\n<p>Ala, konur, kara, g\u00f6k mavi g\u00f6z\u00fcm<br \/>\n\u0130mece, e\u015fitlik, b\u00f6l\u00fc\u015f\u00fcm \u00f6z\u00fcm<br \/>\nNe mutlu ki T\u00fcrk\u00fcm, kime y\u00fck s\u00f6z\u00fcm?<br \/>\nAyr\u0131k otlar\u0131n\u0131, dibinden s\u00f6kt\u00fcm<br \/>\nT\u00fcrkiyeli de\u011fil, T\u00fcrk\u00fcm hey T\u00fcrk\u00fcm!<\/p>\n<p>Be\u015f bin y\u0131ld\u0131r T\u00fcrkt\u00fcr, d\u00f6rt yanda ad\u0131m<br \/>\nBa\u011f\u0131ms\u0131zl\u0131k do\u011fam, \u00f6zg\u00fcr kanad\u0131m<br \/>\nZorlama adlarla, bozulur tad\u0131m<br \/>\n\u0130\u00e7im pek darald\u0131, yumru\u011fu s\u0131kt\u0131m<br \/>\nT\u00fcrkiyeli de\u011fil, T\u00fcrk\u00fcm hey T\u00fcrk\u00fcm!<\/p>\n<p>T\u00fcrkiye&#8217;mi di\u015fle, d\u00fc\u015fle kim kurdu?<br \/>\nSamsun&#8217;un g\u00fcne\u015fi, Afyon&#8217;un kurdu<br \/>\nUlusal bilin\u00e7le, bezedi yurdu<br \/>\nYedi d\u00fcveli d\u00fcn, daha d\u00fcn y\u0131kt\u0131m<br \/>\nT\u00fcrkiyeli de\u011fil, T\u00fcrk\u00fcm hey T\u00fcrk\u00fcm!<\/p>\n<p>Cans\u0131zo\u011fluyum hey, Serikli ozan<br \/>\nCengim Dadalo\u011flu, bir ucum Kozan<br \/>\n\u00d6nder&#8217;im Atat\u00fcrk, kan damgam Lozan<br \/>\nKuvvac\u0131lar \u00f6lmez, kalpa\u011f\u0131 takt\u0131m<br \/>\nT\u00fcrkiyeli de\u011fil, T\u00fcrk\u00fcm hey T\u00fcrk\u00fcm!<\/p>\n<p>\u200bG\u00fcl\u00fcn\u00e7s\u00fcn\u00fcz. \u00c7ok g\u00fcl\u00fcn\u00e7!<br \/>\nT\u00fcrkiye diye bir millet ad\u0131 olur mu?<br \/>\nMilletin ad\u0131 T\u00fcrkiye olursa, devletin ad\u0131 ne olacak? Devletin ad\u0131n\u0131 da, Anadolu veya Orta Do\u011fu \u0130sl\u00e2m \u00dcmmeti Devlet mi koyacaks\u0131n\u0131z?<br \/>\nSizde; dil, tarih, co\u011frafya, k\u00fclt\u00fcr, yurt, ulus bilinci yoksa, temel sosyal bilgiler bilgisi de mi yok?<\/p>\n<p>Rakamla, parmak say\u0131s\u0131yla anayasa yap\u0131l\u0131r m\u0131?<br \/>\n\u015eanl\u0131 Kurtulu\u015f Sava\u015f\u0131&#8217;m\u0131zda oldu\u011fu gibi, anayasalar; emekle, bilekle, y\u00fcrekle, bellekle, canla, kanla, \u015fanla, irfanla, vicdanla yap\u0131l\u0131r!<\/p>\n<p>T\u00fcrkiye sava\u015f kaybetti de, bizim mi haberimiz yok!<br \/>\nAnayasan\u0131n de\u011fi\u015fmez ve de de\u011fi\u015ftirilmesi dahi teklif edilemez maddelerini; ancak ve ancak i\u015fgal g\u00fc\u00e7leri de\u011fi\u015ftirmek ister!<br \/>\nT\u00fcrkiye Cumhuriyeti Devleti&#8217;ni kurulu\u015f \u00f6z\u00fcn\u00fcnden sapt\u0131rmaya yeltenmek, sapk\u0131nl\u0131kt\u0131r.<br \/>\nT\u00fcrkiye kimsenin \u00f6zel m\u00fclk\u00fc de\u011fil!<\/p>\n<p>Karde\u015flerim,<\/p>\n<p>Devletimizi y\u00f6netenler, yabanc\u0131lar\u0131n dayatmas\u0131yla, be\u015f bin y\u0131ll\u0131k ad\u0131m\u0131z\u0131 de\u011fi\u015ftirmek istiyor!<br \/>\nBize T\u00fcrk olman, T\u00fcrkiyeli olun diyorlar.<br \/>\nT\u00fcrkleri tarihten \u00e7\u0131kar\u0131p atsalar, tarih \u00f6ks\u00fcz kalmaz m\u0131?<br \/>\nD\u00fcnyada her ulusun bir ad\u0131 vard\u0131r. Her ulus da; ad\u0131yla, diliyle, bayra\u011f\u0131yla, ulusal kimli\u011fiyle varl\u0131\u011f\u0131n\u0131 s\u00fcrd\u00fcr\u00fcr. Bizde T\u00fcrk\u00fcz.<br \/>\nK\u00f6kler besinimiz, g\u00f6kler esinimiz !<br \/>\nNe mutlu T\u00fcrk\u00fcm diyene!<\/p>\n<p>&#8220;T\u00fcrkiye Cumhuriyeti&#8217;ni kuran T\u00fcrkiye halk\u0131na; T\u00fcrk Milleti denir. &#8221; 1930.<br \/>\nMustafa Kemal ATAT\u00dcRK<br \/>\nT\u00fcrkiye Cumhuriyeti&#8217;nin Kurucusu ve Ebed\u00ee Ba\u015fkomutan\u0131.<\/p>\n<p>T\u00dcRK\u0130YEL\u0130 DE\u011e\u0130L, T\u00dcRK\u00dcM HEY T\u00dcRK\u00dcM!<\/p>\n<p>T\u00fcrk\u00e7e d\u00fc\u015f\u00fcn\u00fcr\u00fcm, T\u00fcrk\u00fcm hey T\u00fcrk\u00fcm!<br \/>\nG\u00fcneyde kuzeyde, \u00e7ak\u0131nlar \u00e7akt\u0131m<br \/>\nKimlik ana \u00f6z\u00fcm, co\u011frafya k\u00fcrk\u00fcm<br \/>\nDo\u011fudan bat\u0131ya, d\u00f6rt nala akt\u0131m<br \/>\nT\u00fcrkiyeli de\u011fil, T\u00fcrk\u00fcm hey T\u00fcrk\u00fcm!<\/p>\n<p>Paz\u0131r\u0131k dibinde, hal\u0131m dokulu<br \/>\nAnav, Abakan&#8217;\u0131m, k\u00fclt\u00fcr okulu<br \/>\nOrhun an\u0131tlar\u0131m, Bilge kokulu<br \/>\nDikili ta\u015flara, betik b\u0131rakt\u0131m<br \/>\nT\u00fcrkiyeli de\u011fil, T\u00fcrk\u00fcm hey T\u00fcrk\u00fcm!<\/p>\n<p>K\u00f6klerim dayan\u0131r, Saka&#8217;dan Hun&#8217;a<br \/>\nTomris&#8217;ten Mete&#8217;ye, kutlu Orkun&#8217;a<br \/>\nAtilla ka\u011fan\u0131m\u0131n, \u00e7ime\u011fi Tuna<br \/>\nAna karalarda, \u015fahlan\u0131p sektim<br \/>\nT\u00fcrkiyeli de\u011fil, T\u00fcrk\u00fcm hey T\u00fcrk\u00fcm!<\/p>\n<p>Balasagun ovam, tar\u0131m a\u011flar\u0131<br \/>\nArk\u0131mla suland\u0131, Turfan ba\u011flar\u0131<br \/>\nBuzuldan bu yana, g\u00f6rd\u00fcm \u00e7a\u011flar\u0131<br \/>\nTanr\u0131 da\u011flar\u0131nda, ate\u015fler yakt\u0131m<br \/>\nT\u00fcrkiyeli de\u011fil, T\u00fcrk\u00fcm hey T\u00fcrk\u00fcm!<\/p>\n<p>Kopuz, \u0131kl\u0131\u011f, tanbur, ba\u011flama telim<br \/>\nBaks\u0131lar, Ozanlar, t\u00fcrk\u00fcler selim<br \/>\nKa\u011fanlar ota\u011f\u0131, \u00d6t\u00fcken elim<br \/>\nKurultaylar kurup, k\u0131m\u0131zlar \u00e7ektim<br \/>\nT\u00fcrkiyeli de\u011fil, T\u00fcrk\u00fcm hey T\u00fcrk\u00fcm<\/p>\n<p>Dedem Korkut \u00f6yk\u00fcm, Ka\u015fgal\u0131&#8217;m dilim<br \/>\nYunus Emre&#8217;m \u0131\u015f\u0131k, Biruni&#8217;m bilim<br \/>\nSermi\u015fim d\u00fcnyaya, bin d\u00fc\u015fl\u00fc kilim<br \/>\nHazarfen olup da, g\u00f6klere \u00e7\u0131kt\u0131m<br \/>\nT\u00fcrkiyeli de\u011fil, T\u00fcrk\u00fcm hey T\u00fcrk\u00fcm!<\/p>\n<p>Pir Sultan Abdal&#8217;\u0131m, ulu nefesim<br \/>\nKarac&#8217;o\u011flan t\u00fcrk\u00fcm, Kul Himmet sesim<br \/>\nH\u00fcnkar Bekta\u015f Veli&#8217;m, ne y\u00fcce resim<br \/>\nHocam Nasretin&#8217;le, mizahlar ektim<br \/>\nT\u00fcrkiyeli de\u011fil, T\u00fcrk\u00fcm hey T\u00fcrk\u00fcm<\/p>\n<p>Arap\u00e7a, Acemce, yollar araman<br \/>\n\u00c7\u00f6llerde onamam, solu\u011fum orman<br \/>\nMehmet Bey T\u00fcrk\u00e7e&#8217;mle, buyurdu ferman<br \/>\nUlus bayra\u011f\u0131ma, ay y\u0131ld\u0131z diktim<br \/>\nT\u00fcrkiyeli de\u011fil, T\u00fcrk\u00fcm hey T\u00fcrk\u00fcm!<\/p>\n<p>Benim O\u011fuz, Hazar, K\u0131p\u00e7ak, Karaylar<br \/>\nCeyhun, Seyhun, \u0130til, karl\u0131 Altaylar<br \/>\nToroslarda Y\u00f6r\u00fck, topak saraylar<br \/>\nAt\u0131 t\u0131mar edip, s\u00fcr\u00fcler bakt\u0131m<br \/>\nT\u00fcrkiyeli de\u011fil, T\u00fcrk\u00fcm hey T\u00fcrk\u00fcm!<\/p>\n<p>Olmu\u015fum Tengrici, Alevi, \u015eaman<br \/>\nMusevi, Hristiyan, Budist, M\u00fcsl\u00fcman<br \/>\n\u0130nan\u00e7lar \u00f6zelim, biline aman<br \/>\nBa\u011fnaz bak\u0131\u015flardan, inan\u0131n b\u0131kt\u0131m<br \/>\nT\u00fcrkiyeli de\u011fil, T\u00fcrk\u00fcm hey T\u00fcrk\u00fcm!<\/p>\n<p>Ala, konur, kara, g\u00f6k mavi g\u00f6z\u00fcm<br \/>\n\u0130mece, e\u015fitlik, b\u00f6l\u00fc\u015f\u00fcm \u00f6z\u00fcm<br \/>\nNe mutlu ki T\u00fcrk\u00fcm, kime y\u00fck s\u00f6z\u00fcm?<br \/>\nAyr\u0131k otlar\u0131n\u0131, dibinden s\u00f6kt\u00fcm<br \/>\nT\u00fcrkiyeli de\u011fil, T\u00fcrk\u00fcm hey T\u00fcrk\u00fcm!<\/p>\n<p>Be\u015f bin y\u0131ld\u0131r T\u00fcrkt\u00fcr, d\u00f6rt yanda ad\u0131m<br \/>\nBa\u011f\u0131ms\u0131zl\u0131k do\u011fam, \u00f6zg\u00fcr kanad\u0131m<br \/>\nZorlama adlarla, bozulur tad\u0131m<br \/>\n\u0130\u00e7im pek darald\u0131, yumru\u011fu s\u0131kt\u0131m<br \/>\nT\u00fcrkiyeli de\u011fil, T\u00fcrk\u00fcm hey T\u00fcrk\u00fcm!<\/p>\n<p>T\u00fcrkiye&#8217;mi di\u015fle, d\u00fc\u015fle kim kurdu?<br \/>\nSamsun&#8217;un g\u00fcne\u015fi, Afyon&#8217;un kurdu<br \/>\nUlusal bilin\u00e7le, bezedi yurdu<br \/>\nYedi d\u00fcveli d\u00fcn, daha d\u00fcn y\u0131kt\u0131m<br \/>\nT\u00fcrkiyeli de\u011fil, T\u00fcrk\u00fcm hey T\u00fcrk\u00fcm!<\/p>\n<p>Cans\u0131zo\u011fluyum hey, Serikli ozan<br \/>\nCengim Dadalo\u011flu, bir ucum Kozan<br \/>\n\u00d6nder&#8217;im Atat\u00fcrk, kan damgam Lozan<br \/>\nKuvvac\u0131lar \u00f6lmez, kalpa\u011f\u0131 takt\u0131m<br \/>\nT\u00fcrkiyeli de\u011fil, T\u00fcrk\u00fcm hey T\u00fcrk\u00fcm!\u00a0<\/p>\n<p>\u200bHaberin Al\u0131nt\u0131land\u0131\u011f\u0131 Kaynak: www.antalyakorfez.com<\/p>","protected":false},"excerpt":{"rendered":"<p>G\u00fcl\u00fcn\u00e7s\u00fcn\u00fcz. \u00c7ok g\u00fcl\u00fcn\u00e7! T\u00fcrkiye diye bir millet ad\u0131 olur mu? Milletin ad\u0131 T\u00fcrkiye olursa, devletin ad\u0131 ne olacak? Devletin ad\u0131n\u0131 da, Anadolu veya Orta Do\u011fu \u0130sl\u00e2m \u00dcmmeti Devlet mi koyacaks\u0131n\u0131z? Sizde; dil, tarih, co\u011frafya, k\u00fclt\u00fcr, yurt, ulus bilinci yoksa, temel sosyal bilgiler bilgisi de mi yok? Rakamla, parmak say\u0131s\u0131yla anayasa yap\u0131l\u0131r m\u0131? \u015eanl\u0131 Kurtulu\u015f Sava\u015f\u0131&#8217;m\u0131zda oldu\u011fu gibi, anayasalar; emekle, bilekle, y\u00fcrekle, bellekle, canla, kanla, \u015fanla, irfanla, vicdanla yap\u0131l\u0131r! T\u00fcrkiye sava\u015f kaybetti de, bizim mi haberimiz yok! Anayasan\u0131n de\u011fi\u015fmez ve de de\u011fi\u015ftirilmesi dahi teklif edilemez maddelerini; ancak ve ancak i\u015fgal g\u00fc\u00e7leri de\u011fi\u015ftirmek ister! T\u00fcrkiye Cumhuriyeti Devleti&#8217;ni kurulu\u015f \u00f6z\u00fcn\u00fcnden sapt\u0131rmaya yeltenmek, sapk\u0131nl\u0131kt\u0131r. T\u00fcrkiye kimsenin \u00f6zel m\u00fclk\u00fc de\u011fil! Karde\u015flerim, Devletimizi y\u00f6netenler, yabanc\u0131lar\u0131n dayatmas\u0131yla, be\u015f bin y\u0131ll\u0131k ad\u0131m\u0131z\u0131 de\u011fi\u015ftirmek istiyor! Bize T\u00fcrk olman, T\u00fcrkiyeli olun diyorlar. T\u00fcrkleri tarihten \u00e7\u0131kar\u0131p atsalar, tarih \u00f6ks\u00fcz kalmaz m\u0131? D\u00fcnyada her ulusun bir ad\u0131 vard\u0131r. Her ulus da; ad\u0131yla, diliyle, bayra\u011f\u0131yla, ulusal kimli\u011fiyle varl\u0131\u011f\u0131n\u0131 s\u00fcrd\u00fcr\u00fcr. Bizde T\u00fcrk\u00fcz. K\u00f6kler besinimiz, g\u00f6kler esinimiz ! Ne mutlu T\u00fcrk\u00fcm diyene! &#8220;T\u00fcrkiye Cumhuriyeti&#8217;ni kuran T\u00fcrkiye halk\u0131na; T\u00fcrk Milleti denir. &#8221; 1930. Mustafa Kemal ATAT\u00dcRK T\u00fcrkiye Cumhuriyeti&#8217;nin Kurucusu ve Ebed\u00ee Ba\u015fkomutan\u0131. T\u00dcRK\u0130YEL\u0130 DE\u011e\u0130L, T\u00dcRK\u00dcM HEY T\u00dcRK\u00dcM! T\u00fcrk\u00e7e d\u00fc\u015f\u00fcn\u00fcr\u00fcm, T\u00fcrk\u00fcm hey T\u00fcrk\u00fcm! G\u00fcneyde kuzeyde, \u00e7ak\u0131nlar \u00e7akt\u0131m Kimlik ana \u00f6z\u00fcm, co\u011frafya k\u00fcrk\u00fcm Do\u011fudan bat\u0131ya, d\u00f6rt nala akt\u0131m &hellip;<\/p>","protected":false},"author":5,"featured_media":0,"comment_status":"","ping_status":"open","sticky":false,"template":"","format":"standard","meta":{"_acf_changed":false,"footnotes":""},"categories":[24],"tags":[],"class_list":["post-147778","post","type-post","status-publish","format-standard","has-post-thumbnail","hentry","category-gundem"],"acf":[],"yoast_head":"<!-- This site is optimized with the Yoast SEO Premium plugin v26.6 (Yoast SEO v27.1.1) - https:\/\/yoast.com\/product\/yoast-seo-premium-wordpress\/ -->\n<title>Ey BOP&#039;tan adamlar! - Av. Deniz Can K\u0131z\u0131l<\/title>\n<meta name=\"robots\" content=\"index, follow, max-snippet:-1, max-image-preview:large, max-video-preview:-1\" \/>\n<link rel=\"canonical\" href=\"http:\/\/denizcankizil.tr\/de\/haberler\/gundem\/ey-boptan-adamlar\/\" \/>\n<meta property=\"og:locale\" content=\"de_DE\" \/>\n<meta property=\"og:type\" content=\"article\" \/>\n<meta property=\"og:title\" content=\"Ey BOP&#039;tan adamlar!\" \/>\n<meta property=\"og:description\" content=\"G\u00fcl\u00fcn\u00e7s\u00fcn\u00fcz. \u00c7ok g\u00fcl\u00fcn\u00e7! T\u00fcrkiye diye bir millet ad\u0131 olur mu? Milletin ad\u0131 T\u00fcrkiye olursa, devletin ad\u0131 ne olacak? Devletin ad\u0131n\u0131 da, Anadolu veya Orta Do\u011fu \u0130sl\u00e2m \u00dcmmeti Devlet mi koyacaks\u0131n\u0131z? Sizde; dil, tarih, co\u011frafya, k\u00fclt\u00fcr, yurt, ulus bilinci yoksa, temel sosyal bilgiler bilgisi de mi yok? Rakamla, parmak say\u0131s\u0131yla anayasa yap\u0131l\u0131r m\u0131? \u015eanl\u0131 Kurtulu\u015f Sava\u015f\u0131&#8217;m\u0131zda oldu\u011fu gibi, anayasalar; emekle, bilekle, y\u00fcrekle, bellekle, canla, kanla, \u015fanla, irfanla, vicdanla yap\u0131l\u0131r! T\u00fcrkiye sava\u015f kaybetti de, bizim mi haberimiz yok! Anayasan\u0131n de\u011fi\u015fmez ve de de\u011fi\u015ftirilmesi dahi teklif edilemez maddelerini; ancak ve ancak i\u015fgal g\u00fc\u00e7leri de\u011fi\u015ftirmek ister! T\u00fcrkiye Cumhuriyeti Devleti&#8217;ni kurulu\u015f \u00f6z\u00fcn\u00fcnden sapt\u0131rmaya yeltenmek, sapk\u0131nl\u0131kt\u0131r. T\u00fcrkiye kimsenin \u00f6zel m\u00fclk\u00fc de\u011fil! Karde\u015flerim, Devletimizi y\u00f6netenler, yabanc\u0131lar\u0131n dayatmas\u0131yla, be\u015f bin y\u0131ll\u0131k ad\u0131m\u0131z\u0131 de\u011fi\u015ftirmek istiyor! Bize T\u00fcrk olman, T\u00fcrkiyeli olun diyorlar. T\u00fcrkleri tarihten \u00e7\u0131kar\u0131p atsalar, tarih \u00f6ks\u00fcz kalmaz m\u0131? D\u00fcnyada her ulusun bir ad\u0131 vard\u0131r. Her ulus da; ad\u0131yla, diliyle, bayra\u011f\u0131yla, ulusal kimli\u011fiyle varl\u0131\u011f\u0131n\u0131 s\u00fcrd\u00fcr\u00fcr. Bizde T\u00fcrk\u00fcz. K\u00f6kler besinimiz, g\u00f6kler esinimiz ! Ne mutlu T\u00fcrk\u00fcm diyene! &#8220;T\u00fcrkiye Cumhuriyeti&#8217;ni kuran T\u00fcrkiye halk\u0131na; T\u00fcrk Milleti denir. &#8221; 1930. Mustafa Kemal ATAT\u00dcRK T\u00fcrkiye Cumhuriyeti&#8217;nin Kurucusu ve Ebed\u00ee Ba\u015fkomutan\u0131. T\u00dcRK\u0130YEL\u0130 DE\u011e\u0130L, T\u00dcRK\u00dcM HEY T\u00dcRK\u00dcM! T\u00fcrk\u00e7e d\u00fc\u015f\u00fcn\u00fcr\u00fcm, T\u00fcrk\u00fcm hey T\u00fcrk\u00fcm! G\u00fcneyde kuzeyde, \u00e7ak\u0131nlar \u00e7akt\u0131m Kimlik ana \u00f6z\u00fcm, co\u011frafya k\u00fcrk\u00fcm Do\u011fudan bat\u0131ya, d\u00f6rt nala akt\u0131m &hellip;\" \/>\n<meta property=\"og:url\" content=\"http:\/\/denizcankizil.tr\/de\/haberler\/gundem\/ey-boptan-adamlar\/\" \/>\n<meta property=\"og:site_name\" content=\"Av. Deniz Can K\u0131z\u0131l\" \/>\n<meta property=\"article:published_time\" content=\"2025-07-16T09:41:51+00:00\" \/>\n<meta name=\"author\" content=\"Antalya K\u00f6rfez\" \/>\n<meta name=\"twitter:card\" content=\"summary_large_image\" \/>\n<meta name=\"twitter:label1\" content=\"Verfasst von\" \/>\n\t<meta name=\"twitter:data1\" content=\"Antalya K\u00f6rfez\" \/>\n\t<meta name=\"twitter:label2\" content=\"Gesch\u00e4tzte Lesezeit\" \/>\n\t<meta name=\"twitter:data2\" content=\"8\u00a0Minuten\" \/>\n<script type=\"application\/ld+json\" class=\"yoast-schema-graph\">{\"@context\":\"https:\/\/schema.org\",\"@graph\":[{\"@type\":\"Article\",\"@id\":\"http:\/\/denizcankizil.tr\/de\/haberler\/gundem\/ey-boptan-adamlar\/#article\",\"isPartOf\":{\"@id\":\"http:\/\/denizcankizil.tr\/de\/haberler\/gundem\/ey-boptan-adamlar\/\"},\"author\":{\"name\":\"Antalya K\u00f6rfez\",\"@id\":\"https:\/\/denizcankizil.tr\/#\/schema\/person\/e1eb71bb4dd684d46563f0af307e1234\"},\"headline\":\"Ey BOP&#8217;tan adamlar!\",\"datePublished\":\"2025-07-16T09:41:51+00:00\",\"mainEntityOfPage\":{\"@id\":\"http:\/\/denizcankizil.tr\/de\/haberler\/gundem\/ey-boptan-adamlar\/\"},\"wordCount\":1698,\"publisher\":{\"@id\":\"https:\/\/denizcankizil.tr\/#organization\"},\"articleSection\":[\"G\u00fcndem\"],\"inLanguage\":\"de\"},{\"@type\":\"WebPage\",\"@id\":\"http:\/\/denizcankizil.tr\/de\/haberler\/gundem\/ey-boptan-adamlar\/\",\"url\":\"http:\/\/denizcankizil.tr\/de\/haberler\/gundem\/ey-boptan-adamlar\/\",\"name\":\"Ey BOP'tan adamlar! - Av. Deniz Can K\u0131z\u0131l\",\"isPartOf\":{\"@id\":\"https:\/\/denizcankizil.tr\/#website\"},\"datePublished\":\"2025-07-16T09:41:51+00:00\",\"breadcrumb\":{\"@id\":\"http:\/\/denizcankizil.tr\/de\/haberler\/gundem\/ey-boptan-adamlar\/#breadcrumb\"},\"inLanguage\":\"de\",\"potentialAction\":[{\"@type\":\"ReadAction\",\"target\":[\"http:\/\/denizcankizil.tr\/de\/haberler\/gundem\/ey-boptan-adamlar\/\"]}]},{\"@type\":\"BreadcrumbList\",\"@id\":\"http:\/\/denizcankizil.tr\/de\/haberler\/gundem\/ey-boptan-adamlar\/#breadcrumb\",\"itemListElement\":[{\"@type\":\"ListItem\",\"position\":1,\"name\":\"Home\",\"item\":\"https:\/\/denizcankizil.tr\/de\/\"},{\"@type\":\"ListItem\",\"position\":2,\"name\":\"Ey BOP&#8217;tan adamlar!\"}]},{\"@type\":\"WebSite\",\"@id\":\"https:\/\/denizcankizil.tr\/#website\",\"url\":\"https:\/\/denizcankizil.tr\/\",\"name\":\"Av. Deniz Can K\u0131z\u0131l\",\"description\":\"Avukat Deniz Can K\u0131z\u0131l Antalya Barosu\",\"publisher\":{\"@id\":\"https:\/\/denizcankizil.tr\/#organization\"},\"potentialAction\":[{\"@type\":\"SearchAction\",\"target\":{\"@type\":\"EntryPoint\",\"urlTemplate\":\"https:\/\/denizcankizil.tr\/?s={search_term_string}\"},\"query-input\":{\"@type\":\"PropertyValueSpecification\",\"valueRequired\":true,\"valueName\":\"search_term_string\"}}],\"inLanguage\":\"de\"},{\"@type\":\"Organization\",\"@id\":\"https:\/\/denizcankizil.tr\/#organization\",\"name\":\"Av. Deniz Can K\u0131z\u0131l\",\"url\":\"https:\/\/denizcankizil.tr\/\",\"logo\":{\"@type\":\"ImageObject\",\"inLanguage\":\"de\",\"@id\":\"https:\/\/denizcankizil.tr\/#\/schema\/logo\/image\/\",\"url\":\"http:\/\/denizcankizil.tr\/wp-content\/uploads\/2024\/10\/siyah-logo-svg.svg\",\"contentUrl\":\"http:\/\/denizcankizil.tr\/wp-content\/uploads\/2024\/10\/siyah-logo-svg.svg\",\"width\":1080,\"height\":1080,\"caption\":\"Av. Deniz Can K\u0131z\u0131l\"},\"image\":{\"@id\":\"https:\/\/denizcankizil.tr\/#\/schema\/logo\/image\/\"}},{\"@type\":\"Person\",\"@id\":\"https:\/\/denizcankizil.tr\/#\/schema\/person\/e1eb71bb4dd684d46563f0af307e1234\",\"name\":\"Antalya K\u00f6rfez\",\"image\":{\"@type\":\"ImageObject\",\"inLanguage\":\"de\",\"@id\":\"https:\/\/denizcankizil.tr\/#\/schema\/person\/image\/\",\"url\":\"https:\/\/secure.gravatar.com\/avatar\/42b01982558a48a0b501fdcab6a408d3717ea5919095ee2e67b0e521799c5905?s=96&d=mm&r=g\",\"contentUrl\":\"https:\/\/secure.gravatar.com\/avatar\/42b01982558a48a0b501fdcab6a408d3717ea5919095ee2e67b0e521799c5905?s=96&d=mm&r=g\",\"caption\":\"Antalya K\u00f6rfez\"},\"sameAs\":[\"http:\/\/www.antalyakorfez.com\"],\"url\":\"https:\/\/www.antalyakorfez.com\/ey-boptan-adamlar\"}]}<\/script>\n<!-- \/ Yoast SEO Premium plugin. -->","yoast_head_json":{"title":"Ey BOP'tan adamlar! - Av. Deniz Can K\u0131z\u0131l","robots":{"index":"index","follow":"follow","max-snippet":"max-snippet:-1","max-image-preview":"max-image-preview:large","max-video-preview":"max-video-preview:-1"},"canonical":"http:\/\/denizcankizil.tr\/de\/haberler\/gundem\/ey-boptan-adamlar\/","og_locale":"de_DE","og_type":"article","og_title":"Ey BOP'tan adamlar!","og_description":"G\u00fcl\u00fcn\u00e7s\u00fcn\u00fcz. \u00c7ok g\u00fcl\u00fcn\u00e7! T\u00fcrkiye diye bir millet ad\u0131 olur mu? Milletin ad\u0131 T\u00fcrkiye olursa, devletin ad\u0131 ne olacak? Devletin ad\u0131n\u0131 da, Anadolu veya Orta Do\u011fu \u0130sl\u00e2m \u00dcmmeti Devlet mi koyacaks\u0131n\u0131z? Sizde; dil, tarih, co\u011frafya, k\u00fclt\u00fcr, yurt, ulus bilinci yoksa, temel sosyal bilgiler bilgisi de mi yok? Rakamla, parmak say\u0131s\u0131yla anayasa yap\u0131l\u0131r m\u0131? \u015eanl\u0131 Kurtulu\u015f Sava\u015f\u0131&#8217;m\u0131zda oldu\u011fu gibi, anayasalar; emekle, bilekle, y\u00fcrekle, bellekle, canla, kanla, \u015fanla, irfanla, vicdanla yap\u0131l\u0131r! T\u00fcrkiye sava\u015f kaybetti de, bizim mi haberimiz yok! Anayasan\u0131n de\u011fi\u015fmez ve de de\u011fi\u015ftirilmesi dahi teklif edilemez maddelerini; ancak ve ancak i\u015fgal g\u00fc\u00e7leri de\u011fi\u015ftirmek ister! T\u00fcrkiye Cumhuriyeti Devleti&#8217;ni kurulu\u015f \u00f6z\u00fcn\u00fcnden sapt\u0131rmaya yeltenmek, sapk\u0131nl\u0131kt\u0131r. T\u00fcrkiye kimsenin \u00f6zel m\u00fclk\u00fc de\u011fil! Karde\u015flerim, Devletimizi y\u00f6netenler, yabanc\u0131lar\u0131n dayatmas\u0131yla, be\u015f bin y\u0131ll\u0131k ad\u0131m\u0131z\u0131 de\u011fi\u015ftirmek istiyor! Bize T\u00fcrk olman, T\u00fcrkiyeli olun diyorlar. T\u00fcrkleri tarihten \u00e7\u0131kar\u0131p atsalar, tarih \u00f6ks\u00fcz kalmaz m\u0131? D\u00fcnyada her ulusun bir ad\u0131 vard\u0131r. Her ulus da; ad\u0131yla, diliyle, bayra\u011f\u0131yla, ulusal kimli\u011fiyle varl\u0131\u011f\u0131n\u0131 s\u00fcrd\u00fcr\u00fcr. Bizde T\u00fcrk\u00fcz. K\u00f6kler besinimiz, g\u00f6kler esinimiz ! Ne mutlu T\u00fcrk\u00fcm diyene! &#8220;T\u00fcrkiye Cumhuriyeti&#8217;ni kuran T\u00fcrkiye halk\u0131na; T\u00fcrk Milleti denir. &#8221; 1930. Mustafa Kemal ATAT\u00dcRK T\u00fcrkiye Cumhuriyeti&#8217;nin Kurucusu ve Ebed\u00ee Ba\u015fkomutan\u0131. T\u00dcRK\u0130YEL\u0130 DE\u011e\u0130L, T\u00dcRK\u00dcM HEY T\u00dcRK\u00dcM! T\u00fcrk\u00e7e d\u00fc\u015f\u00fcn\u00fcr\u00fcm, T\u00fcrk\u00fcm hey T\u00fcrk\u00fcm! G\u00fcneyde kuzeyde, \u00e7ak\u0131nlar \u00e7akt\u0131m Kimlik ana \u00f6z\u00fcm, co\u011frafya k\u00fcrk\u00fcm Do\u011fudan bat\u0131ya, d\u00f6rt nala akt\u0131m &hellip;","og_url":"http:\/\/denizcankizil.tr\/de\/haberler\/gundem\/ey-boptan-adamlar\/","og_site_name":"Av. Deniz Can K\u0131z\u0131l","article_published_time":"2025-07-16T09:41:51+00:00","author":"Antalya K\u00f6rfez","twitter_card":"summary_large_image","twitter_misc":{"Verfasst von":"Antalya K\u00f6rfez","Gesch\u00e4tzte Lesezeit":"8\u00a0Minuten"},"schema":{"@context":"https:\/\/schema.org","@graph":[{"@type":"Article","@id":"http:\/\/denizcankizil.tr\/de\/haberler\/gundem\/ey-boptan-adamlar\/#article","isPartOf":{"@id":"http:\/\/denizcankizil.tr\/de\/haberler\/gundem\/ey-boptan-adamlar\/"},"author":{"name":"Antalya K\u00f6rfez","@id":"https:\/\/denizcankizil.tr\/#\/schema\/person\/e1eb71bb4dd684d46563f0af307e1234"},"headline":"Ey BOP&#8217;tan adamlar!","datePublished":"2025-07-16T09:41:51+00:00","mainEntityOfPage":{"@id":"http:\/\/denizcankizil.tr\/de\/haberler\/gundem\/ey-boptan-adamlar\/"},"wordCount":1698,"publisher":{"@id":"https:\/\/denizcankizil.tr\/#organization"},"articleSection":["G\u00fcndem"],"inLanguage":"de"},{"@type":"WebPage","@id":"http:\/\/denizcankizil.tr\/de\/haberler\/gundem\/ey-boptan-adamlar\/","url":"http:\/\/denizcankizil.tr\/de\/haberler\/gundem\/ey-boptan-adamlar\/","name":"Ey BOP'tan adamlar! - Av. Deniz Can K\u0131z\u0131l","isPartOf":{"@id":"https:\/\/denizcankizil.tr\/#website"},"datePublished":"2025-07-16T09:41:51+00:00","breadcrumb":{"@id":"http:\/\/denizcankizil.tr\/de\/haberler\/gundem\/ey-boptan-adamlar\/#breadcrumb"},"inLanguage":"de","potentialAction":[{"@type":"ReadAction","target":["http:\/\/denizcankizil.tr\/de\/haberler\/gundem\/ey-boptan-adamlar\/"]}]},{"@type":"BreadcrumbList","@id":"http:\/\/denizcankizil.tr\/de\/haberler\/gundem\/ey-boptan-adamlar\/#breadcrumb","itemListElement":[{"@type":"ListItem","position":1,"name":"Home","item":"https:\/\/denizcankizil.tr\/de\/"},{"@type":"ListItem","position":2,"name":"Ey BOP&#8217;tan adamlar!"}]},{"@type":"WebSite","@id":"https:\/\/denizcankizil.tr\/#website","url":"https:\/\/denizcankizil.tr\/","name":"Av. Deniz Can K\u0131z\u0131l","description":"Avukat Deniz Can K\u0131z\u0131l Antalya Barosu","publisher":{"@id":"https:\/\/denizcankizil.tr\/#organization"},"potentialAction":[{"@type":"SearchAction","target":{"@type":"EntryPoint","urlTemplate":"https:\/\/denizcankizil.tr\/?s={search_term_string}"},"query-input":{"@type":"PropertyValueSpecification","valueRequired":true,"valueName":"search_term_string"}}],"inLanguage":"de"},{"@type":"Organization","@id":"https:\/\/denizcankizil.tr\/#organization","name":"Av. Deniz Can K\u0131z\u0131l","url":"https:\/\/denizcankizil.tr\/","logo":{"@type":"ImageObject","inLanguage":"de","@id":"https:\/\/denizcankizil.tr\/#\/schema\/logo\/image\/","url":"http:\/\/denizcankizil.tr\/wp-content\/uploads\/2024\/10\/siyah-logo-svg.svg","contentUrl":"http:\/\/denizcankizil.tr\/wp-content\/uploads\/2024\/10\/siyah-logo-svg.svg","width":1080,"height":1080,"caption":"Av. Deniz Can K\u0131z\u0131l"},"image":{"@id":"https:\/\/denizcankizil.tr\/#\/schema\/logo\/image\/"}},{"@type":"Person","@id":"https:\/\/denizcankizil.tr\/#\/schema\/person\/e1eb71bb4dd684d46563f0af307e1234","name":"Antalya K\u00f6rfez","image":{"@type":"ImageObject","inLanguage":"de","@id":"https:\/\/denizcankizil.tr\/#\/schema\/person\/image\/","url":"https:\/\/secure.gravatar.com\/avatar\/42b01982558a48a0b501fdcab6a408d3717ea5919095ee2e67b0e521799c5905?s=96&d=mm&r=g","contentUrl":"https:\/\/secure.gravatar.com\/avatar\/42b01982558a48a0b501fdcab6a408d3717ea5919095ee2e67b0e521799c5905?s=96&d=mm&r=g","caption":"Antalya K\u00f6rfez"},"sameAs":["http:\/\/www.antalyakorfez.com"],"url":"https:\/\/www.antalyakorfez.com\/ey-boptan-adamlar"}]}},"_links":{"self":[{"href":"http:\/\/denizcankizil.tr\/de\/wp-json\/wp\/v2\/posts\/147778","targetHints":{"allow":["GET"]}}],"collection":[{"href":"http:\/\/denizcankizil.tr\/de\/wp-json\/wp\/v2\/posts"}],"about":[{"href":"http:\/\/denizcankizil.tr\/de\/wp-json\/wp\/v2\/types\/post"}],"author":[{"embeddable":true,"href":"http:\/\/denizcankizil.tr\/de\/wp-json\/wp\/v2\/users\/5"}],"replies":[{"embeddable":true,"href":"http:\/\/denizcankizil.tr\/de\/wp-json\/wp\/v2\/comments?post=147778"}],"version-history":[{"count":0,"href":"http:\/\/denizcankizil.tr\/de\/wp-json\/wp\/v2\/posts\/147778\/revisions"}],"wp:attachment":[{"href":"http:\/\/denizcankizil.tr\/de\/wp-json\/wp\/v2\/media?parent=147778"}],"wp:term":[{"taxonomy":"category","embeddable":true,"href":"http:\/\/denizcankizil.tr\/de\/wp-json\/wp\/v2\/categories?post=147778"},{"taxonomy":"post_tag","embeddable":true,"href":"http:\/\/denizcankizil.tr\/de\/wp-json\/wp\/v2\/tags?post=147778"}],"curies":[{"name":"wp","href":"https:\/\/api.w.org\/{rel}","templated":true}]}}