{"id":147686,"date":"2025-07-16T10:41:48","date_gmt":"2025-07-16T07:41:48","guid":{"rendered":"https:\/\/denizcankizil.tr\/uncategorized-tr\/antalyada-deniz-uzeri-tasla-dolduruldu-ilk-mahmuz-hayata-gecirildi\/"},"modified":"2025-07-16T10:41:48","modified_gmt":"2025-07-16T07:41:48","slug":"antalyada-deniz-uzeri-tasla-dolduruldu-ilk-mahmuz-hayata-gecirildi","status":"publish","type":"post","link":"http:\/\/denizcankizil.tr\/de\/haberler\/gundem\/antalyada-deniz-uzeri-tasla-dolduruldu-ilk-mahmuz-hayata-gecirildi\/","title":{"rendered":"Antalya\u2019da deniz \u00fczeri ta\u015fla dolduruldu! \u0130lk mahmuz hayata ge\u00e7irildi"},"content":{"rendered":"<p>Antalya\u2019da bir s\u00fcredir kent g\u00fcndeminde yer alan mahmuzlar\u0131n yap\u0131m\u0131na ba\u015fland\u0131. Bu kapsamda ilk mahmuz Kundu\u2019da 5 y\u0131ld\u0131zl\u0131 bir otelin sahiline yap\u0131ld\u0131. Yakla\u015f\u0131k 20 metre uzunlu\u011funda denizin i\u00e7erisi ta\u015flarla dolduruldu. Daha sonra ise \u00fczerine kum d\u00f6k\u00fcld\u00fc. Mahmuzlar\u0131n k\u0131y\u0131 erozyonunu \u00f6nlemek i\u00e7in yap\u0131ld\u0131\u011f\u0131 \u00f6\u011frenildi. Mahmuzlar\u0131n yap\u0131ld\u0131\u011f\u0131 sahilde bulunan otel daha \u00f6nce sahile kadar loca yapmakla tepki \u00e7ekmi\u015fti.<\/p>\n<p>KUM BESLEMES\u0130<\/p>\n<p>Antalya K\u00f6rfez Gazetesi muhabiri Ertu\u011frul G\u00fcn&#8217;\u00fcn haberine g\u00f6re; Aksu \u00c7ay\u0131\u2019n\u0131n bat\u0131s\u0131 Kundu b\u00f6lgesindeki turizm tesislerinin yer ald\u0131\u011f\u0131 sahilde meydana gelen k\u0131y\u0131 erozyonu i\u00e7in inceleme yap\u0131ld\u0131. Bu alanda \u201cSay\u0131sal Model Raporu\u201d haz\u0131rland\u0131\u011f\u0131 ve erozyonun \u00f6nlenmesi amac\u0131yla 5 adet k\u0131y\u0131ya dik mahmuz ve suni kum besleme yap\u0131lmas\u0131 gerekti\u011fi belirlendi.<\/p>\n<p>\u0130HALE TAMAMLANDI<\/p>\n<p>Projeleri haz\u0131rlanan, 1\/1000 \u00f6l\u00e7ekli uygulama imar plan\u0131n\u0131n K\u00fclt\u00fcr ve Turizm Bakanl\u0131\u011f\u0131 taraf\u0131ndan onayland\u0131\u011f\u0131, \u00c7ED s\u00fcrecinin tamamland\u0131\u011f\u0131, \u00c7evre \u015eehircilik ve \u0130klim De\u011fi\u015fikli\u011fi Bakanl\u0131\u011f\u0131\u2019nca \u2018\u00c7ED Gerekli De\u011fildir\u2019 karar\u0131n\u0131n verildi\u011fi bildirildi. Altyap\u0131 Yat\u0131r\u0131mlar\u0131 Genel M\u00fcd\u00fcrl\u00fc\u011f\u00fc\u2019n\u00fcn 2025 yat\u0131r\u0131m program\u0131na dahil edilen projenin ihale i\u015flemleri tamamland\u0131.<\/p>\n<p>DEVAMI GELECEK<\/p>\n<p>Mahmuzlar\u0131n yap\u0131m\u0131na y\u00f6nelik daha \u00f6nce a\u00e7\u0131klamalarda bulunan Ula\u015ft\u0131rma ve Altyap\u0131 Bakanl\u0131\u011f\u0131 6. B\u00f6lge M\u00fcd\u00fcr\u00fc Serhan \u00d6zkanl\u0131, \u201cAksu \u00c7ay\u0131\u2019n\u0131n bat\u0131s\u0131nda Kundu b\u00f6lgesinde k\u0131y\u0131 erozyonu i\u00e7in analiz raporu haz\u0131rland\u0131. Burada k\u0131y\u0131ya dik 5 adet mahmuz ve suni kum beslemesinin analizi yap\u0131ld\u0131. Aksu Kundu ile ilgili ihale \u00e7al\u0131\u015fmas\u0131 yap\u0131lacak. K\u0131y\u0131daki erozyon belirgin olarak g\u00f6r\u00fcn\u00fcyor. Haritadaki sar\u0131 olan yerlere 5 adet mahmuz in\u015fa edece\u011fiz. Bu mahmuzlar kum tutacak. Buradaki kritik denge hassas\u201d ifadelerine yer vermi\u015fti.<\/p>\n<p>SAH\u0130LE \u015eER\u0130D\u0130NE LOCA<\/p>\n<p>\u0130hale ve \u00c7ED s\u00fcre\u00e7leri tamamlanan mahmuzlar\u0131n ilki Kundu\u2019da hayata ge\u00e7irildi. Yakla\u015f\u0131k 20 metre uzunlu\u011funda denizin i\u00e7erisi ta\u015flarla dolduruldu. Daha sonra ise \u00fczerine kum d\u00f6k\u00fcld\u00fc. Mahmuzlar\u0131n k\u0131y\u0131 erozyonunu \u00f6nlemek i\u00e7in yap\u0131ld\u0131\u011f\u0131 \u00f6\u011frenildi. Mahmuzlar\u0131n yap\u0131ld\u0131\u011f\u0131 sahilde bulunan otel daha \u00f6nce sahile kadar loca yapmakla tepki \u00e7ekmi\u015fti.<\/p>\n<p>\u200bAntalya\u2019da bir s\u00fcre \u00f6nce g\u00fcndeme gelen ve sahil erozyonun \u00f6n\u00fcne ge\u00e7ilmesi amac\u0131 ile planlanan mahmuzlardan ilki Kundu sahilinde hayata ge\u00e7irildi. Deniz yakla\u015f\u0131k 20 metre \u00f6nce ta\u015flarla sonra \u00fczeri kumla dolduruldu.\u00a0<\/p>\n<p>\u200bHaberin Al\u0131nt\u0131land\u0131\u011f\u0131 Kaynak: www.antalyakorfez.com<\/p>","protected":false},"excerpt":{"rendered":"<p>Antalya\u2019da bir s\u00fcredir kent g\u00fcndeminde yer alan mahmuzlar\u0131n yap\u0131m\u0131na ba\u015fland\u0131. Bu kapsamda ilk mahmuz Kundu\u2019da 5 y\u0131ld\u0131zl\u0131 bir otelin sahiline yap\u0131ld\u0131. Yakla\u015f\u0131k 20 metre uzunlu\u011funda denizin i\u00e7erisi ta\u015flarla dolduruldu. Daha sonra ise \u00fczerine kum d\u00f6k\u00fcld\u00fc. Mahmuzlar\u0131n k\u0131y\u0131 erozyonunu \u00f6nlemek i\u00e7in yap\u0131ld\u0131\u011f\u0131 \u00f6\u011frenildi. Mahmuzlar\u0131n yap\u0131ld\u0131\u011f\u0131 sahilde bulunan otel daha \u00f6nce sahile kadar loca yapmakla tepki \u00e7ekmi\u015fti. KUM BESLEMES\u0130 Antalya K\u00f6rfez Gazetesi muhabiri Ertu\u011frul G\u00fcn&#8217;\u00fcn haberine g\u00f6re; Aksu \u00c7ay\u0131\u2019n\u0131n bat\u0131s\u0131 Kundu b\u00f6lgesindeki turizm tesislerinin yer ald\u0131\u011f\u0131 sahilde meydana gelen k\u0131y\u0131 erozyonu i\u00e7in inceleme yap\u0131ld\u0131. Bu alanda \u201cSay\u0131sal Model Raporu\u201d haz\u0131rland\u0131\u011f\u0131 ve erozyonun \u00f6nlenmesi amac\u0131yla 5 adet k\u0131y\u0131ya dik mahmuz ve suni kum besleme yap\u0131lmas\u0131 gerekti\u011fi belirlendi. \u0130HALE TAMAMLANDI Projeleri haz\u0131rlanan, 1\/1000 \u00f6l\u00e7ekli uygulama imar plan\u0131n\u0131n K\u00fclt\u00fcr ve Turizm Bakanl\u0131\u011f\u0131 taraf\u0131ndan onayland\u0131\u011f\u0131, \u00c7ED s\u00fcrecinin tamamland\u0131\u011f\u0131, \u00c7evre \u015eehircilik ve \u0130klim De\u011fi\u015fikli\u011fi Bakanl\u0131\u011f\u0131\u2019nca \u2018\u00c7ED Gerekli De\u011fildir\u2019 karar\u0131n\u0131n verildi\u011fi bildirildi. Altyap\u0131 Yat\u0131r\u0131mlar\u0131 Genel M\u00fcd\u00fcrl\u00fc\u011f\u00fc\u2019n\u00fcn 2025 yat\u0131r\u0131m program\u0131na dahil edilen projenin ihale i\u015flemleri tamamland\u0131. DEVAMI GELECEK Mahmuzlar\u0131n yap\u0131m\u0131na y\u00f6nelik daha \u00f6nce a\u00e7\u0131klamalarda bulunan Ula\u015ft\u0131rma ve Altyap\u0131 Bakanl\u0131\u011f\u0131 6. B\u00f6lge M\u00fcd\u00fcr\u00fc Serhan \u00d6zkanl\u0131, \u201cAksu \u00c7ay\u0131\u2019n\u0131n bat\u0131s\u0131nda Kundu b\u00f6lgesinde k\u0131y\u0131 erozyonu i\u00e7in analiz raporu haz\u0131rland\u0131. Burada k\u0131y\u0131ya dik 5 adet mahmuz ve suni kum beslemesinin analizi yap\u0131ld\u0131. Aksu Kundu ile ilgili ihale \u00e7al\u0131\u015fmas\u0131 yap\u0131lacak. K\u0131y\u0131daki erozyon belirgin olarak g\u00f6r\u00fcn\u00fcyor. &hellip;<\/p>","protected":false},"author":5,"featured_media":0,"comment_status":"","ping_status":"open","sticky":false,"template":"","format":"standard","meta":{"_acf_changed":false,"footnotes":""},"categories":[24],"tags":[],"class_list":["post-147686","post","type-post","status-publish","format-standard","has-post-thumbnail","hentry","category-gundem"],"acf":[],"yoast_head":"<!-- This site is optimized with the Yoast SEO Premium plugin v26.6 (Yoast SEO v27.1.1) - https:\/\/yoast.com\/product\/yoast-seo-premium-wordpress\/ -->\n<title>Antalya\u2019da deniz \u00fczeri ta\u015fla dolduruldu! \u0130lk mahmuz hayata ge\u00e7irildi - Av. Deniz Can K\u0131z\u0131l<\/title>\n<meta name=\"robots\" content=\"index, follow, max-snippet:-1, max-image-preview:large, max-video-preview:-1\" \/>\n<link rel=\"canonical\" href=\"https:\/\/denizcankizil.tr\/de\/haberler\/gundem\/antalyada-deniz-uzeri-tasla-dolduruldu-ilk-mahmuz-hayata-gecirildi\/\" \/>\n<meta property=\"og:locale\" content=\"de_DE\" \/>\n<meta property=\"og:type\" content=\"article\" \/>\n<meta property=\"og:title\" content=\"Antalya\u2019da deniz \u00fczeri ta\u015fla dolduruldu! \u0130lk mahmuz hayata ge\u00e7irildi\" \/>\n<meta property=\"og:description\" content=\"Antalya\u2019da bir s\u00fcredir kent g\u00fcndeminde yer alan mahmuzlar\u0131n yap\u0131m\u0131na ba\u015fland\u0131. Bu kapsamda ilk mahmuz Kundu\u2019da 5 y\u0131ld\u0131zl\u0131 bir otelin sahiline yap\u0131ld\u0131. Yakla\u015f\u0131k 20 metre uzunlu\u011funda denizin i\u00e7erisi ta\u015flarla dolduruldu. Daha sonra ise \u00fczerine kum d\u00f6k\u00fcld\u00fc. Mahmuzlar\u0131n k\u0131y\u0131 erozyonunu \u00f6nlemek i\u00e7in yap\u0131ld\u0131\u011f\u0131 \u00f6\u011frenildi. Mahmuzlar\u0131n yap\u0131ld\u0131\u011f\u0131 sahilde bulunan otel daha \u00f6nce sahile kadar loca yapmakla tepki \u00e7ekmi\u015fti. KUM BESLEMES\u0130 Antalya K\u00f6rfez Gazetesi muhabiri Ertu\u011frul G\u00fcn&#8217;\u00fcn haberine g\u00f6re; Aksu \u00c7ay\u0131\u2019n\u0131n bat\u0131s\u0131 Kundu b\u00f6lgesindeki turizm tesislerinin yer ald\u0131\u011f\u0131 sahilde meydana gelen k\u0131y\u0131 erozyonu i\u00e7in inceleme yap\u0131ld\u0131. Bu alanda \u201cSay\u0131sal Model Raporu\u201d haz\u0131rland\u0131\u011f\u0131 ve erozyonun \u00f6nlenmesi amac\u0131yla 5 adet k\u0131y\u0131ya dik mahmuz ve suni kum besleme yap\u0131lmas\u0131 gerekti\u011fi belirlendi. \u0130HALE TAMAMLANDI Projeleri haz\u0131rlanan, 1\/1000 \u00f6l\u00e7ekli uygulama imar plan\u0131n\u0131n K\u00fclt\u00fcr ve Turizm Bakanl\u0131\u011f\u0131 taraf\u0131ndan onayland\u0131\u011f\u0131, \u00c7ED s\u00fcrecinin tamamland\u0131\u011f\u0131, \u00c7evre \u015eehircilik ve \u0130klim De\u011fi\u015fikli\u011fi Bakanl\u0131\u011f\u0131\u2019nca \u2018\u00c7ED Gerekli De\u011fildir\u2019 karar\u0131n\u0131n verildi\u011fi bildirildi. Altyap\u0131 Yat\u0131r\u0131mlar\u0131 Genel M\u00fcd\u00fcrl\u00fc\u011f\u00fc\u2019n\u00fcn 2025 yat\u0131r\u0131m program\u0131na dahil edilen projenin ihale i\u015flemleri tamamland\u0131. DEVAMI GELECEK Mahmuzlar\u0131n yap\u0131m\u0131na y\u00f6nelik daha \u00f6nce a\u00e7\u0131klamalarda bulunan Ula\u015ft\u0131rma ve Altyap\u0131 Bakanl\u0131\u011f\u0131 6. B\u00f6lge M\u00fcd\u00fcr\u00fc Serhan \u00d6zkanl\u0131, \u201cAksu \u00c7ay\u0131\u2019n\u0131n bat\u0131s\u0131nda Kundu b\u00f6lgesinde k\u0131y\u0131 erozyonu i\u00e7in analiz raporu haz\u0131rland\u0131. Burada k\u0131y\u0131ya dik 5 adet mahmuz ve suni kum beslemesinin analizi yap\u0131ld\u0131. Aksu Kundu ile ilgili ihale \u00e7al\u0131\u015fmas\u0131 yap\u0131lacak. K\u0131y\u0131daki erozyon belirgin olarak g\u00f6r\u00fcn\u00fcyor. &hellip;\" \/>\n<meta property=\"og:url\" content=\"https:\/\/denizcankizil.tr\/de\/haberler\/gundem\/antalyada-deniz-uzeri-tasla-dolduruldu-ilk-mahmuz-hayata-gecirildi\/\" \/>\n<meta property=\"og:site_name\" content=\"Av. Deniz Can K\u0131z\u0131l\" \/>\n<meta property=\"article:published_time\" content=\"2025-07-16T07:41:48+00:00\" \/>\n<meta name=\"author\" content=\"Antalya K\u00f6rfez\" \/>\n<meta name=\"twitter:card\" content=\"summary_large_image\" \/>\n<meta name=\"twitter:label1\" content=\"Verfasst von\" \/>\n\t<meta name=\"twitter:data1\" content=\"Antalya K\u00f6rfez\" \/>\n\t<meta name=\"twitter:label2\" content=\"Gesch\u00e4tzte Lesezeit\" \/>\n\t<meta name=\"twitter:data2\" content=\"2\u00a0Minuten\" \/>\n<script type=\"application\/ld+json\" class=\"yoast-schema-graph\">{\"@context\":\"https:\/\/schema.org\",\"@graph\":[{\"@type\":\"Article\",\"@id\":\"https:\/\/denizcankizil.tr\/uk\/haberler\/gundem\/antalyada-deniz-uzeri-tasla-dolduruldu-ilk-mahmuz-hayata-gecirildi\/#article\",\"isPartOf\":{\"@id\":\"https:\/\/denizcankizil.tr\/uk\/haberler\/gundem\/antalyada-deniz-uzeri-tasla-dolduruldu-ilk-mahmuz-hayata-gecirildi\/\"},\"author\":{\"name\":\"Antalya K\u00f6rfez\",\"@id\":\"https:\/\/denizcankizil.tr\/de\/#\/schema\/person\/e1eb71bb4dd684d46563f0af307e1234\"},\"headline\":\"Antalya\u2019da deniz \u00fczeri ta\u015fla dolduruldu! \u0130lk mahmuz hayata ge\u00e7irildi\",\"datePublished\":\"2025-07-16T07:41:48+00:00\",\"mainEntityOfPage\":{\"@id\":\"https:\/\/denizcankizil.tr\/uk\/haberler\/gundem\/antalyada-deniz-uzeri-tasla-dolduruldu-ilk-mahmuz-hayata-gecirildi\/\"},\"wordCount\":436,\"publisher\":{\"@id\":\"https:\/\/denizcankizil.tr\/de\/#organization\"},\"articleSection\":[\"G\u00fcndem\"],\"inLanguage\":\"de\"},{\"@type\":\"WebPage\",\"@id\":\"https:\/\/denizcankizil.tr\/uk\/haberler\/gundem\/antalyada-deniz-uzeri-tasla-dolduruldu-ilk-mahmuz-hayata-gecirildi\/\",\"url\":\"https:\/\/denizcankizil.tr\/uk\/haberler\/gundem\/antalyada-deniz-uzeri-tasla-dolduruldu-ilk-mahmuz-hayata-gecirildi\/\",\"name\":\"Antalya\u2019da deniz \u00fczeri ta\u015fla dolduruldu! \u0130lk mahmuz hayata ge\u00e7irildi - Av. Deniz Can K\u0131z\u0131l\",\"isPartOf\":{\"@id\":\"https:\/\/denizcankizil.tr\/de\/#website\"},\"datePublished\":\"2025-07-16T07:41:48+00:00\",\"breadcrumb\":{\"@id\":\"https:\/\/denizcankizil.tr\/uk\/haberler\/gundem\/antalyada-deniz-uzeri-tasla-dolduruldu-ilk-mahmuz-hayata-gecirildi\/#breadcrumb\"},\"inLanguage\":\"de\",\"potentialAction\":[{\"@type\":\"ReadAction\",\"target\":[\"https:\/\/denizcankizil.tr\/uk\/haberler\/gundem\/antalyada-deniz-uzeri-tasla-dolduruldu-ilk-mahmuz-hayata-gecirildi\/\"]}]},{\"@type\":\"BreadcrumbList\",\"@id\":\"https:\/\/denizcankizil.tr\/uk\/haberler\/gundem\/antalyada-deniz-uzeri-tasla-dolduruldu-ilk-mahmuz-hayata-gecirildi\/#breadcrumb\",\"itemListElement\":[{\"@type\":\"ListItem\",\"position\":1,\"name\":\"Home\",\"item\":\"https:\/\/denizcankizil.tr\/de\/\"},{\"@type\":\"ListItem\",\"position\":2,\"name\":\"Antalya\u2019da deniz \u00fczeri ta\u015fla dolduruldu! \u0130lk mahmuz hayata ge\u00e7irildi\"}]},{\"@type\":\"WebSite\",\"@id\":\"https:\/\/denizcankizil.tr\/de\/#website\",\"url\":\"https:\/\/denizcankizil.tr\/de\/\",\"name\":\"Av. Deniz Can K\u0131z\u0131l\",\"description\":\"Avukat Deniz Can K\u0131z\u0131l Antalya Barosu\",\"publisher\":{\"@id\":\"https:\/\/denizcankizil.tr\/de\/#organization\"},\"potentialAction\":[{\"@type\":\"SearchAction\",\"target\":{\"@type\":\"EntryPoint\",\"urlTemplate\":\"https:\/\/denizcankizil.tr\/de\/?s={search_term_string}\"},\"query-input\":{\"@type\":\"PropertyValueSpecification\",\"valueRequired\":true,\"valueName\":\"search_term_string\"}}],\"inLanguage\":\"de\"},{\"@type\":\"Organization\",\"@id\":\"https:\/\/denizcankizil.tr\/de\/#organization\",\"name\":\"Av. Deniz Can K\u0131z\u0131l\",\"url\":\"https:\/\/denizcankizil.tr\/de\/\",\"logo\":{\"@type\":\"ImageObject\",\"inLanguage\":\"de\",\"@id\":\"https:\/\/denizcankizil.tr\/de\/#\/schema\/logo\/image\/\",\"url\":\"http:\/\/denizcankizil.tr\/wp-content\/uploads\/2024\/10\/siyah-logo-svg.svg\",\"contentUrl\":\"http:\/\/denizcankizil.tr\/wp-content\/uploads\/2024\/10\/siyah-logo-svg.svg\",\"width\":1080,\"height\":1080,\"caption\":\"Av. Deniz Can K\u0131z\u0131l\"},\"image\":{\"@id\":\"https:\/\/denizcankizil.tr\/de\/#\/schema\/logo\/image\/\"}},{\"@type\":\"Person\",\"@id\":\"https:\/\/denizcankizil.tr\/de\/#\/schema\/person\/e1eb71bb4dd684d46563f0af307e1234\",\"name\":\"Antalya K\u00f6rfez\",\"image\":{\"@type\":\"ImageObject\",\"inLanguage\":\"de\",\"@id\":\"https:\/\/denizcankizil.tr\/de\/#\/schema\/person\/image\/\",\"url\":\"https:\/\/secure.gravatar.com\/avatar\/42b01982558a48a0b501fdcab6a408d3717ea5919095ee2e67b0e521799c5905?s=96&d=mm&r=g\",\"contentUrl\":\"https:\/\/secure.gravatar.com\/avatar\/42b01982558a48a0b501fdcab6a408d3717ea5919095ee2e67b0e521799c5905?s=96&d=mm&r=g\",\"caption\":\"Antalya K\u00f6rfez\"},\"sameAs\":[\"http:\/\/www.antalyakorfez.com\"],\"url\":\"https:\/\/www.antalyakorfez.com\/antalyada-deniz-uzeri-tasla-dolduruldu-ilk-mahmuz-hayata-gecirildi\"}]}<\/script>\n<!-- \/ Yoast SEO Premium plugin. -->","yoast_head_json":{"title":"Antalya\u2019da deniz \u00fczeri ta\u015fla dolduruldu! \u0130lk mahmuz hayata ge\u00e7irildi - Av. Deniz Can K\u0131z\u0131l","robots":{"index":"index","follow":"follow","max-snippet":"max-snippet:-1","max-image-preview":"max-image-preview:large","max-video-preview":"max-video-preview:-1"},"canonical":"https:\/\/denizcankizil.tr\/de\/haberler\/gundem\/antalyada-deniz-uzeri-tasla-dolduruldu-ilk-mahmuz-hayata-gecirildi\/","og_locale":"de_DE","og_type":"article","og_title":"Antalya\u2019da deniz \u00fczeri ta\u015fla dolduruldu! \u0130lk mahmuz hayata ge\u00e7irildi","og_description":"Antalya\u2019da bir s\u00fcredir kent g\u00fcndeminde yer alan mahmuzlar\u0131n yap\u0131m\u0131na ba\u015fland\u0131. Bu kapsamda ilk mahmuz Kundu\u2019da 5 y\u0131ld\u0131zl\u0131 bir otelin sahiline yap\u0131ld\u0131. Yakla\u015f\u0131k 20 metre uzunlu\u011funda denizin i\u00e7erisi ta\u015flarla dolduruldu. Daha sonra ise \u00fczerine kum d\u00f6k\u00fcld\u00fc. Mahmuzlar\u0131n k\u0131y\u0131 erozyonunu \u00f6nlemek i\u00e7in yap\u0131ld\u0131\u011f\u0131 \u00f6\u011frenildi. Mahmuzlar\u0131n yap\u0131ld\u0131\u011f\u0131 sahilde bulunan otel daha \u00f6nce sahile kadar loca yapmakla tepki \u00e7ekmi\u015fti. KUM BESLEMES\u0130 Antalya K\u00f6rfez Gazetesi muhabiri Ertu\u011frul G\u00fcn&#8217;\u00fcn haberine g\u00f6re; Aksu \u00c7ay\u0131\u2019n\u0131n bat\u0131s\u0131 Kundu b\u00f6lgesindeki turizm tesislerinin yer ald\u0131\u011f\u0131 sahilde meydana gelen k\u0131y\u0131 erozyonu i\u00e7in inceleme yap\u0131ld\u0131. Bu alanda \u201cSay\u0131sal Model Raporu\u201d haz\u0131rland\u0131\u011f\u0131 ve erozyonun \u00f6nlenmesi amac\u0131yla 5 adet k\u0131y\u0131ya dik mahmuz ve suni kum besleme yap\u0131lmas\u0131 gerekti\u011fi belirlendi. \u0130HALE TAMAMLANDI Projeleri haz\u0131rlanan, 1\/1000 \u00f6l\u00e7ekli uygulama imar plan\u0131n\u0131n K\u00fclt\u00fcr ve Turizm Bakanl\u0131\u011f\u0131 taraf\u0131ndan onayland\u0131\u011f\u0131, \u00c7ED s\u00fcrecinin tamamland\u0131\u011f\u0131, \u00c7evre \u015eehircilik ve \u0130klim De\u011fi\u015fikli\u011fi Bakanl\u0131\u011f\u0131\u2019nca \u2018\u00c7ED Gerekli De\u011fildir\u2019 karar\u0131n\u0131n verildi\u011fi bildirildi. Altyap\u0131 Yat\u0131r\u0131mlar\u0131 Genel M\u00fcd\u00fcrl\u00fc\u011f\u00fc\u2019n\u00fcn 2025 yat\u0131r\u0131m program\u0131na dahil edilen projenin ihale i\u015flemleri tamamland\u0131. DEVAMI GELECEK Mahmuzlar\u0131n yap\u0131m\u0131na y\u00f6nelik daha \u00f6nce a\u00e7\u0131klamalarda bulunan Ula\u015ft\u0131rma ve Altyap\u0131 Bakanl\u0131\u011f\u0131 6. B\u00f6lge M\u00fcd\u00fcr\u00fc Serhan \u00d6zkanl\u0131, \u201cAksu \u00c7ay\u0131\u2019n\u0131n bat\u0131s\u0131nda Kundu b\u00f6lgesinde k\u0131y\u0131 erozyonu i\u00e7in analiz raporu haz\u0131rland\u0131. Burada k\u0131y\u0131ya dik 5 adet mahmuz ve suni kum beslemesinin analizi yap\u0131ld\u0131. Aksu Kundu ile ilgili ihale \u00e7al\u0131\u015fmas\u0131 yap\u0131lacak. K\u0131y\u0131daki erozyon belirgin olarak g\u00f6r\u00fcn\u00fcyor. &hellip;","og_url":"https:\/\/denizcankizil.tr\/de\/haberler\/gundem\/antalyada-deniz-uzeri-tasla-dolduruldu-ilk-mahmuz-hayata-gecirildi\/","og_site_name":"Av. Deniz Can K\u0131z\u0131l","article_published_time":"2025-07-16T07:41:48+00:00","author":"Antalya K\u00f6rfez","twitter_card":"summary_large_image","twitter_misc":{"Verfasst von":"Antalya K\u00f6rfez","Gesch\u00e4tzte Lesezeit":"2\u00a0Minuten"},"schema":{"@context":"https:\/\/schema.org","@graph":[{"@type":"Article","@id":"https:\/\/denizcankizil.tr\/uk\/haberler\/gundem\/antalyada-deniz-uzeri-tasla-dolduruldu-ilk-mahmuz-hayata-gecirildi\/#article","isPartOf":{"@id":"https:\/\/denizcankizil.tr\/uk\/haberler\/gundem\/antalyada-deniz-uzeri-tasla-dolduruldu-ilk-mahmuz-hayata-gecirildi\/"},"author":{"name":"Antalya K\u00f6rfez","@id":"https:\/\/denizcankizil.tr\/de\/#\/schema\/person\/e1eb71bb4dd684d46563f0af307e1234"},"headline":"Antalya\u2019da deniz \u00fczeri ta\u015fla dolduruldu! \u0130lk mahmuz hayata ge\u00e7irildi","datePublished":"2025-07-16T07:41:48+00:00","mainEntityOfPage":{"@id":"https:\/\/denizcankizil.tr\/uk\/haberler\/gundem\/antalyada-deniz-uzeri-tasla-dolduruldu-ilk-mahmuz-hayata-gecirildi\/"},"wordCount":436,"publisher":{"@id":"https:\/\/denizcankizil.tr\/de\/#organization"},"articleSection":["G\u00fcndem"],"inLanguage":"de"},{"@type":"WebPage","@id":"https:\/\/denizcankizil.tr\/uk\/haberler\/gundem\/antalyada-deniz-uzeri-tasla-dolduruldu-ilk-mahmuz-hayata-gecirildi\/","url":"https:\/\/denizcankizil.tr\/uk\/haberler\/gundem\/antalyada-deniz-uzeri-tasla-dolduruldu-ilk-mahmuz-hayata-gecirildi\/","name":"Antalya\u2019da deniz \u00fczeri ta\u015fla dolduruldu! \u0130lk mahmuz hayata ge\u00e7irildi - Av. Deniz Can K\u0131z\u0131l","isPartOf":{"@id":"https:\/\/denizcankizil.tr\/de\/#website"},"datePublished":"2025-07-16T07:41:48+00:00","breadcrumb":{"@id":"https:\/\/denizcankizil.tr\/uk\/haberler\/gundem\/antalyada-deniz-uzeri-tasla-dolduruldu-ilk-mahmuz-hayata-gecirildi\/#breadcrumb"},"inLanguage":"de","potentialAction":[{"@type":"ReadAction","target":["https:\/\/denizcankizil.tr\/uk\/haberler\/gundem\/antalyada-deniz-uzeri-tasla-dolduruldu-ilk-mahmuz-hayata-gecirildi\/"]}]},{"@type":"BreadcrumbList","@id":"https:\/\/denizcankizil.tr\/uk\/haberler\/gundem\/antalyada-deniz-uzeri-tasla-dolduruldu-ilk-mahmuz-hayata-gecirildi\/#breadcrumb","itemListElement":[{"@type":"ListItem","position":1,"name":"Home","item":"https:\/\/denizcankizil.tr\/de\/"},{"@type":"ListItem","position":2,"name":"Antalya\u2019da deniz \u00fczeri ta\u015fla dolduruldu! \u0130lk mahmuz hayata ge\u00e7irildi"}]},{"@type":"WebSite","@id":"https:\/\/denizcankizil.tr\/de\/#website","url":"https:\/\/denizcankizil.tr\/de\/","name":"Av. Deniz Can K\u0131z\u0131l","description":"Avukat Deniz Can K\u0131z\u0131l Antalya Barosu","publisher":{"@id":"https:\/\/denizcankizil.tr\/de\/#organization"},"potentialAction":[{"@type":"SearchAction","target":{"@type":"EntryPoint","urlTemplate":"https:\/\/denizcankizil.tr\/de\/?s={search_term_string}"},"query-input":{"@type":"PropertyValueSpecification","valueRequired":true,"valueName":"search_term_string"}}],"inLanguage":"de"},{"@type":"Organization","@id":"https:\/\/denizcankizil.tr\/de\/#organization","name":"Av. Deniz Can K\u0131z\u0131l","url":"https:\/\/denizcankizil.tr\/de\/","logo":{"@type":"ImageObject","inLanguage":"de","@id":"https:\/\/denizcankizil.tr\/de\/#\/schema\/logo\/image\/","url":"http:\/\/denizcankizil.tr\/wp-content\/uploads\/2024\/10\/siyah-logo-svg.svg","contentUrl":"http:\/\/denizcankizil.tr\/wp-content\/uploads\/2024\/10\/siyah-logo-svg.svg","width":1080,"height":1080,"caption":"Av. Deniz Can K\u0131z\u0131l"},"image":{"@id":"https:\/\/denizcankizil.tr\/de\/#\/schema\/logo\/image\/"}},{"@type":"Person","@id":"https:\/\/denizcankizil.tr\/de\/#\/schema\/person\/e1eb71bb4dd684d46563f0af307e1234","name":"Antalya K\u00f6rfez","image":{"@type":"ImageObject","inLanguage":"de","@id":"https:\/\/denizcankizil.tr\/de\/#\/schema\/person\/image\/","url":"https:\/\/secure.gravatar.com\/avatar\/42b01982558a48a0b501fdcab6a408d3717ea5919095ee2e67b0e521799c5905?s=96&d=mm&r=g","contentUrl":"https:\/\/secure.gravatar.com\/avatar\/42b01982558a48a0b501fdcab6a408d3717ea5919095ee2e67b0e521799c5905?s=96&d=mm&r=g","caption":"Antalya K\u00f6rfez"},"sameAs":["http:\/\/www.antalyakorfez.com"],"url":"https:\/\/www.antalyakorfez.com\/antalyada-deniz-uzeri-tasla-dolduruldu-ilk-mahmuz-hayata-gecirildi"}]}},"_links":{"self":[{"href":"http:\/\/denizcankizil.tr\/de\/wp-json\/wp\/v2\/posts\/147686","targetHints":{"allow":["GET"]}}],"collection":[{"href":"http:\/\/denizcankizil.tr\/de\/wp-json\/wp\/v2\/posts"}],"about":[{"href":"http:\/\/denizcankizil.tr\/de\/wp-json\/wp\/v2\/types\/post"}],"author":[{"embeddable":true,"href":"http:\/\/denizcankizil.tr\/de\/wp-json\/wp\/v2\/users\/5"}],"replies":[{"embeddable":true,"href":"http:\/\/denizcankizil.tr\/de\/wp-json\/wp\/v2\/comments?post=147686"}],"version-history":[{"count":0,"href":"http:\/\/denizcankizil.tr\/de\/wp-json\/wp\/v2\/posts\/147686\/revisions"}],"wp:attachment":[{"href":"http:\/\/denizcankizil.tr\/de\/wp-json\/wp\/v2\/media?parent=147686"}],"wp:term":[{"taxonomy":"category","embeddable":true,"href":"http:\/\/denizcankizil.tr\/de\/wp-json\/wp\/v2\/categories?post=147686"},{"taxonomy":"post_tag","embeddable":true,"href":"http:\/\/denizcankizil.tr\/de\/wp-json\/wp\/v2\/tags?post=147686"}],"curies":[{"name":"wp","href":"https:\/\/api.w.org\/{rel}","templated":true}]}}