{"id":147639,"date":"2025-07-16T09:41:27","date_gmt":"2025-07-16T06:41:27","guid":{"rendered":"https:\/\/denizcankizil.tr\/uncategorized-tr\/oyuncu-cem-uzumoglunun-da-oldugu-boykot-cagrisi-sorusturmasinda-istenen-cezalar-belli-oldu\/"},"modified":"2025-07-16T09:41:27","modified_gmt":"2025-07-16T06:41:27","slug":"oyuncu-cem-uzumoglunun-da-oldugu-boykot-cagrisi-sorusturmasinda-istenen-cezalar-belli-oldu","status":"publish","type":"post","link":"http:\/\/denizcankizil.tr\/de\/haberler\/gundem\/oyuncu-cem-uzumoglunun-da-oldugu-boykot-cagrisi-sorusturmasinda-istenen-cezalar-belli-oldu\/","title":{"rendered":"Oyuncu Cem \u00dcz\u00fcmo\u011flu&#8217;nun da oldu\u011fu &#8216;boykot \u00e7a\u011fr\u0131s\u0131&#8217; soru\u015fturmas\u0131nda istenen cezalar belli oldu"},"content":{"rendered":"<p>Oyuncu Cem Yi\u011fit \u00dcz\u00fcmo\u011flu&#8217;nun da aras\u0131nda bulundu\u011fu 21 \u015f\u00fcphelinin sosyal medyadan \u00fclke genelindeki t\u00fcm ticari faaliyetlerin durdurulmas\u0131na ili\u015fkin \u2018boykot&#8217; \u00e7a\u011fr\u0131lar\u0131 yapmas\u0131na y\u00f6nelik y\u00fcr\u00fct\u00fclen soru\u015fturma tamamland\u0131. Haz\u0131rlanan iddianamede, \u015f\u00fcphelilerin ayr\u0131 ayr\u0131 7 y\u0131l 6 aya kadar hapis cezas\u0131na \u00e7arpt\u0131r\u0131lmas\u0131 talep edildi. \u015e\u00fcpheli \u00dcz\u00fcmo\u011flu&#8217;nun cep telefonu incelemesinde ise \u2018Te\u015fkilat setinin nerede oldu\u011funu \u00f6\u011freniyorum, basal\u0131m m\u0131?&#8217; ve \u2018Set durdural\u0131m&#8217; gibi mesajlar payla\u015ft\u0131\u011f\u0131n\u0131n g\u00f6r\u00fcld\u00fc\u011f\u00fc aktar\u0131ld\u0131.<\/p>\n<p>BOYKOT SORU\u015eTURMASI TAMAMLANDI <\/p>\n<p>Oyuncu Cem Yi\u011fit \u00dcz\u00fcmo\u011flu da dahil 21 \u015f\u00fcphelinin 2 Nisan&#8217;da sosyal medyadan \u00fclke genelindeki t\u00fcm ticari faaliyetlerin durdurulmas\u0131na ili\u015fkin \u2018boykot&#8217; \u00e7a\u011fr\u0131lar\u0131 yapmas\u0131na y\u00f6nelik y\u00fcr\u00fct\u00fclen soru\u015fturma tamamland\u0131. \u0130stanbul Cumhuriyet Ba\u015fsavc\u0131l\u0131\u011f\u0131&#8217;nca haz\u0131rlanan iddianamede, 21 ki\u015fi \u2018\u015f\u00fcpheli&#8217; s\u0131fat\u0131yla yer ald\u0131. Haz\u0131rlanan iddianamede, \u0130stanbul B\u00fcy\u00fck\u015fehir Belediyesi ve baz\u0131 il\u00e7e belediyelerine y\u00f6nelik y\u00fcr\u00fct\u00fclen soru\u015fturmalarla ilgili olarak sosyal medyada boykot \u00e7a\u011fr\u0131lar\u0131n\u0131n yap\u0131ld\u0131\u011f\u0131n\u0131n ve \u00fclke genelinde t\u00fcm ticari faaliyetlerin durdurulmas\u0131na y\u00f6nelik payla\u015f\u0131mlar yap\u0131ld\u0131\u011f\u0131n\u0131n tespit edilmesi \u00fczerine soru\u015fturmaya ba\u015fland\u0131\u011f\u0131 anlat\u0131ld\u0131. \u015e\u00fcpheliler taraf\u0131ndan yap\u0131lan boykot temal\u0131 payla\u015f\u0131mlar\u0131n toplumun i\u00e7inde bulundu\u011fu birlik ve beraberlik i\u00e7eren ortak de\u011ferlerin hilaf\u0131na, halk\u0131n sosyal s\u0131n\u0131f bak\u0131m\u0131ndan farkl\u0131 \u00f6zelliklere sahip bir kesiminin di\u011fer bir kesimi aleyhine kin ve d\u00fc\u015fmanl\u0131\u011fa alenen tahrik edilmesine sebebiyet verdi\u011finin aktar\u0131ld\u0131\u011f\u0131 iddianamede, sarf edilen s\u00f6zlerin toplumun geli\u015fmesine katk\u0131 sa\u011flamaktan uzak, ayr\u0131\u015ft\u0131r\u0131c\u0131 ve nefrete y\u00f6nlendirici nitelikte oldu\u011fu, kamu g\u00fcvenli\u011fini bozma a\u00e7\u0131s\u0131ndan a\u00e7\u0131k, yak\u0131n bir tehlike olu\u015fturdu\u011fu kaydedildi.<\/p>\n<p>MESAJLARINA ULA\u015eILDI<\/p>\n<p>\u015e\u00fcpheli Cem Yi\u011fit \u00dcz\u00fcmo\u011flu&#8217;nun cep telefonu incelemesine yer verilen iddianamede, \u00dcz\u00fcmo\u011flu&#8217;nun \u00e7ok say\u0131da kat\u0131l\u0131mc\u0131n\u0131n bulundu\u011fu \u2018Oyuncular sendikas\u0131&#8217; isimli mesajla\u015fma grubunda &#8220;Te\u015fkilat setinin nerede oldu\u011funu \u00f6\u011freniyorum, basal\u0131m m\u0131?&#8217;, \u2018Set durdural\u0131m&#8217;, \u2018Ben bug\u00fcn lokasyonlar\u0131n\u0131 \u00f6\u011frendim set basmak i\u00e7in&#8217; \u015feklinde mesajlar payla\u015ft\u0131\u011f\u0131n\u0131n g\u00f6r\u00fcld\u00fc\u011f\u00fc aktar\u0131ld\u0131. Ayr\u0131ca mesajlar\u0131n TRT&#8217;de yay\u0131nlanan Te\u015fkilat isimli dizideki bir oyuncunun i\u015f akdinin feshedilmesinden hemen sonra payla\u015f\u0131ld\u0131\u011f\u0131, bu do\u011frultuda \u015f\u00fcpheli \u00dcz\u00fcmo\u011flu&#8217;nun ayr\u0131\u015ft\u0131r\u0131c\u0131 ve \u015fiddetli nefrete y\u00f6nlendirici nitelikte eylemler sergiledi\u011fi belirtildi.<\/p>\n<p>Haz\u0131rlanan iddianamede, \u015f\u00fcphelilerin 2 Nisan&#8217;da yapm\u0131\u015f olduklar\u0131 t\u00fcm t\u00fcketimin durdurulmas\u0131na, \u00fclke genelinde boykot yap\u0131lmas\u0131na, t\u00fcm i\u015fletmelerin kapat\u0131lmas\u0131na, t\u00fcm ticari faaliyetlerin durdurulmas\u0131na y\u00f6nelik payla\u015f\u0131mlarla ola\u011fan bir ekonomik etkinlikte bulunmas\u0131n\u0131 engelleme kast\u0131yla hareket ettikleri, \u015f\u00fcphelilerin siyasi ve sosyal sebeplere dayanarak \u00fclke ekonomisinin sekteye u\u011framas\u0131n\u0131 ama\u00e7lad\u0131klar\u0131, nefret amac\u0131yla hareket ettikleri kaydedildi.<\/p>\n<p>21 \u015e\u00dcPHEL\u0130 HAKKINDA 2 YILDAN 7 YILA KADAR HAP\u0130S CEZASI \u0130STEND\u0130 <\/p>\n<p>Haz\u0131rlanan iddianamede \u015f\u00fcpheliler Cem Yi\u011fit \u00dcz\u00fcmo\u011flu, Asl\u0131 Yirsutimur, Bekir Aslan, Berna G\u00fcneri Kutlu, Bur\u00e7in Erol, Buse Vatansever, Ceren \u00d6rnek, Damla K\u0131rali, Deniz Bulutsuz, Mehmet Erdem Cevahirefendio\u011flu, Muhammet Enes \u00d6zel, \u00d6mer \u00c7ift\u00e7i, Seren Ayd\u0131n, Serta\u00e7 Do\u011fanay, Seyda Murat Germen, \u015eenay A\u011fgez, Tunahan Mert Topuz, U\u011fur Yang\u0131n, Yeliz A\u011fdemir, Zeynep Ocak ve Zeynep Sena Altan&#8217;\u0131n \u2018ki\u015filer aras\u0131nda ayr\u0131mc\u0131l\u0131k yaparak bir ki\u015finin ola\u011fan bir ekonomik etkinlikte bulunmas\u0131n\u0131 engelleme&#8217; ve \u2018bas\u0131n ve yay\u0131n yoluyla halk\u0131 kin ve d\u00fc\u015fmanl\u0131\u011fa alenen tahrik etme&#8217; su\u00e7lar\u0131ndan toplamda ayr\u0131 ayr\u0131 2 y\u0131l 6 aydan 7 y\u0131l 6 aya kadar hapis cezas\u0131na \u00e7arpt\u0131r\u0131lmas\u0131 talep edildi.<\/p>\n<p>\u200bCHP Genel Ba\u015fkan\u0131 \u00d6zg\u00fcr \u00d6zel&#8217;in ba\u015flatt\u0131\u011f\u0131 boykot \u00e7a\u011fr\u0131s\u0131na destek veren oyuncu Cem Yi\u011fit \u00dcz\u00fcmo\u011flu&#8217;nun da aralar\u0131nda oldu\u011fu 21 \u015f\u00fcpheli hakk\u0131nda istenen ceza belli oldu. \u0130\u015fte iddianamede yer alan ifadeler&#8230;\u00a0<\/p>\n<p>\u200bHaberin Al\u0131nt\u0131land\u0131\u011f\u0131 Kaynak: www.antalyakorfez.com<\/p>","protected":false},"excerpt":{"rendered":"<p>Oyuncu Cem Yi\u011fit \u00dcz\u00fcmo\u011flu&#8217;nun da aras\u0131nda bulundu\u011fu 21 \u015f\u00fcphelinin sosyal medyadan \u00fclke genelindeki t\u00fcm ticari faaliyetlerin durdurulmas\u0131na ili\u015fkin \u2018boykot&#8217; \u00e7a\u011fr\u0131lar\u0131 yapmas\u0131na y\u00f6nelik y\u00fcr\u00fct\u00fclen soru\u015fturma tamamland\u0131. Haz\u0131rlanan iddianamede, \u015f\u00fcphelilerin ayr\u0131 ayr\u0131 7 y\u0131l 6 aya kadar hapis cezas\u0131na \u00e7arpt\u0131r\u0131lmas\u0131 talep edildi. \u015e\u00fcpheli \u00dcz\u00fcmo\u011flu&#8217;nun cep telefonu incelemesinde ise \u2018Te\u015fkilat setinin nerede oldu\u011funu \u00f6\u011freniyorum, basal\u0131m m\u0131?&#8217; ve \u2018Set durdural\u0131m&#8217; gibi mesajlar payla\u015ft\u0131\u011f\u0131n\u0131n g\u00f6r\u00fcld\u00fc\u011f\u00fc aktar\u0131ld\u0131. BOYKOT SORU\u015eTURMASI TAMAMLANDI Oyuncu Cem Yi\u011fit \u00dcz\u00fcmo\u011flu da dahil 21 \u015f\u00fcphelinin 2 Nisan&#8217;da sosyal medyadan \u00fclke genelindeki t\u00fcm ticari faaliyetlerin durdurulmas\u0131na ili\u015fkin \u2018boykot&#8217; \u00e7a\u011fr\u0131lar\u0131 yapmas\u0131na y\u00f6nelik y\u00fcr\u00fct\u00fclen soru\u015fturma tamamland\u0131. \u0130stanbul Cumhuriyet Ba\u015fsavc\u0131l\u0131\u011f\u0131&#8217;nca haz\u0131rlanan iddianamede, 21 ki\u015fi \u2018\u015f\u00fcpheli&#8217; s\u0131fat\u0131yla yer ald\u0131. Haz\u0131rlanan iddianamede, \u0130stanbul B\u00fcy\u00fck\u015fehir Belediyesi ve baz\u0131 il\u00e7e belediyelerine y\u00f6nelik y\u00fcr\u00fct\u00fclen soru\u015fturmalarla ilgili olarak sosyal medyada boykot \u00e7a\u011fr\u0131lar\u0131n\u0131n yap\u0131ld\u0131\u011f\u0131n\u0131n ve \u00fclke genelinde t\u00fcm ticari faaliyetlerin durdurulmas\u0131na y\u00f6nelik payla\u015f\u0131mlar yap\u0131ld\u0131\u011f\u0131n\u0131n tespit edilmesi \u00fczerine soru\u015fturmaya ba\u015fland\u0131\u011f\u0131 anlat\u0131ld\u0131. \u015e\u00fcpheliler taraf\u0131ndan yap\u0131lan boykot temal\u0131 payla\u015f\u0131mlar\u0131n toplumun i\u00e7inde bulundu\u011fu birlik ve beraberlik i\u00e7eren ortak de\u011ferlerin hilaf\u0131na, halk\u0131n sosyal s\u0131n\u0131f bak\u0131m\u0131ndan farkl\u0131 \u00f6zelliklere sahip bir kesiminin di\u011fer bir kesimi aleyhine kin ve d\u00fc\u015fmanl\u0131\u011fa alenen tahrik edilmesine sebebiyet verdi\u011finin aktar\u0131ld\u0131\u011f\u0131 iddianamede, sarf edilen s\u00f6zlerin toplumun geli\u015fmesine katk\u0131 sa\u011flamaktan uzak, ayr\u0131\u015ft\u0131r\u0131c\u0131 ve nefrete y\u00f6nlendirici nitelikte oldu\u011fu, kamu g\u00fcvenli\u011fini bozma a\u00e7\u0131s\u0131ndan a\u00e7\u0131k, yak\u0131n bir tehlike olu\u015fturdu\u011fu kaydedildi. MESAJLARINA &hellip;<\/p>","protected":false},"author":5,"featured_media":0,"comment_status":"","ping_status":"open","sticky":false,"template":"","format":"standard","meta":{"_acf_changed":false,"footnotes":""},"categories":[24],"tags":[],"class_list":["post-147639","post","type-post","status-publish","format-standard","has-post-thumbnail","hentry","category-gundem"],"acf":[],"yoast_head":"<!-- This site is optimized with the Yoast SEO Premium plugin v26.6 (Yoast SEO v27.1.1) - https:\/\/yoast.com\/product\/yoast-seo-premium-wordpress\/ -->\n<title>Oyuncu Cem \u00dcz\u00fcmo\u011flu&#039;nun da oldu\u011fu &#039;boykot \u00e7a\u011fr\u0131s\u0131&#039; soru\u015fturmas\u0131nda istenen cezalar belli oldu - Av. Deniz Can K\u0131z\u0131l<\/title>\n<meta name=\"robots\" content=\"index, follow, max-snippet:-1, max-image-preview:large, max-video-preview:-1\" \/>\n<link rel=\"canonical\" href=\"http:\/\/denizcankizil.tr\/de\/haberler\/gundem\/oyuncu-cem-uzumoglunun-da-oldugu-boykot-cagrisi-sorusturmasinda-istenen-cezalar-belli-oldu\/\" \/>\n<meta property=\"og:locale\" content=\"de_DE\" \/>\n<meta property=\"og:type\" content=\"article\" \/>\n<meta property=\"og:title\" content=\"Oyuncu Cem \u00dcz\u00fcmo\u011flu&#039;nun da oldu\u011fu &#039;boykot \u00e7a\u011fr\u0131s\u0131&#039; soru\u015fturmas\u0131nda istenen cezalar belli oldu\" \/>\n<meta property=\"og:description\" content=\"Oyuncu Cem Yi\u011fit \u00dcz\u00fcmo\u011flu&#8217;nun da aras\u0131nda bulundu\u011fu 21 \u015f\u00fcphelinin sosyal medyadan \u00fclke genelindeki t\u00fcm ticari faaliyetlerin durdurulmas\u0131na ili\u015fkin \u2018boykot&#8217; \u00e7a\u011fr\u0131lar\u0131 yapmas\u0131na y\u00f6nelik y\u00fcr\u00fct\u00fclen soru\u015fturma tamamland\u0131. Haz\u0131rlanan iddianamede, \u015f\u00fcphelilerin ayr\u0131 ayr\u0131 7 y\u0131l 6 aya kadar hapis cezas\u0131na \u00e7arpt\u0131r\u0131lmas\u0131 talep edildi. \u015e\u00fcpheli \u00dcz\u00fcmo\u011flu&#8217;nun cep telefonu incelemesinde ise \u2018Te\u015fkilat setinin nerede oldu\u011funu \u00f6\u011freniyorum, basal\u0131m m\u0131?&#8217; ve \u2018Set durdural\u0131m&#8217; gibi mesajlar payla\u015ft\u0131\u011f\u0131n\u0131n g\u00f6r\u00fcld\u00fc\u011f\u00fc aktar\u0131ld\u0131. BOYKOT SORU\u015eTURMASI TAMAMLANDI Oyuncu Cem Yi\u011fit \u00dcz\u00fcmo\u011flu da dahil 21 \u015f\u00fcphelinin 2 Nisan&#8217;da sosyal medyadan \u00fclke genelindeki t\u00fcm ticari faaliyetlerin durdurulmas\u0131na ili\u015fkin \u2018boykot&#8217; \u00e7a\u011fr\u0131lar\u0131 yapmas\u0131na y\u00f6nelik y\u00fcr\u00fct\u00fclen soru\u015fturma tamamland\u0131. \u0130stanbul Cumhuriyet Ba\u015fsavc\u0131l\u0131\u011f\u0131&#8217;nca haz\u0131rlanan iddianamede, 21 ki\u015fi \u2018\u015f\u00fcpheli&#8217; s\u0131fat\u0131yla yer ald\u0131. Haz\u0131rlanan iddianamede, \u0130stanbul B\u00fcy\u00fck\u015fehir Belediyesi ve baz\u0131 il\u00e7e belediyelerine y\u00f6nelik y\u00fcr\u00fct\u00fclen soru\u015fturmalarla ilgili olarak sosyal medyada boykot \u00e7a\u011fr\u0131lar\u0131n\u0131n yap\u0131ld\u0131\u011f\u0131n\u0131n ve \u00fclke genelinde t\u00fcm ticari faaliyetlerin durdurulmas\u0131na y\u00f6nelik payla\u015f\u0131mlar yap\u0131ld\u0131\u011f\u0131n\u0131n tespit edilmesi \u00fczerine soru\u015fturmaya ba\u015fland\u0131\u011f\u0131 anlat\u0131ld\u0131. \u015e\u00fcpheliler taraf\u0131ndan yap\u0131lan boykot temal\u0131 payla\u015f\u0131mlar\u0131n toplumun i\u00e7inde bulundu\u011fu birlik ve beraberlik i\u00e7eren ortak de\u011ferlerin hilaf\u0131na, halk\u0131n sosyal s\u0131n\u0131f bak\u0131m\u0131ndan farkl\u0131 \u00f6zelliklere sahip bir kesiminin di\u011fer bir kesimi aleyhine kin ve d\u00fc\u015fmanl\u0131\u011fa alenen tahrik edilmesine sebebiyet verdi\u011finin aktar\u0131ld\u0131\u011f\u0131 iddianamede, sarf edilen s\u00f6zlerin toplumun geli\u015fmesine katk\u0131 sa\u011flamaktan uzak, ayr\u0131\u015ft\u0131r\u0131c\u0131 ve nefrete y\u00f6nlendirici nitelikte oldu\u011fu, kamu g\u00fcvenli\u011fini bozma a\u00e7\u0131s\u0131ndan a\u00e7\u0131k, yak\u0131n bir tehlike olu\u015fturdu\u011fu kaydedildi. MESAJLARINA &hellip;\" \/>\n<meta property=\"og:url\" content=\"http:\/\/denizcankizil.tr\/de\/haberler\/gundem\/oyuncu-cem-uzumoglunun-da-oldugu-boykot-cagrisi-sorusturmasinda-istenen-cezalar-belli-oldu\/\" \/>\n<meta property=\"og:site_name\" content=\"Av. Deniz Can K\u0131z\u0131l\" \/>\n<meta property=\"article:published_time\" content=\"2025-07-16T06:41:27+00:00\" \/>\n<meta name=\"author\" content=\"Antalya K\u00f6rfez\" \/>\n<meta name=\"twitter:card\" content=\"summary_large_image\" \/>\n<meta name=\"twitter:label1\" content=\"Verfasst von\" \/>\n\t<meta name=\"twitter:data1\" content=\"Antalya K\u00f6rfez\" \/>\n\t<meta name=\"twitter:label2\" content=\"Gesch\u00e4tzte Lesezeit\" \/>\n\t<meta name=\"twitter:data2\" content=\"3\u00a0Minuten\" \/>\n<script type=\"application\/ld+json\" class=\"yoast-schema-graph\">{\"@context\":\"https:\/\/schema.org\",\"@graph\":[{\"@type\":\"Article\",\"@id\":\"http:\/\/denizcankizil.tr\/de\/haberler\/gundem\/oyuncu-cem-uzumoglunun-da-oldugu-boykot-cagrisi-sorusturmasinda-istenen-cezalar-belli-oldu\/#article\",\"isPartOf\":{\"@id\":\"http:\/\/denizcankizil.tr\/de\/haberler\/gundem\/oyuncu-cem-uzumoglunun-da-oldugu-boykot-cagrisi-sorusturmasinda-istenen-cezalar-belli-oldu\/\"},\"author\":{\"name\":\"Antalya K\u00f6rfez\",\"@id\":\"https:\/\/denizcankizil.tr\/#\/schema\/person\/e1eb71bb4dd684d46563f0af307e1234\"},\"headline\":\"Oyuncu Cem \u00dcz\u00fcmo\u011flu&#8217;nun da oldu\u011fu &#8216;boykot \u00e7a\u011fr\u0131s\u0131&#8217; soru\u015fturmas\u0131nda istenen cezalar belli oldu\",\"datePublished\":\"2025-07-16T06:41:27+00:00\",\"mainEntityOfPage\":{\"@id\":\"http:\/\/denizcankizil.tr\/de\/haberler\/gundem\/oyuncu-cem-uzumoglunun-da-oldugu-boykot-cagrisi-sorusturmasinda-istenen-cezalar-belli-oldu\/\"},\"wordCount\":702,\"publisher\":{\"@id\":\"https:\/\/denizcankizil.tr\/#organization\"},\"articleSection\":[\"G\u00fcndem\"],\"inLanguage\":\"de\"},{\"@type\":\"WebPage\",\"@id\":\"http:\/\/denizcankizil.tr\/de\/haberler\/gundem\/oyuncu-cem-uzumoglunun-da-oldugu-boykot-cagrisi-sorusturmasinda-istenen-cezalar-belli-oldu\/\",\"url\":\"http:\/\/denizcankizil.tr\/de\/haberler\/gundem\/oyuncu-cem-uzumoglunun-da-oldugu-boykot-cagrisi-sorusturmasinda-istenen-cezalar-belli-oldu\/\",\"name\":\"Oyuncu Cem \u00dcz\u00fcmo\u011flu'nun da oldu\u011fu 'boykot \u00e7a\u011fr\u0131s\u0131' soru\u015fturmas\u0131nda istenen cezalar belli oldu - Av. Deniz Can K\u0131z\u0131l\",\"isPartOf\":{\"@id\":\"https:\/\/denizcankizil.tr\/#website\"},\"datePublished\":\"2025-07-16T06:41:27+00:00\",\"breadcrumb\":{\"@id\":\"http:\/\/denizcankizil.tr\/de\/haberler\/gundem\/oyuncu-cem-uzumoglunun-da-oldugu-boykot-cagrisi-sorusturmasinda-istenen-cezalar-belli-oldu\/#breadcrumb\"},\"inLanguage\":\"de\",\"potentialAction\":[{\"@type\":\"ReadAction\",\"target\":[\"http:\/\/denizcankizil.tr\/de\/haberler\/gundem\/oyuncu-cem-uzumoglunun-da-oldugu-boykot-cagrisi-sorusturmasinda-istenen-cezalar-belli-oldu\/\"]}]},{\"@type\":\"BreadcrumbList\",\"@id\":\"http:\/\/denizcankizil.tr\/de\/haberler\/gundem\/oyuncu-cem-uzumoglunun-da-oldugu-boykot-cagrisi-sorusturmasinda-istenen-cezalar-belli-oldu\/#breadcrumb\",\"itemListElement\":[{\"@type\":\"ListItem\",\"position\":1,\"name\":\"Home\",\"item\":\"https:\/\/denizcankizil.tr\/uk\/\"},{\"@type\":\"ListItem\",\"position\":2,\"name\":\"Oyuncu Cem \u00dcz\u00fcmo\u011flu&#8217;nun da oldu\u011fu &#8216;boykot \u00e7a\u011fr\u0131s\u0131&#8217; soru\u015fturmas\u0131nda istenen cezalar belli oldu\"}]},{\"@type\":\"WebSite\",\"@id\":\"https:\/\/denizcankizil.tr\/#website\",\"url\":\"https:\/\/denizcankizil.tr\/\",\"name\":\"Av. Deniz Can K\u0131z\u0131l\",\"description\":\"Avukat Deniz Can K\u0131z\u0131l Antalya Barosu\",\"publisher\":{\"@id\":\"https:\/\/denizcankizil.tr\/#organization\"},\"potentialAction\":[{\"@type\":\"SearchAction\",\"target\":{\"@type\":\"EntryPoint\",\"urlTemplate\":\"https:\/\/denizcankizil.tr\/?s={search_term_string}\"},\"query-input\":{\"@type\":\"PropertyValueSpecification\",\"valueRequired\":true,\"valueName\":\"search_term_string\"}}],\"inLanguage\":\"de\"},{\"@type\":\"Organization\",\"@id\":\"https:\/\/denizcankizil.tr\/#organization\",\"name\":\"Av. Deniz Can K\u0131z\u0131l\",\"url\":\"https:\/\/denizcankizil.tr\/\",\"logo\":{\"@type\":\"ImageObject\",\"inLanguage\":\"de\",\"@id\":\"https:\/\/denizcankizil.tr\/#\/schema\/logo\/image\/\",\"url\":\"http:\/\/denizcankizil.tr\/wp-content\/uploads\/2024\/10\/siyah-logo-svg.svg\",\"contentUrl\":\"http:\/\/denizcankizil.tr\/wp-content\/uploads\/2024\/10\/siyah-logo-svg.svg\",\"width\":1080,\"height\":1080,\"caption\":\"Av. Deniz Can K\u0131z\u0131l\"},\"image\":{\"@id\":\"https:\/\/denizcankizil.tr\/#\/schema\/logo\/image\/\"}},{\"@type\":\"Person\",\"@id\":\"https:\/\/denizcankizil.tr\/#\/schema\/person\/e1eb71bb4dd684d46563f0af307e1234\",\"name\":\"Antalya K\u00f6rfez\",\"image\":{\"@type\":\"ImageObject\",\"inLanguage\":\"de\",\"@id\":\"https:\/\/denizcankizil.tr\/#\/schema\/person\/image\/\",\"url\":\"https:\/\/secure.gravatar.com\/avatar\/42b01982558a48a0b501fdcab6a408d3717ea5919095ee2e67b0e521799c5905?s=96&d=mm&r=g\",\"contentUrl\":\"https:\/\/secure.gravatar.com\/avatar\/42b01982558a48a0b501fdcab6a408d3717ea5919095ee2e67b0e521799c5905?s=96&d=mm&r=g\",\"caption\":\"Antalya K\u00f6rfez\"},\"sameAs\":[\"http:\/\/www.antalyakorfez.com\"],\"url\":\"https:\/\/www.antalyakorfez.com\/oyuncu-cem-uzumoglunun-da-oldugu-boykot-cagrisi-sorusturmasinda-istenen-cezalar-belli-oldu\"}]}<\/script>\n<!-- \/ Yoast SEO Premium plugin. -->","yoast_head_json":{"title":"Oyuncu Cem \u00dcz\u00fcmo\u011flu'nun da oldu\u011fu 'boykot \u00e7a\u011fr\u0131s\u0131' soru\u015fturmas\u0131nda istenen cezalar belli oldu - Av. Deniz Can K\u0131z\u0131l","robots":{"index":"index","follow":"follow","max-snippet":"max-snippet:-1","max-image-preview":"max-image-preview:large","max-video-preview":"max-video-preview:-1"},"canonical":"http:\/\/denizcankizil.tr\/de\/haberler\/gundem\/oyuncu-cem-uzumoglunun-da-oldugu-boykot-cagrisi-sorusturmasinda-istenen-cezalar-belli-oldu\/","og_locale":"de_DE","og_type":"article","og_title":"Oyuncu Cem \u00dcz\u00fcmo\u011flu'nun da oldu\u011fu 'boykot \u00e7a\u011fr\u0131s\u0131' soru\u015fturmas\u0131nda istenen cezalar belli oldu","og_description":"Oyuncu Cem Yi\u011fit \u00dcz\u00fcmo\u011flu&#8217;nun da aras\u0131nda bulundu\u011fu 21 \u015f\u00fcphelinin sosyal medyadan \u00fclke genelindeki t\u00fcm ticari faaliyetlerin durdurulmas\u0131na ili\u015fkin \u2018boykot&#8217; \u00e7a\u011fr\u0131lar\u0131 yapmas\u0131na y\u00f6nelik y\u00fcr\u00fct\u00fclen soru\u015fturma tamamland\u0131. Haz\u0131rlanan iddianamede, \u015f\u00fcphelilerin ayr\u0131 ayr\u0131 7 y\u0131l 6 aya kadar hapis cezas\u0131na \u00e7arpt\u0131r\u0131lmas\u0131 talep edildi. \u015e\u00fcpheli \u00dcz\u00fcmo\u011flu&#8217;nun cep telefonu incelemesinde ise \u2018Te\u015fkilat setinin nerede oldu\u011funu \u00f6\u011freniyorum, basal\u0131m m\u0131?&#8217; ve \u2018Set durdural\u0131m&#8217; gibi mesajlar payla\u015ft\u0131\u011f\u0131n\u0131n g\u00f6r\u00fcld\u00fc\u011f\u00fc aktar\u0131ld\u0131. BOYKOT SORU\u015eTURMASI TAMAMLANDI Oyuncu Cem Yi\u011fit \u00dcz\u00fcmo\u011flu da dahil 21 \u015f\u00fcphelinin 2 Nisan&#8217;da sosyal medyadan \u00fclke genelindeki t\u00fcm ticari faaliyetlerin durdurulmas\u0131na ili\u015fkin \u2018boykot&#8217; \u00e7a\u011fr\u0131lar\u0131 yapmas\u0131na y\u00f6nelik y\u00fcr\u00fct\u00fclen soru\u015fturma tamamland\u0131. \u0130stanbul Cumhuriyet Ba\u015fsavc\u0131l\u0131\u011f\u0131&#8217;nca haz\u0131rlanan iddianamede, 21 ki\u015fi \u2018\u015f\u00fcpheli&#8217; s\u0131fat\u0131yla yer ald\u0131. Haz\u0131rlanan iddianamede, \u0130stanbul B\u00fcy\u00fck\u015fehir Belediyesi ve baz\u0131 il\u00e7e belediyelerine y\u00f6nelik y\u00fcr\u00fct\u00fclen soru\u015fturmalarla ilgili olarak sosyal medyada boykot \u00e7a\u011fr\u0131lar\u0131n\u0131n yap\u0131ld\u0131\u011f\u0131n\u0131n ve \u00fclke genelinde t\u00fcm ticari faaliyetlerin durdurulmas\u0131na y\u00f6nelik payla\u015f\u0131mlar yap\u0131ld\u0131\u011f\u0131n\u0131n tespit edilmesi \u00fczerine soru\u015fturmaya ba\u015fland\u0131\u011f\u0131 anlat\u0131ld\u0131. \u015e\u00fcpheliler taraf\u0131ndan yap\u0131lan boykot temal\u0131 payla\u015f\u0131mlar\u0131n toplumun i\u00e7inde bulundu\u011fu birlik ve beraberlik i\u00e7eren ortak de\u011ferlerin hilaf\u0131na, halk\u0131n sosyal s\u0131n\u0131f bak\u0131m\u0131ndan farkl\u0131 \u00f6zelliklere sahip bir kesiminin di\u011fer bir kesimi aleyhine kin ve d\u00fc\u015fmanl\u0131\u011fa alenen tahrik edilmesine sebebiyet verdi\u011finin aktar\u0131ld\u0131\u011f\u0131 iddianamede, sarf edilen s\u00f6zlerin toplumun geli\u015fmesine katk\u0131 sa\u011flamaktan uzak, ayr\u0131\u015ft\u0131r\u0131c\u0131 ve nefrete y\u00f6nlendirici nitelikte oldu\u011fu, kamu g\u00fcvenli\u011fini bozma a\u00e7\u0131s\u0131ndan a\u00e7\u0131k, yak\u0131n bir tehlike olu\u015fturdu\u011fu kaydedildi. MESAJLARINA &hellip;","og_url":"http:\/\/denizcankizil.tr\/de\/haberler\/gundem\/oyuncu-cem-uzumoglunun-da-oldugu-boykot-cagrisi-sorusturmasinda-istenen-cezalar-belli-oldu\/","og_site_name":"Av. Deniz Can K\u0131z\u0131l","article_published_time":"2025-07-16T06:41:27+00:00","author":"Antalya K\u00f6rfez","twitter_card":"summary_large_image","twitter_misc":{"Verfasst von":"Antalya K\u00f6rfez","Gesch\u00e4tzte Lesezeit":"3\u00a0Minuten"},"schema":{"@context":"https:\/\/schema.org","@graph":[{"@type":"Article","@id":"http:\/\/denizcankizil.tr\/de\/haberler\/gundem\/oyuncu-cem-uzumoglunun-da-oldugu-boykot-cagrisi-sorusturmasinda-istenen-cezalar-belli-oldu\/#article","isPartOf":{"@id":"http:\/\/denizcankizil.tr\/de\/haberler\/gundem\/oyuncu-cem-uzumoglunun-da-oldugu-boykot-cagrisi-sorusturmasinda-istenen-cezalar-belli-oldu\/"},"author":{"name":"Antalya K\u00f6rfez","@id":"https:\/\/denizcankizil.tr\/#\/schema\/person\/e1eb71bb4dd684d46563f0af307e1234"},"headline":"Oyuncu Cem \u00dcz\u00fcmo\u011flu&#8217;nun da oldu\u011fu &#8216;boykot \u00e7a\u011fr\u0131s\u0131&#8217; soru\u015fturmas\u0131nda istenen cezalar belli oldu","datePublished":"2025-07-16T06:41:27+00:00","mainEntityOfPage":{"@id":"http:\/\/denizcankizil.tr\/de\/haberler\/gundem\/oyuncu-cem-uzumoglunun-da-oldugu-boykot-cagrisi-sorusturmasinda-istenen-cezalar-belli-oldu\/"},"wordCount":702,"publisher":{"@id":"https:\/\/denizcankizil.tr\/#organization"},"articleSection":["G\u00fcndem"],"inLanguage":"de"},{"@type":"WebPage","@id":"http:\/\/denizcankizil.tr\/de\/haberler\/gundem\/oyuncu-cem-uzumoglunun-da-oldugu-boykot-cagrisi-sorusturmasinda-istenen-cezalar-belli-oldu\/","url":"http:\/\/denizcankizil.tr\/de\/haberler\/gundem\/oyuncu-cem-uzumoglunun-da-oldugu-boykot-cagrisi-sorusturmasinda-istenen-cezalar-belli-oldu\/","name":"Oyuncu Cem \u00dcz\u00fcmo\u011flu'nun da oldu\u011fu 'boykot \u00e7a\u011fr\u0131s\u0131' soru\u015fturmas\u0131nda istenen cezalar belli oldu - Av. Deniz Can K\u0131z\u0131l","isPartOf":{"@id":"https:\/\/denizcankizil.tr\/#website"},"datePublished":"2025-07-16T06:41:27+00:00","breadcrumb":{"@id":"http:\/\/denizcankizil.tr\/de\/haberler\/gundem\/oyuncu-cem-uzumoglunun-da-oldugu-boykot-cagrisi-sorusturmasinda-istenen-cezalar-belli-oldu\/#breadcrumb"},"inLanguage":"de","potentialAction":[{"@type":"ReadAction","target":["http:\/\/denizcankizil.tr\/de\/haberler\/gundem\/oyuncu-cem-uzumoglunun-da-oldugu-boykot-cagrisi-sorusturmasinda-istenen-cezalar-belli-oldu\/"]}]},{"@type":"BreadcrumbList","@id":"http:\/\/denizcankizil.tr\/de\/haberler\/gundem\/oyuncu-cem-uzumoglunun-da-oldugu-boykot-cagrisi-sorusturmasinda-istenen-cezalar-belli-oldu\/#breadcrumb","itemListElement":[{"@type":"ListItem","position":1,"name":"Home","item":"https:\/\/denizcankizil.tr\/uk\/"},{"@type":"ListItem","position":2,"name":"Oyuncu Cem \u00dcz\u00fcmo\u011flu&#8217;nun da oldu\u011fu &#8216;boykot \u00e7a\u011fr\u0131s\u0131&#8217; soru\u015fturmas\u0131nda istenen cezalar belli oldu"}]},{"@type":"WebSite","@id":"https:\/\/denizcankizil.tr\/#website","url":"https:\/\/denizcankizil.tr\/","name":"Av. Deniz Can K\u0131z\u0131l","description":"Avukat Deniz Can K\u0131z\u0131l Antalya Barosu","publisher":{"@id":"https:\/\/denizcankizil.tr\/#organization"},"potentialAction":[{"@type":"SearchAction","target":{"@type":"EntryPoint","urlTemplate":"https:\/\/denizcankizil.tr\/?s={search_term_string}"},"query-input":{"@type":"PropertyValueSpecification","valueRequired":true,"valueName":"search_term_string"}}],"inLanguage":"de"},{"@type":"Organization","@id":"https:\/\/denizcankizil.tr\/#organization","name":"Av. Deniz Can K\u0131z\u0131l","url":"https:\/\/denizcankizil.tr\/","logo":{"@type":"ImageObject","inLanguage":"de","@id":"https:\/\/denizcankizil.tr\/#\/schema\/logo\/image\/","url":"http:\/\/denizcankizil.tr\/wp-content\/uploads\/2024\/10\/siyah-logo-svg.svg","contentUrl":"http:\/\/denizcankizil.tr\/wp-content\/uploads\/2024\/10\/siyah-logo-svg.svg","width":1080,"height":1080,"caption":"Av. Deniz Can K\u0131z\u0131l"},"image":{"@id":"https:\/\/denizcankizil.tr\/#\/schema\/logo\/image\/"}},{"@type":"Person","@id":"https:\/\/denizcankizil.tr\/#\/schema\/person\/e1eb71bb4dd684d46563f0af307e1234","name":"Antalya K\u00f6rfez","image":{"@type":"ImageObject","inLanguage":"de","@id":"https:\/\/denizcankizil.tr\/#\/schema\/person\/image\/","url":"https:\/\/secure.gravatar.com\/avatar\/42b01982558a48a0b501fdcab6a408d3717ea5919095ee2e67b0e521799c5905?s=96&d=mm&r=g","contentUrl":"https:\/\/secure.gravatar.com\/avatar\/42b01982558a48a0b501fdcab6a408d3717ea5919095ee2e67b0e521799c5905?s=96&d=mm&r=g","caption":"Antalya K\u00f6rfez"},"sameAs":["http:\/\/www.antalyakorfez.com"],"url":"https:\/\/www.antalyakorfez.com\/oyuncu-cem-uzumoglunun-da-oldugu-boykot-cagrisi-sorusturmasinda-istenen-cezalar-belli-oldu"}]}},"_links":{"self":[{"href":"http:\/\/denizcankizil.tr\/de\/wp-json\/wp\/v2\/posts\/147639","targetHints":{"allow":["GET"]}}],"collection":[{"href":"http:\/\/denizcankizil.tr\/de\/wp-json\/wp\/v2\/posts"}],"about":[{"href":"http:\/\/denizcankizil.tr\/de\/wp-json\/wp\/v2\/types\/post"}],"author":[{"embeddable":true,"href":"http:\/\/denizcankizil.tr\/de\/wp-json\/wp\/v2\/users\/5"}],"replies":[{"embeddable":true,"href":"http:\/\/denizcankizil.tr\/de\/wp-json\/wp\/v2\/comments?post=147639"}],"version-history":[{"count":0,"href":"http:\/\/denizcankizil.tr\/de\/wp-json\/wp\/v2\/posts\/147639\/revisions"}],"wp:attachment":[{"href":"http:\/\/denizcankizil.tr\/de\/wp-json\/wp\/v2\/media?parent=147639"}],"wp:term":[{"taxonomy":"category","embeddable":true,"href":"http:\/\/denizcankizil.tr\/de\/wp-json\/wp\/v2\/categories?post=147639"},{"taxonomy":"post_tag","embeddable":true,"href":"http:\/\/denizcankizil.tr\/de\/wp-json\/wp\/v2\/tags?post=147639"}],"curies":[{"name":"wp","href":"https:\/\/api.w.org\/{rel}","templated":true}]}}