{"id":144626,"date":"2025-07-13T14:41:19","date_gmt":"2025-07-13T11:41:19","guid":{"rendered":"https:\/\/denizcankizil.tr\/uncategorized-tr\/konyaaltindan-emeklilere-yaz-duzenlemesi\/"},"modified":"2025-07-13T14:41:19","modified_gmt":"2025-07-13T11:41:19","slug":"konyaaltindan-emeklilere-yaz-duzenlemesi","status":"publish","type":"post","link":"http:\/\/denizcankizil.tr\/de\/haberler\/gundem\/konyaaltindan-emeklilere-yaz-duzenlemesi\/","title":{"rendered":"Konyaalt\u0131&#8217;ndan emeklilere yaz d\u00fczenlemesi"},"content":{"rendered":"<p>Konyaalt\u0131 Belediyesi, yaz mevsimi boyunca Emekli Kahveleri&#8217;nin hizmet saatlerinde de\u011fi\u015fikli\u011fe gitti. Belediye taraf\u0131ndan yap\u0131lan a\u00e7\u0131klamaya g\u00f6re, Emekli Kahveleri art\u0131k saat 10.00&#8217;da a\u00e7\u0131lacak, 19.00&#8217;da kapanacak. Ayr\u0131ca her pazartesi g\u00fcn\u00fc hijyen \u00e7al\u0131\u015fmalar\u0131 nedeniyle kapal\u0131 olacak.<\/p>\n<p>KONFOR VE H\u0130JYEN \u00d6NDE TUTULDU <\/p>\n<p>Konyaalt\u0131 Belediyesi sosyal medya hesaplar\u0131ndan yap\u0131lan duyuruda, yeni uygulaman\u0131n yaz s\u0131cakl\u0131klar\u0131 ve vatanda\u015flar\u0131n rahatl\u0131\u011f\u0131 g\u00f6zetilerek hayata ge\u00e7irildi\u011fi belirtildi. Duyuruda \u015fu ifadelere yer verildi:<\/p>\n<p>&#8220;Konyaalt\u0131 Belediyesi Emekli Kahvelerimiz, yaz mevsimi boyunca saat 10.00&#8217;da a\u00e7\u0131l\u0131p 19.00&#8217;da kapanacakt\u0131r. Ayr\u0131ca, ger\u00e7ekle\u015fecek rutin hijyen \u00e7al\u0131\u015fmalar\u0131m\u0131z sebebiyle her pazartesi g\u00fcn\u00fc kapal\u0131 olacakt\u0131r.&#8221;<\/p>\n<p>Yap\u0131lan d\u00fczenleme hem yaz aylar\u0131nda daha konforlu bir ortam sa\u011flanmas\u0131 hem de hijyen standartlar\u0131n\u0131n y\u00fckseltilmesi ama\u00e7lan\u0131yor.<\/p>\n<p>\u200bKonyaalt\u0131 Belediyesi, yaz mevsimi boyunca Emekli Kahveleri&#8217;nin hizmet saatlerinde de\u011fi\u015fikli\u011fe gitti. Konyaalt\u0131 Belediyesi&#8217;nin yapt\u0131\u011f\u0131 duyuruya g\u00f6re i\u015fte yeni a\u00e7\u0131l\u0131\u015f ve kapan\u0131\u015f saatleri&#8230;\u00a0<\/p>\n<p>\u200bHaberin Al\u0131nt\u0131land\u0131\u011f\u0131 Kaynak: www.antalyakorfez.com<\/p>","protected":false},"excerpt":{"rendered":"<p>Konyaalt\u0131 Belediyesi, yaz mevsimi boyunca Emekli Kahveleri&#8217;nin hizmet saatlerinde de\u011fi\u015fikli\u011fe gitti. Belediye taraf\u0131ndan yap\u0131lan a\u00e7\u0131klamaya g\u00f6re, Emekli Kahveleri art\u0131k saat 10.00&#8217;da a\u00e7\u0131lacak, 19.00&#8217;da kapanacak. Ayr\u0131ca her pazartesi g\u00fcn\u00fc hijyen \u00e7al\u0131\u015fmalar\u0131 nedeniyle kapal\u0131 olacak. KONFOR VE H\u0130JYEN \u00d6NDE TUTULDU Konyaalt\u0131 Belediyesi sosyal medya hesaplar\u0131ndan yap\u0131lan duyuruda, yeni uygulaman\u0131n yaz s\u0131cakl\u0131klar\u0131 ve vatanda\u015flar\u0131n rahatl\u0131\u011f\u0131 g\u00f6zetilerek hayata ge\u00e7irildi\u011fi belirtildi. Duyuruda \u015fu ifadelere yer verildi: &#8220;Konyaalt\u0131 Belediyesi Emekli Kahvelerimiz, yaz mevsimi boyunca saat 10.00&#8217;da a\u00e7\u0131l\u0131p 19.00&#8217;da kapanacakt\u0131r. Ayr\u0131ca, ger\u00e7ekle\u015fecek rutin hijyen \u00e7al\u0131\u015fmalar\u0131m\u0131z sebebiyle her pazartesi g\u00fcn\u00fc kapal\u0131 olacakt\u0131r.&#8221; Yap\u0131lan d\u00fczenleme hem yaz aylar\u0131nda daha konforlu bir ortam sa\u011flanmas\u0131 hem de hijyen standartlar\u0131n\u0131n y\u00fckseltilmesi ama\u00e7lan\u0131yor. \u200bKonyaalt\u0131 Belediyesi, yaz mevsimi boyunca Emekli Kahveleri&#8217;nin hizmet saatlerinde de\u011fi\u015fikli\u011fe gitti. Konyaalt\u0131 Belediyesi&#8217;nin yapt\u0131\u011f\u0131 duyuruya g\u00f6re i\u015fte yeni a\u00e7\u0131l\u0131\u015f ve kapan\u0131\u015f saatleri&#8230;\u00a0 \u200bHaberin Al\u0131nt\u0131land\u0131\u011f\u0131 Kaynak: www.antalyakorfez.com<\/p>","protected":false},"author":5,"featured_media":0,"comment_status":"","ping_status":"open","sticky":false,"template":"","format":"standard","meta":{"_acf_changed":false,"footnotes":""},"categories":[24],"tags":[],"class_list":["post-144626","post","type-post","status-publish","format-standard","has-post-thumbnail","hentry","category-gundem"],"acf":[],"yoast_head":"<!-- This site is optimized with the Yoast SEO Premium plugin v26.6 (Yoast SEO v27.1.1) - https:\/\/yoast.com\/product\/yoast-seo-premium-wordpress\/ -->\n<title>Konyaalt\u0131&#039;ndan emeklilere yaz d\u00fczenlemesi - Av. Deniz Can K\u0131z\u0131l<\/title>\n<meta name=\"robots\" content=\"index, follow, max-snippet:-1, max-image-preview:large, max-video-preview:-1\" \/>\n<link rel=\"canonical\" href=\"http:\/\/denizcankizil.tr\/de\/haberler\/gundem\/konyaaltindan-emeklilere-yaz-duzenlemesi\/\" \/>\n<meta property=\"og:locale\" content=\"de_DE\" \/>\n<meta property=\"og:type\" content=\"article\" \/>\n<meta property=\"og:title\" content=\"Konyaalt\u0131&#039;ndan emeklilere yaz d\u00fczenlemesi\" \/>\n<meta property=\"og:description\" content=\"Konyaalt\u0131 Belediyesi, yaz mevsimi boyunca Emekli Kahveleri&#8217;nin hizmet saatlerinde de\u011fi\u015fikli\u011fe gitti. Belediye taraf\u0131ndan yap\u0131lan a\u00e7\u0131klamaya g\u00f6re, Emekli Kahveleri art\u0131k saat 10.00&#8217;da a\u00e7\u0131lacak, 19.00&#8217;da kapanacak. Ayr\u0131ca her pazartesi g\u00fcn\u00fc hijyen \u00e7al\u0131\u015fmalar\u0131 nedeniyle kapal\u0131 olacak. KONFOR VE H\u0130JYEN \u00d6NDE TUTULDU Konyaalt\u0131 Belediyesi sosyal medya hesaplar\u0131ndan yap\u0131lan duyuruda, yeni uygulaman\u0131n yaz s\u0131cakl\u0131klar\u0131 ve vatanda\u015flar\u0131n rahatl\u0131\u011f\u0131 g\u00f6zetilerek hayata ge\u00e7irildi\u011fi belirtildi. Duyuruda \u015fu ifadelere yer verildi: &#8220;Konyaalt\u0131 Belediyesi Emekli Kahvelerimiz, yaz mevsimi boyunca saat 10.00&#8217;da a\u00e7\u0131l\u0131p 19.00&#8217;da kapanacakt\u0131r. Ayr\u0131ca, ger\u00e7ekle\u015fecek rutin hijyen \u00e7al\u0131\u015fmalar\u0131m\u0131z sebebiyle her pazartesi g\u00fcn\u00fc kapal\u0131 olacakt\u0131r.&#8221; Yap\u0131lan d\u00fczenleme hem yaz aylar\u0131nda daha konforlu bir ortam sa\u011flanmas\u0131 hem de hijyen standartlar\u0131n\u0131n y\u00fckseltilmesi ama\u00e7lan\u0131yor. \u200bKonyaalt\u0131 Belediyesi, yaz mevsimi boyunca Emekli Kahveleri&#8217;nin hizmet saatlerinde de\u011fi\u015fikli\u011fe gitti. Konyaalt\u0131 Belediyesi&#8217;nin yapt\u0131\u011f\u0131 duyuruya g\u00f6re i\u015fte yeni a\u00e7\u0131l\u0131\u015f ve kapan\u0131\u015f saatleri&#8230;\u00a0 \u200bHaberin Al\u0131nt\u0131land\u0131\u011f\u0131 Kaynak: www.antalyakorfez.com\" \/>\n<meta property=\"og:url\" content=\"http:\/\/denizcankizil.tr\/de\/haberler\/gundem\/konyaaltindan-emeklilere-yaz-duzenlemesi\/\" \/>\n<meta property=\"og:site_name\" content=\"Av. Deniz Can K\u0131z\u0131l\" \/>\n<meta property=\"article:published_time\" content=\"2025-07-13T11:41:19+00:00\" \/>\n<meta name=\"author\" content=\"Antalya K\u00f6rfez\" \/>\n<meta name=\"twitter:card\" content=\"summary_large_image\" \/>\n<meta name=\"twitter:label1\" content=\"Verfasst von\" \/>\n\t<meta name=\"twitter:data1\" content=\"Antalya K\u00f6rfez\" \/>\n\t<meta name=\"twitter:label2\" content=\"Gesch\u00e4tzte Lesezeit\" \/>\n\t<meta name=\"twitter:data2\" content=\"1\u00a0Minute\" \/>\n<script type=\"application\/ld+json\" class=\"yoast-schema-graph\">{\"@context\":\"https:\/\/schema.org\",\"@graph\":[{\"@type\":\"Article\",\"@id\":\"http:\/\/denizcankizil.tr\/de\/haberler\/gundem\/konyaaltindan-emeklilere-yaz-duzenlemesi\/#article\",\"isPartOf\":{\"@id\":\"http:\/\/denizcankizil.tr\/de\/haberler\/gundem\/konyaaltindan-emeklilere-yaz-duzenlemesi\/\"},\"author\":{\"name\":\"Antalya K\u00f6rfez\",\"@id\":\"https:\/\/denizcankizil.tr\/de\/#\/schema\/person\/e1eb71bb4dd684d46563f0af307e1234\"},\"headline\":\"Konyaalt\u0131&#8217;ndan emeklilere yaz d\u00fczenlemesi\",\"datePublished\":\"2025-07-13T11:41:19+00:00\",\"mainEntityOfPage\":{\"@id\":\"http:\/\/denizcankizil.tr\/de\/haberler\/gundem\/konyaaltindan-emeklilere-yaz-duzenlemesi\/\"},\"wordCount\":188,\"publisher\":{\"@id\":\"https:\/\/denizcankizil.tr\/de\/#organization\"},\"articleSection\":[\"G\u00fcndem\"],\"inLanguage\":\"de\"},{\"@type\":\"WebPage\",\"@id\":\"http:\/\/denizcankizil.tr\/de\/haberler\/gundem\/konyaaltindan-emeklilere-yaz-duzenlemesi\/\",\"url\":\"http:\/\/denizcankizil.tr\/de\/haberler\/gundem\/konyaaltindan-emeklilere-yaz-duzenlemesi\/\",\"name\":\"Konyaalt\u0131'ndan emeklilere yaz d\u00fczenlemesi - Av. Deniz Can K\u0131z\u0131l\",\"isPartOf\":{\"@id\":\"https:\/\/denizcankizil.tr\/de\/#website\"},\"datePublished\":\"2025-07-13T11:41:19+00:00\",\"breadcrumb\":{\"@id\":\"http:\/\/denizcankizil.tr\/de\/haberler\/gundem\/konyaaltindan-emeklilere-yaz-duzenlemesi\/#breadcrumb\"},\"inLanguage\":\"de\",\"potentialAction\":[{\"@type\":\"ReadAction\",\"target\":[\"http:\/\/denizcankizil.tr\/de\/haberler\/gundem\/konyaaltindan-emeklilere-yaz-duzenlemesi\/\"]}]},{\"@type\":\"BreadcrumbList\",\"@id\":\"http:\/\/denizcankizil.tr\/de\/haberler\/gundem\/konyaaltindan-emeklilere-yaz-duzenlemesi\/#breadcrumb\",\"itemListElement\":[{\"@type\":\"ListItem\",\"position\":1,\"name\":\"Home\",\"item\":\"https:\/\/denizcankizil.tr\/de\/\"},{\"@type\":\"ListItem\",\"position\":2,\"name\":\"Konyaalt\u0131&#8217;ndan emeklilere yaz d\u00fczenlemesi\"}]},{\"@type\":\"WebSite\",\"@id\":\"https:\/\/denizcankizil.tr\/de\/#website\",\"url\":\"https:\/\/denizcankizil.tr\/de\/\",\"name\":\"Av. Deniz Can K\u0131z\u0131l\",\"description\":\"Avukat Deniz Can K\u0131z\u0131l Antalya Barosu\",\"publisher\":{\"@id\":\"https:\/\/denizcankizil.tr\/de\/#organization\"},\"potentialAction\":[{\"@type\":\"SearchAction\",\"target\":{\"@type\":\"EntryPoint\",\"urlTemplate\":\"https:\/\/denizcankizil.tr\/de\/?s={search_term_string}\"},\"query-input\":{\"@type\":\"PropertyValueSpecification\",\"valueRequired\":true,\"valueName\":\"search_term_string\"}}],\"inLanguage\":\"de\"},{\"@type\":\"Organization\",\"@id\":\"https:\/\/denizcankizil.tr\/de\/#organization\",\"name\":\"Av. Deniz Can K\u0131z\u0131l\",\"url\":\"https:\/\/denizcankizil.tr\/de\/\",\"logo\":{\"@type\":\"ImageObject\",\"inLanguage\":\"de\",\"@id\":\"https:\/\/denizcankizil.tr\/de\/#\/schema\/logo\/image\/\",\"url\":\"http:\/\/denizcankizil.tr\/wp-content\/uploads\/2024\/10\/siyah-logo-svg.svg\",\"contentUrl\":\"http:\/\/denizcankizil.tr\/wp-content\/uploads\/2024\/10\/siyah-logo-svg.svg\",\"width\":1080,\"height\":1080,\"caption\":\"Av. Deniz Can K\u0131z\u0131l\"},\"image\":{\"@id\":\"https:\/\/denizcankizil.tr\/de\/#\/schema\/logo\/image\/\"}},{\"@type\":\"Person\",\"@id\":\"https:\/\/denizcankizil.tr\/de\/#\/schema\/person\/e1eb71bb4dd684d46563f0af307e1234\",\"name\":\"Antalya K\u00f6rfez\",\"image\":{\"@type\":\"ImageObject\",\"inLanguage\":\"de\",\"@id\":\"https:\/\/denizcankizil.tr\/de\/#\/schema\/person\/image\/\",\"url\":\"https:\/\/secure.gravatar.com\/avatar\/42b01982558a48a0b501fdcab6a408d3717ea5919095ee2e67b0e521799c5905?s=96&d=mm&r=g\",\"contentUrl\":\"https:\/\/secure.gravatar.com\/avatar\/42b01982558a48a0b501fdcab6a408d3717ea5919095ee2e67b0e521799c5905?s=96&d=mm&r=g\",\"caption\":\"Antalya K\u00f6rfez\"},\"sameAs\":[\"http:\/\/www.antalyakorfez.com\"],\"url\":\"https:\/\/www.antalyakorfez.com\/konyaaltindan-emeklilere-yaz-duzenlemesi\"}]}<\/script>\n<!-- \/ Yoast SEO Premium plugin. -->","yoast_head_json":{"title":"Konyaalt\u0131'ndan emeklilere yaz d\u00fczenlemesi - Av. Deniz Can K\u0131z\u0131l","robots":{"index":"index","follow":"follow","max-snippet":"max-snippet:-1","max-image-preview":"max-image-preview:large","max-video-preview":"max-video-preview:-1"},"canonical":"http:\/\/denizcankizil.tr\/de\/haberler\/gundem\/konyaaltindan-emeklilere-yaz-duzenlemesi\/","og_locale":"de_DE","og_type":"article","og_title":"Konyaalt\u0131'ndan emeklilere yaz d\u00fczenlemesi","og_description":"Konyaalt\u0131 Belediyesi, yaz mevsimi boyunca Emekli Kahveleri&#8217;nin hizmet saatlerinde de\u011fi\u015fikli\u011fe gitti. Belediye taraf\u0131ndan yap\u0131lan a\u00e7\u0131klamaya g\u00f6re, Emekli Kahveleri art\u0131k saat 10.00&#8217;da a\u00e7\u0131lacak, 19.00&#8217;da kapanacak. Ayr\u0131ca her pazartesi g\u00fcn\u00fc hijyen \u00e7al\u0131\u015fmalar\u0131 nedeniyle kapal\u0131 olacak. KONFOR VE H\u0130JYEN \u00d6NDE TUTULDU Konyaalt\u0131 Belediyesi sosyal medya hesaplar\u0131ndan yap\u0131lan duyuruda, yeni uygulaman\u0131n yaz s\u0131cakl\u0131klar\u0131 ve vatanda\u015flar\u0131n rahatl\u0131\u011f\u0131 g\u00f6zetilerek hayata ge\u00e7irildi\u011fi belirtildi. Duyuruda \u015fu ifadelere yer verildi: &#8220;Konyaalt\u0131 Belediyesi Emekli Kahvelerimiz, yaz mevsimi boyunca saat 10.00&#8217;da a\u00e7\u0131l\u0131p 19.00&#8217;da kapanacakt\u0131r. Ayr\u0131ca, ger\u00e7ekle\u015fecek rutin hijyen \u00e7al\u0131\u015fmalar\u0131m\u0131z sebebiyle her pazartesi g\u00fcn\u00fc kapal\u0131 olacakt\u0131r.&#8221; Yap\u0131lan d\u00fczenleme hem yaz aylar\u0131nda daha konforlu bir ortam sa\u011flanmas\u0131 hem de hijyen standartlar\u0131n\u0131n y\u00fckseltilmesi ama\u00e7lan\u0131yor. \u200bKonyaalt\u0131 Belediyesi, yaz mevsimi boyunca Emekli Kahveleri&#8217;nin hizmet saatlerinde de\u011fi\u015fikli\u011fe gitti. Konyaalt\u0131 Belediyesi&#8217;nin yapt\u0131\u011f\u0131 duyuruya g\u00f6re i\u015fte yeni a\u00e7\u0131l\u0131\u015f ve kapan\u0131\u015f saatleri&#8230;\u00a0 \u200bHaberin Al\u0131nt\u0131land\u0131\u011f\u0131 Kaynak: www.antalyakorfez.com","og_url":"http:\/\/denizcankizil.tr\/de\/haberler\/gundem\/konyaaltindan-emeklilere-yaz-duzenlemesi\/","og_site_name":"Av. Deniz Can K\u0131z\u0131l","article_published_time":"2025-07-13T11:41:19+00:00","author":"Antalya K\u00f6rfez","twitter_card":"summary_large_image","twitter_misc":{"Verfasst von":"Antalya K\u00f6rfez","Gesch\u00e4tzte Lesezeit":"1\u00a0Minute"},"schema":{"@context":"https:\/\/schema.org","@graph":[{"@type":"Article","@id":"http:\/\/denizcankizil.tr\/de\/haberler\/gundem\/konyaaltindan-emeklilere-yaz-duzenlemesi\/#article","isPartOf":{"@id":"http:\/\/denizcankizil.tr\/de\/haberler\/gundem\/konyaaltindan-emeklilere-yaz-duzenlemesi\/"},"author":{"name":"Antalya K\u00f6rfez","@id":"https:\/\/denizcankizil.tr\/de\/#\/schema\/person\/e1eb71bb4dd684d46563f0af307e1234"},"headline":"Konyaalt\u0131&#8217;ndan emeklilere yaz d\u00fczenlemesi","datePublished":"2025-07-13T11:41:19+00:00","mainEntityOfPage":{"@id":"http:\/\/denizcankizil.tr\/de\/haberler\/gundem\/konyaaltindan-emeklilere-yaz-duzenlemesi\/"},"wordCount":188,"publisher":{"@id":"https:\/\/denizcankizil.tr\/de\/#organization"},"articleSection":["G\u00fcndem"],"inLanguage":"de"},{"@type":"WebPage","@id":"http:\/\/denizcankizil.tr\/de\/haberler\/gundem\/konyaaltindan-emeklilere-yaz-duzenlemesi\/","url":"http:\/\/denizcankizil.tr\/de\/haberler\/gundem\/konyaaltindan-emeklilere-yaz-duzenlemesi\/","name":"Konyaalt\u0131'ndan emeklilere yaz d\u00fczenlemesi - Av. Deniz Can K\u0131z\u0131l","isPartOf":{"@id":"https:\/\/denizcankizil.tr\/de\/#website"},"datePublished":"2025-07-13T11:41:19+00:00","breadcrumb":{"@id":"http:\/\/denizcankizil.tr\/de\/haberler\/gundem\/konyaaltindan-emeklilere-yaz-duzenlemesi\/#breadcrumb"},"inLanguage":"de","potentialAction":[{"@type":"ReadAction","target":["http:\/\/denizcankizil.tr\/de\/haberler\/gundem\/konyaaltindan-emeklilere-yaz-duzenlemesi\/"]}]},{"@type":"BreadcrumbList","@id":"http:\/\/denizcankizil.tr\/de\/haberler\/gundem\/konyaaltindan-emeklilere-yaz-duzenlemesi\/#breadcrumb","itemListElement":[{"@type":"ListItem","position":1,"name":"Home","item":"https:\/\/denizcankizil.tr\/de\/"},{"@type":"ListItem","position":2,"name":"Konyaalt\u0131&#8217;ndan emeklilere yaz d\u00fczenlemesi"}]},{"@type":"WebSite","@id":"https:\/\/denizcankizil.tr\/de\/#website","url":"https:\/\/denizcankizil.tr\/de\/","name":"Av. Deniz Can K\u0131z\u0131l","description":"Avukat Deniz Can K\u0131z\u0131l Antalya Barosu","publisher":{"@id":"https:\/\/denizcankizil.tr\/de\/#organization"},"potentialAction":[{"@type":"SearchAction","target":{"@type":"EntryPoint","urlTemplate":"https:\/\/denizcankizil.tr\/de\/?s={search_term_string}"},"query-input":{"@type":"PropertyValueSpecification","valueRequired":true,"valueName":"search_term_string"}}],"inLanguage":"de"},{"@type":"Organization","@id":"https:\/\/denizcankizil.tr\/de\/#organization","name":"Av. Deniz Can K\u0131z\u0131l","url":"https:\/\/denizcankizil.tr\/de\/","logo":{"@type":"ImageObject","inLanguage":"de","@id":"https:\/\/denizcankizil.tr\/de\/#\/schema\/logo\/image\/","url":"http:\/\/denizcankizil.tr\/wp-content\/uploads\/2024\/10\/siyah-logo-svg.svg","contentUrl":"http:\/\/denizcankizil.tr\/wp-content\/uploads\/2024\/10\/siyah-logo-svg.svg","width":1080,"height":1080,"caption":"Av. Deniz Can K\u0131z\u0131l"},"image":{"@id":"https:\/\/denizcankizil.tr\/de\/#\/schema\/logo\/image\/"}},{"@type":"Person","@id":"https:\/\/denizcankizil.tr\/de\/#\/schema\/person\/e1eb71bb4dd684d46563f0af307e1234","name":"Antalya K\u00f6rfez","image":{"@type":"ImageObject","inLanguage":"de","@id":"https:\/\/denizcankizil.tr\/de\/#\/schema\/person\/image\/","url":"https:\/\/secure.gravatar.com\/avatar\/42b01982558a48a0b501fdcab6a408d3717ea5919095ee2e67b0e521799c5905?s=96&d=mm&r=g","contentUrl":"https:\/\/secure.gravatar.com\/avatar\/42b01982558a48a0b501fdcab6a408d3717ea5919095ee2e67b0e521799c5905?s=96&d=mm&r=g","caption":"Antalya K\u00f6rfez"},"sameAs":["http:\/\/www.antalyakorfez.com"],"url":"https:\/\/www.antalyakorfez.com\/konyaaltindan-emeklilere-yaz-duzenlemesi"}]}},"_links":{"self":[{"href":"http:\/\/denizcankizil.tr\/de\/wp-json\/wp\/v2\/posts\/144626","targetHints":{"allow":["GET"]}}],"collection":[{"href":"http:\/\/denizcankizil.tr\/de\/wp-json\/wp\/v2\/posts"}],"about":[{"href":"http:\/\/denizcankizil.tr\/de\/wp-json\/wp\/v2\/types\/post"}],"author":[{"embeddable":true,"href":"http:\/\/denizcankizil.tr\/de\/wp-json\/wp\/v2\/users\/5"}],"replies":[{"embeddable":true,"href":"http:\/\/denizcankizil.tr\/de\/wp-json\/wp\/v2\/comments?post=144626"}],"version-history":[{"count":0,"href":"http:\/\/denizcankizil.tr\/de\/wp-json\/wp\/v2\/posts\/144626\/revisions"}],"wp:attachment":[{"href":"http:\/\/denizcankizil.tr\/de\/wp-json\/wp\/v2\/media?parent=144626"}],"wp:term":[{"taxonomy":"category","embeddable":true,"href":"http:\/\/denizcankizil.tr\/de\/wp-json\/wp\/v2\/categories?post=144626"},{"taxonomy":"post_tag","embeddable":true,"href":"http:\/\/denizcankizil.tr\/de\/wp-json\/wp\/v2\/tags?post=144626"}],"curies":[{"name":"wp","href":"https:\/\/api.w.org\/{rel}","templated":true}]}}